{"id":69714,"date":"2025-05-08T14:47:28","date_gmt":"2025-05-08T17:47:28","guid":{"rendered":"https:\/\/noticiasribeiraopreto.com.br\/index.php\/2025\/05\/08\/theatro-pedro-ii-recebe-musical-o-rei-leao-veja-como-comprar-ingressos\/"},"modified":"2025-05-08T14:47:28","modified_gmt":"2025-05-08T17:47:28","slug":"theatro-pedro-ii-recebe-musical-o-rei-leao-veja-como-comprar-ingressos","status":"publish","type":"post","link":"https:\/\/noticiasribeiraopreto.com.br\/index.php\/2025\/05\/08\/theatro-pedro-ii-recebe-musical-o-rei-leao-veja-como-comprar-ingressos\/","title":{"rendered":"Theatro Pedro II recebe musical \u2018O Rei Le\u00e3o\u2019; veja como comprar ingressos"},"content":{"rendered":"<p> <br \/>\n<\/p>\n<div>\n<p>Neste <strong>s\u00e1bado (10)<\/strong>, o <strong>Theatro Pedro II<\/strong>, no <strong>Centro<\/strong> de <strong>Ribeir\u00e3o Preto<\/strong>, recebe \u201c<strong>O Rei Le\u00e3o \u2013 O Musical<\/strong>\u201d. A apresenta\u00e7\u00e3o est\u00e1 marcada para acontecer \u00e0s <strong>15h<\/strong> e a classifica\u00e7\u00e3o indicativa \u00e9 <strong>livre<\/strong>.<\/p>\n<p>Baseado em \u201c<strong>Hamlet<\/strong>\u201d, do dramaturgo ingl\u00eas <strong>William Shakespeare<\/strong>, o \u201c<strong>Rei Le\u00e3o \u2013 o Musical<\/strong>\u201d traz o cl\u00e1ssico que transcendeu gera\u00e7\u00f5es em um espet\u00e1culo cantado ao vivo. Al\u00e9m disso, a apresenta\u00e7\u00e3o conta com um recurso de proje\u00e7\u00e3o <strong>mapeada 3D<\/strong>, para uma imers\u00e3o completa.<\/p>\n<p>A hist\u00f3ria narra as aventuras de um le\u00e3o jovem, <strong>Simba<\/strong>, herdeiro de seu pai, <strong>Mufasa<\/strong>. Por\u00e9m, seu tio malvado, <strong>Scar<\/strong>, planeja roubar o trono de <strong>Mufasa<\/strong>, atraindo pai e filho para uma emboscada. Ap\u00f3s a morte do pai, e com a ajuda de seus amigos <strong>Tim\u00e3o<\/strong> e <strong>Pumba<\/strong>, Simba reaparece adulto para recuperar seu trono.<\/p>\n<h2 class=\"wp-block-heading\"><strong>Ingressos<\/strong><\/h2>\n<p>Os ingressos podem ser adquiridos on-line, atrav\u00e9s da plataforma <strong>Ingresso Digital <a href=\"https:\/\/ingressodigital.com\/evento\/15256\/Rei_Leo__O_Musical\">(clique aqui)<\/a><\/strong>, ou na bilheteria do <strong>Theatro Pedro II<\/strong> \u2013 <a href=\"https:\/\/www.theatropedro2.com.br\/comprar-ingresso.php\">consulte o hor\u00e1rio de funcionamento da bilheteria aqui.<\/a> Veja valores dos bilhetes:<\/p>\n<ul class=\"wp-block-list\">\n<li><strong>Plateia e frisa:<\/strong> R$ 60 (meia-entrada e clube GT) | R$ 120 (inteira)<\/li>\n<li><strong>Balc\u00e3o nobre:<\/strong> R$ 55 (meia-entrada e clube GT) | R$ 110 (inteira)<\/li>\n<li><strong>Balc\u00e3o simples:<\/strong> R$ 50 (meia-entrada e Clube GT) | R$ 100 (inteira )<\/li>\n<\/ul>\n<p>As op\u00e7\u00f5es de meia-entrada solid\u00e1ria est\u00e3o<strong> esgotadas<\/strong> em todos os setores. No site \u00e9 poss\u00edvel visualizar um <strong>mapa ilustrativo<\/strong> do local.<\/p>\n<h2 class=\"wp-block-heading\"><strong>Servi\u00e7o<\/strong><\/h2>\n<p><strong>O Rei Le\u00e3o \u2013 O Musical<\/strong><\/p>\n<p><strong>Quando: <\/strong>10 de maio, s\u00e1bado <strong><br \/>Hor\u00e1rio: <\/strong>15h<strong><br \/>Local:<\/strong> Theatro Pedro II | rua \u00c1lvares Cabral, 370 \u2013 Centro <strong><br \/>Ingressos: <\/strong>A partir de R$ 50<\/p>\n<p>SAIBA MAIS<br \/>\u2018Karat\u00ea Kid: Lendas\u2019 chega aos cinemas de Ribeir\u00e3o Preto; Confira os lan\u00e7amentos<\/p>\n<p>SAIBA MAIS<br \/>Cardeal nascido no interior de SP leva \u2018profecia\u2019 para o conclave<\/p>\n<h2 class=\"wp-block-heading\"><strong>FIQUE ON<\/strong><\/h2>\n<p>Fique ligado em tudo que acontece em Ribeir\u00e3o Preto e regi\u00e3o. Siga os perfis do<strong>\u00a0acidade on<\/strong>\u00a0no\u00a0<a href=\"https:\/\/www.instagram.com\/acidadeonribeirao\">Instagram<\/a>\u00a0e no\u00a0<a href=\"https:\/\/www.facebook.com\/acidadeonribeirao\/\">Facebook<\/a>.<\/p>\n<p>Receba not\u00edcias do\u00a0<strong>acidade on\u00a0<\/strong>no WhatsApp.<a href=\"https:\/\/chat.whatsapp.com\/BjKQZ9oJwlz8VVT50NuePq\">\u00a0Para entrar no grupo, basta clicar aqui.<\/a><\/p>\n<p>Fa\u00e7a uma den\u00fancia ou sugira uma reportagem sobre Ribeir\u00e3o Preto e regi\u00e3o pelo WhatsApp: 16 99117 7802.<\/p>\n<p>VEJA TAMB\u00c9M<br \/>Quem \u00e9 o cardeal brasileiro do interior de SP considerado favorito no conclave?<\/p>\n<p><!-- CONTENT END 1 -->\n<\/div>\n<p><script async src=\"\/\/www.instagram.com\/embed.js\"><\/script><br \/>\n<br \/><br \/>\n<br \/><a href=\"https:\/\/www.acidadeon.com\/ribeiraopreto\/lazer-e-cultura\/theatro-pedro-ii-recebe-musical-o-rei-leao-veja-como-comprar-ingressos\/\">Source link <\/a><\/p>\n","protected":false},"excerpt":{"rendered":"<p>Neste s\u00e1bado (10), o Theatro Pedro II, no Centro de Ribeir\u00e3o Preto, recebe \u201cO Rei Le\u00e3o \u2013 O Musical\u201d. A apresenta\u00e7\u00e3o est\u00e1 marcada para acontecer&#8230;<\/p>\n","protected":false},"author":1,"featured_media":69715,"comment_status":"open","ping_status":"open","sticky":false,"template":"","format":"standard","meta":{"advanced_seo_description":"","jetpack_seo_html_title":"","jetpack_seo_noindex":false,"jetpack_post_was_ever_published":false,"_jetpack_newsletter_access":"","_jetpack_dont_email_post_to_subs":false,"_jetpack_newsletter_tier_id":0,"_jetpack_memberships_contains_paywalled_content":false,"_jetpack_memberships_contains_paid_content":false,"footnotes":"","jetpack_publicize_message":"","jetpack_publicize_feature_enabled":true,"jetpack_social_post_already_shared":true,"jetpack_social_options":{"image_generator_settings":{"template":"highway","default_image_id":0,"font":"","enabled":false},"version":2}},"categories":[11],"tags":[],"class_list":["post-69714","post","type-post","status-publish","format-standard","has-post-thumbnail","hentry","category-noticias-de-ribeirao-preto-sp-e-regiao-ismael-colosi"],"jetpack_publicize_connections":[],"jetpack_featured_media_url":"https:\/\/i0.wp.com\/noticiasribeiraopreto.com.br\/wp-content\/uploads\/2025\/05\/ReiLeao-Rei-Divulgacao-03-960x600-1_2025-05-08_13-43-46.webp.webp?fit=960%2C600&ssl=1","jetpack-related-posts":[{"id":31313,"url":"https:\/\/noticiasribeiraopreto.com.br\/index.php\/2024\/01\/21\/theatro-pedro-ii-recebe-o-musical-rei-leao-in-concert-veja-como-comprar-ingressos\/","url_meta":{"origin":69714,"position":0},"title":"Theatro Pedro II recebe o musical \u2018Rei Le\u00e3o In Concert\u2019; Veja como comprar ingressos","author":"noticiasribeiraopreto.com.br","date":"21 de January de 2024","format":false,"excerpt":"O Theatro Pedro II, em Ribeir\u00e3o Preto, recebe o musical \u201cRei Le\u00e3o In Concert\u201d, no pr\u00f3ximo dia 10 de mar\u00e7o. Os ingressos para o espet\u00e1culo podem ser comprados pela internet e custam entre R$ 55 e R$ 150. O musical conta com o recurso de proje\u00e7\u00e3o mapeada 3D e os\u2026","rel":"","context":"In &quot;Not\u00edcias de Ribeir\u00e3o Preto-SP e Regi\u00e3o&quot;","block_context":{"text":"Not\u00edcias de Ribeir\u00e3o Preto-SP e Regi\u00e3o","link":"https:\/\/noticiasribeiraopreto.com.br\/index.php\/category\/noticias-de-ribeirao-preto-sp-e-regiao-ismael-colosi\/"},"img":{"alt_text":"","src":"https:\/\/i0.wp.com\/noticiasribeiraopreto.com.br\/wp-content\/uploads\/2024\/01\/reileao.jpg?fit=978%2C613&ssl=1&resize=350%2C200","width":350,"height":200,"srcset":"https:\/\/i0.wp.com\/noticiasribeiraopreto.com.br\/wp-content\/uploads\/2024\/01\/reileao.jpg?fit=978%2C613&ssl=1&resize=350%2C200 1x, https:\/\/i0.wp.com\/noticiasribeiraopreto.com.br\/wp-content\/uploads\/2024\/01\/reileao.jpg?fit=978%2C613&ssl=1&resize=525%2C300 1.5x, https:\/\/i0.wp.com\/noticiasribeiraopreto.com.br\/wp-content\/uploads\/2024\/01\/reileao.jpg?fit=978%2C613&ssl=1&resize=700%2C400 2x"},"classes":[]},{"id":56958,"url":"https:\/\/noticiasribeiraopreto.com.br\/index.php\/2024\/08\/19\/ator-do-musical-o-rei-leao-se-apresenta-no-theatro-pedro-ii-em-ribeirao-preto\/","url_meta":{"origin":69714,"position":1},"title":"Ator do musical \u2018O Rei Le\u00e3o\u2019 se apresenta no Theatro Pedro II em Ribeir\u00e3o Preto","author":"noticiasribeiraopreto.com.br","date":"19 de August de 2024","format":false,"excerpt":"O ator Tiago Barbosa, do musical \u2018O Rei Le\u00e3o\u2019, apresenta o espet\u00e1culo \u201cTiago canta Milton\u201d, no Theatro Pedro II, em Ribeir\u00e3o Preto, neste domingo (25), \u00e0s 19h. No concerto, ele revive e reinventa as can\u00e7\u00f5es apresentadas no musical \u201cClube da Esquina \u2013 Os Sonhos N\u00e3o Envelhecem\u201d.\u00a0 O repert\u00f3rio inclui cerca\u2026","rel":"","context":"In &quot;Not\u00edcias de Ribeir\u00e3o Preto-SP e Regi\u00e3o&quot;","block_context":{"text":"Not\u00edcias de Ribeir\u00e3o Preto-SP e Regi\u00e3o","link":"https:\/\/noticiasribeiraopreto.com.br\/index.php\/category\/noticias-de-ribeirao-preto-sp-e-regiao-ismael-colosi\/"},"img":{"alt_text":"","src":"https:\/\/i0.wp.com\/noticiasribeiraopreto.com.br\/wp-content\/uploads\/2024\/08\/Copia-de-Copia-de-Copia-de-TAMANHO-EXATO-PARA-FOTOS-NO-SISTEMA-NOVO-9_2024-08-19_12-05-44_jpg_2024-08-19_12-05-44.webp.webp?fit=1200%2C675&ssl=1&resize=350%2C200","width":350,"height":200,"srcset":"https:\/\/i0.wp.com\/noticiasribeiraopreto.com.br\/wp-content\/uploads\/2024\/08\/Copia-de-Copia-de-Copia-de-TAMANHO-EXATO-PARA-FOTOS-NO-SISTEMA-NOVO-9_2024-08-19_12-05-44_jpg_2024-08-19_12-05-44.webp.webp?fit=1200%2C675&ssl=1&resize=350%2C200 1x, https:\/\/i0.wp.com\/noticiasribeiraopreto.com.br\/wp-content\/uploads\/2024\/08\/Copia-de-Copia-de-Copia-de-TAMANHO-EXATO-PARA-FOTOS-NO-SISTEMA-NOVO-9_2024-08-19_12-05-44_jpg_2024-08-19_12-05-44.webp.webp?fit=1200%2C675&ssl=1&resize=525%2C300 1.5x, https:\/\/i0.wp.com\/noticiasribeiraopreto.com.br\/wp-content\/uploads\/2024\/08\/Copia-de-Copia-de-Copia-de-TAMANHO-EXATO-PARA-FOTOS-NO-SISTEMA-NOVO-9_2024-08-19_12-05-44_jpg_2024-08-19_12-05-44.webp.webp?fit=1200%2C675&ssl=1&resize=700%2C400 2x, https:\/\/i0.wp.com\/noticiasribeiraopreto.com.br\/wp-content\/uploads\/2024\/08\/Copia-de-Copia-de-Copia-de-TAMANHO-EXATO-PARA-FOTOS-NO-SISTEMA-NOVO-9_2024-08-19_12-05-44_jpg_2024-08-19_12-05-44.webp.webp?fit=1200%2C675&ssl=1&resize=1050%2C600 3x"},"classes":[]},{"id":36598,"url":"https:\/\/noticiasribeiraopreto.com.br\/index.php\/2024\/02\/10\/musical-rei-leao-estreia-no-theatro-pedro-ii\/","url_meta":{"origin":69714,"position":2},"title":"Musical Rei Le\u00e3o\u00a0estreia no Theatro Pedro II\u00a0","author":"noticiasribeiraopreto.com.br","date":"10 de February de 2024","format":false,"excerpt":"\u201cRei Le\u00e3o In Concert\u201d \u00e9 um musical encantador, baseado na obra teatral \u201cHamlet\u201d, do famoso dramaturgo ingl\u00eas William Shakespeare (1564-1616), e que ganhou uma nova adapta\u00e7\u00e3o independente criada pela mesma produtora de grandiosos espet\u00e1culos de circula\u00e7\u00e3o nacional e internacional, a BRZ Produ\u00e7\u00f5es, em parceria com a Teatro GT.\u00a0\u00a0\u00a0 \u00a0O espet\u00e1culo\u2026","rel":"","context":"In &quot;Not\u00edcias de Ribeir\u00e3o Preto-SP e Regi\u00e3o&quot;","block_context":{"text":"Not\u00edcias de Ribeir\u00e3o Preto-SP e Regi\u00e3o","link":"https:\/\/noticiasribeiraopreto.com.br\/index.php\/category\/noticias-de-ribeirao-preto-sp-e-regiao-ismael-colosi\/"},"img":{"alt_text":"","src":"https:\/\/i0.wp.com\/noticiasribeiraopreto.com.br\/wp-content\/uploads\/2024\/02\/ReiLeao-Divulgacao-03-scaled.jpg?fit=1000%2C625&ssl=1&resize=350%2C200","width":350,"height":200,"srcset":"https:\/\/i0.wp.com\/noticiasribeiraopreto.com.br\/wp-content\/uploads\/2024\/02\/ReiLeao-Divulgacao-03-scaled.jpg?fit=1000%2C625&ssl=1&resize=350%2C200 1x, https:\/\/i0.wp.com\/noticiasribeiraopreto.com.br\/wp-content\/uploads\/2024\/02\/ReiLeao-Divulgacao-03-scaled.jpg?fit=1000%2C625&ssl=1&resize=525%2C300 1.5x, https:\/\/i0.wp.com\/noticiasribeiraopreto.com.br\/wp-content\/uploads\/2024\/02\/ReiLeao-Divulgacao-03-scaled.jpg?fit=1000%2C625&ssl=1&resize=700%2C400 2x"},"classes":[]},{"id":69741,"url":"https:\/\/noticiasribeiraopreto.com.br\/index.php\/2025\/05\/08\/musical-rei-leao-volta-ao-pedro-ii\/","url_meta":{"origin":69714,"position":3},"title":"Musical \u2018Rei Le\u00e3o\u2019 volta ao Pedro II\u00a0","author":"noticiasribeiraopreto.com.br","date":"8 de May de 2025","format":false,"excerpt":"\u201cRei Le\u00e3o In Concert\u201d \u00e9 um musical encantador, baseado na obra teatral \u201cHamlet\u201d, do famoso dramaturgo ingl\u00eas William Shakespeare (1564-1616), e que ganhou uma nova adapta\u00e7\u00e3o independente criada pela mesma produtora de grandiosos espet\u00e1culos de circula\u00e7\u00e3o nacional e internacional, a BRZ Produ\u00e7\u00f5es, em parceria com a Teatro GT.\u00a0\u00a0\u00a0 O espet\u00e1culo\u2026","rel":"","context":"In &quot;Not\u00edcias de Ribeir\u00e3o Preto-SP e Regi\u00e3o&quot;","block_context":{"text":"Not\u00edcias de Ribeir\u00e3o Preto-SP e Regi\u00e3o","link":"https:\/\/noticiasribeiraopreto.com.br\/index.php\/category\/noticias-de-ribeirao-preto-sp-e-regiao-ismael-colosi\/"},"img":{"alt_text":"","src":"https:\/\/i0.wp.com\/noticiasribeiraopreto.com.br\/wp-content\/uploads\/2025\/05\/ReiLeao-Rei-Divulgacao-03.jpg?fit=1200%2C750&ssl=1&resize=350%2C200","width":350,"height":200,"srcset":"https:\/\/i0.wp.com\/noticiasribeiraopreto.com.br\/wp-content\/uploads\/2025\/05\/ReiLeao-Rei-Divulgacao-03.jpg?fit=1200%2C750&ssl=1&resize=350%2C200 1x, https:\/\/i0.wp.com\/noticiasribeiraopreto.com.br\/wp-content\/uploads\/2025\/05\/ReiLeao-Rei-Divulgacao-03.jpg?fit=1200%2C750&ssl=1&resize=525%2C300 1.5x, https:\/\/i0.wp.com\/noticiasribeiraopreto.com.br\/wp-content\/uploads\/2025\/05\/ReiLeao-Rei-Divulgacao-03.jpg?fit=1200%2C750&ssl=1&resize=700%2C400 2x, https:\/\/i0.wp.com\/noticiasribeiraopreto.com.br\/wp-content\/uploads\/2025\/05\/ReiLeao-Rei-Divulgacao-03.jpg?fit=1200%2C750&ssl=1&resize=1050%2C600 3x"},"classes":[]},{"id":62137,"url":"https:\/\/noticiasribeiraopreto.com.br\/index.php\/2025\/01\/04\/ferias-confira-opcoes-de-filmes-em-cartaz-nos-cinemas-de-ribeirao-preto\/","url_meta":{"origin":69714,"position":4},"title":"F\u00e9rias: Confira op\u00e7\u00f5es de filmes em cartaz nos cinemas de Ribeir\u00e3o Preto","author":"noticiasribeiraopreto.com.br","date":"4 de January de 2025","format":false,"excerpt":"Durante as f\u00e9rias, os cinemas de Ribeir\u00e3o Preto oferecem uma programa\u00e7\u00e3o diversificada para todos os gostos. Al\u00e9m disso, as recentes estreias nos servi\u00e7os de streaming tamb\u00e9m garantem boas op\u00e7\u00f5es de longas e s\u00e9ries. Cinemas Ribeir\u00e3o Preto conta com quatro cinemas espalhados pela cidade, sendo o Cinemark, no Novo Shopping, duas\u2026","rel":"","context":"In &quot;Not\u00edcias de Ribeir\u00e3o Preto-SP e Regi\u00e3o&quot;","block_context":{"text":"Not\u00edcias de Ribeir\u00e3o Preto-SP e Regi\u00e3o","link":"https:\/\/noticiasribeiraopreto.com.br\/index.php\/category\/noticias-de-ribeirao-preto-sp-e-regiao-ismael-colosi\/"},"img":{"alt_text":"","src":"https:\/\/i0.wp.com\/noticiasribeiraopreto.com.br\/wp-content\/uploads\/2024\/09\/pexels-tima-miroshnichenko-7991158_2024-09-09_14-25-55.webp.webp?fit=888%2C592&ssl=1&resize=350%2C200","width":350,"height":200,"srcset":"https:\/\/i0.wp.com\/noticiasribeiraopreto.com.br\/wp-content\/uploads\/2024\/09\/pexels-tima-miroshnichenko-7991158_2024-09-09_14-25-55.webp.webp?fit=888%2C592&ssl=1&resize=350%2C200 1x, https:\/\/i0.wp.com\/noticiasribeiraopreto.com.br\/wp-content\/uploads\/2024\/09\/pexels-tima-miroshnichenko-7991158_2024-09-09_14-25-55.webp.webp?fit=888%2C592&ssl=1&resize=525%2C300 1.5x, https:\/\/i0.wp.com\/noticiasribeiraopreto.com.br\/wp-content\/uploads\/2024\/09\/pexels-tima-miroshnichenko-7991158_2024-09-09_14-25-55.webp.webp?fit=888%2C592&ssl=1&resize=700%2C400 2x"},"classes":[]},{"id":84264,"url":"https:\/\/noticiasribeiraopreto.com.br\/index.php\/2026\/04\/06\/ribeirao-preto-e-regiao-recebem-sessoes-de-cinema-com-entrada-e-pipoca-gratuitas\/","url_meta":{"origin":69714,"position":5},"title":"Ribeir\u00e3o Preto e regi\u00e3o recebem sess\u00f5es de cinema com entrada e pipoca gratuitas","author":"noticiasribeiraopreto.com.br","date":"6 de April de 2026","format":false,"excerpt":"Ler o resumo da not\u00edcia Ribeir\u00e3o Preto e regi\u00e3o recebem sess\u00f5es de cinema com entrada e pipoca gratuitas O CineSolar, o primeiro cinema itinerante movido a energia solar do Brasil, chega a regi\u00e3o de Ribeir\u00e3o Preto nesta semana. Com acesso gratuito e livre para todas as idades, ser\u00e3o exibidos curtas-metragens\u2026","rel":"","context":"In &quot;Not\u00edcias de Ribeir\u00e3o Preto-SP e Regi\u00e3o&quot;","block_context":{"text":"Not\u00edcias de Ribeir\u00e3o Preto-SP e Regi\u00e3o","link":"https:\/\/noticiasribeiraopreto.com.br\/index.php\/category\/noticias-de-ribeirao-preto-sp-e-regiao-ismael-colosi\/"},"img":{"alt_text":"","src":"https:\/\/i0.wp.com\/noticiasribeiraopreto.com.br\/wp-content\/uploads\/2026\/04\/cinesolar_2026-04-06_15-10-20.webp.webp?fit=1200%2C800&ssl=1&resize=350%2C200","width":350,"height":200,"srcset":"https:\/\/i0.wp.com\/noticiasribeiraopreto.com.br\/wp-content\/uploads\/2026\/04\/cinesolar_2026-04-06_15-10-20.webp.webp?fit=1200%2C800&ssl=1&resize=350%2C200 1x, https:\/\/i0.wp.com\/noticiasribeiraopreto.com.br\/wp-content\/uploads\/2026\/04\/cinesolar_2026-04-06_15-10-20.webp.webp?fit=1200%2C800&ssl=1&resize=525%2C300 1.5x, https:\/\/i0.wp.com\/noticiasribeiraopreto.com.br\/wp-content\/uploads\/2026\/04\/cinesolar_2026-04-06_15-10-20.webp.webp?fit=1200%2C800&ssl=1&resize=700%2C400 2x, https:\/\/i0.wp.com\/noticiasribeiraopreto.com.br\/wp-content\/uploads\/2026\/04\/cinesolar_2026-04-06_15-10-20.webp.webp?fit=1200%2C800&ssl=1&resize=1050%2C600 3x"},"classes":[]}],"jetpack_sharing_enabled":true,"jetpack_shortlink":"https:\/\/wp.me\/peQAOb-i8q","_links":{"self":[{"href":"https:\/\/noticiasribeiraopreto.com.br\/index.php\/wp-json\/wp\/v2\/posts\/69714","targetHints":{"allow":["GET"]}}],"collection":[{"href":"https:\/\/noticiasribeiraopreto.com.br\/index.php\/wp-json\/wp\/v2\/posts"}],"about":[{"href":"https:\/\/noticiasribeiraopreto.com.br\/index.php\/wp-json\/wp\/v2\/types\/post"}],"author":[{"embeddable":true,"href":"https:\/\/noticiasribeiraopreto.com.br\/index.php\/wp-json\/wp\/v2\/users\/1"}],"replies":[{"embeddable":true,"href":"https:\/\/noticiasribeiraopreto.com.br\/index.php\/wp-json\/wp\/v2\/comments?post=69714"}],"version-history":[{"count":0,"href":"https:\/\/noticiasribeiraopreto.com.br\/index.php\/wp-json\/wp\/v2\/posts\/69714\/revisions"}],"wp:featuredmedia":[{"embeddable":true,"href":"https:\/\/noticiasribeiraopreto.com.br\/index.php\/wp-json\/wp\/v2\/media\/69715"}],"wp:attachment":[{"href":"https:\/\/noticiasribeiraopreto.com.br\/index.php\/wp-json\/wp\/v2\/media?parent=69714"}],"wp:term":[{"taxonomy":"category","embeddable":true,"href":"https:\/\/noticiasribeiraopreto.com.br\/index.php\/wp-json\/wp\/v2\/categories?post=69714"},{"taxonomy":"post_tag","embeddable":true,"href":"https:\/\/noticiasribeiraopreto.com.br\/index.php\/wp-json\/wp\/v2\/tags?post=69714"}],"curies":[{"name":"wp","href":"https:\/\/api.w.org\/{rel}","templated":true}]}}