{"id":69716,"date":"2025-05-08T14:55:52","date_gmt":"2025-05-08T17:55:52","guid":{"rendered":"https:\/\/noticiasribeiraopreto.com.br\/index.php\/2025\/05\/08\/ao-vivo-acompanhe-a-escolha-do-novo-papa-no-conclave-2025\/"},"modified":"2025-05-08T14:55:52","modified_gmt":"2025-05-08T17:55:52","slug":"ao-vivo-acompanhe-a-escolha-do-novo-papa-no-conclave-2025","status":"publish","type":"post","link":"https:\/\/noticiasribeiraopreto.com.br\/index.php\/2025\/05\/08\/ao-vivo-acompanhe-a-escolha-do-novo-papa-no-conclave-2025\/","title":{"rendered":"AO VIVO: Acompanhe a escolha do novo papa no conclave 2025"},"content":{"rendered":"<p> <br \/>\n<\/p>\n<div>\n<figure class=\"wp-block-embed is-type-video is-provider-youtube wp-block-embed-youtube wp-embed-aspect-4-3 wp-has-aspect-ratio\">\n<div class=\"wp-block-embed__wrapper\">\n<p><iframe loading=\"lazy\" title=\"Vatican Media Live - Portugu\u00eas\" width=\"500\" height=\"375\" src=\"https:\/\/www.youtube.com\/embed\/N9tnLGJYApg?feature=oembed\" frameborder=\"0\" allow=\"accelerometer; autoplay; clipboard-write; encrypted-media; gyroscope; picture-in-picture; web-share\" referrerpolicy=\"strict-origin-when-cross-origin\" allowfullscreen><\/iframe><\/p>\n<\/div>\n<\/figure>\n<p>Os cardeais voltaram \u00e0 <strong>Capela Sistina<\/strong>, no<strong> Vaticano<\/strong>, para escolha do <strong>novo papa no conclave 2025<\/strong>. Eles d\u00e3o in\u00edcio a uma nova rodada de vota\u00e7\u00f5es no segundo dia do conclave, nesta quinta-feira (8).<\/p>\n<p>Pela manh\u00e3, novamente foi solta a fuma\u00e7a preta, o que indica que um novo papa ainda n\u00e3o foi escolhido. Caso ocorra uma defini\u00e7\u00e3o nesta vota\u00e7\u00e3o,<mark style=\"background-color:#fcb900\" class=\"has-inline-color has-black-color\"> a fuma\u00e7a branca pode ser vista a partir das 12h30<\/mark>. Caso contr\u00e1rio, o resultado de uma nova vota\u00e7\u00e3o \u00e9 esperado a partir das 14h.<\/p>\n<h2 class=\"wp-block-heading\"><strong>A previs\u00e3o das pr\u00f3ximas fuma\u00e7as \u00e9 para os seguintes hor\u00e1rios:<\/strong><\/h2>\n<ul class=\"wp-block-list\">\n<li><mark style=\"background-color:#fcb900\" class=\"has-inline-color has-black-color\">12h30 (Hor\u00e1rio de Bras\u00edlia)<\/mark> \u2013 somente se for branca. Se n\u00e3o houver defini\u00e7\u00e3o, nada acontece.<\/li>\n<\/ul>\n<ul class=\"wp-block-list\">\n<li><mark style=\"background-color:#fcb900\" class=\"has-inline-color has-black-color\">14h (Hor\u00e1rio de Bras\u00edlia) <\/mark>\u2013 hor\u00e1rio previsto para a fuma\u00e7a preta.<\/li>\n<\/ul>\n<p>Se depois do terceiro dia de conclave a Igreja ainda estiver sem papa, ser\u00e1 feita uma pausa de 24 horas para ora\u00e7\u00f5es.<\/p>\n<h2 class=\"wp-block-heading\"><strong>Mensagem de unidade e comunh\u00e3o<\/strong><\/h2>\n<p>A escolha do sucessor de Francisco come\u00e7ou na quarta-feira (7), com a missa<em> Pro eligendo Pontifice<\/em>, que reuniu os cardeais e cerca de cinco mil fieis dentro da<strong> Bas\u00edlica de S\u00e3o Pedro<\/strong>.<\/p>\n<p>A cerim\u00f4nia foi marcada pela homilia do decano do <strong>Col\u00e9gio Cardinal\u00edcio Giovanni Battista Re<\/strong>, pregando a necessidade de uma igreja unida e defender que o futuro papa conserve a unidade da Igreja, preservando diferen\u00e7as geogr\u00e1ficas e pastorais.<\/p>\n<p>\u201cUma unidade que n\u00e3o significa uniformidade, mas comunh\u00e3o s\u00f3lida e profunda na diversidade, desde que se permane\u00e7a plenamente fiel ao Evangelho\u201d, disse.<\/p>\n<p>Ou seja, a preocupa\u00e7\u00e3o era a defesa da preserva\u00e7\u00e3o da unidade do \u201cpovo de Deus\u201d por meio da Igreja.<\/p>\n<p>Na celebra\u00e7\u00e3o, Re abra\u00e7ou o secret\u00e1rio de Estado do Vaticano, o italiano Pietro Parolin, apontado por muitos como um dos pap\u00e1veis. <\/p>\n<p>Parolin foi o respons\u00e1vel por abrir o rito da vota\u00e7\u00e3o e o juramento de respeito \u00e0s regras e de sil\u00eancio absoluto sobre tudo o que passar dentro da capela.<\/p>\n<p>Outro ponto de destaque foi a aus\u00eancia de men\u00e7\u00f5es ao papa Francisco na homilia de Re. No funeral do pont\u00edfice argentino, o decano afirmou que ele foi \u201cum papa do povo, de cora\u00e7\u00e3o aberto a todos\u201d.<\/p>\n<p>Tamb\u00e9m disse que trabalhou pela paz e defendeu no seu papado que a Igreja deveria acolher os fi\u00e9is sem julg\u00e1-los.<\/p>\n<p>A decis\u00e3o reflete o desejo de n\u00e3o acirrar divis\u00f5es entre os cardeais surgidas durante o pontificado de Francisco.<\/p>\n<p>Re optou por um discurso com tom mais institucional e rezou \u201cpara que Deus conceda \u00e0 Igreja o papa que melhor saiba despertar as consci\u00eancias de todos e as energias morais e espirituais na sociedade atual\u201d. Tamb\u00e9m apontou que a escolha ocorre em um momento \u201ccomplexo e dif\u00edcil da hist\u00f3ria\u201d.<\/p>\n<h2 class=\"wp-block-heading\"><strong>Cardeais favoritos a novo papa<\/strong><\/h2>\n<p>Entre os pap\u00e1veis mais citados por especialistas e pela m\u00eddia especializada, conforme mostrou o <strong>Estad\u00e3o<\/strong>, aparecem:<\/p>\n<ul class=\"wp-block-list\">\n<li>Pietro Parolin \u2013 It\u00e1lia (70 anos)<\/li>\n<\/ul>\n<ul class=\"wp-block-list\">\n<li>Luis Antonio Gokim Tagle \u2013 Filipinas (67 anos)<\/li>\n<\/ul>\n<ul class=\"wp-block-list\">\n<li>Jean-Marc Aveline \u2013 Arg\u00e9lia (66 anos)<\/li>\n<\/ul>\n<ul class=\"wp-block-list\">\n<li>Juan Jos\u00e9 Omella \u2013 Espanha (79 anos)<\/li>\n<\/ul>\n<ul class=\"wp-block-list\">\n<li>Matteo Maria Zuppi \u2013 It\u00e1lia (69 anos)<\/li>\n<\/ul>\n<ul class=\"wp-block-list\">\n<li>P\u00e9ter Erdo \u2013 Hungria (72 anos)<\/li>\n<\/ul>\n<ul class=\"wp-block-list\">\n<li>Peter Turkson \u2013 Gana (76 anos)<\/li>\n<\/ul>\n<ul class=\"wp-block-list\">\n<li>Pierbattista Pizzaballa \u2013 It\u00e1lia (60 anos)<\/li>\n<\/ul>\n<ul class=\"wp-block-list\">\n<li>Mario Grech \u2013 Malta (68 anos)<\/li>\n<\/ul>\n<ul class=\"wp-block-list\">\n<li>Fridolin Ambongo Besungu \u2013 Rep\u00fablica Democr\u00e1tica do Congo (65 anos) \u2013<\/li>\n<\/ul>\n<ul class=\"wp-block-list\">\n<li>Willem Jacobus Eijk \u2013 Holanda (71 anos) \u2013<\/li>\n<\/ul>\n<ul class=\"wp-block-list\">\n<li>Robert Sarah \u2013 Guin\u00e9 (79 anos) \u2013<\/li>\n<\/ul>\n<ul class=\"wp-block-list\">\n<li>Robert Prevost \u2013 Estados Unidos (69 anos)<\/li>\n<\/ul>\n<ul class=\"wp-block-list\">\n<li>Anders Arborelius \u2013 Su\u00e9cia (75 anos)<\/li>\n<\/ul>\n<ul class=\"wp-block-list\">\n<li>Jos\u00e9 Tolentino de Mendon\u00e7a \u2013 Portugal (59 anos)<\/li>\n<\/ul>\n<ul class=\"wp-block-list\">\n<li>\u00c1ngel Fern\u00e1ndez Artime \u2013 Espanha (64 anos)<\/li>\n<\/ul>\n<ul class=\"wp-block-list\">\n<li>Crist\u00f3bal L\u00f3pez Romero \u2013 Espanha (72 anos)<\/li>\n<\/ul>\n<p>SAIBA MAIS<br \/>Cardeal nascido no interior de SP leva \u2018profecia\u2019 para o conclave<\/p>\n<h2 class=\"wp-block-heading\"><strong>FIQUE ON<\/strong><\/h2>\n<p>Fique ligado em tudo que acontece em Ribeir\u00e3o Preto e regi\u00e3o. Siga os perfis do<strong> acidade on<\/strong> no <a href=\"https:\/\/www.instagram.com\/acidadeonribeirao\">Instagram<\/a> e no <a href=\"https:\/\/www.facebook.com\/acidadeonribeirao\/\">Facebook<\/a>.<\/p>\n<p>Receba not\u00edcias do <strong>acidade on <\/strong>no WhatsApp.<a href=\"https:\/\/chat.whatsapp.com\/BjKQZ9oJwlz8VVT50NuePq\"> Para entrar no grupo, basta clicar aqui.<\/a><\/p>\n<p>Fa\u00e7a uma den\u00fancia ou sugira uma reportagem sobre Ribeir\u00e3o Preto e regi\u00e3o pelo WhatsApp: 16 99117 7802.<\/p>\n<p>VEJA TAMB\u00c9M<br \/>Quem \u00e9 o cardeal brasileiro do interior de SP considerado favorito no conclave?<\/p>\n<p><!-- CONTENT END 1 -->\n<\/div>\n<p><script async src=\"\/\/www.instagram.com\/embed.js\"><\/script><br \/>\n<br \/><br \/>\n<br \/><a href=\"https:\/\/www.acidadeon.com\/ribeiraopreto\/cotidiano\/ao-vivo-acompanhe-a-escolha-do-novo-papa-no-conclave-2025\/\">Source link <\/a><\/p>\n","protected":false},"excerpt":{"rendered":"<p>Os cardeais voltaram \u00e0 Capela Sistina, no Vaticano, para escolha do novo papa no conclave 2025. Eles d\u00e3o in\u00edcio a uma nova rodada de vota\u00e7\u00f5es&#8230;<\/p>\n","protected":false},"author":1,"featured_media":69717,"comment_status":"open","ping_status":"open","sticky":false,"template":"","format":"standard","meta":{"advanced_seo_description":"","jetpack_seo_html_title":"","jetpack_seo_noindex":false,"jetpack_post_was_ever_published":false,"_jetpack_newsletter_access":"","_jetpack_dont_email_post_to_subs":false,"_jetpack_newsletter_tier_id":0,"_jetpack_memberships_contains_paywalled_content":false,"_jetpack_memberships_contains_paid_content":false,"footnotes":"","jetpack_publicize_message":"","jetpack_publicize_feature_enabled":true,"jetpack_social_post_already_shared":true,"jetpack_social_options":{"image_generator_settings":{"template":"highway","default_image_id":0,"font":"","enabled":false},"version":2}},"categories":[11],"tags":[],"class_list":["post-69716","post","type-post","status-publish","format-standard","has-post-thumbnail","hentry","category-noticias-de-ribeirao-preto-sp-e-regiao-ismael-colosi"],"jetpack_publicize_connections":[],"jetpack_featured_media_url":"https:\/\/i0.wp.com\/noticiasribeiraopreto.com.br\/wp-content\/uploads\/2025\/05\/conclave_2025-05-08_14-35-14.webp.webp?fit=1036%2C703&ssl=1","jetpack-related-posts":[{"id":69670,"url":"https:\/\/noticiasribeiraopreto.com.br\/index.php\/2025\/05\/08\/conclave-segundo-dia-comeca-com-fumaca-preta-e-papa-nao-foi-escolhido\/","url_meta":{"origin":69716,"position":0},"title":"Conclave: Segundo dia come\u00e7a com fuma\u00e7a preta e papa n\u00e3o foi escolhido","author":"noticiasribeiraopreto.com.br","date":"8 de May de 2025","format":false,"excerpt":"A fuma\u00e7a preta \u2013 que indica que o papa ainda n\u00e3o foi eleito \u2013 saiu ap\u00f3s a nova rodada de vota\u00e7\u00f5es nesta quinta-feira (8), segundo dia do conclave. Nesta quarta-feira (7), tamb\u00e9m houve fuma\u00e7a preta. FIQUE POR DENTRO:\u00a0AO VIVO: Acompanhe a movimenta\u00e7\u00e3o no Conclave para escolha do novo papa O\u2026","rel":"","context":"In &quot;Not\u00edcias de Ribeir\u00e3o Preto-SP e Regi\u00e3o&quot;","block_context":{"text":"Not\u00edcias de Ribeir\u00e3o Preto-SP e Regi\u00e3o","link":"https:\/\/noticiasribeiraopreto.com.br\/index.php\/category\/noticias-de-ribeirao-preto-sp-e-regiao-ismael-colosi\/"},"img":{"alt_text":"","src":"https:\/\/i0.wp.com\/noticiasribeiraopreto.com.br\/wp-content\/uploads\/2025\/05\/FUMACA-PRETA-2_2025-05-08_10-12-47.webp.webp?fit=1200%2C682&ssl=1&resize=350%2C200","width":350,"height":200,"srcset":"https:\/\/i0.wp.com\/noticiasribeiraopreto.com.br\/wp-content\/uploads\/2025\/05\/FUMACA-PRETA-2_2025-05-08_10-12-47.webp.webp?fit=1200%2C682&ssl=1&resize=350%2C200 1x, https:\/\/i0.wp.com\/noticiasribeiraopreto.com.br\/wp-content\/uploads\/2025\/05\/FUMACA-PRETA-2_2025-05-08_10-12-47.webp.webp?fit=1200%2C682&ssl=1&resize=525%2C300 1.5x, https:\/\/i0.wp.com\/noticiasribeiraopreto.com.br\/wp-content\/uploads\/2025\/05\/FUMACA-PRETA-2_2025-05-08_10-12-47.webp.webp?fit=1200%2C682&ssl=1&resize=700%2C400 2x, https:\/\/i0.wp.com\/noticiasribeiraopreto.com.br\/wp-content\/uploads\/2025\/05\/FUMACA-PRETA-2_2025-05-08_10-12-47.webp.webp?fit=1200%2C682&ssl=1&resize=1050%2C600 3x"},"classes":[]},{"id":69626,"url":"https:\/\/noticiasribeiraopreto.com.br\/index.php\/2025\/05\/07\/ao-vivo-acompanhe-a-movimentacao-no-conclave-para-escolha-do-novo-papa\/","url_meta":{"origin":69716,"position":1},"title":"AO VIVO: Acompanhe a movimenta\u00e7\u00e3o no Conclave para escolha do novo papa","author":"noticiasribeiraopreto.com.br","date":"7 de May de 2025","format":false,"excerpt":"O grupo de 133 cardeais come\u00e7a nesta quarta-feira (7) na Capela Sistina, no Vaticano, a s\u00e9rie de reuni\u00f5es fechadas do conclave para definir quem ser\u00e1 o novo papa. Os ritos foram abertos com a missa Pro eligendo Pontifice, na Bas\u00edlica de S\u00e3o Pedro. Os cardeais sa\u00edram da Casa Santa Marta\u2026","rel":"","context":"In &quot;Not\u00edcias de Ribeir\u00e3o Preto-SP e Regi\u00e3o&quot;","block_context":{"text":"Not\u00edcias de Ribeir\u00e3o Preto-SP e Regi\u00e3o","link":"https:\/\/noticiasribeiraopreto.com.br\/index.php\/category\/noticias-de-ribeirao-preto-sp-e-regiao-ismael-colosi\/"},"img":{"alt_text":"","src":"https:\/\/i0.wp.com\/noticiasribeiraopreto.com.br\/wp-content\/uploads\/2025\/05\/conclave_2025-05-07_17-51-06.webp.webp?fit=1010%2C574&ssl=1&resize=350%2C200","width":350,"height":200,"srcset":"https:\/\/i0.wp.com\/noticiasribeiraopreto.com.br\/wp-content\/uploads\/2025\/05\/conclave_2025-05-07_17-51-06.webp.webp?fit=1010%2C574&ssl=1&resize=350%2C200 1x, https:\/\/i0.wp.com\/noticiasribeiraopreto.com.br\/wp-content\/uploads\/2025\/05\/conclave_2025-05-07_17-51-06.webp.webp?fit=1010%2C574&ssl=1&resize=525%2C300 1.5x, https:\/\/i0.wp.com\/noticiasribeiraopreto.com.br\/wp-content\/uploads\/2025\/05\/conclave_2025-05-07_17-51-06.webp.webp?fit=1010%2C574&ssl=1&resize=700%2C400 2x"},"classes":[]},{"id":69619,"url":"https:\/\/noticiasribeiraopreto.com.br\/index.php\/2025\/05\/07\/quando-sera-a-proxima-reuniao-do-conclave-2025\/","url_meta":{"origin":69716,"position":2},"title":"Quando ser\u00e1 a pr\u00f3xima reuni\u00e3o do conclave 2025?","author":"noticiasribeiraopreto.com.br","date":"7 de May de 2025","format":false,"excerpt":"A fuma\u00e7a preta solta pela chamin\u00e9 da Capela Sistina, no Vaticano, nesta quarta-feira (7), significa que o novo papa ainda n\u00e3o foi escolhido pelo conclave. A pr\u00f3xima vota\u00e7\u00e3o acontece amanh\u00e3. A partir de quinta-feira (8), ser\u00e3o realizadas quatro vota\u00e7\u00f5es por dia, sendo duas pela manh\u00e3 e outras duas \u00e0 tarde.\u2026","rel":"","context":"In &quot;Not\u00edcias de Ribeir\u00e3o Preto-SP e Regi\u00e3o&quot;","block_context":{"text":"Not\u00edcias de Ribeir\u00e3o Preto-SP e Regi\u00e3o","link":"https:\/\/noticiasribeiraopreto.com.br\/index.php\/category\/noticias-de-ribeirao-preto-sp-e-regiao-ismael-colosi\/"},"img":{"alt_text":"","src":"https:\/\/i0.wp.com\/noticiasribeiraopreto.com.br\/wp-content\/uploads\/2025\/05\/fumaca-preta_2025-05-07_19-19-53.webp.webp?fit=1200%2C729&ssl=1&resize=350%2C200","width":350,"height":200,"srcset":"https:\/\/i0.wp.com\/noticiasribeiraopreto.com.br\/wp-content\/uploads\/2025\/05\/fumaca-preta_2025-05-07_19-19-53.webp.webp?fit=1200%2C729&ssl=1&resize=350%2C200 1x, https:\/\/i0.wp.com\/noticiasribeiraopreto.com.br\/wp-content\/uploads\/2025\/05\/fumaca-preta_2025-05-07_19-19-53.webp.webp?fit=1200%2C729&ssl=1&resize=525%2C300 1.5x, https:\/\/i0.wp.com\/noticiasribeiraopreto.com.br\/wp-content\/uploads\/2025\/05\/fumaca-preta_2025-05-07_19-19-53.webp.webp?fit=1200%2C729&ssl=1&resize=700%2C400 2x, https:\/\/i0.wp.com\/noticiasribeiraopreto.com.br\/wp-content\/uploads\/2025\/05\/fumaca-preta_2025-05-07_19-19-53.webp.webp?fit=1200%2C729&ssl=1&resize=1050%2C600 3x"},"classes":[]},{"id":69708,"url":"https:\/\/noticiasribeiraopreto.com.br\/index.php\/2025\/05\/08\/fumaca-branca-conclave-define-novo-papa\/","url_meta":{"origin":69716,"position":3},"title":"Fuma\u00e7a branca: Conclave define novo papa","author":"noticiasribeiraopreto.com.br","date":"8 de May de 2025","format":false,"excerpt":"Por volta das 13h desta quinta-feira (8) o novo papa foi escolhido pelo conclave. Foi neste hor\u00e1rio que a chamin\u00e9 da Capela Sistina, no Vaticano, soltou a fuma\u00e7a branca. O sucessor de Francisco foi escolhido na quarta vota\u00e7\u00e3o deste conclave, que come\u00e7ou na quarta-feira (7). Pela manh\u00e3, novamente foi solta\u2026","rel":"","context":"In &quot;Not\u00edcias de Ribeir\u00e3o Preto-SP e Regi\u00e3o&quot;","block_context":{"text":"Not\u00edcias de Ribeir\u00e3o Preto-SP e Regi\u00e3o","link":"https:\/\/noticiasribeiraopreto.com.br\/index.php\/category\/noticias-de-ribeirao-preto-sp-e-regiao-ismael-colosi\/"},"img":{"alt_text":"","src":"https:\/\/i0.wp.com\/noticiasribeiraopreto.com.br\/wp-content\/uploads\/2025\/05\/fumaca-branca_2025-05-08_16-09-53.webp.webp?fit=1200%2C756&ssl=1&resize=350%2C200","width":350,"height":200,"srcset":"https:\/\/i0.wp.com\/noticiasribeiraopreto.com.br\/wp-content\/uploads\/2025\/05\/fumaca-branca_2025-05-08_16-09-53.webp.webp?fit=1200%2C756&ssl=1&resize=350%2C200 1x, https:\/\/i0.wp.com\/noticiasribeiraopreto.com.br\/wp-content\/uploads\/2025\/05\/fumaca-branca_2025-05-08_16-09-53.webp.webp?fit=1200%2C756&ssl=1&resize=525%2C300 1.5x, https:\/\/i0.wp.com\/noticiasribeiraopreto.com.br\/wp-content\/uploads\/2025\/05\/fumaca-branca_2025-05-08_16-09-53.webp.webp?fit=1200%2C756&ssl=1&resize=700%2C400 2x, https:\/\/i0.wp.com\/noticiasribeiraopreto.com.br\/wp-content\/uploads\/2025\/05\/fumaca-branca_2025-05-08_16-09-53.webp.webp?fit=1200%2C756&ssl=1&resize=1050%2C600 3x"},"classes":[]},{"id":67984,"url":"https:\/\/noticiasribeiraopreto.com.br\/index.php\/2025\/04\/21\/sete-brasileiros-podem-votar-na-escolha-do-novo-papa-entenda-como-funciona-o-conclave\/","url_meta":{"origin":69716,"position":4},"title":"Sete brasileiros podem votar na escolha do novo papa; Entenda como funciona o conclave","author":"noticiasribeiraopreto.com.br","date":"21 de April de 2025","format":false,"excerpt":"O papa Francisco morreu na madrugada desta segunda-feira (21), aos 88 anos. Com a vac\u00e2ncia do cargo, tem in\u00edcio o processo de escolha do novo l\u00edder da Igreja Cat\u00f3lica, conhecido como conclave. Nesse processo, at\u00e9 sete cardeais brasileiros est\u00e3o aptos a participar da vota\u00e7\u00e3o que definir\u00e1 o pr\u00f3ximo papa. >>>FIQUE\u2026","rel":"","context":"In &quot;Not\u00edcias de Ribeir\u00e3o Preto-SP e Regi\u00e3o&quot;","block_context":{"text":"Not\u00edcias de Ribeir\u00e3o Preto-SP e Regi\u00e3o","link":"https:\/\/noticiasribeiraopreto.com.br\/index.php\/category\/noticias-de-ribeirao-preto-sp-e-regiao-ismael-colosi\/"},"img":{"alt_text":"","src":"https:\/\/i0.wp.com\/noticiasribeiraopreto.com.br\/wp-content\/uploads\/2025\/04\/Copia-de-Copia-de-Copia-de-TAMANHO-EXATO-PARA-FOTOS-NO-SISTEMA-NOVO_2025-04-21_18-57-29.webp.webp?fit=1200%2C675&ssl=1&resize=350%2C200","width":350,"height":200,"srcset":"https:\/\/i0.wp.com\/noticiasribeiraopreto.com.br\/wp-content\/uploads\/2025\/04\/Copia-de-Copia-de-Copia-de-TAMANHO-EXATO-PARA-FOTOS-NO-SISTEMA-NOVO_2025-04-21_18-57-29.webp.webp?fit=1200%2C675&ssl=1&resize=350%2C200 1x, https:\/\/i0.wp.com\/noticiasribeiraopreto.com.br\/wp-content\/uploads\/2025\/04\/Copia-de-Copia-de-Copia-de-TAMANHO-EXATO-PARA-FOTOS-NO-SISTEMA-NOVO_2025-04-21_18-57-29.webp.webp?fit=1200%2C675&ssl=1&resize=525%2C300 1.5x, https:\/\/i0.wp.com\/noticiasribeiraopreto.com.br\/wp-content\/uploads\/2025\/04\/Copia-de-Copia-de-Copia-de-TAMANHO-EXATO-PARA-FOTOS-NO-SISTEMA-NOVO_2025-04-21_18-57-29.webp.webp?fit=1200%2C675&ssl=1&resize=700%2C400 2x, https:\/\/i0.wp.com\/noticiasribeiraopreto.com.br\/wp-content\/uploads\/2025\/04\/Copia-de-Copia-de-Copia-de-TAMANHO-EXATO-PARA-FOTOS-NO-SISTEMA-NOVO_2025-04-21_18-57-29.webp.webp?fit=1200%2C675&ssl=1&resize=1050%2C600 3x"},"classes":[]},{"id":69486,"url":"https:\/\/noticiasribeiraopreto.com.br\/index.php\/2025\/05\/06\/conclave-comeca-nesta-quarta-feira-tribuna-ribeirao\/","url_meta":{"origin":69716,"position":5},"title":"Conclave come\u00e7a nesta quarta-feira\u00a0 &#8211; Tribuna Ribeir\u00e3o","author":"noticiasribeiraopreto.com.br","date":"6 de May de 2025","format":false,"excerpt":"O conclave para escolher o sucessor do papa Francisco come\u00e7a nesta quarta-feira, 7 de maio. Durante esse per\u00edodo, cardeais ficam isolados e n\u00e3o podem se comunicar com o mundo externo. Uma maioria de dois ter\u00e7os \u00e9 necess\u00e1ria para eleger o novo pont\u00edfice Se o n\u00famero de eleitores permanecer em 133,\u2026","rel":"","context":"In &quot;Not\u00edcias de Ribeir\u00e3o Preto-SP e Regi\u00e3o&quot;","block_context":{"text":"Not\u00edcias de Ribeir\u00e3o Preto-SP e Regi\u00e3o","link":"https:\/\/noticiasribeiraopreto.com.br\/index.php\/category\/noticias-de-ribeirao-preto-sp-e-regiao-ismael-colosi\/"},"img":{"alt_text":"","src":"https:\/\/i0.wp.com\/noticiasribeiraopreto.com.br\/wp-content\/uploads\/2025\/05\/Papa-Vatican-News.png?fit=1200%2C828&ssl=1&resize=350%2C200","width":350,"height":200,"srcset":"https:\/\/i0.wp.com\/noticiasribeiraopreto.com.br\/wp-content\/uploads\/2025\/05\/Papa-Vatican-News.png?fit=1200%2C828&ssl=1&resize=350%2C200 1x, https:\/\/i0.wp.com\/noticiasribeiraopreto.com.br\/wp-content\/uploads\/2025\/05\/Papa-Vatican-News.png?fit=1200%2C828&ssl=1&resize=525%2C300 1.5x, https:\/\/i0.wp.com\/noticiasribeiraopreto.com.br\/wp-content\/uploads\/2025\/05\/Papa-Vatican-News.png?fit=1200%2C828&ssl=1&resize=700%2C400 2x, https:\/\/i0.wp.com\/noticiasribeiraopreto.com.br\/wp-content\/uploads\/2025\/05\/Papa-Vatican-News.png?fit=1200%2C828&ssl=1&resize=1050%2C600 3x"},"classes":[]}],"jetpack_sharing_enabled":true,"jetpack_shortlink":"https:\/\/wp.me\/peQAOb-i8s","_links":{"self":[{"href":"https:\/\/noticiasribeiraopreto.com.br\/index.php\/wp-json\/wp\/v2\/posts\/69716","targetHints":{"allow":["GET"]}}],"collection":[{"href":"https:\/\/noticiasribeiraopreto.com.br\/index.php\/wp-json\/wp\/v2\/posts"}],"about":[{"href":"https:\/\/noticiasribeiraopreto.com.br\/index.php\/wp-json\/wp\/v2\/types\/post"}],"author":[{"embeddable":true,"href":"https:\/\/noticiasribeiraopreto.com.br\/index.php\/wp-json\/wp\/v2\/users\/1"}],"replies":[{"embeddable":true,"href":"https:\/\/noticiasribeiraopreto.com.br\/index.php\/wp-json\/wp\/v2\/comments?post=69716"}],"version-history":[{"count":0,"href":"https:\/\/noticiasribeiraopreto.com.br\/index.php\/wp-json\/wp\/v2\/posts\/69716\/revisions"}],"wp:featuredmedia":[{"embeddable":true,"href":"https:\/\/noticiasribeiraopreto.com.br\/index.php\/wp-json\/wp\/v2\/media\/69717"}],"wp:attachment":[{"href":"https:\/\/noticiasribeiraopreto.com.br\/index.php\/wp-json\/wp\/v2\/media?parent=69716"}],"wp:term":[{"taxonomy":"category","embeddable":true,"href":"https:\/\/noticiasribeiraopreto.com.br\/index.php\/wp-json\/wp\/v2\/categories?post=69716"},{"taxonomy":"post_tag","embeddable":true,"href":"https:\/\/noticiasribeiraopreto.com.br\/index.php\/wp-json\/wp\/v2\/tags?post=69716"}],"curies":[{"name":"wp","href":"https:\/\/api.w.org\/{rel}","templated":true}]}}