{"id":69720,"date":"2025-05-08T15:07:16","date_gmt":"2025-05-08T18:07:16","guid":{"rendered":"https:\/\/noticiasribeiraopreto.com.br\/index.php\/2025\/05\/08\/morre-trabalhador-ferido-em-acidente-durante-desmontagem-na-agrishow\/"},"modified":"2025-05-08T15:07:16","modified_gmt":"2025-05-08T18:07:16","slug":"morre-trabalhador-ferido-em-acidente-durante-desmontagem-na-agrishow","status":"publish","type":"post","link":"https:\/\/noticiasribeiraopreto.com.br\/index.php\/2025\/05\/08\/morre-trabalhador-ferido-em-acidente-durante-desmontagem-na-agrishow\/","title":{"rendered":"Morre trabalhador ferido em acidente durante desmontagem na Agrishow"},"content":{"rendered":"<p> <br \/>\n<\/p>\n<div>\n<p><strong>O trabalhador de 25 anos que sofreu um acidente grave nesta quarta-feira (7), enquanto operava a movimenta\u00e7\u00e3o de um maquin\u00e1rio de um expositor durante desmontagem na\u00a0Agrishow, em Ribeir\u00e3o Preto, morreu nesta quinta-feira (8). <\/strong>A <strong>informa\u00e7\u00e3o <\/strong>foi <strong>confirmada <\/strong>pela <strong>assessoria <\/strong>da <strong>feira <\/strong>e pela <strong>empresa <\/strong>em que <strong>v\u00edtima atuava<\/strong>, que <strong>lamentaram <\/strong>o <strong>falecimento<\/strong>.<\/p>\n<p><mark style=\"background-color:#abb8c3\" class=\"has-inline-color has-black-color\">A v\u00edtima foi identificada como Carlos Daniel Costa Meira, de 25 anos.<\/mark><\/p>\n<p>A Agrishow informou que ele era colaborador de um expositor e trabalhava junto a um maquin\u00e1rio no estande da empresa. A v\u00edtima foi socorrida e estava internada em um hospital particular. <\/p>\n<p>A Kuhn do Brasil, onde o colaborador atuava, destacou que a v\u00edtima era comprometida e reconhecida pelo seu profissionalismo (leia mais abaixo).<\/p>\n<p>A Agrishow ressaltou que as causas do acidente est\u00e3o sendo investigadas.<\/p>\n<p>Um boletim de ocorr\u00eancia (BO) foi registrado inicialmente como les\u00e3o corporal culposa (sem inten\u00e7\u00e3o).<\/p>\n<h2 class=\"wp-block-heading\"><strong>Leia as notas da Agrishow e da empresa:<\/strong><\/h2>\n<p><em>\u201cCom profundo pesar, a Agrishow lamenta o falecimento do colaborador de um dos expositores da feira, que se acidentou na manh\u00e3 de ontem enquanto trabalhava junto a um maquin\u00e1rio no estande da empresa. As causas do acidente est\u00e3o sendo investigadas pelas autoridades locais, que recebem todo o suporte necess\u00e1rio, e a organiza\u00e7\u00e3o da Agrishow presta todo o apoio devido\u00a0neste\u00a0momento\u201d<\/em><\/p>\n<p><em>\u201cA Kuhn do Brasil lamenta profundamente o falecimento de um dos seus colaboradores, ocorrido nesta quinta-feira. Neste momento, expressamos os nossos sentimentos de solidariedade e condol\u00eancias aos familiares, amigos e colegas de trabalho. Tratava-se de um colaborador sempre comprometido e reconhecido pelo seu profissionalismo. A sua aus\u00eancia ser\u00e1 sentida por todos. A Kuhn do Brasil continua prestando todo o apoio necess\u00e1rio \u00e0 fam\u00edlia, respeitando este momento dif\u00edcil, e refor\u00e7a seu compromisso com a seguran\u00e7a e o bem-estar de seus colaboradores, seguindo rigorosamente os protocolos de seguran\u00e7a em todas as suas opera\u00e7\u00f5es\u201d.<\/em><\/p>\n<p>SAIBA MAIS<\/p>\n<p>Acidente deixa v\u00edtima grave e causa interdi\u00e7\u00e3o na Anhanguera em Ribeir\u00e3o Preto<\/p>\n<h2 class=\"wp-block-heading\"><strong>FIQUE ON<\/strong><\/h2>\n<p>Fique ligado em tudo que acontece em Ribeir\u00e3o Preto e regi\u00e3o. Siga os perfis do\u00a0<strong>acidade on\u00a0<\/strong>no<a href=\"https:\/\/www.instagram.com\/acidadeonribeirao\">\u00a0Instagram\u00a0<\/a>e no\u00a0<a href=\"https:\/\/www.facebook.com\/acidadeonribeirao\/\">Facebook<\/a>.<\/p>\n<p>Receba not\u00edcias do\u00a0<strong>acidade on<\/strong>\u00a0no WhatsApp.<a href=\"https:\/\/chat.whatsapp.com\/BjKQZ9oJwlz8VVT50NuePq\">\u00a0Para entrar no grupo, basta clicar aqui.<\/a><\/p>\n<p>Fa\u00e7a uma den\u00fancia ou sugira uma reportagem sobre Ribeir\u00e3o Preto e regi\u00e3o pelo WhatsApp: 16 99117 7802.<\/p>\n<p>LEIA TAMB\u00c9M<\/p>\n<p>Mora sozinho? Veja como receber benef\u00edcios do \u2018Caixa Tem\u2019<\/p>\n<p><!-- CONTENT END 1 -->\n<\/div>\n<p><script async src=\"\/\/www.instagram.com\/embed.js\"><\/script><br \/>\n<br \/><br \/>\n<br \/><a href=\"https:\/\/www.acidadeon.com\/ribeiraopreto\/cotidiano\/morre-trabalhador-ferido-em-acidente-durante-desmontagem-na-agrishow\/\">Source link <\/a><\/p>\n","protected":false},"excerpt":{"rendered":"<p>O trabalhador de 25 anos que sofreu um acidente grave nesta quarta-feira (7), enquanto operava a movimenta\u00e7\u00e3o de um maquin\u00e1rio de um expositor durante desmontagem&#8230;<\/p>\n","protected":false},"author":1,"featured_media":69721,"comment_status":"open","ping_status":"open","sticky":false,"template":"","format":"standard","meta":{"advanced_seo_description":"","jetpack_seo_html_title":"","jetpack_seo_noindex":false,"jetpack_post_was_ever_published":false,"_jetpack_newsletter_access":"","_jetpack_dont_email_post_to_subs":false,"_jetpack_newsletter_tier_id":0,"_jetpack_memberships_contains_paywalled_content":false,"_jetpack_memberships_contains_paid_content":false,"footnotes":"","jetpack_publicize_message":"","jetpack_publicize_feature_enabled":true,"jetpack_social_post_already_shared":true,"jetpack_social_options":{"image_generator_settings":{"template":"highway","default_image_id":0,"font":"","enabled":false},"version":2}},"categories":[11],"tags":[],"class_list":["post-69720","post","type-post","status-publish","format-standard","has-post-thumbnail","hentry","category-noticias-de-ribeirao-preto-sp-e-regiao-ismael-colosi"],"jetpack_publicize_connections":[],"jetpack_featured_media_url":"https:\/\/i0.wp.com\/noticiasribeiraopreto.com.br\/wp-content\/uploads\/2025\/05\/Copia-de-Copia-de-Copia-de-TAMANHO-EXATO-PARA-FOTOS-NO-SISTEMA-NOVO-47_2025-05-07_20-15-07.webp.webp?fit=1200%2C675&ssl=1","jetpack-related-posts":[{"id":69616,"url":"https:\/\/noticiasribeiraopreto.com.br\/index.php\/2025\/05\/07\/trabalhador-sofre-acidente-grave-durante-desmontagem-na-agrishow\/","url_meta":{"origin":69720,"position":0},"title":"Trabalhador sofre acidente grave durante desmontagem na Agrishow","author":"noticiasribeiraopreto.com.br","date":"7 de May de 2025","format":false,"excerpt":"7 de maio de 2025 16:2910 Compartilhar0 Um trabalhador ficou gravemente ferido no fim da manh\u00e3 desta quarta-feira (7) durante a desmontagem de um expositor na Agrishow, em Ribeir\u00e3o Preto (SP). Segundo nota divulgada pela assessoria de imprensa do evento, o acidente ocorreu por volta das 11h, enquanto o funcion\u00e1rio\u2026","rel":"","context":"In &quot;Not\u00edcias de Ribeir\u00e3o Preto-SP e Regi\u00e3o&quot;","block_context":{"text":"Not\u00edcias de Ribeir\u00e3o Preto-SP e Regi\u00e3o","link":"https:\/\/noticiasribeiraopreto.com.br\/index.php\/category\/noticias-de-ribeirao-preto-sp-e-regiao-ismael-colosi\/"},"img":{"alt_text":"","src":"https:\/\/i0.wp.com\/noticiasribeiraopreto.com.br\/wp-content\/uploads\/2025\/05\/acidente_agrishow.jpeg?fit=720%2C524&ssl=1&resize=350%2C200","width":350,"height":200,"srcset":"https:\/\/i0.wp.com\/noticiasribeiraopreto.com.br\/wp-content\/uploads\/2025\/05\/acidente_agrishow.jpeg?fit=720%2C524&ssl=1&resize=350%2C200 1x, https:\/\/i0.wp.com\/noticiasribeiraopreto.com.br\/wp-content\/uploads\/2025\/05\/acidente_agrishow.jpeg?fit=720%2C524&ssl=1&resize=525%2C300 1.5x, https:\/\/i0.wp.com\/noticiasribeiraopreto.com.br\/wp-content\/uploads\/2025\/05\/acidente_agrishow.jpeg?fit=720%2C524&ssl=1&resize=700%2C400 2x"},"classes":[]},{"id":69625,"url":"https:\/\/noticiasribeiraopreto.com.br\/index.php\/2025\/05\/07\/agrishow-trabalhador-fica-em-estado-grave-apos-acidente-durante-a-desmontagem-do-evento\/","url_meta":{"origin":69720,"position":1},"title":"Agrishow: trabalhador fica em estado grave ap\u00f3s acidente durante a desmontagem do evento","author":"noticiasribeiraopreto.com.br","date":"7 de May de 2025","format":false,"excerpt":"Um trabalhador sofreu um acidente grave nesta quarta-feira (7), por volta das 11h, durante a desmontagem de um estande na Agrishow, em Ribeir\u00e3o Preto, enquanto operava a movimenta\u00e7\u00e3o de um maquin\u00e1rio de um expositor. A v\u00edtima foi socorrida no local por uma equipe de sa\u00fade e, em seguida, transferida para\u2026","rel":"","context":"In &quot;Not\u00edcias de Ribeir\u00e3o Preto-SP e Regi\u00e3o&quot;","block_context":{"text":"Not\u00edcias de Ribeir\u00e3o Preto-SP e Regi\u00e3o","link":"https:\/\/noticiasribeiraopreto.com.br\/index.php\/category\/noticias-de-ribeirao-preto-sp-e-regiao-ismael-colosi\/"},"img":{"alt_text":"","src":"https:\/\/i0.wp.com\/noticiasribeiraopreto.com.br\/wp-content\/uploads\/2025\/01\/Copia-de-Copia-de-Copia-de-TAMANHO-EXATO-PARA-FOTOS-NO-SISTEMA-NOVO-2025-01-13T132434.793_2025-01-13_16-24-39_png_2025-01-13_16-24-39.webp.webp?fit=1200%2C675&ssl=1&resize=350%2C200","width":350,"height":200,"srcset":"https:\/\/i0.wp.com\/noticiasribeiraopreto.com.br\/wp-content\/uploads\/2025\/01\/Copia-de-Copia-de-Copia-de-TAMANHO-EXATO-PARA-FOTOS-NO-SISTEMA-NOVO-2025-01-13T132434.793_2025-01-13_16-24-39_png_2025-01-13_16-24-39.webp.webp?fit=1200%2C675&ssl=1&resize=350%2C200 1x, https:\/\/i0.wp.com\/noticiasribeiraopreto.com.br\/wp-content\/uploads\/2025\/01\/Copia-de-Copia-de-Copia-de-TAMANHO-EXATO-PARA-FOTOS-NO-SISTEMA-NOVO-2025-01-13T132434.793_2025-01-13_16-24-39_png_2025-01-13_16-24-39.webp.webp?fit=1200%2C675&ssl=1&resize=525%2C300 1.5x, https:\/\/i0.wp.com\/noticiasribeiraopreto.com.br\/wp-content\/uploads\/2025\/01\/Copia-de-Copia-de-Copia-de-TAMANHO-EXATO-PARA-FOTOS-NO-SISTEMA-NOVO-2025-01-13T132434.793_2025-01-13_16-24-39_png_2025-01-13_16-24-39.webp.webp?fit=1200%2C675&ssl=1&resize=700%2C400 2x, https:\/\/i0.wp.com\/noticiasribeiraopreto.com.br\/wp-content\/uploads\/2025\/01\/Copia-de-Copia-de-Copia-de-TAMANHO-EXATO-PARA-FOTOS-NO-SISTEMA-NOVO-2025-01-13T132434.793_2025-01-13_16-24-39_png_2025-01-13_16-24-39.webp.webp?fit=1200%2C675&ssl=1&resize=1050%2C600 3x"},"classes":[]},{"id":69696,"url":"https:\/\/noticiasribeiraopreto.com.br\/index.php\/2025\/05\/08\/morre-trabalhador-acidentado-na-agrishow\/","url_meta":{"origin":69720,"position":2},"title":"Morre trabalhador acidentado na Agrishow","author":"noticiasribeiraopreto.com.br","date":"8 de May de 2025","format":false,"excerpt":"Carlos Daniel Costa, de 25 anos, trabalhador que sofreu um grave acidente no fim da manh\u00e3 de quarta-feira, 7 de maio, durante desmontagem de uma m\u00e1quina em exposi\u00e7\u00e3o num estande da Feira Internacional de Tecnologia Agr\u00edcola em A\u00e7\u00e3o (Agrishow 2025), morreu na madrugada desta quinta-feira (8). A 30\u00aa edi\u00e7\u00e3o do\u2026","rel":"","context":"In &quot;Not\u00edcias de Ribeir\u00e3o Preto-SP e Regi\u00e3o&quot;","block_context":{"text":"Not\u00edcias de Ribeir\u00e3o Preto-SP e Regi\u00e3o","link":"https:\/\/noticiasribeiraopreto.com.br\/index.php\/category\/noticias-de-ribeirao-preto-sp-e-regiao-ismael-colosi\/"},"img":{"alt_text":"","src":"https:\/\/i0.wp.com\/noticiasribeiraopreto.com.br\/wp-content\/uploads\/2025\/05\/acidente_agrishow-1.jpeg?fit=720%2C524&ssl=1&resize=350%2C200","width":350,"height":200,"srcset":"https:\/\/i0.wp.com\/noticiasribeiraopreto.com.br\/wp-content\/uploads\/2025\/05\/acidente_agrishow-1.jpeg?fit=720%2C524&ssl=1&resize=350%2C200 1x, https:\/\/i0.wp.com\/noticiasribeiraopreto.com.br\/wp-content\/uploads\/2025\/05\/acidente_agrishow-1.jpeg?fit=720%2C524&ssl=1&resize=525%2C300 1.5x, https:\/\/i0.wp.com\/noticiasribeiraopreto.com.br\/wp-content\/uploads\/2025\/05\/acidente_agrishow-1.jpeg?fit=720%2C524&ssl=1&resize=700%2C400 2x"},"classes":[]},{"id":48803,"url":"https:\/\/noticiasribeiraopreto.com.br\/index.php\/2024\/05\/06\/morre-trabalhador-atingido-por-barra-de-ferro-durante-agrishow-em-ribeirao-preto\/","url_meta":{"origin":69720,"position":3},"title":"Morre trabalhador atingido por barra de ferro durante Agrishow em Ribeir\u00e3o Preto","author":"noticiasribeiraopreto.com.br","date":"6 de May de 2024","format":false,"excerpt":"Morreu o trabalhador que foi v\u00edtima de um acidente a\u00e9reo envolvendo um helic\u00f3ptero particular durante a Agrishow, em Ribeir\u00e3o Preto. A informa\u00e7\u00e3o foi confirmada pela organiza\u00e7\u00e3o da feira. M\u00e1rcio Sabino Silva tinha 27 anos e teria sido atingido na cabe\u00e7a por uma barra de ferro que caiu de uma tenda,\u2026","rel":"","context":"In &quot;Not\u00edcias de Ribeir\u00e3o Preto-SP e Regi\u00e3o&quot;","block_context":{"text":"Not\u00edcias de Ribeir\u00e3o Preto-SP e Regi\u00e3o","link":"https:\/\/noticiasribeiraopreto.com.br\/index.php\/category\/noticias-de-ribeirao-preto-sp-e-regiao-ismael-colosi\/"},"img":{"alt_text":"","src":"https:\/\/i0.wp.com\/noticiasribeiraopreto.com.br\/wp-content\/uploads\/2024\/05\/WhatsApp-Image-2024-05-02-at-10.12.11_2024-05-03_11-02-57_jpeg_2024-05-03_11-02-57.webp.webp?fit=1200%2C675&ssl=1&resize=350%2C200","width":350,"height":200,"srcset":"https:\/\/i0.wp.com\/noticiasribeiraopreto.com.br\/wp-content\/uploads\/2024\/05\/WhatsApp-Image-2024-05-02-at-10.12.11_2024-05-03_11-02-57_jpeg_2024-05-03_11-02-57.webp.webp?fit=1200%2C675&ssl=1&resize=350%2C200 1x, https:\/\/i0.wp.com\/noticiasribeiraopreto.com.br\/wp-content\/uploads\/2024\/05\/WhatsApp-Image-2024-05-02-at-10.12.11_2024-05-03_11-02-57_jpeg_2024-05-03_11-02-57.webp.webp?fit=1200%2C675&ssl=1&resize=525%2C300 1.5x, https:\/\/i0.wp.com\/noticiasribeiraopreto.com.br\/wp-content\/uploads\/2024\/05\/WhatsApp-Image-2024-05-02-at-10.12.11_2024-05-03_11-02-57_jpeg_2024-05-03_11-02-57.webp.webp?fit=1200%2C675&ssl=1&resize=700%2C400 2x, https:\/\/i0.wp.com\/noticiasribeiraopreto.com.br\/wp-content\/uploads\/2024\/05\/WhatsApp-Image-2024-05-02-at-10.12.11_2024-05-03_11-02-57_jpeg_2024-05-03_11-02-57.webp.webp?fit=1200%2C675&ssl=1&resize=1050%2C600 3x"},"classes":[]},{"id":69646,"url":"https:\/\/noticiasribeiraopreto.com.br\/index.php\/2025\/05\/07\/acidente-entre-carro-e-moto-deixa-uma-mulher-ferida-na-regiao-de-ribeirao-preto\/","url_meta":{"origin":69720,"position":4},"title":"Acidente entre carro e moto deixa uma mulher ferida na regi\u00e3o de Ribeir\u00e3o Preto","author":"noticiasribeiraopreto.com.br","date":"7 de May de 2025","format":false,"excerpt":"Uma mulher ficou ferida ap\u00f3s um acidente entre um carro e uma moto, na manh\u00e3 desta quarta-feira (7) no cruzamento das avenidas Affonso Trigo e Jos\u00e9 Ferreira dos Reis, em Sert\u00e3ozinho, na regi\u00e3o de Ribeir\u00e3o Preto. FIQUE POR DENTRO \u2013 Agrishow: trabalhador fica em estado grave ap\u00f3s acidente durante a\u2026","rel":"","context":"In &quot;Not\u00edcias de Ribeir\u00e3o Preto-SP e Regi\u00e3o&quot;","block_context":{"text":"Not\u00edcias de Ribeir\u00e3o Preto-SP e Regi\u00e3o","link":"https:\/\/noticiasribeiraopreto.com.br\/index.php\/category\/noticias-de-ribeirao-preto-sp-e-regiao-ismael-colosi\/"},"img":{"alt_text":"","src":"https:\/\/i0.wp.com\/noticiasribeiraopreto.com.br\/wp-content\/uploads\/2025\/05\/Copia-de-Copia-de-Copia-de-TAMANHO-EXATO-PARA-FOTOS-NO-SISTEMA-NOVO-46_2025-05-07_19-53-24.webp.webp?fit=1200%2C675&ssl=1&resize=350%2C200","width":350,"height":200,"srcset":"https:\/\/i0.wp.com\/noticiasribeiraopreto.com.br\/wp-content\/uploads\/2025\/05\/Copia-de-Copia-de-Copia-de-TAMANHO-EXATO-PARA-FOTOS-NO-SISTEMA-NOVO-46_2025-05-07_19-53-24.webp.webp?fit=1200%2C675&ssl=1&resize=350%2C200 1x, https:\/\/i0.wp.com\/noticiasribeiraopreto.com.br\/wp-content\/uploads\/2025\/05\/Copia-de-Copia-de-Copia-de-TAMANHO-EXATO-PARA-FOTOS-NO-SISTEMA-NOVO-46_2025-05-07_19-53-24.webp.webp?fit=1200%2C675&ssl=1&resize=525%2C300 1.5x, https:\/\/i0.wp.com\/noticiasribeiraopreto.com.br\/wp-content\/uploads\/2025\/05\/Copia-de-Copia-de-Copia-de-TAMANHO-EXATO-PARA-FOTOS-NO-SISTEMA-NOVO-46_2025-05-07_19-53-24.webp.webp?fit=1200%2C675&ssl=1&resize=700%2C400 2x, https:\/\/i0.wp.com\/noticiasribeiraopreto.com.br\/wp-content\/uploads\/2025\/05\/Copia-de-Copia-de-Copia-de-TAMANHO-EXATO-PARA-FOTOS-NO-SISTEMA-NOVO-46_2025-05-07_19-53-24.webp.webp?fit=1200%2C675&ssl=1&resize=1050%2C600 3x"},"classes":[]},{"id":48906,"url":"https:\/\/noticiasribeiraopreto.com.br\/index.php\/2024\/05\/07\/era-a-pessoa-mais-proxima-de-mim-lamenta-irmao-de-vitima-de-acidente-na-agrishow\/","url_meta":{"origin":69720,"position":5},"title":"\u2018Era a pessoa mais pr\u00f3xima de mim\u2019, lamenta irm\u00e3o de v\u00edtima de acidente na Agrishow","author":"noticiasribeiraopreto.com.br","date":"7 de May de 2024","format":false,"excerpt":"A Pol\u00edcia Civil vai investigar como homic\u00eddio o acidente que resultou na morte de um homem ap\u00f3s a queda de uma tenda na Agrishow, em Ribeir\u00e3o Preto. A estrutura desabou, na \u00faltima quinta-feira (2), ap\u00f3s a passagem de um helic\u00f3ptero sobre o estande. M\u00e1rcio Sabino Silva, de 27 anos, morreu\u2026","rel":"","context":"In &quot;Not\u00edcias de Ribeir\u00e3o Preto-SP e Regi\u00e3o&quot;","block_context":{"text":"Not\u00edcias de Ribeir\u00e3o Preto-SP e Regi\u00e3o","link":"https:\/\/noticiasribeiraopreto.com.br\/index.php\/category\/noticias-de-ribeirao-preto-sp-e-regiao-ismael-colosi\/"},"img":{"alt_text":"","src":"https:\/\/i0.wp.com\/noticiasribeiraopreto.com.br\/wp-content\/uploads\/2024\/05\/AnyConv.com__marcio-sabino_2024-05-07_16-28-08.webp.webp?fit=1129%2C778&ssl=1&resize=350%2C200","width":350,"height":200,"srcset":"https:\/\/i0.wp.com\/noticiasribeiraopreto.com.br\/wp-content\/uploads\/2024\/05\/AnyConv.com__marcio-sabino_2024-05-07_16-28-08.webp.webp?fit=1129%2C778&ssl=1&resize=350%2C200 1x, https:\/\/i0.wp.com\/noticiasribeiraopreto.com.br\/wp-content\/uploads\/2024\/05\/AnyConv.com__marcio-sabino_2024-05-07_16-28-08.webp.webp?fit=1129%2C778&ssl=1&resize=525%2C300 1.5x, https:\/\/i0.wp.com\/noticiasribeiraopreto.com.br\/wp-content\/uploads\/2024\/05\/AnyConv.com__marcio-sabino_2024-05-07_16-28-08.webp.webp?fit=1129%2C778&ssl=1&resize=700%2C400 2x, https:\/\/i0.wp.com\/noticiasribeiraopreto.com.br\/wp-content\/uploads\/2024\/05\/AnyConv.com__marcio-sabino_2024-05-07_16-28-08.webp.webp?fit=1129%2C778&ssl=1&resize=1050%2C600 3x"},"classes":[]}],"jetpack_sharing_enabled":true,"jetpack_shortlink":"https:\/\/wp.me\/peQAOb-i8w","_links":{"self":[{"href":"https:\/\/noticiasribeiraopreto.com.br\/index.php\/wp-json\/wp\/v2\/posts\/69720","targetHints":{"allow":["GET"]}}],"collection":[{"href":"https:\/\/noticiasribeiraopreto.com.br\/index.php\/wp-json\/wp\/v2\/posts"}],"about":[{"href":"https:\/\/noticiasribeiraopreto.com.br\/index.php\/wp-json\/wp\/v2\/types\/post"}],"author":[{"embeddable":true,"href":"https:\/\/noticiasribeiraopreto.com.br\/index.php\/wp-json\/wp\/v2\/users\/1"}],"replies":[{"embeddable":true,"href":"https:\/\/noticiasribeiraopreto.com.br\/index.php\/wp-json\/wp\/v2\/comments?post=69720"}],"version-history":[{"count":0,"href":"https:\/\/noticiasribeiraopreto.com.br\/index.php\/wp-json\/wp\/v2\/posts\/69720\/revisions"}],"wp:featuredmedia":[{"embeddable":true,"href":"https:\/\/noticiasribeiraopreto.com.br\/index.php\/wp-json\/wp\/v2\/media\/69721"}],"wp:attachment":[{"href":"https:\/\/noticiasribeiraopreto.com.br\/index.php\/wp-json\/wp\/v2\/media?parent=69720"}],"wp:term":[{"taxonomy":"category","embeddable":true,"href":"https:\/\/noticiasribeiraopreto.com.br\/index.php\/wp-json\/wp\/v2\/categories?post=69720"},{"taxonomy":"post_tag","embeddable":true,"href":"https:\/\/noticiasribeiraopreto.com.br\/index.php\/wp-json\/wp\/v2\/tags?post=69720"}],"curies":[{"name":"wp","href":"https:\/\/api.w.org\/{rel}","templated":true}]}}