{"id":69722,"date":"2025-05-08T16:07:41","date_gmt":"2025-05-08T19:07:41","guid":{"rendered":"https:\/\/noticiasribeiraopreto.com.br\/index.php\/2025\/05\/08\/novo-papa-e-agostiniano-nasceu-nos-eua-e-se-chama-papa-leao-xiv\/"},"modified":"2025-05-08T16:07:41","modified_gmt":"2025-05-08T19:07:41","slug":"novo-papa-e-agostiniano-nasceu-nos-eua-e-se-chama-papa-leao-xiv","status":"publish","type":"post","link":"https:\/\/noticiasribeiraopreto.com.br\/index.php\/2025\/05\/08\/novo-papa-e-agostiniano-nasceu-nos-eua-e-se-chama-papa-leao-xiv\/","title":{"rendered":"Novo papa \u00e9 agostiniano, nasceu nos EUA e se chama Papa Le\u00e3o XIV"},"content":{"rendered":"<p> <br \/>\n<\/p>\n<div>\n<p>Na quarta vota\u00e7\u00e3o do Conclave, na tarde desta quinta-feira, 8 de maio de 2025, os cardeais chegaram a um consenso sobre o nome do 267\u00ba Sucessor de Pedro, \u00e9 Le\u00e3o XIV. Eram 18 horas e 07 minutos quando a fuma\u00e7a branca come\u00e7ou a sair da chamin\u00e9 instalada no telhado da Capela Sistina, provocando uma verdadeira como\u00e7\u00e3o e gritos de j\u00fabilo entre os milhares de presentes na Pra\u00e7a S\u00e3o Pedro e Via da Concilia\u00e7\u00e3o, testemunhas oculares de um dia hist\u00f3rico para a Igreja e para o mundo. O badalar dos sinos da Bas\u00edlica de S\u00e3o Pedro que se seguiu foi uma confirma\u00e7\u00e3o de que \u201cHabemus Papam\u201d.<\/p>\n<p>O primeiro papa agostiniano, \u00e9 o segundo pont\u00edfice americano depois de Francisco, mas, ao contr\u00e1rio de Bergoglio, o estadunidense Robert Francis Prevost, de 69 anos, \u00e9 origin\u00e1rio do norte do continente. De fato, o novo bispo de Roma nasceu em 14 de setembro de 1955 em Chicago, Illinois, filho de Louis Marius Prevost, de ascend\u00eancia francesa e italiana, e de Mildred Mart\u00ednez, de ascend\u00eancia espanhola. Ele tem dois irm\u00e3os, Louis Mart\u00edn e John Joseph.<\/p>\n<p>Passou a inf\u00e2ncia e a adolesc\u00eancia com a fam\u00edlia e estudou primeiro no Semin\u00e1rio Menor dos Padres Agostinianos e depois na Villanova University, na Pensilv\u00e2nia, onde se formou em 1977 em Matem\u00e1tica e estudou Filosofia. Em 1\u00ba de setembro do mesmo ano, ingressou no noviciado da Ordem de Santo Agostinho (OSA) em St. Louis, na prov\u00edncia de Nossa Senhora do Bom Conselho, em Chicago, e fez sua primeira profiss\u00e3o em 2 de setembro de 1978. Em 29 de agosto de 1981, emitiu seus votos solenes.<\/p>\n<p>Estudou na Catholic Theological Union em Chicago, graduando-se em Teologia. Aos 27 anos, foi enviado por seus superiores a Roma para estudar Direito Can\u00f4nico na Pontif\u00edcia Universidade de Santo Tom\u00e1s de Aquino (Angelicum). Na Urbe, foi ordenado sacerdote em 19 de junho de 1982, no Col\u00e9gio Agostiniano de Santa M\u00f4nica, por Dom Jean Jadot, pr\u00f3-presidente do Pontif\u00edcio Conselho para os N\u00e3o Crist\u00e3os, hoje Dicast\u00e9rio para o Di\u00e1logo Inter-religioso.<\/p>\n<p>Prevost obteve a licenciatura em 1984 e, no ano seguinte, enquanto preparava sua tese de doutorado, foi enviado para a miss\u00e3o agostiniana em Chulucanas, Piura, Peru (1985-1986). Em 1987 defendeu sua tese de doutorado sobre \u201cO papel do prior local da Ordem de Santo Agostinho\u201d e foi nomeado Diretor de Voca\u00e7\u00f5es e Diretor de Miss\u00f5es da Prov\u00edncia Agostiniana \u201cM\u00e3e do Bom Conselho\u201d em Olympia Fields, Illinois (EUA).<\/p>\n<p>No ano seguinte, ingressou na miss\u00e3o de Trujillo, tamb\u00e9m no Peru, como diretor do projeto de forma\u00e7\u00e3o comum para os aspirantes agostinianos dos vicariatos de Chulucanas, Iquitos e Apur\u00edmac. Durante onze anos, ocupou os cargos de Prior da comunidade (1988-1992), Diretor de Forma\u00e7\u00e3o (1988-1998) e formador dos professos (1992-1998) e na Arquidiocese de Trujillo foi Vig\u00e1rio Judicial (1989-1998) e Professor de Direito Can\u00f4nico, Patr\u00edstica e Moral no Semin\u00e1rio Maior \u201cS\u00e3o Carlos e S\u00e3o Marcelo\u201d. Ao mesmo tempo, tamb\u00e9m lhe foi confiado o cuidado pastoral de Nossa Senhora M\u00e3e da Igreja, que mais tarde foi erigida como par\u00f3quia com o t\u00edtulo de Santa Rita (1988-1999), na periferia pobre da cidade, e foi administrador paroquial de Nossa Senhora de Monserrat de 1992 a 1999.<\/p>\n<p>Em 1999, foi eleito prior provincial da Prov\u00edncia Agostiniana \u201cM\u00e3e do Bom Conselho\u201d de Chicago, e dois anos e meio depois, no Cap\u00edtulo Geral Ordin\u00e1rio da Ordem de Santo Agostinho, seus coirm\u00e3os o escolheram como prior geral, confirmando-o em 2007 para um segundo mandato.<\/p>\n<p>Em outubro de 2013, retornou \u00e0 sua prov\u00edncia agostiniana, em Chicago, e foi diretor de forma\u00e7\u00e3o no convento de Santo Agostinho, primeiro conselheiro e vig\u00e1rio provincial; cargos que ocupou at\u00e9 que o Papa Francisco o nomeou, em 3 de novembro de 2014, administrador apost\u00f3lico da diocese peruana de Chiclayo, elevando-o \u00e0 dignidade episcopal como bispo titular de Sufar. Ele entrou na diocese em 7 de novembro, na presen\u00e7a do N\u00fancio Apost\u00f3lico James Patrick Green, que o ordenou bispo pouco mais de um m\u00eas depois, em 12 de dezembro, festa de Nossa Senhora de Guadalupe, na Catedral de Santa Maria.<\/p>\n<p>O seu lema episcopal \u00e9 \u201cIn Illo uno unum\u201d, palavras que Santo Agostinho pronunciou em um serm\u00e3o, a Exposi\u00e7\u00e3o sobre o Salmo 127, para explicar que \u201cembora n\u00f3s crist\u00e3os sejamos muitos, no \u00fanico Cristo somos um\u201d.<\/p>\n<p>Em 26 de setembro de 2015, foi nomeado bispo de Chiclayo pelo pont\u00edfice argentino e, em mar\u00e7o de 2018, foi eleito segundo vice-presidente da Confer\u00eancia Episcopal Peruana, na qual tamb\u00e9m foi membro do Conselho Econ\u00f4mico e presidente da Comiss\u00e3o de Cultura e Educa\u00e7\u00e3o.<\/p>\n<p>Em 2019, por decis\u00e3o de Francisco, foi inclu\u00eddo entre os membros da Congrega\u00e7\u00e3o para o Clero em 13 de julho de 2019 e, no ano seguinte, entre os membros da Congrega\u00e7\u00e3o para os Bispos (21 de novembro). Nesse meio tempo, em 15 de abril de 2020, recebe a nomea\u00e7\u00e3o pontif\u00edcia tamb\u00e9m como administrador apost\u00f3lico da diocese peruana de Callao.<\/p>\n<p>Em 30 de janeiro de 2023, o Papa o chamou a Roma como Prefeito do Dicast\u00e9rio para os Bispos e Presidente da Pontif\u00edcia Comiss\u00e3o para a Am\u00e9rica Latina, promovendo-o a arcebispo. E no Consist\u00f3rio de 30 de setembro do mesmo ano, ele o criou e o tornou cardeal, atribuindo-lhe o diaconato de Santa M\u00f4nica. Prevost tomou posse em 28 de janeiro de 2024 e, como chefe do dicast\u00e9rio, participou das \u00faltimas viagens apost\u00f3licas do Papa Francisco e da primeira e segunda sess\u00f5es da XVI Assembleia Geral Ordin\u00e1ria do S\u00ednodo dos Bispos sobre a Sinodalidade, realizadas em Roma de 4 a 29 de outubro de 2023 e de 2 a 27 de outubro de 2024, respectivamente. Uma experi\u00eancia em assembleias sinodais j\u00e1 adquirida no passado como Prior dos Agostinianos e representante da Uni\u00e3o dos Superiores Gerais (UGS).<\/p>\n<p>Enquanto isso, em 4 de outubro de 2023, Francisco o incluiu entre os membros dos Dicast\u00e9rios para a Evangeliza\u00e7\u00e3o, Se\u00e7\u00e3o para a Primeira Evangeliza\u00e7\u00e3o e as Novas Igrejas Particulares; para a Doutrina da F\u00e9; para as Igrejas Orientais; para o Clero; para os Institutos de Vida Consagrada e as Sociedades de Vida Apost\u00f3lica; para a Cultura e a Educa\u00e7\u00e3o; para os Textos Legislativos; da Pontif\u00edcia Comiss\u00e3o para o Estado da Cidade do Vaticano.<\/p>\n<p>Finalmente, em 6 de fevereiro deste ano, ele foi promovido \u00e0 ordem dos bispos pelo Pont\u00edfice argentino, obtendo o t\u00edtulo de Igreja Suburbic\u00e1ria de Albano.<\/p>\n<p>Durante a \u00faltima hospitaliza\u00e7\u00e3o de seu predecessor no hospital \u2018Gemelli\u2019, Prevost presidiu o ros\u00e1rio pela sa\u00fade de Francisco em 3 de mar\u00e7o na Pra\u00e7a S\u00e3o Pedro.<\/p>\n<p>*Com Vatican News em Portugu\u00eas<\/p>\n<p><!-- CONTENT END 1 --><\/p><\/div>\n<p><br \/>\n<br \/><a href=\"https:\/\/www.f3noticias.com.br\/novo-papa-e-agostiniano-nasceu-nos-eua-e-se-chama-papa-leao-xiv\/\">Source link <\/a><\/p>\n","protected":false},"excerpt":{"rendered":"<p>Na quarta vota\u00e7\u00e3o do Conclave, na tarde desta quinta-feira, 8 de maio de 2025, os cardeais chegaram a um consenso sobre o nome do 267\u00ba&#8230;<\/p>\n","protected":false},"author":1,"featured_media":69723,"comment_status":"open","ping_status":"open","sticky":false,"template":"","format":"standard","meta":{"advanced_seo_description":"","jetpack_seo_html_title":"","jetpack_seo_noindex":false,"jetpack_post_was_ever_published":false,"_jetpack_newsletter_access":"","_jetpack_dont_email_post_to_subs":false,"_jetpack_newsletter_tier_id":0,"_jetpack_memberships_contains_paywalled_content":false,"_jetpack_memberships_contains_paid_content":false,"footnotes":"","jetpack_publicize_message":"","jetpack_publicize_feature_enabled":true,"jetpack_social_post_already_shared":true,"jetpack_social_options":{"image_generator_settings":{"template":"highway","default_image_id":0,"font":"","enabled":false},"version":2}},"categories":[3597],"tags":[],"class_list":["post-69722","post","type-post","status-publish","format-standard","has-post-thumbnail","hentry","category-noticias-franca-sp"],"jetpack_publicize_connections":[],"jetpack_featured_media_url":"https:\/\/i0.wp.com\/noticiasribeiraopreto.com.br\/wp-content\/uploads\/2025\/05\/papa_leaoxiv.jpeg?fit=750%2C421&ssl=1","jetpack-related-posts":[{"id":69731,"url":"https:\/\/noticiasribeiraopreto.com.br\/index.php\/2025\/05\/08\/quem-e-robert-prevost-o-papa-leao-xiv-escolhido-no-conclave\/","url_meta":{"origin":69722,"position":0},"title":"Quem \u00e9 Robert Prevost, o papa Le\u00e3o XIV, escolhido no conclave?","author":"noticiasribeiraopreto.com.br","date":"8 de May de 2025","format":false,"excerpt":"O cardeal norte-americano Robert Prevost, de 69 anos, foi escolhido papa pelo conclave nesta quinta-feira (8). Ele ser\u00e1 chamado de papa Le\u00e3o XIV e ser\u00e1 o 267\u00ba papa da hist\u00f3ria, que vai suceder Francisco \u00e0 frente do Vaticano. Robert Prevost era visto como o candidato mais vi\u00e1vel entre os dez\u2026","rel":"","context":"In &quot;Not\u00edcias de Ribeir\u00e3o Preto-SP e Regi\u00e3o&quot;","block_context":{"text":"Not\u00edcias de Ribeir\u00e3o Preto-SP e Regi\u00e3o","link":"https:\/\/noticiasribeiraopreto.com.br\/index.php\/category\/noticias-de-ribeirao-preto-sp-e-regiao-ismael-colosi\/"},"img":{"alt_text":"","src":"https:\/\/i0.wp.com\/noticiasribeiraopreto.com.br\/wp-content\/uploads\/2025\/05\/robert-prevost_2025-05-08_18-01-40.webp.webp?fit=1200%2C675&ssl=1&resize=350%2C200","width":350,"height":200,"srcset":"https:\/\/i0.wp.com\/noticiasribeiraopreto.com.br\/wp-content\/uploads\/2025\/05\/robert-prevost_2025-05-08_18-01-40.webp.webp?fit=1200%2C675&ssl=1&resize=350%2C200 1x, https:\/\/i0.wp.com\/noticiasribeiraopreto.com.br\/wp-content\/uploads\/2025\/05\/robert-prevost_2025-05-08_18-01-40.webp.webp?fit=1200%2C675&ssl=1&resize=525%2C300 1.5x, https:\/\/i0.wp.com\/noticiasribeiraopreto.com.br\/wp-content\/uploads\/2025\/05\/robert-prevost_2025-05-08_18-01-40.webp.webp?fit=1200%2C675&ssl=1&resize=700%2C400 2x, https:\/\/i0.wp.com\/noticiasribeiraopreto.com.br\/wp-content\/uploads\/2025\/05\/robert-prevost_2025-05-08_18-01-40.webp.webp?fit=1200%2C675&ssl=1&resize=1050%2C600 3x"},"classes":[]},{"id":69769,"url":"https:\/\/noticiasribeiraopreto.com.br\/index.php\/2025\/05\/09\/jornal-da-franca-conheca-a-vida-e-a-historia-do-papa-leao-xiv-robertum-franciscum-prevost\/","url_meta":{"origin":69722,"position":1},"title":"Jornal da Franca &#8211; Conhe\u00e7a a vida e a hist\u00f3ria do Papa Le\u00e3o XIV: Robertum Franciscum Prevost","author":"noticiasribeiraopreto.com.br","date":"9 de May de 2025","format":false,"excerpt":"compartilhar no whatsapp compartilhar no telegram compartilhar no facebook compartilhar no linkedin Durante a \u00faltima hospitaliza\u00e7\u00e3o de seu predecessor, Prevost presidiu o ros\u00e1rio pela sa\u00fade de Francisco em 3 de mar\u00e7o na Pra\u00e7a S\u00e3o Pedro. Primeiro papa agostiniano, \u00e9 o segundo pont\u00edfice americano depois de Francisco, mas, ao contr\u00e1rio de\u2026","rel":"","context":"In &quot;Not\u00edcias de Franca-SP&quot;","block_context":{"text":"Not\u00edcias de Franca-SP","link":"https:\/\/noticiasribeiraopreto.com.br\/index.php\/category\/noticias-de-ribeirao-preto-sp-e-regiao-ismael-colosi\/noticias-franca-sp\/"},"img":{"alt_text":"","src":"https:\/\/i0.wp.com\/noticiasribeiraopreto.com.br\/wp-content\/uploads\/2025\/05\/cq5dam.thumbnail.cropped.750.422-2.jpeg?fit=750%2C422&ssl=1&resize=350%2C200","width":350,"height":200,"srcset":"https:\/\/i0.wp.com\/noticiasribeiraopreto.com.br\/wp-content\/uploads\/2025\/05\/cq5dam.thumbnail.cropped.750.422-2.jpeg?fit=750%2C422&ssl=1&resize=350%2C200 1x, https:\/\/i0.wp.com\/noticiasribeiraopreto.com.br\/wp-content\/uploads\/2025\/05\/cq5dam.thumbnail.cropped.750.422-2.jpeg?fit=750%2C422&ssl=1&resize=525%2C300 1.5x, https:\/\/i0.wp.com\/noticiasribeiraopreto.com.br\/wp-content\/uploads\/2025\/05\/cq5dam.thumbnail.cropped.750.422-2.jpeg?fit=750%2C422&ssl=1&resize=700%2C400 2x"},"classes":[]},{"id":69779,"url":"https:\/\/noticiasribeiraopreto.com.br\/index.php\/2025\/05\/09\/novo-papa-ja-esteve-em-igrejas-no-interior-de-sp-veja-por-onde-ele-passou\/","url_meta":{"origin":69722,"position":2},"title":"Novo papa j\u00e1 esteve em igrejas no interior de SP; Veja por onde ele passou","author":"noticiasribeiraopreto.com.br","date":"9 de May de 2025","format":false,"excerpt":"O cardeal norte-americano Robert Francis Prevost, eleito Papa Le\u00e3o XIV no conclave que terminou nesta quinta-feira (8), j\u00e1 visitou igrejas no interior de S\u00e3o Paulo. Em 2008, quando ainda era padre geral dos agostinianos, Prevost participou de uma missa na Par\u00f3quia Santo Ant\u00f4nio, em Campinas. A visita teve como finalidade\u2026","rel":"","context":"In &quot;Not\u00edcias de Ribeir\u00e3o Preto-SP e Regi\u00e3o&quot;","block_context":{"text":"Not\u00edcias de Ribeir\u00e3o Preto-SP e Regi\u00e3o","link":"https:\/\/noticiasribeiraopreto.com.br\/index.php\/category\/noticias-de-ribeirao-preto-sp-e-regiao-ismael-colosi\/"},"img":{"alt_text":"","src":"https:\/\/i0.wp.com\/noticiasribeiraopreto.com.br\/wp-content\/uploads\/2025\/05\/PAPA_2025-05-09_10-49-48.webp.webp?fit=1200%2C796&ssl=1&resize=350%2C200","width":350,"height":200,"srcset":"https:\/\/i0.wp.com\/noticiasribeiraopreto.com.br\/wp-content\/uploads\/2025\/05\/PAPA_2025-05-09_10-49-48.webp.webp?fit=1200%2C796&ssl=1&resize=350%2C200 1x, https:\/\/i0.wp.com\/noticiasribeiraopreto.com.br\/wp-content\/uploads\/2025\/05\/PAPA_2025-05-09_10-49-48.webp.webp?fit=1200%2C796&ssl=1&resize=525%2C300 1.5x, https:\/\/i0.wp.com\/noticiasribeiraopreto.com.br\/wp-content\/uploads\/2025\/05\/PAPA_2025-05-09_10-49-48.webp.webp?fit=1200%2C796&ssl=1&resize=700%2C400 2x, https:\/\/i0.wp.com\/noticiasribeiraopreto.com.br\/wp-content\/uploads\/2025\/05\/PAPA_2025-05-09_10-49-48.webp.webp?fit=1200%2C796&ssl=1&resize=1050%2C600 3x"},"classes":[]},{"id":69735,"url":"https:\/\/noticiasribeiraopreto.com.br\/index.php\/2025\/05\/08\/robert-prevost-e-o-escolhido-no-conclave-saiba-quem-e-o-novo-papa\/","url_meta":{"origin":69722,"position":3},"title":"Robert Prevost \u00e9 o escolhido no conclave; Saiba quem \u00e9 o novo papa","author":"noticiasribeiraopreto.com.br","date":"8 de May de 2025","format":false,"excerpt":"O grupo de cardeais reunidos para o conclave na Capela Sistina escolheu nesta quinta-feira (8), o 267\u00ba papa da hist\u00f3ria, que vai suceder Francisco \u00e0 frente do Vaticano. O novo papa \u00e9 o cardeal Robert Prevost, dos Estados Unidos. O novo papa escolheu o nome Le\u00e3o XIV. Robert Prevost tem\u2026","rel":"","context":"In &quot;Not\u00edcias de Ribeir\u00e3o Preto-SP e Regi\u00e3o&quot;","block_context":{"text":"Not\u00edcias de Ribeir\u00e3o Preto-SP e Regi\u00e3o","link":"https:\/\/noticiasribeiraopreto.com.br\/index.php\/category\/noticias-de-ribeirao-preto-sp-e-regiao-ismael-colosi\/"},"img":{"alt_text":"","src":"https:\/\/i0.wp.com\/noticiasribeiraopreto.com.br\/wp-content\/uploads\/2025\/05\/prevost-1_2025-05-08_17-37-14.webp.webp?fit=1200%2C797&ssl=1&resize=350%2C200","width":350,"height":200,"srcset":"https:\/\/i0.wp.com\/noticiasribeiraopreto.com.br\/wp-content\/uploads\/2025\/05\/prevost-1_2025-05-08_17-37-14.webp.webp?fit=1200%2C797&ssl=1&resize=350%2C200 1x, https:\/\/i0.wp.com\/noticiasribeiraopreto.com.br\/wp-content\/uploads\/2025\/05\/prevost-1_2025-05-08_17-37-14.webp.webp?fit=1200%2C797&ssl=1&resize=525%2C300 1.5x, https:\/\/i0.wp.com\/noticiasribeiraopreto.com.br\/wp-content\/uploads\/2025\/05\/prevost-1_2025-05-08_17-37-14.webp.webp?fit=1200%2C797&ssl=1&resize=700%2C400 2x, https:\/\/i0.wp.com\/noticiasribeiraopreto.com.br\/wp-content\/uploads\/2025\/05\/prevost-1_2025-05-08_17-37-14.webp.webp?fit=1200%2C797&ssl=1&resize=1050%2C600 3x"},"classes":[]},{"id":69718,"url":"https:\/\/noticiasribeiraopreto.com.br\/index.php\/2025\/05\/08\/jornal-da-franca-americano-robert-prevost-e-anunciado-como-novo-papa-com-o-nome-de-leao-xiv\/","url_meta":{"origin":69722,"position":4},"title":"Jornal da Franca &#8211; Americano Robert Prevost \u00e9 anunciado como novo papa, com o nome de Le\u00e3o XIV","author":"noticiasribeiraopreto.com.br","date":"8 de May de 2025","format":false,"excerpt":"compartilhar no whatsapp compartilhar no telegram compartilhar no facebook compartilhar no linkedin O Conclave elegeu o cardeal Robert Prevost como o 267\u00ba Bispo de Roma. An\u00fancio foi dado pelo cardeal protodi\u00e1cono Dominique Mamberti. O americano Robert Prevost, 69, \u00e9 o novo papa. O nome dele, escolhido nesta quinta-feira (8) no\u2026","rel":"","context":"In &quot;Not\u00edcias de Franca-SP&quot;","block_context":{"text":"Not\u00edcias de Franca-SP","link":"https:\/\/noticiasribeiraopreto.com.br\/index.php\/category\/noticias-de-ribeirao-preto-sp-e-regiao-ismael-colosi\/noticias-franca-sp\/"},"img":{"alt_text":"","src":"https:\/\/i0.wp.com\/noticiasribeiraopreto.com.br\/wp-content\/uploads\/2025\/05\/cq5dam.thumbnail.cropped.750.422.jpeg?fit=750%2C421&ssl=1&resize=350%2C200","width":350,"height":200,"srcset":"https:\/\/i0.wp.com\/noticiasribeiraopreto.com.br\/wp-content\/uploads\/2025\/05\/cq5dam.thumbnail.cropped.750.422.jpeg?fit=750%2C421&ssl=1&resize=350%2C200 1x, https:\/\/i0.wp.com\/noticiasribeiraopreto.com.br\/wp-content\/uploads\/2025\/05\/cq5dam.thumbnail.cropped.750.422.jpeg?fit=750%2C421&ssl=1&resize=525%2C300 1.5x, https:\/\/i0.wp.com\/noticiasribeiraopreto.com.br\/wp-content\/uploads\/2025\/05\/cq5dam.thumbnail.cropped.750.422.jpeg?fit=750%2C421&ssl=1&resize=700%2C400 2x"},"classes":[]},{"id":70211,"url":"https:\/\/noticiasribeiraopreto.com.br\/index.php\/2025\/05\/23\/leao-xiv-desmembra-arquidiocese-de-rp\/","url_meta":{"origin":69722,"position":5},"title":"Le\u00e3o XIV desmembra arquidiocese de RP","author":"noticiasribeiraopreto.com.br","date":"23 de May de 2025","format":false,"excerpt":"O papa Le\u00e3o XIV elevou a diocese de S\u00e3o Jos\u00e9 do Rio Preto \u00e0 categoria de arquidiocese, desmembrando-a da Arquidiocese de Ribeir\u00e3o Preto. O bispo Dom Ant\u00f4nio Em\u00eddio Vilar passa a ser arcebispo metropolitano. \u00c9 a primeira criada em todo o mundo cat\u00f3lico pelo novo pont\u00edfice, desde que ele foi\u2026","rel":"","context":"In &quot;Not\u00edcias de Ribeir\u00e3o Preto-SP e Regi\u00e3o&quot;","block_context":{"text":"Not\u00edcias de Ribeir\u00e3o Preto-SP e Regi\u00e3o","link":"https:\/\/noticiasribeiraopreto.com.br\/index.php\/category\/noticias-de-ribeirao-preto-sp-e-regiao-ismael-colosi\/"},"img":{"alt_text":"","src":"https:\/\/i0.wp.com\/noticiasribeiraopreto.com.br\/wp-content\/uploads\/2025\/05\/Dom-Emidio-nomeado.jpeg?fit=797%2C1200&ssl=1&resize=350%2C200","width":350,"height":200,"srcset":"https:\/\/i0.wp.com\/noticiasribeiraopreto.com.br\/wp-content\/uploads\/2025\/05\/Dom-Emidio-nomeado.jpeg?fit=797%2C1200&ssl=1&resize=350%2C200 1x, https:\/\/i0.wp.com\/noticiasribeiraopreto.com.br\/wp-content\/uploads\/2025\/05\/Dom-Emidio-nomeado.jpeg?fit=797%2C1200&ssl=1&resize=525%2C300 1.5x, https:\/\/i0.wp.com\/noticiasribeiraopreto.com.br\/wp-content\/uploads\/2025\/05\/Dom-Emidio-nomeado.jpeg?fit=797%2C1200&ssl=1&resize=700%2C400 2x"},"classes":[]}],"jetpack_sharing_enabled":true,"jetpack_shortlink":"https:\/\/wp.me\/peQAOb-i8y","_links":{"self":[{"href":"https:\/\/noticiasribeiraopreto.com.br\/index.php\/wp-json\/wp\/v2\/posts\/69722","targetHints":{"allow":["GET"]}}],"collection":[{"href":"https:\/\/noticiasribeiraopreto.com.br\/index.php\/wp-json\/wp\/v2\/posts"}],"about":[{"href":"https:\/\/noticiasribeiraopreto.com.br\/index.php\/wp-json\/wp\/v2\/types\/post"}],"author":[{"embeddable":true,"href":"https:\/\/noticiasribeiraopreto.com.br\/index.php\/wp-json\/wp\/v2\/users\/1"}],"replies":[{"embeddable":true,"href":"https:\/\/noticiasribeiraopreto.com.br\/index.php\/wp-json\/wp\/v2\/comments?post=69722"}],"version-history":[{"count":0,"href":"https:\/\/noticiasribeiraopreto.com.br\/index.php\/wp-json\/wp\/v2\/posts\/69722\/revisions"}],"wp:featuredmedia":[{"embeddable":true,"href":"https:\/\/noticiasribeiraopreto.com.br\/index.php\/wp-json\/wp\/v2\/media\/69723"}],"wp:attachment":[{"href":"https:\/\/noticiasribeiraopreto.com.br\/index.php\/wp-json\/wp\/v2\/media?parent=69722"}],"wp:term":[{"taxonomy":"category","embeddable":true,"href":"https:\/\/noticiasribeiraopreto.com.br\/index.php\/wp-json\/wp\/v2\/categories?post=69722"},{"taxonomy":"post_tag","embeddable":true,"href":"https:\/\/noticiasribeiraopreto.com.br\/index.php\/wp-json\/wp\/v2\/tags?post=69722"}],"curies":[{"name":"wp","href":"https:\/\/api.w.org\/{rel}","templated":true}]}}