{"id":69726,"date":"2025-05-08T17:18:22","date_gmt":"2025-05-08T20:18:22","guid":{"rendered":"https:\/\/noticiasribeiraopreto.com.br\/index.php\/2025\/05\/08\/saiba-a-origem-da-avenida-leao-xiii-em-ribeirao-preto\/"},"modified":"2025-05-08T17:18:22","modified_gmt":"2025-05-08T20:18:22","slug":"saiba-a-origem-da-avenida-leao-xiii-em-ribeirao-preto","status":"publish","type":"post","link":"https:\/\/noticiasribeiraopreto.com.br\/index.php\/2025\/05\/08\/saiba-a-origem-da-avenida-leao-xiii-em-ribeirao-preto\/","title":{"rendered":"Saiba a origem da avenida Le\u00e3o XIII em Ribeir\u00e3o Preto"},"content":{"rendered":"<p> <br \/>\n<\/p>\n<div>\n<p>O cardeal <strong>Robert Prevost<\/strong> foi escolhido papa pelo conclave nesta quinta-feira (8). Com isso, a partir de agora, ser\u00e1 conhecido como <strong>Le\u00e3o XIV<\/strong>. Antes do americano, por\u00e9m, <strong>Gioacchino Pecci<\/strong>, em 1878, foi o \u00faltimo a escolher <strong>Le\u00e3o <\/strong>como nome de papado.<\/p>\n<p><em>&gt;&gt;&gt;FIQUE POR DENTRO: Quem \u00e9 Robert Prevost, o papa Le\u00e3o XIV, escolhido no conclave?<\/em><\/p>\n<p>O <strong>papa Le\u00e3o XIII<\/strong> \u00e9 considerado uma das figuras <strong>mais influentes da hist\u00f3ria da Igreja Cat\u00f3lica<\/strong> e recebeu homenagens em todo o mundo. <mark style=\"background-color:#fcb900\" class=\"has-inline-color\">Em <strong>Ribeir\u00e3o Preto<\/strong>, por exemplo, uma avenida na zona Leste da cidade recebeu o nome do <strong>pont\u00edfice<\/strong>.<\/mark><\/p>\n<p>O ex-prefeito Dr. Ant\u00f4nio Duarte Nogueira assinou, em <strong>2 de agosto de 1971<\/strong>, a <strong>lei n\u00ba 2484<\/strong>, que deu o nome de <strong>avenida Le\u00e3o XIII<\/strong> \u00e0 via que liga a rotat\u00f3ria da avenida Cost\u00e1bile Romano \u00e0 rotat\u00f3ria da avenida Presidente Castelo Branco (antiga avenida Industrial), passando pelo bairro Iguatemi.<\/p>\n<p>Dessa forma, ainda em 1972, o governo assinou o <strong>decreto n\u00ba 220<\/strong>, destinado \u00e0 <strong>abertura <\/strong>e <strong>prolongamento da avenida Le\u00e3o XIII<\/strong>.<\/p>\n<h2 class=\"wp-block-heading\"><strong>Quem foi o papa Le\u00e3o XIII?<\/strong><\/h2>\n<p><strong>Vincenzo Gioacchino Raffaele Luigi Pecci <\/strong>nasceu em 2 de mar\u00e7o de 1810, na <strong>It\u00e1lia<\/strong>. Tornou-se sacerdote aos 27 anos e arcebispo aos 33. <mark style=\"background-color:#fcb900\" class=\"has-inline-color\">Em 1878, se tornou papa e permaneceu no cargo at\u00e9 morrer, em 1903, aos 93 anos<\/mark>.<\/p>\n<div class=\"wp-block-image\">\n<figure class=\"aligncenter size-large is-resized\"><img data-recalc-dims=\"1\" fetchpriority=\"high\" decoding=\"async\" width=\"1024\" height=\"576\" src=\"https:\/\/i0.wp.com\/www.acidadeon.com\/ribeiraopreto\/wp-content\/uploads\/sites\/3\/2025\/05\/Copia-de-Copia-de-Copia-de-TAMANHO-EXATO-PARA-FOTOS-NO-SISTEMA-NOVO-2025-05-08T164403.746_2025-05-08_19-44-22-1024x576.webp?resize=1024%2C576&#038;ssl=1\" alt=\"\" class=\"wp-image-115946\" style=\"width:658px;height:auto\" srcset=\"https:\/\/www.acidadeon.com\/ribeiraopreto\/wp-content\/uploads\/sites\/3\/2025\/05\/Copia-de-Copia-de-Copia-de-TAMANHO-EXATO-PARA-FOTOS-NO-SISTEMA-NOVO-2025-05-08T164403.746_2025-05-08_19-44-22-1024x576.webp 1024w, https:\/\/www.acidadeon.com\/ribeiraopreto\/wp-content\/uploads\/sites\/3\/2025\/05\/Copia-de-Copia-de-Copia-de-TAMANHO-EXATO-PARA-FOTOS-NO-SISTEMA-NOVO-2025-05-08T164403.746_2025-05-08_19-44-22-300x169.webp 300w, https:\/\/www.acidadeon.com\/ribeiraopreto\/wp-content\/uploads\/sites\/3\/2025\/05\/Copia-de-Copia-de-Copia-de-TAMANHO-EXATO-PARA-FOTOS-NO-SISTEMA-NOVO-2025-05-08T164403.746_2025-05-08_19-44-22-768x432.webp 768w, https:\/\/www.acidadeon.com\/ribeiraopreto\/wp-content\/uploads\/sites\/3\/2025\/05\/Copia-de-Copia-de-Copia-de-TAMANHO-EXATO-PARA-FOTOS-NO-SISTEMA-NOVO-2025-05-08T164403.746_2025-05-08_19-44-22-696x392.webp 696w, https:\/\/www.acidadeon.com\/ribeiraopreto\/wp-content\/uploads\/sites\/3\/2025\/05\/Copia-de-Copia-de-Copia-de-TAMANHO-EXATO-PARA-FOTOS-NO-SISTEMA-NOVO-2025-05-08T164403.746_2025-05-08_19-44-22-1068x601.webp 1068w, https:\/\/www.acidadeon.com\/ribeiraopreto\/wp-content\/uploads\/sites\/3\/2025\/05\/Copia-de-Copia-de-Copia-de-TAMANHO-EXATO-PARA-FOTOS-NO-SISTEMA-NOVO-2025-05-08T164403.746_2025-05-08_19-44-22.webp 1200w\" sizes=\"(max-width: 1024px) 100vw, 1024px\"\/><figcaption class=\"wp-element-caption\">Papa Le\u00e3o XIII \u2013 Foto: reprodu\u00e7\u00e3o\/ Vaticano.<\/figcaption><\/figure>\n<\/div>\n<p>De acordo com a <strong><a href=\"https:\/\/www.cnbb.org.br\/\">CNBB (Confer\u00eancia Nacional dos Bispos do Brasil)<\/a><\/strong>, durante os 25 anos de pontificado, <strong>Le\u00e3o XIII<\/strong> destacou-se por sua intensa produ\u00e7\u00e3o de documentos eclesi\u00e1sticos e seu \u00eanfase na devo\u00e7\u00e3o ao Esp\u00edrito Santo \u2013 \u201co Papa escreveu em 1897 a Enc\u00edclica <em>Divinum Illud Munus<\/em>, a primeira da Igreja dedicada exclusivamente \u00e0 pessoa e miss\u00e3o do Esp\u00edrito Santo\u201d.<\/p>\n<p>Vale dizer que um dos gestos mais simb\u00f3licos de seu pontificado aconteceu na noite do dia 31 de dezembro de 1899, na passagem do s\u00e9culo XIX para o XX.<\/p>\n<figure class=\"wp-block-pullquote\">\n<blockquote>\n<p>Durante uma solene celebra\u00e7\u00e3o eucar\u00edstica, Le\u00e3o XIII entoou o hino Veni Creator Spiritus e consagrou o s\u00e9culo XX ao Esp\u00edrito Santo \u2014 um ato prof\u00e9tico que, para muitos, antecipou eventos decisivos na vida da Igreja, como o Conc\u00edlio Vaticano II e o surgimento da Renova\u00e7\u00e3o Carism\u00e1tica Cat\u00f3lica<\/p>\n<p><cite>explica a CNBB<\/cite><\/p><\/blockquote>\n<\/figure>\n<hr class=\"wp-block-separator has-alpha-channel-opacity\"\/>\n<p>SAIBA MAIS<\/p>\n<p>Ribeir\u00e3o Preto \u00e9 a 58\u00aa cidade mais desenvolvida do Brasil; Veja ranking da Firjan        <mark style=\"background-color:#ffffff\" class=\"has-inline-color has-white-color\">contudo,<\/mark><\/p>\n<h4 class=\"wp-block-heading\"><strong>FIQUE ON<\/strong><\/h4>\n<p>Fique ligado em tudo que acontece em Ribeir\u00e3o Preto e regi\u00e3o. Siga os perfis do<strong>\u00a0acidade on\u00a0<\/strong>no\u00a0<a href=\"https:\/\/www.instagram.com\/acidadeonribeirao\">Instagram\u00a0<\/a>e no\u00a0<a href=\"https:\/\/www.facebook.com\/acidadeonribeirao\/\">Facebook<\/a>.<\/p>\n<p>Receba not\u00edcias do\u00a0<strong>acidade on\u00a0<\/strong>no WhatsApp.\u00a0<a href=\"https:\/\/chat.whatsapp.com\/BjKQZ9oJwlz8VVT50NuePq\">Para entrar no grupo, basta clicar aqui.<\/a><\/p>\n<p>Fa\u00e7a uma den\u00fancia ou sugira uma reportagem sobre Ribeir\u00e3o Preto e regi\u00e3o pelo WhatsApp: 16 99117 7802.<\/p>\n<p>VEJA TAMB\u00c9M<\/p>\n<p>Sobre o que \u00e9 o novo livro do Padre F\u00e1bio de Melo?\u00a0 <mark style=\"background-color:#ffffff\" class=\"has-inline-color has-white-color\">contudo,<\/mark><\/p>\n<p><!-- CONTENT END 1 -->\n<\/div>\n<p><script async src=\"\/\/www.instagram.com\/embed.js\"><\/script><br \/>\n<br \/><br \/>\n<br \/><a href=\"https:\/\/www.acidadeon.com\/ribeiraopreto\/cotidiano\/saiba-a-origem-da-avenida-leao-xiii-em-ribeirao-preto\/\">Source link <\/a><\/p>\n","protected":false},"excerpt":{"rendered":"<p>O cardeal Robert Prevost foi escolhido papa pelo conclave nesta quinta-feira (8). Com isso, a partir de agora, ser\u00e1 conhecido como Le\u00e3o XIV. Antes do&#8230;<\/p>\n","protected":false},"author":1,"featured_media":69727,"comment_status":"open","ping_status":"open","sticky":false,"template":"","format":"standard","meta":{"advanced_seo_description":"","jetpack_seo_html_title":"","jetpack_seo_noindex":false,"jetpack_post_was_ever_published":false,"_jetpack_newsletter_access":"","_jetpack_dont_email_post_to_subs":false,"_jetpack_newsletter_tier_id":0,"_jetpack_memberships_contains_paywalled_content":false,"_jetpack_memberships_contains_paid_content":false,"footnotes":"","jetpack_publicize_message":"","jetpack_publicize_feature_enabled":true,"jetpack_social_post_already_shared":true,"jetpack_social_options":{"image_generator_settings":{"template":"highway","default_image_id":0,"font":"","enabled":false},"version":2}},"categories":[11],"tags":[],"class_list":["post-69726","post","type-post","status-publish","format-standard","has-post-thumbnail","hentry","category-noticias-de-ribeirao-preto-sp-e-regiao-ismael-colosi"],"jetpack_publicize_connections":[],"jetpack_featured_media_url":"https:\/\/i0.wp.com\/noticiasribeiraopreto.com.br\/wp-content\/uploads\/2025\/05\/20230318_162012-scaled.jpg?fit=2560%2C1300&ssl=1","jetpack-related-posts":[{"id":69718,"url":"https:\/\/noticiasribeiraopreto.com.br\/index.php\/2025\/05\/08\/jornal-da-franca-americano-robert-prevost-e-anunciado-como-novo-papa-com-o-nome-de-leao-xiv\/","url_meta":{"origin":69726,"position":0},"title":"Jornal da Franca &#8211; Americano Robert Prevost \u00e9 anunciado como novo papa, com o nome de Le\u00e3o XIV","author":"noticiasribeiraopreto.com.br","date":"8 de May de 2025","format":false,"excerpt":"compartilhar no whatsapp compartilhar no telegram compartilhar no facebook compartilhar no linkedin O Conclave elegeu o cardeal Robert Prevost como o 267\u00ba Bispo de Roma. An\u00fancio foi dado pelo cardeal protodi\u00e1cono Dominique Mamberti. O americano Robert Prevost, 69, \u00e9 o novo papa. O nome dele, escolhido nesta quinta-feira (8) no\u2026","rel":"","context":"In &quot;Not\u00edcias de Franca-SP&quot;","block_context":{"text":"Not\u00edcias de Franca-SP","link":"https:\/\/noticiasribeiraopreto.com.br\/index.php\/category\/noticias-de-ribeirao-preto-sp-e-regiao-ismael-colosi\/noticias-franca-sp\/"},"img":{"alt_text":"","src":"https:\/\/i0.wp.com\/noticiasribeiraopreto.com.br\/wp-content\/uploads\/2025\/05\/cq5dam.thumbnail.cropped.750.422.jpeg?fit=750%2C421&ssl=1&resize=350%2C200","width":350,"height":200,"srcset":"https:\/\/i0.wp.com\/noticiasribeiraopreto.com.br\/wp-content\/uploads\/2025\/05\/cq5dam.thumbnail.cropped.750.422.jpeg?fit=750%2C421&ssl=1&resize=350%2C200 1x, https:\/\/i0.wp.com\/noticiasribeiraopreto.com.br\/wp-content\/uploads\/2025\/05\/cq5dam.thumbnail.cropped.750.422.jpeg?fit=750%2C421&ssl=1&resize=525%2C300 1.5x, https:\/\/i0.wp.com\/noticiasribeiraopreto.com.br\/wp-content\/uploads\/2025\/05\/cq5dam.thumbnail.cropped.750.422.jpeg?fit=750%2C421&ssl=1&resize=700%2C400 2x"},"classes":[]},{"id":69731,"url":"https:\/\/noticiasribeiraopreto.com.br\/index.php\/2025\/05\/08\/quem-e-robert-prevost-o-papa-leao-xiv-escolhido-no-conclave\/","url_meta":{"origin":69726,"position":1},"title":"Quem \u00e9 Robert Prevost, o papa Le\u00e3o XIV, escolhido no conclave?","author":"noticiasribeiraopreto.com.br","date":"8 de May de 2025","format":false,"excerpt":"O cardeal norte-americano Robert Prevost, de 69 anos, foi escolhido papa pelo conclave nesta quinta-feira (8). Ele ser\u00e1 chamado de papa Le\u00e3o XIV e ser\u00e1 o 267\u00ba papa da hist\u00f3ria, que vai suceder Francisco \u00e0 frente do Vaticano. Robert Prevost era visto como o candidato mais vi\u00e1vel entre os dez\u2026","rel":"","context":"In &quot;Not\u00edcias de Ribeir\u00e3o Preto-SP e Regi\u00e3o&quot;","block_context":{"text":"Not\u00edcias de Ribeir\u00e3o Preto-SP e Regi\u00e3o","link":"https:\/\/noticiasribeiraopreto.com.br\/index.php\/category\/noticias-de-ribeirao-preto-sp-e-regiao-ismael-colosi\/"},"img":{"alt_text":"","src":"https:\/\/i0.wp.com\/noticiasribeiraopreto.com.br\/wp-content\/uploads\/2025\/05\/robert-prevost_2025-05-08_18-01-40.webp.webp?fit=1200%2C675&ssl=1&resize=350%2C200","width":350,"height":200,"srcset":"https:\/\/i0.wp.com\/noticiasribeiraopreto.com.br\/wp-content\/uploads\/2025\/05\/robert-prevost_2025-05-08_18-01-40.webp.webp?fit=1200%2C675&ssl=1&resize=350%2C200 1x, https:\/\/i0.wp.com\/noticiasribeiraopreto.com.br\/wp-content\/uploads\/2025\/05\/robert-prevost_2025-05-08_18-01-40.webp.webp?fit=1200%2C675&ssl=1&resize=525%2C300 1.5x, https:\/\/i0.wp.com\/noticiasribeiraopreto.com.br\/wp-content\/uploads\/2025\/05\/robert-prevost_2025-05-08_18-01-40.webp.webp?fit=1200%2C675&ssl=1&resize=700%2C400 2x, https:\/\/i0.wp.com\/noticiasribeiraopreto.com.br\/wp-content\/uploads\/2025\/05\/robert-prevost_2025-05-08_18-01-40.webp.webp?fit=1200%2C675&ssl=1&resize=1050%2C600 3x"},"classes":[]},{"id":69842,"url":"https:\/\/noticiasribeiraopreto.com.br\/index.php\/2025\/05\/09\/arcebispo-de-sertaozinho-pode-ser-o-primeiro-cardeal-nomeado-por-leao-xiv\/","url_meta":{"origin":69726,"position":2},"title":"Arcebispo de Sert\u00e3ozinho pode ser o primeiro cardeal nomeado por Le\u00e3o XIV","author":"noticiasribeiraopreto.com.br","date":"9 de May de 2025","format":false,"excerpt":"O primeiro cardeal nomeado pelo papa Le\u00e3o XIV deve ser o arcebispo dom Ilson de Jesus Montanari, natural de Sert\u00e3ozinho, na regi\u00e3o de Ribeir\u00e3o Preto. Isso porque, o vice-camerlengo da Igreja Cat\u00f3lica atuou como secret\u00e1rio no conclave que escolheu como papa o cardeal Robert Prevost. De acordo com a tradi\u00e7\u00e3o,\u2026","rel":"","context":"In &quot;Not\u00edcias de Ribeir\u00e3o Preto-SP e Regi\u00e3o&quot;","block_context":{"text":"Not\u00edcias de Ribeir\u00e3o Preto-SP e Regi\u00e3o","link":"https:\/\/noticiasribeiraopreto.com.br\/index.php\/category\/noticias-de-ribeirao-preto-sp-e-regiao-ismael-colosi\/"},"img":{"alt_text":"","src":"https:\/\/i0.wp.com\/noticiasribeiraopreto.com.br\/wp-content\/uploads\/2025\/05\/Copia-de-Copia-de-Copia-de-TAMANHO-EXATO-PARA-FOTOS-NO-SISTEMA-NOVO-54_2025-05-09_19-10-12.webp.webp?fit=1200%2C675&ssl=1&resize=350%2C200","width":350,"height":200,"srcset":"https:\/\/i0.wp.com\/noticiasribeiraopreto.com.br\/wp-content\/uploads\/2025\/05\/Copia-de-Copia-de-Copia-de-TAMANHO-EXATO-PARA-FOTOS-NO-SISTEMA-NOVO-54_2025-05-09_19-10-12.webp.webp?fit=1200%2C675&ssl=1&resize=350%2C200 1x, https:\/\/i0.wp.com\/noticiasribeiraopreto.com.br\/wp-content\/uploads\/2025\/05\/Copia-de-Copia-de-Copia-de-TAMANHO-EXATO-PARA-FOTOS-NO-SISTEMA-NOVO-54_2025-05-09_19-10-12.webp.webp?fit=1200%2C675&ssl=1&resize=525%2C300 1.5x, https:\/\/i0.wp.com\/noticiasribeiraopreto.com.br\/wp-content\/uploads\/2025\/05\/Copia-de-Copia-de-Copia-de-TAMANHO-EXATO-PARA-FOTOS-NO-SISTEMA-NOVO-54_2025-05-09_19-10-12.webp.webp?fit=1200%2C675&ssl=1&resize=700%2C400 2x, https:\/\/i0.wp.com\/noticiasribeiraopreto.com.br\/wp-content\/uploads\/2025\/05\/Copia-de-Copia-de-Copia-de-TAMANHO-EXATO-PARA-FOTOS-NO-SISTEMA-NOVO-54_2025-05-09_19-10-12.webp.webp?fit=1200%2C675&ssl=1&resize=1050%2C600 3x"},"classes":[]},{"id":69735,"url":"https:\/\/noticiasribeiraopreto.com.br\/index.php\/2025\/05\/08\/robert-prevost-e-o-escolhido-no-conclave-saiba-quem-e-o-novo-papa\/","url_meta":{"origin":69726,"position":3},"title":"Robert Prevost \u00e9 o escolhido no conclave; Saiba quem \u00e9 o novo papa","author":"noticiasribeiraopreto.com.br","date":"8 de May de 2025","format":false,"excerpt":"O grupo de cardeais reunidos para o conclave na Capela Sistina escolheu nesta quinta-feira (8), o 267\u00ba papa da hist\u00f3ria, que vai suceder Francisco \u00e0 frente do Vaticano. O novo papa \u00e9 o cardeal Robert Prevost, dos Estados Unidos. O novo papa escolheu o nome Le\u00e3o XIV. Robert Prevost tem\u2026","rel":"","context":"In &quot;Not\u00edcias de Ribeir\u00e3o Preto-SP e Regi\u00e3o&quot;","block_context":{"text":"Not\u00edcias de Ribeir\u00e3o Preto-SP e Regi\u00e3o","link":"https:\/\/noticiasribeiraopreto.com.br\/index.php\/category\/noticias-de-ribeirao-preto-sp-e-regiao-ismael-colosi\/"},"img":{"alt_text":"","src":"https:\/\/i0.wp.com\/noticiasribeiraopreto.com.br\/wp-content\/uploads\/2025\/05\/prevost-1_2025-05-08_17-37-14.webp.webp?fit=1200%2C797&ssl=1&resize=350%2C200","width":350,"height":200,"srcset":"https:\/\/i0.wp.com\/noticiasribeiraopreto.com.br\/wp-content\/uploads\/2025\/05\/prevost-1_2025-05-08_17-37-14.webp.webp?fit=1200%2C797&ssl=1&resize=350%2C200 1x, https:\/\/i0.wp.com\/noticiasribeiraopreto.com.br\/wp-content\/uploads\/2025\/05\/prevost-1_2025-05-08_17-37-14.webp.webp?fit=1200%2C797&ssl=1&resize=525%2C300 1.5x, https:\/\/i0.wp.com\/noticiasribeiraopreto.com.br\/wp-content\/uploads\/2025\/05\/prevost-1_2025-05-08_17-37-14.webp.webp?fit=1200%2C797&ssl=1&resize=700%2C400 2x, https:\/\/i0.wp.com\/noticiasribeiraopreto.com.br\/wp-content\/uploads\/2025\/05\/prevost-1_2025-05-08_17-37-14.webp.webp?fit=1200%2C797&ssl=1&resize=1050%2C600 3x"},"classes":[]},{"id":69749,"url":"https:\/\/noticiasribeiraopreto.com.br\/index.php\/2025\/05\/08\/novo-papa-dara-continuidade-ao-legado-de-francisco-diz-arcebispo-de-ribeirao-preto\/","url_meta":{"origin":69726,"position":4},"title":"Novo papa dar\u00e1 continuidade ao legado de Francisco, diz Arcebispo de Ribeir\u00e3o Preto","author":"noticiasribeiraopreto.com.br","date":"8 de May de 2025","format":false,"excerpt":"Na tarde desta quinta-feira (8), o arcebispo metropolitano de Ribeir\u00e3o Preto, Dom Moacir Silva, comentou a elei\u00e7\u00e3o do novo papa e avaliou os primeiros sinais do novo pontificado. Para o arcebispo, a escolha do nome e o hist\u00f3rico do novo pont\u00edfice indicam uma continuidade em rela\u00e7\u00e3o ao trabalho desenvolvido pelo\u2026","rel":"","context":"In &quot;Not\u00edcias de Ribeir\u00e3o Preto-SP e Regi\u00e3o&quot;","block_context":{"text":"Not\u00edcias de Ribeir\u00e3o Preto-SP e Regi\u00e3o","link":"https:\/\/noticiasribeiraopreto.com.br\/index.php\/category\/noticias-de-ribeirao-preto-sp-e-regiao-ismael-colosi\/"},"img":{"alt_text":"","src":"https:\/\/i0.wp.com\/noticiasribeiraopreto.com.br\/wp-content\/uploads\/2025\/05\/Copia-de-Copia-de-Copia-de-TAMANHO-EXATO-PARA-FOTOS-NO-SISTEMA-NOVO-52_2025-05-08_21-39-44.webp.webp?fit=1200%2C675&ssl=1&resize=350%2C200","width":350,"height":200,"srcset":"https:\/\/i0.wp.com\/noticiasribeiraopreto.com.br\/wp-content\/uploads\/2025\/05\/Copia-de-Copia-de-Copia-de-TAMANHO-EXATO-PARA-FOTOS-NO-SISTEMA-NOVO-52_2025-05-08_21-39-44.webp.webp?fit=1200%2C675&ssl=1&resize=350%2C200 1x, https:\/\/i0.wp.com\/noticiasribeiraopreto.com.br\/wp-content\/uploads\/2025\/05\/Copia-de-Copia-de-Copia-de-TAMANHO-EXATO-PARA-FOTOS-NO-SISTEMA-NOVO-52_2025-05-08_21-39-44.webp.webp?fit=1200%2C675&ssl=1&resize=525%2C300 1.5x, https:\/\/i0.wp.com\/noticiasribeiraopreto.com.br\/wp-content\/uploads\/2025\/05\/Copia-de-Copia-de-Copia-de-TAMANHO-EXATO-PARA-FOTOS-NO-SISTEMA-NOVO-52_2025-05-08_21-39-44.webp.webp?fit=1200%2C675&ssl=1&resize=700%2C400 2x, https:\/\/i0.wp.com\/noticiasribeiraopreto.com.br\/wp-content\/uploads\/2025\/05\/Copia-de-Copia-de-Copia-de-TAMANHO-EXATO-PARA-FOTOS-NO-SISTEMA-NOVO-52_2025-05-08_21-39-44.webp.webp?fit=1200%2C675&ssl=1&resize=1050%2C600 3x"},"classes":[]},{"id":69710,"url":"https:\/\/noticiasribeiraopreto.com.br\/index.php\/2025\/05\/08\/novo-papa-robert-francis-prevost-foi-o-escolhido\/","url_meta":{"origin":69726,"position":5},"title":"Novo Papa: Robert Francis Prevost foi o escolhido","author":"noticiasribeiraopreto.com.br","date":"8 de May de 2025","format":false,"excerpt":"8 de maio de 2025 14:3111 Compartilhar0 A aguardada fuma\u00e7a branca surgiu na chamin\u00e9 da Capela Sistina nesta quinta-feira (8), marcando a elei\u00e7\u00e3o do novo papa no segundo dia do conclave. O cardeal Robert Francis Prevost foi escolhido pelos demais cardeais e adotar\u00e1 o nome de Le\u00e3o 14. Nascido em\u2026","rel":"","context":"In &quot;Not\u00edcias de Ribeir\u00e3o Preto-SP e Regi\u00e3o&quot;","block_context":{"text":"Not\u00edcias de Ribeir\u00e3o Preto-SP e Regi\u00e3o","link":"https:\/\/noticiasribeiraopreto.com.br\/index.php\/category\/noticias-de-ribeirao-preto-sp-e-regiao-ismael-colosi\/"},"img":{"alt_text":"","src":"https:\/\/i0.wp.com\/noticiasribeiraopreto.com.br\/wp-content\/uploads\/2025\/05\/papa.jpeg?fit=474%2C266&ssl=1&resize=350%2C200","width":350,"height":200},"classes":[]}],"jetpack_sharing_enabled":true,"jetpack_shortlink":"https:\/\/wp.me\/peQAOb-i8C","_links":{"self":[{"href":"https:\/\/noticiasribeiraopreto.com.br\/index.php\/wp-json\/wp\/v2\/posts\/69726","targetHints":{"allow":["GET"]}}],"collection":[{"href":"https:\/\/noticiasribeiraopreto.com.br\/index.php\/wp-json\/wp\/v2\/posts"}],"about":[{"href":"https:\/\/noticiasribeiraopreto.com.br\/index.php\/wp-json\/wp\/v2\/types\/post"}],"author":[{"embeddable":true,"href":"https:\/\/noticiasribeiraopreto.com.br\/index.php\/wp-json\/wp\/v2\/users\/1"}],"replies":[{"embeddable":true,"href":"https:\/\/noticiasribeiraopreto.com.br\/index.php\/wp-json\/wp\/v2\/comments?post=69726"}],"version-history":[{"count":0,"href":"https:\/\/noticiasribeiraopreto.com.br\/index.php\/wp-json\/wp\/v2\/posts\/69726\/revisions"}],"wp:featuredmedia":[{"embeddable":true,"href":"https:\/\/noticiasribeiraopreto.com.br\/index.php\/wp-json\/wp\/v2\/media\/69727"}],"wp:attachment":[{"href":"https:\/\/noticiasribeiraopreto.com.br\/index.php\/wp-json\/wp\/v2\/media?parent=69726"}],"wp:term":[{"taxonomy":"category","embeddable":true,"href":"https:\/\/noticiasribeiraopreto.com.br\/index.php\/wp-json\/wp\/v2\/categories?post=69726"},{"taxonomy":"post_tag","embeddable":true,"href":"https:\/\/noticiasribeiraopreto.com.br\/index.php\/wp-json\/wp\/v2\/tags?post=69726"}],"curies":[{"name":"wp","href":"https:\/\/api.w.org\/{rel}","templated":true}]}}