{"id":69729,"date":"2025-05-08T17:32:59","date_gmt":"2025-05-08T20:32:59","guid":{"rendered":"https:\/\/noticiasribeiraopreto.com.br\/index.php\/2025\/05\/08\/shopping-de-ribeirao-preto-promove-apresentacao-de-blues-aberta-ao-publico\/"},"modified":"2025-05-08T17:32:59","modified_gmt":"2025-05-08T20:32:59","slug":"shopping-de-ribeirao-preto-promove-apresentacao-de-blues-aberta-ao-publico","status":"publish","type":"post","link":"https:\/\/noticiasribeiraopreto.com.br\/index.php\/2025\/05\/08\/shopping-de-ribeirao-preto-promove-apresentacao-de-blues-aberta-ao-publico\/","title":{"rendered":"Shopping de Ribeir\u00e3o Preto promove apresenta\u00e7\u00e3o de blues aberta ao p\u00fablico"},"content":{"rendered":"<p> <br \/>\n<\/p>\n<div data-td-block-uid=\"tdi_95\">\n<div class=\"tdb-block-inner td-fix-index\">\n<p>Nesta sexta-feira (8) o\u00a0<strong>Shopping Iguatemi<\/strong>, em Ribeir\u00e3o Preto ser\u00e1 palco do<strong>\u00a0Iguatemi Music em parceria com a Arena Blues Festival<\/strong>, um dos maiores festivais de blues da cidade. O evento\u00a0<strong><em>\u201cAquecimento Arena Blues\u201d<\/em><\/strong>\u00a0ter\u00e1 show de blues gratuito para o p\u00fablico.<\/p>\n<p>O primeiro show aconteceu na semana passada, com a apresenta\u00e7\u00e3o de Rodrigo Belloni Trio.<strong>\u00a0<\/strong>Nesta sexta-feira, ser\u00e1 a vez de\u00a0<strong>Arena Jazz Band<\/strong>.<\/p>\n<p>O show vai acontecer no\u00a0<strong>Open Mall (Piso Superior)<\/strong>, a partir das 19h.<\/p>\n<p><strong>Servi\u00e7o:<\/strong><br \/>Iguatemi Music: Aquecimento Arena Blues Festival | Iguatemi Ribeir\u00e3o Preto<\/p>\n<p><strong>Onde:\u00a0<\/strong>Open Mall, Piso Superior \u2013 Iguatemi Shopping<br \/><strong>Quando:<\/strong>\u00a09 de maio<br \/><strong>Hor\u00e1rio:\u00a0<\/strong>\u00e0s 19h<br \/><strong>Entrada gratuita<\/strong><\/p>\n<hr class=\"wp-block-separator has-alpha-channel-opacity\"\/>\n<p>SAIBA MAIS<br \/>Robert Prevost \u00e9 o escolhido no conclave; Saiba quem \u00e9 o novo papa<\/p>\n<h2 class=\"wp-block-heading\"><strong>FIQUE ON<\/strong><\/h2>\n<p>Fique ligado em tudo que acontece em Ribeir\u00e3o Preto e regi\u00e3o. Siga os perfis do<strong> acidade on <\/strong>no <a href=\"https:\/\/www.instagram.com\/acidadeonribeirao\">Instagram <\/a>e no <a href=\"https:\/\/www.facebook.com\/acidadeonribeirao\/\">Facebook<\/a>.<\/p>\n<p>Receba not\u00edcias do <strong>acidade on <\/strong>no WhatsApp. <a href=\"https:\/\/chat.whatsapp.com\/BjKQZ9oJwlz8VVT50NuePq\">Para entrar no grupo, basta clicar aqui.<\/a><\/p>\n<p>Fa\u00e7a uma den\u00fancia ou sugira uma reportagem sobre Ribeir\u00e3o Preto e regi\u00e3o pelo WhatsApp: 16 99117 7802.<\/p>\n<p>VEJA TAMB\u00c9M<br \/>Qual \u00e9 o significado do nome do novo papa?<\/p>\n<p><!-- CONTENT END 1 -->\n<\/div>\n<\/div>\n<p><script async src=\"\/\/www.instagram.com\/embed.js\"><\/script><br \/>\n<br \/><br \/>\n<br \/><a href=\"https:\/\/www.acidadeon.com\/ribeiraopreto\/lazer-e-cultura\/shopping-de-ribeirao-preto-promove-apresentacao-de-blues-aberta-ao-publico\/\">Source link <\/a><\/p>\n","protected":false},"excerpt":{"rendered":"<p>Nesta sexta-feira (8) o\u00a0Shopping Iguatemi, em Ribeir\u00e3o Preto ser\u00e1 palco do\u00a0Iguatemi Music em parceria com a Arena Blues Festival, um dos maiores festivais de blues&#8230;<\/p>\n","protected":false},"author":1,"featured_media":69730,"comment_status":"open","ping_status":"open","sticky":false,"template":"","format":"standard","meta":{"advanced_seo_description":"","jetpack_seo_html_title":"","jetpack_seo_noindex":false,"jetpack_post_was_ever_published":false,"_jetpack_newsletter_access":"","_jetpack_dont_email_post_to_subs":false,"_jetpack_newsletter_tier_id":0,"_jetpack_memberships_contains_paywalled_content":false,"_jetpack_memberships_contains_paid_content":false,"footnotes":"","jetpack_publicize_message":"","jetpack_publicize_feature_enabled":true,"jetpack_social_post_already_shared":true,"jetpack_social_options":{"image_generator_settings":{"template":"highway","default_image_id":0,"font":"","enabled":false},"version":2}},"categories":[11],"tags":[],"class_list":["post-69729","post","type-post","status-publish","format-standard","has-post-thumbnail","hentry","category-noticias-de-ribeirao-preto-sp-e-regiao-ismael-colosi"],"jetpack_publicize_connections":[],"jetpack_featured_media_url":"https:\/\/i0.wp.com\/noticiasribeiraopreto.com.br\/wp-content\/uploads\/2025\/05\/man-plays-acoustic-guitar-dark-room-live-performance-acoustic-concert_2025-05-08_19-24-02.webp.webp?fit=1200%2C675&ssl=1","jetpack-related-posts":[{"id":67083,"url":"https:\/\/noticiasribeiraopreto.com.br\/index.php\/2025\/04\/09\/gosta-de-blues-shopping-de-ribeirao-preto-tera-shows-com-entrada-gratuita\/","url_meta":{"origin":69729,"position":0},"title":"Gosta de blues? Shopping de Ribeir\u00e3o Preto ter\u00e1 shows com entrada gratuita","author":"noticiasribeiraopreto.com.br","date":"9 de April de 2025","format":false,"excerpt":"Nesta quinta-feira (10) o\u00a0Shopping Iguatemi, em Ribeir\u00e3o Preto ser\u00e1 palco do\u00a0Iguatemi Music em parceria com a Arena Blues Festival, um dos maiores festivais de blues da cidade. O evento\u00a0\u201cAquecimento Arena Blues\u201d\u00a0ter\u00e1 shows de blues gratuitos para o p\u00fablico. O primeiro show aconteceu na semana passada, com a apresenta\u00e7\u00e3o da banda\u00a0Mississippi\u2026","rel":"","context":"In &quot;Not\u00edcias de Ribeir\u00e3o Preto-SP e Regi\u00e3o&quot;","block_context":{"text":"Not\u00edcias de Ribeir\u00e3o Preto-SP e Regi\u00e3o","link":"https:\/\/noticiasribeiraopreto.com.br\/index.php\/category\/noticias-de-ribeirao-preto-sp-e-regiao-ismael-colosi\/"},"img":{"alt_text":"","src":"https:\/\/i0.wp.com\/noticiasribeiraopreto.com.br\/wp-content\/uploads\/2025\/04\/Copia-de-Copia-de-Copia-de-TAMANHO-EXATO-PARA-FOTOS-NO-SISTEMA-NOVO-2025-04-09T151941.620_2025-04-09_18-20-35_png_2025-04-09_18-20-35.webp.webp?fit=1200%2C675&ssl=1&resize=350%2C200","width":350,"height":200,"srcset":"https:\/\/i0.wp.com\/noticiasribeiraopreto.com.br\/wp-content\/uploads\/2025\/04\/Copia-de-Copia-de-Copia-de-TAMANHO-EXATO-PARA-FOTOS-NO-SISTEMA-NOVO-2025-04-09T151941.620_2025-04-09_18-20-35_png_2025-04-09_18-20-35.webp.webp?fit=1200%2C675&ssl=1&resize=350%2C200 1x, https:\/\/i0.wp.com\/noticiasribeiraopreto.com.br\/wp-content\/uploads\/2025\/04\/Copia-de-Copia-de-Copia-de-TAMANHO-EXATO-PARA-FOTOS-NO-SISTEMA-NOVO-2025-04-09T151941.620_2025-04-09_18-20-35_png_2025-04-09_18-20-35.webp.webp?fit=1200%2C675&ssl=1&resize=525%2C300 1.5x, https:\/\/i0.wp.com\/noticiasribeiraopreto.com.br\/wp-content\/uploads\/2025\/04\/Copia-de-Copia-de-Copia-de-TAMANHO-EXATO-PARA-FOTOS-NO-SISTEMA-NOVO-2025-04-09T151941.620_2025-04-09_18-20-35_png_2025-04-09_18-20-35.webp.webp?fit=1200%2C675&ssl=1&resize=700%2C400 2x, https:\/\/i0.wp.com\/noticiasribeiraopreto.com.br\/wp-content\/uploads\/2025\/04\/Copia-de-Copia-de-Copia-de-TAMANHO-EXATO-PARA-FOTOS-NO-SISTEMA-NOVO-2025-04-09T151941.620_2025-04-09_18-20-35_png_2025-04-09_18-20-35.webp.webp?fit=1200%2C675&ssl=1&resize=1050%2C600 3x"},"classes":[]},{"id":66634,"url":"https:\/\/noticiasribeiraopreto.com.br\/index.php\/2025\/04\/03\/shopping-de-ribeirao-preto-tera-shows-de-blues-com-entrada-gratuita\/","url_meta":{"origin":69729,"position":1},"title":"Shopping de Ribeir\u00e3o Preto ter\u00e1 shows de blues com entrada gratuita","author":"noticiasribeiraopreto.com.br","date":"3 de April de 2025","format":false,"excerpt":"A partir desta quinta-feira (3) o Shopping Iguatemi, em Ribeir\u00e3o Preto ser\u00e1 palco do Iguatemi Music em parceria com a Arena Blues Festival, um dos maiores festivais de blues da cidade. O evento \u201cAquecimento Arena Blues\u201d ter\u00e1 shows de blues gratuitos para o p\u00fablico. O primeiro show acontece nesta quinta-feira,\u2026","rel":"","context":"In &quot;Not\u00edcias de Ribeir\u00e3o Preto-SP e Regi\u00e3o&quot;","block_context":{"text":"Not\u00edcias de Ribeir\u00e3o Preto-SP e Regi\u00e3o","link":"https:\/\/noticiasribeiraopreto.com.br\/index.php\/category\/noticias-de-ribeirao-preto-sp-e-regiao-ismael-colosi\/"},"img":{"alt_text":"","src":"https:\/\/i0.wp.com\/noticiasribeiraopreto.com.br\/wp-content\/uploads\/2025\/04\/Copia-de-Copia-de-Copia-de-TAMANHO-EXATO-PARA-FOTOS-NO-SISTEMA-NOVO-2025-04-03T153825.886_2025-04-03_18-38-44_png_2025-04-03_18-38-44.webp.webp?fit=1200%2C675&ssl=1&resize=350%2C200","width":350,"height":200,"srcset":"https:\/\/i0.wp.com\/noticiasribeiraopreto.com.br\/wp-content\/uploads\/2025\/04\/Copia-de-Copia-de-Copia-de-TAMANHO-EXATO-PARA-FOTOS-NO-SISTEMA-NOVO-2025-04-03T153825.886_2025-04-03_18-38-44_png_2025-04-03_18-38-44.webp.webp?fit=1200%2C675&ssl=1&resize=350%2C200 1x, https:\/\/i0.wp.com\/noticiasribeiraopreto.com.br\/wp-content\/uploads\/2025\/04\/Copia-de-Copia-de-Copia-de-TAMANHO-EXATO-PARA-FOTOS-NO-SISTEMA-NOVO-2025-04-03T153825.886_2025-04-03_18-38-44_png_2025-04-03_18-38-44.webp.webp?fit=1200%2C675&ssl=1&resize=525%2C300 1.5x, https:\/\/i0.wp.com\/noticiasribeiraopreto.com.br\/wp-content\/uploads\/2025\/04\/Copia-de-Copia-de-Copia-de-TAMANHO-EXATO-PARA-FOTOS-NO-SISTEMA-NOVO-2025-04-03T153825.886_2025-04-03_18-38-44_png_2025-04-03_18-38-44.webp.webp?fit=1200%2C675&ssl=1&resize=700%2C400 2x, https:\/\/i0.wp.com\/noticiasribeiraopreto.com.br\/wp-content\/uploads\/2025\/04\/Copia-de-Copia-de-Copia-de-TAMANHO-EXATO-PARA-FOTOS-NO-SISTEMA-NOVO-2025-04-03T153825.886_2025-04-03_18-38-44_png_2025-04-03_18-38-44.webp.webp?fit=1200%2C675&ssl=1&resize=1050%2C600 3x"},"classes":[]},{"id":68971,"url":"https:\/\/noticiasribeiraopreto.com.br\/index.php\/2025\/04\/30\/shopping-de-ribeirao-preto-promove-apresentacoes-gratuitas-de-blues\/","url_meta":{"origin":69729,"position":2},"title":"Shopping de Ribeir\u00e3o Preto promove apresenta\u00e7\u00f5es gratuitas de blues","author":"noticiasribeiraopreto.com.br","date":"30 de April de 2025","format":false,"excerpt":"O Shopping Iguatemi Ribeir\u00e3o Preto recebe, a partir desta sexta-feira (2), o evento \u201cIguatemi Music \u2013 Aquecimento Arena Blues\u201d, realizado em parceria com o Arena Blues Festival, um dos mais tradicionais festivais de blues da cidade. A programa\u00e7\u00e3o contar\u00e1 com apresenta\u00e7\u00f5es gratuitas e abertas ao p\u00fablico. O projeto acontecer\u00e1 em\u2026","rel":"","context":"In &quot;Not\u00edcias de Ribeir\u00e3o Preto-SP e Regi\u00e3o&quot;","block_context":{"text":"Not\u00edcias de Ribeir\u00e3o Preto-SP e Regi\u00e3o","link":"https:\/\/noticiasribeiraopreto.com.br\/index.php\/category\/noticias-de-ribeirao-preto-sp-e-regiao-ismael-colosi\/"},"img":{"alt_text":"","src":"https:\/\/i0.wp.com\/noticiasribeiraopreto.com.br\/wp-content\/uploads\/2025\/04\/Copia-de-Copia-de-Copia-de-TAMANHO-EXATO-PARA-FOTOS-NO-SISTEMA-NOVO-30_2025-04-30_22-22-37.webp.webp?fit=1200%2C675&ssl=1&resize=350%2C200","width":350,"height":200,"srcset":"https:\/\/i0.wp.com\/noticiasribeiraopreto.com.br\/wp-content\/uploads\/2025\/04\/Copia-de-Copia-de-Copia-de-TAMANHO-EXATO-PARA-FOTOS-NO-SISTEMA-NOVO-30_2025-04-30_22-22-37.webp.webp?fit=1200%2C675&ssl=1&resize=350%2C200 1x, https:\/\/i0.wp.com\/noticiasribeiraopreto.com.br\/wp-content\/uploads\/2025\/04\/Copia-de-Copia-de-Copia-de-TAMANHO-EXATO-PARA-FOTOS-NO-SISTEMA-NOVO-30_2025-04-30_22-22-37.webp.webp?fit=1200%2C675&ssl=1&resize=525%2C300 1.5x, https:\/\/i0.wp.com\/noticiasribeiraopreto.com.br\/wp-content\/uploads\/2025\/04\/Copia-de-Copia-de-Copia-de-TAMANHO-EXATO-PARA-FOTOS-NO-SISTEMA-NOVO-30_2025-04-30_22-22-37.webp.webp?fit=1200%2C675&ssl=1&resize=700%2C400 2x, https:\/\/i0.wp.com\/noticiasribeiraopreto.com.br\/wp-content\/uploads\/2025\/04\/Copia-de-Copia-de-Copia-de-TAMANHO-EXATO-PARA-FOTOS-NO-SISTEMA-NOVO-30_2025-04-30_22-22-37.webp.webp?fit=1200%2C675&ssl=1&resize=1050%2C600 3x"},"classes":[]},{"id":73889,"url":"https:\/\/noticiasribeiraopreto.com.br\/index.php\/2025\/07\/11\/ribeirao-preto-recebe-apresentacoes-gratuitas-de-nil-guimaraes-e-fred-sunwalk\/","url_meta":{"origin":69729,"position":3},"title":"Ribeir\u00e3o Preto recebe apresenta\u00e7\u00f5es gratuitas de Nil Guimar\u00e3es e Fred Sunwalk","author":"noticiasribeiraopreto.com.br","date":"11 de July de 2025","format":false,"excerpt":"Come\u00e7a nesta sexta-feira (11) acontece o Iguatemi Music: Winter Edition, no shopping Iguatemi Ribeir\u00e3o, com apresenta\u00e7\u00f5es da cantora Nil Guimar\u00e3es e do guitarrista Fred Sunwalk. O evento acontece no Open Mall (Piso Superior), a partir das 19h. As apresenta\u00e7\u00f5es contam com entrada gratuita. Programa\u00e7\u00e3o Nesta sexta-feira, a cantora Nil Guimar\u00e3es\u2026","rel":"","context":"In &quot;Not\u00edcias de Ribeir\u00e3o Preto-SP e Regi\u00e3o&quot;","block_context":{"text":"Not\u00edcias de Ribeir\u00e3o Preto-SP e Regi\u00e3o","link":"https:\/\/noticiasribeiraopreto.com.br\/index.php\/category\/noticias-de-ribeirao-preto-sp-e-regiao-ismael-colosi\/"},"img":{"alt_text":"","src":"https:\/\/i0.wp.com\/noticiasribeiraopreto.com.br\/wp-content\/uploads\/2025\/07\/nil-guimaraes-e-fred-sunwalk_2025-07-11_19-04-22.webp.webp?fit=1200%2C674&ssl=1&resize=350%2C200","width":350,"height":200,"srcset":"https:\/\/i0.wp.com\/noticiasribeiraopreto.com.br\/wp-content\/uploads\/2025\/07\/nil-guimaraes-e-fred-sunwalk_2025-07-11_19-04-22.webp.webp?fit=1200%2C674&ssl=1&resize=350%2C200 1x, https:\/\/i0.wp.com\/noticiasribeiraopreto.com.br\/wp-content\/uploads\/2025\/07\/nil-guimaraes-e-fred-sunwalk_2025-07-11_19-04-22.webp.webp?fit=1200%2C674&ssl=1&resize=525%2C300 1.5x, https:\/\/i0.wp.com\/noticiasribeiraopreto.com.br\/wp-content\/uploads\/2025\/07\/nil-guimaraes-e-fred-sunwalk_2025-07-11_19-04-22.webp.webp?fit=1200%2C674&ssl=1&resize=700%2C400 2x, https:\/\/i0.wp.com\/noticiasribeiraopreto.com.br\/wp-content\/uploads\/2025\/07\/nil-guimaraes-e-fred-sunwalk_2025-07-11_19-04-22.webp.webp?fit=1200%2C674&ssl=1&resize=1050%2C600 3x"},"classes":[]},{"id":77415,"url":"https:\/\/noticiasribeiraopreto.com.br\/index.php\/2025\/09\/18\/ribeirao-preto-recebe-show-de-nora-jean-wallace-e-fred-sunwalk-entrada-e-gratuita\/","url_meta":{"origin":69729,"position":4},"title":"Ribeir\u00e3o Preto recebe show de Nora Jean Wallace e Fred Sunwalk; entrada \u00e9 gratuita","author":"noticiasribeiraopreto.com.br","date":"18 de September de 2025","format":false,"excerpt":"O Shopping Iguatemi, localizado na zona Sul de Ribeir\u00e3o Preto, recebe nesta sexta-feira (19), das 18h \u00e0s 23h, mais uma edi\u00e7\u00e3o do Iguatemi Music Festival. Nesta edi\u00e7\u00e3o, o guitarrista Fred Sunwalk convida a cantora internacional Nora Jean Wallace. A entrada \u00e9 gratuita. Diretamente de Chicago, Nora traz toda a for\u00e7a\u2026","rel":"","context":"In &quot;Not\u00edcias de Ribeir\u00e3o Preto-SP e Regi\u00e3o&quot;","block_context":{"text":"Not\u00edcias de Ribeir\u00e3o Preto-SP e Regi\u00e3o","link":"https:\/\/noticiasribeiraopreto.com.br\/index.php\/category\/noticias-de-ribeirao-preto-sp-e-regiao-ismael-colosi\/"},"img":{"alt_text":"","src":"https:\/\/i0.wp.com\/noticiasribeiraopreto.com.br\/wp-content\/uploads\/2025\/09\/agenda-3_2025-09-18_14-27-43.webp.webp?fit=1200%2C675&ssl=1&resize=350%2C200","width":350,"height":200,"srcset":"https:\/\/i0.wp.com\/noticiasribeiraopreto.com.br\/wp-content\/uploads\/2025\/09\/agenda-3_2025-09-18_14-27-43.webp.webp?fit=1200%2C675&ssl=1&resize=350%2C200 1x, https:\/\/i0.wp.com\/noticiasribeiraopreto.com.br\/wp-content\/uploads\/2025\/09\/agenda-3_2025-09-18_14-27-43.webp.webp?fit=1200%2C675&ssl=1&resize=525%2C300 1.5x, https:\/\/i0.wp.com\/noticiasribeiraopreto.com.br\/wp-content\/uploads\/2025\/09\/agenda-3_2025-09-18_14-27-43.webp.webp?fit=1200%2C675&ssl=1&resize=700%2C400 2x, https:\/\/i0.wp.com\/noticiasribeiraopreto.com.br\/wp-content\/uploads\/2025\/09\/agenda-3_2025-09-18_14-27-43.webp.webp?fit=1200%2C675&ssl=1&resize=1050%2C600 3x"},"classes":[]},{"id":62702,"url":"https:\/\/noticiasribeiraopreto.com.br\/index.php\/2025\/01\/22\/fred-sunwalk-faz-show-gratuito-em-shopping-de-ribeirao-preto\/","url_meta":{"origin":69729,"position":5},"title":"Fred Sunwalk faz show gratuito em shopping de Ribeir\u00e3o Preto","author":"noticiasribeiraopreto.com.br","date":"22 de January de 2025","format":false,"excerpt":"O Shopping Iguatemi, localizado na zona Sul de Ribeir\u00e3o Preto, recebe nesta sexta-feira (24) um dos grandes nomes do blues brasileiro: Fred Sunwalk. O show faz parte da programa\u00e7\u00e3o do \u201cIguatemi Music \u2013 Summer Edition\u201d. O evento acontece a partir das 19h e a entrada \u00e9 gratuita. Al\u00e9m de Fred\u2026","rel":"","context":"In &quot;Not\u00edcias de Ribeir\u00e3o Preto-SP e Regi\u00e3o&quot;","block_context":{"text":"Not\u00edcias de Ribeir\u00e3o Preto-SP e Regi\u00e3o","link":"https:\/\/noticiasribeiraopreto.com.br\/index.php\/category\/noticias-de-ribeirao-preto-sp-e-regiao-ismael-colosi\/"},"img":{"alt_text":"","src":"https:\/\/i0.wp.com\/noticiasribeiraopreto.com.br\/wp-content\/uploads\/2025\/01\/fred-sunwalker_2025-01-22_13-16-51_png_2025-01-22_13-16-51.webp.webp?fit=800%2C420&ssl=1&resize=350%2C200","width":350,"height":200,"srcset":"https:\/\/i0.wp.com\/noticiasribeiraopreto.com.br\/wp-content\/uploads\/2025\/01\/fred-sunwalker_2025-01-22_13-16-51_png_2025-01-22_13-16-51.webp.webp?fit=800%2C420&ssl=1&resize=350%2C200 1x, https:\/\/i0.wp.com\/noticiasribeiraopreto.com.br\/wp-content\/uploads\/2025\/01\/fred-sunwalker_2025-01-22_13-16-51_png_2025-01-22_13-16-51.webp.webp?fit=800%2C420&ssl=1&resize=525%2C300 1.5x, https:\/\/i0.wp.com\/noticiasribeiraopreto.com.br\/wp-content\/uploads\/2025\/01\/fred-sunwalker_2025-01-22_13-16-51_png_2025-01-22_13-16-51.webp.webp?fit=800%2C420&ssl=1&resize=700%2C400 2x"},"classes":[]}],"jetpack_sharing_enabled":true,"jetpack_shortlink":"https:\/\/wp.me\/peQAOb-i8F","_links":{"self":[{"href":"https:\/\/noticiasribeiraopreto.com.br\/index.php\/wp-json\/wp\/v2\/posts\/69729","targetHints":{"allow":["GET"]}}],"collection":[{"href":"https:\/\/noticiasribeiraopreto.com.br\/index.php\/wp-json\/wp\/v2\/posts"}],"about":[{"href":"https:\/\/noticiasribeiraopreto.com.br\/index.php\/wp-json\/wp\/v2\/types\/post"}],"author":[{"embeddable":true,"href":"https:\/\/noticiasribeiraopreto.com.br\/index.php\/wp-json\/wp\/v2\/users\/1"}],"replies":[{"embeddable":true,"href":"https:\/\/noticiasribeiraopreto.com.br\/index.php\/wp-json\/wp\/v2\/comments?post=69729"}],"version-history":[{"count":0,"href":"https:\/\/noticiasribeiraopreto.com.br\/index.php\/wp-json\/wp\/v2\/posts\/69729\/revisions"}],"wp:featuredmedia":[{"embeddable":true,"href":"https:\/\/noticiasribeiraopreto.com.br\/index.php\/wp-json\/wp\/v2\/media\/69730"}],"wp:attachment":[{"href":"https:\/\/noticiasribeiraopreto.com.br\/index.php\/wp-json\/wp\/v2\/media?parent=69729"}],"wp:term":[{"taxonomy":"category","embeddable":true,"href":"https:\/\/noticiasribeiraopreto.com.br\/index.php\/wp-json\/wp\/v2\/categories?post=69729"},{"taxonomy":"post_tag","embeddable":true,"href":"https:\/\/noticiasribeiraopreto.com.br\/index.php\/wp-json\/wp\/v2\/tags?post=69729"}],"curies":[{"name":"wp","href":"https:\/\/api.w.org\/{rel}","templated":true}]}}