{"id":69731,"date":"2025-05-08T17:39:28","date_gmt":"2025-05-08T20:39:28","guid":{"rendered":"https:\/\/noticiasribeiraopreto.com.br\/index.php\/2025\/05\/08\/quem-e-robert-prevost-o-papa-leao-xiv-escolhido-no-conclave\/"},"modified":"2025-05-08T17:39:28","modified_gmt":"2025-05-08T20:39:28","slug":"quem-e-robert-prevost-o-papa-leao-xiv-escolhido-no-conclave","status":"publish","type":"post","link":"https:\/\/noticiasribeiraopreto.com.br\/index.php\/2025\/05\/08\/quem-e-robert-prevost-o-papa-leao-xiv-escolhido-no-conclave\/","title":{"rendered":"Quem \u00e9 Robert Prevost, o papa Le\u00e3o XIV, escolhido no conclave?"},"content":{"rendered":"<p> <br \/>\n<\/p>\n<div>\n<p>O cardeal norte-americano <strong>Robert Prevost<\/strong>, de 69 anos, foi escolhido papa pelo<strong> conclave<\/strong> nesta quinta-feira (8). Ele ser\u00e1 chamado de<strong> papa Le\u00e3o XIV <\/strong>e ser\u00e1 o 267\u00ba papa da hist\u00f3ria, que vai suceder Francisco \u00e0 frente do Vaticano.<\/p>\n<p><strong>Robert Prevost<\/strong> <mark style=\"background-color:#fcb900\" class=\"has-inline-color has-black-color\">era visto como o candidato mais vi\u00e1vel entre os dez cardeais dos Estados Unidos<\/mark>. Ele tem reputa\u00e7\u00e3o por construir pontes entre conservadores e progressistas, pode vir a calhar em um momento em que a igreja se encontra dividida.<\/p>\n<h2 class=\"wp-block-heading\"><strong>Proje\u00e7\u00e3o global<\/strong><\/h2>\n<p>Ao mesmo tempo, Prevost tem proje\u00e7\u00e3o global e ocupa um dos cargos mais influentes da <strong>Santa S\u00e9<\/strong>. Ele \u00e9 o <mark style=\"background-color:#fcb900\" class=\"has-inline-color has-black-color\">prefeito do Dicast\u00e9rio para os Bispos, que aconselha o papa sobre a nomea\u00e7\u00e3o de l\u00edderes da igreja<\/mark>. O novo papa foi nomeado para o cargo em 2023 pelo papa Francisco.<\/p>\n<h2 class=\"wp-block-heading\"><strong>Do Peru ao Vaticano<\/strong><\/h2>\n<p>Nascido em 1955 em <strong>Chicago<\/strong>, nos<strong> Estados Unidos<\/strong>, em uma fam\u00edlia de origens europeias.<mark style=\"background-color:#fcb900\" class=\"has-inline-color has-black-color\"> Prevost tamb\u00e9m tem nacionalidade peruana por ter vivido por quase duas d\u00e9cadas no pa\u00eds andino<\/mark>, onde iniciou a carreira como mission\u00e1rio agostiniano e chegou a bispo<\/p>\n<p>Apesar da proximidade do \u00faltimo papa, considerado progressista, ele tem forma\u00e7\u00e3o em direito can\u00f4nico pela <strong>Pontif\u00edcia Universidade de Santo Tom\u00e1s de Aquino<\/strong>. Isso pode agradar setores da igreja que privilegiam uma abordagem centrada na teologia.<\/p>\n<p>Al\u00e9m de prefeito dos bispos, Francisco tamb\u00e9m o nomeou presidente da Pontif\u00edcia Comiss\u00e3o para a Am\u00e9rica Latina. A comiss\u00e3o \u00e9 voltada ao estudo de quest\u00f5es referentes \u00e0 vida e ao desenvolvimento da igreja na regi\u00e3o.<\/p>\n<p>Segundo reportagem do jornal <strong>The New York Times<\/strong>, Prevost foi elogiado por ter apoiado imigrantes venezuelanos e visitado comunidades remotas no Peru.<\/p>\n<h2 class=\"wp-block-heading\"><strong>Cr\u00edticas<\/strong><\/h2>\n<p>Por outro lado, Prevost expressou no passado vis\u00f5es menos acolhedoras do que as do papa Francisco em rela\u00e7\u00e3o a pessoas LGBTQIA+. Como bispo em <strong>Chiclayo<\/strong>, no<strong> Peru<\/strong>, se op\u00f4s a um plano do governo local para incluir ensinamentos sobre g\u00eanero nas escolas.<\/p>\n<p>Foi tamb\u00e9m criticado por sua condu\u00e7\u00e3o de casos em que padres foram acusados de abuso sexual. O The New York Times afirma que n\u00e3o teve sucesso em contactar o cardeal sobre as cr\u00edticas.<\/p>\n<p>Prevost comentou sobre a responsabilidade dos bispos na luta contra os abusos na igreja em uma entrevista ao Vatican News, em 2023. <\/p>\n<p>\u201cN\u00e3o podemos fechar o cora\u00e7\u00e3o, a porta da Igreja, \u00e0s pessoas que sofreram por abusos. A responsabilidade do bispo \u00e9 grande e acho que ainda temos que fazer esfor\u00e7os consider\u00e1veis para responder a esta situa\u00e7\u00e3o que causa tanta dor na Igreja\u201d, disse.<\/p>\n<p>(Com informa\u00e7\u00f5es Juliana Domingos de Lima\/Estad\u00e3o Conte\u00fado).<\/p>\n<p><!-- CONTENT END 1 -->\n<\/div>\n<p><br \/>\n<br \/><a href=\"https:\/\/www.acidadeon.com\/ribeiraopreto\/cotidiano\/quem-e-robert-prevost-o-papa-leao-xiv-escolhido-no-conclave\/\">Source link <\/a><\/p>\n","protected":false},"excerpt":{"rendered":"<p>O cardeal norte-americano Robert Prevost, de 69 anos, foi escolhido papa pelo conclave nesta quinta-feira (8). Ele ser\u00e1 chamado de papa Le\u00e3o XIV e ser\u00e1&#8230;<\/p>\n","protected":false},"author":1,"featured_media":69732,"comment_status":"open","ping_status":"open","sticky":false,"template":"","format":"standard","meta":{"advanced_seo_description":"","jetpack_seo_html_title":"","jetpack_seo_noindex":false,"jetpack_post_was_ever_published":false,"_jetpack_newsletter_access":"","_jetpack_dont_email_post_to_subs":false,"_jetpack_newsletter_tier_id":0,"_jetpack_memberships_contains_paywalled_content":false,"_jetpack_memberships_contains_paid_content":false,"footnotes":"","jetpack_publicize_message":"","jetpack_publicize_feature_enabled":true,"jetpack_social_post_already_shared":true,"jetpack_social_options":{"image_generator_settings":{"template":"highway","default_image_id":0,"font":"","enabled":false},"version":2}},"categories":[11],"tags":[],"class_list":["post-69731","post","type-post","status-publish","format-standard","has-post-thumbnail","hentry","category-noticias-de-ribeirao-preto-sp-e-regiao-ismael-colosi"],"jetpack_publicize_connections":[],"jetpack_featured_media_url":"https:\/\/i0.wp.com\/noticiasribeiraopreto.com.br\/wp-content\/uploads\/2025\/05\/robert-prevost_2025-05-08_18-01-40.webp.webp?fit=1200%2C675&ssl=1","jetpack-related-posts":[{"id":69735,"url":"https:\/\/noticiasribeiraopreto.com.br\/index.php\/2025\/05\/08\/robert-prevost-e-o-escolhido-no-conclave-saiba-quem-e-o-novo-papa\/","url_meta":{"origin":69731,"position":0},"title":"Robert Prevost \u00e9 o escolhido no conclave; Saiba quem \u00e9 o novo papa","author":"noticiasribeiraopreto.com.br","date":"8 de May de 2025","format":false,"excerpt":"O grupo de cardeais reunidos para o conclave na Capela Sistina escolheu nesta quinta-feira (8), o 267\u00ba papa da hist\u00f3ria, que vai suceder Francisco \u00e0 frente do Vaticano. O novo papa \u00e9 o cardeal Robert Prevost, dos Estados Unidos. O novo papa escolheu o nome Le\u00e3o XIV. Robert Prevost tem\u2026","rel":"","context":"In &quot;Not\u00edcias de Ribeir\u00e3o Preto-SP e Regi\u00e3o&quot;","block_context":{"text":"Not\u00edcias de Ribeir\u00e3o Preto-SP e Regi\u00e3o","link":"https:\/\/noticiasribeiraopreto.com.br\/index.php\/category\/noticias-de-ribeirao-preto-sp-e-regiao-ismael-colosi\/"},"img":{"alt_text":"","src":"https:\/\/i0.wp.com\/noticiasribeiraopreto.com.br\/wp-content\/uploads\/2025\/05\/prevost-1_2025-05-08_17-37-14.webp.webp?fit=1200%2C797&ssl=1&resize=350%2C200","width":350,"height":200,"srcset":"https:\/\/i0.wp.com\/noticiasribeiraopreto.com.br\/wp-content\/uploads\/2025\/05\/prevost-1_2025-05-08_17-37-14.webp.webp?fit=1200%2C797&ssl=1&resize=350%2C200 1x, https:\/\/i0.wp.com\/noticiasribeiraopreto.com.br\/wp-content\/uploads\/2025\/05\/prevost-1_2025-05-08_17-37-14.webp.webp?fit=1200%2C797&ssl=1&resize=525%2C300 1.5x, https:\/\/i0.wp.com\/noticiasribeiraopreto.com.br\/wp-content\/uploads\/2025\/05\/prevost-1_2025-05-08_17-37-14.webp.webp?fit=1200%2C797&ssl=1&resize=700%2C400 2x, https:\/\/i0.wp.com\/noticiasribeiraopreto.com.br\/wp-content\/uploads\/2025\/05\/prevost-1_2025-05-08_17-37-14.webp.webp?fit=1200%2C797&ssl=1&resize=1050%2C600 3x"},"classes":[]},{"id":69718,"url":"https:\/\/noticiasribeiraopreto.com.br\/index.php\/2025\/05\/08\/jornal-da-franca-americano-robert-prevost-e-anunciado-como-novo-papa-com-o-nome-de-leao-xiv\/","url_meta":{"origin":69731,"position":1},"title":"Jornal da Franca &#8211; Americano Robert Prevost \u00e9 anunciado como novo papa, com o nome de Le\u00e3o XIV","author":"noticiasribeiraopreto.com.br","date":"8 de May de 2025","format":false,"excerpt":"compartilhar no whatsapp compartilhar no telegram compartilhar no facebook compartilhar no linkedin O Conclave elegeu o cardeal Robert Prevost como o 267\u00ba Bispo de Roma. An\u00fancio foi dado pelo cardeal protodi\u00e1cono Dominique Mamberti. O americano Robert Prevost, 69, \u00e9 o novo papa. O nome dele, escolhido nesta quinta-feira (8) no\u2026","rel":"","context":"In &quot;Not\u00edcias de Franca-SP&quot;","block_context":{"text":"Not\u00edcias de Franca-SP","link":"https:\/\/noticiasribeiraopreto.com.br\/index.php\/category\/noticias-de-ribeirao-preto-sp-e-regiao-ismael-colosi\/noticias-franca-sp\/"},"img":{"alt_text":"","src":"https:\/\/i0.wp.com\/noticiasribeiraopreto.com.br\/wp-content\/uploads\/2025\/05\/cq5dam.thumbnail.cropped.750.422.jpeg?fit=750%2C421&ssl=1&resize=350%2C200","width":350,"height":200,"srcset":"https:\/\/i0.wp.com\/noticiasribeiraopreto.com.br\/wp-content\/uploads\/2025\/05\/cq5dam.thumbnail.cropped.750.422.jpeg?fit=750%2C421&ssl=1&resize=350%2C200 1x, https:\/\/i0.wp.com\/noticiasribeiraopreto.com.br\/wp-content\/uploads\/2025\/05\/cq5dam.thumbnail.cropped.750.422.jpeg?fit=750%2C421&ssl=1&resize=525%2C300 1.5x, https:\/\/i0.wp.com\/noticiasribeiraopreto.com.br\/wp-content\/uploads\/2025\/05\/cq5dam.thumbnail.cropped.750.422.jpeg?fit=750%2C421&ssl=1&resize=700%2C400 2x"},"classes":[]},{"id":69710,"url":"https:\/\/noticiasribeiraopreto.com.br\/index.php\/2025\/05\/08\/novo-papa-robert-francis-prevost-foi-o-escolhido\/","url_meta":{"origin":69731,"position":2},"title":"Novo Papa: Robert Francis Prevost foi o escolhido","author":"noticiasribeiraopreto.com.br","date":"8 de May de 2025","format":false,"excerpt":"8 de maio de 2025 14:3111 Compartilhar0 A aguardada fuma\u00e7a branca surgiu na chamin\u00e9 da Capela Sistina nesta quinta-feira (8), marcando a elei\u00e7\u00e3o do novo papa no segundo dia do conclave. O cardeal Robert Francis Prevost foi escolhido pelos demais cardeais e adotar\u00e1 o nome de Le\u00e3o 14. Nascido em\u2026","rel":"","context":"In &quot;Not\u00edcias de Ribeir\u00e3o Preto-SP e Regi\u00e3o&quot;","block_context":{"text":"Not\u00edcias de Ribeir\u00e3o Preto-SP e Regi\u00e3o","link":"https:\/\/noticiasribeiraopreto.com.br\/index.php\/category\/noticias-de-ribeirao-preto-sp-e-regiao-ismael-colosi\/"},"img":{"alt_text":"","src":"https:\/\/i0.wp.com\/noticiasribeiraopreto.com.br\/wp-content\/uploads\/2025\/05\/papa.jpeg?fit=474%2C266&ssl=1&resize=350%2C200","width":350,"height":200},"classes":[]},{"id":69726,"url":"https:\/\/noticiasribeiraopreto.com.br\/index.php\/2025\/05\/08\/saiba-a-origem-da-avenida-leao-xiii-em-ribeirao-preto\/","url_meta":{"origin":69731,"position":3},"title":"Saiba a origem da avenida Le\u00e3o XIII em Ribeir\u00e3o Preto","author":"noticiasribeiraopreto.com.br","date":"8 de May de 2025","format":false,"excerpt":"O cardeal Robert Prevost foi escolhido papa pelo conclave nesta quinta-feira (8). Com isso, a partir de agora, ser\u00e1 conhecido como Le\u00e3o XIV. Antes do americano, por\u00e9m, Gioacchino Pecci, em 1878, foi o \u00faltimo a escolher Le\u00e3o como nome de papado. >>>FIQUE POR DENTRO: Quem \u00e9 Robert Prevost, o papa\u2026","rel":"","context":"In &quot;Not\u00edcias de Ribeir\u00e3o Preto-SP e Regi\u00e3o&quot;","block_context":{"text":"Not\u00edcias de Ribeir\u00e3o Preto-SP e Regi\u00e3o","link":"https:\/\/noticiasribeiraopreto.com.br\/index.php\/category\/noticias-de-ribeirao-preto-sp-e-regiao-ismael-colosi\/"},"img":{"alt_text":"","src":"https:\/\/i0.wp.com\/noticiasribeiraopreto.com.br\/wp-content\/uploads\/2025\/05\/20230318_162012-scaled.jpg?fit=1200%2C609&ssl=1&resize=350%2C200","width":350,"height":200,"srcset":"https:\/\/i0.wp.com\/noticiasribeiraopreto.com.br\/wp-content\/uploads\/2025\/05\/20230318_162012-scaled.jpg?fit=1200%2C609&ssl=1&resize=350%2C200 1x, https:\/\/i0.wp.com\/noticiasribeiraopreto.com.br\/wp-content\/uploads\/2025\/05\/20230318_162012-scaled.jpg?fit=1200%2C609&ssl=1&resize=525%2C300 1.5x, https:\/\/i0.wp.com\/noticiasribeiraopreto.com.br\/wp-content\/uploads\/2025\/05\/20230318_162012-scaled.jpg?fit=1200%2C609&ssl=1&resize=700%2C400 2x, https:\/\/i0.wp.com\/noticiasribeiraopreto.com.br\/wp-content\/uploads\/2025\/05\/20230318_162012-scaled.jpg?fit=1200%2C609&ssl=1&resize=1050%2C600 3x"},"classes":[]},{"id":69842,"url":"https:\/\/noticiasribeiraopreto.com.br\/index.php\/2025\/05\/09\/arcebispo-de-sertaozinho-pode-ser-o-primeiro-cardeal-nomeado-por-leao-xiv\/","url_meta":{"origin":69731,"position":4},"title":"Arcebispo de Sert\u00e3ozinho pode ser o primeiro cardeal nomeado por Le\u00e3o XIV","author":"noticiasribeiraopreto.com.br","date":"9 de May de 2025","format":false,"excerpt":"O primeiro cardeal nomeado pelo papa Le\u00e3o XIV deve ser o arcebispo dom Ilson de Jesus Montanari, natural de Sert\u00e3ozinho, na regi\u00e3o de Ribeir\u00e3o Preto. Isso porque, o vice-camerlengo da Igreja Cat\u00f3lica atuou como secret\u00e1rio no conclave que escolheu como papa o cardeal Robert Prevost. De acordo com a tradi\u00e7\u00e3o,\u2026","rel":"","context":"In &quot;Not\u00edcias de Ribeir\u00e3o Preto-SP e Regi\u00e3o&quot;","block_context":{"text":"Not\u00edcias de Ribeir\u00e3o Preto-SP e Regi\u00e3o","link":"https:\/\/noticiasribeiraopreto.com.br\/index.php\/category\/noticias-de-ribeirao-preto-sp-e-regiao-ismael-colosi\/"},"img":{"alt_text":"","src":"https:\/\/i0.wp.com\/noticiasribeiraopreto.com.br\/wp-content\/uploads\/2025\/05\/Copia-de-Copia-de-Copia-de-TAMANHO-EXATO-PARA-FOTOS-NO-SISTEMA-NOVO-54_2025-05-09_19-10-12.webp.webp?fit=1200%2C675&ssl=1&resize=350%2C200","width":350,"height":200,"srcset":"https:\/\/i0.wp.com\/noticiasribeiraopreto.com.br\/wp-content\/uploads\/2025\/05\/Copia-de-Copia-de-Copia-de-TAMANHO-EXATO-PARA-FOTOS-NO-SISTEMA-NOVO-54_2025-05-09_19-10-12.webp.webp?fit=1200%2C675&ssl=1&resize=350%2C200 1x, https:\/\/i0.wp.com\/noticiasribeiraopreto.com.br\/wp-content\/uploads\/2025\/05\/Copia-de-Copia-de-Copia-de-TAMANHO-EXATO-PARA-FOTOS-NO-SISTEMA-NOVO-54_2025-05-09_19-10-12.webp.webp?fit=1200%2C675&ssl=1&resize=525%2C300 1.5x, https:\/\/i0.wp.com\/noticiasribeiraopreto.com.br\/wp-content\/uploads\/2025\/05\/Copia-de-Copia-de-Copia-de-TAMANHO-EXATO-PARA-FOTOS-NO-SISTEMA-NOVO-54_2025-05-09_19-10-12.webp.webp?fit=1200%2C675&ssl=1&resize=700%2C400 2x, https:\/\/i0.wp.com\/noticiasribeiraopreto.com.br\/wp-content\/uploads\/2025\/05\/Copia-de-Copia-de-Copia-de-TAMANHO-EXATO-PARA-FOTOS-NO-SISTEMA-NOVO-54_2025-05-09_19-10-12.webp.webp?fit=1200%2C675&ssl=1&resize=1050%2C600 3x"},"classes":[]},{"id":69749,"url":"https:\/\/noticiasribeiraopreto.com.br\/index.php\/2025\/05\/08\/novo-papa-dara-continuidade-ao-legado-de-francisco-diz-arcebispo-de-ribeirao-preto\/","url_meta":{"origin":69731,"position":5},"title":"Novo papa dar\u00e1 continuidade ao legado de Francisco, diz Arcebispo de Ribeir\u00e3o Preto","author":"noticiasribeiraopreto.com.br","date":"8 de May de 2025","format":false,"excerpt":"Na tarde desta quinta-feira (8), o arcebispo metropolitano de Ribeir\u00e3o Preto, Dom Moacir Silva, comentou a elei\u00e7\u00e3o do novo papa e avaliou os primeiros sinais do novo pontificado. Para o arcebispo, a escolha do nome e o hist\u00f3rico do novo pont\u00edfice indicam uma continuidade em rela\u00e7\u00e3o ao trabalho desenvolvido pelo\u2026","rel":"","context":"In &quot;Not\u00edcias de Ribeir\u00e3o Preto-SP e Regi\u00e3o&quot;","block_context":{"text":"Not\u00edcias de Ribeir\u00e3o Preto-SP e Regi\u00e3o","link":"https:\/\/noticiasribeiraopreto.com.br\/index.php\/category\/noticias-de-ribeirao-preto-sp-e-regiao-ismael-colosi\/"},"img":{"alt_text":"","src":"https:\/\/i0.wp.com\/noticiasribeiraopreto.com.br\/wp-content\/uploads\/2025\/05\/Copia-de-Copia-de-Copia-de-TAMANHO-EXATO-PARA-FOTOS-NO-SISTEMA-NOVO-52_2025-05-08_21-39-44.webp.webp?fit=1200%2C675&ssl=1&resize=350%2C200","width":350,"height":200,"srcset":"https:\/\/i0.wp.com\/noticiasribeiraopreto.com.br\/wp-content\/uploads\/2025\/05\/Copia-de-Copia-de-Copia-de-TAMANHO-EXATO-PARA-FOTOS-NO-SISTEMA-NOVO-52_2025-05-08_21-39-44.webp.webp?fit=1200%2C675&ssl=1&resize=350%2C200 1x, https:\/\/i0.wp.com\/noticiasribeiraopreto.com.br\/wp-content\/uploads\/2025\/05\/Copia-de-Copia-de-Copia-de-TAMANHO-EXATO-PARA-FOTOS-NO-SISTEMA-NOVO-52_2025-05-08_21-39-44.webp.webp?fit=1200%2C675&ssl=1&resize=525%2C300 1.5x, https:\/\/i0.wp.com\/noticiasribeiraopreto.com.br\/wp-content\/uploads\/2025\/05\/Copia-de-Copia-de-Copia-de-TAMANHO-EXATO-PARA-FOTOS-NO-SISTEMA-NOVO-52_2025-05-08_21-39-44.webp.webp?fit=1200%2C675&ssl=1&resize=700%2C400 2x, https:\/\/i0.wp.com\/noticiasribeiraopreto.com.br\/wp-content\/uploads\/2025\/05\/Copia-de-Copia-de-Copia-de-TAMANHO-EXATO-PARA-FOTOS-NO-SISTEMA-NOVO-52_2025-05-08_21-39-44.webp.webp?fit=1200%2C675&ssl=1&resize=1050%2C600 3x"},"classes":[]}],"jetpack_sharing_enabled":true,"jetpack_shortlink":"https:\/\/wp.me\/peQAOb-i8H","_links":{"self":[{"href":"https:\/\/noticiasribeiraopreto.com.br\/index.php\/wp-json\/wp\/v2\/posts\/69731","targetHints":{"allow":["GET"]}}],"collection":[{"href":"https:\/\/noticiasribeiraopreto.com.br\/index.php\/wp-json\/wp\/v2\/posts"}],"about":[{"href":"https:\/\/noticiasribeiraopreto.com.br\/index.php\/wp-json\/wp\/v2\/types\/post"}],"author":[{"embeddable":true,"href":"https:\/\/noticiasribeiraopreto.com.br\/index.php\/wp-json\/wp\/v2\/users\/1"}],"replies":[{"embeddable":true,"href":"https:\/\/noticiasribeiraopreto.com.br\/index.php\/wp-json\/wp\/v2\/comments?post=69731"}],"version-history":[{"count":0,"href":"https:\/\/noticiasribeiraopreto.com.br\/index.php\/wp-json\/wp\/v2\/posts\/69731\/revisions"}],"wp:featuredmedia":[{"embeddable":true,"href":"https:\/\/noticiasribeiraopreto.com.br\/index.php\/wp-json\/wp\/v2\/media\/69732"}],"wp:attachment":[{"href":"https:\/\/noticiasribeiraopreto.com.br\/index.php\/wp-json\/wp\/v2\/media?parent=69731"}],"wp:term":[{"taxonomy":"category","embeddable":true,"href":"https:\/\/noticiasribeiraopreto.com.br\/index.php\/wp-json\/wp\/v2\/categories?post=69731"},{"taxonomy":"post_tag","embeddable":true,"href":"https:\/\/noticiasribeiraopreto.com.br\/index.php\/wp-json\/wp\/v2\/tags?post=69731"}],"curies":[{"name":"wp","href":"https:\/\/api.w.org\/{rel}","templated":true}]}}