{"id":69733,"date":"2025-05-08T17:47:15","date_gmt":"2025-05-08T20:47:15","guid":{"rendered":"https:\/\/noticiasribeiraopreto.com.br\/index.php\/2025\/05\/08\/djs-kenan-e-kel-retornam-a-ribeirao-preto-para-apresentacao-no-festival-planeta-urbano\/"},"modified":"2025-05-08T17:47:15","modified_gmt":"2025-05-08T20:47:15","slug":"djs-kenan-e-kel-retornam-a-ribeirao-preto-para-apresentacao-no-festival-planeta-urbano","status":"publish","type":"post","link":"https:\/\/noticiasribeiraopreto.com.br\/index.php\/2025\/05\/08\/djs-kenan-e-kel-retornam-a-ribeirao-preto-para-apresentacao-no-festival-planeta-urbano\/","title":{"rendered":"DJs Kenan e Kel retornam a Ribeir\u00e3o Preto para apresenta\u00e7\u00e3o no Festival Planeta Urbano"},"content":{"rendered":"<p> <br \/>\n<\/p>\n<div>\n<p>Os<strong> DJs Kenan e Kel<\/strong> retornam para <strong>Ribeir\u00e3o Preto<\/strong>, no dia 31 de maio, para apresenta\u00e7\u00e3o no <strong>Festival Planeta Urbano<\/strong>. A segunda edi\u00e7\u00e3o do evento acontece das 16h \u00e0s 4h, no CHF Espa\u00e7o Cultural.<\/p>\n<p><mark style=\"background-color:#fcb900\" class=\"has-inline-color\"><strong>Supernova<\/strong>, <strong>Matu\u00ea<\/strong>,<strong> Cynthia Luz<\/strong>, <strong>MC Tuto<\/strong> e <strong>Recayd Mob<\/strong> s\u00e3o outros nomes que est\u00e3o confirmados no <em>line-up<\/em> do evento<\/mark>. Os ingressos <strong>ainda est\u00e3o dispon\u00edveis<\/strong> e podem ser adquiridos de <strong>forma on-line (<a href=\"https:\/\/duoticket.com.br\/evento\/4493\/planeta-urbano\" target=\"_blank\" rel=\"noreferrer noopener\">clique aqui<\/a>)<\/strong> \u2013 saiba mais abaixo.<\/p>\n<p>Os artistas, naturais de Campinas, ganharam notoriedade atrav\u00e9s do que denominam \u201c<strong>m\u00fasica popular perif\u00e9rica brasileira<\/strong>\u201d, com repert\u00f3rio que explora subg\u00eaneros do funk. Al\u00e9m disso, a dupla tamb\u00e9m \u00e9 co-fundadora do selo 808, que promove eventos acess\u00edveis e acolhedores para a comunidade perif\u00e9rica, preta e LGBTQIAPN+.<\/p>\n<h2 class=\"wp-block-heading\"><strong>Valores e setores<\/strong><\/h2>\n<ul class=\"wp-block-list\">\n<li>Planeta Urbano \u2013 R$ 130 (meia-entrada) | R$ 150 (solid\u00e1ria) | R$ 260 (inteira)<\/li>\n<li>Planeta VIP \u2013 R$ 190 (meia-entrada) | R$ 210 (solid\u00e1ria) | R$ 380 (inteira)<\/li>\n<li>Planeta Black Open \u2013 R$ 430 (meia-entrada) | R$ 460 (solid\u00e1ria) | R$ 860 (inteira)<\/li>\n<\/ul>\n<p><em>Vale destacar que os ingressos solid\u00e1rios est\u00e3o dispon\u00edveis mediante a doa\u00e7\u00e3o de 1kg de alimento n\u00e3o perec\u00edvel, que deve ser entregue na entrada do evento.<\/em><\/p>\n<p>O festival nasceu a partir da uni\u00e3o dos organizadores do <strong>Ribeir\u00e3o Trap Festival <\/strong>e <strong>Wild Trap Festival<\/strong>. Atualmente, o Planeta Urbano \u00e9 realizado em parceria com a Supernova, gravadora e produtora conhecida no cen\u00e1rio da m\u00fasica urbana.<\/p>\n<h2 class=\"wp-block-heading\"><strong>Concurso de bandas<\/strong><\/h2>\n<p>Ap\u00f3s intensa seletiva, que contou com mais de 80 inscritos, o artista <strong>MC Lwis<\/strong> foi o vencedor do concurso de bandas e se apresenta no palco do festival.<\/p>\n<p>Natural de Rio Claro, o jovem vem ganhando espa\u00e7o no cen\u00e1rio do Rap e Trap com produ\u00e7\u00f5es autorais. Pela primeira vez em um festival, o rapper promete um show cheio de energia com repert\u00f3rio para todos os p\u00fablicos.<\/p>\n<p>O segundo lugar \u00e9 compartilhado pelo artista <strong>Badazz <\/strong>e pelo rapper <strong>Liuw Lyon<\/strong>. J\u00e1 o terceiro lugar ficou para o cantor <strong>Jones<\/strong>.<\/p>\n<h3 class=\"wp-block-heading\"><strong>Servi\u00e7o<\/strong><\/h3>\n<p><em>Festival Planeta Urbano<\/em><\/p>\n<p>Quando: 31 de maio, s\u00e1bado<\/p>\n<p>Hor\u00e1rio: Das 16h \u00e0s 4h<\/p>\n<p>Local: CHF Espa\u00e7o Cultural \u2013 avenida Thomaz Alberto Whately \u2013 Parque Industrial Cel. Quito Junqueira, Ribeir\u00e3o Preto<\/p>\n<p>Ingressos: a partir de R$ 130<\/p>\n<hr class=\"wp-block-separator has-alpha-channel-opacity\"\/>\n<p>SAIBA MAIS<\/p>\n<p>Theatro Pedro II recebe musical \u2018O Rei Le\u00e3o\u2019; veja como comprar ingressos <mark style=\"background-color:#ffffff\" class=\"has-inline-color has-white-color\">contudo,<\/mark><\/p>\n<h4 class=\"wp-block-heading\"><strong>FIQUE ON<\/strong><\/h4>\n<p>Fique ligado em tudo que acontece em Ribeir\u00e3o Preto e regi\u00e3o. Siga os perfis do<strong>\u00a0acidade on<\/strong>\u00a0no\u00a0<a href=\"https:\/\/www.instagram.com\/acidadeonribeirao\">Instagram<\/a>\u00a0e no\u00a0<a href=\"https:\/\/www.facebook.com\/acidadeonribeirao\/\">Facebook<\/a>.<\/p>\n<p>Receba not\u00edcias do\u00a0<strong>acidade on\u00a0<\/strong>no WhatsApp.<a href=\"https:\/\/chat.whatsapp.com\/BjKQZ9oJwlz8VVT50NuePq\">\u00a0Para entrar no grupo, basta clicar aqui.<\/a><\/p>\n<p>Fa\u00e7a uma den\u00fancia ou sugira uma reportagem sobre Ribeir\u00e3o Preto e regi\u00e3o pelo WhatsApp: 16 99117 7802.<\/p>\n<p>VEJA TAMB\u00c9M<\/p>\n<p>Qual o verdadeiro nome de Gl\u00f3ria Menezes?<mark style=\"background-color:#ffffff\" class=\"has-inline-color has-white-color\"> contudo, <\/mark><\/p>\n<p><!-- CONTENT END 1 -->\n<\/div>\n<p><script async src=\"\/\/www.instagram.com\/embed.js\"><\/script><br \/>\n<br \/><br \/>\n<br \/><a href=\"https:\/\/www.acidadeon.com\/ribeiraopreto\/lazer-e-cultura\/djs-kenan-e-kel-retornam-a-ribeirao-preto-para-apresentacao-no-festival-planeta-urbano\/\">Source link <\/a><\/p>\n","protected":false},"excerpt":{"rendered":"<p>Os DJs Kenan e Kel retornam para Ribeir\u00e3o Preto, no dia 31 de maio, para apresenta\u00e7\u00e3o no Festival Planeta Urbano. A segunda edi\u00e7\u00e3o do evento&#8230;<\/p>\n","protected":false},"author":1,"featured_media":69734,"comment_status":"open","ping_status":"open","sticky":false,"template":"","format":"standard","meta":{"advanced_seo_description":"","jetpack_seo_html_title":"","jetpack_seo_noindex":false,"jetpack_post_was_ever_published":false,"_jetpack_newsletter_access":"","_jetpack_dont_email_post_to_subs":false,"_jetpack_newsletter_tier_id":0,"_jetpack_memberships_contains_paywalled_content":false,"_jetpack_memberships_contains_paid_content":false,"footnotes":"","jetpack_publicize_message":"","jetpack_publicize_feature_enabled":true,"jetpack_social_post_already_shared":true,"jetpack_social_options":{"image_generator_settings":{"template":"highway","default_image_id":0,"font":"","enabled":false},"version":2}},"categories":[11],"tags":[],"class_list":["post-69733","post","type-post","status-publish","format-standard","has-post-thumbnail","hentry","category-noticias-de-ribeirao-preto-sp-e-regiao-ismael-colosi"],"jetpack_publicize_connections":[],"jetpack_featured_media_url":"https:\/\/i0.wp.com\/noticiasribeiraopreto.com.br\/wp-content\/uploads\/2025\/05\/WhatsApp-Image-2025-05-08-at-09.28.24_2025-05-08_17-55-13.webp.webp?fit=1200%2C800&ssl=1","jetpack-related-posts":[{"id":66517,"url":"https:\/\/noticiasribeiraopreto.com.br\/index.php\/2025\/04\/02\/ribeirao-preto-recebe-festival-com-matue-e-cinthya-luz\/","url_meta":{"origin":69733,"position":0},"title":"Ribeir\u00e3o Preto recebe festival com Matu\u00ea e Cinthya Luz","author":"noticiasribeiraopreto.com.br","date":"2 de April de 2025","format":false,"excerpt":"A segunda edi\u00e7\u00e3o do \u201cFestival Planeta Urbano\u201c chega a Ribeir\u00e3o Preto no dia 31 de maio. Entre as atra\u00e7\u00f5es, est\u00e3o Matu\u00ea e Cinthya Luz. O evento acontece das 16h \u00e0s 4h, no CHF Espa\u00e7o Cultural. O festival nasceu a partir da uni\u00e3o dos organizadores do Ribeir\u00e3o Trap Festival e Wild\u2026","rel":"","context":"In &quot;Not\u00edcias de Ribeir\u00e3o Preto-SP e Regi\u00e3o&quot;","block_context":{"text":"Not\u00edcias de Ribeir\u00e3o Preto-SP e Regi\u00e3o","link":"https:\/\/noticiasribeiraopreto.com.br\/index.php\/category\/noticias-de-ribeirao-preto-sp-e-regiao-ismael-colosi\/"},"img":{"alt_text":"","src":"https:\/\/i0.wp.com\/noticiasribeiraopreto.com.br\/wp-content\/uploads\/2025\/04\/Planeta-Urbano-geral-palco-diurna-2024_2025-04-02_13-20-55_jpg_2025-04-02_13-20-55.webp.webp?fit=1200%2C800&ssl=1&resize=350%2C200","width":350,"height":200,"srcset":"https:\/\/i0.wp.com\/noticiasribeiraopreto.com.br\/wp-content\/uploads\/2025\/04\/Planeta-Urbano-geral-palco-diurna-2024_2025-04-02_13-20-55_jpg_2025-04-02_13-20-55.webp.webp?fit=1200%2C800&ssl=1&resize=350%2C200 1x, https:\/\/i0.wp.com\/noticiasribeiraopreto.com.br\/wp-content\/uploads\/2025\/04\/Planeta-Urbano-geral-palco-diurna-2024_2025-04-02_13-20-55_jpg_2025-04-02_13-20-55.webp.webp?fit=1200%2C800&ssl=1&resize=525%2C300 1.5x, https:\/\/i0.wp.com\/noticiasribeiraopreto.com.br\/wp-content\/uploads\/2025\/04\/Planeta-Urbano-geral-palco-diurna-2024_2025-04-02_13-20-55_jpg_2025-04-02_13-20-55.webp.webp?fit=1200%2C800&ssl=1&resize=700%2C400 2x, https:\/\/i0.wp.com\/noticiasribeiraopreto.com.br\/wp-content\/uploads\/2025\/04\/Planeta-Urbano-geral-palco-diurna-2024_2025-04-02_13-20-55_jpg_2025-04-02_13-20-55.webp.webp?fit=1200%2C800&ssl=1&resize=1050%2C600 3x"},"classes":[]},{"id":46628,"url":"https:\/\/noticiasribeiraopreto.com.br\/index.php\/2024\/04\/12\/veigh-e-hariel-participam-de-festival-de-musica-urbana-em-ribeirao-preto\/","url_meta":{"origin":69733,"position":1},"title":"Veigh e Hariel participam de festival de m\u00fasica urbana em Ribeir\u00e3o Preto","author":"noticiasribeiraopreto.com.br","date":"12 de April de 2024","format":false,"excerpt":"Os shows dos cantores Veigh e Hariel est\u00e3o confirmados em Ribeir\u00e3o Preto durante o primeiro festival de cultura urbana \u201cPlaneta Urbano\u201d, que acontece no dia 11 de maio. Na programa\u00e7\u00e3o musical tamb\u00e9m est\u00e3o confirmados MC Sofia, Yunk Vino, MC IG e Cone Crew Diretoria. Ingressos Os ingressos est\u00e3o \u00e0 venda\u2026","rel":"","context":"In &quot;Not\u00edcias de Ribeir\u00e3o Preto-SP e Regi\u00e3o&quot;","block_context":{"text":"Not\u00edcias de Ribeir\u00e3o Preto-SP e Regi\u00e3o","link":"https:\/\/noticiasribeiraopreto.com.br\/index.php\/category\/noticias-de-ribeirao-preto-sp-e-regiao-ismael-colosi\/"},"img":{"alt_text":"","src":"https:\/\/i0.wp.com\/noticiasribeiraopreto.com.br\/wp-content\/uploads\/2024\/04\/Copia-de-Copia-de-TAMANHO-EXATO-PARA-FOTOS-NO-SISTEMA-NOVO-28-1.webp.webp?fit=1200%2C675&ssl=1&resize=350%2C200","width":350,"height":200,"srcset":"https:\/\/i0.wp.com\/noticiasribeiraopreto.com.br\/wp-content\/uploads\/2024\/04\/Copia-de-Copia-de-TAMANHO-EXATO-PARA-FOTOS-NO-SISTEMA-NOVO-28-1.webp.webp?fit=1200%2C675&ssl=1&resize=350%2C200 1x, https:\/\/i0.wp.com\/noticiasribeiraopreto.com.br\/wp-content\/uploads\/2024\/04\/Copia-de-Copia-de-TAMANHO-EXATO-PARA-FOTOS-NO-SISTEMA-NOVO-28-1.webp.webp?fit=1200%2C675&ssl=1&resize=525%2C300 1.5x, https:\/\/i0.wp.com\/noticiasribeiraopreto.com.br\/wp-content\/uploads\/2024\/04\/Copia-de-Copia-de-TAMANHO-EXATO-PARA-FOTOS-NO-SISTEMA-NOVO-28-1.webp.webp?fit=1200%2C675&ssl=1&resize=700%2C400 2x, https:\/\/i0.wp.com\/noticiasribeiraopreto.com.br\/wp-content\/uploads\/2024\/04\/Copia-de-Copia-de-TAMANHO-EXATO-PARA-FOTOS-NO-SISTEMA-NOVO-28-1.webp.webp?fit=1200%2C675&ssl=1&resize=1050%2C600 3x"},"classes":[]},{"id":70835,"url":"https:\/\/noticiasribeiraopreto.com.br\/index.php\/2025\/05\/30\/ludmilla-planeta-urbano-e-muita-musica-veja-onde-aproveitar-o-fim-de-semana-em-ribeirao-preto\/","url_meta":{"origin":69733,"position":2},"title":"Ludmilla, Planeta Urbano e muita m\u00fasica: veja onde aproveitar o fim de semana em Ribeir\u00e3o Preto","author":"noticiasribeiraopreto.com.br","date":"30 de May de 2025","format":false,"excerpt":"O fim de semana em Ribeir\u00e3o Preto est\u00e1 com diversas atra\u00e7\u00f5es para quem quer curtir o frio longe das cobertas. Os destaques ficam por conta do show de Ludmilla, com a turn\u00ea Numanice, o Festival Planeta Urbano, e o Ce T\u00e1 Doido Festival, que re\u00fane nomes do sertanejo como \u00cdcaro\u2026","rel":"","context":"In &quot;Not\u00edcias de Ribeir\u00e3o Preto-SP e Regi\u00e3o&quot;","block_context":{"text":"Not\u00edcias de Ribeir\u00e3o Preto-SP e Regi\u00e3o","link":"https:\/\/noticiasribeiraopreto.com.br\/index.php\/category\/noticias-de-ribeirao-preto-sp-e-regiao-ismael-colosi\/"},"img":{"alt_text":"","src":"https:\/\/i0.wp.com\/noticiasribeiraopreto.com.br\/wp-content\/uploads\/2025\/05\/ludmilla_2025-05-30_14-37-36.webp.webp?fit=980%2C615&ssl=1&resize=350%2C200","width":350,"height":200,"srcset":"https:\/\/i0.wp.com\/noticiasribeiraopreto.com.br\/wp-content\/uploads\/2025\/05\/ludmilla_2025-05-30_14-37-36.webp.webp?fit=980%2C615&ssl=1&resize=350%2C200 1x, https:\/\/i0.wp.com\/noticiasribeiraopreto.com.br\/wp-content\/uploads\/2025\/05\/ludmilla_2025-05-30_14-37-36.webp.webp?fit=980%2C615&ssl=1&resize=525%2C300 1.5x, https:\/\/i0.wp.com\/noticiasribeiraopreto.com.br\/wp-content\/uploads\/2025\/05\/ludmilla_2025-05-30_14-37-36.webp.webp?fit=980%2C615&ssl=1&resize=700%2C400 2x"},"classes":[]},{"id":49346,"url":"https:\/\/noticiasribeiraopreto.com.br\/index.php\/2024\/05\/10\/o-que-fazer-em-ribeirao-preto-programacao-do-final-de-semana-tem-di-ferrero-veigh-e-titas\/","url_meta":{"origin":69733,"position":3},"title":"O que fazer em Ribeir\u00e3o Preto? Programa\u00e7\u00e3o do final de semana tem Di Ferrero, Veigh e Tit\u00e3s","author":"noticiasribeiraopreto.com.br","date":"10 de May de 2024","format":false,"excerpt":"O final de semana conta com uma programa\u00e7\u00e3o cultural para quem n\u00e3o quer ficar em casa. Di Ferrero, Veigh, Tit\u00e3s e at\u00e9 mesmo um tributo ao rei do pop, Michael Jackson s\u00e3o alguns dos nomes que chegam a Ribeir\u00e3o Preto. Veja o que fazer neste final de semana em Ribeir\u00e3o:\u2026","rel":"","context":"In &quot;Not\u00edcias de Ribeir\u00e3o Preto-SP e Regi\u00e3o&quot;","block_context":{"text":"Not\u00edcias de Ribeir\u00e3o Preto-SP e Regi\u00e3o","link":"https:\/\/noticiasribeiraopreto.com.br\/index.php\/category\/noticias-de-ribeirao-preto-sp-e-regiao-ismael-colosi\/"},"img":{"alt_text":"","src":"https:\/\/i0.wp.com\/noticiasribeiraopreto.com.br\/wp-content\/uploads\/2024\/05\/titas-veigh-di-ferrero-ribeirao-preto_2024-05-10_13-14-27_jpeg_2024-05-10_13-14-27.webp.webp?fit=1200%2C675&ssl=1&resize=350%2C200","width":350,"height":200,"srcset":"https:\/\/i0.wp.com\/noticiasribeiraopreto.com.br\/wp-content\/uploads\/2024\/05\/titas-veigh-di-ferrero-ribeirao-preto_2024-05-10_13-14-27_jpeg_2024-05-10_13-14-27.webp.webp?fit=1200%2C675&ssl=1&resize=350%2C200 1x, https:\/\/i0.wp.com\/noticiasribeiraopreto.com.br\/wp-content\/uploads\/2024\/05\/titas-veigh-di-ferrero-ribeirao-preto_2024-05-10_13-14-27_jpeg_2024-05-10_13-14-27.webp.webp?fit=1200%2C675&ssl=1&resize=525%2C300 1.5x, https:\/\/i0.wp.com\/noticiasribeiraopreto.com.br\/wp-content\/uploads\/2024\/05\/titas-veigh-di-ferrero-ribeirao-preto_2024-05-10_13-14-27_jpeg_2024-05-10_13-14-27.webp.webp?fit=1200%2C675&ssl=1&resize=700%2C400 2x, https:\/\/i0.wp.com\/noticiasribeiraopreto.com.br\/wp-content\/uploads\/2024\/05\/titas-veigh-di-ferrero-ribeirao-preto_2024-05-10_13-14-27_jpeg_2024-05-10_13-14-27.webp.webp?fit=1200%2C675&ssl=1&resize=1050%2C600 3x"},"classes":[]},{"id":41252,"url":"https:\/\/noticiasribeiraopreto.com.br\/index.php\/2024\/03\/07\/festival-de-discotecagem-agita-ribeirao-preto-neste-final-de-semana-veja-o-line-up\/","url_meta":{"origin":69733,"position":4},"title":"Festival de discotecagem agita Ribeir\u00e3o Preto neste final de semana; Veja o line-up","author":"noticiasribeiraopreto.com.br","date":"7 de March de 2024","format":false,"excerpt":"Ribeir\u00e3o Preto recebe neste final de semana, a 1\u00aa edi\u00e7\u00e3o do Tutu DJs Fest, o primeiro festival de discotecagem do interior paulista, que acontece na data em que \u00e9 celebrado o Dia Mundial do DJ. O evento acontece neste s\u00e1bado (9), no Teatro de Arena Jaime Zeirger, localizado no Morro\u2026","rel":"","context":"In &quot;Not\u00edcias de Ribeir\u00e3o Preto-SP e Regi\u00e3o&quot;","block_context":{"text":"Not\u00edcias de Ribeir\u00e3o Preto-SP e Regi\u00e3o","link":"https:\/\/noticiasribeiraopreto.com.br\/index.php\/category\/noticias-de-ribeirao-preto-sp-e-regiao-ismael-colosi\/"},"img":{"alt_text":"","src":"https:\/\/i0.wp.com\/noticiasribeiraopreto.com.br\/wp-content\/uploads\/2024\/03\/thumbnail_Foto-DJ-Shareid.jpg?fit=1200%2C1107&ssl=1&resize=350%2C200","width":350,"height":200,"srcset":"https:\/\/i0.wp.com\/noticiasribeiraopreto.com.br\/wp-content\/uploads\/2024\/03\/thumbnail_Foto-DJ-Shareid.jpg?fit=1200%2C1107&ssl=1&resize=350%2C200 1x, https:\/\/i0.wp.com\/noticiasribeiraopreto.com.br\/wp-content\/uploads\/2024\/03\/thumbnail_Foto-DJ-Shareid.jpg?fit=1200%2C1107&ssl=1&resize=525%2C300 1.5x, https:\/\/i0.wp.com\/noticiasribeiraopreto.com.br\/wp-content\/uploads\/2024\/03\/thumbnail_Foto-DJ-Shareid.jpg?fit=1200%2C1107&ssl=1&resize=700%2C400 2x, https:\/\/i0.wp.com\/noticiasribeiraopreto.com.br\/wp-content\/uploads\/2024\/03\/thumbnail_Foto-DJ-Shareid.jpg?fit=1200%2C1107&ssl=1&resize=1050%2C600 3x"},"classes":[]},{"id":56861,"url":"https:\/\/noticiasribeiraopreto.com.br\/index.php\/2024\/08\/15\/danilo-gentili-oscar-filho-e-diogo-portugal-retornam-a-ribeirao-com-o-stand-up-raiz\/","url_meta":{"origin":69733,"position":5},"title":"Danilo Gentili, Oscar Filho e Diogo Portugal retornam a Ribeir\u00e3o com o &#8216;Stand-Up Raiz&#8217;","author":"noticiasribeiraopreto.com.br","date":"15 de August de 2024","format":false,"excerpt":"Danilo Gentili, Oscar Filho e Diogo Portugal retornam ao palco do Theatro Pedro II, em Ribeir\u00e3o Preto, no dia 4 de outubro, \u00e0s 20 horas, para um show de \u2018Stand-up Raiz\u2019. Na apresenta\u00e7\u00e3o dos humoristas, que est\u00e3o entre os maiores comediantes da cena brasileira, se revezam para apresentar seus textos\u2026","rel":"","context":"In &quot;Not\u00edcias de Ribeir\u00e3o Preto-SP e Regi\u00e3o&quot;","block_context":{"text":"Not\u00edcias de Ribeir\u00e3o Preto-SP e Regi\u00e3o","link":"https:\/\/noticiasribeiraopreto.com.br\/index.php\/category\/noticias-de-ribeirao-preto-sp-e-regiao-ismael-colosi\/"},"img":{"alt_text":"","src":"https:\/\/i0.wp.com\/noticiasribeiraopreto.com.br\/wp-content\/uploads\/2024\/08\/406442591_18406224550036029_2481223457179024196_n_2024-08-15_19-34-58_jpg_2024-08-15_19-34-58.webp.webp?fit=1200%2C800&ssl=1&resize=350%2C200","width":350,"height":200,"srcset":"https:\/\/i0.wp.com\/noticiasribeiraopreto.com.br\/wp-content\/uploads\/2024\/08\/406442591_18406224550036029_2481223457179024196_n_2024-08-15_19-34-58_jpg_2024-08-15_19-34-58.webp.webp?fit=1200%2C800&ssl=1&resize=350%2C200 1x, https:\/\/i0.wp.com\/noticiasribeiraopreto.com.br\/wp-content\/uploads\/2024\/08\/406442591_18406224550036029_2481223457179024196_n_2024-08-15_19-34-58_jpg_2024-08-15_19-34-58.webp.webp?fit=1200%2C800&ssl=1&resize=525%2C300 1.5x, https:\/\/i0.wp.com\/noticiasribeiraopreto.com.br\/wp-content\/uploads\/2024\/08\/406442591_18406224550036029_2481223457179024196_n_2024-08-15_19-34-58_jpg_2024-08-15_19-34-58.webp.webp?fit=1200%2C800&ssl=1&resize=700%2C400 2x, https:\/\/i0.wp.com\/noticiasribeiraopreto.com.br\/wp-content\/uploads\/2024\/08\/406442591_18406224550036029_2481223457179024196_n_2024-08-15_19-34-58_jpg_2024-08-15_19-34-58.webp.webp?fit=1200%2C800&ssl=1&resize=1050%2C600 3x"},"classes":[]}],"jetpack_sharing_enabled":true,"jetpack_shortlink":"https:\/\/wp.me\/peQAOb-i8J","_links":{"self":[{"href":"https:\/\/noticiasribeiraopreto.com.br\/index.php\/wp-json\/wp\/v2\/posts\/69733","targetHints":{"allow":["GET"]}}],"collection":[{"href":"https:\/\/noticiasribeiraopreto.com.br\/index.php\/wp-json\/wp\/v2\/posts"}],"about":[{"href":"https:\/\/noticiasribeiraopreto.com.br\/index.php\/wp-json\/wp\/v2\/types\/post"}],"author":[{"embeddable":true,"href":"https:\/\/noticiasribeiraopreto.com.br\/index.php\/wp-json\/wp\/v2\/users\/1"}],"replies":[{"embeddable":true,"href":"https:\/\/noticiasribeiraopreto.com.br\/index.php\/wp-json\/wp\/v2\/comments?post=69733"}],"version-history":[{"count":0,"href":"https:\/\/noticiasribeiraopreto.com.br\/index.php\/wp-json\/wp\/v2\/posts\/69733\/revisions"}],"wp:featuredmedia":[{"embeddable":true,"href":"https:\/\/noticiasribeiraopreto.com.br\/index.php\/wp-json\/wp\/v2\/media\/69734"}],"wp:attachment":[{"href":"https:\/\/noticiasribeiraopreto.com.br\/index.php\/wp-json\/wp\/v2\/media?parent=69733"}],"wp:term":[{"taxonomy":"category","embeddable":true,"href":"https:\/\/noticiasribeiraopreto.com.br\/index.php\/wp-json\/wp\/v2\/categories?post=69733"},{"taxonomy":"post_tag","embeddable":true,"href":"https:\/\/noticiasribeiraopreto.com.br\/index.php\/wp-json\/wp\/v2\/tags?post=69733"}],"curies":[{"name":"wp","href":"https:\/\/api.w.org\/{rel}","templated":true}]}}