{"id":69739,"date":"2025-05-08T18:09:08","date_gmt":"2025-05-08T21:09:08","guid":{"rendered":"https:\/\/noticiasribeiraopreto.com.br\/index.php\/2025\/05\/08\/justica-estadual-instala-estrutura-para-tentar-aprimorar-casos-de-prisoes-em-flagrante-na-regiao\/"},"modified":"2025-05-08T18:09:08","modified_gmt":"2025-05-08T21:09:08","slug":"justica-estadual-instala-estrutura-para-tentar-aprimorar-casos-de-prisoes-em-flagrante-na-regiao","status":"publish","type":"post","link":"https:\/\/noticiasribeiraopreto.com.br\/index.php\/2025\/05\/08\/justica-estadual-instala-estrutura-para-tentar-aprimorar-casos-de-prisoes-em-flagrante-na-regiao\/","title":{"rendered":"Justi\u00e7a Estadual instala estrutura para tentar aprimorar casos de pris\u00f5es em flagrante na regi\u00e3o"},"content":{"rendered":"<p> <br \/>\n<\/p>\n<div>\n<p>A Justi\u00e7a Estadual, por meio do Tribunal de Justi\u00e7a de S\u00e3o Paulo (TJSP), instalou, nesta quinta-feira (8\/5), a Vara Regional das Garantias da 6\u00aa Regi\u00e3o Administrativa Judici\u00e1ria (6\u00aa RAJ), a 2\u00aa Vara de Viol\u00eancia Dom\u00e9stica e Familiar contra a Mulher e uma Unidade de Processamento Judicial (UPJ), essa \u00faltima para atender \u00e0s demandas das 1\u00aa a 5\u00aa Varas Criminais, na Comarca de Ribeir\u00e3o Preto. Parte dessa estrutura ainda pode atender a regi\u00e3o de Franca, como \u00e9 o caso da Vara Regional das Garantias.<\/p>\n<p>A solenidade foi conduzida pelo presidente do TJSP, desembargador Fernando Antonio Torres Garcia, no F\u00f3rum \u201cDesembargador Jo\u00e3o Alves Meira J\u00fanior\u201d.<\/p>\n<p>A Vara Regional das Garantias tem compet\u00eancia para conhecer de procedimentos investigat\u00f3rios, inqu\u00e9ritos e autos de pris\u00e3o em flagrante at\u00e9 o oferecimento da den\u00fancia, conforme estabelecido na Resolu\u00e7\u00e3o n\u00ba 939\/24. N\u00e3o haver\u00e1 redistribui\u00e7\u00e3o dos feitos dessa natureza em tramita\u00e7\u00e3o nas varas criminais. O juiz das garantias tem a responsabilidade de realizar o controle da legalidade da investiga\u00e7\u00e3o criminal e de salvaguardar os direitos individuais da pessoa investigada.<\/p>\n<p>Entre as responsabilidades legais est\u00e1 a de receber a comunica\u00e7\u00e3o imediata da pris\u00e3o de suspeitos, incluindo o auto da pris\u00e3o em flagrante para o controle da legalidade, com realiza\u00e7\u00e3o da audi\u00eancia de cust\u00f3dia.<\/p>\n<p>\u201cA Vara das Garantias fortalece o sistema de Justi\u00e7a ao assegurar controle rigoroso da legalidade das investiga\u00e7\u00f5es, protegendo direitos fundamentais\u201d, destaca o presidente Fernando Torres Garcia.<\/p>\n<p>A unidade engloba feitos de todas as comarcas que integram a 6\u00aa RAJ. Ser\u00e1 a sexta unidade da compet\u00eancia no estado \u2013 j\u00e1 foram instaladas as Varas Regionais de Santos, Ara\u00e7atuba, Bauru, S\u00e3o Jos\u00e9 dos Campos e Sorocaba. A implementa\u00e7\u00e3o ser\u00e1 gradual, com previs\u00e3o de 13 unidades distribu\u00eddas pelas RAJs, sendo tr\u00eas na 1\u00aa RAJ \u2013 Capital e Grande S\u00e3o Paulo; duas na 4\u00aa RAJ \u2013 Campinas; e uma em cada uma das demais RAJs.<\/p>\n<p>J\u00e1 a 2\u00aa Vara de Viol\u00eancia Dom\u00e9stica e Familiar Contra a Mulher, a comarca que sedia a 6\u00aa RAJ ser\u00e1 a segunda do interior paulista a contar com duas unidades especializadas no assunto, com compet\u00eancia para conhecer, julgar e executar causas decorrentes dessa viol\u00eancia, pedidos de medidas protetivas, al\u00e9m de oferecer atendimento multidisciplinar com profissionais especializados no suporte \u00e0s v\u00edtimas.<\/p>\n<p>Unidade de Processamento Judicial \u2013 A UPJ Criminal atender\u00e1 das 1\u00aa a 5\u00aa Varas Criminais da Comarca de Ribeir\u00e3o Preto e ter\u00e1 como juiz corregedor L\u00facio Alberto Eneas da Silva Ferreira. A unidade representa um ganho em celeridade na tramita\u00e7\u00e3o processual. Conhecido como \u201cCart\u00f3rio do Futuro\u201d, o modelo unifica of\u00edcios de mesma compet\u00eancia para processamento e cumprimento das determina\u00e7\u00f5es judiciais e adota uma nova divis\u00e3o de tarefas e melhor distribui\u00e7\u00e3o dos recursos humanos e do espa\u00e7o f\u00edsico. As varas atreladas \u00e0 UPJ permanecem independentes e os gabinetes dos ju\u00edzes recebem refor\u00e7o no quadro funcional, com equipe que auxilia os magistrados nos atos decis\u00f3rios. Estudos mostram que o modelo gera aumento de produtividade de 60% em compara\u00e7\u00e3o ao formato tradicional dos of\u00edcios. Na 6\u00aa RAJ tramitam mais de 1,4 milh\u00e3o de processos, sendo 173 mil na \u00e1rea Criminal.<\/p>\n<p>Melhoria de estrutura judicial em Franca<\/p>\n<p>Uma comitiva da subse\u00e7\u00e3o da OAB Franca tamb\u00e9m buscou no Tribunal de Justi\u00e7a de S\u00e3o Paulo dar andamento na proposta de instala\u00e7\u00e3o de uma Vara Especializada Empresarial na Comarca. O tempo m\u00e9dio de tramita\u00e7\u00e3o das a\u00e7\u00f5es \u00e9 de 217,8 dias, enquanto nas varas generalistas o tempo, em m\u00e9dia, \u00e9 415 dias, ou seja, quase o dobro. Essa comitiva foi em janeiro deste ano fazer a solicita\u00e7\u00e3o e ainda aguarda posicionamento oficial.<\/p>\n<p>Em 2023, o TJSP promoveu uma expans\u00e3o de varas empresariais, mas Franca ficou de fora do circuito. A presidente da OAB Franca, Luiza Gouv\u00eaa; o vice-presidente, Denilson Carvalho; o diretor-adjunto, Willian Karan; e o ex-presidente da OAB Franca, Acir de Matos Gomes, integraram a comitiva e argumentaram no TJ sobre a import\u00e2ncia da Comarca no setor.<\/p>\n<p>\u201cA Diretoria da OAB Franca foi muito bem recebida pelas Magistradas respons\u00e1veis pela pasta, que se dispuseram a analisar o pedido da advocacia francana\u201d, detalhou a subse\u00e7\u00e3o. Ainda n\u00e3o h\u00e1 prazo para que ocorra a implementa\u00e7\u00e3o e da \u00faltima vez que houve uma expansa\u00e7\u00e3o, o processo de instala\u00e7\u00e3o demorou 4 anos para ser totalmente implementado.<\/p>\n<p><!-- CONTENT END 1 --><\/p><\/div>\n<p><br \/>\n<br \/><a href=\"https:\/\/www.f3noticias.com.br\/justica-estadual-instala-estrutura-para-tentar-aprimorar-casos-de-prisoes-em-flagrante-na-regiao\/\">Source link <\/a><\/p>\n","protected":false},"excerpt":{"rendered":"<p>A Justi\u00e7a Estadual, por meio do Tribunal de Justi\u00e7a de S\u00e3o Paulo (TJSP), instalou, nesta quinta-feira (8\/5), a Vara Regional das Garantias da 6\u00aa Regi\u00e3o&#8230;<\/p>\n","protected":false},"author":1,"featured_media":69740,"comment_status":"open","ping_status":"open","sticky":false,"template":"","format":"standard","meta":{"advanced_seo_description":"","jetpack_seo_html_title":"","jetpack_seo_noindex":false,"jetpack_post_was_ever_published":false,"_jetpack_newsletter_access":"","_jetpack_dont_email_post_to_subs":false,"_jetpack_newsletter_tier_id":0,"_jetpack_memberships_contains_paywalled_content":false,"_jetpack_memberships_contains_paid_content":false,"footnotes":"","jetpack_publicize_message":"","jetpack_publicize_feature_enabled":true,"jetpack_social_post_already_shared":true,"jetpack_social_options":{"image_generator_settings":{"template":"highway","default_image_id":0,"font":"","enabled":false},"version":2}},"categories":[3597],"tags":[],"class_list":["post-69739","post","type-post","status-publish","format-standard","has-post-thumbnail","hentry","category-noticias-franca-sp"],"jetpack_publicize_connections":[],"jetpack_featured_media_url":"https:\/\/i0.wp.com\/noticiasribeiraopreto.com.br\/wp-content\/uploads\/2025\/05\/prisao_empresaria_araquarara.jpg?fit=800%2C417&ssl=1","jetpack-related-posts":[{"id":69678,"url":"https:\/\/noticiasribeiraopreto.com.br\/index.php\/2025\/05\/08\/tj-instala-novas-varas-no-forum\/","url_meta":{"origin":69739,"position":0},"title":"TJ instala novas varas no F\u00f3rum \u00a0","author":"noticiasribeiraopreto.com.br","date":"8 de May de 2025","format":false,"excerpt":"O Tribunal de Justi\u00e7a de S\u00e3o Paulo vai instalar, nesta quinta-feira, 8 de maio, \u00e0s onze horas, no F\u00f3rum Estadual de Ribeir\u00e3o Preto Desembargador Jo\u00e3o Alves Meira J\u00fanior,\u00a0 a Vara Regional das Garantias da 6\u00aa Regi\u00e3o Administrativa Judici\u00e1ria (6\u00aa RAJ), a 2\u00aa Vara de Viol\u00eancia Dom\u00e9stica e Familiar contra a\u2026","rel":"","context":"In &quot;Not\u00edcias de Ribeir\u00e3o Preto-SP e Regi\u00e3o&quot;","block_context":{"text":"Not\u00edcias de Ribeir\u00e3o Preto-SP e Regi\u00e3o","link":"https:\/\/noticiasribeiraopreto.com.br\/index.php\/category\/noticias-de-ribeirao-preto-sp-e-regiao-ismael-colosi\/"},"img":{"alt_text":"","src":"https:\/\/i0.wp.com\/noticiasribeiraopreto.com.br\/wp-content\/uploads\/2025\/05\/ForumRP-Alfredo-Risk-Arquivo.jpg?fit=1200%2C667&ssl=1&resize=350%2C200","width":350,"height":200,"srcset":"https:\/\/i0.wp.com\/noticiasribeiraopreto.com.br\/wp-content\/uploads\/2025\/05\/ForumRP-Alfredo-Risk-Arquivo.jpg?fit=1200%2C667&ssl=1&resize=350%2C200 1x, https:\/\/i0.wp.com\/noticiasribeiraopreto.com.br\/wp-content\/uploads\/2025\/05\/ForumRP-Alfredo-Risk-Arquivo.jpg?fit=1200%2C667&ssl=1&resize=525%2C300 1.5x, https:\/\/i0.wp.com\/noticiasribeiraopreto.com.br\/wp-content\/uploads\/2025\/05\/ForumRP-Alfredo-Risk-Arquivo.jpg?fit=1200%2C667&ssl=1&resize=700%2C400 2x, https:\/\/i0.wp.com\/noticiasribeiraopreto.com.br\/wp-content\/uploads\/2025\/05\/ForumRP-Alfredo-Risk-Arquivo.jpg?fit=1200%2C667&ssl=1&resize=1050%2C600 3x"},"classes":[]},{"id":69704,"url":"https:\/\/noticiasribeiraopreto.com.br\/index.php\/2025\/05\/08\/forum-de-ribeirao-preto-ganha-cartorio-do-futuro-e-vara-de-garantia\/","url_meta":{"origin":69739,"position":1},"title":"F\u00f3rum de Ribeir\u00e3o Preto ganha \u2018cart\u00f3rio do futuro\u2019 e vara de garantia","author":"noticiasribeiraopreto.com.br","date":"8 de May de 2025","format":false,"excerpt":"O TJ-SP (Tribunal de Justi\u00e7a de S\u00e3o Paulo) instalou nesta quinta-feira (8) no F\u00f3rum de Ribeir\u00e3o Preto a Vara Regional das Garantias da 6\u00aa Regi\u00e3o Administrativa Judici\u00e1ria, a 2\u00aa Vara de Viol\u00eancia Dom\u00e9stica e Familiar contra a Mulher e uma UPJ (Unidade de Processamento Judicial), tamb\u00e9m conhecido como \u201ccart\u00f3rio do\u2026","rel":"","context":"In &quot;Not\u00edcias de Ribeir\u00e3o Preto-SP e Regi\u00e3o&quot;","block_context":{"text":"Not\u00edcias de Ribeir\u00e3o Preto-SP e Regi\u00e3o","link":"https:\/\/noticiasribeiraopreto.com.br\/index.php\/category\/noticias-de-ribeirao-preto-sp-e-regiao-ismael-colosi\/"},"img":{"alt_text":"","src":"https:\/\/i0.wp.com\/noticiasribeiraopreto.com.br\/wp-content\/uploads\/2025\/05\/forum_de_1200x675_23092021191006.jpg?fit=1200%2C675&ssl=1&resize=350%2C200","width":350,"height":200,"srcset":"https:\/\/i0.wp.com\/noticiasribeiraopreto.com.br\/wp-content\/uploads\/2025\/05\/forum_de_1200x675_23092021191006.jpg?fit=1200%2C675&ssl=1&resize=350%2C200 1x, https:\/\/i0.wp.com\/noticiasribeiraopreto.com.br\/wp-content\/uploads\/2025\/05\/forum_de_1200x675_23092021191006.jpg?fit=1200%2C675&ssl=1&resize=525%2C300 1.5x, https:\/\/i0.wp.com\/noticiasribeiraopreto.com.br\/wp-content\/uploads\/2025\/05\/forum_de_1200x675_23092021191006.jpg?fit=1200%2C675&ssl=1&resize=700%2C400 2x, https:\/\/i0.wp.com\/noticiasribeiraopreto.com.br\/wp-content\/uploads\/2025\/05\/forum_de_1200x675_23092021191006.jpg?fit=1200%2C675&ssl=1&resize=1050%2C600 3x"},"classes":[]},{"id":69737,"url":"https:\/\/noticiasribeiraopreto.com.br\/index.php\/2025\/05\/08\/forum-de-ribeirao-preto-ganha-cartorio-do-futuro-e-vara-de-garantias\/","url_meta":{"origin":69739,"position":2},"title":"F\u00f3rum de Ribeir\u00e3o Preto ganha \u2018cart\u00f3rio do futuro\u2019 e vara de garantias","author":"noticiasribeiraopreto.com.br","date":"8 de May de 2025","format":false,"excerpt":"O TJ-SP (Tribunal de Justi\u00e7a de S\u00e3o Paulo) instalou nesta quinta-feira (8) no F\u00f3rum de Ribeir\u00e3o Preto a Vara Regional das Garantias da 6\u00aa Regi\u00e3o Administrativa Judici\u00e1ria, a 2\u00aa Vara de Viol\u00eancia Dom\u00e9stica e Familiar contra a Mulher e uma UPJ (Unidade de Processamento Judicial), tamb\u00e9m conhecido como \u201ccart\u00f3rio do\u2026","rel":"","context":"In &quot;Not\u00edcias de Ribeir\u00e3o Preto-SP e Regi\u00e3o&quot;","block_context":{"text":"Not\u00edcias de Ribeir\u00e3o Preto-SP e Regi\u00e3o","link":"https:\/\/noticiasribeiraopreto.com.br\/index.php\/category\/noticias-de-ribeirao-preto-sp-e-regiao-ismael-colosi\/"},"img":{"alt_text":"","src":"https:\/\/i0.wp.com\/noticiasribeiraopreto.com.br\/wp-content\/uploads\/2025\/05\/1746738161_forum_de_1200x675_23092021191006.jpg?fit=1200%2C675&ssl=1&resize=350%2C200","width":350,"height":200,"srcset":"https:\/\/i0.wp.com\/noticiasribeiraopreto.com.br\/wp-content\/uploads\/2025\/05\/1746738161_forum_de_1200x675_23092021191006.jpg?fit=1200%2C675&ssl=1&resize=350%2C200 1x, https:\/\/i0.wp.com\/noticiasribeiraopreto.com.br\/wp-content\/uploads\/2025\/05\/1746738161_forum_de_1200x675_23092021191006.jpg?fit=1200%2C675&ssl=1&resize=525%2C300 1.5x, https:\/\/i0.wp.com\/noticiasribeiraopreto.com.br\/wp-content\/uploads\/2025\/05\/1746738161_forum_de_1200x675_23092021191006.jpg?fit=1200%2C675&ssl=1&resize=700%2C400 2x, https:\/\/i0.wp.com\/noticiasribeiraopreto.com.br\/wp-content\/uploads\/2025\/05\/1746738161_forum_de_1200x675_23092021191006.jpg?fit=1200%2C675&ssl=1&resize=1050%2C600 3x"},"classes":[]},{"id":59430,"url":"https:\/\/noticiasribeiraopreto.com.br\/index.php\/2024\/10\/23\/tribunal-de-justica-de-sp-inaugura-novas-varas-civeis-e-da-familia-em-ribeirao-preto\/","url_meta":{"origin":69739,"position":3},"title":"Tribunal de Justi\u00e7a de SP inaugura novas Varas C\u00edveis e da Fam\u00edlia em Ribeir\u00e3o Preto","author":"noticiasribeiraopreto.com.br","date":"23 de October de 2024","format":false,"excerpt":"O TJSP (Tribunal de Justi\u00e7a de S\u00e3o Paulo) inaugura, nesta quinta-feira (24), sete novas unidades em Ribeir\u00e3o Preto. A solenidade acontece \u00e0s 15h, no f\u00f3rum da cidade, sob lideran\u00e7a\u202fdo presidente do TJSP, desembargador Fernando Antonio Torres Garcia. O evento tamb\u00e9m contar\u00e1 com a presen\u00e7a de magistrados e representantes de institui\u00e7\u00f5es\u2026","rel":"","context":"In &quot;Not\u00edcias de Ribeir\u00e3o Preto-SP e Regi\u00e3o&quot;","block_context":{"text":"Not\u00edcias de Ribeir\u00e3o Preto-SP e Regi\u00e3o","link":"https:\/\/noticiasribeiraopreto.com.br\/index.php\/category\/noticias-de-ribeirao-preto-sp-e-regiao-ismael-colosi\/"},"img":{"alt_text":"","src":"https:\/\/i0.wp.com\/noticiasribeiraopreto.com.br\/wp-content\/uploads\/2024\/10\/forum_de_1200x675_23092021191006.jpg?fit=1200%2C675&ssl=1&resize=350%2C200","width":350,"height":200,"srcset":"https:\/\/i0.wp.com\/noticiasribeiraopreto.com.br\/wp-content\/uploads\/2024\/10\/forum_de_1200x675_23092021191006.jpg?fit=1200%2C675&ssl=1&resize=350%2C200 1x, https:\/\/i0.wp.com\/noticiasribeiraopreto.com.br\/wp-content\/uploads\/2024\/10\/forum_de_1200x675_23092021191006.jpg?fit=1200%2C675&ssl=1&resize=525%2C300 1.5x, https:\/\/i0.wp.com\/noticiasribeiraopreto.com.br\/wp-content\/uploads\/2024\/10\/forum_de_1200x675_23092021191006.jpg?fit=1200%2C675&ssl=1&resize=700%2C400 2x, https:\/\/i0.wp.com\/noticiasribeiraopreto.com.br\/wp-content\/uploads\/2024\/10\/forum_de_1200x675_23092021191006.jpg?fit=1200%2C675&ssl=1&resize=1050%2C600 3x"},"classes":[]},{"id":83847,"url":"https:\/\/noticiasribeiraopreto.com.br\/index.php\/2026\/03\/27\/elizabete-sera-julgada-em-pontal-por-morte-da-filha\/","url_meta":{"origin":69739,"position":4},"title":"Elizabete ser\u00e1 julgada em Pontal por morte da filha","author":"noticiasribeiraopreto.com.br","date":"27 de March de 2026","format":false,"excerpt":"\r Ju\u00edza respons\u00e1vel pelo caso havia declarado que o caso deveria ser julgado em Ribeir\u00e3o Preto\r \r 27 de mar\u00e7o de 2026 10:54 \r Compartilhar2 Por: Adalberto Luque A C\u00e2mara Especial do Tribunal de Justi\u00e7a de S\u00e3o Paulo (TJSP) confirmou para Pontal o julgamento de Elizabete Eug\u00eanio Arraba\u00e7a, de 68\u2026","rel":"","context":"In &quot;Not\u00edcias de Ribeir\u00e3o Preto-SP e Regi\u00e3o&quot;","block_context":{"text":"Not\u00edcias de Ribeir\u00e3o Preto-SP e Regi\u00e3o","link":"https:\/\/noticiasribeiraopreto.com.br\/index.php\/category\/noticias-de-ribeirao-preto-sp-e-regiao-ismael-colosi\/"},"img":{"alt_text":"","src":"https:\/\/i0.wp.com\/noticiasribeiraopreto.com.br\/wp-content\/uploads\/2026\/03\/12-set-2025-betechumbinhonathalia1.jpg?fit=906%2C752&ssl=1&resize=350%2C200","width":350,"height":200,"srcset":"https:\/\/i0.wp.com\/noticiasribeiraopreto.com.br\/wp-content\/uploads\/2026\/03\/12-set-2025-betechumbinhonathalia1.jpg?fit=906%2C752&ssl=1&resize=350%2C200 1x, https:\/\/i0.wp.com\/noticiasribeiraopreto.com.br\/wp-content\/uploads\/2026\/03\/12-set-2025-betechumbinhonathalia1.jpg?fit=906%2C752&ssl=1&resize=525%2C300 1.5x, https:\/\/i0.wp.com\/noticiasribeiraopreto.com.br\/wp-content\/uploads\/2026\/03\/12-set-2025-betechumbinhonathalia1.jpg?fit=906%2C752&ssl=1&resize=700%2C400 2x"},"classes":[]},{"id":73230,"url":"https:\/\/noticiasribeiraopreto.com.br\/index.php\/2025\/06\/27\/justica-revoga-prisao-de-suspeito-de-disparos-em-shopping-de-ribeirao-preto\/","url_meta":{"origin":69739,"position":5},"title":"Justi\u00e7a revoga pris\u00e3o de suspeito de disparos em shopping de Ribeir\u00e3o Preto","author":"noticiasribeiraopreto.com.br","date":"27 de June de 2025","format":false,"excerpt":"A Justi\u00e7a de S\u00e3o Paulo revogou a pris\u00e3o preventiva de Al\u00edpio Gomes, de 58 anos, suspeito de efetuar disparos com uma arma de press\u00e3o contra um funcion\u00e1rio em um shopping localizado na zona leste de Ribeir\u00e3o Preto. O crime aconteceu no dia 17 de junho, enquanto o trabalhador realizava a\u2026","rel":"","context":"In &quot;Not\u00edcias de Ribeir\u00e3o Preto-SP e Regi\u00e3o&quot;","block_context":{"text":"Not\u00edcias de Ribeir\u00e3o Preto-SP e Regi\u00e3o","link":"https:\/\/noticiasribeiraopreto.com.br\/index.php\/category\/noticias-de-ribeirao-preto-sp-e-regiao-ismael-colosi\/"},"img":{"alt_text":"","src":"https:\/\/i0.wp.com\/noticiasribeiraopreto.com.br\/wp-content\/uploads\/2025\/06\/Copia-de-Copia-de-Copia-de-TAMANHO-EXATO-PARA-FOTOS-NO-SISTEMA-NOVO-2025-06-17T162549.603_2025-06-17_19-26-29.webp.webp?fit=1200%2C675&ssl=1&resize=350%2C200","width":350,"height":200,"srcset":"https:\/\/i0.wp.com\/noticiasribeiraopreto.com.br\/wp-content\/uploads\/2025\/06\/Copia-de-Copia-de-Copia-de-TAMANHO-EXATO-PARA-FOTOS-NO-SISTEMA-NOVO-2025-06-17T162549.603_2025-06-17_19-26-29.webp.webp?fit=1200%2C675&ssl=1&resize=350%2C200 1x, https:\/\/i0.wp.com\/noticiasribeiraopreto.com.br\/wp-content\/uploads\/2025\/06\/Copia-de-Copia-de-Copia-de-TAMANHO-EXATO-PARA-FOTOS-NO-SISTEMA-NOVO-2025-06-17T162549.603_2025-06-17_19-26-29.webp.webp?fit=1200%2C675&ssl=1&resize=525%2C300 1.5x, https:\/\/i0.wp.com\/noticiasribeiraopreto.com.br\/wp-content\/uploads\/2025\/06\/Copia-de-Copia-de-Copia-de-TAMANHO-EXATO-PARA-FOTOS-NO-SISTEMA-NOVO-2025-06-17T162549.603_2025-06-17_19-26-29.webp.webp?fit=1200%2C675&ssl=1&resize=700%2C400 2x, https:\/\/i0.wp.com\/noticiasribeiraopreto.com.br\/wp-content\/uploads\/2025\/06\/Copia-de-Copia-de-Copia-de-TAMANHO-EXATO-PARA-FOTOS-NO-SISTEMA-NOVO-2025-06-17T162549.603_2025-06-17_19-26-29.webp.webp?fit=1200%2C675&ssl=1&resize=1050%2C600 3x"},"classes":[]}],"jetpack_sharing_enabled":true,"jetpack_shortlink":"https:\/\/wp.me\/peQAOb-i8P","_links":{"self":[{"href":"https:\/\/noticiasribeiraopreto.com.br\/index.php\/wp-json\/wp\/v2\/posts\/69739","targetHints":{"allow":["GET"]}}],"collection":[{"href":"https:\/\/noticiasribeiraopreto.com.br\/index.php\/wp-json\/wp\/v2\/posts"}],"about":[{"href":"https:\/\/noticiasribeiraopreto.com.br\/index.php\/wp-json\/wp\/v2\/types\/post"}],"author":[{"embeddable":true,"href":"https:\/\/noticiasribeiraopreto.com.br\/index.php\/wp-json\/wp\/v2\/users\/1"}],"replies":[{"embeddable":true,"href":"https:\/\/noticiasribeiraopreto.com.br\/index.php\/wp-json\/wp\/v2\/comments?post=69739"}],"version-history":[{"count":0,"href":"https:\/\/noticiasribeiraopreto.com.br\/index.php\/wp-json\/wp\/v2\/posts\/69739\/revisions"}],"wp:featuredmedia":[{"embeddable":true,"href":"https:\/\/noticiasribeiraopreto.com.br\/index.php\/wp-json\/wp\/v2\/media\/69740"}],"wp:attachment":[{"href":"https:\/\/noticiasribeiraopreto.com.br\/index.php\/wp-json\/wp\/v2\/media?parent=69739"}],"wp:term":[{"taxonomy":"category","embeddable":true,"href":"https:\/\/noticiasribeiraopreto.com.br\/index.php\/wp-json\/wp\/v2\/categories?post=69739"},{"taxonomy":"post_tag","embeddable":true,"href":"https:\/\/noticiasribeiraopreto.com.br\/index.php\/wp-json\/wp\/v2\/tags?post=69739"}],"curies":[{"name":"wp","href":"https:\/\/api.w.org\/{rel}","templated":true}]}}