{"id":69745,"date":"2025-05-08T20:13:32","date_gmt":"2025-05-08T23:13:32","guid":{"rendered":"https:\/\/noticiasribeiraopreto.com.br\/index.php\/2025\/05\/08\/policia-militar-faz-operacao-fecha-quartel-em-areas-rurais-da-regiao-de-franca\/"},"modified":"2025-05-08T20:13:32","modified_gmt":"2025-05-08T23:13:32","slug":"policia-militar-faz-operacao-fecha-quartel-em-areas-rurais-da-regiao-de-franca","status":"publish","type":"post","link":"https:\/\/noticiasribeiraopreto.com.br\/index.php\/2025\/05\/08\/policia-militar-faz-operacao-fecha-quartel-em-areas-rurais-da-regiao-de-franca\/","title":{"rendered":"Pol\u00edcia Militar faz opera\u00e7\u00e3o Fecha Quartel em \u00e1reas rurais da regi\u00e3o de Franca"},"content":{"rendered":"<p> <br \/>\n<\/p>\n<div>\n<p>O 15\u00ba Batalh\u00e3o de Pol\u00edcia Militar em Franca realiza, nesta quarta-feira (8\/5), etapa da Opera\u00e7\u00e3o Fecha Quartel em \u00e1reas rurais da regi\u00e3o. Conforme a PM, todo o efetivo administrativo do Batalh\u00e3o e de suas Companhias foram destacados para realizar abordagens e rondas em \u00e1reas apontadas como priorit\u00e1rias por conta de den\u00fancias realizadas pela popula\u00e7\u00e3o. H\u00e1 tamb\u00e9m um trabalho sendo feito em algumas \u00e1reas urbanas.<\/p>\n<p>As autoridades ainda est\u00e3o nas \u00e1reas e um balan\u00e7o ser\u00e1 divulgado posteriormente pelas equipes da Pol\u00edcia Militar.<\/p>\n<p>\u201cO policiamento est\u00e1 intensificado com foco na preven\u00e7\u00e3o de furtos e roubos, al\u00e9m de promover o estreitamento de la\u00e7os com os produtores rurais. A Pol\u00edcia Militar est\u00e1 presente, atuando lado a lado com o homem do campo para garantir mais prote\u00e7\u00e3o e tranquilidade\u201d, divulgou a corpora\u00e7\u00e3o, em nota emitida no come\u00e7o da tarde deste dia 8\/5.<\/p>\n<p>No dia 1\u00ba de maio, a PM tamb\u00e9m realizou a\u00e7\u00f5es ostensivas. Houve policiamento intensificado em toda \u00e1rea do batalh\u00e3o de Franca, ainda com a\u00e7\u00f5es em algumas cidades, como Cristais Paulista. A opera\u00e7\u00e3o feita no come\u00e7o de maio ocorreu com apoio da Pol\u00edcia Militar Ambiental.<\/p>\n<p>Den\u00fancias<\/p>\n<p>Conforme a PM, as den\u00fancias com rela\u00e7\u00e3o \u00e0 suspeita de crimes devem ser feitas pelo telefone 190 para permitir a forma\u00e7\u00e3o de estrat\u00e9gias de atua\u00e7\u00e3o.<\/p>\n<p>Na noite do dia 6\/5, den\u00fancias fizeram a Pol\u00edcia Militar realizar patrulhamento nas imedia\u00e7\u00f5es da FATEC em Franca para prevenir o furto de ve\u00edculos. Durante esse trabalho, uma equipe identificou um suspeito tentando furtar uma moto.<\/p>\n<p>Com a abordagem, o suspeito tentou fugir pela Avenida Dom Pierre, mas foi contido com o apoio de outras viaturas no p\u00e1tio de um posto de combust\u00edveis.<\/p>\n<p>Foi constatado que se tratava de um adolescente e ele estava tentando furtar uma moto de estudante que estava estacionada perto da Fatec. Ele foi apreendido e um respons\u00e1vel foi acionado para comparecer \u00e0 Central de Pol\u00edcia Judici\u00e1ria (CPJ de Franca). Depois do registro da ocorr\u00eania, o adolescente foi liberado e a Pol\u00edcia Civil vai instaurar inqu\u00e9rito para apurar o caso.<\/p>\n<p><!-- CONTENT END 1 --><\/p><\/div>\n<p><br \/>\n<br \/><a href=\"https:\/\/www.f3noticias.com.br\/policia-militar-faz-operacao-fecha-quartel-em-areas-rurais-da-regiao-de-franca\/\">Source link <\/a><\/p>\n","protected":false},"excerpt":{"rendered":"<p>O 15\u00ba Batalh\u00e3o de Pol\u00edcia Militar em Franca realiza, nesta quarta-feira (8\/5), etapa da Opera\u00e7\u00e3o Fecha Quartel em \u00e1reas rurais da regi\u00e3o. Conforme a PM,&#8230;<\/p>\n","protected":false},"author":1,"featured_media":69746,"comment_status":"open","ping_status":"open","sticky":false,"template":"","format":"standard","meta":{"advanced_seo_description":"","jetpack_seo_html_title":"","jetpack_seo_noindex":false,"jetpack_post_was_ever_published":false,"_jetpack_newsletter_access":"","_jetpack_dont_email_post_to_subs":false,"_jetpack_newsletter_tier_id":0,"_jetpack_memberships_contains_paywalled_content":false,"_jetpack_memberships_contains_paid_content":false,"footnotes":"","jetpack_publicize_message":"","jetpack_publicize_feature_enabled":true,"jetpack_social_post_already_shared":true,"jetpack_social_options":{"image_generator_settings":{"template":"highway","default_image_id":0,"font":"","enabled":false},"version":2}},"categories":[3597],"tags":[],"class_list":["post-69745","post","type-post","status-publish","format-standard","has-post-thumbnail","hentry","category-noticias-franca-sp"],"jetpack_publicize_connections":[],"jetpack_featured_media_url":"https:\/\/i0.wp.com\/noticiasribeiraopreto.com.br\/wp-content\/uploads\/2025\/05\/Screenshot_20250508_153159_WhatsApp.jpg?fit=1080%2C1003&ssl=1","jetpack-related-posts":[{"id":69844,"url":"https:\/\/noticiasribeiraopreto.com.br\/index.php\/2025\/05\/09\/operacao-da-policia-militar-na-zona-rural-de-franca-e-regiao-encontra-cocaina-crack-e-maconha\/","url_meta":{"origin":69745,"position":0},"title":"Opera\u00e7\u00e3o da Pol\u00edcia Militar na zona rural de Franca e regi\u00e3o encontra coca\u00edna, crack e maconha","author":"noticiasribeiraopreto.com.br","date":"9 de May de 2025","format":false,"excerpt":"Opera\u00e7\u00e3o da Pol\u00edcia Militar em Franca e regi\u00e3o resultou na pris\u00e3o de 3 pessoas e na pris\u00e3o de um homem que era procurado pela Justi\u00e7a. Ainda houve a apreens\u00e3o de coca\u00edna, crack e maconha, mas o volume encontrado n\u00e3o foi divulgado. A a\u00e7\u00e3o foi realizada na \u00e1rea do 15\u00ba Batalh\u00e3o\u2026","rel":"","context":"In &quot;Not\u00edcias de Franca-SP&quot;","block_context":{"text":"Not\u00edcias de Franca-SP","link":"https:\/\/noticiasribeiraopreto.com.br\/index.php\/category\/noticias-de-ribeirao-preto-sp-e-regiao-ismael-colosi\/noticias-franca-sp\/"},"img":{"alt_text":"","src":"https:\/\/i0.wp.com\/noticiasribeiraopreto.com.br\/wp-content\/uploads\/2025\/05\/policiamento-policia-militar.jpeg?fit=1200%2C675&ssl=1&resize=350%2C200","width":350,"height":200,"srcset":"https:\/\/i0.wp.com\/noticiasribeiraopreto.com.br\/wp-content\/uploads\/2025\/05\/policiamento-policia-militar.jpeg?fit=1200%2C675&ssl=1&resize=350%2C200 1x, https:\/\/i0.wp.com\/noticiasribeiraopreto.com.br\/wp-content\/uploads\/2025\/05\/policiamento-policia-militar.jpeg?fit=1200%2C675&ssl=1&resize=525%2C300 1.5x, https:\/\/i0.wp.com\/noticiasribeiraopreto.com.br\/wp-content\/uploads\/2025\/05\/policiamento-policia-militar.jpeg?fit=1200%2C675&ssl=1&resize=700%2C400 2x, https:\/\/i0.wp.com\/noticiasribeiraopreto.com.br\/wp-content\/uploads\/2025\/05\/policiamento-policia-militar.jpeg?fit=1200%2C675&ssl=1&resize=1050%2C600 3x"},"classes":[]},{"id":65973,"url":"https:\/\/noticiasribeiraopreto.com.br\/index.php\/2025\/03\/26\/jornal-da-franca-vereadores-fazem-visita-institucional-ao-batalhao-da-policia-militar-de-franca\/","url_meta":{"origin":69745,"position":1},"title":"Jornal da Franca &#8211; Vereadores fazem visita institucional ao Batalh\u00e3o da Pol\u00edcia Militar de Franca","author":"noticiasribeiraopreto.com.br","date":"26 de March de 2025","format":false,"excerpt":"compartilhar no whatsapp compartilhar no telegram compartilhar no facebook compartilhar no linkedin Parlamentares destacam o papel que a corpora\u00e7\u00e3o exerce na manuten\u00e7\u00e3o da seguran\u00e7a e ordem p\u00fablica Representantes da C\u00e2mara Municipal de Franca se reuniram, nesta segunda-feira, com oficiais da Pol\u00edcia Militar da cidade, sede do 15\u00ba Batalh\u00e3o. Na oportunidade,\u2026","rel":"","context":"In &quot;Not\u00edcias de Franca-SP&quot;","block_context":{"text":"Not\u00edcias de Franca-SP","link":"https:\/\/noticiasribeiraopreto.com.br\/index.php\/category\/noticias-de-ribeirao-preto-sp-e-regiao-ismael-colosi\/noticias-franca-sp\/"},"img":{"alt_text":"","src":"https:\/\/i0.wp.com\/noticiasribeiraopreto.com.br\/wp-content\/uploads\/2025\/03\/IMG-20250325-WA0015.jpg?fit=1200%2C675&ssl=1&resize=350%2C200","width":350,"height":200,"srcset":"https:\/\/i0.wp.com\/noticiasribeiraopreto.com.br\/wp-content\/uploads\/2025\/03\/IMG-20250325-WA0015.jpg?fit=1200%2C675&ssl=1&resize=350%2C200 1x, https:\/\/i0.wp.com\/noticiasribeiraopreto.com.br\/wp-content\/uploads\/2025\/03\/IMG-20250325-WA0015.jpg?fit=1200%2C675&ssl=1&resize=525%2C300 1.5x, https:\/\/i0.wp.com\/noticiasribeiraopreto.com.br\/wp-content\/uploads\/2025\/03\/IMG-20250325-WA0015.jpg?fit=1200%2C675&ssl=1&resize=700%2C400 2x, https:\/\/i0.wp.com\/noticiasribeiraopreto.com.br\/wp-content\/uploads\/2025\/03\/IMG-20250325-WA0015.jpg?fit=1200%2C675&ssl=1&resize=1050%2C600 3x"},"classes":[]},{"id":70739,"url":"https:\/\/noticiasribeiraopreto.com.br\/index.php\/2025\/05\/29\/entenda-a-intensa-movimentacao-da-pm-nesta-quinta-em-ribeirao-preto-video\/","url_meta":{"origin":69745,"position":2},"title":"Entenda a intensa movimenta\u00e7\u00e3o da PM nesta quinta em Ribeir\u00e3o Preto; V\u00eddeo","author":"noticiasribeiraopreto.com.br","date":"29 de May de 2025","format":false,"excerpt":"A PM (Pol\u00edcia Militar) deflagrou nesta quinta-feira (29) a opera\u00e7\u00e3o Fecha Quartel com objetivo de refor\u00e7ar o policiamento em bairros de Ribeir\u00e3o Preto. Assista ao v\u00eddeo abaixo.A a\u00e7\u00e3o comemora os 19 anos do 51\u00ba BPM\/I (Batalh\u00e3o de Pol\u00edcia Militar do Interior), que tem sede na avenida Presidente Kennedy, na Ribeir\u00e2nia,\u2026","rel":"","context":"In &quot;Not\u00edcias de Ribeir\u00e3o Preto-SP e Regi\u00e3o&quot;","block_context":{"text":"Not\u00edcias de Ribeir\u00e3o Preto-SP e Regi\u00e3o","link":"https:\/\/noticiasribeiraopreto.com.br\/index.php\/category\/noticias-de-ribeirao-preto-sp-e-regiao-ismael-colosi\/"},"img":{"alt_text":"","src":"https:\/\/i0.wp.com\/noticiasribeiraopreto.com.br\/wp-content\/uploads\/2025\/05\/WhatsApp-Image-2025-05-29-at-10.30.08_2025-05-29_13-31-09.webp.webp?fit=1200%2C847&ssl=1&resize=350%2C200","width":350,"height":200,"srcset":"https:\/\/i0.wp.com\/noticiasribeiraopreto.com.br\/wp-content\/uploads\/2025\/05\/WhatsApp-Image-2025-05-29-at-10.30.08_2025-05-29_13-31-09.webp.webp?fit=1200%2C847&ssl=1&resize=350%2C200 1x, https:\/\/i0.wp.com\/noticiasribeiraopreto.com.br\/wp-content\/uploads\/2025\/05\/WhatsApp-Image-2025-05-29-at-10.30.08_2025-05-29_13-31-09.webp.webp?fit=1200%2C847&ssl=1&resize=525%2C300 1.5x, https:\/\/i0.wp.com\/noticiasribeiraopreto.com.br\/wp-content\/uploads\/2025\/05\/WhatsApp-Image-2025-05-29-at-10.30.08_2025-05-29_13-31-09.webp.webp?fit=1200%2C847&ssl=1&resize=700%2C400 2x, https:\/\/i0.wp.com\/noticiasribeiraopreto.com.br\/wp-content\/uploads\/2025\/05\/WhatsApp-Image-2025-05-29-at-10.30.08_2025-05-29_13-31-09.webp.webp?fit=1200%2C847&ssl=1&resize=1050%2C600 3x"},"classes":[]},{"id":76675,"url":"https:\/\/noticiasribeiraopreto.com.br\/index.php\/2025\/09\/03\/pm-tem-novo-comandante-na-regiao\/","url_meta":{"origin":69745,"position":3},"title":"PM tem novo comandante na regi\u00e3o","author":"noticiasribeiraopreto.com.br","date":"3 de September de 2025","format":false,"excerpt":"Coronel Rodrigo Quintino assume o comando da Pol\u00edcia Militar em 93 cidades da regi\u00e3o de Ribeir\u00e3o Preto, no lugar do coronel Beltrami 3 de setembro de 2025 11:183 Compartilhar1 Por: Adalberto Luque A Pol\u00edcia Militar est\u00e1 com um novo comandante na regi\u00e3o de Ribeir\u00e3o Preto. O coronel Rodrigo Quintino est\u00e1\u2026","rel":"","context":"In &quot;Not\u00edcias de Ribeir\u00e3o Preto-SP e Regi\u00e3o&quot;","block_context":{"text":"Not\u00edcias de Ribeir\u00e3o Preto-SP e Regi\u00e3o","link":"https:\/\/noticiasribeiraopreto.com.br\/index.php\/category\/noticias-de-ribeirao-preto-sp-e-regiao-ismael-colosi\/"},"img":{"alt_text":"","src":"https:\/\/i0.wp.com\/noticiasribeiraopreto.com.br\/wp-content\/uploads\/2025\/09\/03-set-2025-celpmquintino.jpg?fit=556%2C640&ssl=1&resize=350%2C200","width":350,"height":200,"srcset":"https:\/\/i0.wp.com\/noticiasribeiraopreto.com.br\/wp-content\/uploads\/2025\/09\/03-set-2025-celpmquintino.jpg?fit=556%2C640&ssl=1&resize=350%2C200 1x, https:\/\/i0.wp.com\/noticiasribeiraopreto.com.br\/wp-content\/uploads\/2025\/09\/03-set-2025-celpmquintino.jpg?fit=556%2C640&ssl=1&resize=525%2C300 1.5x"},"classes":[]},{"id":68567,"url":"https:\/\/noticiasribeiraopreto.com.br\/index.php\/2025\/04\/26\/jornal-da-franca-policia-rodoviaria-prepara-operacao-para-o-feriadao-do-dia-do-trabalho-em-franca\/","url_meta":{"origin":69745,"position":4},"title":"Jornal da Franca &#8211; Pol\u00edcia Rodovi\u00e1ria prepara opera\u00e7\u00e3o para o feriad\u00e3o do Dia do Trabalho em Franca","author":"noticiasribeiraopreto.com.br","date":"26 de April de 2025","format":false,"excerpt":"compartilhar no whatsapp compartilhar no telegram compartilhar no facebook compartilhar no linkedin Mais de 150.000 ve\u00edculos de ver\u00e3o s\u00e3o esperados nas rodovias estaduais de Franca A Pol\u00edcia Militar Rodovi\u00e1ria est\u00e1 preparando uma opera\u00e7\u00e3o especial para o feriad\u00e3o do Dia do Trabalho, que acontecer\u00e1 entre quinta-feira, 1\u00ba de maio, e domingo,\u2026","rel":"","context":"In &quot;Not\u00edcias de Franca-SP&quot;","block_context":{"text":"Not\u00edcias de Franca-SP","link":"https:\/\/noticiasribeiraopreto.com.br\/index.php\/category\/noticias-de-ribeirao-preto-sp-e-regiao-ismael-colosi\/noticias-franca-sp\/"},"img":{"alt_text":"","src":"https:\/\/i0.wp.com\/noticiasribeiraopreto.com.br\/wp-content\/uploads\/2025\/04\/um-monte-de-carros-estao-presos-no-transito-numa-rodovia_662214-516022.jpg?fit=740%2C493&ssl=1&resize=350%2C200","width":350,"height":200,"srcset":"https:\/\/i0.wp.com\/noticiasribeiraopreto.com.br\/wp-content\/uploads\/2025\/04\/um-monte-de-carros-estao-presos-no-transito-numa-rodovia_662214-516022.jpg?fit=740%2C493&ssl=1&resize=350%2C200 1x, https:\/\/i0.wp.com\/noticiasribeiraopreto.com.br\/wp-content\/uploads\/2025\/04\/um-monte-de-carros-estao-presos-no-transito-numa-rodovia_662214-516022.jpg?fit=740%2C493&ssl=1&resize=525%2C300 1.5x, https:\/\/i0.wp.com\/noticiasribeiraopreto.com.br\/wp-content\/uploads\/2025\/04\/um-monte-de-carros-estao-presos-no-transito-numa-rodovia_662214-516022.jpg?fit=740%2C493&ssl=1&resize=700%2C400 2x"},"classes":[]},{"id":66675,"url":"https:\/\/noticiasribeiraopreto.com.br\/index.php\/2025\/04\/04\/nos-furtos-de-veiculos-policia-militar-ja-recuperou-120-veiculos-na-regiao-e-alerta-para-vitimas-fazerem-b-o\/","url_meta":{"origin":69745,"position":5},"title":"Nos furtos de ve\u00edculos, Pol\u00edcia Militar j\u00e1 recuperou 120 ve\u00edculos na regi\u00e3o e alerta para v\u00edtimas fazerem B.O","author":"noticiasribeiraopreto.com.br","date":"4 de April de 2025","format":false,"excerpt":"A Pol\u00edcia Militar em Franca divulgou que nos primeiros tr\u00eas meses de 2025 j\u00e1 recuperou 120 ve\u00edculos que tinham sido furtados apenas na \u00e1rea do 15\u00ba Batalh\u00e3o. A corpora\u00e7\u00e3o ainda ressaltou a necessidade de as v\u00edtimas realizarem registro tanto na Pol\u00edcia Militar, como na Pol\u00edcia Civil. O registro de furtos\u2026","rel":"","context":"In &quot;Not\u00edcias de Franca-SP&quot;","block_context":{"text":"Not\u00edcias de Franca-SP","link":"https:\/\/noticiasribeiraopreto.com.br\/index.php\/category\/noticias-de-ribeirao-preto-sp-e-regiao-ismael-colosi\/noticias-franca-sp\/"},"img":{"alt_text":"","src":"https:\/\/i0.wp.com\/noticiasribeiraopreto.com.br\/wp-content\/uploads\/2025\/04\/policia-militar-carro-1.jpeg?fit=1200%2C675&ssl=1&resize=350%2C200","width":350,"height":200,"srcset":"https:\/\/i0.wp.com\/noticiasribeiraopreto.com.br\/wp-content\/uploads\/2025\/04\/policia-militar-carro-1.jpeg?fit=1200%2C675&ssl=1&resize=350%2C200 1x, https:\/\/i0.wp.com\/noticiasribeiraopreto.com.br\/wp-content\/uploads\/2025\/04\/policia-militar-carro-1.jpeg?fit=1200%2C675&ssl=1&resize=525%2C300 1.5x, https:\/\/i0.wp.com\/noticiasribeiraopreto.com.br\/wp-content\/uploads\/2025\/04\/policia-militar-carro-1.jpeg?fit=1200%2C675&ssl=1&resize=700%2C400 2x, https:\/\/i0.wp.com\/noticiasribeiraopreto.com.br\/wp-content\/uploads\/2025\/04\/policia-militar-carro-1.jpeg?fit=1200%2C675&ssl=1&resize=1050%2C600 3x"},"classes":[]}],"jetpack_sharing_enabled":true,"jetpack_shortlink":"https:\/\/wp.me\/peQAOb-i8V","_links":{"self":[{"href":"https:\/\/noticiasribeiraopreto.com.br\/index.php\/wp-json\/wp\/v2\/posts\/69745","targetHints":{"allow":["GET"]}}],"collection":[{"href":"https:\/\/noticiasribeiraopreto.com.br\/index.php\/wp-json\/wp\/v2\/posts"}],"about":[{"href":"https:\/\/noticiasribeiraopreto.com.br\/index.php\/wp-json\/wp\/v2\/types\/post"}],"author":[{"embeddable":true,"href":"https:\/\/noticiasribeiraopreto.com.br\/index.php\/wp-json\/wp\/v2\/users\/1"}],"replies":[{"embeddable":true,"href":"https:\/\/noticiasribeiraopreto.com.br\/index.php\/wp-json\/wp\/v2\/comments?post=69745"}],"version-history":[{"count":0,"href":"https:\/\/noticiasribeiraopreto.com.br\/index.php\/wp-json\/wp\/v2\/posts\/69745\/revisions"}],"wp:featuredmedia":[{"embeddable":true,"href":"https:\/\/noticiasribeiraopreto.com.br\/index.php\/wp-json\/wp\/v2\/media\/69746"}],"wp:attachment":[{"href":"https:\/\/noticiasribeiraopreto.com.br\/index.php\/wp-json\/wp\/v2\/media?parent=69745"}],"wp:term":[{"taxonomy":"category","embeddable":true,"href":"https:\/\/noticiasribeiraopreto.com.br\/index.php\/wp-json\/wp\/v2\/categories?post=69745"},{"taxonomy":"post_tag","embeddable":true,"href":"https:\/\/noticiasribeiraopreto.com.br\/index.php\/wp-json\/wp\/v2\/tags?post=69745"}],"curies":[{"name":"wp","href":"https:\/\/api.w.org\/{rel}","templated":true}]}}