{"id":69747,"date":"2025-05-08T20:19:24","date_gmt":"2025-05-08T23:19:24","guid":{"rendered":"https:\/\/noticiasribeiraopreto.com.br\/index.php\/2025\/05\/08\/vereador-e-preso-por-suspeita-de-oferecer-dinheiro-para-encontro-sexual-com-adolescente\/"},"modified":"2025-05-08T20:19:24","modified_gmt":"2025-05-08T23:19:24","slug":"vereador-e-preso-por-suspeita-de-oferecer-dinheiro-para-encontro-sexual-com-adolescente","status":"publish","type":"post","link":"https:\/\/noticiasribeiraopreto.com.br\/index.php\/2025\/05\/08\/vereador-e-preso-por-suspeita-de-oferecer-dinheiro-para-encontro-sexual-com-adolescente\/","title":{"rendered":"Vereador \u00e9 preso por suspeita de oferecer dinheiro para encontro sexual com adolescente"},"content":{"rendered":"<p> <br \/>\n<\/p>\n<div>\n<p>Um vereador de <strong>Patroc\u00ednio Paulista<\/strong>, cidade a cerca de 100 quil\u00f4metros de <strong>Ribeir\u00e3o Preto<\/strong>, foi preso em flagrante na tarde desta quinta-feira (8), <strong>pela suspeita de oferecer dinheiro a uma adolescente de 15 anos em troca de encontros sexuais<\/strong>.<\/p>\n<p>Segundo a delegada J<strong>uliana Paiva<\/strong>, da <strong>DDM (Delegacia de Defesa da Mulher), <\/strong>o vereador <strong>Luiz Carlos Boarati (PRD)<\/strong> pode responder pelo crime de <strong>favorecimento \u00e0 prostitui\u00e7\u00e3o<\/strong>. Se condenado, a pena pode chegar a 10 anos de pris\u00e3o.<\/p>\n<h2 class=\"wp-block-heading\"><strong>O caso<\/strong><\/h2>\n<p>De acordo com a <strong>m\u00e3e da v\u00edtima<\/strong>, a adolescente conheceu o vereador h\u00e1 alguns dias enquanto estava com o <strong>namorado <\/strong>em um bar do munic\u00edpio. <mark style=\"background-color:#fcb900\" class=\"has-inline-color\">Na ocasi\u00e3o, conforme o relato da mulher, o parlamentar elogiou a jovem diversas vezes.<\/mark><\/p>\n<p>Na quarta-feira (7), a menina teria comentado com o namorado que<strong> estava com dificuldades financeiras<\/strong> por causa da doen\u00e7a renal da m\u00e3e e o mesmo disse que a ajudaria com <strong>R$ 200<\/strong>. Com isso, o jovem teria dito ao vereador, <strong>que \u00e9 patr\u00e3o dele em uma empresa<\/strong>, sobre o problema.<\/p>\n<p>Ainda segundo a m\u00e3e da adolescente, o vereador disse ao rapaz que <strong>poderia ajudar com mais uma quantia<\/strong> em dinheiro e <strong>se ofereceu para levar o valor \u00e0 adolescente em Franca<\/strong>, cidade onde ela mora.<\/p>\n<p><strong>Luizinho<\/strong>, como o vereador \u00e9 conhecido, esteve na casa da fam\u00edlia da menina e a levou junto com a m\u00e3e para fazer compras em um supermercado.<\/p>\n<figure class=\"wp-block-pullquote\">\n<blockquote>\n<p>Na hora que chegou l\u00e1, eu j\u00e1 fiquei que \u2018meio assim\u2019, porque ele falou: \u2018A gente vai no mercado e compra esses R$ 400 de compra. O que passar pode deixar que eu pago\u2019. S\u00f3 que ele queria s\u00f3 que a minha menina fosse, n\u00e3o queria que eu fosse. A\u00ed minha menina falou: \u2018imagina, eu n\u00e3o vou entrar dentro de sua caminhonete sem minha m\u00e3e\u2019. A\u00ed eu peguei, entrei [na caminhonete] e fui. Minha menina sentou atr\u00e1s e ele falou assim: \u2018eu n\u00e3o sou chofer para carregar ningu\u00e9m atr\u00e1s\u2019. A\u00ed ele fez minha menina sentar na frente e come\u00e7ou esses ass\u00e9dio<\/p>\n<\/blockquote>\n<\/figure>\n<p>Ap\u00f3s conseguir o telefone da jovem, <strong>o vereador come\u00e7ou a mandar mensagem e fazer liga\u00e7\u00f5es<\/strong>. <mark style=\"background-color:#fcb900\" class=\"has-inline-color\">Como a m\u00e3e desconfiou das atitudes dele durante as compras, ela come\u00e7ou a monitorar a conversa dos dois.<\/mark><\/p>\n<p>\u201cEle falou que em dez anos nunca tinha visto uma menina t\u00e3o linda assim, que ele estava impressionado, com quantos homens ela j\u00e1 tinha ficado. A\u00ed ele escreveu uma mensagem e apagou. Mas eu falei pra ela insistir e ele falou \u2018o que voc\u00ea cobraria para ficar comigo? Se voc\u00ea come\u00e7ar a ficar comigo, sua m\u00e3e n\u00e3o vai mais pagar aluguel, sua m\u00e3e n\u00e3o vai mais passar necessidades. Vamos marcar um encontro para amanh\u00e3\u2019\u201d, contou a m\u00e3e.<\/p>\n<p>Uma das conversas foi gravada. No \u00e1udio \u00e9 poss\u00edvel ouvir o vereador <strong>oferecendo uma quantia em dinheiro para cada vez que a adolescente sa\u00edsse com ele<\/strong>. \u201cTodas as vezes que eu sair com voc\u00ea, eu te dou uma quantia. Eu te dou R$ 600. Se voc\u00ea n\u00e3o sair, eu vou te ajudar de qualquer jeito\u201d.<\/p>\n<h3 class=\"wp-block-heading\"><strong>Pris\u00e3o em flagrante<\/strong><\/h3>\n<p>Ap\u00f3s juntar \u00e1udios e prints de conversa com o vereador, a m\u00e3e da jovem levou o material na delegacia para registrar um <strong>boletim de ocorr\u00eancia<\/strong>. <mark style=\"background-color:#fcb900\" class=\"has-inline-color\">Contudo, durante o registro, <strong>o vereador come\u00e7ou a mandar mensagem para a menina.<\/strong><\/mark><\/p>\n<figure class=\"wp-block-pullquote\">\n<blockquote>\n<p>De posse de tais informa\u00e7\u00f5es, os policiais civis da DDM de Franca se dirigiram at\u00e9 o local [informado por ele \u00e0 jovem] e prenderam em flagrante o autor dos fatos<\/p>\n<p><cite>delegada Juliana Paiva<\/cite><\/p><\/blockquote>\n<\/figure>\n<p>Ainda de acordo com a delegada, os \u00e1udios ao qual ela teve acesso mostravam uma conversa com <strong>teor sexual <\/strong>com a adolescente. \u201cEra todo um induzimento \u00e0 pr\u00e1tica sexual da adolescente que possui apenas 15 anos de idade\u201d.<\/p>\n<h2 class=\"wp-block-heading\"><strong>O que diz o outro lado?<\/strong><\/h2>\n<p>Procurada, a <strong>C\u00e2mara dos vereados de Patroc\u00ednio Paulista<\/strong> informou que aguarda o trabalho de investiga\u00e7\u00e3o da <strong>Pol\u00edcia Civil<\/strong> para se manifestar futuramente.<\/p>\n<p>J\u00e1 a defesa de <strong>Luiz Carlos Boarati<\/strong> disse que a v\u00edtima teria procurado o vereador para pedir ajuda financeira e que por se tratar de uma arma\u00e7\u00e3o, o crime n\u00e3o cabe flagrante. Por esse motivo, vai pedir liberdade do suspeito em audi\u00eancia de cust\u00f3dia.<\/p>\n<p><strong><em>*Com informa\u00e7\u00f5es da EPTV<\/em><\/strong><\/p>\n<hr class=\"wp-block-separator has-alpha-channel-opacity\"\/>\n<p>SAIBA MAIS<\/p>\n<p>Novo papa dar\u00e1 continuidade ao legado de Francisco, diz Arcebispo de Ribeir\u00e3o Preto  <mark style=\"background-color:#ffffff\" class=\"has-inline-color has-white-color\">contudo,<\/mark><\/p>\n<h4 class=\"wp-block-heading\"><strong>FIQUE ON<\/strong><\/h4>\n<p>Fique ligado em tudo que acontece em Ribeir\u00e3o Preto e regi\u00e3o. Siga os perfis do<strong>\u00a0acidade on\u00a0<\/strong>no\u00a0<a href=\"https:\/\/www.instagram.com\/acidadeonribeirao\">Instagram\u00a0<\/a>e no\u00a0<a href=\"https:\/\/www.facebook.com\/acidadeonribeirao\/\">Facebook<\/a>.<\/p>\n<p>Receba not\u00edcias do\u00a0<strong>acidade on\u00a0<\/strong>no WhatsApp.\u00a0<a href=\"https:\/\/chat.whatsapp.com\/BjKQZ9oJwlz8VVT50NuePq\">Para entrar no grupo, basta clicar aqui.<\/a><\/p>\n<p>Fa\u00e7a uma den\u00fancia ou sugira uma reportagem sobre Ribeir\u00e3o Preto e regi\u00e3o pelo WhatsApp: 16 99117 7802.<\/p>\n<p>VEJA TAMB\u00c9M<\/p>\n<p>O que significa o novo \u00e1lbum de Kesha? <mark style=\"background-color:#ffffff\" class=\"has-inline-color has-white-color\">contudo,<\/mark><\/p>\n<p><!-- CONTENT END 1 -->\n<\/div>\n<p><script async src=\"\/\/www.instagram.com\/embed.js\"><\/script><br \/>\n<br \/><br \/>\n<br \/><a href=\"https:\/\/www.acidadeon.com\/ribeiraopreto\/cotidiano\/vereador-e-preso-por-suspeita-de-oferecer-dinheiro-para-encontro-sexual-com-adolescente\/\">Source link <\/a><\/p>\n","protected":false},"excerpt":{"rendered":"<p>Um vereador de Patroc\u00ednio Paulista, cidade a cerca de 100 quil\u00f4metros de Ribeir\u00e3o Preto, foi preso em flagrante na tarde desta quinta-feira (8), pela suspeita&#8230;<\/p>\n","protected":false},"author":1,"featured_media":69748,"comment_status":"open","ping_status":"open","sticky":false,"template":"","format":"standard","meta":{"advanced_seo_description":"","jetpack_seo_html_title":"","jetpack_seo_noindex":false,"jetpack_post_was_ever_published":false,"_jetpack_newsletter_access":"","_jetpack_dont_email_post_to_subs":false,"_jetpack_newsletter_tier_id":0,"_jetpack_memberships_contains_paywalled_content":false,"_jetpack_memberships_contains_paid_content":false,"footnotes":"","jetpack_publicize_message":"","jetpack_publicize_feature_enabled":true,"jetpack_social_post_already_shared":true,"jetpack_social_options":{"image_generator_settings":{"template":"highway","default_image_id":0,"font":"","enabled":false},"version":2}},"categories":[11],"tags":[],"class_list":["post-69747","post","type-post","status-publish","format-standard","has-post-thumbnail","hentry","category-noticias-de-ribeirao-preto-sp-e-regiao-ismael-colosi"],"jetpack_publicize_connections":[],"jetpack_featured_media_url":"https:\/\/i0.wp.com\/noticiasribeiraopreto.com.br\/wp-content\/uploads\/2025\/05\/Copia-de-Copia-de-Copia-de-TAMANHO-EXATO-PARA-FOTOS-NO-SISTEMA-NOVO-2025-05-08T192012.900_2025-05-08_22-20-19.webp.webp?fit=1200%2C675&ssl=1","jetpack-related-posts":[{"id":69757,"url":"https:\/\/noticiasribeiraopreto.com.br\/index.php\/2025\/05\/08\/vereador-de-patrocinio-paulista-e-preso-suspeito-de-atuar-para-favorecimento-a-prostituicao\/","url_meta":{"origin":69747,"position":0},"title":"Vereador de Patroc\u00ednio Paulista \u00e9 preso suspeito de atuar para favorecimento \u00e0 prostitui\u00e7\u00e3o","author":"noticiasribeiraopreto.com.br","date":"8 de May de 2025","format":false,"excerpt":"A Delegacia de Defesa da Mulher (DDM de Franca) prendeu o vereador de Patroc\u00ednio Paulista Luiz Carlos Boarati (PRD) em flagrante por favorecimento \u00e0 prostitui\u00e7\u00e3o. A pris\u00e3o ocorreu na tarde deste dia 8\/5. Luizinho da Lenha, como \u00e9 conhecido, chegou a mandar mensagem para a v\u00edtima, uma adolescente de 15\u2026","rel":"","context":"In &quot;Not\u00edcias de Franca-SP&quot;","block_context":{"text":"Not\u00edcias de Franca-SP","link":"https:\/\/noticiasribeiraopreto.com.br\/index.php\/category\/noticias-de-ribeirao-preto-sp-e-regiao-ismael-colosi\/noticias-franca-sp\/"},"img":{"alt_text":"","src":"https:\/\/i0.wp.com\/noticiasribeiraopreto.com.br\/wp-content\/uploads\/2025\/05\/vereador-patrocinio-paulista-e1746751457363.webp.webp?fit=828%2C504&ssl=1&resize=350%2C200","width":350,"height":200,"srcset":"https:\/\/i0.wp.com\/noticiasribeiraopreto.com.br\/wp-content\/uploads\/2025\/05\/vereador-patrocinio-paulista-e1746751457363.webp.webp?fit=828%2C504&ssl=1&resize=350%2C200 1x, https:\/\/i0.wp.com\/noticiasribeiraopreto.com.br\/wp-content\/uploads\/2025\/05\/vereador-patrocinio-paulista-e1746751457363.webp.webp?fit=828%2C504&ssl=1&resize=525%2C300 1.5x, https:\/\/i0.wp.com\/noticiasribeiraopreto.com.br\/wp-content\/uploads\/2025\/05\/vereador-patrocinio-paulista-e1746751457363.webp.webp?fit=828%2C504&ssl=1&resize=700%2C400 2x"},"classes":[]},{"id":64739,"url":"https:\/\/noticiasribeiraopreto.com.br\/index.php\/2025\/03\/11\/camara-barra-pedido-de-cassacao-contra-vereador-em-ribeirao-preto-entenda\/","url_meta":{"origin":69747,"position":1},"title":"C\u00e2mara barra pedido de cassa\u00e7\u00e3o contra vereador em Ribeir\u00e3o Preto; Entenda","author":"noticiasribeiraopreto.com.br","date":"11 de March de 2025","format":false,"excerpt":"A C\u00e2mara Municipal de Ribeir\u00e3o Preto negou a abertura de um processo de cassa\u00e7\u00e3o contra o vereador Andr\u00e9 Rodini (Novo), durante sess\u00e3o ordin\u00e1ria realizada na noite desta ter\u00e7a-feira (11). O processo de cassa\u00e7\u00e3o foi vetado ap\u00f3s receber cinco votos favor\u00e1veis e 15 contr\u00e1rios \u2013 veja como cada vereador votou abaixo.\u2026","rel":"","context":"In &quot;Not\u00edcias de Ribeir\u00e3o Preto-SP e Regi\u00e3o&quot;","block_context":{"text":"Not\u00edcias de Ribeir\u00e3o Preto-SP e Regi\u00e3o","link":"https:\/\/noticiasribeiraopreto.com.br\/index.php\/category\/noticias-de-ribeirao-preto-sp-e-regiao-ismael-colosi\/"},"img":{"alt_text":"","src":"https:\/\/i0.wp.com\/noticiasribeiraopreto.com.br\/wp-content\/uploads\/2025\/03\/sessao_ordinaria_27022025_foto_thaisa_coroado-24_2025-03-12_01-16-27_jpg_2025-03-12_01-16-28-scaled.webp.webp?fit=1200%2C800&ssl=1&resize=350%2C200","width":350,"height":200,"srcset":"https:\/\/i0.wp.com\/noticiasribeiraopreto.com.br\/wp-content\/uploads\/2025\/03\/sessao_ordinaria_27022025_foto_thaisa_coroado-24_2025-03-12_01-16-27_jpg_2025-03-12_01-16-28-scaled.webp.webp?fit=1200%2C800&ssl=1&resize=350%2C200 1x, https:\/\/i0.wp.com\/noticiasribeiraopreto.com.br\/wp-content\/uploads\/2025\/03\/sessao_ordinaria_27022025_foto_thaisa_coroado-24_2025-03-12_01-16-27_jpg_2025-03-12_01-16-28-scaled.webp.webp?fit=1200%2C800&ssl=1&resize=525%2C300 1.5x, https:\/\/i0.wp.com\/noticiasribeiraopreto.com.br\/wp-content\/uploads\/2025\/03\/sessao_ordinaria_27022025_foto_thaisa_coroado-24_2025-03-12_01-16-27_jpg_2025-03-12_01-16-28-scaled.webp.webp?fit=1200%2C800&ssl=1&resize=700%2C400 2x, https:\/\/i0.wp.com\/noticiasribeiraopreto.com.br\/wp-content\/uploads\/2025\/03\/sessao_ordinaria_27022025_foto_thaisa_coroado-24_2025-03-12_01-16-27_jpg_2025-03-12_01-16-28-scaled.webp.webp?fit=1200%2C800&ssl=1&resize=1050%2C600 3x"},"classes":[]},{"id":78079,"url":"https:\/\/noticiasribeiraopreto.com.br\/index.php\/2025\/10\/01\/camara-de-ribeirao-preto-abre-comissao-processante-para-investigar-vereador-bigodini\/","url_meta":{"origin":69747,"position":2},"title":"C\u00e2mara de Ribeir\u00e3o Preto abre Comiss\u00e3o Processante para investigar vereador Bigodini","author":"noticiasribeiraopreto.com.br","date":"1 de October de 2025","format":false,"excerpt":"A C\u00e2mara Municipal de Ribeir\u00e3o Preto autorizou, nesta quarta-feira (1\u00ba de outubro), a abertura de uma Comiss\u00e3o Processante (CP) para investigar o vereador Roger Ronan da Silva (MDB), mais conhecido como Bigodini, ap\u00f3s den\u00fancias de quebra de decoro parlamentar. Bigodini se envolveu em um acidente de tr\u00e2nsito na madrugada no\u2026","rel":"","context":"In &quot;Not\u00edcias de Ribeir\u00e3o Preto-SP e Regi\u00e3o&quot;","block_context":{"text":"Not\u00edcias de Ribeir\u00e3o Preto-SP e Regi\u00e3o","link":"https:\/\/noticiasribeiraopreto.com.br\/index.php\/category\/noticias-de-ribeirao-preto-sp-e-regiao-ismael-colosi\/"},"img":{"alt_text":"","src":"https:\/\/i0.wp.com\/noticiasribeiraopreto.com.br\/wp-content\/uploads\/2025\/09\/bigodini_2025-09-30_13-54-26.webp.webp?fit=1200%2C838&ssl=1&resize=350%2C200","width":350,"height":200,"srcset":"https:\/\/i0.wp.com\/noticiasribeiraopreto.com.br\/wp-content\/uploads\/2025\/09\/bigodini_2025-09-30_13-54-26.webp.webp?fit=1200%2C838&ssl=1&resize=350%2C200 1x, https:\/\/i0.wp.com\/noticiasribeiraopreto.com.br\/wp-content\/uploads\/2025\/09\/bigodini_2025-09-30_13-54-26.webp.webp?fit=1200%2C838&ssl=1&resize=525%2C300 1.5x, https:\/\/i0.wp.com\/noticiasribeiraopreto.com.br\/wp-content\/uploads\/2025\/09\/bigodini_2025-09-30_13-54-26.webp.webp?fit=1200%2C838&ssl=1&resize=700%2C400 2x, https:\/\/i0.wp.com\/noticiasribeiraopreto.com.br\/wp-content\/uploads\/2025\/09\/bigodini_2025-09-30_13-54-26.webp.webp?fit=1200%2C838&ssl=1&resize=1050%2C600 3x"},"classes":[]},{"id":78280,"url":"https:\/\/noticiasribeiraopreto.com.br\/index.php\/2025\/10\/07\/processo-sobre-acidente-envolvendo-bigodini-passa-a-tramitar-na-1a-vara-criminal-de-ribeirao\/","url_meta":{"origin":69747,"position":3},"title":"Processo sobre acidente envolvendo Bigodini passa a tramitar na 1\u00aa Vara Criminal de Ribeir\u00e3o","author":"noticiasribeiraopreto.com.br","date":"7 de October de 2025","format":false,"excerpt":"O processo que apura o acidente envolvendo o vereador Roger Ronan da Silva (MDB), mais conhecido como Bigodini foi transferido do Juizado Especial C\u00edvel e Criminal para a 1\u00aa Vara Criminal de Ribeir\u00e3o Preto. De acordo com as informa\u00e7\u00f5es da EPTV, o caso agora est\u00e1 sob responsabilidade do juiz Guaracy\u2026","rel":"","context":"In &quot;Not\u00edcias de Ribeir\u00e3o Preto-SP e Regi\u00e3o&quot;","block_context":{"text":"Not\u00edcias de Ribeir\u00e3o Preto-SP e Regi\u00e3o","link":"https:\/\/noticiasribeiraopreto.com.br\/index.php\/category\/noticias-de-ribeirao-preto-sp-e-regiao-ismael-colosi\/"},"img":{"alt_text":"","src":"https:\/\/i0.wp.com\/noticiasribeiraopreto.com.br\/wp-content\/uploads\/2025\/09\/sessao_ordinaria_14052025_foto_thaisa_coroado-15_2025-09-29_21-55-34.webp.webp?fit=1200%2C800&ssl=1&resize=350%2C200","width":350,"height":200,"srcset":"https:\/\/i0.wp.com\/noticiasribeiraopreto.com.br\/wp-content\/uploads\/2025\/09\/sessao_ordinaria_14052025_foto_thaisa_coroado-15_2025-09-29_21-55-34.webp.webp?fit=1200%2C800&ssl=1&resize=350%2C200 1x, https:\/\/i0.wp.com\/noticiasribeiraopreto.com.br\/wp-content\/uploads\/2025\/09\/sessao_ordinaria_14052025_foto_thaisa_coroado-15_2025-09-29_21-55-34.webp.webp?fit=1200%2C800&ssl=1&resize=525%2C300 1.5x, https:\/\/i0.wp.com\/noticiasribeiraopreto.com.br\/wp-content\/uploads\/2025\/09\/sessao_ordinaria_14052025_foto_thaisa_coroado-15_2025-09-29_21-55-34.webp.webp?fit=1200%2C800&ssl=1&resize=700%2C400 2x, https:\/\/i0.wp.com\/noticiasribeiraopreto.com.br\/wp-content\/uploads\/2025\/09\/sessao_ordinaria_14052025_foto_thaisa_coroado-15_2025-09-29_21-55-34.webp.webp?fit=1200%2C800&ssl=1&resize=1050%2C600 3x"},"classes":[]},{"id":79964,"url":"https:\/\/noticiasribeiraopreto.com.br\/index.php\/2025\/11\/11\/saiba-quem-e-o-vereador-que-assumira-a-vaga-de-bigodini-na-camara-de-ribeirao-preto\/","url_meta":{"origin":69747,"position":4},"title":"Saiba quem \u00e9 o vereador que assumir\u00e1 a vaga de Bigodini na C\u00e2mara de Ribeir\u00e3o Preto","author":"noticiasribeiraopreto.com.br","date":"11 de November de 2025","format":false,"excerpt":"A secret\u00e1ria da Cultura de Ribeir\u00e3o Preto, Maria Eug\u00eania Biffi, informou nesta ter\u00e7a-feira (11) que vai assumir o cargo de vereadora e, em seguida, vai se licenciar da cadeira aberta com a suspens\u00e3o do vereador Roger Ronan da Silva, o Bigodini (MDB). Com isso, a vaga ser\u00e1 ocupada em definitivo,\u2026","rel":"","context":"In &quot;Not\u00edcias de Ribeir\u00e3o Preto-SP e Regi\u00e3o&quot;","block_context":{"text":"Not\u00edcias de Ribeir\u00e3o Preto-SP e Regi\u00e3o","link":"https:\/\/noticiasribeiraopreto.com.br\/index.php\/category\/noticias-de-ribeirao-preto-sp-e-regiao-ismael-colosi\/"},"img":{"alt_text":"","src":"https:\/\/i0.wp.com\/noticiasribeiraopreto.com.br\/wp-content\/uploads\/2025\/11\/suplentes_2025-11-11_13-36-44.webp.webp?fit=1200%2C674&ssl=1&resize=350%2C200","width":350,"height":200,"srcset":"https:\/\/i0.wp.com\/noticiasribeiraopreto.com.br\/wp-content\/uploads\/2025\/11\/suplentes_2025-11-11_13-36-44.webp.webp?fit=1200%2C674&ssl=1&resize=350%2C200 1x, https:\/\/i0.wp.com\/noticiasribeiraopreto.com.br\/wp-content\/uploads\/2025\/11\/suplentes_2025-11-11_13-36-44.webp.webp?fit=1200%2C674&ssl=1&resize=525%2C300 1.5x, https:\/\/i0.wp.com\/noticiasribeiraopreto.com.br\/wp-content\/uploads\/2025\/11\/suplentes_2025-11-11_13-36-44.webp.webp?fit=1200%2C674&ssl=1&resize=700%2C400 2x, https:\/\/i0.wp.com\/noticiasribeiraopreto.com.br\/wp-content\/uploads\/2025\/11\/suplentes_2025-11-11_13-36-44.webp.webp?fit=1200%2C674&ssl=1&resize=1050%2C600 3x"},"classes":[]},{"id":51209,"url":"https:\/\/noticiasribeiraopreto.com.br\/index.php\/2024\/05\/24\/suspeito-de-matar-homem-apos-ser-atraido-para-encontro-e-preso-na-regiao-de-ribeirao\/","url_meta":{"origin":69747,"position":5},"title":"Suspeito de matar homem ap\u00f3s ser atra\u00eddo para encontro \u00e9 preso na regi\u00e3o de Ribeir\u00e3o","author":"noticiasribeiraopreto.com.br","date":"24 de May de 2024","format":false,"excerpt":"O homem suspeito de matar Elias Vicente da Silva, de 57 anos, na tarde desta ter\u00e7a-feira (21), em Bebedouro, cidade na regi\u00e3o de Ribeir\u00e3o Preto, se apresentou a pol\u00edcia e confessou o crime nesta quinta-feira (23). De acordo com o delegado, Jo\u00e3o Vitor Silv\u00e9rio, a pris\u00e3o preventiva de Igor da\u2026","rel":"","context":"In &quot;Not\u00edcias de Ribeir\u00e3o Preto-SP e Regi\u00e3o&quot;","block_context":{"text":"Not\u00edcias de Ribeir\u00e3o Preto-SP e Regi\u00e3o","link":"https:\/\/noticiasribeiraopreto.com.br\/index.php\/category\/noticias-de-ribeirao-preto-sp-e-regiao-ismael-colosi\/"},"img":{"alt_text":"","src":"https:\/\/i0.wp.com\/noticiasribeiraopreto.com.br\/wp-content\/uploads\/2024\/05\/Copia-de-Copia-de-TAMANHO-EXATO-PARA-FOTOS-NO-SISTEMA-NOVO-51_2024-05-23_18-08-22_png_2024-05-23_18-08-23.webp.webp?fit=1200%2C675&ssl=1&resize=350%2C200","width":350,"height":200,"srcset":"https:\/\/i0.wp.com\/noticiasribeiraopreto.com.br\/wp-content\/uploads\/2024\/05\/Copia-de-Copia-de-TAMANHO-EXATO-PARA-FOTOS-NO-SISTEMA-NOVO-51_2024-05-23_18-08-22_png_2024-05-23_18-08-23.webp.webp?fit=1200%2C675&ssl=1&resize=350%2C200 1x, https:\/\/i0.wp.com\/noticiasribeiraopreto.com.br\/wp-content\/uploads\/2024\/05\/Copia-de-Copia-de-TAMANHO-EXATO-PARA-FOTOS-NO-SISTEMA-NOVO-51_2024-05-23_18-08-22_png_2024-05-23_18-08-23.webp.webp?fit=1200%2C675&ssl=1&resize=525%2C300 1.5x, https:\/\/i0.wp.com\/noticiasribeiraopreto.com.br\/wp-content\/uploads\/2024\/05\/Copia-de-Copia-de-TAMANHO-EXATO-PARA-FOTOS-NO-SISTEMA-NOVO-51_2024-05-23_18-08-22_png_2024-05-23_18-08-23.webp.webp?fit=1200%2C675&ssl=1&resize=700%2C400 2x, https:\/\/i0.wp.com\/noticiasribeiraopreto.com.br\/wp-content\/uploads\/2024\/05\/Copia-de-Copia-de-TAMANHO-EXATO-PARA-FOTOS-NO-SISTEMA-NOVO-51_2024-05-23_18-08-22_png_2024-05-23_18-08-23.webp.webp?fit=1200%2C675&ssl=1&resize=1050%2C600 3x"},"classes":[]}],"jetpack_sharing_enabled":true,"jetpack_shortlink":"https:\/\/wp.me\/peQAOb-i8X","_links":{"self":[{"href":"https:\/\/noticiasribeiraopreto.com.br\/index.php\/wp-json\/wp\/v2\/posts\/69747","targetHints":{"allow":["GET"]}}],"collection":[{"href":"https:\/\/noticiasribeiraopreto.com.br\/index.php\/wp-json\/wp\/v2\/posts"}],"about":[{"href":"https:\/\/noticiasribeiraopreto.com.br\/index.php\/wp-json\/wp\/v2\/types\/post"}],"author":[{"embeddable":true,"href":"https:\/\/noticiasribeiraopreto.com.br\/index.php\/wp-json\/wp\/v2\/users\/1"}],"replies":[{"embeddable":true,"href":"https:\/\/noticiasribeiraopreto.com.br\/index.php\/wp-json\/wp\/v2\/comments?post=69747"}],"version-history":[{"count":0,"href":"https:\/\/noticiasribeiraopreto.com.br\/index.php\/wp-json\/wp\/v2\/posts\/69747\/revisions"}],"wp:featuredmedia":[{"embeddable":true,"href":"https:\/\/noticiasribeiraopreto.com.br\/index.php\/wp-json\/wp\/v2\/media\/69748"}],"wp:attachment":[{"href":"https:\/\/noticiasribeiraopreto.com.br\/index.php\/wp-json\/wp\/v2\/media?parent=69747"}],"wp:term":[{"taxonomy":"category","embeddable":true,"href":"https:\/\/noticiasribeiraopreto.com.br\/index.php\/wp-json\/wp\/v2\/categories?post=69747"},{"taxonomy":"post_tag","embeddable":true,"href":"https:\/\/noticiasribeiraopreto.com.br\/index.php\/wp-json\/wp\/v2\/tags?post=69747"}],"curies":[{"name":"wp","href":"https:\/\/api.w.org\/{rel}","templated":true}]}}