{"id":69749,"date":"2025-05-08T20:26:32","date_gmt":"2025-05-08T23:26:32","guid":{"rendered":"https:\/\/noticiasribeiraopreto.com.br\/index.php\/2025\/05\/08\/novo-papa-dara-continuidade-ao-legado-de-francisco-diz-arcebispo-de-ribeirao-preto\/"},"modified":"2025-05-08T20:26:32","modified_gmt":"2025-05-08T23:26:32","slug":"novo-papa-dara-continuidade-ao-legado-de-francisco-diz-arcebispo-de-ribeirao-preto","status":"publish","type":"post","link":"https:\/\/noticiasribeiraopreto.com.br\/index.php\/2025\/05\/08\/novo-papa-dara-continuidade-ao-legado-de-francisco-diz-arcebispo-de-ribeirao-preto\/","title":{"rendered":"Novo papa dar\u00e1 continuidade ao legado de Francisco, diz Arcebispo de Ribeir\u00e3o Preto"},"content":{"rendered":"<p> <br \/>\n<\/p>\n<div>\n<p>Na tarde desta quinta-feira (8), o <strong>arcebispo metropolitano de Ribeir\u00e3o Preto<\/strong>, Dom Moacir Silva, <strong>comentou a elei\u00e7\u00e3o do novo papa<\/strong> e <strong>avaliou os primeiros sinais do novo pontificado<\/strong>. Para o arcebispo, <mark style=\"background-color:#fcb900\" class=\"has-inline-color\">a escolha do nome e o hist\u00f3rico do novo pont\u00edfice indicam uma continuidade em rela\u00e7\u00e3o ao trabalho desenvolvido pelo Papa Francisco<\/mark>.<\/p>\n<h3 class=\"wp-block-heading\"><strong>Nome e origem apontam para continuidade<\/strong><\/h3>\n<p><strong>O novo papa optou por se chamar Le\u00e3o XIV<\/strong>, nome que remete ao papa Le\u00e3o XIII, reconhecido como o pont\u00edfice da doutrina social da Igreja. Segundo o arcebispo, foi ele que, atento \u00e0s necessidades do povo, escreveu a enc\u00edclica <em>Rerum Novarum<\/em>, documento que marcou o posicionamento social da Igreja Cat\u00f3lica a partir de 1891.<\/p>\n<figure class=\"wp-block-pullquote\">\n<blockquote>\n<p>O nome que ele escolheu para o pontificado \u00e9 muito significativo<\/p>\n<p><cite>afirmou Dom Moacir<\/cite><\/p><\/blockquote>\n<\/figure>\n<p>O arcebispo tamb\u00e9m destacou a trajet\u00f3ria pastoral do novo papa. <em>\u201cEle trabalhou pastoralmente, sobretudo aqui na Am\u00e9rica do Sul, como padre, como bispo, trabalhou como administrador paroquial de par\u00f3quia nas periferias\u201d<\/em>, relatou.<\/p>\n<h3 class=\"wp-block-heading\"><strong>Compromisso com o di\u00e1logo <\/strong><\/h3>\n<p>Para Dom Moacir, o <strong>novo papa demonstra disposi\u00e7\u00e3o para dar continuidade \u00e0 cultura do di\u00e1logo defendida por Francisco.<\/strong><\/p>\n<figure class=\"wp-block-pullquote\">\n<blockquote>\n<p> O pr\u00f3prio papa falou numa igreja em di\u00e1logo. Com certeza ele vai continuar essa cultura do encontro<\/p>\n<p><cite>disse Dom Moacir<\/cite><\/p><\/blockquote>\n<\/figure>\n<p>Por fim, Dom Moacir destacou a postura do novo l\u00edder da Igreja Cat\u00f3lica  o <strong>arcebispo enfatizou o simbolismo da escolha papal para este momento da hist\u00f3ria<\/strong> da Igreja. <\/p>\n<figure class=\"wp-block-pullquote\">\n<blockquote>\n<p>\u201cDeus sempre d\u00e1 \u00e0 Igreja o papa que \u00e9 preciso naquele momento. Se a gente olha nossos \u00faltimos papas, todos eles foram resposta para o tempo em que assumiram. Ent\u00e3o, Le\u00e3o XIV tamb\u00e9m ser\u00e1 uma resposta para o desafio do nosso tempo.\u201d<\/p>\n<p><cite>afirma<\/cite><\/p><\/blockquote>\n<\/figure>\n<p>SAIBA MAIS <mark style=\"background-color:#ffffff\" class=\"has-inline-color has-white-color\">, no entanto<\/mark><br \/>Robert Prevost \u00e9 o escolhido no conclave; Saiba quem \u00e9 o novo papa <mark style=\"background-color:#ffffff\" class=\"has-inline-color has-white-color\">, contudo<\/mark><\/p>\n<h2 class=\"wp-block-heading\"><strong>FIQUE ON<\/strong> <mark style=\"background-color:#ffffff\" class=\"has-inline-color has-white-color\">, por\u00e9m<\/mark><\/h2>\n<p>Fique ligado em tudo que acontece em Ribeir\u00e3o Preto e regi\u00e3o. Siga os perfis do<strong> acidade on <\/strong>no <a href=\"https:\/\/www.instagram.com\/acidadeonribeirao\">Instagram <\/a>e no <a href=\"https:\/\/www.facebook.com\/acidadeonribeirao\/\">Facebook<\/a>.<\/p>\n<p>Receba not\u00edcias do <strong>acidade on <\/strong>no WhatsApp. <a href=\"https:\/\/chat.whatsapp.com\/BjKQZ9oJwlz8VVT50NuePq\">Para entrar no grupo, basta clicar aqui.<\/a><\/p>\n<p>Fa\u00e7a uma den\u00fancia ou sugira uma reportagem sobre Ribeir\u00e3o Preto e regi\u00e3o pelo WhatsApp: 16 99117 7802.<\/p>\n<p>VEJA TAMB\u00c9M<br \/>Qual \u00e9 o significado do nome do novo papa?<\/p>\n<p><!-- CONTENT END 1 -->\n<\/div>\n<p><script async src=\"\/\/www.instagram.com\/embed.js\"><\/script><br \/>\n<br \/><br \/>\n<br \/><a href=\"https:\/\/www.acidadeon.com\/ribeiraopreto\/cotidiano\/novo-papa-dara-continuidade-ao-legado-de-francisco-diz-arcebispo-de-ribeirao-preto\/\">Source link <\/a><\/p>\n","protected":false},"excerpt":{"rendered":"<p>Na tarde desta quinta-feira (8), o arcebispo metropolitano de Ribeir\u00e3o Preto, Dom Moacir Silva, comentou a elei\u00e7\u00e3o do novo papa e avaliou os primeiros sinais&#8230;<\/p>\n","protected":false},"author":1,"featured_media":69750,"comment_status":"open","ping_status":"open","sticky":false,"template":"","format":"standard","meta":{"advanced_seo_description":"","jetpack_seo_html_title":"","jetpack_seo_noindex":false,"jetpack_post_was_ever_published":false,"_jetpack_newsletter_access":"","_jetpack_dont_email_post_to_subs":false,"_jetpack_newsletter_tier_id":0,"_jetpack_memberships_contains_paywalled_content":false,"_jetpack_memberships_contains_paid_content":false,"footnotes":"","jetpack_publicize_message":"","jetpack_publicize_feature_enabled":true,"jetpack_social_post_already_shared":true,"jetpack_social_options":{"image_generator_settings":{"template":"highway","default_image_id":0,"font":"","enabled":false},"version":2}},"categories":[11],"tags":[],"class_list":["post-69749","post","type-post","status-publish","format-standard","has-post-thumbnail","hentry","category-noticias-de-ribeirao-preto-sp-e-regiao-ismael-colosi"],"jetpack_publicize_connections":[],"jetpack_featured_media_url":"https:\/\/i0.wp.com\/noticiasribeiraopreto.com.br\/wp-content\/uploads\/2025\/05\/Copia-de-Copia-de-Copia-de-TAMANHO-EXATO-PARA-FOTOS-NO-SISTEMA-NOVO-52_2025-05-08_21-39-44.webp.webp?fit=1200%2C675&ssl=1","jetpack-related-posts":[{"id":67960,"url":"https:\/\/noticiasribeiraopreto.com.br\/index.php\/2025\/04\/21\/arcebispo-de-ribeirao-preto-pede-profunda-oracao-aos-fieis-apos-morte-do-papa-francisco\/","url_meta":{"origin":69749,"position":0},"title":"Arcebispo de Ribeir\u00e3o Preto pede &#8216;profunda ora\u00e7\u00e3o&#8217; aos fi\u00e9is ap\u00f3s morte do Papa Francisco","author":"noticiasribeiraopreto.com.br","date":"21 de April de 2025","format":false,"excerpt":"O arcebispo metropolitano de Ribeir\u00e3o Preto, Dom Moacir Silva, emitiu nota de pesar em que lamenta a morte do Papa Francisco, nesta segunda-feira (21). Dom Moacir ressaltou a vida do pont\u00edfice dedicada ao servi\u00e7o e pede aos fi\u00e9is uma \u201cprofunda ora\u00e7\u00e3o\u201d pelo descanso de Francisco. Uma missa est\u00e1 programada para\u2026","rel":"","context":"In &quot;Not\u00edcias de Ribeir\u00e3o Preto-SP e Regi\u00e3o&quot;","block_context":{"text":"Not\u00edcias de Ribeir\u00e3o Preto-SP e Regi\u00e3o","link":"https:\/\/noticiasribeiraopreto.com.br\/index.php\/category\/noticias-de-ribeirao-preto-sp-e-regiao-ismael-colosi\/"},"img":{"alt_text":"","src":"https:\/\/i0.wp.com\/noticiasribeiraopreto.com.br\/wp-content\/uploads\/2025\/04\/af9cec10-6767-492e-8b16-0f43f63ffe18.jpg?fit=310%2C200&ssl=1&resize=350%2C200","width":350,"height":200},"classes":[]},{"id":68121,"url":"https:\/\/noticiasribeiraopreto.com.br\/index.php\/2025\/04\/22\/saiba-quem-e-o-cardeal-de-cidade-a-90-km-de-ribeirao-preto-que-pode-virar-papa\/","url_meta":{"origin":69749,"position":1},"title":"Saiba quem \u00e9 o cardeal de cidade a 90 km de Ribeir\u00e3o Preto que pode virar papa","author":"noticiasribeiraopreto.com.br","date":"22 de April de 2025","format":false,"excerpt":"Com a morte do papa Francisco, a Igreja Cat\u00f3lica inicia a escolha do novo pont\u00edfice. No conclave, reuni\u00e3o secreta com cardeais eleitores, eles votam para eleger o sucessor. Entre os sete cardeais brasileiros, um nome se destaca: Dom S\u00e9rgio da Rocha, nascido em Dobrada, cidade a cerca de 90 km\u2026","rel":"","context":"In &quot;Not\u00edcias de Ribeir\u00e3o Preto-SP e Regi\u00e3o&quot;","block_context":{"text":"Not\u00edcias de Ribeir\u00e3o Preto-SP e Regi\u00e3o","link":"https:\/\/noticiasribeiraopreto.com.br\/index.php\/category\/noticias-de-ribeirao-preto-sp-e-regiao-ismael-colosi\/"},"img":{"alt_text":"","src":"https:\/\/i0.wp.com\/noticiasribeiraopreto.com.br\/wp-content\/uploads\/2025\/04\/Copia-de-Copia-de-Copia-de-TAMANHO-EXATO-PARA-FOTOS-NO-SISTEMA-NOVO-4_2025-04-22_20-35-52.webp.webp?fit=1200%2C675&ssl=1&resize=350%2C200","width":350,"height":200,"srcset":"https:\/\/i0.wp.com\/noticiasribeiraopreto.com.br\/wp-content\/uploads\/2025\/04\/Copia-de-Copia-de-Copia-de-TAMANHO-EXATO-PARA-FOTOS-NO-SISTEMA-NOVO-4_2025-04-22_20-35-52.webp.webp?fit=1200%2C675&ssl=1&resize=350%2C200 1x, https:\/\/i0.wp.com\/noticiasribeiraopreto.com.br\/wp-content\/uploads\/2025\/04\/Copia-de-Copia-de-Copia-de-TAMANHO-EXATO-PARA-FOTOS-NO-SISTEMA-NOVO-4_2025-04-22_20-35-52.webp.webp?fit=1200%2C675&ssl=1&resize=525%2C300 1.5x, https:\/\/i0.wp.com\/noticiasribeiraopreto.com.br\/wp-content\/uploads\/2025\/04\/Copia-de-Copia-de-Copia-de-TAMANHO-EXATO-PARA-FOTOS-NO-SISTEMA-NOVO-4_2025-04-22_20-35-52.webp.webp?fit=1200%2C675&ssl=1&resize=700%2C400 2x, https:\/\/i0.wp.com\/noticiasribeiraopreto.com.br\/wp-content\/uploads\/2025\/04\/Copia-de-Copia-de-Copia-de-TAMANHO-EXATO-PARA-FOTOS-NO-SISTEMA-NOVO-4_2025-04-22_20-35-52.webp.webp?fit=1200%2C675&ssl=1&resize=1050%2C600 3x"},"classes":[]},{"id":70211,"url":"https:\/\/noticiasribeiraopreto.com.br\/index.php\/2025\/05\/23\/leao-xiv-desmembra-arquidiocese-de-rp\/","url_meta":{"origin":69749,"position":2},"title":"Le\u00e3o XIV desmembra arquidiocese de RP","author":"noticiasribeiraopreto.com.br","date":"23 de May de 2025","format":false,"excerpt":"O papa Le\u00e3o XIV elevou a diocese de S\u00e3o Jos\u00e9 do Rio Preto \u00e0 categoria de arquidiocese, desmembrando-a da Arquidiocese de Ribeir\u00e3o Preto. O bispo Dom Ant\u00f4nio Em\u00eddio Vilar passa a ser arcebispo metropolitano. \u00c9 a primeira criada em todo o mundo cat\u00f3lico pelo novo pont\u00edfice, desde que ele foi\u2026","rel":"","context":"In &quot;Not\u00edcias de Ribeir\u00e3o Preto-SP e Regi\u00e3o&quot;","block_context":{"text":"Not\u00edcias de Ribeir\u00e3o Preto-SP e Regi\u00e3o","link":"https:\/\/noticiasribeiraopreto.com.br\/index.php\/category\/noticias-de-ribeirao-preto-sp-e-regiao-ismael-colosi\/"},"img":{"alt_text":"","src":"https:\/\/i0.wp.com\/noticiasribeiraopreto.com.br\/wp-content\/uploads\/2025\/05\/Dom-Emidio-nomeado.jpeg?fit=797%2C1200&ssl=1&resize=350%2C200","width":350,"height":200,"srcset":"https:\/\/i0.wp.com\/noticiasribeiraopreto.com.br\/wp-content\/uploads\/2025\/05\/Dom-Emidio-nomeado.jpeg?fit=797%2C1200&ssl=1&resize=350%2C200 1x, https:\/\/i0.wp.com\/noticiasribeiraopreto.com.br\/wp-content\/uploads\/2025\/05\/Dom-Emidio-nomeado.jpeg?fit=797%2C1200&ssl=1&resize=525%2C300 1.5x, https:\/\/i0.wp.com\/noticiasribeiraopreto.com.br\/wp-content\/uploads\/2025\/05\/Dom-Emidio-nomeado.jpeg?fit=797%2C1200&ssl=1&resize=700%2C400 2x"},"classes":[]},{"id":69779,"url":"https:\/\/noticiasribeiraopreto.com.br\/index.php\/2025\/05\/09\/novo-papa-ja-esteve-em-igrejas-no-interior-de-sp-veja-por-onde-ele-passou\/","url_meta":{"origin":69749,"position":3},"title":"Novo papa j\u00e1 esteve em igrejas no interior de SP; Veja por onde ele passou","author":"noticiasribeiraopreto.com.br","date":"9 de May de 2025","format":false,"excerpt":"O cardeal norte-americano Robert Francis Prevost, eleito Papa Le\u00e3o XIV no conclave que terminou nesta quinta-feira (8), j\u00e1 visitou igrejas no interior de S\u00e3o Paulo. Em 2008, quando ainda era padre geral dos agostinianos, Prevost participou de uma missa na Par\u00f3quia Santo Ant\u00f4nio, em Campinas. A visita teve como finalidade\u2026","rel":"","context":"In &quot;Not\u00edcias de Ribeir\u00e3o Preto-SP e Regi\u00e3o&quot;","block_context":{"text":"Not\u00edcias de Ribeir\u00e3o Preto-SP e Regi\u00e3o","link":"https:\/\/noticiasribeiraopreto.com.br\/index.php\/category\/noticias-de-ribeirao-preto-sp-e-regiao-ismael-colosi\/"},"img":{"alt_text":"","src":"https:\/\/i0.wp.com\/noticiasribeiraopreto.com.br\/wp-content\/uploads\/2025\/05\/PAPA_2025-05-09_10-49-48.webp.webp?fit=1200%2C796&ssl=1&resize=350%2C200","width":350,"height":200,"srcset":"https:\/\/i0.wp.com\/noticiasribeiraopreto.com.br\/wp-content\/uploads\/2025\/05\/PAPA_2025-05-09_10-49-48.webp.webp?fit=1200%2C796&ssl=1&resize=350%2C200 1x, https:\/\/i0.wp.com\/noticiasribeiraopreto.com.br\/wp-content\/uploads\/2025\/05\/PAPA_2025-05-09_10-49-48.webp.webp?fit=1200%2C796&ssl=1&resize=525%2C300 1.5x, https:\/\/i0.wp.com\/noticiasribeiraopreto.com.br\/wp-content\/uploads\/2025\/05\/PAPA_2025-05-09_10-49-48.webp.webp?fit=1200%2C796&ssl=1&resize=700%2C400 2x, https:\/\/i0.wp.com\/noticiasribeiraopreto.com.br\/wp-content\/uploads\/2025\/05\/PAPA_2025-05-09_10-49-48.webp.webp?fit=1200%2C796&ssl=1&resize=1050%2C600 3x"},"classes":[]},{"id":69621,"url":"https:\/\/noticiasribeiraopreto.com.br\/index.php\/2025\/05\/07\/quem-e-o-cardeal-brasileiro-do-interior-de-sp-considerado-favorito-no-conclave\/","url_meta":{"origin":69749,"position":4},"title":"Quem \u00e9 o cardeal brasileiro do interior de SP considerado favorito no conclave?","author":"noticiasribeiraopreto.com.br","date":"7 de May de 2025","format":false,"excerpt":"Entre os sete cardeais brasileiros que participam do conclave, processo de escolha do novo papa da Igreja Cat\u00f3lica, que teve in\u00edcio nesta quarta-feira (7), um nome se destaca: Dom S\u00e9rgio da Rocha, nascido em Dobrada, cidade no interior de S\u00e3o Paulo. >>>FIQUE POR DENTRO: AO VIVO: Acompanhe a movimenta\u00e7\u00e3o no\u2026","rel":"","context":"In &quot;Not\u00edcias de Ribeir\u00e3o Preto-SP e Regi\u00e3o&quot;","block_context":{"text":"Not\u00edcias de Ribeir\u00e3o Preto-SP e Regi\u00e3o","link":"https:\/\/noticiasribeiraopreto.com.br\/index.php\/category\/noticias-de-ribeirao-preto-sp-e-regiao-ismael-colosi\/"},"img":{"alt_text":"","src":"https:\/\/i0.wp.com\/noticiasribeiraopreto.com.br\/wp-content\/uploads\/2025\/05\/Copia-de-Copia-de-Copia-de-TAMANHO-EXATO-PARA-FOTOS-NO-SISTEMA-NOVO-2025-05-07T151316.923_2025-05-07_18-13-23.webp.webp?fit=1200%2C675&ssl=1&resize=350%2C200","width":350,"height":200,"srcset":"https:\/\/i0.wp.com\/noticiasribeiraopreto.com.br\/wp-content\/uploads\/2025\/05\/Copia-de-Copia-de-Copia-de-TAMANHO-EXATO-PARA-FOTOS-NO-SISTEMA-NOVO-2025-05-07T151316.923_2025-05-07_18-13-23.webp.webp?fit=1200%2C675&ssl=1&resize=350%2C200 1x, https:\/\/i0.wp.com\/noticiasribeiraopreto.com.br\/wp-content\/uploads\/2025\/05\/Copia-de-Copia-de-Copia-de-TAMANHO-EXATO-PARA-FOTOS-NO-SISTEMA-NOVO-2025-05-07T151316.923_2025-05-07_18-13-23.webp.webp?fit=1200%2C675&ssl=1&resize=525%2C300 1.5x, https:\/\/i0.wp.com\/noticiasribeiraopreto.com.br\/wp-content\/uploads\/2025\/05\/Copia-de-Copia-de-Copia-de-TAMANHO-EXATO-PARA-FOTOS-NO-SISTEMA-NOVO-2025-05-07T151316.923_2025-05-07_18-13-23.webp.webp?fit=1200%2C675&ssl=1&resize=700%2C400 2x, https:\/\/i0.wp.com\/noticiasribeiraopreto.com.br\/wp-content\/uploads\/2025\/05\/Copia-de-Copia-de-Copia-de-TAMANHO-EXATO-PARA-FOTOS-NO-SISTEMA-NOVO-2025-05-07T151316.923_2025-05-07_18-13-23.webp.webp?fit=1200%2C675&ssl=1&resize=1050%2C600 3x"},"classes":[]},{"id":69726,"url":"https:\/\/noticiasribeiraopreto.com.br\/index.php\/2025\/05\/08\/saiba-a-origem-da-avenida-leao-xiii-em-ribeirao-preto\/","url_meta":{"origin":69749,"position":5},"title":"Saiba a origem da avenida Le\u00e3o XIII em Ribeir\u00e3o Preto","author":"noticiasribeiraopreto.com.br","date":"8 de May de 2025","format":false,"excerpt":"O cardeal Robert Prevost foi escolhido papa pelo conclave nesta quinta-feira (8). Com isso, a partir de agora, ser\u00e1 conhecido como Le\u00e3o XIV. Antes do americano, por\u00e9m, Gioacchino Pecci, em 1878, foi o \u00faltimo a escolher Le\u00e3o como nome de papado. >>>FIQUE POR DENTRO: Quem \u00e9 Robert Prevost, o papa\u2026","rel":"","context":"In &quot;Not\u00edcias de Ribeir\u00e3o Preto-SP e Regi\u00e3o&quot;","block_context":{"text":"Not\u00edcias de Ribeir\u00e3o Preto-SP e Regi\u00e3o","link":"https:\/\/noticiasribeiraopreto.com.br\/index.php\/category\/noticias-de-ribeirao-preto-sp-e-regiao-ismael-colosi\/"},"img":{"alt_text":"","src":"https:\/\/i0.wp.com\/noticiasribeiraopreto.com.br\/wp-content\/uploads\/2025\/05\/20230318_162012-scaled.jpg?fit=1200%2C609&ssl=1&resize=350%2C200","width":350,"height":200,"srcset":"https:\/\/i0.wp.com\/noticiasribeiraopreto.com.br\/wp-content\/uploads\/2025\/05\/20230318_162012-scaled.jpg?fit=1200%2C609&ssl=1&resize=350%2C200 1x, https:\/\/i0.wp.com\/noticiasribeiraopreto.com.br\/wp-content\/uploads\/2025\/05\/20230318_162012-scaled.jpg?fit=1200%2C609&ssl=1&resize=525%2C300 1.5x, https:\/\/i0.wp.com\/noticiasribeiraopreto.com.br\/wp-content\/uploads\/2025\/05\/20230318_162012-scaled.jpg?fit=1200%2C609&ssl=1&resize=700%2C400 2x, https:\/\/i0.wp.com\/noticiasribeiraopreto.com.br\/wp-content\/uploads\/2025\/05\/20230318_162012-scaled.jpg?fit=1200%2C609&ssl=1&resize=1050%2C600 3x"},"classes":[]}],"jetpack_sharing_enabled":true,"jetpack_shortlink":"https:\/\/wp.me\/peQAOb-i8Z","_links":{"self":[{"href":"https:\/\/noticiasribeiraopreto.com.br\/index.php\/wp-json\/wp\/v2\/posts\/69749","targetHints":{"allow":["GET"]}}],"collection":[{"href":"https:\/\/noticiasribeiraopreto.com.br\/index.php\/wp-json\/wp\/v2\/posts"}],"about":[{"href":"https:\/\/noticiasribeiraopreto.com.br\/index.php\/wp-json\/wp\/v2\/types\/post"}],"author":[{"embeddable":true,"href":"https:\/\/noticiasribeiraopreto.com.br\/index.php\/wp-json\/wp\/v2\/users\/1"}],"replies":[{"embeddable":true,"href":"https:\/\/noticiasribeiraopreto.com.br\/index.php\/wp-json\/wp\/v2\/comments?post=69749"}],"version-history":[{"count":0,"href":"https:\/\/noticiasribeiraopreto.com.br\/index.php\/wp-json\/wp\/v2\/posts\/69749\/revisions"}],"wp:featuredmedia":[{"embeddable":true,"href":"https:\/\/noticiasribeiraopreto.com.br\/index.php\/wp-json\/wp\/v2\/media\/69750"}],"wp:attachment":[{"href":"https:\/\/noticiasribeiraopreto.com.br\/index.php\/wp-json\/wp\/v2\/media?parent=69749"}],"wp:term":[{"taxonomy":"category","embeddable":true,"href":"https:\/\/noticiasribeiraopreto.com.br\/index.php\/wp-json\/wp\/v2\/categories?post=69749"},{"taxonomy":"post_tag","embeddable":true,"href":"https:\/\/noticiasribeiraopreto.com.br\/index.php\/wp-json\/wp\/v2\/tags?post=69749"}],"curies":[{"name":"wp","href":"https:\/\/api.w.org\/{rel}","templated":true}]}}