{"id":69751,"date":"2025-05-08T20:35:56","date_gmt":"2025-05-08T23:35:56","guid":{"rendered":"https:\/\/noticiasribeiraopreto.com.br\/index.php\/2025\/05\/08\/dia-d-de-vacinacao-contra-gripe-acontece-em-ribeirao-veja-quando-e-locais-para-se-vacinar\/"},"modified":"2025-05-08T20:35:56","modified_gmt":"2025-05-08T23:35:56","slug":"dia-d-de-vacinacao-contra-gripe-acontece-em-ribeirao-veja-quando-e-locais-para-se-vacinar","status":"publish","type":"post","link":"https:\/\/noticiasribeiraopreto.com.br\/index.php\/2025\/05\/08\/dia-d-de-vacinacao-contra-gripe-acontece-em-ribeirao-veja-quando-e-locais-para-se-vacinar\/","title":{"rendered":"&#8216;Dia D&#8217; de vacina\u00e7\u00e3o contra gripe acontece em Ribeir\u00e3o; Veja quando e locais para se vacinar"},"content":{"rendered":"<p> <br \/>\n<\/p>\n<div data-td-block-uid=\"tdi_95\">\n<div class=\"tdb-block-inner td-fix-index\">\n<p>O \u201c<strong>Dia D<\/strong>\u201d de vacina\u00e7\u00e3o<strong> contra gripe<\/strong> acontece neste s\u00e1bado (10), em <strong>Ribeir\u00e3o Preto<\/strong>, das 8h \u00e0s 16h30, em diferentes <strong>UBSs (Unidades B\u00e1sicas de Sa\u00fade)<\/strong> e <strong>UBDS (Unidade B\u00e1sica Distrital de Sa\u00fade)<\/strong> \u2013 veja abaixo.<\/p>\n<p>A a\u00e7\u00e3o faz parte da campanha nacional de <strong>imuniza\u00e7\u00e3o <\/strong><mark style=\"background-color:#fcb900\" class=\"has-inline-color\">e \u00e9 voltada a pessoas pertencentes aos <strong>grupos priorit\u00e1rios <\/strong>definidos pelo <strong>Minist\u00e9rio da Sa\u00fade<\/strong>.<\/mark><\/p>\n<p>De acordo com a <strong>Prefeitura de Ribeir\u00e3o Preto<\/strong>, neste ano foram aplicadas <strong>48.322 doses da vacina contra a gripe<\/strong> no munic\u00edpio. \u201cA meta \u00e9 ampliar a cobertura vacinal entre crian\u00e7as de 6 meses a menores de 6 anos, idosos, gestantes e pu\u00e9rperas\u201d.<\/p>\n<h2 class=\"wp-block-heading\"><strong>Quem pode tomar a vacina?<\/strong><\/h2>\n<p>De acordo com o <strong>Minist\u00e9rio da Sa\u00fade<\/strong>, a imuniza\u00e7\u00e3o \u00e9 recomendada para mais de 20 grupos priorit\u00e1rios, com foco especial em:<\/p>\n<ul class=\"wp-block-list\">\n<li>Popula\u00e7\u00e3o privada de liberdade e Adolescentes e jovens em medida socioeducativa e Funcion\u00e1rios do Sistemas Prisional<\/li>\n<li>Crian\u00e7as de 6 meses a menores de 6 anos<\/li>\n<li>Gestantes e pu\u00e9rperas<\/li>\n<li>Idosos com 60 anos ou mais<\/li>\n<li>Trabalhadores da sa\u00fade e professores das escolas p\u00fablicas e privadas<\/li>\n<li>Trabalhadores dos Correios<\/li>\n<li>Trabalhadores Portu\u00e1rios<\/li>\n<li>Povos ind\u00edgenas e quilombolas<\/li>\n<li>Pessoas com comorbidades, outras condi\u00e7\u00f5es especiais e defici\u00eancia permanente<\/li>\n<li>Caminhoneiros e trabalhadores do transporte coletivo<\/li>\n<li>Profissionais das For\u00e7as Armadas, seguran\u00e7a e salvamento<\/li>\n<li>Pessoas em situa\u00e7\u00e3o de rua<\/li>\n<\/ul>\n<p>Para receber a vacina, \u00e9 necess\u00e1rio <strong>apresentar documento pessoal <\/strong>e <strong>carteira de vacina\u00e7\u00e3o<\/strong>, caso possua, para o registro da dose recebida.<\/p>\n<h2 class=\"wp-block-heading\"><strong>Confira os locais para vacina\u00e7\u00e3o<\/strong><\/h2>\n<ul class=\"wp-block-list\">\n<li><strong>UBS CAMPOS EL\u00cdSEOS<\/strong> \u2013 Avenida da Saudade, 1.452<\/li>\n<li><strong>UBS RIBEIR\u00c3O VERDE<\/strong> \u2013 Rua Jo\u00e3o Toniolli, 3.461<\/li>\n<li><strong>UBS SIMIONI<\/strong> \u2013 Rua Ant\u00f4nio Augusto Carvalho, 672<\/li>\n<li><strong>UBS BONFIM PAULISTA<\/strong> \u2013 Rua Azarias Vieira de Almeida, 620<\/li>\n<li><strong>UBS SANTA CRUZ<\/strong> \u2013 Rua Triunfo, 1.070<\/li>\n<li><strong>UBS PARQUE RIBEIR\u00c3O PRETO<\/strong> \u2013 Rua Guy Saad Salom\u00e3o, 225<\/li>\n<li><strong>UBS VILA RECREIO<\/strong> \u2013 Rua Tabatinga, 320<\/li>\n<li><strong>UBDS CASTELO BRANCO<\/strong> \u2013 Rua Dom Luiz do Amaral Mousinho, 3.300<\/li>\n<\/ul>\n<hr class=\"wp-block-separator has-alpha-channel-opacity\"\/>\n<p>SAIBA MAIS<\/p>\n<p>Saiba a origem da avenida Le\u00e3o XIII em Ribeir\u00e3o Preto<\/p>\n<h4 class=\"wp-block-heading\"><strong>FIQUE ON<\/strong><\/h4>\n<p>Fique ligado em tudo que acontece em Ribeir\u00e3o Preto e regi\u00e3o. Siga os perfis do<strong>\u00a0acidade on\u00a0<\/strong>no\u00a0<a href=\"https:\/\/www.instagram.com\/acidadeonribeirao\">Instagram\u00a0<\/a>e no\u00a0<a href=\"https:\/\/www.facebook.com\/acidadeonribeirao\/\">Facebook<\/a>.<\/p>\n<p>Receba not\u00edcias do\u00a0<strong>acidade on\u00a0<\/strong>no WhatsApp.\u00a0<a href=\"https:\/\/chat.whatsapp.com\/BjKQZ9oJwlz8VVT50NuePq\">Para entrar no grupo, basta clicar aqui.<\/a><\/p>\n<p>Fa\u00e7a uma den\u00fancia ou sugira uma reportagem sobre Ribeir\u00e3o Preto e regi\u00e3o pelo WhatsApp: 16 99117 7802.<\/p>\n<p>VEJA TAMB\u00c9M<\/p>\n<p>Qual foi a carta que Rita Lee deixou para seus filhos?<\/p>\n<p><!-- CONTENT END 1 -->\n<\/div>\n<\/div>\n<p><script async src=\"\/\/www.instagram.com\/embed.js\"><\/script><br \/>\n<br \/><br \/>\n<br \/><a href=\"https:\/\/www.acidadeon.com\/ribeiraopreto\/cotidiano\/dia-d-de-vacinacao-contra-gripe-acontece-em-ribeirao-veja-quando-e-locais-para-se-vacinar\/\">Source link <\/a><\/p>\n","protected":false},"excerpt":{"rendered":"<p>O \u201cDia D\u201d de vacina\u00e7\u00e3o contra gripe acontece neste s\u00e1bado (10), em Ribeir\u00e3o Preto, das 8h \u00e0s 16h30, em diferentes UBSs (Unidades B\u00e1sicas de Sa\u00fade)&#8230;<\/p>\n","protected":false},"author":1,"featured_media":69752,"comment_status":"open","ping_status":"open","sticky":false,"template":"","format":"standard","meta":{"advanced_seo_description":"","jetpack_seo_html_title":"","jetpack_seo_noindex":false,"jetpack_post_was_ever_published":false,"_jetpack_newsletter_access":"","_jetpack_dont_email_post_to_subs":false,"_jetpack_newsletter_tier_id":0,"_jetpack_memberships_contains_paywalled_content":false,"_jetpack_memberships_contains_paid_content":false,"footnotes":"","jetpack_publicize_message":"","jetpack_publicize_feature_enabled":true,"jetpack_social_post_already_shared":true,"jetpack_social_options":{"image_generator_settings":{"template":"highway","default_image_id":0,"font":"","enabled":false},"version":2}},"categories":[11],"tags":[],"class_list":["post-69751","post","type-post","status-publish","format-standard","has-post-thumbnail","hentry","category-noticias-de-ribeirao-preto-sp-e-regiao-ismael-colosi"],"jetpack_publicize_connections":[],"jetpack_featured_media_url":"https:\/\/i0.wp.com\/noticiasribeiraopreto.com.br\/wp-content\/uploads\/2025\/05\/vacinacao_h1n1_-_foto_fernando_gonzaga_2_2025-05-08_20-40-07.webp.webp?fit=1200%2C800&ssl=1","jetpack-related-posts":[{"id":71461,"url":"https:\/\/noticiasribeiraopreto.com.br\/index.php\/2025\/06\/06\/dia-d-de-vacinacao-contra-a-gripe-acontece-neste-sabado-em-sertaozinho-veja-postos\/","url_meta":{"origin":69751,"position":0},"title":"Dia D de vacina\u00e7\u00e3o contra a gripe acontece neste s\u00e1bado em Sert\u00e3ozinho; Veja postos","author":"noticiasribeiraopreto.com.br","date":"6 de June de 2025","format":false,"excerpt":"A Secretaria de Sa\u00fade e da Vigil\u00e2ncia Epidemiol\u00f3gica de Sert\u00e3ozinho realizar\u00e1 neste s\u00e1bado (7) um \u201cDia D\u201d de vacina\u00e7\u00e3o contra a gripe para a popula\u00e7\u00e3o em geral, das 8h \u00e0s 13h. Para receber o imunizante, basta comparecer a uma das Unidades B\u00e1sicas de Sa\u00fade que participar\u00e3o da campanha e apresentar\u2026","rel":"","context":"In &quot;Not\u00edcias de Ribeir\u00e3o Preto-SP e Regi\u00e3o&quot;","block_context":{"text":"Not\u00edcias de Ribeir\u00e3o Preto-SP e Regi\u00e3o","link":"https:\/\/noticiasribeiraopreto.com.br\/index.php\/category\/noticias-de-ribeirao-preto-sp-e-regiao-ismael-colosi\/"},"img":{"alt_text":"","src":"https:\/\/i0.wp.com\/noticiasribeiraopreto.com.br\/wp-content\/uploads\/2025\/06\/vacina_contra_1024x576_08062021102306.jpg?fit=1024%2C575&ssl=1&resize=350%2C200","width":350,"height":200,"srcset":"https:\/\/i0.wp.com\/noticiasribeiraopreto.com.br\/wp-content\/uploads\/2025\/06\/vacina_contra_1024x576_08062021102306.jpg?fit=1024%2C575&ssl=1&resize=350%2C200 1x, https:\/\/i0.wp.com\/noticiasribeiraopreto.com.br\/wp-content\/uploads\/2025\/06\/vacina_contra_1024x576_08062021102306.jpg?fit=1024%2C575&ssl=1&resize=525%2C300 1.5x, https:\/\/i0.wp.com\/noticiasribeiraopreto.com.br\/wp-content\/uploads\/2025\/06\/vacina_contra_1024x576_08062021102306.jpg?fit=1024%2C575&ssl=1&resize=700%2C400 2x"},"classes":[]},{"id":70164,"url":"https:\/\/noticiasribeiraopreto.com.br\/index.php\/2025\/05\/23\/cinco-unidades-de-saude-abrem-neste-sabado-para-vacinacao-contra-a-gripe-em-ribeirao-preto\/","url_meta":{"origin":69751,"position":1},"title":"Cinco unidades de sa\u00fade abrem neste s\u00e1bado para vacina\u00e7\u00e3o contra a gripe em Ribeir\u00e3o Preto","author":"noticiasribeiraopreto.com.br","date":"23 de May de 2025","format":false,"excerpt":"Cinco unidades de sa\u00fade de Ribeir\u00e3o Preto estar\u00e3o abertas neste s\u00e1bado (24), das 8h \u00e0s 16h30, para uma a\u00e7\u00e3o especial de vacina\u00e7\u00e3o contra a gripe. A vacina est\u00e1 liberada para toda a popula\u00e7\u00e3o a partir dos 6 meses de idade. Veja as unidades que estar\u00e3o abertas neste s\u00e1bado: Rua Dom\u2026","rel":"","context":"In &quot;Not\u00edcias de Ribeir\u00e3o Preto-SP e Regi\u00e3o&quot;","block_context":{"text":"Not\u00edcias de Ribeir\u00e3o Preto-SP e Regi\u00e3o","link":"https:\/\/noticiasribeiraopreto.com.br\/index.php\/category\/noticias-de-ribeirao-preto-sp-e-regiao-ismael-colosi\/"},"img":{"alt_text":"","src":"https:\/\/i0.wp.com\/noticiasribeiraopreto.com.br\/wp-content\/uploads\/2025\/05\/vacina_contra_1024x576_08062021102306.jpg?fit=1024%2C575&ssl=1&resize=350%2C200","width":350,"height":200,"srcset":"https:\/\/i0.wp.com\/noticiasribeiraopreto.com.br\/wp-content\/uploads\/2025\/05\/vacina_contra_1024x576_08062021102306.jpg?fit=1024%2C575&ssl=1&resize=350%2C200 1x, https:\/\/i0.wp.com\/noticiasribeiraopreto.com.br\/wp-content\/uploads\/2025\/05\/vacina_contra_1024x576_08062021102306.jpg?fit=1024%2C575&ssl=1&resize=525%2C300 1.5x, https:\/\/i0.wp.com\/noticiasribeiraopreto.com.br\/wp-content\/uploads\/2025\/05\/vacina_contra_1024x576_08062021102306.jpg?fit=1024%2C575&ssl=1&resize=700%2C400 2x"},"classes":[]},{"id":70207,"url":"https:\/\/noticiasribeiraopreto.com.br\/index.php\/2025\/05\/23\/vacinacao-abre-postos-neste-sabado\/","url_meta":{"origin":69751,"position":2},"title":"Vacina\u00e7\u00e3o abre postos neste s\u00e1bado \u00a0","author":"noticiasribeiraopreto.com.br","date":"23 de May de 2025","format":false,"excerpt":"23 de maio de 2025 16:3023 de maio de 2025 09:019 Compartilhar0 A prefeitura de Ribeir\u00e3o Preto, por meio da Secretaria Municipal de Sa\u00fade, realiza neste s\u00e1bado, 24 e maio, a\u00e7\u00e3o especial de vacina\u00e7\u00e3o contra a gripe. Cinco unidades de sa\u00fade estar\u00e3o abertas das oito horas \u00e0s 16h30 para a\u2026","rel":"","context":"In &quot;Not\u00edcias de Ribeir\u00e3o Preto-SP e Regi\u00e3o&quot;","block_context":{"text":"Not\u00edcias de Ribeir\u00e3o Preto-SP e Regi\u00e3o","link":"https:\/\/noticiasribeiraopreto.com.br\/index.php\/category\/noticias-de-ribeirao-preto-sp-e-regiao-ismael-colosi\/"},"img":{"alt_text":"","src":"https:\/\/i0.wp.com\/noticiasribeiraopreto.com.br\/wp-content\/uploads\/2025\/05\/2021_06_08_-_vacinacao_comorbidades_-_foto_fernando_gonzaga_6.jpg?fit=1200%2C799&ssl=1&resize=350%2C200","width":350,"height":200,"srcset":"https:\/\/i0.wp.com\/noticiasribeiraopreto.com.br\/wp-content\/uploads\/2025\/05\/2021_06_08_-_vacinacao_comorbidades_-_foto_fernando_gonzaga_6.jpg?fit=1200%2C799&ssl=1&resize=350%2C200 1x, https:\/\/i0.wp.com\/noticiasribeiraopreto.com.br\/wp-content\/uploads\/2025\/05\/2021_06_08_-_vacinacao_comorbidades_-_foto_fernando_gonzaga_6.jpg?fit=1200%2C799&ssl=1&resize=525%2C300 1.5x, https:\/\/i0.wp.com\/noticiasribeiraopreto.com.br\/wp-content\/uploads\/2025\/05\/2021_06_08_-_vacinacao_comorbidades_-_foto_fernando_gonzaga_6.jpg?fit=1200%2C799&ssl=1&resize=700%2C400 2x, https:\/\/i0.wp.com\/noticiasribeiraopreto.com.br\/wp-content\/uploads\/2025\/05\/2021_06_08_-_vacinacao_comorbidades_-_foto_fernando_gonzaga_6.jpg?fit=1200%2C799&ssl=1&resize=1050%2C600 3x"},"classes":[]},{"id":65603,"url":"https:\/\/noticiasribeiraopreto.com.br\/index.php\/2025\/03\/21\/campanha-nacional-de-vacinacao-contra-a-gripe-comeca-em-7-de-abril\/","url_meta":{"origin":69751,"position":3},"title":"Campanha Nacional de Vacina\u00e7\u00e3o contra a Gripe Come\u00e7a em 7 de Abril","author":"noticiasribeiraopreto.com.br","date":"21 de March de 2025","format":false,"excerpt":"O Minist\u00e9rio da Sa\u00fade anunciou que a Campanha Nacional de Vacina\u00e7\u00e3o contra a Gripe ter\u00e1 in\u00edcio no dia 7 de abril em todo o pa\u00eds. A iniciativa busca imunizar milh\u00f5es de brasileiros contra o v\u00edrus Influenza, prevenindo complica\u00e7\u00f5es respirat\u00f3rias e reduzindo a sobrecarga no sistema de sa\u00fade. A campanha ser\u00e1\u2026","rel":"","context":"In &quot;Not\u00edcias de Ribeir\u00e3o Preto-SP e Regi\u00e3o&quot;","block_context":{"text":"Not\u00edcias de Ribeir\u00e3o Preto-SP e Regi\u00e3o","link":"https:\/\/noticiasribeiraopreto.com.br\/index.php\/category\/noticias-de-ribeirao-preto-sp-e-regiao-ismael-colosi\/"},"img":{"alt_text":"","src":"https:\/\/i0.wp.com\/noticiasribeiraopreto.com.br\/wp-content\/uploads\/2025\/03\/41610170502_a63f103d7f_o.webp.webp?fit=1170%2C700&ssl=1&resize=350%2C200","width":350,"height":200,"srcset":"https:\/\/i0.wp.com\/noticiasribeiraopreto.com.br\/wp-content\/uploads\/2025\/03\/41610170502_a63f103d7f_o.webp.webp?fit=1170%2C700&ssl=1&resize=350%2C200 1x, https:\/\/i0.wp.com\/noticiasribeiraopreto.com.br\/wp-content\/uploads\/2025\/03\/41610170502_a63f103d7f_o.webp.webp?fit=1170%2C700&ssl=1&resize=525%2C300 1.5x, https:\/\/i0.wp.com\/noticiasribeiraopreto.com.br\/wp-content\/uploads\/2025\/03\/41610170502_a63f103d7f_o.webp.webp?fit=1170%2C700&ssl=1&resize=700%2C400 2x, https:\/\/i0.wp.com\/noticiasribeiraopreto.com.br\/wp-content\/uploads\/2025\/03\/41610170502_a63f103d7f_o.webp.webp?fit=1170%2C700&ssl=1&resize=1050%2C600 3x"},"classes":[]},{"id":43976,"url":"https:\/\/noticiasribeiraopreto.com.br\/index.php\/2024\/03\/25\/saude-abre-vacinacao-contra-a-gripe\/","url_meta":{"origin":69751,"position":4},"title":"Sa\u00fade abre vacina\u00e7\u00e3o contra a gripe \u00a0","author":"noticiasribeiraopreto.com.br","date":"25 de March de 2024","format":false,"excerpt":"A Secretaria Municipal da Sa\u00fade inicia nesta segunda-feira, 25 de mar\u00e7o, a Campanha de Vacina\u00e7\u00e3o contra a Influenza (gripe). O objetivo \u00e9 reduzir a transmiss\u00e3o da doen\u00e7a e, principalmente, evitar casos graves e \u00f3bitos. Ribeir\u00e3o Preto vai disponibilizar \u00e1 popula\u00e7\u00e3o\u00a0 36 salas de vacina que funcionam em hor\u00e1rios distintos. A\u2026","rel":"","context":"In &quot;Not\u00edcias de Ribeir\u00e3o Preto-SP e Regi\u00e3o&quot;","block_context":{"text":"Not\u00edcias de Ribeir\u00e3o Preto-SP e Regi\u00e3o","link":"https:\/\/noticiasribeiraopreto.com.br\/index.php\/category\/noticias-de-ribeirao-preto-sp-e-regiao-ismael-colosi\/"},"img":{"alt_text":"","src":"https:\/\/i0.wp.com\/noticiasribeiraopreto.com.br\/wp-content\/uploads\/2024\/03\/GripeRP-Marcelo-Camargo-Ag.Br_.-1.jpg?fit=1170%2C700&ssl=1&resize=350%2C200","width":350,"height":200,"srcset":"https:\/\/i0.wp.com\/noticiasribeiraopreto.com.br\/wp-content\/uploads\/2024\/03\/GripeRP-Marcelo-Camargo-Ag.Br_.-1.jpg?fit=1170%2C700&ssl=1&resize=350%2C200 1x, https:\/\/i0.wp.com\/noticiasribeiraopreto.com.br\/wp-content\/uploads\/2024\/03\/GripeRP-Marcelo-Camargo-Ag.Br_.-1.jpg?fit=1170%2C700&ssl=1&resize=525%2C300 1.5x, https:\/\/i0.wp.com\/noticiasribeiraopreto.com.br\/wp-content\/uploads\/2024\/03\/GripeRP-Marcelo-Camargo-Ag.Br_.-1.jpg?fit=1170%2C700&ssl=1&resize=700%2C400 2x, https:\/\/i0.wp.com\/noticiasribeiraopreto.com.br\/wp-content\/uploads\/2024\/03\/GripeRP-Marcelo-Camargo-Ag.Br_.-1.jpg?fit=1170%2C700&ssl=1&resize=1050%2C600 3x"},"classes":[]},{"id":69815,"url":"https:\/\/noticiasribeiraopreto.com.br\/index.php\/2025\/05\/09\/amanha-tem-dia-d-de-vacinacao\/","url_meta":{"origin":69751,"position":5},"title":"Amanh\u00e3 tem Dia D de vacina\u00e7\u00e3o\u00a0","author":"noticiasribeiraopreto.com.br","date":"9 de May de 2025","format":false,"excerpt":"9 de maio de 2025 13:309 de maio de 2025 09:1610 Compartilhar0 A Secretaria Municipal da Sa\u00fade promove neste s\u00e1bado, 10 de maio, o Dia D de Vacina\u00e7\u00e3o Contra a Gripe como parte da campanha nacional de imuniza\u00e7\u00e3o. A a\u00e7\u00e3o ocorrer\u00e1 das oito horas \u00e0s 16h30 e \u00e9 voltada \u00e0s\u2026","rel":"","context":"In &quot;Not\u00edcias de Ribeir\u00e3o Preto-SP e Regi\u00e3o&quot;","block_context":{"text":"Not\u00edcias de Ribeir\u00e3o Preto-SP e Regi\u00e3o","link":"https:\/\/noticiasribeiraopreto.com.br\/index.php\/category\/noticias-de-ribeirao-preto-sp-e-regiao-ismael-colosi\/"},"img":{"alt_text":"","src":"https:\/\/i0.wp.com\/noticiasribeiraopreto.com.br\/wp-content\/uploads\/2025\/05\/GripeRP-Marcelo-Camargo-Ag.Br_.-2.jpg?fit=1170%2C700&ssl=1&resize=350%2C200","width":350,"height":200,"srcset":"https:\/\/i0.wp.com\/noticiasribeiraopreto.com.br\/wp-content\/uploads\/2025\/05\/GripeRP-Marcelo-Camargo-Ag.Br_.-2.jpg?fit=1170%2C700&ssl=1&resize=350%2C200 1x, https:\/\/i0.wp.com\/noticiasribeiraopreto.com.br\/wp-content\/uploads\/2025\/05\/GripeRP-Marcelo-Camargo-Ag.Br_.-2.jpg?fit=1170%2C700&ssl=1&resize=525%2C300 1.5x, https:\/\/i0.wp.com\/noticiasribeiraopreto.com.br\/wp-content\/uploads\/2025\/05\/GripeRP-Marcelo-Camargo-Ag.Br_.-2.jpg?fit=1170%2C700&ssl=1&resize=700%2C400 2x, https:\/\/i0.wp.com\/noticiasribeiraopreto.com.br\/wp-content\/uploads\/2025\/05\/GripeRP-Marcelo-Camargo-Ag.Br_.-2.jpg?fit=1170%2C700&ssl=1&resize=1050%2C600 3x"},"classes":[]}],"jetpack_sharing_enabled":true,"jetpack_shortlink":"https:\/\/wp.me\/peQAOb-i91","_links":{"self":[{"href":"https:\/\/noticiasribeiraopreto.com.br\/index.php\/wp-json\/wp\/v2\/posts\/69751","targetHints":{"allow":["GET"]}}],"collection":[{"href":"https:\/\/noticiasribeiraopreto.com.br\/index.php\/wp-json\/wp\/v2\/posts"}],"about":[{"href":"https:\/\/noticiasribeiraopreto.com.br\/index.php\/wp-json\/wp\/v2\/types\/post"}],"author":[{"embeddable":true,"href":"https:\/\/noticiasribeiraopreto.com.br\/index.php\/wp-json\/wp\/v2\/users\/1"}],"replies":[{"embeddable":true,"href":"https:\/\/noticiasribeiraopreto.com.br\/index.php\/wp-json\/wp\/v2\/comments?post=69751"}],"version-history":[{"count":0,"href":"https:\/\/noticiasribeiraopreto.com.br\/index.php\/wp-json\/wp\/v2\/posts\/69751\/revisions"}],"wp:featuredmedia":[{"embeddable":true,"href":"https:\/\/noticiasribeiraopreto.com.br\/index.php\/wp-json\/wp\/v2\/media\/69752"}],"wp:attachment":[{"href":"https:\/\/noticiasribeiraopreto.com.br\/index.php\/wp-json\/wp\/v2\/media?parent=69751"}],"wp:term":[{"taxonomy":"category","embeddable":true,"href":"https:\/\/noticiasribeiraopreto.com.br\/index.php\/wp-json\/wp\/v2\/categories?post=69751"},{"taxonomy":"post_tag","embeddable":true,"href":"https:\/\/noticiasribeiraopreto.com.br\/index.php\/wp-json\/wp\/v2\/tags?post=69751"}],"curies":[{"name":"wp","href":"https:\/\/api.w.org\/{rel}","templated":true}]}}