{"id":69753,"date":"2025-05-08T20:45:37","date_gmt":"2025-05-08T23:45:37","guid":{"rendered":"https:\/\/noticiasribeiraopreto.com.br\/index.php\/2025\/05\/08\/exposicao-em-ribeirao-preto-explora-a-integracao-entre-natureza-e-arquitetura\/"},"modified":"2025-05-08T20:45:37","modified_gmt":"2025-05-08T23:45:37","slug":"exposicao-em-ribeirao-preto-explora-a-integracao-entre-natureza-e-arquitetura","status":"publish","type":"post","link":"https:\/\/noticiasribeiraopreto.com.br\/index.php\/2025\/05\/08\/exposicao-em-ribeirao-preto-explora-a-integracao-entre-natureza-e-arquitetura\/","title":{"rendered":"Exposi\u00e7\u00e3o em Ribeir\u00e3o Preto explora a integra\u00e7\u00e3o entre natureza e arquitetura"},"content":{"rendered":"<p> <br \/>\n<\/p>\n<div data-td-block-uid=\"tdi_95\">\n<div class=\"tdb-block-inner td-fix-index\">\n<p>A exposi\u00e7\u00e3o <strong>\u201cAtrav\u00e9s do meu olhar\u201d<\/strong>, do ilustrador e artista visual Isisson de Oliveira, explora a integra\u00e7\u00e3o entre a natureza e a arquitetura. A abertura acontece nesta quinta-feira (8), a partir das 18h, no <strong>Espa\u00e7o Cultural do IEA-RP<\/strong>, no campus da <strong>USP (Universidade de S\u00e3o Paulo)<\/strong>, em <strong>Ribeir\u00e3o Preto<\/strong>.<\/p>\n<p>O artista convida o p\u00fablico a explorar o mundo sob sua perspectiva, que encontra inspira\u00e7\u00e3o na harmonia da natureza e na complexidade da arquitetura.<\/p>\n<p>\u201cAs curvas das paisagens naturais se entrela\u00e7am com as linhas precisas das constru\u00e7\u00f5es humanas, criando composi\u00e7\u00f5es que equilibram suavidade, rigidez, simplicidade e profundidade\u201d, informa.<\/p>\n<p><mark style=\"background-color:#fcb900\" class=\"has-inline-color has-black-color\">A visita\u00e7\u00e3o ser\u00e1 aberta ao p\u00fablico no per\u00edodo entre 9 de maio e 6 de junho<\/mark>, de segunda a sexta-feira, das 8h30 \u00e0s 16h30. A entrada \u00e9 gratuita.<\/p>\n<p>O Espa\u00e7o Cultural do IEA-RP fica na rua Pedreira de Freitas, na casa 20, dentro do campus da USP Ribeir\u00e3o Preto, que fica na avenida Bandeirantes, 3.900, no Monte Alegre.<\/p>\n<p>SAIBA MAIS<br \/>Ribeir\u00e3o Preto \u00e9 a 58\u00aa cidade mais desenvolvida do Brasil; Veja ranking da Firjan<\/p>\n<h2 class=\"wp-block-heading\"><strong>FIQUE ON<\/strong><\/h2>\n<p>Fique ligado em tudo que acontece em Ribeir\u00e3o Preto e regi\u00e3o. Siga os perfis do<strong>\u00a0acidade on\u00a0<\/strong>no<a href=\"https:\/\/www.instagram.com\/acidadeonribeirao\">\u00a0Instagram<\/a>\u00a0e no\u00a0<a href=\"https:\/\/www.facebook.com\/acidadeonribeirao\/\">Facebook<\/a>.<\/p>\n<p>Receba not\u00edcias do\u00a0<strong>acidade on\u00a0<\/strong>no WhatsApp.<a href=\"https:\/\/chat.whatsapp.com\/BjKQZ9oJwlz8VVT50NuePq\">\u00a0Para entrar no grupo, basta clicar aqui.<\/a><\/p>\n<p>Fa\u00e7a uma den\u00fancia ou sugira uma reportagem sobre Ribeir\u00e3o Preto e regi\u00e3o pelo WhatsApp: 16 99117 7802.<\/p>\n<p>VEJA TAMB\u00c9M<br \/>Teve tornado no litoral de SP? Veja v\u00eddeo<\/p>\n<p><!-- CONTENT END 1 -->\n<\/div>\n<\/div>\n<p><script async src=\"\/\/www.instagram.com\/embed.js\"><\/script><br \/>\n<br \/><br \/>\n<br \/><a href=\"https:\/\/www.acidadeon.com\/ribeiraopreto\/lazer-e-cultura\/exposicao-em-ribeirao-preto-explora-a-integracao-entre-natureza-e-arquitetura\/\">Source link <\/a><\/p>\n","protected":false},"excerpt":{"rendered":"<p>A exposi\u00e7\u00e3o \u201cAtrav\u00e9s do meu olhar\u201d, do ilustrador e artista visual Isisson de Oliveira, explora a integra\u00e7\u00e3o entre a natureza e a arquitetura. A abertura&#8230;<\/p>\n","protected":false},"author":1,"featured_media":69754,"comment_status":"open","ping_status":"open","sticky":false,"template":"","format":"standard","meta":{"advanced_seo_description":"","jetpack_seo_html_title":"","jetpack_seo_noindex":false,"jetpack_post_was_ever_published":false,"_jetpack_newsletter_access":"","_jetpack_dont_email_post_to_subs":false,"_jetpack_newsletter_tier_id":0,"_jetpack_memberships_contains_paywalled_content":false,"_jetpack_memberships_contains_paid_content":false,"footnotes":"","jetpack_publicize_message":"","jetpack_publicize_feature_enabled":true,"jetpack_social_post_already_shared":true,"jetpack_social_options":{"image_generator_settings":{"template":"highway","default_image_id":0,"font":"","enabled":false},"version":2}},"categories":[11],"tags":[],"class_list":["post-69753","post","type-post","status-publish","format-standard","has-post-thumbnail","hentry","category-noticias-de-ribeirao-preto-sp-e-regiao-ismael-colosi"],"jetpack_publicize_connections":[],"jetpack_featured_media_url":"https:\/\/i0.wp.com\/noticiasribeiraopreto.com.br\/wp-content\/uploads\/2025\/05\/atraves_2025-05-08_20-21-46.webp.webp?fit=1200%2C895&ssl=1","jetpack-related-posts":[{"id":65876,"url":"https:\/\/noticiasribeiraopreto.com.br\/index.php\/2025\/03\/25\/casacor-revela-sede-da-proxima-edicao-em-ribeirao-preto-confira\/","url_meta":{"origin":69753,"position":0},"title":"Casacor revela sede da pr\u00f3xima edi\u00e7\u00e3o em Ribeir\u00e3o Preto; Confira","author":"noticiasribeiraopreto.com.br","date":"25 de March de 2025","format":false,"excerpt":"A Casacor Ribeir\u00e3o Preto divulgou nesta ter\u00e7a-feira (25) o im\u00f3vel que sediar\u00e1 a 7\u00aa edi\u00e7\u00e3o. O evento est\u00e1 previsto para acontecer entre os dias 19 de agosto e 12 de outubro, no bairro Alto da Boa Vista, na zona Sul de Ribeir\u00e3o Preto. As casas est\u00e3o localizadas na avenida Anhanguera,\u2026","rel":"","context":"In &quot;Not\u00edcias de Ribeir\u00e3o Preto-SP e Regi\u00e3o&quot;","block_context":{"text":"Not\u00edcias de Ribeir\u00e3o Preto-SP e Regi\u00e3o","link":"https:\/\/noticiasribeiraopreto.com.br\/index.php\/category\/noticias-de-ribeirao-preto-sp-e-regiao-ismael-colosi\/"},"img":{"alt_text":"","src":"https:\/\/i0.wp.com\/noticiasribeiraopreto.com.br\/wp-content\/uploads\/2025\/03\/Copia-de-Copia-de-Copia-de-TAMANHO-EXATO-PARA-FOTOS-NO-SISTEMA-NOVO-34_2025-03-25_16-30-11_jpg_2025-03-25_16-30-11.webp.webp?fit=1200%2C675&ssl=1&resize=350%2C200","width":350,"height":200,"srcset":"https:\/\/i0.wp.com\/noticiasribeiraopreto.com.br\/wp-content\/uploads\/2025\/03\/Copia-de-Copia-de-Copia-de-TAMANHO-EXATO-PARA-FOTOS-NO-SISTEMA-NOVO-34_2025-03-25_16-30-11_jpg_2025-03-25_16-30-11.webp.webp?fit=1200%2C675&ssl=1&resize=350%2C200 1x, https:\/\/i0.wp.com\/noticiasribeiraopreto.com.br\/wp-content\/uploads\/2025\/03\/Copia-de-Copia-de-Copia-de-TAMANHO-EXATO-PARA-FOTOS-NO-SISTEMA-NOVO-34_2025-03-25_16-30-11_jpg_2025-03-25_16-30-11.webp.webp?fit=1200%2C675&ssl=1&resize=525%2C300 1.5x, https:\/\/i0.wp.com\/noticiasribeiraopreto.com.br\/wp-content\/uploads\/2025\/03\/Copia-de-Copia-de-Copia-de-TAMANHO-EXATO-PARA-FOTOS-NO-SISTEMA-NOVO-34_2025-03-25_16-30-11_jpg_2025-03-25_16-30-11.webp.webp?fit=1200%2C675&ssl=1&resize=700%2C400 2x, https:\/\/i0.wp.com\/noticiasribeiraopreto.com.br\/wp-content\/uploads\/2025\/03\/Copia-de-Copia-de-Copia-de-TAMANHO-EXATO-PARA-FOTOS-NO-SISTEMA-NOVO-34_2025-03-25_16-30-11_jpg_2025-03-25_16-30-11.webp.webp?fit=1200%2C675&ssl=1&resize=1050%2C600 3x"},"classes":[]},{"id":73549,"url":"https:\/\/noticiasribeiraopreto.com.br\/index.php\/2025\/07\/04\/casacor-antecipa-programacao-e-inaugura-exposicao-gratuita-em-ribeirao-preto\/","url_meta":{"origin":69753,"position":1},"title":"Casacor antecipa programa\u00e7\u00e3o e inaugura exposi\u00e7\u00e3o gratuita em Ribeir\u00e3o Preto","author":"noticiasribeiraopreto.com.br","date":"4 de July de 2025","format":false,"excerpt":"A 7\u00aa edi\u00e7\u00e3o da Casacor Ribeir\u00e3o Preto ainda n\u00e3o come\u00e7ou oficialmente, contudo, j\u00e1 movimenta o cen\u00e1rio cultural do munic\u00edpio. Como parte das a\u00e7\u00f5es que antecedem o evento, a exposi\u00e7\u00e3o \u201cCaminho se conhece andando\u201d segue acontecendo no lobby do Hotel Tryp, localizado no Jardim Nova Alian\u00e7a. A visita\u00e7\u00e3o \u00e9 gratuita e\u2026","rel":"","context":"In &quot;Not\u00edcias de Ribeir\u00e3o Preto-SP e Regi\u00e3o&quot;","block_context":{"text":"Not\u00edcias de Ribeir\u00e3o Preto-SP e Regi\u00e3o","link":"https:\/\/noticiasribeiraopreto.com.br\/index.php\/category\/noticias-de-ribeirao-preto-sp-e-regiao-ismael-colosi\/"},"img":{"alt_text":"","src":"https:\/\/i0.wp.com\/noticiasribeiraopreto.com.br\/wp-content\/uploads\/2025\/07\/Copia-de-Copia-de-Copia-de-TAMANHO-EXATO-PARA-FOTOS-NO-SISTEMA-NOVO-2025-07-04T111912.635_2025-07-04_14-19-19.webp.webp?fit=1200%2C675&ssl=1&resize=350%2C200","width":350,"height":200,"srcset":"https:\/\/i0.wp.com\/noticiasribeiraopreto.com.br\/wp-content\/uploads\/2025\/07\/Copia-de-Copia-de-Copia-de-TAMANHO-EXATO-PARA-FOTOS-NO-SISTEMA-NOVO-2025-07-04T111912.635_2025-07-04_14-19-19.webp.webp?fit=1200%2C675&ssl=1&resize=350%2C200 1x, https:\/\/i0.wp.com\/noticiasribeiraopreto.com.br\/wp-content\/uploads\/2025\/07\/Copia-de-Copia-de-Copia-de-TAMANHO-EXATO-PARA-FOTOS-NO-SISTEMA-NOVO-2025-07-04T111912.635_2025-07-04_14-19-19.webp.webp?fit=1200%2C675&ssl=1&resize=525%2C300 1.5x, https:\/\/i0.wp.com\/noticiasribeiraopreto.com.br\/wp-content\/uploads\/2025\/07\/Copia-de-Copia-de-Copia-de-TAMANHO-EXATO-PARA-FOTOS-NO-SISTEMA-NOVO-2025-07-04T111912.635_2025-07-04_14-19-19.webp.webp?fit=1200%2C675&ssl=1&resize=700%2C400 2x, https:\/\/i0.wp.com\/noticiasribeiraopreto.com.br\/wp-content\/uploads\/2025\/07\/Copia-de-Copia-de-Copia-de-TAMANHO-EXATO-PARA-FOTOS-NO-SISTEMA-NOVO-2025-07-04T111912.635_2025-07-04_14-19-19.webp.webp?fit=1200%2C675&ssl=1&resize=1050%2C600 3x"},"classes":[]},{"id":29202,"url":"https:\/\/noticiasribeiraopreto.com.br\/index.php\/2024\/01\/17\/bosque-zoologico-de-ribeirao-tem-evento-especial-de-ferias-confira-a-programacao\/","url_meta":{"origin":69753,"position":2},"title":"Bosque Zool\u00f3gico de Ribeir\u00e3o tem evento especial de f\u00e9rias; Confira a programa\u00e7\u00e3o","author":"noticiasribeiraopreto.com.br","date":"17 de January de 2024","format":false,"excerpt":"O Bosque Zool\u00f3gico F\u00e1bio Barreto recebe, nos dias 20 e 27 de janeiro, das 9h \u00e0s 16h30, uma programa\u00e7\u00e3o especial de f\u00e9rias. O grupo \u201cComo \u00c1rvores\u201d realizar\u00e1 oficinas educativas, com o objetivo de conscientizar os visitantes do local sobre a import\u00e2ncia da preserva\u00e7\u00e3o do meio ambiente. De acordo com a\u2026","rel":"","context":"In &quot;Not\u00edcias de Ribeir\u00e3o Preto-SP e Regi\u00e3o&quot;","block_context":{"text":"Not\u00edcias de Ribeir\u00e3o Preto-SP e Regi\u00e3o","link":"https:\/\/noticiasribeiraopreto.com.br\/index.php\/category\/noticias-de-ribeirao-preto-sp-e-regiao-ismael-colosi\/"},"img":{"alt_text":"","src":"https:\/\/i0.wp.com\/noticiasribeiraopreto.com.br\/wp-content\/uploads\/2024\/01\/obras_bosque_-_foto_guilherme_sircili_30-1068x712-1.jpg?fit=1068%2C712&ssl=1&resize=350%2C200","width":350,"height":200,"srcset":"https:\/\/i0.wp.com\/noticiasribeiraopreto.com.br\/wp-content\/uploads\/2024\/01\/obras_bosque_-_foto_guilherme_sircili_30-1068x712-1.jpg?fit=1068%2C712&ssl=1&resize=350%2C200 1x, https:\/\/i0.wp.com\/noticiasribeiraopreto.com.br\/wp-content\/uploads\/2024\/01\/obras_bosque_-_foto_guilherme_sircili_30-1068x712-1.jpg?fit=1068%2C712&ssl=1&resize=525%2C300 1.5x, https:\/\/i0.wp.com\/noticiasribeiraopreto.com.br\/wp-content\/uploads\/2024\/01\/obras_bosque_-_foto_guilherme_sircili_30-1068x712-1.jpg?fit=1068%2C712&ssl=1&resize=700%2C400 2x, https:\/\/i0.wp.com\/noticiasribeiraopreto.com.br\/wp-content\/uploads\/2024\/01\/obras_bosque_-_foto_guilherme_sircili_30-1068x712-1.jpg?fit=1068%2C712&ssl=1&resize=1050%2C600 3x"},"classes":[]},{"id":69801,"url":"https:\/\/noticiasribeiraopreto.com.br\/index.php\/2025\/05\/09\/festival-de-circo-musicais-e-feira-de-artesanato-veja-as-opcoes-para-curtir-o-fim-de-semana-em-ribeirao-e-regiao\/","url_meta":{"origin":69753,"position":3},"title":"Festival de circo, musicais e feira de artesanato: Veja as op\u00e7\u00f5es para curtir o fim de semana em Ribeir\u00e3o e regi\u00e3o","author":"noticiasribeiraopreto.com.br","date":"9 de May de 2025","format":false,"excerpt":"A regi\u00e3o de Ribeir\u00e3o Preto conta com diversas atividades pagas e gratuitas para aproveitar o fim de semana. Os destaques da agenda cultural s\u00e3o: a primeira edi\u00e7\u00e3o do Festival Internacional de Circo de Ribeir\u00e3o Preto, a Feira do Livro de Guar\u00e1 e cinema gratuito.\u00a0Confira o que acontece no fim de\u2026","rel":"","context":"In &quot;Not\u00edcias de Ribeir\u00e3o Preto-SP e Regi\u00e3o&quot;","block_context":{"text":"Not\u00edcias de Ribeir\u00e3o Preto-SP e Regi\u00e3o","link":"https:\/\/noticiasribeiraopreto.com.br\/index.php\/category\/noticias-de-ribeirao-preto-sp-e-regiao-ismael-colosi\/"},"img":{"alt_text":"","src":"https:\/\/i0.wp.com\/noticiasribeiraopreto.com.br\/wp-content\/uploads\/2025\/05\/festival-de-circo_2025-05-09_13-09-33.webp.webp?fit=1200%2C900&ssl=1&resize=350%2C200","width":350,"height":200,"srcset":"https:\/\/i0.wp.com\/noticiasribeiraopreto.com.br\/wp-content\/uploads\/2025\/05\/festival-de-circo_2025-05-09_13-09-33.webp.webp?fit=1200%2C900&ssl=1&resize=350%2C200 1x, https:\/\/i0.wp.com\/noticiasribeiraopreto.com.br\/wp-content\/uploads\/2025\/05\/festival-de-circo_2025-05-09_13-09-33.webp.webp?fit=1200%2C900&ssl=1&resize=525%2C300 1.5x, https:\/\/i0.wp.com\/noticiasribeiraopreto.com.br\/wp-content\/uploads\/2025\/05\/festival-de-circo_2025-05-09_13-09-33.webp.webp?fit=1200%2C900&ssl=1&resize=700%2C400 2x, https:\/\/i0.wp.com\/noticiasribeiraopreto.com.br\/wp-content\/uploads\/2025\/05\/festival-de-circo_2025-05-09_13-09-33.webp.webp?fit=1200%2C900&ssl=1&resize=1050%2C600 3x"},"classes":[]},{"id":71481,"url":"https:\/\/noticiasribeiraopreto.com.br\/index.php\/2025\/06\/06\/ilusionismo-teatro-e-exposicao-de-orquideas-veja-a-programacao-do-fim-de-semana-em-ribeirao-preto\/","url_meta":{"origin":69753,"position":4},"title":"Ilusionismo, teatro e exposi\u00e7\u00e3o de orqu\u00eddeas: Veja a programa\u00e7\u00e3o do fim de semana em Ribeir\u00e3o Preto","author":"noticiasribeiraopreto.com.br","date":"6 de June de 2025","format":false,"excerpt":"O fim de semana em Ribeir\u00e3o Preto chegou e, para quem deseja aproveitar com amigos e fam\u00edlias, a cidade conta com diversas op\u00e7\u00f5es culturais. Entre as atra\u00e7\u00f5es est\u00e3o o espet\u00e1culo da dupla de ilusionistas Henry e Klauss, a pe\u00e7a \u201cDois de N\u00f3s\u201d, com Antonio Fagundes e Christiane Torloni, e a\u2026","rel":"","context":"In &quot;Not\u00edcias de Ribeir\u00e3o Preto-SP e Regi\u00e3o&quot;","block_context":{"text":"Not\u00edcias de Ribeir\u00e3o Preto-SP e Regi\u00e3o","link":"https:\/\/noticiasribeiraopreto.com.br\/index.php\/category\/noticias-de-ribeirao-preto-sp-e-regiao-ismael-colosi\/"},"img":{"alt_text":"","src":"https:\/\/i0.wp.com\/noticiasribeiraopreto.com.br\/wp-content\/uploads\/2025\/03\/IMG-20250213-WA0081_2025-03-10_12-08-58_jpg_2025-03-10_12-08-58.webp.webp?fit=1200%2C758&ssl=1&resize=350%2C200","width":350,"height":200,"srcset":"https:\/\/i0.wp.com\/noticiasribeiraopreto.com.br\/wp-content\/uploads\/2025\/03\/IMG-20250213-WA0081_2025-03-10_12-08-58_jpg_2025-03-10_12-08-58.webp.webp?fit=1200%2C758&ssl=1&resize=350%2C200 1x, https:\/\/i0.wp.com\/noticiasribeiraopreto.com.br\/wp-content\/uploads\/2025\/03\/IMG-20250213-WA0081_2025-03-10_12-08-58_jpg_2025-03-10_12-08-58.webp.webp?fit=1200%2C758&ssl=1&resize=525%2C300 1.5x, https:\/\/i0.wp.com\/noticiasribeiraopreto.com.br\/wp-content\/uploads\/2025\/03\/IMG-20250213-WA0081_2025-03-10_12-08-58_jpg_2025-03-10_12-08-58.webp.webp?fit=1200%2C758&ssl=1&resize=700%2C400 2x, https:\/\/i0.wp.com\/noticiasribeiraopreto.com.br\/wp-content\/uploads\/2025\/03\/IMG-20250213-WA0081_2025-03-10_12-08-58_jpg_2025-03-10_12-08-58.webp.webp?fit=1200%2C758&ssl=1&resize=1050%2C600 3x"},"classes":[]},{"id":77300,"url":"https:\/\/noticiasribeiraopreto.com.br\/index.php\/2025\/09\/15\/ribeirao-recebe-semana-de-arquitetura-e-urbanismo-da-aeaarp-veja-a-programacao\/","url_meta":{"origin":69753,"position":5},"title":"Ribeir\u00e3o recebe Semana de Arquitetura e Urbanismo da AEAARP; Veja a programa\u00e7\u00e3o","author":"noticiasribeiraopreto.com.br","date":"15 de September de 2025","format":false,"excerpt":"Ribeir\u00e3o Preto recebe a 16\u00aa Semana de Arquitetura e Urbanismo da AEAARP (Associa\u00e7\u00e3o de Engenharia, Arquitetura e Agronomia de Ribeir\u00e3o Preto) a partir desta ter\u00e7a-feira (16). Os encontros acontecem na sede da institui\u00e7\u00e3o. O evento vai reunir palestras que abordam o futuro da arquitetura, os impactos da tecnologia, as tend\u00eancias\u2026","rel":"","context":"In &quot;Not\u00edcias de Ribeir\u00e3o Preto-SP e Regi\u00e3o&quot;","block_context":{"text":"Not\u00edcias de Ribeir\u00e3o Preto-SP e Regi\u00e3o","link":"https:\/\/noticiasribeiraopreto.com.br\/index.php\/category\/noticias-de-ribeirao-preto-sp-e-regiao-ismael-colosi\/"},"img":{"alt_text":"","src":"https:\/\/i0.wp.com\/noticiasribeiraopreto.com.br\/wp-content\/uploads\/2025\/09\/Semana-de-Arquitetura-da-AEAARP_2025-09-15_20-48-04.webp.webp?fit=1200%2C800&ssl=1&resize=350%2C200","width":350,"height":200,"srcset":"https:\/\/i0.wp.com\/noticiasribeiraopreto.com.br\/wp-content\/uploads\/2025\/09\/Semana-de-Arquitetura-da-AEAARP_2025-09-15_20-48-04.webp.webp?fit=1200%2C800&ssl=1&resize=350%2C200 1x, https:\/\/i0.wp.com\/noticiasribeiraopreto.com.br\/wp-content\/uploads\/2025\/09\/Semana-de-Arquitetura-da-AEAARP_2025-09-15_20-48-04.webp.webp?fit=1200%2C800&ssl=1&resize=525%2C300 1.5x, https:\/\/i0.wp.com\/noticiasribeiraopreto.com.br\/wp-content\/uploads\/2025\/09\/Semana-de-Arquitetura-da-AEAARP_2025-09-15_20-48-04.webp.webp?fit=1200%2C800&ssl=1&resize=700%2C400 2x, https:\/\/i0.wp.com\/noticiasribeiraopreto.com.br\/wp-content\/uploads\/2025\/09\/Semana-de-Arquitetura-da-AEAARP_2025-09-15_20-48-04.webp.webp?fit=1200%2C800&ssl=1&resize=1050%2C600 3x"},"classes":[]}],"jetpack_sharing_enabled":true,"jetpack_shortlink":"https:\/\/wp.me\/peQAOb-i93","_links":{"self":[{"href":"https:\/\/noticiasribeiraopreto.com.br\/index.php\/wp-json\/wp\/v2\/posts\/69753","targetHints":{"allow":["GET"]}}],"collection":[{"href":"https:\/\/noticiasribeiraopreto.com.br\/index.php\/wp-json\/wp\/v2\/posts"}],"about":[{"href":"https:\/\/noticiasribeiraopreto.com.br\/index.php\/wp-json\/wp\/v2\/types\/post"}],"author":[{"embeddable":true,"href":"https:\/\/noticiasribeiraopreto.com.br\/index.php\/wp-json\/wp\/v2\/users\/1"}],"replies":[{"embeddable":true,"href":"https:\/\/noticiasribeiraopreto.com.br\/index.php\/wp-json\/wp\/v2\/comments?post=69753"}],"version-history":[{"count":0,"href":"https:\/\/noticiasribeiraopreto.com.br\/index.php\/wp-json\/wp\/v2\/posts\/69753\/revisions"}],"wp:featuredmedia":[{"embeddable":true,"href":"https:\/\/noticiasribeiraopreto.com.br\/index.php\/wp-json\/wp\/v2\/media\/69754"}],"wp:attachment":[{"href":"https:\/\/noticiasribeiraopreto.com.br\/index.php\/wp-json\/wp\/v2\/media?parent=69753"}],"wp:term":[{"taxonomy":"category","embeddable":true,"href":"https:\/\/noticiasribeiraopreto.com.br\/index.php\/wp-json\/wp\/v2\/categories?post=69753"},{"taxonomy":"post_tag","embeddable":true,"href":"https:\/\/noticiasribeiraopreto.com.br\/index.php\/wp-json\/wp\/v2\/tags?post=69753"}],"curies":[{"name":"wp","href":"https:\/\/api.w.org\/{rel}","templated":true}]}}