{"id":69755,"date":"2025-05-08T21:15:07","date_gmt":"2025-05-09T00:15:07","guid":{"rendered":"https:\/\/noticiasribeiraopreto.com.br\/index.php\/2025\/05\/08\/jornal-da-franca-veja-7-maneiras-de-limpar-a-memoria-do-celular-e-deixar-com-mais-espaco\/"},"modified":"2025-05-08T21:15:07","modified_gmt":"2025-05-09T00:15:07","slug":"jornal-da-franca-veja-7-maneiras-de-limpar-a-memoria-do-celular-e-deixar-com-mais-espaco","status":"publish","type":"post","link":"https:\/\/noticiasribeiraopreto.com.br\/index.php\/2025\/05\/08\/jornal-da-franca-veja-7-maneiras-de-limpar-a-memoria-do-celular-e-deixar-com-mais-espaco\/","title":{"rendered":"Jornal da Franca &#8211; Veja 7 maneiras de limpar a mem\u00f3ria do celular e deixar com mais espa\u00e7o"},"content":{"rendered":"<p> <br \/>\n<\/p>\n<div>\n\t                            <a class=\"mb-1\" href=\"https:\/\/api.whatsapp.com\/send?text=Olha essa Not\u00edcia no Jornal da Franca.%0D%0D*Veja 7 maneiras de limpar a mem\u00f3ria do celular e deixar com mais espa\u00e7o*%0D%0Dclique na url abaixo%0Dhttps:\/\/www.jornaldafranca.com.br\/veja-7-maneiras-de-limpar-a-memoria-do-celular-e-deixar-com-mais-espaco\/\" target=\"_blank\"><span class=\"text-12 badge badge-pill badge-success\"><i class=\"fa fa-whatsapp\"\/> compartilhar no whatsapp<\/span><\/a><\/p>\n<p>\t                            <a class=\"mb-1\" href=\"https:\/\/telegram.me\/share\/url?url=https:\/\/www.jornaldafranca.com.br\/veja-7-maneiras-de-limpar-a-memoria-do-celular-e-deixar-com-mais-espaco\/&amp;text=Olha essa Not\u00edcia no Jornal da Franca.\" target=\"_blank\"><span class=\"text-12 badge badge-pill badge-info\"><i class=\"fa fa-telegram\"\/> compartilhar no telegram<\/span><\/a><\/p>\n<p>\t                            <a class=\"mb-1\" href=\"https:\/\/www.facebook.com\/sharer\/sharer.php?u=https:\/\/www.jornaldafranca.com.br\/veja-7-maneiras-de-limpar-a-memoria-do-celular-e-deixar-com-mais-espaco\/\" target=\"_blank\"><span class=\"text-12 badge badge-pill badge-primary\"><i class=\"fa fa-facebook\"\/> compartilhar no facebook<\/span><\/a><\/p>\n<p>\t                            <a class=\"mb-1\" href=\"https:\/\/www.linkedin.com\/shareArticle?mini=true&amp;url=https:\/\/www.jornaldafranca.com.br\/veja-7-maneiras-de-limpar-a-memoria-do-celular-e-deixar-com-mais-espaco\/&amp;title=Veja 7 maneiras de limpar a mem\u00f3ria do celular e deixar com mais espa\u00e7o&amp;source=JORNAL DA FRANCA\" target=\"_blank\"><span class=\"text-12 badge badge-pill badge-secondary\"><i class=\"fa fa-linkedin\"\/> compartilhar no linkedin<\/span><\/a><\/p>\n<div class=\"lead text-20\">\n<p>Excluir fotos e v\u00eddeos n\u00e3o \u00e9 a \u00fanica solu\u00e7\u00e3o para limpar a mem\u00f3ria do celular; confira sete dicas para deixar seu smartphone com mais espa\u00e7o<\/p>\n<\/p><\/div>\n<p><img data-recalc-dims=\"1\" decoding=\"async\" src=\"https:\/\/i0.wp.com\/www.jornaldafranca.com.br\/wp-content\/uploads\/2022\/07\/uso_de_smartphone_e_celular050720211244.jpg?ssl=1\" alt=\"\"\/><\/p>\n<h6>Conseguir mais espa\u00e7o na mem\u00f3ria do seu celular vai al\u00e9m de apagar fotos e v\u00eddeos \u2013 foto Arquivo<\/h6>\n<p>\u00a0<\/p>\n<p>Se voc\u00ea j\u00e1 precisou apagar arquivos do celular para liberar espa\u00e7o, est\u00e1 entre a maioria dos usu\u00e1rios de smartphone ao redor do mundo. Afinal, quem nunca deletou mensagens, fotos ou outros conte\u00fados para conseguir armazenar mais coisas?<\/p>\n<p>A boa not\u00edcia \u00e9 que existem formas bem mais eficientes de fazer isso do que excluir item por item.<\/p>\n<p>Apagar alguns v\u00eddeos e fotos do seu celular pode ajudar por algum tempo, mas n\u00e3o \u00e9 a solu\u00e7\u00e3o adequada para manter o seu dispositivo com o espa\u00e7o necess\u00e1rio.<\/p>\n<p>Antes de sair apagando tudo, o primeiro passo \u00e9 verificar quanto espa\u00e7o de armazenamento ainda resta dispon\u00edvel no seu smartphone, seja Android ou iOS.<\/p>\n<p>Por isso, agora voc\u00ea confere sete dicas para ajudar a liberar espa\u00e7o e otimizar a mem\u00f3ria do celular.<\/p>\n<p>Vale lembrar que o processo varia entre dispositivos da Apple e aqueles com sistema Android, mas a maioria das dicas pode ser aplicada nos dois casos.<\/p>\n<p><strong>Como liberar mem\u00f3ria do celular?<\/strong><\/p>\n<p>O primeiro passo para liberar espa\u00e7o no seu celular \u00e9 identificar quais itens est\u00e3o consumindo mais armazenamento.<\/p>\n<p>No iPhone, v\u00e1 em \u201cAjustes\u201d, selecione \u201cGeral\u201d e depois toque em \u201cArmazenamento do iPhone\u201d.<\/p>\n<p>J\u00e1 nos aparelhos Android, abra o app \u201cMeus Arquivos\u201d, toque nos tr\u00eas pontinhos no canto superior direito da tela e selecione \u201cAnalisar armazenamento\u201d.<\/p>\n<p>Agora, voc\u00ea sabe exatamente quanto est\u00e1 sendo utilizado por apps, fotos, documentos e outros arquivos.<\/p>\n<p><strong>Apague aplicativos sem uso<\/strong><\/p>\n<p>Em muitos casos, as pessoas baixam aplicativos e esquecem de apag\u00e1-los, mesmo sem us\u00e1-los \u2014 inclusive, esses apps continuam consumindo espa\u00e7o e at\u00e9 bateria.<\/p>\n<p>Por isso, vale a pena acessar os detalhes de armazenamento do seu smartphone, verificar os aplicativos que n\u00e3o est\u00e3o sendo utilizados com frequ\u00eancia e excluir todos que n\u00e3o s\u00e3o mais necess\u00e1rios.<\/p>\n<p><strong>Salve fotos e v\u00eddeos na nuvem<\/strong><\/p>\n<p>Nos \u00faltimos anos, gravar v\u00eddeos e tirar fotos se tornou parte da rotina da maioria dos usu\u00e1rios de smartphone; n\u00e3o \u00e9 \u00e0 toa que esses arquivos est\u00e3o entre os que mais ocupam espa\u00e7o no armazenamento do aparelho.<\/p>\n<p>Uma dica \u00f3bvia, mas que pode ser eficiente \u00e9 salvar esses arquivos em um servi\u00e7o de nuvem, seja no Google Fotos, iCloud, ou outro.<\/p>\n<p>No caso do Google Fotos, cada conta pode usar gratuitamente at\u00e9 15 GB de armazenamento na nuvem, compartilhados com o Google Drive e o Gmail.<\/p>\n<p>Assim como em outros servi\u00e7os, \u00e9 poss\u00edvel contratar planos pagos para expandir esse espa\u00e7o. A op\u00e7\u00e3o mais barata do Google oferece 100 GB por R$ 9,99 por m\u00eas.<\/p>\n<p><strong>Fa\u00e7a uma limpeza no WhatsApp<\/strong><\/p>\n<p>No Brasil, o WhatsApp \u00e9 o aplicativo de mensagens mais usado pelos usu\u00e1rios, tanto em celulares Android quanto em iPhones.<\/p>\n<p>O ac\u00famulo de mensagens, fotos, v\u00eddeos e \u00e1udios pode ser um dos principais respons\u00e1veis por ocupar o armazenamento do aparelho seu aparelho \u2014 no meu caso, s\u00e3o 15 GB.<\/p>\n<p>Uma boa dica \u00e9, a cada seis meses, fa\u00e7a uma limpeza nas conversas e nos arquivos do WhatsApp. Dessa forma, voc\u00ea evita que o app ocupe mais espa\u00e7o do que o necess\u00e1rio.<\/p>\n<p><strong>Apague o cache do navegador<\/strong><\/p>\n<p>Outra forma de liberar a mem\u00f3ria do seu celular \u00e9 limpando o cache e o hist\u00f3rico do navegador.<\/p>\n<p>No Android, abra o app do Google Chrome, toque nos tr\u00eas pontinhos no canto superior direito da tela, selecione \u201cHist\u00f3rico\u201d e depois clique em \u201cExcluir dados de navega\u00e7\u00e3o\u201d para apagar o hist\u00f3rico e o cache dos sites visitados.<\/p>\n<p>J\u00e1 nos dispositivos da Apple, v\u00e1 em \u201cAjustes\u201d, procure por \u201cSafari\u201d em \u201cApps\u201d e toque em \u201cLimpar Hist\u00f3rico e Dados dos Sites\u201d.<\/p>\n<p><strong>Limpe o cache dos apps<\/strong><\/p>\n<p>Assim como os navegadores, os aplicativos tamb\u00e9m acumulam dados em cache.<\/p>\n<p>Se voc\u00ea n\u00e3o quer excluir apps que consomem muito armazenamento, como YouTube e Instagram, pode acessar as configura\u00e7\u00f5es do seu smartphone e limpar o cache desses aplicativos individualmente.<\/p>\n<p>No Android, v\u00e1 em \u201cConfigura\u00e7\u00f5es\u201d, depois em \u201cAplicativos\u201d e selecione o app do qual deseja apagar o cache. Em seguida, toque em \u201cArmazenamento\u201d e escolha a op\u00e7\u00e3o \u201cLimpar cache\u201d.<\/p>\n<p>O iPhone ainda n\u00e3o oferece uma fun\u00e7\u00e3o nativa para limpar o cache dos aplicativos, mas alguns apps contam com essa op\u00e7\u00e3o nas pr\u00f3prias configura\u00e7\u00f5es.<\/p>\n<p><strong>Backup e formata\u00e7\u00e3o<\/strong><\/p>\n<p>Se o armazenamento do seu celular estiver completamente cheio e voc\u00ea n\u00e3o quiser apagar nada, a melhor alternativa \u00e9 fazer backup dos arquivos.<\/p>\n<p>Depois disso, voc\u00ea pode formatar o aparelho e restaurar as configura\u00e7\u00f5es de f\u00e1brica para melhorar o desempenho do smartphone.<\/p>\n<p>Fonte: <em><strong>CNN<\/strong><\/em><\/p>\n<p><!-- CONTENT END 1 --><\/p>\n<hr\/><\/div>\n<p><br \/>\n<br \/><a href=\"https:\/\/www.jornaldafranca.com.br\/veja-7-maneiras-de-limpar-a-memoria-do-celular-e-deixar-com-mais-espaco\/\">Source link <\/a><\/p>\n","protected":false},"excerpt":{"rendered":"<p>compartilhar no whatsapp compartilhar no telegram compartilhar no facebook compartilhar no linkedin Excluir fotos e v\u00eddeos n\u00e3o \u00e9 a \u00fanica solu\u00e7\u00e3o para limpar a mem\u00f3ria&#8230;<\/p>\n","protected":false},"author":1,"featured_media":69756,"comment_status":"open","ping_status":"open","sticky":false,"template":"","format":"standard","meta":{"advanced_seo_description":"","jetpack_seo_html_title":"","jetpack_seo_noindex":false,"jetpack_post_was_ever_published":false,"_jetpack_newsletter_access":"","_jetpack_dont_email_post_to_subs":false,"_jetpack_newsletter_tier_id":0,"_jetpack_memberships_contains_paywalled_content":false,"_jetpack_memberships_contains_paid_content":false,"footnotes":"","jetpack_publicize_message":"","jetpack_publicize_feature_enabled":true,"jetpack_social_post_already_shared":true,"jetpack_social_options":{"image_generator_settings":{"template":"highway","default_image_id":0,"font":"","enabled":false},"version":2}},"categories":[3597],"tags":[],"class_list":["post-69755","post","type-post","status-publish","format-standard","has-post-thumbnail","hentry","category-noticias-franca-sp"],"jetpack_publicize_connections":[],"jetpack_featured_media_url":"https:\/\/i0.wp.com\/noticiasribeiraopreto.com.br\/wp-content\/uploads\/2025\/05\/uso_de_smartphone_e_celular050720211244.jpg?fit=1170%2C700&ssl=1","jetpack-related-posts":[{"id":73017,"url":"https:\/\/noticiasribeiraopreto.com.br\/index.php\/2025\/06\/24\/jornal-da-franca-clima-sera-de-frio-porem-agradavel-e-fresco-em-franca-nesta-terca-deve-chover\/","url_meta":{"origin":69755,"position":0},"title":"Jornal da Franca &#8211; Clima ser\u00e1 de frio, por\u00e9m agrad\u00e1vel e fresco em Franca nesta ter\u00e7a: deve chover","author":"noticiasribeiraopreto.com.br","date":"24 de June de 2025","format":false,"excerpt":"compartilhar no whatsapp compartilhar no telegram compartilhar no facebook compartilhar no linkedin Cidade tem previs\u00e3o de chuva de at\u00e9 12 mil\u00edmetros A previs\u00e3o do tempo para Franca indica um dia agrad\u00e1vel, com temperatura m\u00ednima de 5\u00b0C e m\u00e1xima de 22\u00b0C. H\u00e1 grande possibilidade de chuva, com volume de at\u00e9 12\u2026","rel":"","context":"In &quot;Not\u00edcias de Franca-SP&quot;","block_context":{"text":"Not\u00edcias de Franca-SP","link":"https:\/\/noticiasribeiraopreto.com.br\/index.php\/category\/noticias-de-ribeirao-preto-sp-e-regiao-ismael-colosi\/noticias-franca-sp\/"},"img":{"alt_text":"","src":"https:\/\/i0.wp.com\/noticiasribeiraopreto.com.br\/wp-content\/uploads\/2025\/06\/1750758766_Franca.jpeg?fit=1200%2C806&ssl=1&resize=350%2C200","width":350,"height":200,"srcset":"https:\/\/i0.wp.com\/noticiasribeiraopreto.com.br\/wp-content\/uploads\/2025\/06\/1750758766_Franca.jpeg?fit=1200%2C806&ssl=1&resize=350%2C200 1x, https:\/\/i0.wp.com\/noticiasribeiraopreto.com.br\/wp-content\/uploads\/2025\/06\/1750758766_Franca.jpeg?fit=1200%2C806&ssl=1&resize=525%2C300 1.5x, https:\/\/i0.wp.com\/noticiasribeiraopreto.com.br\/wp-content\/uploads\/2025\/06\/1750758766_Franca.jpeg?fit=1200%2C806&ssl=1&resize=700%2C400 2x, https:\/\/i0.wp.com\/noticiasribeiraopreto.com.br\/wp-content\/uploads\/2025\/06\/1750758766_Franca.jpeg?fit=1200%2C806&ssl=1&resize=1050%2C600 3x"},"classes":[]},{"id":69340,"url":"https:\/\/noticiasribeiraopreto.com.br\/index.php\/2025\/05\/05\/jornal-da-franca-implantacao-de-escola-civico-militar-em-franca-e-tema-de-debates-na-camara-municipal\/","url_meta":{"origin":69755,"position":1},"title":"Jornal da Franca &#8211; Implanta\u00e7\u00e3o de escola c\u00edvico-militar em Franca \u00e9 tema de debates na C\u00e2mara Municipal","author":"noticiasribeiraopreto.com.br","date":"5 de May de 2025","format":false,"excerpt":"compartilhar no whatsapp compartilhar no telegram compartilhar no facebook compartilhar no linkedin Mun\u00edcipe agradece apoio de vereadores e parlamentares para que Franca fosse contemplada com o modelo educacional A implanta\u00e7\u00e3o do Programa das Escolas C\u00edvico-Militares em Franca, pauta defendida pela direita, foi tema abordado durante a sess\u00e3o ordin\u00e1ria da C\u00e2mara\u2026","rel":"","context":"In &quot;Not\u00edcias de Franca-SP&quot;","block_context":{"text":"Not\u00edcias de Franca-SP","link":"https:\/\/noticiasribeiraopreto.com.br\/index.php\/category\/noticias-de-ribeirao-preto-sp-e-regiao-ismael-colosi\/noticias-franca-sp\/"},"img":{"alt_text":"","src":"https:\/\/i0.wp.com\/noticiasribeiraopreto.com.br\/wp-content\/uploads\/2025\/05\/1746449336_plenariodiagonal_0.jpg?fit=930%2C558&ssl=1&resize=350%2C200","width":350,"height":200,"srcset":"https:\/\/i0.wp.com\/noticiasribeiraopreto.com.br\/wp-content\/uploads\/2025\/05\/1746449336_plenariodiagonal_0.jpg?fit=930%2C558&ssl=1&resize=350%2C200 1x, https:\/\/i0.wp.com\/noticiasribeiraopreto.com.br\/wp-content\/uploads\/2025\/05\/1746449336_plenariodiagonal_0.jpg?fit=930%2C558&ssl=1&resize=525%2C300 1.5x, https:\/\/i0.wp.com\/noticiasribeiraopreto.com.br\/wp-content\/uploads\/2025\/05\/1746449336_plenariodiagonal_0.jpg?fit=930%2C558&ssl=1&resize=700%2C400 2x"},"classes":[]},{"id":69220,"url":"https:\/\/noticiasribeiraopreto.com.br\/index.php\/2025\/05\/03\/jornal-da-franca-socorristas-que-salvaram-crianca-em-franca-recebem-mocao-de-aplausos-da-camara\/","url_meta":{"origin":69755,"position":2},"title":"Jornal da Franca &#8211; Socorristas que salvaram crian\u00e7a em Franca\u00a0recebem Mo\u00e7\u00e3o de Aplausos da C\u00e2mara","author":"noticiasribeiraopreto.com.br","date":"3 de May de 2025","format":false,"excerpt":"compartilhar no whatsapp compartilhar no telegram compartilhar no facebook compartilhar no linkedin Mo\u00e7\u00e3o reconhece trabalho de equipe de sa\u00fade que atuou no salvamento de beb\u00ea A C\u00e2mara aprovou a Mo\u00e7\u00e3o de Aplausos n\u00ba 41 de 2025, de autoria do vereador Walker Bombeiro da Libras, para a equipe de sa\u00fade da\u2026","rel":"","context":"In &quot;Not\u00edcias de Franca-SP&quot;","block_context":{"text":"Not\u00edcias de Franca-SP","link":"https:\/\/noticiasribeiraopreto.com.br\/index.php\/category\/noticias-de-ribeirao-preto-sp-e-regiao-ismael-colosi\/noticias-franca-sp\/"},"img":{"alt_text":"","src":"https:\/\/i0.wp.com\/noticiasribeiraopreto.com.br\/wp-content\/uploads\/2025\/05\/mocaoravi17sessao.jpg?fit=1000%2C562&ssl=1&resize=350%2C200","width":350,"height":200,"srcset":"https:\/\/i0.wp.com\/noticiasribeiraopreto.com.br\/wp-content\/uploads\/2025\/05\/mocaoravi17sessao.jpg?fit=1000%2C562&ssl=1&resize=350%2C200 1x, https:\/\/i0.wp.com\/noticiasribeiraopreto.com.br\/wp-content\/uploads\/2025\/05\/mocaoravi17sessao.jpg?fit=1000%2C562&ssl=1&resize=525%2C300 1.5x, https:\/\/i0.wp.com\/noticiasribeiraopreto.com.br\/wp-content\/uploads\/2025\/05\/mocaoravi17sessao.jpg?fit=1000%2C562&ssl=1&resize=700%2C400 2x"},"classes":[]},{"id":67756,"url":"https:\/\/noticiasribeiraopreto.com.br\/index.php\/2025\/04\/18\/jornal-da-franca-vereadores-aprovam-reconhecimento-a-profissionais-e-entidades-que-atuam-em-franca\/","url_meta":{"origin":69755,"position":3},"title":"Jornal da Franca &#8211; Vereadores aprovam reconhecimento a profissionais e entidades que atuam em Franca\u00a0","author":"noticiasribeiraopreto.com.br","date":"18 de April de 2025","format":false,"excerpt":"compartilhar no whatsapp compartilhar no telegram compartilhar no facebook compartilhar no linkedin Mo\u00e7\u00f5es de aplausos e congratula\u00e7\u00f5es s\u00e3o apresentadas em reconhecimento a servi\u00e7os prestados A C\u00e2mara Municipal de Franca aprovou na sess\u00e3o desta ter\u00e7a-feira mo\u00e7\u00f5es de aplausos e congratula\u00e7\u00f5es em reconhecimento a profissionais, entidades e sindicatos que se destacaram em\u2026","rel":"","context":"In &quot;Not\u00edcias de Franca-SP&quot;","block_context":{"text":"Not\u00edcias de Franca-SP","link":"https:\/\/noticiasribeiraopreto.com.br\/index.php\/category\/noticias-de-ribeirao-preto-sp-e-regiao-ismael-colosi\/noticias-franca-sp\/"},"img":{"alt_text":"","src":"https:\/\/i0.wp.com\/noticiasribeiraopreto.com.br\/wp-content\/uploads\/2025\/04\/reuniaodecomissoes-2.jpg?fit=930%2C558&ssl=1&resize=350%2C200","width":350,"height":200,"srcset":"https:\/\/i0.wp.com\/noticiasribeiraopreto.com.br\/wp-content\/uploads\/2025\/04\/reuniaodecomissoes-2.jpg?fit=930%2C558&ssl=1&resize=350%2C200 1x, https:\/\/i0.wp.com\/noticiasribeiraopreto.com.br\/wp-content\/uploads\/2025\/04\/reuniaodecomissoes-2.jpg?fit=930%2C558&ssl=1&resize=525%2C300 1.5x, https:\/\/i0.wp.com\/noticiasribeiraopreto.com.br\/wp-content\/uploads\/2025\/04\/reuniaodecomissoes-2.jpg?fit=930%2C558&ssl=1&resize=700%2C400 2x"},"classes":[]},{"id":65177,"url":"https:\/\/noticiasribeiraopreto.com.br\/index.php\/2025\/03\/17\/jornal-da-franca-previsao-climatica-para-franca-dia-de-sol-com-poucas-nuvens-nesta-segunda\/","url_meta":{"origin":69755,"position":4},"title":"Jornal da Franca &#8211; Previs\u00e3o clim\u00e1tica para Franca: dia de sol com poucas nuvens nesta segunda","author":"noticiasribeiraopreto.com.br","date":"17 de March de 2025","format":false,"excerpt":"compartilhar no whatsapp compartilhar no telegram compartilhar no facebook compartilhar no linkedin Temperaturas variam entre 19\u00b0C e 31\u00b0C, com 0% de chance de chuva \u00a0 A previs\u00e3o do tempo para a cidade de Franca nesta segunda-feira, indica um dia de sol com algumas nuvens, especialmente \u00e0 tarde. H\u00e1 previs\u00e3o de\u2026","rel":"","context":"In &quot;Not\u00edcias de Franca-SP&quot;","block_context":{"text":"Not\u00edcias de Franca-SP","link":"https:\/\/noticiasribeiraopreto.com.br\/index.php\/category\/noticias-de-ribeirao-preto-sp-e-regiao-ismael-colosi\/noticias-franca-sp\/"},"img":{"alt_text":"","src":"https:\/\/i0.wp.com\/noticiasribeiraopreto.com.br\/wp-content\/uploads\/2025\/03\/nuvens-de-chuva-scaled.jpg?fit=1200%2C800&ssl=1&resize=350%2C200","width":350,"height":200,"srcset":"https:\/\/i0.wp.com\/noticiasribeiraopreto.com.br\/wp-content\/uploads\/2025\/03\/nuvens-de-chuva-scaled.jpg?fit=1200%2C800&ssl=1&resize=350%2C200 1x, https:\/\/i0.wp.com\/noticiasribeiraopreto.com.br\/wp-content\/uploads\/2025\/03\/nuvens-de-chuva-scaled.jpg?fit=1200%2C800&ssl=1&resize=525%2C300 1.5x, https:\/\/i0.wp.com\/noticiasribeiraopreto.com.br\/wp-content\/uploads\/2025\/03\/nuvens-de-chuva-scaled.jpg?fit=1200%2C800&ssl=1&resize=700%2C400 2x, https:\/\/i0.wp.com\/noticiasribeiraopreto.com.br\/wp-content\/uploads\/2025\/03\/nuvens-de-chuva-scaled.jpg?fit=1200%2C800&ssl=1&resize=1050%2C600 3x"},"classes":[]},{"id":64747,"url":"https:\/\/noticiasribeiraopreto.com.br\/index.php\/2025\/03\/12\/jornal-da-franca-autoridades-e-produtores-rurais-de-franca-fazem-abertura-da-16-edicao-do-simcafe\/","url_meta":{"origin":69755,"position":5},"title":"Jornal da Franca &#8211; Autoridades e produtores rurais de Franca fazem abertura da 16\u00b0 edi\u00e7\u00e3o do SimCaf\u00e9","author":"noticiasribeiraopreto.com.br","date":"12 de March de 2025","format":false,"excerpt":"compartilhar no whatsapp compartilhar no telegram compartilhar no facebook compartilhar no linkedin Evento re\u00fane cafeicultores e empresas do setor de agro de Franca e regi\u00e3o O Simcaf\u00e9 \u2013 Simp\u00f3sio do Agroneg\u00f3cio Caf\u00e9 da Alta Mogiana \u2013 teve sua 16\u00b0 edi\u00e7\u00e3o aberta nesta ter\u00e7a-feira com a presen\u00e7a de diversas autoridades pol\u00edticas.\u2026","rel":"","context":"In &quot;Not\u00edcias de Franca-SP&quot;","block_context":{"text":"Not\u00edcias de Franca-SP","link":"https:\/\/noticiasribeiraopreto.com.br\/index.php\/category\/noticias-de-ribeirao-preto-sp-e-regiao-ismael-colosi\/noticias-franca-sp\/"},"img":{"alt_text":"","src":"https:\/\/i0.wp.com\/noticiasribeiraopreto.com.br\/wp-content\/uploads\/2025\/03\/IMG_20250311_180004.jpg?fit=804%2C730&ssl=1&resize=350%2C200","width":350,"height":200,"srcset":"https:\/\/i0.wp.com\/noticiasribeiraopreto.com.br\/wp-content\/uploads\/2025\/03\/IMG_20250311_180004.jpg?fit=804%2C730&ssl=1&resize=350%2C200 1x, https:\/\/i0.wp.com\/noticiasribeiraopreto.com.br\/wp-content\/uploads\/2025\/03\/IMG_20250311_180004.jpg?fit=804%2C730&ssl=1&resize=525%2C300 1.5x, https:\/\/i0.wp.com\/noticiasribeiraopreto.com.br\/wp-content\/uploads\/2025\/03\/IMG_20250311_180004.jpg?fit=804%2C730&ssl=1&resize=700%2C400 2x"},"classes":[]}],"jetpack_sharing_enabled":true,"jetpack_shortlink":"https:\/\/wp.me\/peQAOb-i95","_links":{"self":[{"href":"https:\/\/noticiasribeiraopreto.com.br\/index.php\/wp-json\/wp\/v2\/posts\/69755","targetHints":{"allow":["GET"]}}],"collection":[{"href":"https:\/\/noticiasribeiraopreto.com.br\/index.php\/wp-json\/wp\/v2\/posts"}],"about":[{"href":"https:\/\/noticiasribeiraopreto.com.br\/index.php\/wp-json\/wp\/v2\/types\/post"}],"author":[{"embeddable":true,"href":"https:\/\/noticiasribeiraopreto.com.br\/index.php\/wp-json\/wp\/v2\/users\/1"}],"replies":[{"embeddable":true,"href":"https:\/\/noticiasribeiraopreto.com.br\/index.php\/wp-json\/wp\/v2\/comments?post=69755"}],"version-history":[{"count":0,"href":"https:\/\/noticiasribeiraopreto.com.br\/index.php\/wp-json\/wp\/v2\/posts\/69755\/revisions"}],"wp:featuredmedia":[{"embeddable":true,"href":"https:\/\/noticiasribeiraopreto.com.br\/index.php\/wp-json\/wp\/v2\/media\/69756"}],"wp:attachment":[{"href":"https:\/\/noticiasribeiraopreto.com.br\/index.php\/wp-json\/wp\/v2\/media?parent=69755"}],"wp:term":[{"taxonomy":"category","embeddable":true,"href":"https:\/\/noticiasribeiraopreto.com.br\/index.php\/wp-json\/wp\/v2\/categories?post=69755"},{"taxonomy":"post_tag","embeddable":true,"href":"https:\/\/noticiasribeiraopreto.com.br\/index.php\/wp-json\/wp\/v2\/tags?post=69755"}],"curies":[{"name":"wp","href":"https:\/\/api.w.org\/{rel}","templated":true}]}}