{"id":69757,"date":"2025-05-08T22:16:18","date_gmt":"2025-05-09T01:16:18","guid":{"rendered":"https:\/\/noticiasribeiraopreto.com.br\/index.php\/2025\/05\/08\/vereador-de-patrocinio-paulista-e-preso-suspeito-de-atuar-para-favorecimento-a-prostituicao\/"},"modified":"2025-05-08T22:16:18","modified_gmt":"2025-05-09T01:16:18","slug":"vereador-de-patrocinio-paulista-e-preso-suspeito-de-atuar-para-favorecimento-a-prostituicao","status":"publish","type":"post","link":"https:\/\/noticiasribeiraopreto.com.br\/index.php\/2025\/05\/08\/vereador-de-patrocinio-paulista-e-preso-suspeito-de-atuar-para-favorecimento-a-prostituicao\/","title":{"rendered":"Vereador de Patroc\u00ednio Paulista \u00e9 preso suspeito de atuar para favorecimento \u00e0 prostitui\u00e7\u00e3o"},"content":{"rendered":"<p> <br \/>\n<\/p>\n<div>\n<p>A Delegacia de Defesa da Mulher (DDM de Franca) prendeu o vereador de Patroc\u00ednio Paulista Luiz Carlos Boarati (PRD) em flagrante por favorecimento \u00e0 prostitui\u00e7\u00e3o. A pris\u00e3o ocorreu na tarde deste dia 8\/5. Luizinho da Lenha, como \u00e9 conhecido, chegou a mandar mensagem para a v\u00edtima, uma adolescente de 15 anos, quando ela estava na delegacia.<\/p>\n<p>O vereador combinou encontrar a v\u00edtima no Centro de Franca, na rua Ouvidor Freire. A adolescente, conforme as autoridades, \u00e9 namorada de um funcion\u00e1rio do vereador na Camara.<\/p>\n<p>Os policiais da DDM foram ao local do encontro que tinha sido marcado e encontraram o vereador aguardando a adolescente. A delegada Juliana da Silva Paiva \u00e9 quem conduz o inqu\u00e9rito policial.<\/p>\n<p>Luizinho percebeu a movimenta\u00e7\u00e3o da Pol\u00edcia Civil e tentou sair com sua caminhonete do local, mas foi abordado pelos investigadores e acabou acatando as ordens.<\/p>\n<p>As apura\u00e7\u00f5es identificaram que o vereador ofereceu R$ 500, em valores separados, para a adolescente. Ele tamb\u00e9m chamou a jovem para ir ao supermercado com ele e tentou fazer com que a m\u00e3e n\u00e3o fosse junto. O primeiro encontro dele com a adolescente ocorreu porque ele teria se oferecido ao funcion\u00e1rio que entregaria um dinheiro para a jovem. Esse funcion\u00e1rio tinha pedido antecipa\u00e7\u00e3o de R$ 200 ao vereador e contou que entregaria o dinheiro para a namorada.<\/p>\n<p>Para as autoridades, o vereador alegou que foi v\u00edtima de uma arma\u00e7\u00e3o. Ele foi preso em flagrante e passar\u00e1 por audi\u00eancia de cust\u00f3dia.<\/p>\n<p>A C\u00e2mara de Patroc\u00ednio Paulista n\u00e3o divulgou nota oficial.<\/p>\n<p><!-- CONTENT END 1 --><\/p><\/div>\n<p><br \/>\n<br \/><a href=\"https:\/\/www.f3noticias.com.br\/vereador-de-patrocinio-paulista-e-preso-suspeito-de-atuar-para-favorecimento-a-prostituicao\/\">Source link <\/a><\/p>\n","protected":false},"excerpt":{"rendered":"<p>A Delegacia de Defesa da Mulher (DDM de Franca) prendeu o vereador de Patroc\u00ednio Paulista Luiz Carlos Boarati (PRD) em flagrante por favorecimento \u00e0 prostitui\u00e7\u00e3o&#8230;.<\/p>\n","protected":false},"author":1,"featured_media":69758,"comment_status":"open","ping_status":"open","sticky":false,"template":"","format":"standard","meta":{"advanced_seo_description":"","jetpack_seo_html_title":"","jetpack_seo_noindex":false,"jetpack_post_was_ever_published":false,"_jetpack_newsletter_access":"","_jetpack_dont_email_post_to_subs":false,"_jetpack_newsletter_tier_id":0,"_jetpack_memberships_contains_paywalled_content":false,"_jetpack_memberships_contains_paid_content":false,"footnotes":"","jetpack_publicize_message":"","jetpack_publicize_feature_enabled":true,"jetpack_social_post_already_shared":true,"jetpack_social_options":{"image_generator_settings":{"template":"highway","default_image_id":0,"font":"","enabled":false},"version":2}},"categories":[3597],"tags":[],"class_list":["post-69757","post","type-post","status-publish","format-standard","has-post-thumbnail","hentry","category-noticias-franca-sp"],"jetpack_publicize_connections":[],"jetpack_featured_media_url":"https:\/\/i0.wp.com\/noticiasribeiraopreto.com.br\/wp-content\/uploads\/2025\/05\/vereador-patrocinio-paulista-e1746751457363.webp.webp?fit=828%2C504&ssl=1","jetpack-related-posts":[{"id":69747,"url":"https:\/\/noticiasribeiraopreto.com.br\/index.php\/2025\/05\/08\/vereador-e-preso-por-suspeita-de-oferecer-dinheiro-para-encontro-sexual-com-adolescente\/","url_meta":{"origin":69757,"position":0},"title":"Vereador \u00e9 preso por suspeita de oferecer dinheiro para encontro sexual com adolescente","author":"noticiasribeiraopreto.com.br","date":"8 de May de 2025","format":false,"excerpt":"Um vereador de Patroc\u00ednio Paulista, cidade a cerca de 100 quil\u00f4metros de Ribeir\u00e3o Preto, foi preso em flagrante na tarde desta quinta-feira (8), pela suspeita de oferecer dinheiro a uma adolescente de 15 anos em troca de encontros sexuais. Segundo a delegada Juliana Paiva, da DDM (Delegacia de Defesa da\u2026","rel":"","context":"In &quot;Not\u00edcias de Ribeir\u00e3o Preto-SP e Regi\u00e3o&quot;","block_context":{"text":"Not\u00edcias de Ribeir\u00e3o Preto-SP e Regi\u00e3o","link":"https:\/\/noticiasribeiraopreto.com.br\/index.php\/category\/noticias-de-ribeirao-preto-sp-e-regiao-ismael-colosi\/"},"img":{"alt_text":"","src":"https:\/\/i0.wp.com\/noticiasribeiraopreto.com.br\/wp-content\/uploads\/2025\/05\/Copia-de-Copia-de-Copia-de-TAMANHO-EXATO-PARA-FOTOS-NO-SISTEMA-NOVO-2025-05-08T192012.900_2025-05-08_22-20-19.webp.webp?fit=1200%2C675&ssl=1&resize=350%2C200","width":350,"height":200,"srcset":"https:\/\/i0.wp.com\/noticiasribeiraopreto.com.br\/wp-content\/uploads\/2025\/05\/Copia-de-Copia-de-Copia-de-TAMANHO-EXATO-PARA-FOTOS-NO-SISTEMA-NOVO-2025-05-08T192012.900_2025-05-08_22-20-19.webp.webp?fit=1200%2C675&ssl=1&resize=350%2C200 1x, https:\/\/i0.wp.com\/noticiasribeiraopreto.com.br\/wp-content\/uploads\/2025\/05\/Copia-de-Copia-de-Copia-de-TAMANHO-EXATO-PARA-FOTOS-NO-SISTEMA-NOVO-2025-05-08T192012.900_2025-05-08_22-20-19.webp.webp?fit=1200%2C675&ssl=1&resize=525%2C300 1.5x, https:\/\/i0.wp.com\/noticiasribeiraopreto.com.br\/wp-content\/uploads\/2025\/05\/Copia-de-Copia-de-Copia-de-TAMANHO-EXATO-PARA-FOTOS-NO-SISTEMA-NOVO-2025-05-08T192012.900_2025-05-08_22-20-19.webp.webp?fit=1200%2C675&ssl=1&resize=700%2C400 2x, https:\/\/i0.wp.com\/noticiasribeiraopreto.com.br\/wp-content\/uploads\/2025\/05\/Copia-de-Copia-de-Copia-de-TAMANHO-EXATO-PARA-FOTOS-NO-SISTEMA-NOVO-2025-05-08T192012.900_2025-05-08_22-20-19.webp.webp?fit=1200%2C675&ssl=1&resize=1050%2C600 3x"},"classes":[]},{"id":64598,"url":"https:\/\/noticiasribeiraopreto.com.br\/index.php\/2025\/03\/10\/jornal-da-franca-vereadores-de-franca-vao-parar-na-delegacia-de-policia-veja-aqui-o-que-aconteceu\/","url_meta":{"origin":69757,"position":1},"title":"Jornal da Franca &#8211; Vereadores de Franca v\u00e3o parar na delegacia de pol\u00edcia! Veja aqui o que aconteceu!","author":"noticiasribeiraopreto.com.br","date":"10 de March de 2025","format":false,"excerpt":"compartilhar no whatsapp compartilhar no telegram compartilhar no facebook compartilhar no linkedin Objetivo do encontro, segundo Daniel Bassi, \u00e9 intera\u00e7\u00e3o em prol da Seguran\u00e7a P\u00fablica em Franca Um grupo de vereadores esteve em uma unidade da Pol\u00edcia Civil na manh\u00e3 desta segunda-feira. O fato ocorreu porque a C\u00e2mara Municipal de\u2026","rel":"","context":"In &quot;Not\u00edcias de Franca-SP&quot;","block_context":{"text":"Not\u00edcias de Franca-SP","link":"https:\/\/noticiasribeiraopreto.com.br\/index.php\/category\/noticias-de-ribeirao-preto-sp-e-regiao-ismael-colosi\/noticias-franca-sp\/"},"img":{"alt_text":"","src":"https:\/\/i0.wp.com\/noticiasribeiraopreto.com.br\/wp-content\/uploads\/2025\/03\/pLENARIO-1-scaled.jpg?fit=1200%2C675&ssl=1&resize=350%2C200","width":350,"height":200,"srcset":"https:\/\/i0.wp.com\/noticiasribeiraopreto.com.br\/wp-content\/uploads\/2025\/03\/pLENARIO-1-scaled.jpg?fit=1200%2C675&ssl=1&resize=350%2C200 1x, https:\/\/i0.wp.com\/noticiasribeiraopreto.com.br\/wp-content\/uploads\/2025\/03\/pLENARIO-1-scaled.jpg?fit=1200%2C675&ssl=1&resize=525%2C300 1.5x, https:\/\/i0.wp.com\/noticiasribeiraopreto.com.br\/wp-content\/uploads\/2025\/03\/pLENARIO-1-scaled.jpg?fit=1200%2C675&ssl=1&resize=700%2C400 2x, https:\/\/i0.wp.com\/noticiasribeiraopreto.com.br\/wp-content\/uploads\/2025\/03\/pLENARIO-1-scaled.jpg?fit=1200%2C675&ssl=1&resize=1050%2C600 3x"},"classes":[]},{"id":69600,"url":"https:\/\/noticiasribeiraopreto.com.br\/index.php\/2025\/05\/07\/jornal-da-franca-bloco-de-direita-vence-queda-de-braco-e-aprova-projeto-contra-sexualizacao-infantil\/","url_meta":{"origin":69757,"position":2},"title":"Jornal da Franca &#8211; Bloco de direita vence queda de bra\u00e7o e aprova projeto contra sexualiza\u00e7\u00e3o infantil","author":"noticiasribeiraopreto.com.br","date":"7 de May de 2025","format":false,"excerpt":"compartilhar no whatsapp compartilhar no telegram compartilhar no facebook compartilhar no linkedin Projeto tem voto favor\u00e1vel de 13 vereadores; Mar\u00edlia e Pelizaro votaram contra a propositura Em uma vit\u00f3ria da direita no parlamento municipal, a C\u00e2mara de Franca aprovou, na ter\u00e7a-feira, o Projeto de Lei Ordin\u00e1ria n\u00ba 14\/2025, de autoria\u2026","rel":"","context":"In &quot;Not\u00edcias de Franca-SP&quot;","block_context":{"text":"Not\u00edcias de Franca-SP","link":"https:\/\/noticiasribeiraopreto.com.br\/index.php\/category\/noticias-de-ribeirao-preto-sp-e-regiao-ismael-colosi\/noticias-franca-sp\/"},"img":{"alt_text":"","src":"https:\/\/i0.wp.com\/noticiasribeiraopreto.com.br\/wp-content\/uploads\/2025\/05\/18sessaopatriota.jpg?fit=1000%2C562&ssl=1&resize=350%2C200","width":350,"height":200,"srcset":"https:\/\/i0.wp.com\/noticiasribeiraopreto.com.br\/wp-content\/uploads\/2025\/05\/18sessaopatriota.jpg?fit=1000%2C562&ssl=1&resize=350%2C200 1x, https:\/\/i0.wp.com\/noticiasribeiraopreto.com.br\/wp-content\/uploads\/2025\/05\/18sessaopatriota.jpg?fit=1000%2C562&ssl=1&resize=525%2C300 1.5x, https:\/\/i0.wp.com\/noticiasribeiraopreto.com.br\/wp-content\/uploads\/2025\/05\/18sessaopatriota.jpg?fit=1000%2C562&ssl=1&resize=700%2C400 2x"},"classes":[]},{"id":72734,"url":"https:\/\/noticiasribeiraopreto.com.br\/index.php\/2025\/06\/20\/jornal-da-franca-vereadores-debatem-temas-como-seguranca-saude-e-obras-durante-sessao-da-camara\/","url_meta":{"origin":69757,"position":3},"title":"Jornal da Franca &#8211; Vereadores debatem temas como seguran\u00e7a, sa\u00fade e obras durante sess\u00e3o da C\u00e2mara","author":"noticiasribeiraopreto.com.br","date":"20 de June de 2025","format":false,"excerpt":"compartilhar no whatsapp compartilhar no telegram compartilhar no facebook compartilhar no linkedin Temas que surgem na C\u00e2mara refletem muitas vezes as reclama\u00e7\u00f5es da popula\u00e7\u00e3o Na \u00faltima ter\u00e7a-feira, os vereadores de Franca apresentaram v\u00e1rios requerimentos solicitando informa\u00e7\u00f5es \u00e0 Prefeitura sobre diferentes \u00e1reas da gest\u00e3o p\u00fablica. Esses requerimentos abordam temas importantes como\u2026","rel":"","context":"In &quot;Not\u00edcias de Franca-SP&quot;","block_context":{"text":"Not\u00edcias de Franca-SP","link":"https:\/\/noticiasribeiraopreto.com.br\/index.php\/category\/noticias-de-ribeirao-preto-sp-e-regiao-ismael-colosi\/noticias-franca-sp\/"},"img":{"alt_text":"","src":"https:\/\/i0.wp.com\/noticiasribeiraopreto.com.br\/wp-content\/uploads\/2025\/06\/pLENARIO-4.jpg?fit=930%2C558&ssl=1&resize=350%2C200","width":350,"height":200,"srcset":"https:\/\/i0.wp.com\/noticiasribeiraopreto.com.br\/wp-content\/uploads\/2025\/06\/pLENARIO-4.jpg?fit=930%2C558&ssl=1&resize=350%2C200 1x, https:\/\/i0.wp.com\/noticiasribeiraopreto.com.br\/wp-content\/uploads\/2025\/06\/pLENARIO-4.jpg?fit=930%2C558&ssl=1&resize=525%2C300 1.5x, https:\/\/i0.wp.com\/noticiasribeiraopreto.com.br\/wp-content\/uploads\/2025\/06\/pLENARIO-4.jpg?fit=930%2C558&ssl=1&resize=700%2C400 2x"},"classes":[]},{"id":69416,"url":"https:\/\/noticiasribeiraopreto.com.br\/index.php\/2025\/05\/06\/jornal-da-franca-camara-de-franca-projeto-de-lei-visa-mapear-e-combater-a-sexualizacao-de-criancas\/","url_meta":{"origin":69757,"position":4},"title":"Jornal da Franca &#8211; C\u00e2mara de Franca: projeto de lei visa mapear e combater a sexualiza\u00e7\u00e3o de crian\u00e7as","author":"noticiasribeiraopreto.com.br","date":"6 de May de 2025","format":false,"excerpt":"compartilhar no whatsapp compartilhar no telegram compartilhar no facebook compartilhar no linkedin Vereadores de Franca votam projeto contra sexualiza\u00e7\u00e3o precoce de crian\u00e7as e adolescentes A C\u00e2mara Municipal de Franca est\u00e1 prestes a votar um importante projeto de lei que visa proteger crian\u00e7as e adolescentes da sexualiza\u00e7\u00e3o precoce na cidade. O\u2026","rel":"","context":"In &quot;Not\u00edcias de Franca-SP&quot;","block_context":{"text":"Not\u00edcias de Franca-SP","link":"https:\/\/noticiasribeiraopreto.com.br\/index.php\/category\/noticias-de-ribeirao-preto-sp-e-regiao-ismael-colosi\/noticias-franca-sp\/"},"img":{"alt_text":"","src":"https:\/\/i0.wp.com\/noticiasribeiraopreto.com.br\/wp-content\/uploads\/2025\/05\/LAB-IOS-CARNUDOS01.jpg?fit=1000%2C665&ssl=1&resize=350%2C200","width":350,"height":200,"srcset":"https:\/\/i0.wp.com\/noticiasribeiraopreto.com.br\/wp-content\/uploads\/2025\/05\/LAB-IOS-CARNUDOS01.jpg?fit=1000%2C665&ssl=1&resize=350%2C200 1x, https:\/\/i0.wp.com\/noticiasribeiraopreto.com.br\/wp-content\/uploads\/2025\/05\/LAB-IOS-CARNUDOS01.jpg?fit=1000%2C665&ssl=1&resize=525%2C300 1.5x, https:\/\/i0.wp.com\/noticiasribeiraopreto.com.br\/wp-content\/uploads\/2025\/05\/LAB-IOS-CARNUDOS01.jpg?fit=1000%2C665&ssl=1&resize=700%2C400 2x"},"classes":[]},{"id":72961,"url":"https:\/\/noticiasribeiraopreto.com.br\/index.php\/2025\/06\/23\/jornal-da-franca-camara-de-franca-vota-mocoes-de-aplausos-a-instituicoes-atletas-e-personalidades\/","url_meta":{"origin":69757,"position":5},"title":"Jornal da Franca &#8211; C\u00e2mara de Franca vota mo\u00e7\u00f5es de aplausos a institui\u00e7\u00f5es, atletas e personalidades","author":"noticiasribeiraopreto.com.br","date":"23 de June de 2025","format":false,"excerpt":"compartilhar no whatsapp compartilhar no telegram compartilhar no facebook compartilhar no linkedin Trabalhos legislativos ocorrem todas as ter\u00e7as na C\u00e2mara de Franca A C\u00e2mara Municipal de Franca votar\u00e1, na pr\u00f3xima sess\u00e3o, na ter\u00e7a-feira, uma s\u00e9rie de mo\u00e7\u00f5es de aplausos e congratula\u00e7\u00f5es a institui\u00e7\u00f5es, personalidades pol\u00edticas e atletas que se destacaram\u2026","rel":"","context":"In &quot;Not\u00edcias de Franca-SP&quot;","block_context":{"text":"Not\u00edcias de Franca-SP","link":"https:\/\/noticiasribeiraopreto.com.br\/index.php\/category\/noticias-de-ribeirao-preto-sp-e-regiao-ismael-colosi\/noticias-franca-sp\/"},"img":{"alt_text":"","src":"https:\/\/i0.wp.com\/noticiasribeiraopreto.com.br\/wp-content\/uploads\/2025\/06\/1750699320_plenariodiagonal_0.jpg?fit=930%2C558&ssl=1&resize=350%2C200","width":350,"height":200,"srcset":"https:\/\/i0.wp.com\/noticiasribeiraopreto.com.br\/wp-content\/uploads\/2025\/06\/1750699320_plenariodiagonal_0.jpg?fit=930%2C558&ssl=1&resize=350%2C200 1x, https:\/\/i0.wp.com\/noticiasribeiraopreto.com.br\/wp-content\/uploads\/2025\/06\/1750699320_plenariodiagonal_0.jpg?fit=930%2C558&ssl=1&resize=525%2C300 1.5x, https:\/\/i0.wp.com\/noticiasribeiraopreto.com.br\/wp-content\/uploads\/2025\/06\/1750699320_plenariodiagonal_0.jpg?fit=930%2C558&ssl=1&resize=700%2C400 2x"},"classes":[]}],"jetpack_sharing_enabled":true,"jetpack_shortlink":"https:\/\/wp.me\/peQAOb-i97","_links":{"self":[{"href":"https:\/\/noticiasribeiraopreto.com.br\/index.php\/wp-json\/wp\/v2\/posts\/69757","targetHints":{"allow":["GET"]}}],"collection":[{"href":"https:\/\/noticiasribeiraopreto.com.br\/index.php\/wp-json\/wp\/v2\/posts"}],"about":[{"href":"https:\/\/noticiasribeiraopreto.com.br\/index.php\/wp-json\/wp\/v2\/types\/post"}],"author":[{"embeddable":true,"href":"https:\/\/noticiasribeiraopreto.com.br\/index.php\/wp-json\/wp\/v2\/users\/1"}],"replies":[{"embeddable":true,"href":"https:\/\/noticiasribeiraopreto.com.br\/index.php\/wp-json\/wp\/v2\/comments?post=69757"}],"version-history":[{"count":0,"href":"https:\/\/noticiasribeiraopreto.com.br\/index.php\/wp-json\/wp\/v2\/posts\/69757\/revisions"}],"wp:featuredmedia":[{"embeddable":true,"href":"https:\/\/noticiasribeiraopreto.com.br\/index.php\/wp-json\/wp\/v2\/media\/69758"}],"wp:attachment":[{"href":"https:\/\/noticiasribeiraopreto.com.br\/index.php\/wp-json\/wp\/v2\/media?parent=69757"}],"wp:term":[{"taxonomy":"category","embeddable":true,"href":"https:\/\/noticiasribeiraopreto.com.br\/index.php\/wp-json\/wp\/v2\/categories?post=69757"},{"taxonomy":"post_tag","embeddable":true,"href":"https:\/\/noticiasribeiraopreto.com.br\/index.php\/wp-json\/wp\/v2\/tags?post=69757"}],"curies":[{"name":"wp","href":"https:\/\/api.w.org\/{rel}","templated":true}]}}