{"id":69763,"date":"2025-05-09T00:20:40","date_gmt":"2025-05-09T03:20:40","guid":{"rendered":"https:\/\/noticiasribeiraopreto.com.br\/index.php\/2025\/05\/09\/dia-das-maes-confira-dicas-para-preparar-um-almoco-saboroso-pratico-e-com-pouca-louca\/"},"modified":"2025-05-09T00:20:40","modified_gmt":"2025-05-09T03:20:40","slug":"dia-das-maes-confira-dicas-para-preparar-um-almoco-saboroso-pratico-e-com-pouca-louca","status":"publish","type":"post","link":"https:\/\/noticiasribeiraopreto.com.br\/index.php\/2025\/05\/09\/dia-das-maes-confira-dicas-para-preparar-um-almoco-saboroso-pratico-e-com-pouca-louca\/","title":{"rendered":"Dia das M\u00e3es: confira dicas para preparar um almo\u00e7o saboroso, pr\u00e1tico e com pouca lou\u00e7a"},"content":{"rendered":"<p> <br \/>\n<\/p>\n<div>\n<p>Comemorado no pr\u00f3ximo domingo (11), o Dia das M\u00e3es \u00e9 uma ocasi\u00e3o importante para reunir a fam\u00edlia e os amigos. E nada melhor do que uma boa refei\u00e7\u00e3o para esse momento. O professor Vitor Arduini, do curso de Gastronomia da Unifran, preparou algumas dicas para a prepara\u00e7\u00e3o do card\u00e1pio especial.<\/p>\n<p>\u201cA melhor forma de se organizar um almo\u00e7o para v\u00e1rias pessoas \u00e9 primeiramente pensar em card\u00e1pios f\u00e1ceis e diversos. Nunca conseguimos agradar ao gosto de todos, ent\u00e3o diversificando um pouco o menu do dia voc\u00ea conseguir\u00e1 que todos saiam felizes. J\u00e1 na facilidade seria em optar por refei\u00e7\u00f5es mais pr\u00e1ticas de serem feitas, como receitas feitas em uma panela s\u00f3\u201d, explica.<\/p>\n<p>Outro ponto importante \u00e9 a organiza\u00e7\u00e3o dos utens\u00edlios na hora de preparar o prato. \u201cSe n\u00e3o tiver algu\u00e9m para auxiliar, a melhor forma \u00e9 se programar bem, fazer tudo com muito tempo e calma para que n\u00e3o corra riscos dentro da cozinha. Procurar v\u00eddeos bem detalhados sobre como fazer a receita costuma ser de grande ajuda para quem estiver inseguro em uma prepara\u00e7\u00e3o. Faca bem afiada tamb\u00e9m \u00e9 de grande import\u00e2ncia, pois, por incr\u00edvel que pare\u00e7a, as chances de se acidentar s\u00e3o menores, pois ela ir\u00e1 cortar facilmente e apenas o alimento\u201d, pondera o professor da Unifran.<\/p>\n<p>Entre as op\u00e7\u00f5es de card\u00e1pio, o docente destacou uma receita pr\u00e1tica, completa e que suja pouca lou\u00e7a: um risoto de salm\u00e3o com br\u00f3colis e tomate seco.<\/p>\n<p>RECEITA DE SALM\u00c3O COM BROC\u00d3LIS E TOMATE SECO<\/p>\n<p>Essa receita serve at\u00e9 tr\u00eas pessoas, podendo apenas ir aumentando as quantidades para servir mais. Voc\u00ea precisar\u00e1 apenas de duas panelas grandes, faca, t\u00e1bua de corte, tigelas e ralador.<\/p>\n<p>300 g salm\u00e3o cortado em cubos<br \/>1 x\u00edcara de arroz arb\u00f3reo<br \/>1 x\u00edcara de br\u00f3colis congelado<br \/>\u00bd x\u00edcara de tomate seco levemente picado<br \/>01 alho-por\u00f3 fatiado (bem lavado)<br \/>\u00bd x\u00edcara de ch\u00e1 de vinho ros\u00e9 seco (pode utilizar branco tamb\u00e9m)<br \/>1,5 L de caldo de legumes<br \/>\u00bd cebola picada finamente<br \/>04 dentes de alhos picados<br \/>2 colheres de sopa de manteiga gelada<br \/>04 colheres de azeite de oliva ou \u00f3leo vegetal de sua prefer\u00eancia<br \/>\u00bd x\u00edcara de ch\u00e1 de Queijo parmes\u00e3o ralado (melhor ralado na hora)<br \/>Sal, Pimenta-do-reino e P\u00e1prica a gosto<\/p>\n<p>Modo de preparo<br \/>Fa\u00e7a um caldo de legumes utilizando as folhas do alho-por\u00f3, cascas da cebola, 01 dente de alho e temperos de sua prefer\u00eancia, em 02 litros de \u00e1gua, coloque tudo em uma panela grande e leve ao fogo baixo, fervendo levemente por 25 minutos (deixe fervendo enquanto faz o risoto).<\/p>\n<p>Em uma panela grande adicione o azeite e o alho, ligue o fogo e mexa o alho at\u00e9 dourar levemente, adicione o alho-por\u00f3 e a cebola e mexa at\u00e9 ficarem transl\u00facidos. Acrescente o arroz arb\u00f3reo e mexa por 02 minutos, acrescente o vinho e mexa at\u00e9 evaporar todo l\u00edquido, a partir daqui v\u00e1 adicionando 01 concha do caldo de legumes fervendo e mexendo at\u00e9 ele evaporar e ser absorvido pelo arroz, aproveite para temperar com sal e temperos.<\/p>\n<p>Ap\u00f3s 15 minutos mexendo e adicionando caldo, adicione o salm\u00e3o (ou se preferir corte em peda\u00e7os maiores, grelhe e sirva apenas por cima do risoto), o tomate seco e o br\u00f3colis e v\u00e1 mexendo mais delicadamente para n\u00e3o despeda\u00e7ar os ingredientes. Ap\u00f3s 5 a 10 minutos seu risoto deve adquirir cozimento completo, ent\u00e3o desligue o fogo, acrescente a manteiga gelada e o parmes\u00e3o ralado e mexa bem para incorporar no risoto. Sirva bem quente.<\/p>\n<p>Tem promo\u00e7\u00e3o tamb\u00e9m, participe!<\/p>\n<p><strong>Promo\u00e7\u00e3o do F3 Not\u00edcias com parceiros<\/strong><\/p>\n<p>Tr\u00eas super presentes para sua m\u00e3e no Sorteio Especial da promo\u00e7\u00e3o do F3 Not\u00edcias com parceiros!<\/p>\n<p>Promo\u00e7\u00e3o que oferece um super presente para sua m\u00e3e!<\/p>\n<p>Participe da promo\u00e7\u00e3o do Dia das M\u00e3es do F3 Not\u00edcias com o Instituto Bianchini Peixoto, Nanda Store e Ana Paula Pod\u00f3loga. O sorteio \u00e9 no dia 9\/5!<\/p>\n<p>Acesse o link abaixo e boa sorte!<\/p>\n<p>\u00a0<\/p>\n<blockquote class=\"instagram-media\" style=\"background: #FFF; border: 0; border-radius: 3px; box-shadow: 0 0 1px 0 rgba(0,0,0,0.5),0 1px 10px 0 rgba(0,0,0,0.15); margin: 1px; max-width: 540px; min-width: 326px; padding: 0; width: calc(100% - 2px);\" data-instgrm-captioned=\"\" data-instgrm-permalink=\"https:\/\/www.instagram.com\/p\/DJAltkLsgTC\/?utm_source=ig_embed&amp;utm_campaign=loading\" data-instgrm-version=\"14\">\n<\/blockquote>\n<p><!-- CONTENT END 1 --><\/p><\/div>\n<p><script async src=\"\/\/www.instagram.com\/embed.js\"><\/script><br \/>\n<br \/><br \/>\n<br \/><a href=\"https:\/\/www.f3noticias.com.br\/dia-das-maes-confira-dicas-para-preparar-um-almoco-saboroso-pratico-e-com-pouca-louca\/\">Source link <\/a><\/p>\n","protected":false},"excerpt":{"rendered":"<p>Comemorado no pr\u00f3ximo domingo (11), o Dia das M\u00e3es \u00e9 uma ocasi\u00e3o importante para reunir a fam\u00edlia e os amigos. E nada melhor do que&#8230;<\/p>\n","protected":false},"author":1,"featured_media":69764,"comment_status":"open","ping_status":"open","sticky":false,"template":"","format":"standard","meta":{"advanced_seo_description":"","jetpack_seo_html_title":"","jetpack_seo_noindex":false,"jetpack_post_was_ever_published":false,"_jetpack_newsletter_access":"","_jetpack_dont_email_post_to_subs":false,"_jetpack_newsletter_tier_id":0,"_jetpack_memberships_contains_paywalled_content":false,"_jetpack_memberships_contains_paid_content":false,"footnotes":"","jetpack_publicize_message":"","jetpack_publicize_feature_enabled":true,"jetpack_social_post_already_shared":true,"jetpack_social_options":{"image_generator_settings":{"template":"highway","default_image_id":0,"font":"","enabled":false},"version":2}},"categories":[3597],"tags":[],"class_list":["post-69763","post","type-post","status-publish","format-standard","has-post-thumbnail","hentry","category-noticias-franca-sp"],"jetpack_publicize_connections":[],"jetpack_featured_media_url":"https:\/\/i0.wp.com\/noticiasribeiraopreto.com.br\/wp-content\/uploads\/2025\/05\/salmao.jpg?fit=1200%2C630&ssl=1","jetpack-related-posts":[{"id":70306,"url":"https:\/\/noticiasribeiraopreto.com.br\/index.php\/2025\/05\/24\/jornal-da-franca-almoco-de-domingo-que-tal-um-cardapio-bastante-tradicional-para-reunir-a-familia\/","url_meta":{"origin":69763,"position":0},"title":"Jornal da Franca &#8211; Almo\u00e7o de domingo: que tal um card\u00e1pio bastante tradicional para reunir a fam\u00edlia?","author":"noticiasribeiraopreto.com.br","date":"24 de May de 2025","format":false,"excerpt":"compartilhar no whatsapp compartilhar no telegram compartilhar no facebook compartilhar no linkedin Frango de molho, macarronada, salada de maionese e outras del\u00edcias para um almo\u00e7o inesquec\u00edvel O domingo est\u00e1 a\u00ed! E o almo\u00e7o de domingo \u00e9 uma tradi\u00e7\u00e3o que re\u00fane a fam\u00edlia e os amigos em torno de uma mesa\u2026","rel":"","context":"In &quot;Not\u00edcias de Franca-SP&quot;","block_context":{"text":"Not\u00edcias de Franca-SP","link":"https:\/\/noticiasribeiraopreto.com.br\/index.php\/category\/noticias-de-ribeirao-preto-sp-e-regiao-ismael-colosi\/noticias-franca-sp\/"},"img":{"alt_text":"","src":"https:\/\/i0.wp.com\/noticiasribeiraopreto.com.br\/wp-content\/uploads\/2025\/05\/macarrao-bolonhesa-freepik-scaled.jpg?fit=1200%2C801&ssl=1&resize=350%2C200","width":350,"height":200,"srcset":"https:\/\/i0.wp.com\/noticiasribeiraopreto.com.br\/wp-content\/uploads\/2025\/05\/macarrao-bolonhesa-freepik-scaled.jpg?fit=1200%2C801&ssl=1&resize=350%2C200 1x, https:\/\/i0.wp.com\/noticiasribeiraopreto.com.br\/wp-content\/uploads\/2025\/05\/macarrao-bolonhesa-freepik-scaled.jpg?fit=1200%2C801&ssl=1&resize=525%2C300 1.5x, https:\/\/i0.wp.com\/noticiasribeiraopreto.com.br\/wp-content\/uploads\/2025\/05\/macarrao-bolonhesa-freepik-scaled.jpg?fit=1200%2C801&ssl=1&resize=700%2C400 2x, https:\/\/i0.wp.com\/noticiasribeiraopreto.com.br\/wp-content\/uploads\/2025\/05\/macarrao-bolonhesa-freepik-scaled.jpg?fit=1200%2C801&ssl=1&resize=1050%2C600 3x"},"classes":[]},{"id":49308,"url":"https:\/\/noticiasribeiraopreto.com.br\/index.php\/2024\/05\/09\/bom-prato-de-ribeirao-preto-oferece-almoco-especial-de-dia-de-maes-veja-o-cardapio\/","url_meta":{"origin":69763,"position":1},"title":"Bom Prato de Ribeir\u00e3o Preto oferece almo\u00e7o especial de Dia de M\u00e3es; Veja o card\u00e1pio","author":"noticiasribeiraopreto.com.br","date":"9 de May de 2024","format":false,"excerpt":"As duas unidades do restaurante Bom Prato em Ribeir\u00e3o Preto v\u00e3o servir um almo\u00e7o especial em celebra\u00e7\u00e3o ao Dia das M\u00e3es, neste domingo (12). O almo\u00e7o tem custo de R$ 1 para o usu\u00e1rio e a alimenta\u00e7\u00e3o \u00e9 balanceada com 1.200 calorias. O programa tem como objetivo oferecer refei\u00e7\u00f5es saud\u00e1veis\u2026","rel":"","context":"In &quot;Not\u00edcias de Ribeir\u00e3o Preto-SP e Regi\u00e3o&quot;","block_context":{"text":"Not\u00edcias de Ribeir\u00e3o Preto-SP e Regi\u00e3o","link":"https:\/\/noticiasribeiraopreto.com.br\/index.php\/category\/noticias-de-ribeirao-preto-sp-e-regiao-ismael-colosi\/"},"img":{"alt_text":"","src":"https:\/\/i0.wp.com\/noticiasribeiraopreto.com.br\/wp-content\/uploads\/2024\/05\/BomPratodeRibeiroPretotemcardpioespecialparaoDiadasMes_Tamanho_2_image.jpg?fit=1200%2C900&ssl=1&resize=350%2C200","width":350,"height":200,"srcset":"https:\/\/i0.wp.com\/noticiasribeiraopreto.com.br\/wp-content\/uploads\/2024\/05\/BomPratodeRibeiroPretotemcardpioespecialparaoDiadasMes_Tamanho_2_image.jpg?fit=1200%2C900&ssl=1&resize=350%2C200 1x, https:\/\/i0.wp.com\/noticiasribeiraopreto.com.br\/wp-content\/uploads\/2024\/05\/BomPratodeRibeiroPretotemcardpioespecialparaoDiadasMes_Tamanho_2_image.jpg?fit=1200%2C900&ssl=1&resize=525%2C300 1.5x, https:\/\/i0.wp.com\/noticiasribeiraopreto.com.br\/wp-content\/uploads\/2024\/05\/BomPratodeRibeiroPretotemcardpioespecialparaoDiadasMes_Tamanho_2_image.jpg?fit=1200%2C900&ssl=1&resize=700%2C400 2x, https:\/\/i0.wp.com\/noticiasribeiraopreto.com.br\/wp-content\/uploads\/2024\/05\/BomPratodeRibeiroPretotemcardpioespecialparaoDiadasMes_Tamanho_2_image.jpg?fit=1200%2C900&ssl=1&resize=1050%2C600 3x"},"classes":[]},{"id":67815,"url":"https:\/\/noticiasribeiraopreto.com.br\/index.php\/2025\/04\/18\/jornal-da-franca-confira-algumas-dicas-para-nao-errar-na-hora-de-preparar-o-bacalhau-na-pascoa\/","url_meta":{"origin":69763,"position":2},"title":"Jornal da Franca &#8211; Confira algumas dicas para n\u00e3o errar na hora de preparar o bacalhau na P\u00e1scoa","author":"noticiasribeiraopreto.com.br","date":"18 de April de 2025","format":false,"excerpt":"compartilhar no whatsapp compartilhar no telegram compartilhar no facebook compartilhar no linkedin Preparar um prato com bacalhau na P\u00e1scoa pode ser mais simples do que voc\u00ea imagina! Confira dicas para dessalgar e armazenar o peixe Todo prato que tenha o bacalhau precisa seguir uma s\u00e9rie de detalhes para n\u00e3o estragar\u2026","rel":"","context":"In &quot;Not\u00edcias de Franca-SP&quot;","block_context":{"text":"Not\u00edcias de Franca-SP","link":"https:\/\/noticiasribeiraopreto.com.br\/index.php\/category\/noticias-de-ribeirao-preto-sp-e-regiao-ismael-colosi\/noticias-franca-sp\/"},"img":{"alt_text":"","src":"https:\/\/i0.wp.com\/noticiasribeiraopreto.com.br\/wp-content\/uploads\/2025\/04\/bacalhau-a-portuguesa.jpeg?fit=1200%2C800&ssl=1&resize=350%2C200","width":350,"height":200,"srcset":"https:\/\/i0.wp.com\/noticiasribeiraopreto.com.br\/wp-content\/uploads\/2025\/04\/bacalhau-a-portuguesa.jpeg?fit=1200%2C800&ssl=1&resize=350%2C200 1x, https:\/\/i0.wp.com\/noticiasribeiraopreto.com.br\/wp-content\/uploads\/2025\/04\/bacalhau-a-portuguesa.jpeg?fit=1200%2C800&ssl=1&resize=525%2C300 1.5x, https:\/\/i0.wp.com\/noticiasribeiraopreto.com.br\/wp-content\/uploads\/2025\/04\/bacalhau-a-portuguesa.jpeg?fit=1200%2C800&ssl=1&resize=700%2C400 2x, https:\/\/i0.wp.com\/noticiasribeiraopreto.com.br\/wp-content\/uploads\/2025\/04\/bacalhau-a-portuguesa.jpeg?fit=1200%2C800&ssl=1&resize=1050%2C600 3x"},"classes":[]},{"id":55997,"url":"https:\/\/noticiasribeiraopreto.com.br\/index.php\/2024\/08\/08\/bom-prato-de-ribeirao-oferece-almoco-especial-para-o-dia-dos-pais-veja-o-cardapio\/","url_meta":{"origin":69763,"position":3},"title":"Bom Prato de Ribeir\u00e3o oferece almo\u00e7o especial para o Dia dos Pais; Veja o card\u00e1pio","author":"noticiasribeiraopreto.com.br","date":"8 de August de 2024","format":false,"excerpt":"Os restaurantes do Bom Prato em Ribeir\u00e3o Preto servir\u00e3o, nesta sexta-feira (9), um almo\u00e7o especial em celebra\u00e7\u00e3o ao Dia dos Pais. As duas unidades oferecem caf\u00e9 da manh\u00e3 a R$0,50 e almo\u00e7o a R$ 1,00. As refei\u00e7\u00f5es s\u00e3o balanceadas com 1.200 calorias. O programa tem como objetivo oferecer refei\u00e7\u00f5es saud\u00e1veis\u2026","rel":"","context":"In &quot;Not\u00edcias de Ribeir\u00e3o Preto-SP e Regi\u00e3o&quot;","block_context":{"text":"Not\u00edcias de Ribeir\u00e3o Preto-SP e Regi\u00e3o","link":"https:\/\/noticiasribeiraopreto.com.br\/index.php\/category\/noticias-de-ribeirao-preto-sp-e-regiao-ismael-colosi\/"},"img":{"alt_text":"","src":"https:\/\/i0.wp.com\/noticiasribeiraopreto.com.br\/wp-content\/uploads\/2024\/08\/RestaurantesdoBomPratoemRibeiroPretooferecemalmooespecialdePscoa_Tamanho_2_image.jpg?fit=1200%2C900&ssl=1&resize=350%2C200","width":350,"height":200,"srcset":"https:\/\/i0.wp.com\/noticiasribeiraopreto.com.br\/wp-content\/uploads\/2024\/08\/RestaurantesdoBomPratoemRibeiroPretooferecemalmooespecialdePscoa_Tamanho_2_image.jpg?fit=1200%2C900&ssl=1&resize=350%2C200 1x, https:\/\/i0.wp.com\/noticiasribeiraopreto.com.br\/wp-content\/uploads\/2024\/08\/RestaurantesdoBomPratoemRibeiroPretooferecemalmooespecialdePscoa_Tamanho_2_image.jpg?fit=1200%2C900&ssl=1&resize=525%2C300 1.5x, https:\/\/i0.wp.com\/noticiasribeiraopreto.com.br\/wp-content\/uploads\/2024\/08\/RestaurantesdoBomPratoemRibeiroPretooferecemalmooespecialdePscoa_Tamanho_2_image.jpg?fit=1200%2C900&ssl=1&resize=700%2C400 2x, https:\/\/i0.wp.com\/noticiasribeiraopreto.com.br\/wp-content\/uploads\/2024\/08\/RestaurantesdoBomPratoemRibeiroPretooferecemalmooespecialdePscoa_Tamanho_2_image.jpg?fit=1200%2C900&ssl=1&resize=1050%2C600 3x"},"classes":[]},{"id":22661,"url":"https:\/\/noticiasribeiraopreto.com.br\/index.php\/2023\/12\/30\/veja-o-cardapio-do-almoco-do-bom-prato-de-ribeirao-na-vespera-e-no-ano-novo\/","url_meta":{"origin":69763,"position":4},"title":"Veja o card\u00e1pio do almo\u00e7o do Bom Prato de Ribeir\u00e3o na v\u00e9spera e no Ano-Novo","author":"noticiasribeiraopreto.com.br","date":"30 de December de 2023","format":false,"excerpt":"As duas unidades do Bom Prato de Ribeir\u00e3o Preto v\u00e3o servir almo\u00e7o na v\u00e9spera e no dia de Ano-Novo. Os dois restaurantes populares da cidade v\u00e3o funcionar das 12h \u00e0s 15h e contar\u00e3o com card\u00e1pio especial. \u00c9 a primeira vez que as unidades funcionar\u00e3o no dia de Ano-Novo \u2013 anteriormente,\u2026","rel":"","context":"In &quot;Not\u00edcias de Ribeir\u00e3o Preto-SP e Regi\u00e3o&quot;","block_context":{"text":"Not\u00edcias de Ribeir\u00e3o Preto-SP e Regi\u00e3o","link":"https:\/\/noticiasribeiraopreto.com.br\/index.php\/category\/noticias-de-ribeirao-preto-sp-e-regiao-ismael-colosi\/"},"img":{"alt_text":"","src":"https:\/\/i0.wp.com\/noticiasribeiraopreto.com.br\/wp-content\/uploads\/2023\/12\/bom-prato.jpg?fit=1200%2C825&ssl=1&resize=350%2C200","width":350,"height":200,"srcset":"https:\/\/i0.wp.com\/noticiasribeiraopreto.com.br\/wp-content\/uploads\/2023\/12\/bom-prato.jpg?fit=1200%2C825&ssl=1&resize=350%2C200 1x, https:\/\/i0.wp.com\/noticiasribeiraopreto.com.br\/wp-content\/uploads\/2023\/12\/bom-prato.jpg?fit=1200%2C825&ssl=1&resize=525%2C300 1.5x, https:\/\/i0.wp.com\/noticiasribeiraopreto.com.br\/wp-content\/uploads\/2023\/12\/bom-prato.jpg?fit=1200%2C825&ssl=1&resize=700%2C400 2x, https:\/\/i0.wp.com\/noticiasribeiraopreto.com.br\/wp-content\/uploads\/2023\/12\/bom-prato.jpg?fit=1200%2C825&ssl=1&resize=1050%2C600 3x"},"classes":[]},{"id":78404,"url":"https:\/\/noticiasribeiraopreto.com.br\/index.php\/2025\/10\/09\/bom-prato-oferece-almoco-especial-para-o-dia-das-criancas-veja-o-cardapio\/","url_meta":{"origin":69763,"position":5},"title":"Bom Prato oferece almo\u00e7o especial para o Dia das Crian\u00e7as; Veja o card\u00e1pio","author":"noticiasribeiraopreto.com.br","date":"9 de October de 2025","format":false,"excerpt":"As duas unidades do restaurante Bom Prato em Ribeir\u00e3o Preto v\u00e3o oferecer um almo\u00e7o especial nesta sexta-feira (10) em comemora\u00e7\u00e3o ao Dia das Crian\u00e7as. Segundo o Governo do Estado de S\u00e3o Paulo, os restaurantes de Barretos e Franca tamb\u00e9m ter\u00e3o op\u00e7\u00f5es especiais \u2013 confira o card\u00e1pio de cada unidade logo\u2026","rel":"","context":"In &quot;Not\u00edcias de Ribeir\u00e3o Preto-SP e Regi\u00e3o&quot;","block_context":{"text":"Not\u00edcias de Ribeir\u00e3o Preto-SP e Regi\u00e3o","link":"https:\/\/noticiasribeiraopreto.com.br\/index.php\/category\/noticias-de-ribeirao-preto-sp-e-regiao-ismael-colosi\/"},"img":{"alt_text":"","src":"https:\/\/i0.wp.com\/noticiasribeiraopreto.com.br\/wp-content\/uploads\/2025\/10\/bom-prato-1024x704.jpg?fit=1024%2C704&ssl=1&resize=350%2C200","width":350,"height":200,"srcset":"https:\/\/i0.wp.com\/noticiasribeiraopreto.com.br\/wp-content\/uploads\/2025\/10\/bom-prato-1024x704.jpg?fit=1024%2C704&ssl=1&resize=350%2C200 1x, https:\/\/i0.wp.com\/noticiasribeiraopreto.com.br\/wp-content\/uploads\/2025\/10\/bom-prato-1024x704.jpg?fit=1024%2C704&ssl=1&resize=525%2C300 1.5x, https:\/\/i0.wp.com\/noticiasribeiraopreto.com.br\/wp-content\/uploads\/2025\/10\/bom-prato-1024x704.jpg?fit=1024%2C704&ssl=1&resize=700%2C400 2x"},"classes":[]}],"jetpack_sharing_enabled":true,"jetpack_shortlink":"https:\/\/wp.me\/peQAOb-i9d","_links":{"self":[{"href":"https:\/\/noticiasribeiraopreto.com.br\/index.php\/wp-json\/wp\/v2\/posts\/69763","targetHints":{"allow":["GET"]}}],"collection":[{"href":"https:\/\/noticiasribeiraopreto.com.br\/index.php\/wp-json\/wp\/v2\/posts"}],"about":[{"href":"https:\/\/noticiasribeiraopreto.com.br\/index.php\/wp-json\/wp\/v2\/types\/post"}],"author":[{"embeddable":true,"href":"https:\/\/noticiasribeiraopreto.com.br\/index.php\/wp-json\/wp\/v2\/users\/1"}],"replies":[{"embeddable":true,"href":"https:\/\/noticiasribeiraopreto.com.br\/index.php\/wp-json\/wp\/v2\/comments?post=69763"}],"version-history":[{"count":0,"href":"https:\/\/noticiasribeiraopreto.com.br\/index.php\/wp-json\/wp\/v2\/posts\/69763\/revisions"}],"wp:featuredmedia":[{"embeddable":true,"href":"https:\/\/noticiasribeiraopreto.com.br\/index.php\/wp-json\/wp\/v2\/media\/69764"}],"wp:attachment":[{"href":"https:\/\/noticiasribeiraopreto.com.br\/index.php\/wp-json\/wp\/v2\/media?parent=69763"}],"wp:term":[{"taxonomy":"category","embeddable":true,"href":"https:\/\/noticiasribeiraopreto.com.br\/index.php\/wp-json\/wp\/v2\/categories?post=69763"},{"taxonomy":"post_tag","embeddable":true,"href":"https:\/\/noticiasribeiraopreto.com.br\/index.php\/wp-json\/wp\/v2\/tags?post=69763"}],"curies":[{"name":"wp","href":"https:\/\/api.w.org\/{rel}","templated":true}]}}