{"id":69765,"date":"2025-05-09T01:24:28","date_gmt":"2025-05-09T04:24:28","guid":{"rendered":"https:\/\/noticiasribeiraopreto.com.br\/index.php\/2025\/05\/09\/jornal-da-franca-medica-especialista-reforca-os-riscos-do-consumo-de-remedios-sem-orientacao-medica\/"},"modified":"2025-05-09T01:24:28","modified_gmt":"2025-05-09T04:24:28","slug":"jornal-da-franca-medica-especialista-reforca-os-riscos-do-consumo-de-remedios-sem-orientacao-medica","status":"publish","type":"post","link":"https:\/\/noticiasribeiraopreto.com.br\/index.php\/2025\/05\/09\/jornal-da-franca-medica-especialista-reforca-os-riscos-do-consumo-de-remedios-sem-orientacao-medica\/","title":{"rendered":"Jornal da Franca &#8211; M\u00e9dica especialista refor\u00e7a os riscos do consumo de rem\u00e9dios sem orienta\u00e7\u00e3o m\u00e9dica"},"content":{"rendered":"<p> <br \/>\n<\/p>\n<div>\n\t                            <a class=\"mb-1\" href=\"https:\/\/api.whatsapp.com\/send?text=Olha essa Not\u00edcia no Jornal da Franca.%0D%0D*M\u00e9dica especialista refor\u00e7a os riscos do consumo de rem\u00e9dios sem orienta\u00e7\u00e3o m\u00e9dica*%0D%0Dclique na url abaixo%0Dhttps:\/\/www.jornaldafranca.com.br\/medica-especialista-reforca-os-riscos-do-consumo-de-remedios-sem-orientacao-medica\/\" target=\"_blank\"><span class=\"text-12 badge badge-pill badge-success\"><i class=\"fa fa-whatsapp\"\/> compartilhar no whatsapp<\/span><\/a><\/p>\n<p>\t                            <a class=\"mb-1\" href=\"https:\/\/telegram.me\/share\/url?url=https:\/\/www.jornaldafranca.com.br\/medica-especialista-reforca-os-riscos-do-consumo-de-remedios-sem-orientacao-medica\/&amp;text=Olha essa Not\u00edcia no Jornal da Franca.\" target=\"_blank\"><span class=\"text-12 badge badge-pill badge-info\"><i class=\"fa fa-telegram\"\/> compartilhar no telegram<\/span><\/a><\/p>\n<p>\t                            <a class=\"mb-1\" href=\"https:\/\/www.facebook.com\/sharer\/sharer.php?u=https:\/\/www.jornaldafranca.com.br\/medica-especialista-reforca-os-riscos-do-consumo-de-remedios-sem-orientacao-medica\/\" target=\"_blank\"><span class=\"text-12 badge badge-pill badge-primary\"><i class=\"fa fa-facebook\"\/> compartilhar no facebook<\/span><\/a><\/p>\n<p>\t                            <a class=\"mb-1\" href=\"https:\/\/www.linkedin.com\/shareArticle?mini=true&amp;url=https:\/\/www.jornaldafranca.com.br\/medica-especialista-reforca-os-riscos-do-consumo-de-remedios-sem-orientacao-medica\/&amp;title=M\u00e9dica especialista refor\u00e7a os riscos do consumo de rem\u00e9dios sem orienta\u00e7\u00e3o m\u00e9dica&amp;source=JORNAL DA FRANCA\" target=\"_blank\"><span class=\"text-12 badge badge-pill badge-secondary\"><i class=\"fa fa-linkedin\"\/> compartilhar no linkedin<\/span><\/a><\/p>\n<div class=\"lead text-20\">\n<p>Al\u00e9m de comprometer a sa\u00fade individual, a automedica\u00e7\u00e3o pressiona o sistema de sa\u00fade com interna\u00e7\u00f5es que poderiam ser evit\u00e1veis.<\/p>\n<\/p><\/div>\n<p><img data-recalc-dims=\"1\" decoding=\"async\" src=\"https:\/\/i0.wp.com\/www.jornaldafranca.com.br\/wp-content\/uploads\/2025\/05\/closeup-shot-of-a-person-holding-two-white-capsules.jpg?ssl=1\" alt=\"\"\/><\/p>\n<p>Embora muitas vezes tratada com naturalidade, a pr\u00e1tica de tomar medicamentos por conta pr\u00f3pria ainda preocupa m\u00e9dicos e autoridades de sa\u00fade em todo o Brasil.<\/p>\n<p>A automedica\u00e7\u00e3o pode causar s\u00e9rias complica\u00e7\u00f5es, desde rea\u00e7\u00f5es adversas at\u00e9 o agravamento de doen\u00e7as n\u00e3o diagnosticadas corretamente.<\/p>\n<p>Dados da Organiza\u00e7\u00e3o Mundial da Sa\u00fade (OMS) apontam que uma em cada dez interna\u00e7\u00f5es hospitalares no Brasil est\u00e1 relacionada a rea\u00e7\u00f5es provocadas por medicamentos, muitas vezes utilizados sem prescri\u00e7\u00e3o ou orienta\u00e7\u00e3o profissional.<\/p>\n<p>Antibi\u00f3ticos, anti-inflamat\u00f3rios, analg\u00e9sicos e at\u00e9 xaropes para tosse est\u00e3o entre os mais consumidos de forma indiscriminada.<\/p>\n<p><strong>Perigoso<\/strong><\/p>\n<p>A otorrinolaringologista e membro da Associa\u00e7\u00e3o Brasileira de Otorrinolaringologia e Cirurgia C\u00e9rvico-Facial (ABORL CCF), Dra. Roberta Pilla, explica que esse comportamento pode ser perigoso.<\/p>\n<p>\u201c\u00c9 comum vermos pacientes que tomam medicamentos por conta pr\u00f3pria achando que est\u00e3o tratando uma doen\u00e7a, quando na verdade est\u00e3o mascarando sintomas mais s\u00e9rios, o que atrasa, muitas vezes, alguns diagn\u00f3sticos. E isso pode fazer interfer\u00eancias em medica\u00e7\u00f5es e causar rea\u00e7\u00f5es al\u00e9rgicas de hipersensibilidade e intoxica\u00e7\u00e3o. Um outro exemplo deste risco \u00e9 o uso indevido de antibi\u00f3ticos que pode ocasionar o desenvolvimento de bact\u00e9rias resistentes, piorando o quadro do paciente \u201c, explica a especialista.<\/p>\n<p>Essa tend\u00eancia de evitar a consulta m\u00e9dica e recorrer a medicamentos por conta pr\u00f3pria foi evidenciada em uma pesquisa realizada entre agosto e setembro de 2024 pela Vital Strategies e pela Umane, com apoio t\u00e9cnico da Universidade Federal de Pelotas (UFPel) e colabora\u00e7\u00e3o do Instituto Devive e da organiza\u00e7\u00e3o Resolve to Save Lives.<\/p>\n<p>O estudo mostrou que 62% dos brasileiros que precisaram de atendimento m\u00e9dico na aten\u00e7\u00e3o prim\u00e1ria no \u00faltimo ano n\u00e3o buscaram o servi\u00e7o, sendo que 35,1% deles relataram ter se automedicado.<\/p>\n<p>\u201cDe maneira geral, a desinforma\u00e7\u00e3o da popula\u00e7\u00e3o pode acarretar na piora de muitas doen\u00e7as e, at\u00e9 mesmo, na cronicidade delas, o que pode ser evitado se eliminarmos a cultura da automedica\u00e7\u00e3o. Isso \u00e9 poss\u00edvel por meio da informa\u00e7\u00e3o correta propagada n\u00e3o apenas por n\u00f3s profissionais de sa\u00fade, como por educadores, imprensa, entre outros\u201d, defende Dra Roberta.<\/p>\n<p><strong>Indica\u00e7\u00e3o de amigos<\/strong><\/p>\n<p>Nesse sentido, a especialista\u00a0 refor\u00e7a\u00a0 que a principal forma de preven\u00e7\u00e3o \u00e9 a informa\u00e7\u00e3o. \u201cAntes de tomar qualquer medicamento, \u00e9 fundamental procurar um profissional de sa\u00fade. A pr\u00e1tica do \u2018remedinho conhecido\u2019 ou a indica\u00e7\u00e3o de amigos e parentes, ou na farm\u00e1cia\u00a0 pode parecer inofensiva, mas traz riscos reais\u201d, enfatiza a m\u00e9dica .<\/p>\n<p>Assim, \u00e9 fundamental entender que a automedica\u00e7\u00e3o \u00e9 um risco real. Al\u00e9m de comprometer a sa\u00fade individual, ela pressiona o sistema de sa\u00fade com interna\u00e7\u00f5es evit\u00e1veis. Por isso, buscar orienta\u00e7\u00e3o profissional \u00e9 essencial para proteger toda a sociedade.<\/p>\n<p><!-- CONTENT END 1 --><\/p>\n<hr\/><\/div>\n<p><br \/>\n<br \/><a href=\"https:\/\/www.jornaldafranca.com.br\/medica-especialista-reforca-os-riscos-do-consumo-de-remedios-sem-orientacao-medica\/\">Source link <\/a><\/p>\n","protected":false},"excerpt":{"rendered":"<p>compartilhar no whatsapp compartilhar no telegram compartilhar no facebook compartilhar no linkedin Al\u00e9m de comprometer a sa\u00fade individual, a automedica\u00e7\u00e3o pressiona o sistema de sa\u00fade&#8230;<\/p>\n","protected":false},"author":1,"featured_media":69766,"comment_status":"open","ping_status":"open","sticky":false,"template":"","format":"standard","meta":{"advanced_seo_description":"","jetpack_seo_html_title":"","jetpack_seo_noindex":false,"jetpack_post_was_ever_published":false,"_jetpack_newsletter_access":"","_jetpack_dont_email_post_to_subs":false,"_jetpack_newsletter_tier_id":0,"_jetpack_memberships_contains_paywalled_content":false,"_jetpack_memberships_contains_paid_content":false,"footnotes":"","jetpack_publicize_message":"","jetpack_publicize_feature_enabled":true,"jetpack_social_post_already_shared":true,"jetpack_social_options":{"image_generator_settings":{"template":"highway","default_image_id":0,"font":"","enabled":false},"version":2}},"categories":[3597],"tags":[],"class_list":["post-69765","post","type-post","status-publish","format-standard","has-post-thumbnail","hentry","category-noticias-franca-sp"],"jetpack_publicize_connections":[],"jetpack_featured_media_url":"https:\/\/i0.wp.com\/noticiasribeiraopreto.com.br\/wp-content\/uploads\/2025\/05\/closeup-shot-of-a-person-holding-two-white-capsules.jpg?fit=1000%2C667&ssl=1","jetpack-related-posts":[{"id":65459,"url":"https:\/\/noticiasribeiraopreto.com.br\/index.php\/2025\/03\/20\/jornal-da-franca-assessoria-diz-que-prefeito-alexandre-ferreira-foi-internado-para-avaliacao-medica\/","url_meta":{"origin":69765,"position":0},"title":"Jornal da Franca &#8211; Assessoria diz que prefeito Alexandre Ferreira foi internado para avalia\u00e7\u00e3o m\u00e9dica","author":"noticiasribeiraopreto.com.br","date":"20 de March de 2025","format":false,"excerpt":"compartilhar no whatsapp compartilhar no telegram compartilhar no facebook compartilhar no linkedin Mesmo divulgando a interna\u00e7\u00e3o do prefeito, a nota da Prefeitura n\u00e3o passou mais informa\u00e7\u00f5es sobre qual o problema de sa\u00fade A Assessoria de Imprensa da Prefeitura de Franca divulgou uma nota informando que o prefeito Alexandre Ferreira foi\u2026","rel":"","context":"In &quot;Not\u00edcias de Franca-SP&quot;","block_context":{"text":"Not\u00edcias de Franca-SP","link":"https:\/\/noticiasribeiraopreto.com.br\/index.php\/category\/noticias-de-ribeirao-preto-sp-e-regiao-ismael-colosi\/noticias-franca-sp\/"},"img":{"alt_text":"","src":"https:\/\/i0.wp.com\/noticiasribeiraopreto.com.br\/wp-content\/uploads\/2025\/03\/alexandre-ferreira-globo.jpg?fit=984%2C637&ssl=1&resize=350%2C200","width":350,"height":200,"srcset":"https:\/\/i0.wp.com\/noticiasribeiraopreto.com.br\/wp-content\/uploads\/2025\/03\/alexandre-ferreira-globo.jpg?fit=984%2C637&ssl=1&resize=350%2C200 1x, https:\/\/i0.wp.com\/noticiasribeiraopreto.com.br\/wp-content\/uploads\/2025\/03\/alexandre-ferreira-globo.jpg?fit=984%2C637&ssl=1&resize=525%2C300 1.5x, https:\/\/i0.wp.com\/noticiasribeiraopreto.com.br\/wp-content\/uploads\/2025\/03\/alexandre-ferreira-globo.jpg?fit=984%2C637&ssl=1&resize=700%2C400 2x"},"classes":[]},{"id":72889,"url":"https:\/\/noticiasribeiraopreto.com.br\/index.php\/2025\/06\/22\/jornal-da-franca-implante-de-silicone-atrai-mulheres-em-franca-por-estetica-e-necessidade-medica\/","url_meta":{"origin":69765,"position":1},"title":"Jornal da Franca &#8211; Implante de silicone atrai mulheres em Franca por est\u00e9tica e necessidade m\u00e9dica","author":"noticiasribeiraopreto.com.br","date":"22 de June de 2025","format":false,"excerpt":"compartilhar no whatsapp compartilhar no telegram compartilhar no facebook compartilhar no linkedin Cirurgia \u00e9 popular entre francanas, mas exige cuidados na indica\u00e7\u00e3o, escolha da cl\u00ednica e recupera\u00e7\u00e3o O desejo de colocar pr\u00f3teses de silicone movimenta o setor de cirurgias pl\u00e1sticas em Franca. Cada vez mais mulheres buscam o procedimento, seja\u2026","rel":"","context":"In &quot;Not\u00edcias de Franca-SP&quot;","block_context":{"text":"Not\u00edcias de Franca-SP","link":"https:\/\/noticiasribeiraopreto.com.br\/index.php\/category\/noticias-de-ribeirao-preto-sp-e-regiao-ismael-colosi\/noticias-franca-sp\/"},"img":{"alt_text":"","src":"https:\/\/i0.wp.com\/noticiasribeiraopreto.com.br\/wp-content\/uploads\/2025\/06\/informacoes-sobre-protese-de-silicone.jpg?fit=1200%2C806&ssl=1&resize=350%2C200","width":350,"height":200,"srcset":"https:\/\/i0.wp.com\/noticiasribeiraopreto.com.br\/wp-content\/uploads\/2025\/06\/informacoes-sobre-protese-de-silicone.jpg?fit=1200%2C806&ssl=1&resize=350%2C200 1x, https:\/\/i0.wp.com\/noticiasribeiraopreto.com.br\/wp-content\/uploads\/2025\/06\/informacoes-sobre-protese-de-silicone.jpg?fit=1200%2C806&ssl=1&resize=525%2C300 1.5x, https:\/\/i0.wp.com\/noticiasribeiraopreto.com.br\/wp-content\/uploads\/2025\/06\/informacoes-sobre-protese-de-silicone.jpg?fit=1200%2C806&ssl=1&resize=700%2C400 2x, https:\/\/i0.wp.com\/noticiasribeiraopreto.com.br\/wp-content\/uploads\/2025\/06\/informacoes-sobre-protese-de-silicone.jpg?fit=1200%2C806&ssl=1&resize=1050%2C600 3x"},"classes":[]},{"id":69472,"url":"https:\/\/noticiasribeiraopreto.com.br\/index.php\/2025\/05\/06\/jornal-da-franca-nao-e-coisa-a-toa-visao-embacada-pode-indicar-problemas-e-exigir-avaliacao-medica\/","url_meta":{"origin":69765,"position":2},"title":"Jornal da Franca &#8211; N\u00e3o \u00e9 &#8220;coisa \u00e0 toa&#8221;: vis\u00e3o emba\u00e7ada pode indicar problemas e exigir avalia\u00e7\u00e3o m\u00e9dica","author":"noticiasribeiraopreto.com.br","date":"6 de May de 2025","format":false,"excerpt":"compartilhar no whatsapp compartilhar no telegram compartilhar no facebook compartilhar no linkedin Altera\u00e7\u00f5es visuais frequentes podem estar relacionadas a condi\u00e7\u00f5es como diabetes, hipertens\u00e3o ou doen\u00e7as oculares e devem ser investigadas A sensa\u00e7\u00e3o frequente de vis\u00e3o emba\u00e7ada pode ir muito al\u00e9m do cansa\u00e7o visual e deve servir de alerta para a\u2026","rel":"","context":"In &quot;Not\u00edcias de Franca-SP&quot;","block_context":{"text":"Not\u00edcias de Franca-SP","link":"https:\/\/noticiasribeiraopreto.com.br\/index.php\/category\/noticias-de-ribeirao-preto-sp-e-regiao-ismael-colosi\/noticias-franca-sp\/"},"img":{"alt_text":"","src":"https:\/\/i0.wp.com\/noticiasribeiraopreto.com.br\/wp-content\/uploads\/2025\/05\/exame-oftalmologico.jpg?fit=1200%2C675&ssl=1&resize=350%2C200","width":350,"height":200,"srcset":"https:\/\/i0.wp.com\/noticiasribeiraopreto.com.br\/wp-content\/uploads\/2025\/05\/exame-oftalmologico.jpg?fit=1200%2C675&ssl=1&resize=350%2C200 1x, https:\/\/i0.wp.com\/noticiasribeiraopreto.com.br\/wp-content\/uploads\/2025\/05\/exame-oftalmologico.jpg?fit=1200%2C675&ssl=1&resize=525%2C300 1.5x, https:\/\/i0.wp.com\/noticiasribeiraopreto.com.br\/wp-content\/uploads\/2025\/05\/exame-oftalmologico.jpg?fit=1200%2C675&ssl=1&resize=700%2C400 2x, https:\/\/i0.wp.com\/noticiasribeiraopreto.com.br\/wp-content\/uploads\/2025\/05\/exame-oftalmologico.jpg?fit=1200%2C675&ssl=1&resize=1050%2C600 3x"},"classes":[]},{"id":70898,"url":"https:\/\/noticiasribeiraopreto.com.br\/index.php\/2025\/05\/31\/jornal-da-franca-franca-vive-clima-polar-dormir-de-luvas-e-meias-e-charme-ou-uma-questao-de-saude\/","url_meta":{"origin":69765,"position":3},"title":"Jornal da Franca &#8211; Franca vive clima &#8220;polar&#8221;: dormir de luvas e meias \u00e9 charme ou uma quest\u00e3o de sa\u00fade?","author":"noticiasribeiraopreto.com.br","date":"31 de May de 2025","format":false,"excerpt":"compartilhar no whatsapp compartilhar no telegram compartilhar no facebook compartilhar no linkedin Especialistas explicam os efeitos de manter m\u00e3os e p\u00e9s aquecidos durante o sono Com a chegada das noites mais frias, \u00e9 comum recorrer a cobertores pesados e roupas mais quentes \u2014 e, para alguns, incluir luvas e meias\u2026","rel":"","context":"In &quot;Not\u00edcias de Franca-SP&quot;","block_context":{"text":"Not\u00edcias de Franca-SP","link":"https:\/\/noticiasribeiraopreto.com.br\/index.php\/category\/noticias-de-ribeirao-preto-sp-e-regiao-ismael-colosi\/noticias-franca-sp\/"},"img":{"alt_text":"","src":"https:\/\/i0.wp.com\/noticiasribeiraopreto.com.br\/wp-content\/uploads\/2025\/05\/pessoa-de-meia-na-lareira.jpg?fit=1200%2C675&ssl=1&resize=350%2C200","width":350,"height":200,"srcset":"https:\/\/i0.wp.com\/noticiasribeiraopreto.com.br\/wp-content\/uploads\/2025\/05\/pessoa-de-meia-na-lareira.jpg?fit=1200%2C675&ssl=1&resize=350%2C200 1x, https:\/\/i0.wp.com\/noticiasribeiraopreto.com.br\/wp-content\/uploads\/2025\/05\/pessoa-de-meia-na-lareira.jpg?fit=1200%2C675&ssl=1&resize=525%2C300 1.5x, https:\/\/i0.wp.com\/noticiasribeiraopreto.com.br\/wp-content\/uploads\/2025\/05\/pessoa-de-meia-na-lareira.jpg?fit=1200%2C675&ssl=1&resize=700%2C400 2x, https:\/\/i0.wp.com\/noticiasribeiraopreto.com.br\/wp-content\/uploads\/2025\/05\/pessoa-de-meia-na-lareira.jpg?fit=1200%2C675&ssl=1&resize=1050%2C600 3x"},"classes":[]},{"id":64643,"url":"https:\/\/noticiasribeiraopreto.com.br\/index.php\/2025\/03\/11\/jornal-da-franca-vereadores-de-franca-querem-laudos-medicos-mais-detalhados-da-rede-publica-de-saude\/","url_meta":{"origin":69765,"position":4},"title":"Jornal da Franca &#8211; Vereadores de Franca querem laudos m\u00e9dicos mais detalhados da rede p\u00fablica de sa\u00fade","author":"noticiasribeiraopreto.com.br","date":"11 de March de 2025","format":false,"excerpt":"compartilhar no whatsapp compartilhar no telegram compartilhar no facebook compartilhar no linkedin M\u00e9dicos ter\u00e3o at\u00e9 dez dias para emitir laudos e poder\u00e3o ser penalizados Na sess\u00e3o desta ter\u00e7a-feira, os parlamentares de Franca votar\u00e3o o Projeto de Lei Ordin\u00e1ria n\u00ba 6\/2025, de autoria de Marcelo Tidy (MDB), que disp\u00f5e sobre a\u2026","rel":"","context":"In &quot;Not\u00edcias de Franca-SP&quot;","block_context":{"text":"Not\u00edcias de Franca-SP","link":"https:\/\/noticiasribeiraopreto.com.br\/index.php\/category\/noticias-de-ribeirao-preto-sp-e-regiao-ismael-colosi\/noticias-franca-sp\/"},"img":{"alt_text":"","src":"https:\/\/i0.wp.com\/noticiasribeiraopreto.com.br\/wp-content\/uploads\/2025\/03\/paciente-do-sexo-feminino-jovem-na-clinica-sofria-de-pneumonia-ela-esta-tossindo-o-medico-ouve-o-chiado-nos-pulmoes-com-um-estetoscopio.jpg?fit=1000%2C667&ssl=1&resize=350%2C200","width":350,"height":200,"srcset":"https:\/\/i0.wp.com\/noticiasribeiraopreto.com.br\/wp-content\/uploads\/2025\/03\/paciente-do-sexo-feminino-jovem-na-clinica-sofria-de-pneumonia-ela-esta-tossindo-o-medico-ouve-o-chiado-nos-pulmoes-com-um-estetoscopio.jpg?fit=1000%2C667&ssl=1&resize=350%2C200 1x, https:\/\/i0.wp.com\/noticiasribeiraopreto.com.br\/wp-content\/uploads\/2025\/03\/paciente-do-sexo-feminino-jovem-na-clinica-sofria-de-pneumonia-ela-esta-tossindo-o-medico-ouve-o-chiado-nos-pulmoes-com-um-estetoscopio.jpg?fit=1000%2C667&ssl=1&resize=525%2C300 1.5x, https:\/\/i0.wp.com\/noticiasribeiraopreto.com.br\/wp-content\/uploads\/2025\/03\/paciente-do-sexo-feminino-jovem-na-clinica-sofria-de-pneumonia-ela-esta-tossindo-o-medico-ouve-o-chiado-nos-pulmoes-com-um-estetoscopio.jpg?fit=1000%2C667&ssl=1&resize=700%2C400 2x"},"classes":[]},{"id":70797,"url":"https:\/\/noticiasribeiraopreto.com.br\/index.php\/2025\/05\/29\/jornal-da-franca-imesc-abre-inscricoes-para-medicos-interessados-em-realizar-pericias\/","url_meta":{"origin":69765,"position":5},"title":"Jornal da Franca &#8211; Imesc abre inscri\u00e7\u00f5es para m\u00e9dicos interessados em realizar per\u00edcias","author":"noticiasribeiraopreto.com.br","date":"29 de May de 2025","format":false,"excerpt":"compartilhar no whatsapp compartilhar no telegram compartilhar no facebook compartilhar no linkedin Inscri\u00e7\u00f5es v\u00e3o de 20 de maio de 2025 at\u00e9 20 de maio de 2027 e devem ser feitas presencialmente no Centro de Recursos Humanos do Imesc O Instituto de Medicina Social e de Criminologia de S\u00e3o Paulo (Imesc)\u2026","rel":"","context":"In &quot;Not\u00edcias de Franca-SP&quot;","block_context":{"text":"Not\u00edcias de Franca-SP","link":"https:\/\/noticiasribeiraopreto.com.br\/index.php\/category\/noticias-de-ribeirao-preto-sp-e-regiao-ismael-colosi\/noticias-franca-sp\/"},"img":{"alt_text":"","src":"https:\/\/i0.wp.com\/noticiasribeiraopreto.com.br\/wp-content\/uploads\/2025\/05\/292096.jpg?fit=1000%2C686&ssl=1&resize=350%2C200","width":350,"height":200,"srcset":"https:\/\/i0.wp.com\/noticiasribeiraopreto.com.br\/wp-content\/uploads\/2025\/05\/292096.jpg?fit=1000%2C686&ssl=1&resize=350%2C200 1x, https:\/\/i0.wp.com\/noticiasribeiraopreto.com.br\/wp-content\/uploads\/2025\/05\/292096.jpg?fit=1000%2C686&ssl=1&resize=525%2C300 1.5x, https:\/\/i0.wp.com\/noticiasribeiraopreto.com.br\/wp-content\/uploads\/2025\/05\/292096.jpg?fit=1000%2C686&ssl=1&resize=700%2C400 2x"},"classes":[]}],"jetpack_sharing_enabled":true,"jetpack_shortlink":"https:\/\/wp.me\/peQAOb-i9f","_links":{"self":[{"href":"https:\/\/noticiasribeiraopreto.com.br\/index.php\/wp-json\/wp\/v2\/posts\/69765","targetHints":{"allow":["GET"]}}],"collection":[{"href":"https:\/\/noticiasribeiraopreto.com.br\/index.php\/wp-json\/wp\/v2\/posts"}],"about":[{"href":"https:\/\/noticiasribeiraopreto.com.br\/index.php\/wp-json\/wp\/v2\/types\/post"}],"author":[{"embeddable":true,"href":"https:\/\/noticiasribeiraopreto.com.br\/index.php\/wp-json\/wp\/v2\/users\/1"}],"replies":[{"embeddable":true,"href":"https:\/\/noticiasribeiraopreto.com.br\/index.php\/wp-json\/wp\/v2\/comments?post=69765"}],"version-history":[{"count":0,"href":"https:\/\/noticiasribeiraopreto.com.br\/index.php\/wp-json\/wp\/v2\/posts\/69765\/revisions"}],"wp:featuredmedia":[{"embeddable":true,"href":"https:\/\/noticiasribeiraopreto.com.br\/index.php\/wp-json\/wp\/v2\/media\/69766"}],"wp:attachment":[{"href":"https:\/\/noticiasribeiraopreto.com.br\/index.php\/wp-json\/wp\/v2\/media?parent=69765"}],"wp:term":[{"taxonomy":"category","embeddable":true,"href":"https:\/\/noticiasribeiraopreto.com.br\/index.php\/wp-json\/wp\/v2\/categories?post=69765"},{"taxonomy":"post_tag","embeddable":true,"href":"https:\/\/noticiasribeiraopreto.com.br\/index.php\/wp-json\/wp\/v2\/tags?post=69765"}],"curies":[{"name":"wp","href":"https:\/\/api.w.org\/{rel}","templated":true}]}}