{"id":69767,"date":"2025-05-09T02:27:46","date_gmt":"2025-05-09T05:27:46","guid":{"rendered":"https:\/\/noticiasribeiraopreto.com.br\/index.php\/2025\/05\/09\/encontro-em-franca-busca-valorizar-como-o-cafe-pode-movimentar-turismo-sustentavel\/"},"modified":"2025-05-09T02:27:46","modified_gmt":"2025-05-09T05:27:46","slug":"encontro-em-franca-busca-valorizar-como-o-cafe-pode-movimentar-turismo-sustentavel","status":"publish","type":"post","link":"https:\/\/noticiasribeiraopreto.com.br\/index.php\/2025\/05\/09\/encontro-em-franca-busca-valorizar-como-o-cafe-pode-movimentar-turismo-sustentavel\/","title":{"rendered":"Encontro em Franca busca valorizar como o caf\u00e9 pode movimentar turismo sustent\u00e1vel"},"content":{"rendered":"<p> <br \/>\n<\/p>\n<div>\n<p>Nos dias 9 e 10 de maio, Franca ser\u00e1 palco do Lan\u00e7amento das Rotas do Caf\u00e9 de S\u00e3o Paulo, iniciativa que une o setor p\u00fablico e a sociedade civil para valorizar a cultura cafeeira do estado e impulsionar o desenvolvimento regional por meio do turismo sustent\u00e1vel. O evento acontece no Franca Shopping e deve reunir cerca de 150 pessoas, entre autoridades, produtores, empres\u00e1rios do setor de turismo e amantes do caf\u00e9.<\/p>\n<p>A programa\u00e7\u00e3o come\u00e7a na sexta-feira (9), \u00e0s 18h, com um coquetel de lan\u00e7amento. No s\u00e1bado (10), das 10h \u00e0s 20h, haver\u00e1 workshops, oficinas e venda de caf\u00e9s especiais. Um dos destaques ser\u00e1 o workshop \u201cCaf\u00e9 com Indica\u00e7\u00e3o Geogr\u00e1fica: Sabores da Alta Mogiana\u201d, ministrado por Martha Grill, gestora executiva da Associa\u00e7\u00e3o dos Caf\u00e9s Especiais da Alta Mogiana (AMSC), entidade que lidera a promo\u00e7\u00e3o e certifica\u00e7\u00e3o da regi\u00e3o como produtora de caf\u00e9s com identidade e qualidade \u00fanicas.<\/p>\n<p>\u201cO lan\u00e7amento das Rotas do Caf\u00e9 \u00e9 uma conquista coletiva e uma oportunidade de transformar a rela\u00e7\u00e3o do paulista com o caf\u00e9 que produzimos. \u00c9 um projeto que une tradi\u00e7\u00e3o, inova\u00e7\u00e3o e desenvolvimento local\u201d, destaca Fl\u00e1via Lancha, idealizadora da iniciativa.<\/p>\n<p>\u201cA AMSC enquanto gestora da Indica\u00e7\u00e3o Geogr\u00e1fica da Alta Mogiana (IG) v\u00ea no turismo de experi\u00eancia uma ferramenta sustent\u00e1vel de valoriza\u00e7\u00e3o da cadeia do caf\u00e9 em nossa regi\u00e3o. Diminuindo \u00e0s dist\u00e2ncias entre quem produz e quem consome, realizando um trabalho de fortalecimento da identidade do nosso territ\u00f3rio, difundindo nossa cultura e tradi\u00e7\u00e3o na produ\u00e7\u00e3o sustent\u00e1vel dos mais doces caf\u00e9s do Brasil\u201d, ressalta Martha Grill, gestora da AMSC.<\/p>\n<p>Para o Franca Shopping, que sedia o evento, a proposta refor\u00e7a o compromisso com a\u00e7\u00f5es que valorizam a cultura regional. \u201cEstamos muito felizes em receber o lan\u00e7amento das Rotas do Caf\u00e9. Este \u00e9 um projeto com potencial de movimentar a economia local e gerar orgulho para toda a popula\u00e7\u00e3o\u201d, afirma Angelique Canabrava, gerente de marketing do empreendimento.<\/p>\n<p>As Rotas do Caf\u00e9 de S\u00e3o Paulo t\u00eam como proposta conectar os visitantes a experi\u00eancias aut\u00eanticas no universo cafeeiro, unindo turismo, gastronomia, cultura e agricultura. A primeira rota em destaque ser\u00e1 a Rota Mogiana Paulista, que abrange 16 munic\u00edpios paulistas e sete mineiros, reconhecida nacional e internacionalmente pela qualidade de seus gr\u00e3os.<\/p>\n<p><!-- CONTENT END 1 --><\/p><\/div>\n<p><br \/>\n<br \/><a href=\"https:\/\/www.f3noticias.com.br\/encontro-em-franca-busca-valorizar-como-o-cafe-pode-movimentar-turismo-sustentavel\/\">Source link <\/a><\/p>\n","protected":false},"excerpt":{"rendered":"<p>Nos dias 9 e 10 de maio, Franca ser\u00e1 palco do Lan\u00e7amento das Rotas do Caf\u00e9 de S\u00e3o Paulo, iniciativa que une o setor p\u00fablico&#8230;<\/p>\n","protected":false},"author":1,"featured_media":69768,"comment_status":"open","ping_status":"open","sticky":false,"template":"","format":"standard","meta":{"advanced_seo_description":"","jetpack_seo_html_title":"","jetpack_seo_noindex":false,"jetpack_post_was_ever_published":false,"_jetpack_newsletter_access":"","_jetpack_dont_email_post_to_subs":false,"_jetpack_newsletter_tier_id":0,"_jetpack_memberships_contains_paywalled_content":false,"_jetpack_memberships_contains_paid_content":false,"footnotes":"","jetpack_publicize_message":"","jetpack_publicize_feature_enabled":true,"jetpack_social_post_already_shared":true,"jetpack_social_options":{"image_generator_settings":{"template":"highway","default_image_id":0,"font":"","enabled":false},"version":2}},"categories":[3597],"tags":[],"class_list":["post-69767","post","type-post","status-publish","format-standard","has-post-thumbnail","hentry","category-noticias-franca-sp"],"jetpack_publicize_connections":[],"jetpack_featured_media_url":"https:\/\/i0.wp.com\/noticiasribeiraopreto.com.br\/wp-content\/uploads\/2025\/05\/cafe.jpg?fit=800%2C534&ssl=1","jetpack-related-posts":[{"id":69797,"url":"https:\/\/noticiasribeiraopreto.com.br\/index.php\/2025\/05\/09\/jornal-da-franca-rotas-do-cafe-da-alta-mogiana-lancamento-em-franca-e-realizado-nesta-sexta-9\/","url_meta":{"origin":69767,"position":0},"title":"Jornal da Franca &#8211; Rotas do Caf\u00e9 da Alta Mogiana: lan\u00e7amento em Franca \u00e9 realizado nesta sexta (9)","author":"noticiasribeiraopreto.com.br","date":"9 de May de 2025","format":false,"excerpt":"compartilhar no whatsapp compartilhar no telegram compartilhar no facebook compartilhar no linkedin Evento no Franca Shopping celebra a hist\u00f3ria cafeeira do estado e promove turismo sustent\u00e1vel na regi\u00e3o da Alta Mogiana Nos dias 9 e 10 de maio, Franca ser\u00e1 palco do Lan\u00e7amento das Rotas do Caf\u00e9 de S\u00e3o Paulo,\u2026","rel":"","context":"In &quot;Not\u00edcias de Franca-SP&quot;","block_context":{"text":"Not\u00edcias de Franca-SP","link":"https:\/\/noticiasribeiraopreto.com.br\/index.php\/category\/noticias-de-ribeirao-preto-sp-e-regiao-ismael-colosi\/noticias-franca-sp\/"},"img":{"alt_text":"","src":"https:\/\/i0.wp.com\/noticiasribeiraopreto.com.br\/wp-content\/uploads\/2025\/05\/7ce5b1c72068478eac51cd72beb4b21dlow.jpeg?fit=800%2C534&ssl=1&resize=350%2C200","width":350,"height":200,"srcset":"https:\/\/i0.wp.com\/noticiasribeiraopreto.com.br\/wp-content\/uploads\/2025\/05\/7ce5b1c72068478eac51cd72beb4b21dlow.jpeg?fit=800%2C534&ssl=1&resize=350%2C200 1x, https:\/\/i0.wp.com\/noticiasribeiraopreto.com.br\/wp-content\/uploads\/2025\/05\/7ce5b1c72068478eac51cd72beb4b21dlow.jpeg?fit=800%2C534&ssl=1&resize=525%2C300 1.5x, https:\/\/i0.wp.com\/noticiasribeiraopreto.com.br\/wp-content\/uploads\/2025\/05\/7ce5b1c72068478eac51cd72beb4b21dlow.jpeg?fit=800%2C534&ssl=1&resize=700%2C400 2x"},"classes":[]},{"id":70723,"url":"https:\/\/noticiasribeiraopreto.com.br\/index.php\/2025\/05\/29\/jornal-da-franca-grupo-da-asia-e-guatemala-desembarca-em-franca-para-conhecer-os-cafes-especiais\/","url_meta":{"origin":69767,"position":1},"title":"Jornal da Franca &#8211; Grupo da \u00c1sia e Guatemala desembarca em Franca para conhecer os caf\u00e9s especiais","author":"noticiasribeiraopreto.com.br","date":"29 de May de 2025","format":false,"excerpt":"compartilhar no whatsapp compartilhar no telegram compartilhar no facebook compartilhar no linkedin A qualidade do caf\u00e9 da Alta Mogiana atrai produtores internacionais em visita t\u00e9cnica \u00e0 Fazenda Bom Jesus, sede do Caf\u00e9 Labareda No pr\u00f3ximo dia 3 de junho, a regi\u00e3o da Alta Mogiana ser\u00e1 o ponto de encontro entre\u2026","rel":"","context":"In &quot;Not\u00edcias de Franca-SP&quot;","block_context":{"text":"Not\u00edcias de Franca-SP","link":"https:\/\/noticiasribeiraopreto.com.br\/index.php\/category\/noticias-de-ribeirao-preto-sp-e-regiao-ismael-colosi\/noticias-franca-sp\/"},"img":{"alt_text":"","src":"https:\/\/i0.wp.com\/noticiasribeiraopreto.com.br\/wp-content\/uploads\/2025\/05\/essa-32.jpg?fit=1170%2C766&ssl=1&resize=350%2C200","width":350,"height":200,"srcset":"https:\/\/i0.wp.com\/noticiasribeiraopreto.com.br\/wp-content\/uploads\/2025\/05\/essa-32.jpg?fit=1170%2C766&ssl=1&resize=350%2C200 1x, https:\/\/i0.wp.com\/noticiasribeiraopreto.com.br\/wp-content\/uploads\/2025\/05\/essa-32.jpg?fit=1170%2C766&ssl=1&resize=525%2C300 1.5x, https:\/\/i0.wp.com\/noticiasribeiraopreto.com.br\/wp-content\/uploads\/2025\/05\/essa-32.jpg?fit=1170%2C766&ssl=1&resize=700%2C400 2x, https:\/\/i0.wp.com\/noticiasribeiraopreto.com.br\/wp-content\/uploads\/2025\/05\/essa-32.jpg?fit=1170%2C766&ssl=1&resize=1050%2C600 3x"},"classes":[]},{"id":83410,"url":"https:\/\/noticiasribeiraopreto.com.br\/index.php\/2026\/03\/17\/alta-cafe-oferece-visitas-guiadas-por-fazendas-saiba-como-participar\/","url_meta":{"origin":69767,"position":2},"title":"Alta Caf\u00e9 oferece visitas guiadas por fazendas; Saiba como participar","author":"noticiasribeiraopreto.com.br","date":"17 de March de 2026","format":false,"excerpt":"A Rota do Caf\u00e9 Alta Mogiana ser\u00e1 um dos destaques da 6\u00aa Alta Caf\u00e9, feira de neg\u00f3cios e tecnologia, que acontece entre os dias 24 e 26 de mar\u00e7o, no Clube de Campo da Franca, em Restinga. A iniciativa re\u00fane produ\u00e7\u00e3o cafeeira, turismo e cultura regional, fortalecendo a economia da\u2026","rel":"","context":"In &quot;Not\u00edcias de Ribeir\u00e3o Preto-SP e Regi\u00e3o&quot;","block_context":{"text":"Not\u00edcias de Ribeir\u00e3o Preto-SP e Regi\u00e3o","link":"https:\/\/noticiasribeiraopreto.com.br\/index.php\/category\/noticias-de-ribeirao-preto-sp-e-regiao-ismael-colosi\/"},"img":{"alt_text":"","src":"https:\/\/i0.wp.com\/noticiasribeiraopreto.com.br\/wp-content\/uploads\/2026\/03\/alta-cafe-5_20250408_0186-683x1024-1_2025-04-10_22-20-59_jpg_2025-04-10_22-20-59.webp.webp?fit=683%2C1024&ssl=1&resize=350%2C200","width":350,"height":200,"srcset":"https:\/\/i0.wp.com\/noticiasribeiraopreto.com.br\/wp-content\/uploads\/2026\/03\/alta-cafe-5_20250408_0186-683x1024-1_2025-04-10_22-20-59_jpg_2025-04-10_22-20-59.webp.webp?fit=683%2C1024&ssl=1&resize=350%2C200 1x, https:\/\/i0.wp.com\/noticiasribeiraopreto.com.br\/wp-content\/uploads\/2026\/03\/alta-cafe-5_20250408_0186-683x1024-1_2025-04-10_22-20-59_jpg_2025-04-10_22-20-59.webp.webp?fit=683%2C1024&ssl=1&resize=525%2C300 1.5x"},"classes":[]},{"id":68705,"url":"https:\/\/noticiasribeiraopreto.com.br\/index.php\/2025\/04\/28\/jornal-da-franca-comtur-de-franca-promove-feira-de-turismo-regional-fortalecer-a-cultura-turistica\/","url_meta":{"origin":69767,"position":3},"title":"Jornal da Franca &#8211; Comtur de Franca promove Feira de Turismo Regional: fortalecer a cultura tur\u00edstica","author":"noticiasribeiraopreto.com.br","date":"28 de April de 2025","format":false,"excerpt":"compartilhar no whatsapp compartilhar no telegram compartilhar no facebook compartilhar no linkedin Feira de Turismo Regional e o Festival Criativo da Alta Mogiana prometem consolidar Franca como um destino vibrante e acolhedor Franca est\u00e1 prestes a evidenciar toda a sua riqueza cultural e tur\u00edstica com a realiza\u00e7\u00e3o da Feira de\u2026","rel":"","context":"In &quot;Not\u00edcias de Franca-SP&quot;","block_context":{"text":"Not\u00edcias de Franca-SP","link":"https:\/\/noticiasribeiraopreto.com.br\/index.php\/category\/noticias-de-ribeirao-preto-sp-e-regiao-ismael-colosi\/noticias-franca-sp\/"},"img":{"alt_text":"","src":"https:\/\/i0.wp.com\/noticiasribeiraopreto.com.br\/wp-content\/uploads\/2025\/04\/4f0714d1-6ee2-477c-ace7-56aed9ab79ae.jpg?fit=1170%2C899&ssl=1&resize=350%2C200","width":350,"height":200,"srcset":"https:\/\/i0.wp.com\/noticiasribeiraopreto.com.br\/wp-content\/uploads\/2025\/04\/4f0714d1-6ee2-477c-ace7-56aed9ab79ae.jpg?fit=1170%2C899&ssl=1&resize=350%2C200 1x, https:\/\/i0.wp.com\/noticiasribeiraopreto.com.br\/wp-content\/uploads\/2025\/04\/4f0714d1-6ee2-477c-ace7-56aed9ab79ae.jpg?fit=1170%2C899&ssl=1&resize=525%2C300 1.5x, https:\/\/i0.wp.com\/noticiasribeiraopreto.com.br\/wp-content\/uploads\/2025\/04\/4f0714d1-6ee2-477c-ace7-56aed9ab79ae.jpg?fit=1170%2C899&ssl=1&resize=700%2C400 2x, https:\/\/i0.wp.com\/noticiasribeiraopreto.com.br\/wp-content\/uploads\/2025\/04\/4f0714d1-6ee2-477c-ace7-56aed9ab79ae.jpg?fit=1170%2C899&ssl=1&resize=1050%2C600 3x"},"classes":[]},{"id":83620,"url":"https:\/\/noticiasribeiraopreto.com.br\/index.php\/2026\/03\/22\/alta-cafe-recebe-palestras-de-especialistas-e-aborda-desafios-da-cafeicultura-atual\/","url_meta":{"origin":69767,"position":4},"title":"Alta Caf\u00e9 recebe palestras de especialistas e aborda desafios da cafeicultura atual","author":"noticiasribeiraopreto.com.br","date":"22 de March de 2026","format":false,"excerpt":"A 6\u00aa edi\u00e7\u00e3o da Alta Caf\u00e9 (Feira de Neg\u00f3cios e Tecnologia da Alta Mogiana), que acontece de 24 a 26 de mar\u00e7o, no Clube de Campo da Franca, recebe palestras voltadas aos principais temas da cafeicultura contempor\u00e2nea. A AMSC (Alta Mogiana Specialty Coffees), em parceria com o Sebrae-SP e Associa\u00e7\u00e3o\u2026","rel":"","context":"In &quot;Not\u00edcias de Ribeir\u00e3o Preto-SP e Regi\u00e3o&quot;","block_context":{"text":"Not\u00edcias de Ribeir\u00e3o Preto-SP e Regi\u00e3o","link":"https:\/\/noticiasribeiraopreto.com.br\/index.php\/category\/noticias-de-ribeirao-preto-sp-e-regiao-ismael-colosi\/"},"img":{"alt_text":"","src":"https:\/\/i0.wp.com\/noticiasribeiraopreto.com.br\/wp-content\/uploads\/2026\/03\/alta-cafe_2026-03-22_15-19-20.webp.webp?fit=1200%2C968&ssl=1&resize=350%2C200","width":350,"height":200,"srcset":"https:\/\/i0.wp.com\/noticiasribeiraopreto.com.br\/wp-content\/uploads\/2026\/03\/alta-cafe_2026-03-22_15-19-20.webp.webp?fit=1200%2C968&ssl=1&resize=350%2C200 1x, https:\/\/i0.wp.com\/noticiasribeiraopreto.com.br\/wp-content\/uploads\/2026\/03\/alta-cafe_2026-03-22_15-19-20.webp.webp?fit=1200%2C968&ssl=1&resize=525%2C300 1.5x, https:\/\/i0.wp.com\/noticiasribeiraopreto.com.br\/wp-content\/uploads\/2026\/03\/alta-cafe_2026-03-22_15-19-20.webp.webp?fit=1200%2C968&ssl=1&resize=700%2C400 2x, https:\/\/i0.wp.com\/noticiasribeiraopreto.com.br\/wp-content\/uploads\/2026\/03\/alta-cafe_2026-03-22_15-19-20.webp.webp?fit=1200%2C968&ssl=1&resize=1050%2C600 3x"},"classes":[]},{"id":67934,"url":"https:\/\/noticiasribeiraopreto.com.br\/index.php\/2025\/04\/20\/jornal-da-franca-rotas-do-cafe-conheca-as-atracoes-da-rota-mogiana-paulista-que-passa-por-franca\/","url_meta":{"origin":69767,"position":5},"title":"Jornal da Franca &#8211; Rotas do Caf\u00e9: conhe\u00e7a as atra\u00e7\u00f5es da Rota Mogiana Paulista, que passa por Franca","author":"noticiasribeiraopreto.com.br","date":"20 de April de 2025","format":false,"excerpt":"compartilhar no whatsapp compartilhar no telegram compartilhar no facebook compartilhar no linkedin As experi\u00eancias de quem percorre a Rota Mogiana v\u00e3o desde trilhas nos cafezais e cursos de torra at\u00e9 visitas a centros de pesquisa. O Estado de S\u00e3o Paulo produz cerca de 5 milh\u00f5es de sacas de caf\u00e9 por\u2026","rel":"","context":"In &quot;Not\u00edcias de Franca-SP&quot;","block_context":{"text":"Not\u00edcias de Franca-SP","link":"https:\/\/noticiasribeiraopreto.com.br\/index.php\/category\/noticias-de-ribeirao-preto-sp-e-regiao-ismael-colosi\/noticias-franca-sp\/"},"img":{"alt_text":"","src":"https:\/\/i0.wp.com\/noticiasribeiraopreto.com.br\/wp-content\/uploads\/2025\/04\/DJI_0192-1024x682-1.jpg?fit=1024%2C682&ssl=1&resize=350%2C200","width":350,"height":200,"srcset":"https:\/\/i0.wp.com\/noticiasribeiraopreto.com.br\/wp-content\/uploads\/2025\/04\/DJI_0192-1024x682-1.jpg?fit=1024%2C682&ssl=1&resize=350%2C200 1x, https:\/\/i0.wp.com\/noticiasribeiraopreto.com.br\/wp-content\/uploads\/2025\/04\/DJI_0192-1024x682-1.jpg?fit=1024%2C682&ssl=1&resize=525%2C300 1.5x, https:\/\/i0.wp.com\/noticiasribeiraopreto.com.br\/wp-content\/uploads\/2025\/04\/DJI_0192-1024x682-1.jpg?fit=1024%2C682&ssl=1&resize=700%2C400 2x"},"classes":[]}],"jetpack_sharing_enabled":true,"jetpack_shortlink":"https:\/\/wp.me\/peQAOb-i9h","_links":{"self":[{"href":"https:\/\/noticiasribeiraopreto.com.br\/index.php\/wp-json\/wp\/v2\/posts\/69767","targetHints":{"allow":["GET"]}}],"collection":[{"href":"https:\/\/noticiasribeiraopreto.com.br\/index.php\/wp-json\/wp\/v2\/posts"}],"about":[{"href":"https:\/\/noticiasribeiraopreto.com.br\/index.php\/wp-json\/wp\/v2\/types\/post"}],"author":[{"embeddable":true,"href":"https:\/\/noticiasribeiraopreto.com.br\/index.php\/wp-json\/wp\/v2\/users\/1"}],"replies":[{"embeddable":true,"href":"https:\/\/noticiasribeiraopreto.com.br\/index.php\/wp-json\/wp\/v2\/comments?post=69767"}],"version-history":[{"count":0,"href":"https:\/\/noticiasribeiraopreto.com.br\/index.php\/wp-json\/wp\/v2\/posts\/69767\/revisions"}],"wp:featuredmedia":[{"embeddable":true,"href":"https:\/\/noticiasribeiraopreto.com.br\/index.php\/wp-json\/wp\/v2\/media\/69768"}],"wp:attachment":[{"href":"https:\/\/noticiasribeiraopreto.com.br\/index.php\/wp-json\/wp\/v2\/media?parent=69767"}],"wp:term":[{"taxonomy":"category","embeddable":true,"href":"https:\/\/noticiasribeiraopreto.com.br\/index.php\/wp-json\/wp\/v2\/categories?post=69767"},{"taxonomy":"post_tag","embeddable":true,"href":"https:\/\/noticiasribeiraopreto.com.br\/index.php\/wp-json\/wp\/v2\/tags?post=69767"}],"curies":[{"name":"wp","href":"https:\/\/api.w.org\/{rel}","templated":true}]}}