{"id":69769,"date":"2025-05-09T03:29:14","date_gmt":"2025-05-09T06:29:14","guid":{"rendered":"https:\/\/noticiasribeiraopreto.com.br\/index.php\/2025\/05\/09\/jornal-da-franca-conheca-a-vida-e-a-historia-do-papa-leao-xiv-robertum-franciscum-prevost\/"},"modified":"2025-05-09T03:29:14","modified_gmt":"2025-05-09T06:29:14","slug":"jornal-da-franca-conheca-a-vida-e-a-historia-do-papa-leao-xiv-robertum-franciscum-prevost","status":"publish","type":"post","link":"https:\/\/noticiasribeiraopreto.com.br\/index.php\/2025\/05\/09\/jornal-da-franca-conheca-a-vida-e-a-historia-do-papa-leao-xiv-robertum-franciscum-prevost\/","title":{"rendered":"Jornal da Franca &#8211; Conhe\u00e7a a vida e a hist\u00f3ria do Papa Le\u00e3o XIV: Robertum Franciscum Prevost"},"content":{"rendered":"<p> <br \/>\n<\/p>\n<div>\n\t                            <a class=\"mb-1\" href=\"https:\/\/api.whatsapp.com\/send?text=Olha essa Not\u00edcia no Jornal da Franca.%0D%0D*Conhe\u00e7a a vida e a hist\u00f3ria do Papa Le\u00e3o XIV: Robertum Franciscum Prevost*%0D%0Dclique na url abaixo%0Dhttps:\/\/www.jornaldafranca.com.br\/conheca-a-vida-e-a-historia-do-papa-leao-xiv-robertum-franciscum-prevost\/\" target=\"_blank\"><span class=\"text-12 badge badge-pill badge-success\"><i class=\"fa fa-whatsapp\"\/> compartilhar no whatsapp<\/span><\/a><\/p>\n<p>\t                            <a class=\"mb-1\" href=\"https:\/\/telegram.me\/share\/url?url=https:\/\/www.jornaldafranca.com.br\/conheca-a-vida-e-a-historia-do-papa-leao-xiv-robertum-franciscum-prevost\/&amp;text=Olha essa Not\u00edcia no Jornal da Franca.\" target=\"_blank\"><span class=\"text-12 badge badge-pill badge-info\"><i class=\"fa fa-telegram\"\/> compartilhar no telegram<\/span><\/a><\/p>\n<p>\t                            <a class=\"mb-1\" href=\"https:\/\/www.facebook.com\/sharer\/sharer.php?u=https:\/\/www.jornaldafranca.com.br\/conheca-a-vida-e-a-historia-do-papa-leao-xiv-robertum-franciscum-prevost\/\" target=\"_blank\"><span class=\"text-12 badge badge-pill badge-primary\"><i class=\"fa fa-facebook\"\/> compartilhar no facebook<\/span><\/a><\/p>\n<p>\t                            <a class=\"mb-1\" href=\"https:\/\/www.linkedin.com\/shareArticle?mini=true&amp;url=https:\/\/www.jornaldafranca.com.br\/conheca-a-vida-e-a-historia-do-papa-leao-xiv-robertum-franciscum-prevost\/&amp;title=Conhe\u00e7a a vida e a hist\u00f3ria do Papa Le\u00e3o XIV: Robertum Franciscum Prevost&amp;source=JORNAL DA FRANCA\" target=\"_blank\"><span class=\"text-12 badge badge-pill badge-secondary\"><i class=\"fa fa-linkedin\"\/> compartilhar no linkedin<\/span><\/a><\/p>\n<div class=\"lead text-20\">\n<p>Durante a \u00faltima hospitaliza\u00e7\u00e3o de seu predecessor, Prevost presidiu o ros\u00e1rio pela sa\u00fade de Francisco em 3 de mar\u00e7o na Pra\u00e7a S\u00e3o Pedro.<\/p>\n<\/p><\/div>\n<p><img data-recalc-dims=\"1\" decoding=\"async\" src=\"https:\/\/i0.wp.com\/www.jornaldafranca.com.br\/wp-content\/uploads\/2025\/05\/cq5dam.thumbnail.cropped.750.422-2.jpeg?ssl=1\" alt=\"\"\/><\/p>\n<p>Primeiro papa agostiniano, \u00e9 o segundo pont\u00edfice americano depois de Francisco, mas, ao contr\u00e1rio de Bergoglio, o estadunidense\u00a0<b>Robert Francis Prevost<\/b>, de 69 anos, \u00e9 origin\u00e1rio do norte do continente.<\/p>\n<p>De fato, o novo bispo de Roma nasceu em 14 de setembro de 1955 em Chicago, Illinois, filho de Louis Marius Prevost, de ascend\u00eancia francesa e italiana, e de Mildred Mart\u00ednez, de ascend\u00eancia espanhola. Ele tem dois irm\u00e3os, Louis Mart\u00edn e John Joseph.<\/p>\n<p>Passou a inf\u00e2ncia e a adolesc\u00eancia com a fam\u00edlia e estudou primeiro no Semin\u00e1rio Menor dos Padres Agostinianos e depois na Villanova University, na Pensilv\u00e2nia, onde se formou em 1977 em Matem\u00e1tica e estudou Filosofia.<\/p>\n<p>Em 1\u00ba de setembro do mesmo ano, ingressou no noviciado da Ordem de Santo Agostinho (OSA) em St. Louis, na prov\u00edncia de Nossa Senhora do Bom Conselho, em Chicago, e fez sua primeira profiss\u00e3o em 2 de setembro de 1978. Em 29 de agosto de 1981, emitiu seus votos solenes.<\/p>\n<p><strong>Forma\u00e7\u00e3o<\/strong><\/p>\n<p>Estudou na Catholic Theological Union em Chicago, graduando-se em Teologia. Aos 27 anos, foi enviado por seus superiores a Roma para estudar Direito Can\u00f4nico na Pontif\u00edcia Universidade de Santo Tom\u00e1s de Aquino (Angelicum).<\/p>\n<p>Na Urbe, foi ordenado sacerdote em 19 de junho de 1982, no Col\u00e9gio Agostiniano de Santa M\u00f4nica, por Dom Jean Jadot, pr\u00f3 presidente do Pontif\u00edcio Conselho para os N\u00e3o Crist\u00e3os, hoje Dicast\u00e9rio para o Di\u00e1logo Inter-religioso.<\/p>\n<p>Prevost obteve a licenciatura em 1984 e, no ano seguinte, enquanto preparava sua tese de doutorado, foi enviado para a miss\u00e3o agostiniana em Chulucanas, Piura, Peru (1985-1986).<\/p>\n<p>Em 1987 defendeu sua tese de doutorado sobre \u201cO papel do prior local da Ordem de Santo Agostinho\u201d e foi nomeado Diretor de Voca\u00e7\u00f5es e Diretor de Miss\u00f5es da Prov\u00edncia Agostiniana \u201cM\u00e3e do Bom Conselho\u201d em Olympia Fields, Illinois (EUA).<\/p>\n<p><strong>Prior provincial<\/strong><\/p>\n<p>No ano seguinte, ingressou na miss\u00e3o de Trujillo, tamb\u00e9m no Peru, como diretor do projeto de forma\u00e7\u00e3o comum para os aspirantes agostinianos dos vicariatos de Chulucanas, Iquitos e Apur\u00edmac.<\/p>\n<p>Durante onze anos, ocupou os cargos de Prior da comunidade (1988-1992), Diretor de Forma\u00e7\u00e3o (1988-1998) e formador dos professos (1992-1998) e na Arquidiocese de Trujillo foi Vig\u00e1rio Judicial (1989-1998) e Professor de Direito Can\u00f4nico, Patr\u00edstica e Moral no Semin\u00e1rio Maior \u201cS\u00e3o Carlos e S\u00e3o Marcelo\u201d.<\/p>\n<p>Ao mesmo tempo, tamb\u00e9m lhe foi confiado o cuidado pastoral de Nossa Senhora M\u00e3e da Igreja, que mais tarde foi erigida como par\u00f3quia com o t\u00edtulo de Santa Rita (1988-1999), na periferia pobre da cidade, e foi administrador paroquial de Nossa Senhora de Monserrat de 1992 a 1999.<\/p>\n<p>Em 1999, foi eleito prior provincial da Prov\u00edncia Agostiniana \u201cM\u00e3e do Bom Conselho\u201d de Chicago, e dois anos e meio depois, no Cap\u00edtulo Geral Ordin\u00e1rio da Ordem de Santo Agostinho, seus coirm\u00e3os o escolheram como prior geral, confirmando-o em 2007 para um segundo mandato.<\/p>\n<p><strong>Bispo<\/strong><\/p>\n<p>Em outubro de 2013, retornou \u00e0 sua prov\u00edncia agostiniana, em Chicago, e foi diretor de forma\u00e7\u00e3o no convento de Santo Agostinho, primeiro conselheiro e vig\u00e1rio provincial; cargos que ocupou at\u00e9 que o Papa Francisco o nomeou, em 3 de novembro de 2014, administrador apost\u00f3lico da diocese peruana de Chiclayo, elevando-o \u00e0 dignidade episcopal como bispo titular de Sufar.<\/p>\n<p>Ele entrou na diocese em 7 de novembro, na presen\u00e7a do N\u00fancio Apost\u00f3lico James Patrick Green, que o ordenou bispo pouco mais de um m\u00eas depois, em 12 de dezembro, festa de Nossa Senhora de Guadalupe, na Catedral de Santa Maria.<\/p>\n<p>O seu lema episcopal \u00e9\u00a0<i>\u201cIn Illo uno unum\u201d<\/i>, palavras que Santo Agostinho pronunciou em um serm\u00e3o, a Exposi\u00e7\u00e3o sobre o Salmo 127, para explicar que \u201cembora n\u00f3s crist\u00e3os sejamos muitos, no \u00fanico Cristo somos um\u201d.<\/p>\n<p>Em 26 de setembro de 2015, foi nomeado bispo de Chiclayo pelo pont\u00edfice argentino e, em mar\u00e7o de 2018, foi eleito segundo vice-presidente da Confer\u00eancia Episcopal Peruana, na qual tamb\u00e9m foi membro do Conselho Econ\u00f4mico e presidente da Comiss\u00e3o de Cultura e Educa\u00e7\u00e3o.<\/p>\n<p><strong>Prefeito do Dicast\u00e9rio<\/strong><\/p>\n<p>Em 2019, por decis\u00e3o de Francisco, foi inclu\u00eddo entre os membros da Congrega\u00e7\u00e3o para o Clero em 13 de julho de 2019 e, no ano seguinte, entre os membros da Congrega\u00e7\u00e3o para os Bispos (21 de novembro). Nesse meio tempo, em 15 de abril de 2020, recebe a nomea\u00e7\u00e3o pontif\u00edcia tamb\u00e9m como administrador apost\u00f3lico da diocese peruana de Callao.<\/p>\n<p>Em 30 de janeiro de 2023, o Papa o chamou a Roma como Prefeito do Dicast\u00e9rio para os Bispos e Presidente da Pontif\u00edcia Comiss\u00e3o para a Am\u00e9rica Latina, promovendo-o a arcebispo. E no Consist\u00f3rio de 30 de setembro do mesmo ano, ele o criou e o tornou cardeal, atribuindo-lhe o diaconato de Santa M\u00f4nica.<\/p>\n<p>Prevost tomou posse em 28 de janeiro de 2024 e, como chefe do dicast\u00e9rio, participou das \u00faltimas viagens apost\u00f3licas do Papa Francisco e da primeira e segunda sess\u00f5es da XVI Assembleia Geral Ordin\u00e1ria do S\u00ednodo dos Bispos sobre a Sinodalidade, realizadas em Roma de 4 a 29 de outubro de 2023 e de 2 a 27 de outubro de 2024, respectivamente.<\/p>\n<p>Uma experi\u00eancia em assembleias sinodais j\u00e1 adquirida no passado como Prior dos Agostinianos e representante da Uni\u00e3o dos Superiores Gerais (UGS).<\/p>\n<p><strong>No Vaticano<\/strong><\/p>\n<p>Enquanto isso, em 4 de outubro de 2023, Francisco o incluiu entre os membros dos Dicast\u00e9rios para a Evangeliza\u00e7\u00e3o, Se\u00e7\u00e3o para a Primeira Evangeliza\u00e7\u00e3o e as Novas Igrejas Particulares; para a Doutrina da F\u00e9; para as Igrejas Orientais; para o Clero; para os Institutos de Vida Consagrada e as Sociedades de Vida Apost\u00f3lica; para a Cultura e a Educa\u00e7\u00e3o; para os Textos Legislativos; da Pontif\u00edcia Comiss\u00e3o para o Estado da Cidade do Vaticano.<\/p>\n<p>Finalmente, em 6 de fevereiro deste ano, ele foi promovido \u00e0 ordem dos bispos pelo Pont\u00edfice argentino, obtendo o t\u00edtulo de Igreja Suburbic\u00e1ria de Albano.<\/p>\n<p>Segundo o <a href=\"https:\/\/www.vaticannews.va\/pt\/papa\/news\/2025-05\/robertum-franciscum-prevostleone-xiv.html\" target=\"_blank\" rel=\"noopener\"><strong>Vatican News<\/strong><\/a>, durante a \u00faltima hospitaliza\u00e7\u00e3o de seu predecessor no hospital \u2018Gemelli\u2019, Prevost presidiu o ros\u00e1rio pela sa\u00fade de Francisco em 3 de mar\u00e7o na Pra\u00e7a S\u00e3o Pedro.<\/p>\n<p><!-- CONTENT END 1 --><\/p>\n<hr\/><\/div>\n<p><br \/>\n<br \/><a href=\"https:\/\/www.jornaldafranca.com.br\/conheca-a-vida-e-a-historia-do-papa-leao-xiv-robertum-franciscum-prevost\/\">Source link <\/a><\/p>\n","protected":false},"excerpt":{"rendered":"<p>compartilhar no whatsapp compartilhar no telegram compartilhar no facebook compartilhar no linkedin Durante a \u00faltima hospitaliza\u00e7\u00e3o de seu predecessor, Prevost presidiu o ros\u00e1rio pela sa\u00fade&#8230;<\/p>\n","protected":false},"author":1,"featured_media":69770,"comment_status":"open","ping_status":"open","sticky":false,"template":"","format":"standard","meta":{"advanced_seo_description":"","jetpack_seo_html_title":"","jetpack_seo_noindex":false,"jetpack_post_was_ever_published":false,"_jetpack_newsletter_access":"","_jetpack_dont_email_post_to_subs":false,"_jetpack_newsletter_tier_id":0,"_jetpack_memberships_contains_paywalled_content":false,"_jetpack_memberships_contains_paid_content":false,"footnotes":"","jetpack_publicize_message":"","jetpack_publicize_feature_enabled":true,"jetpack_social_post_already_shared":true,"jetpack_social_options":{"image_generator_settings":{"template":"highway","default_image_id":0,"font":"","enabled":false},"version":2}},"categories":[3597],"tags":[],"class_list":["post-69769","post","type-post","status-publish","format-standard","has-post-thumbnail","hentry","category-noticias-franca-sp"],"jetpack_publicize_connections":[],"jetpack_featured_media_url":"https:\/\/i0.wp.com\/noticiasribeiraopreto.com.br\/wp-content\/uploads\/2025\/05\/cq5dam.thumbnail.cropped.750.422-2.jpeg?fit=750%2C422&ssl=1","jetpack-related-posts":[{"id":73017,"url":"https:\/\/noticiasribeiraopreto.com.br\/index.php\/2025\/06\/24\/jornal-da-franca-clima-sera-de-frio-porem-agradavel-e-fresco-em-franca-nesta-terca-deve-chover\/","url_meta":{"origin":69769,"position":0},"title":"Jornal da Franca &#8211; Clima ser\u00e1 de frio, por\u00e9m agrad\u00e1vel e fresco em Franca nesta ter\u00e7a: deve chover","author":"noticiasribeiraopreto.com.br","date":"24 de June de 2025","format":false,"excerpt":"compartilhar no whatsapp compartilhar no telegram compartilhar no facebook compartilhar no linkedin Cidade tem previs\u00e3o de chuva de at\u00e9 12 mil\u00edmetros A previs\u00e3o do tempo para Franca indica um dia agrad\u00e1vel, com temperatura m\u00ednima de 5\u00b0C e m\u00e1xima de 22\u00b0C. H\u00e1 grande possibilidade de chuva, com volume de at\u00e9 12\u2026","rel":"","context":"In &quot;Not\u00edcias de Franca-SP&quot;","block_context":{"text":"Not\u00edcias de Franca-SP","link":"https:\/\/noticiasribeiraopreto.com.br\/index.php\/category\/noticias-de-ribeirao-preto-sp-e-regiao-ismael-colosi\/noticias-franca-sp\/"},"img":{"alt_text":"","src":"https:\/\/i0.wp.com\/noticiasribeiraopreto.com.br\/wp-content\/uploads\/2025\/06\/1750758766_Franca.jpeg?fit=1200%2C806&ssl=1&resize=350%2C200","width":350,"height":200,"srcset":"https:\/\/i0.wp.com\/noticiasribeiraopreto.com.br\/wp-content\/uploads\/2025\/06\/1750758766_Franca.jpeg?fit=1200%2C806&ssl=1&resize=350%2C200 1x, https:\/\/i0.wp.com\/noticiasribeiraopreto.com.br\/wp-content\/uploads\/2025\/06\/1750758766_Franca.jpeg?fit=1200%2C806&ssl=1&resize=525%2C300 1.5x, https:\/\/i0.wp.com\/noticiasribeiraopreto.com.br\/wp-content\/uploads\/2025\/06\/1750758766_Franca.jpeg?fit=1200%2C806&ssl=1&resize=700%2C400 2x, https:\/\/i0.wp.com\/noticiasribeiraopreto.com.br\/wp-content\/uploads\/2025\/06\/1750758766_Franca.jpeg?fit=1200%2C806&ssl=1&resize=1050%2C600 3x"},"classes":[]},{"id":69340,"url":"https:\/\/noticiasribeiraopreto.com.br\/index.php\/2025\/05\/05\/jornal-da-franca-implantacao-de-escola-civico-militar-em-franca-e-tema-de-debates-na-camara-municipal\/","url_meta":{"origin":69769,"position":1},"title":"Jornal da Franca &#8211; Implanta\u00e7\u00e3o de escola c\u00edvico-militar em Franca \u00e9 tema de debates na C\u00e2mara Municipal","author":"noticiasribeiraopreto.com.br","date":"5 de May de 2025","format":false,"excerpt":"compartilhar no whatsapp compartilhar no telegram compartilhar no facebook compartilhar no linkedin Mun\u00edcipe agradece apoio de vereadores e parlamentares para que Franca fosse contemplada com o modelo educacional A implanta\u00e7\u00e3o do Programa das Escolas C\u00edvico-Militares em Franca, pauta defendida pela direita, foi tema abordado durante a sess\u00e3o ordin\u00e1ria da C\u00e2mara\u2026","rel":"","context":"In &quot;Not\u00edcias de Franca-SP&quot;","block_context":{"text":"Not\u00edcias de Franca-SP","link":"https:\/\/noticiasribeiraopreto.com.br\/index.php\/category\/noticias-de-ribeirao-preto-sp-e-regiao-ismael-colosi\/noticias-franca-sp\/"},"img":{"alt_text":"","src":"https:\/\/i0.wp.com\/noticiasribeiraopreto.com.br\/wp-content\/uploads\/2025\/05\/1746449336_plenariodiagonal_0.jpg?fit=930%2C558&ssl=1&resize=350%2C200","width":350,"height":200,"srcset":"https:\/\/i0.wp.com\/noticiasribeiraopreto.com.br\/wp-content\/uploads\/2025\/05\/1746449336_plenariodiagonal_0.jpg?fit=930%2C558&ssl=1&resize=350%2C200 1x, https:\/\/i0.wp.com\/noticiasribeiraopreto.com.br\/wp-content\/uploads\/2025\/05\/1746449336_plenariodiagonal_0.jpg?fit=930%2C558&ssl=1&resize=525%2C300 1.5x, https:\/\/i0.wp.com\/noticiasribeiraopreto.com.br\/wp-content\/uploads\/2025\/05\/1746449336_plenariodiagonal_0.jpg?fit=930%2C558&ssl=1&resize=700%2C400 2x"},"classes":[]},{"id":70143,"url":"https:\/\/noticiasribeiraopreto.com.br\/index.php\/2025\/05\/23\/jornal-da-franca-chegou-a-sexta-feira-dia-sera-seco-mas-sem-muito-frio-em-franca-e-regiao\/","url_meta":{"origin":69769,"position":2},"title":"Jornal da Franca &#8211; Chegou a sexta-feira! Dia ser\u00e1 seco, mas sem muito frio em Franca e regi\u00e3o","author":"noticiasribeiraopreto.com.br","date":"23 de May de 2025","format":false,"excerpt":"compartilhar no whatsapp compartilhar no telegram compartilhar no facebook compartilhar no linkedin Previs\u00e3o do tempo para Franca nesta sexta-feira indica temperaturas amenas e c\u00e9u parcialmente nublado A sexta-feira chegou e a previs\u00e3o do tempo para Franca \u00e9 de um dia agrad\u00e1vel, com temperaturas amenas e c\u00e9u parcialmente nublado. De acordo\u2026","rel":"","context":"In &quot;Not\u00edcias de Franca-SP&quot;","block_context":{"text":"Not\u00edcias de Franca-SP","link":"https:\/\/noticiasribeiraopreto.com.br\/index.php\/category\/noticias-de-ribeirao-preto-sp-e-regiao-ismael-colosi\/noticias-franca-sp\/"},"img":{"alt_text":"","src":"https:\/\/i0.wp.com\/noticiasribeiraopreto.com.br\/wp-content\/uploads\/2025\/05\/campanha-do-agasalho.jpg?fit=1086%2C652&ssl=1&resize=350%2C200","width":350,"height":200,"srcset":"https:\/\/i0.wp.com\/noticiasribeiraopreto.com.br\/wp-content\/uploads\/2025\/05\/campanha-do-agasalho.jpg?fit=1086%2C652&ssl=1&resize=350%2C200 1x, https:\/\/i0.wp.com\/noticiasribeiraopreto.com.br\/wp-content\/uploads\/2025\/05\/campanha-do-agasalho.jpg?fit=1086%2C652&ssl=1&resize=525%2C300 1.5x, https:\/\/i0.wp.com\/noticiasribeiraopreto.com.br\/wp-content\/uploads\/2025\/05\/campanha-do-agasalho.jpg?fit=1086%2C652&ssl=1&resize=700%2C400 2x, https:\/\/i0.wp.com\/noticiasribeiraopreto.com.br\/wp-content\/uploads\/2025\/05\/campanha-do-agasalho.jpg?fit=1086%2C652&ssl=1&resize=1050%2C600 3x"},"classes":[]},{"id":69220,"url":"https:\/\/noticiasribeiraopreto.com.br\/index.php\/2025\/05\/03\/jornal-da-franca-socorristas-que-salvaram-crianca-em-franca-recebem-mocao-de-aplausos-da-camara\/","url_meta":{"origin":69769,"position":3},"title":"Jornal da Franca &#8211; Socorristas que salvaram crian\u00e7a em Franca\u00a0recebem Mo\u00e7\u00e3o de Aplausos da C\u00e2mara","author":"noticiasribeiraopreto.com.br","date":"3 de May de 2025","format":false,"excerpt":"compartilhar no whatsapp compartilhar no telegram compartilhar no facebook compartilhar no linkedin Mo\u00e7\u00e3o reconhece trabalho de equipe de sa\u00fade que atuou no salvamento de beb\u00ea A C\u00e2mara aprovou a Mo\u00e7\u00e3o de Aplausos n\u00ba 41 de 2025, de autoria do vereador Walker Bombeiro da Libras, para a equipe de sa\u00fade da\u2026","rel":"","context":"In &quot;Not\u00edcias de Franca-SP&quot;","block_context":{"text":"Not\u00edcias de Franca-SP","link":"https:\/\/noticiasribeiraopreto.com.br\/index.php\/category\/noticias-de-ribeirao-preto-sp-e-regiao-ismael-colosi\/noticias-franca-sp\/"},"img":{"alt_text":"","src":"https:\/\/i0.wp.com\/noticiasribeiraopreto.com.br\/wp-content\/uploads\/2025\/05\/mocaoravi17sessao.jpg?fit=1000%2C562&ssl=1&resize=350%2C200","width":350,"height":200,"srcset":"https:\/\/i0.wp.com\/noticiasribeiraopreto.com.br\/wp-content\/uploads\/2025\/05\/mocaoravi17sessao.jpg?fit=1000%2C562&ssl=1&resize=350%2C200 1x, https:\/\/i0.wp.com\/noticiasribeiraopreto.com.br\/wp-content\/uploads\/2025\/05\/mocaoravi17sessao.jpg?fit=1000%2C562&ssl=1&resize=525%2C300 1.5x, https:\/\/i0.wp.com\/noticiasribeiraopreto.com.br\/wp-content\/uploads\/2025\/05\/mocaoravi17sessao.jpg?fit=1000%2C562&ssl=1&resize=700%2C400 2x"},"classes":[]},{"id":67863,"url":"https:\/\/noticiasribeiraopreto.com.br\/index.php\/2025\/04\/19\/jornal-da-franca-sesi-franca-quer-vencer-o-cordoba-e-deixar-a-champions-league-de-cabeca-erguida\/","url_meta":{"origin":69769,"position":4},"title":"Jornal da Franca &#8211; Sesi Franca quer vencer o C\u00f3rdoba e deixar a Champions League de cabe\u00e7a erguida","author":"noticiasribeiraopreto.com.br","date":"19 de April de 2025","format":false,"excerpt":"compartilhar no whatsapp compartilhar no telegram compartilhar no facebook compartilhar no linkedin Jogo de hoje servir\u00e1 para a equipe se reencontrar e encerrar campeonato honrosamente O Sesi Franca ainda procura se reencontrar ap\u00f3s a elimina\u00e7\u00e3o contra o Flamengo pelas semifinais da Champions League, por 91 a 65, na noite desta\u2026","rel":"","context":"In &quot;Not\u00edcias de Franca-SP&quot;","block_context":{"text":"Not\u00edcias de Franca-SP","link":"https:\/\/noticiasribeiraopreto.com.br\/index.php\/category\/noticias-de-ribeirao-preto-sp-e-regiao-ismael-colosi\/noticias-franca-sp\/"},"img":{"alt_text":"","src":"https:\/\/i0.wp.com\/noticiasribeiraopreto.com.br\/wp-content\/uploads\/2025\/04\/IMG_20250418_111654.jpg?fit=1080%2C710&ssl=1&resize=350%2C200","width":350,"height":200,"srcset":"https:\/\/i0.wp.com\/noticiasribeiraopreto.com.br\/wp-content\/uploads\/2025\/04\/IMG_20250418_111654.jpg?fit=1080%2C710&ssl=1&resize=350%2C200 1x, https:\/\/i0.wp.com\/noticiasribeiraopreto.com.br\/wp-content\/uploads\/2025\/04\/IMG_20250418_111654.jpg?fit=1080%2C710&ssl=1&resize=525%2C300 1.5x, https:\/\/i0.wp.com\/noticiasribeiraopreto.com.br\/wp-content\/uploads\/2025\/04\/IMG_20250418_111654.jpg?fit=1080%2C710&ssl=1&resize=700%2C400 2x, https:\/\/i0.wp.com\/noticiasribeiraopreto.com.br\/wp-content\/uploads\/2025\/04\/IMG_20250418_111654.jpg?fit=1080%2C710&ssl=1&resize=1050%2C600 3x"},"classes":[]},{"id":72002,"url":"https:\/\/noticiasribeiraopreto.com.br\/index.php\/2025\/06\/12\/jornal-da-franca-cinco-partidas-movimentam-a-rodada-da-copa-franca-de-basquete-neste-domingo-15\/","url_meta":{"origin":69769,"position":5},"title":"Jornal da Franca &#8211; Cinco partidas movimentam a rodada da Copa Franca de Basquete neste domingo, 15","author":"noticiasribeiraopreto.com.br","date":"12 de June de 2025","format":false,"excerpt":"compartilhar no whatsapp compartilhar no telegram compartilhar no facebook compartilhar no linkedin Secretaria de Esporte e Cultura de Franca promove competi\u00e7\u00e3o com 28 equipes participantes Jogos acontecem no Gin\u00e1sio Pedroc\u00e3o a partir das 8h30, reunindo equipes da regi\u00e3o \u00a0 A tradicional Copa Franca de Basquete ter\u00e1 mais uma rodada neste\u2026","rel":"","context":"In &quot;Not\u00edcias de Franca-SP&quot;","block_context":{"text":"Not\u00edcias de Franca-SP","link":"https:\/\/noticiasribeiraopreto.com.br\/index.php\/category\/noticias-de-ribeirao-preto-sp-e-regiao-ismael-colosi\/noticias-franca-sp\/"},"img":{"alt_text":"","src":"https:\/\/i0.wp.com\/noticiasribeiraopreto.com.br\/wp-content\/uploads\/2025\/06\/Copa-Basquete.jpeg?fit=1200%2C802&ssl=1&resize=350%2C200","width":350,"height":200,"srcset":"https:\/\/i0.wp.com\/noticiasribeiraopreto.com.br\/wp-content\/uploads\/2025\/06\/Copa-Basquete.jpeg?fit=1200%2C802&ssl=1&resize=350%2C200 1x, https:\/\/i0.wp.com\/noticiasribeiraopreto.com.br\/wp-content\/uploads\/2025\/06\/Copa-Basquete.jpeg?fit=1200%2C802&ssl=1&resize=525%2C300 1.5x, https:\/\/i0.wp.com\/noticiasribeiraopreto.com.br\/wp-content\/uploads\/2025\/06\/Copa-Basquete.jpeg?fit=1200%2C802&ssl=1&resize=700%2C400 2x, https:\/\/i0.wp.com\/noticiasribeiraopreto.com.br\/wp-content\/uploads\/2025\/06\/Copa-Basquete.jpeg?fit=1200%2C802&ssl=1&resize=1050%2C600 3x"},"classes":[]}],"jetpack_sharing_enabled":true,"jetpack_shortlink":"https:\/\/wp.me\/peQAOb-i9j","_links":{"self":[{"href":"https:\/\/noticiasribeiraopreto.com.br\/index.php\/wp-json\/wp\/v2\/posts\/69769","targetHints":{"allow":["GET"]}}],"collection":[{"href":"https:\/\/noticiasribeiraopreto.com.br\/index.php\/wp-json\/wp\/v2\/posts"}],"about":[{"href":"https:\/\/noticiasribeiraopreto.com.br\/index.php\/wp-json\/wp\/v2\/types\/post"}],"author":[{"embeddable":true,"href":"https:\/\/noticiasribeiraopreto.com.br\/index.php\/wp-json\/wp\/v2\/users\/1"}],"replies":[{"embeddable":true,"href":"https:\/\/noticiasribeiraopreto.com.br\/index.php\/wp-json\/wp\/v2\/comments?post=69769"}],"version-history":[{"count":0,"href":"https:\/\/noticiasribeiraopreto.com.br\/index.php\/wp-json\/wp\/v2\/posts\/69769\/revisions"}],"wp:featuredmedia":[{"embeddable":true,"href":"https:\/\/noticiasribeiraopreto.com.br\/index.php\/wp-json\/wp\/v2\/media\/69770"}],"wp:attachment":[{"href":"https:\/\/noticiasribeiraopreto.com.br\/index.php\/wp-json\/wp\/v2\/media?parent=69769"}],"wp:term":[{"taxonomy":"category","embeddable":true,"href":"https:\/\/noticiasribeiraopreto.com.br\/index.php\/wp-json\/wp\/v2\/categories?post=69769"},{"taxonomy":"post_tag","embeddable":true,"href":"https:\/\/noticiasribeiraopreto.com.br\/index.php\/wp-json\/wp\/v2\/tags?post=69769"}],"curies":[{"name":"wp","href":"https:\/\/api.w.org\/{rel}","templated":true}]}}