{"id":69771,"date":"2025-05-09T04:29:40","date_gmt":"2025-05-09T07:29:40","guid":{"rendered":"https:\/\/noticiasribeiraopreto.com.br\/index.php\/2025\/05\/09\/tres-medicas-sao-denunciadas-por-formar-organizacao-criminosa-para-desviar-recursos-em-patrocinio-paulista\/"},"modified":"2025-05-09T04:29:40","modified_gmt":"2025-05-09T07:29:40","slug":"tres-medicas-sao-denunciadas-por-formar-organizacao-criminosa-para-desviar-recursos-em-patrocinio-paulista","status":"publish","type":"post","link":"https:\/\/noticiasribeiraopreto.com.br\/index.php\/2025\/05\/09\/tres-medicas-sao-denunciadas-por-formar-organizacao-criminosa-para-desviar-recursos-em-patrocinio-paulista\/","title":{"rendered":"Tr\u00eas m\u00e9dicas s\u00e3o denunciadas por formar organiza\u00e7\u00e3o criminosa para desviar recursos em Patroc\u00ednio Paulista"},"content":{"rendered":"<p> <br \/>\n<\/p>\n<div>\n<p>Cinco pessoas, entre elas tr\u00eas m\u00e9dicas, tornaram-se r\u00e9s em a\u00e7\u00e3o penal proposta pelo promotor Tulio Vinicius Rosa envolvendo o desvio de verbas da Santa Casa de Patroc\u00ednio Paulista. Ao determinar que os acusados responder\u00e3o por organiza\u00e7\u00e3o criminosa e peculato, o juiz Afonso Marinho Catisti de Andrade ainda concedeu medida cautelar suspendendo contratos entre esses profissionais e entes p\u00fablicos.<\/p>\n<p>A den\u00fancia foi aceita pelo juiz Afonso Marinho Catisti de Andrade e envolve o ex-provedor da Santa Casa de Patroc\u00ednio Paulista, Keys de Alencar Correa; Roberta Gilberto Diniz, Regina Helena de Freitas Lopes, Lu\u00edza Poubel Marques Domingues; e Alisson Bruzon de Assis.<\/p>\n<p>O promotor apontou um desvio de R$ 574.222,62, que foi cometido por meio de falsos plant\u00f5es de retaguarda. Havia pagamento dos plant\u00f5es \u00e0 dist\u00e2ncia. As m\u00e9dicas, apesar de receber em Patroc\u00ednio Paulista, estavam trabalhando em outras cidades como Franca, Itirapu\u00e3, Cristais Paulista, C\u00e1ssia (MG) e Capetinga (MG).<\/p>\n<p>Investiga\u00e7\u00f5es apontaram que os cinco r\u00e9us implementaram e se beneficiaram com esquema de plant\u00f5es m\u00e9dicos irregulares e ilegais que permitiram o repasse de valores p\u00fablicos provenientes de conv\u00eanios p\u00fablicos com o munic\u00edpio e a Uni\u00e3o. Essas e outras pr\u00e1ticas il\u00edcitas foram reveladas ap\u00f3s interven\u00e7\u00e3o na unidade de sa\u00fade.<\/p>\n<p>Os respons\u00e1veis pelas fraudes confeccionavam escalas fict\u00edcias de plant\u00f5es m\u00e9dicos \u00e0 dist\u00e2ncia, que n\u00e3o foram efetivamente prestados tendo em vista que os beneficiados se encontravam prestando servi\u00e7os em outras institui\u00e7\u00f5es de sa\u00fade, inclusive em outras cidades. \u201cAs condutas das m\u00e9dicas acusadas configuram-se ilegais, pois est\u00e3o totalmente em desacordo com a Resolu\u00e7\u00e3o CFM n.\u00ba 1.834\/2008, do Conselho Federal de Medicina (CFM) que trata da disponibilidade do m\u00e9dico de sobreaviso, tamb\u00e9m conhecido como plant\u00e3o de retaguarda\u201d, diz a den\u00fancia.<\/p>\n<p>Essas escalas eram encaminhadas para o faturamento e, em seguida, os valores iam para o supervisor operacional\/financeiro, um dos acusados no processo. Ele dava anu\u00eancia e autorizava os pagamentos ilegais, al\u00e9m de tamb\u00e9m produzir as escalas referentes aos plant\u00f5es de retaguarda para as m\u00e9dicas denunciadas.<\/p>\n<p>Dois dos r\u00e9us na a\u00e7\u00e3o e uma terceira pessoa j\u00e1 foram condenados pelo uso de medicamentos vencidos e \u201c\u00e1lcool de posto\u201d na Santa Casa.<\/p>\n<p>*Com informa\u00e7\u00f5es de O Fato Patroc\u00ednio Paulista.<\/p>\n<p><!-- CONTENT END 1 --><\/p><\/div>\n<p><br \/>\n<br \/><a href=\"https:\/\/www.f3noticias.com.br\/tres-medicas-sao-denunciadas-por-formar-organizacao-criminosa-para-desviar-recursos-em-patrocinio-paulista\/\">Source link <\/a><\/p>\n","protected":false},"excerpt":{"rendered":"<p>Cinco pessoas, entre elas tr\u00eas m\u00e9dicas, tornaram-se r\u00e9s em a\u00e7\u00e3o penal proposta pelo promotor Tulio Vinicius Rosa envolvendo o desvio de verbas da Santa Casa&#8230;<\/p>\n","protected":false},"author":1,"featured_media":69772,"comment_status":"open","ping_status":"open","sticky":false,"template":"","format":"standard","meta":{"advanced_seo_description":"","jetpack_seo_html_title":"","jetpack_seo_noindex":false,"jetpack_post_was_ever_published":false,"_jetpack_newsletter_access":"","_jetpack_dont_email_post_to_subs":false,"_jetpack_newsletter_tier_id":0,"_jetpack_memberships_contains_paywalled_content":false,"_jetpack_memberships_contains_paid_content":false,"footnotes":"","jetpack_publicize_message":"","jetpack_publicize_feature_enabled":true,"jetpack_social_post_already_shared":true,"jetpack_social_options":{"image_generator_settings":{"template":"highway","default_image_id":0,"font":"","enabled":false},"version":2}},"categories":[3597],"tags":[],"class_list":["post-69771","post","type-post","status-publish","format-standard","has-post-thumbnail","hentry","category-noticias-franca-sp"],"jetpack_publicize_connections":[],"jetpack_featured_media_url":"https:\/\/i0.wp.com\/noticiasribeiraopreto.com.br\/wp-content\/uploads\/2025\/05\/santa-casa-patrocinio-paulista.jpg?fit=750%2C406&ssl=1","jetpack-related-posts":[{"id":68748,"url":"https:\/\/noticiasribeiraopreto.com.br\/index.php\/2025\/04\/28\/justica-pune-tres-por-uso-de-medicamentos-vencidos-e-alcool-de-posto-para-tratar-pacientes-em-hospital-da-regiao\/","url_meta":{"origin":69771,"position":0},"title":"Justi\u00e7a pune tr\u00eas por uso de medicamentos vencidos e &#8216;\u00e1lcool de posto&#8217; para tratar pacientes em hospital da regi\u00e3o","author":"noticiasribeiraopreto.com.br","date":"28 de April de 2025","format":false,"excerpt":"Investiga\u00e7\u00e3o conduzida pela Promotoria de Patroc\u00ednio Paulista permitiu a condena\u00e7\u00e3o de tr\u00eas integrantes dos quadros da Santa Casa local pelo uso de medicamentos e insumos de sa\u00fade com data de validade vencida. Os r\u00e9us responderam ainda por uso de etanol hidratado combust\u00edvel, vulgarmente conhecido como \u201c\u00e1lcool de posto\u201d e destinado\u2026","rel":"","context":"In &quot;Not\u00edcias de Franca-SP&quot;","block_context":{"text":"Not\u00edcias de Franca-SP","link":"https:\/\/noticiasribeiraopreto.com.br\/index.php\/category\/noticias-de-ribeirao-preto-sp-e-regiao-ismael-colosi\/noticias-franca-sp\/"},"img":{"alt_text":"","src":"https:\/\/i0.wp.com\/noticiasribeiraopreto.com.br\/wp-content\/uploads\/2025\/04\/patrocinio-paulista.jpg?fit=600%2C400&ssl=1&resize=350%2C200","width":350,"height":200,"srcset":"https:\/\/i0.wp.com\/noticiasribeiraopreto.com.br\/wp-content\/uploads\/2025\/04\/patrocinio-paulista.jpg?fit=600%2C400&ssl=1&resize=350%2C200 1x, https:\/\/i0.wp.com\/noticiasribeiraopreto.com.br\/wp-content\/uploads\/2025\/04\/patrocinio-paulista.jpg?fit=600%2C400&ssl=1&resize=525%2C300 1.5x"},"classes":[]},{"id":68487,"url":"https:\/\/noticiasribeiraopreto.com.br\/index.php\/2025\/04\/25\/justica-condena-tres-por-uso-de-alcool-de-posto-em-hospital\/","url_meta":{"origin":69771,"position":1},"title":"Justi\u00e7a condena tr\u00eas por uso de \u201c\u00e1lcool de posto\u201d em hospital","author":"noticiasribeiraopreto.com.br","date":"25 de April de 2025","format":false,"excerpt":"25 de abril de 2025 16:5425 de abril de 2025 17:2719 Compartilhar0 Tr\u00eas integrantes da equipe administrativa da Santa Casa de Miseric\u00f3rdia de Patroc\u00ednio Paulista, no interior de S\u00e3o Paulo, foram condenados pela Justi\u00e7a por crimes relacionados ao uso de medicamentos vencidos e de etanol automotivo, conhecido popularmente como \u201c\u00e1lcool\u2026","rel":"","context":"In &quot;Not\u00edcias de Ribeir\u00e3o Preto-SP e Regi\u00e3o&quot;","block_context":{"text":"Not\u00edcias de Ribeir\u00e3o Preto-SP e Regi\u00e3o","link":"https:\/\/noticiasribeiraopreto.com.br\/index.php\/category\/noticias-de-ribeirao-preto-sp-e-regiao-ismael-colosi\/"},"img":{"alt_text":"","src":"https:\/\/i0.wp.com\/noticiasribeiraopreto.com.br\/wp-content\/uploads\/2025\/04\/etanol_hospital1-1.jpeg?fit=480%2C500&ssl=1&resize=350%2C200","width":350,"height":200},"classes":[]},{"id":58471,"url":"https:\/\/noticiasribeiraopreto.com.br\/index.php\/2024\/09\/27\/justica-prende-e-bloqueia-r-3-milhoes-de-suspeito-de-provocar-incendios-na-regiao-de-ribeirao\/","url_meta":{"origin":69771,"position":2},"title":"Justi\u00e7a prende e bloqueia R$ 3 milh\u00f5es de suspeito de provocar inc\u00eandios na regi\u00e3o de Ribeir\u00e3o","author":"noticiasribeiraopreto.com.br","date":"27 de September de 2024","format":false,"excerpt":"A Justi\u00e7a decretou a pris\u00e3o preventiva de um homem acusado de realizar inc\u00eandios criminosos na zona rural de Patroc\u00ednio Paulista e Itirapu\u00e3, cidades na regi\u00e3o de Ribeir\u00e3o Preto. Conforme a decis\u00e3o, foram bloqueados R$ 3 milh\u00f5es em bens de Alessandro dos Reis Batista J\u00fanior para garantir a repara\u00e7\u00e3o por eventuais\u2026","rel":"","context":"In &quot;Not\u00edcias de Ribeir\u00e3o Preto-SP e Regi\u00e3o&quot;","block_context":{"text":"Not\u00edcias de Ribeir\u00e3o Preto-SP e Regi\u00e3o","link":"https:\/\/noticiasribeiraopreto.com.br\/index.php\/category\/noticias-de-ribeirao-preto-sp-e-regiao-ismael-colosi\/"},"img":{"alt_text":"","src":"https:\/\/i0.wp.com\/noticiasribeiraopreto.com.br\/wp-content\/uploads\/2024\/09\/Copia-de-Copia-de-Copia-de-TAMANHO-EXATO-PARA-FOTOS-NO-SISTEMA-NOVO-78_2024-09-28_00-13-06_png_2024-09-28_00-13-06.webp.webp?fit=1200%2C675&ssl=1&resize=350%2C200","width":350,"height":200,"srcset":"https:\/\/i0.wp.com\/noticiasribeiraopreto.com.br\/wp-content\/uploads\/2024\/09\/Copia-de-Copia-de-Copia-de-TAMANHO-EXATO-PARA-FOTOS-NO-SISTEMA-NOVO-78_2024-09-28_00-13-06_png_2024-09-28_00-13-06.webp.webp?fit=1200%2C675&ssl=1&resize=350%2C200 1x, https:\/\/i0.wp.com\/noticiasribeiraopreto.com.br\/wp-content\/uploads\/2024\/09\/Copia-de-Copia-de-Copia-de-TAMANHO-EXATO-PARA-FOTOS-NO-SISTEMA-NOVO-78_2024-09-28_00-13-06_png_2024-09-28_00-13-06.webp.webp?fit=1200%2C675&ssl=1&resize=525%2C300 1.5x, https:\/\/i0.wp.com\/noticiasribeiraopreto.com.br\/wp-content\/uploads\/2024\/09\/Copia-de-Copia-de-Copia-de-TAMANHO-EXATO-PARA-FOTOS-NO-SISTEMA-NOVO-78_2024-09-28_00-13-06_png_2024-09-28_00-13-06.webp.webp?fit=1200%2C675&ssl=1&resize=700%2C400 2x, https:\/\/i0.wp.com\/noticiasribeiraopreto.com.br\/wp-content\/uploads\/2024\/09\/Copia-de-Copia-de-Copia-de-TAMANHO-EXATO-PARA-FOTOS-NO-SISTEMA-NOVO-78_2024-09-28_00-13-06_png_2024-09-28_00-13-06.webp.webp?fit=1200%2C675&ssl=1&resize=1050%2C600 3x"},"classes":[]},{"id":78611,"url":"https:\/\/noticiasribeiraopreto.com.br\/index.php\/2025\/10\/14\/trabalhadores-ficam-feridos-em-colisao-de-picape-com-carreta-no-interior-de-sp\/","url_meta":{"origin":69771,"position":3},"title":"Trabalhadores ficam feridos em colis\u00e3o de picape com carreta no interior de SP","author":"noticiasribeiraopreto.com.br","date":"14 de October de 2025","format":false,"excerpt":"Dois trabalhadores escaparam de um grave acidente na tarde desta ter\u00e7a-feira (14), na rodovia Ronan Rocha, em Patroc\u00ednio Paulista, cidade na regi\u00e3o de Ribeir\u00e3o Preto. Segundo o Corpo de Bombeiros, dois homens estavam em uma picape quando, por motivos ainda desconhecidos, colidiram com a traseira de uma carreta em um\u2026","rel":"","context":"In &quot;Not\u00edcias de Ribeir\u00e3o Preto-SP e Regi\u00e3o&quot;","block_context":{"text":"Not\u00edcias de Ribeir\u00e3o Preto-SP e Regi\u00e3o","link":"https:\/\/noticiasribeiraopreto.com.br\/index.php\/category\/noticias-de-ribeirao-preto-sp-e-regiao-ismael-colosi\/"},"img":{"alt_text":"","src":"https:\/\/i0.wp.com\/noticiasribeiraopreto.com.br\/wp-content\/uploads\/2025\/10\/Copia-de-Copia-de-Copia-de-TAMANHO-EXATO-PARA-FOTOS-NO-SISTEMA-NOVO-2025-10-14T190343.547_2025-10-14_22-05-25.webp.webp?fit=1200%2C675&ssl=1&resize=350%2C200","width":350,"height":200,"srcset":"https:\/\/i0.wp.com\/noticiasribeiraopreto.com.br\/wp-content\/uploads\/2025\/10\/Copia-de-Copia-de-Copia-de-TAMANHO-EXATO-PARA-FOTOS-NO-SISTEMA-NOVO-2025-10-14T190343.547_2025-10-14_22-05-25.webp.webp?fit=1200%2C675&ssl=1&resize=350%2C200 1x, https:\/\/i0.wp.com\/noticiasribeiraopreto.com.br\/wp-content\/uploads\/2025\/10\/Copia-de-Copia-de-Copia-de-TAMANHO-EXATO-PARA-FOTOS-NO-SISTEMA-NOVO-2025-10-14T190343.547_2025-10-14_22-05-25.webp.webp?fit=1200%2C675&ssl=1&resize=525%2C300 1.5x, https:\/\/i0.wp.com\/noticiasribeiraopreto.com.br\/wp-content\/uploads\/2025\/10\/Copia-de-Copia-de-Copia-de-TAMANHO-EXATO-PARA-FOTOS-NO-SISTEMA-NOVO-2025-10-14T190343.547_2025-10-14_22-05-25.webp.webp?fit=1200%2C675&ssl=1&resize=700%2C400 2x, https:\/\/i0.wp.com\/noticiasribeiraopreto.com.br\/wp-content\/uploads\/2025\/10\/Copia-de-Copia-de-Copia-de-TAMANHO-EXATO-PARA-FOTOS-NO-SISTEMA-NOVO-2025-10-14T190343.547_2025-10-14_22-05-25.webp.webp?fit=1200%2C675&ssl=1&resize=1050%2C600 3x"},"classes":[]},{"id":69946,"url":"https:\/\/noticiasribeiraopreto.com.br\/index.php\/2025\/05\/21\/incendiario-e-condenado-a-oito-anos-de-prisao\/","url_meta":{"origin":69771,"position":4},"title":"Incendi\u00e1rio \u00e9 condenado a oito anos de pris\u00e3o","author":"noticiasribeiraopreto.com.br","date":"21 de May de 2025","format":false,"excerpt":"O homem que provocou inc\u00eandios na zona rural dos munic\u00edpios de Patroc\u00ednio Paulista e Itirapu\u00e3, na regi\u00e3o de Franca, em setembro do ano passado, durante um dos mais severos per\u00edodos de estiagem em todo o Brasil, foi condenado a pena de oito anos e quatro meses de pris\u00e3o, em regime\u2026","rel":"","context":"In &quot;Not\u00edcias de Ribeir\u00e3o Preto-SP e Regi\u00e3o&quot;","block_context":{"text":"Not\u00edcias de Ribeir\u00e3o Preto-SP e Regi\u00e3o","link":"https:\/\/noticiasribeiraopreto.com.br\/index.php\/category\/noticias-de-ribeirao-preto-sp-e-regiao-ismael-colosi\/"},"img":{"alt_text":"","src":"https:\/\/i0.wp.com\/noticiasribeiraopreto.com.br\/wp-content\/uploads\/2025\/05\/FOGO-scaled.jpeg?fit=772%2C500&ssl=1&resize=350%2C200","width":350,"height":200,"srcset":"https:\/\/i0.wp.com\/noticiasribeiraopreto.com.br\/wp-content\/uploads\/2025\/05\/FOGO-scaled.jpeg?fit=772%2C500&ssl=1&resize=350%2C200 1x, https:\/\/i0.wp.com\/noticiasribeiraopreto.com.br\/wp-content\/uploads\/2025\/05\/FOGO-scaled.jpeg?fit=772%2C500&ssl=1&resize=525%2C300 1.5x, https:\/\/i0.wp.com\/noticiasribeiraopreto.com.br\/wp-content\/uploads\/2025\/05\/FOGO-scaled.jpeg?fit=772%2C500&ssl=1&resize=700%2C400 2x"},"classes":[]},{"id":65865,"url":"https:\/\/noticiasribeiraopreto.com.br\/index.php\/2025\/03\/25\/apos-21-dias-internado-jose-victor-pai-da-vereadora-mais-votada-de-patrocinio-paulista-falece\/","url_meta":{"origin":69771,"position":5},"title":"Ap\u00f3s 21 dias internado, Jos\u00e9 Victor, pai da vereadora mais votada de Patroc\u00ednio Paulista, falece","author":"noticiasribeiraopreto.com.br","date":"25 de March de 2025","format":false,"excerpt":"Jos\u00e9 Victor, 72 anos, faleceu em Morro Agudo, nesta ter\u00e7a-feira (25), ap\u00f3s ficar 21 dias internado ao sofrer um infarto. Ele \u00e9 pai da vereadora de Patroc\u00ednio Paulista, Dandara Ferreira, que foi a mais votada no munic\u00edpio e est\u00e1 em seu segundo mandato consecutivo. Ela \u00e9 a presidente da Casa\u2026","rel":"","context":"In &quot;Not\u00edcias de Franca-SP&quot;","block_context":{"text":"Not\u00edcias de Franca-SP","link":"https:\/\/noticiasribeiraopreto.com.br\/index.php\/category\/noticias-de-ribeirao-preto-sp-e-regiao-ismael-colosi\/noticias-franca-sp\/"},"img":{"alt_text":"","src":"https:\/\/i0.wp.com\/noticiasribeiraopreto.com.br\/wp-content\/uploads\/2025\/03\/logo.png?fit=1200%2C630&ssl=1&resize=350%2C200","width":350,"height":200,"srcset":"https:\/\/i0.wp.com\/noticiasribeiraopreto.com.br\/wp-content\/uploads\/2025\/03\/logo.png?fit=1200%2C630&ssl=1&resize=350%2C200 1x, https:\/\/i0.wp.com\/noticiasribeiraopreto.com.br\/wp-content\/uploads\/2025\/03\/logo.png?fit=1200%2C630&ssl=1&resize=525%2C300 1.5x, https:\/\/i0.wp.com\/noticiasribeiraopreto.com.br\/wp-content\/uploads\/2025\/03\/logo.png?fit=1200%2C630&ssl=1&resize=700%2C400 2x, https:\/\/i0.wp.com\/noticiasribeiraopreto.com.br\/wp-content\/uploads\/2025\/03\/logo.png?fit=1200%2C630&ssl=1&resize=1050%2C600 3x"},"classes":[]}],"jetpack_sharing_enabled":true,"jetpack_shortlink":"https:\/\/wp.me\/peQAOb-i9l","_links":{"self":[{"href":"https:\/\/noticiasribeiraopreto.com.br\/index.php\/wp-json\/wp\/v2\/posts\/69771","targetHints":{"allow":["GET"]}}],"collection":[{"href":"https:\/\/noticiasribeiraopreto.com.br\/index.php\/wp-json\/wp\/v2\/posts"}],"about":[{"href":"https:\/\/noticiasribeiraopreto.com.br\/index.php\/wp-json\/wp\/v2\/types\/post"}],"author":[{"embeddable":true,"href":"https:\/\/noticiasribeiraopreto.com.br\/index.php\/wp-json\/wp\/v2\/users\/1"}],"replies":[{"embeddable":true,"href":"https:\/\/noticiasribeiraopreto.com.br\/index.php\/wp-json\/wp\/v2\/comments?post=69771"}],"version-history":[{"count":0,"href":"https:\/\/noticiasribeiraopreto.com.br\/index.php\/wp-json\/wp\/v2\/posts\/69771\/revisions"}],"wp:featuredmedia":[{"embeddable":true,"href":"https:\/\/noticiasribeiraopreto.com.br\/index.php\/wp-json\/wp\/v2\/media\/69772"}],"wp:attachment":[{"href":"https:\/\/noticiasribeiraopreto.com.br\/index.php\/wp-json\/wp\/v2\/media?parent=69771"}],"wp:term":[{"taxonomy":"category","embeddable":true,"href":"https:\/\/noticiasribeiraopreto.com.br\/index.php\/wp-json\/wp\/v2\/categories?post=69771"},{"taxonomy":"post_tag","embeddable":true,"href":"https:\/\/noticiasribeiraopreto.com.br\/index.php\/wp-json\/wp\/v2\/tags?post=69771"}],"curies":[{"name":"wp","href":"https:\/\/api.w.org\/{rel}","templated":true}]}}