{"id":69791,"date":"2025-05-09T09:37:43","date_gmt":"2025-05-09T12:37:43","guid":{"rendered":"https:\/\/noticiasribeiraopreto.com.br\/index.php\/2025\/05\/09\/obra-de-ponte-sofre-novo-ajuste-e-atrasa\/"},"modified":"2025-05-09T09:37:43","modified_gmt":"2025-05-09T12:37:43","slug":"obra-de-ponte-sofre-novo-ajuste-e-atrasa","status":"publish","type":"post","link":"https:\/\/noticiasribeiraopreto.com.br\/index.php\/2025\/05\/09\/obra-de-ponte-sofre-novo-ajuste-e-atrasa\/","title":{"rendered":"Obra de ponte sofre novo ajuste e atrasa \u00a0"},"content":{"rendered":"<div class='code-block code-block-1' style='margin: 8px 0 8px auto; text-align: right; display: block; clear: both;'>\n<p><a href=\"https:\/\/wa.link\/vpicfd\"><img data-recalc-dims=\"1\" class=\"wp-image-4922\" style=\"aspect-ratio: 2.0253164556962027; width: 561px; height: auto;\" src=\"https:\/\/i0.wp.com\/ismaelcolosi.com.br\/wp-content\/uploads\/2023\/11\/grupo-de-empregos-whatsapp-e-facebook-ismael-colosi-vagas.jpg?ssl=1\" alt=\"\" \/><\/a><\/p>\n<!-- \/wp:image -->\n<\/div>\n<p> <br \/>\n<\/p>\n<div id=\"\">\n<p>\n\t\t\t\t\t\t\t\t\t<span class=\"entry-meta-item penci-posted-on\"><i class=\"fa fa-clock-o\"\/><time class=\"entry-date published\" datetime=\"2025-05-09T09:30:11-03:00\">9 de maio de 2025 09:30<\/time><time class=\"updated\" datetime=\"2025-05-08T20:01:06-03:00\">8 de maio de 2025 20:01<\/time><\/span><span class=\"entry-meta-item penci-post-countview\"><span class=\"entry-meta-item penci-post-countview penci_post-meta_item\"><i class=\"fa fa-eye\"\/><span class=\"penci-post-countview-number penci-post-countview-p425215\">8<\/span><\/span><\/span>\t\t\t\t\t\t\t\t<\/p>\n<p><!-- .entry-meta --><br \/>\n\t\t\t\t\t\t\t\t<span class=\"penci-social-buttons penci-social-share-footer\"><span class=\"penci-social-share-text\">Compartilhar<\/span><a href=\"#\" class=\"penci-post-like penci_post-meta_item  single-like-button penci-social-item like\" data-post_id=\"425215\" title=\"Like\" data-like=\"Like\" data-unlike=\"Unlike\"><i class=\"fa fa-thumbs-o-up\"\/><span class=\"penci-share-number\">0<\/span><\/a><i class=\"fa fa-facebook\"\/><a class=\"penci-social-item twitter\" target=\"_blank\" rel=\"noopener\" title=\"\" href=\"https:\/\/twitter.com\/intent\/tweet?text=Obra%20de%20ponte%20sofre%20novo%20ajuste%20e%20atrasa%20\u00a0%20-%20https:\/\/www.tribunaribeirao.com.br\/obra-de-ponte-sofre-novo-ajuste-e-atrasa\/\"><i class=\"fa fa-twitter\"\/><\/a><i class=\"fa fa-linkedin\"\/><i class=\"fa fa-whatsapp\"\/><i class=\"fa fa-telegram\"\/><i class=\"fa fa-envelope\"\/><\/span>\t\t\t\t\t\t\t<\/div>\n<div>\n<p><span class=\"TextRun SCXW123080712 BCX0\" lang=\"PT-BR\" xml:lang=\"PT-BR\" data-contrast=\"auto\"><span class=\"NormalTextRun SCXW123080712 BCX0\">A reconstru\u00e7\u00e3o da ponte <\/span><span class=\"NormalTextRun SCXW123080712 BCX0\">sobre o ribeir\u00e3o Preto, na <\/span><span class=\"NormalTextRun SCXW123080712 BCX0\">avenida<\/span><span class=\"NormalTextRun SCXW123080712 BCX0\"> Ubirajara de Souza Roxo, na Zona Sul d<\/span><span class=\"NormalTextRun SCXW123080712 BCX0\">e Ribeir\u00e3o Preto, ainda n\u00e3o terminou. Em 15 de janeiro, a Secretaria Municipal de Obras P\u00fablicas informou que a obra deveria terminar no final de abril, mas isso n\u00e3o aconteceu. Nem o prazo de 15 dias de toler\u00e2ncia deve ser cumprido. A nova proje\u00e7\u00e3o \u00e9 para o final de maio<\/span><\/span><span class=\"LineBreakBlob BlobObject DragDrop SCXW123080712 BCX0\"><span class=\"SCXW123080712 BCX0\">\u00a0<\/span><br class=\"SCXW123080712 BCX0\"\/><\/span><span class=\"LineBreakBlob BlobObject DragDrop SCXW123080712 BCX0\"><span class=\"SCXW123080712 BCX0\">\u00a0<\/span><br class=\"SCXW123080712 BCX0\"\/><\/span><span class=\"TextRun SCXW123080712 BCX0\" lang=\"PT-BR\" xml:lang=\"PT-BR\" data-contrast=\"auto\"><span class=\"NormalTextRun SCXW123080712 BCX0\">Em nota enviada \u00e0 reda\u00e7\u00e3o <\/span><span class=\"NormalTextRun SCXW123080712 BCX0\">do Tribuna<\/span><span class=\"NormalTextRun SCXW123080712 BCX0\">, nesta quinta-feira, 8 de <\/span><span class=\"NormalTextRun ContextualSpellingAndGrammarErrorV2Themed SCXW123080712 BCX0\">maio,\u00a0 a<\/span><span class=\"NormalTextRun SCXW123080712 BCX0\"> Secretaria Municipal de Obras informa <\/span><span class=\"NormalTextRun ContextualSpellingAndGrammarErrorV2Themed SCXW123080712 BCX0\">que <\/span><span class=\"NormalTextRun ContextualSpellingAndGrammarErrorV2Themed SCXW123080712 BCX0\">\u201d<\/span><span class=\"NormalTextRun ContextualSpellingAndGrammarErrorV2Themed SCXW123080712 BCX0\">a<\/span><span class=\"NormalTextRun SCXW123080712 BCX0\"> constru\u00e7\u00e3o da ponte que ligar\u00e1 a <\/span><span class=\"NormalTextRun SCXW123080712 BCX0\">a<\/span><span class=\"NormalTextRun SCXW123080712 BCX0\">venida Ubirajara de Souza Roxo \u00e0 Rodovia Jos\u00e9 <\/span><span class=\"NormalTextRun SpellingErrorV2Themed SCXW123080712 BCX0\">Fregonezi<\/span><span class=\"NormalTextRun SCXW123080712 BCX0\">, em Bonfim\u202fPaulista, encontra<\/span><span class=\"NormalTextRun SCXW123080712 BCX0\">\u2011<\/span><span class=\"NormalTextRun SCXW123080712 BCX0\">se em fase final. O investimento soma aproximadamente R$\u202f1,5\u202fmilh\u00e3o.<\/span><span class=\"NormalTextRun SCXW123080712 BCX0\">\u201d<\/span><\/span><span class=\"LineBreakBlob BlobObject DragDrop SCXW123080712 BCX0\"><span class=\"SCXW123080712 BCX0\">\u00a0<\/span><br class=\"SCXW123080712 BCX0\"\/><\/span><span class=\"LineBreakBlob BlobObject DragDrop SCXW123080712 BCX0\"><span class=\"SCXW123080712 BCX0\">\u00a0<\/span><br class=\"SCXW123080712 BCX0\"\/><\/span><span class=\"TextRun SCXW123080712 BCX0\" lang=\"PT-BR\" xml:lang=\"PT-BR\" data-contrast=\"auto\"><span class=\"NormalTextRun SCXW123080712 BCX0\">\u201c<\/span><span class=\"NormalTextRun SCXW123080712 BCX0\">Apesar do cronograma ter sido impactado pelas condi\u00e7\u00f5es clim\u00e1ticas, a atual gest\u00e3o mant\u00e9m total empenho para que a entrega ocorra o mais breve poss\u00edvel. Al\u00e9m das chuvas, a obra sofreu ajustes ap\u00f3s a empresa respons\u00e1vel ser notificada a refazer servi\u00e7os que n\u00e3o atenderam aos padr\u00f5es de qualidade exigidos pela equipe t\u00e9cnica da <\/span><span class=\"NormalTextRun SCXW123080712 BCX0\">prefeitura\u201d, diz.<\/span><\/span><span class=\"LineBreakBlob BlobObject DragDrop SCXW123080712 BCX0\"><span class=\"SCXW123080712 BCX0\">\u00a0<\/span><br class=\"SCXW123080712 BCX0\"\/><\/span><span class=\"LineBreakBlob BlobObject DragDrop SCXW123080712 BCX0\"><span class=\"SCXW123080712 BCX0\">\u00a0<\/span><br class=\"SCXW123080712 BCX0\"\/><\/span><span class=\"TextRun SCXW123080712 BCX0\" lang=\"PT-BR\" xml:lang=\"PT-BR\" data-contrast=\"auto\"><span class=\"NormalTextRun SCXW123080712 BCX0\">\u201c<\/span><span class=\"NormalTextRun SCXW123080712 BCX0\">Com o acompanhamento di\u00e1rio dos trabalhos, a <\/span><span class=\"NormalTextRun SCXW123080712 BCX0\">a<\/span><span class=\"NormalTextRun SCXW123080712 BCX0\">dministra\u00e7\u00e3o <\/span><span class=\"NormalTextRun SCXW123080712 BCX0\">m<\/span><span class=\"NormalTextRun SCXW123080712 BCX0\">unicipal acredita concluir todas as interven\u00e7\u00f5es at\u00e9 o final deste m\u00eas, garantindo \u00e0 popula\u00e7\u00e3o uma travessia segura<\/span><span class=\"NormalTextRun SCXW123080712 BCX0\">\u201d, ressalta<\/span><span class=\"NormalTextRun SCXW123080712 BCX0\">.<\/span><span class=\"NormalTextRun SCXW123080712 BCX0\"> A via <\/span><span class=\"NormalTextRun SCXW123080712 BCX0\">liga a Rodovia Jos\u00e9 <\/span><span class=\"NormalTextRun SpellingErrorV2Themed SCXW123080712 BCX0\">Fregone<\/span><span class=\"NormalTextRun SpellingErrorV2Themed SCXW123080712 BCX0\">z<\/span><span class=\"NormalTextRun SpellingErrorV2Themed SCXW123080712 BCX0\">i<\/span><span class=\"NormalTextRun SCXW123080712 BCX0\"> (SP-328) ao Condom\u00ednio Royal Park e ao distrito de Bonfim Paulista.<\/span> <\/span><span class=\"LineBreakBlob BlobObject DragDrop SCXW123080712 BCX0\"><span class=\"SCXW123080712 BCX0\">\u00a0<\/span><br class=\"SCXW123080712 BCX0\"\/><\/span><span class=\"LineBreakBlob BlobObject DragDrop SCXW123080712 BCX0\"><span class=\"SCXW123080712 BCX0\">\u00a0<\/span><br class=\"SCXW123080712 BCX0\"\/><\/span><span class=\"TextRun SCXW123080712 BCX0\" lang=\"PT-BR\" xml:lang=\"PT-BR\" data-contrast=\"auto\"><span class=\"NormalTextRun SCXW123080712 BCX0\">O governo Duarte Nogueira (PSDB) pretendia entregar a nova ponte em dezembro. Segundo a <\/span><span class=\"NormalTextRun SCXW123080712 BCX0\">empresa <\/span><span class=\"NormalTextRun SCXW123080712 BCX0\">ASF Engenharia e Neg\u00f3cios Ltda<\/span><span class=\"NormalTextRun SCXW123080712 BCX0\">., as fortes e constantes chuvas que atingiram Ribeir\u00e3o Preto no final do ano passado atrapalharam o andamento dos trabalhos e prejudicaram o cronograma. <\/span><\/span><span class=\"LineBreakBlob BlobObject DragDrop SCXW123080712 BCX0\"><span class=\"SCXW123080712 BCX0\">\u00a0<\/span><br class=\"SCXW123080712 BCX0\"\/><\/span><span class=\"LineBreakBlob BlobObject DragDrop SCXW123080712 BCX0\"><span class=\"SCXW123080712 BCX0\">\u00a0<\/span><br class=\"SCXW123080712 BCX0\"\/><\/span><span class=\"TextRun SCXW123080712 BCX0\" lang=\"PT-BR\" xml:lang=\"PT-BR\" data-contrast=\"auto\"><span class=\"NormalTextRun SCXW123080712 BCX0\">Em janeiro<\/span><span class=\"NormalTextRun SCXW123080712 BCX0\">, a empresa argumentou que os atrasos <\/span><span class=\"NormalTextRun SCXW123080712 BCX0\">ocorreram por <\/span><span class=\"NormalTextRun SCXW123080712 BCX0\">v\u00e1rias raz\u00f5es n\u00e3o previstas e, tamb\u00e9m, \u00e0s fortes chuvas.<\/span> <span class=\"NormalTextRun SCXW123080712 BCX0\">Contudo, compromete<\/span><span class=\"NormalTextRun SCXW123080712 BCX0\">u<\/span><span class=\"NormalTextRun SCXW123080712 BCX0\">-se a aumentar a for\u00e7a de trabalho no canteiro de obras e apresent<\/span><span class=\"NormalTextRun SCXW123080712 BCX0\">ou <\/span><span class=\"NormalTextRun SCXW123080712 BCX0\">um novo cronograma de a\u00e7\u00f5es, com previs\u00e3o de conclus\u00e3o em abril de 2025.<\/span> <\/span><span class=\"LineBreakBlob BlobObject DragDrop SCXW123080712 BCX0\"><span class=\"SCXW123080712 BCX0\">\u00a0<\/span><br class=\"SCXW123080712 BCX0\"\/><\/span><span class=\"LineBreakBlob BlobObject DragDrop SCXW123080712 BCX0\"><span class=\"SCXW123080712 BCX0\">\u00a0<\/span><br class=\"SCXW123080712 BCX0\"\/><\/span><span class=\"TextRun SCXW123080712 BCX0\" lang=\"PT-BR\" xml:lang=\"PT-BR\" data-contrast=\"auto\"><span class=\"NormalTextRun SCXW123080712 BCX0\">A equipe t\u00e9cnica da Secretaria de Obras P\u00fablicas, formada por engenheiros capacitados, avaliou o novo cronograma como fact\u00edvel e <\/span><span class=\"NormalTextRun SCXW123080712 BCX0\">passou a <\/span><span class=\"NormalTextRun SCXW123080712 BCX0\">orienta<\/span><span class=\"NormalTextRun SCXW123080712 BCX0\">r <\/span><span class=\"NormalTextRun SCXW123080712 BCX0\">os <\/span><span class=\"NormalTextRun SCXW123080712 BCX0\">trabalhos para que obede\u00e7am aos requisitos de durabilidade e seguran\u00e7a.<\/span> <\/span><span class=\"LineBreakBlob BlobObject DragDrop SCXW123080712 BCX0\"><span class=\"SCXW123080712 BCX0\">\u00a0<\/span><br class=\"SCXW123080712 BCX0\"\/><\/span><span class=\"TextRun SCXW123080712 BCX0\" lang=\"PT-BR\" xml:lang=\"PT-BR\" data-contrast=\"auto\"><span class=\"NormalTextRun SCXW123080712 BCX0\">Os <\/span><span class=\"NormalTextRun SCXW123080712 BCX0\">servi\u00e7os <\/span><span class=\"NormalTextRun SCXW123080712 BCX0\">come\u00e7aram <\/span><span class=\"NormalTextRun SCXW123080712 BCX0\">no final de maio de 2023 com a demoli\u00e7\u00e3o do antigo equipamento<\/span><span class=\"NormalTextRun SCXW123080712 BCX0\">. <\/span><\/span><span class=\"LineBreakBlob BlobObject DragDrop SCXW123080712 BCX0\"><span class=\"SCXW123080712 BCX0\">\u00a0<\/span><br class=\"SCXW123080712 BCX0\"\/><\/span><span class=\"LineBreakBlob BlobObject DragDrop SCXW123080712 BCX0\"><span class=\"SCXW123080712 BCX0\">\u00a0<\/span><br class=\"SCXW123080712 BCX0\"\/><\/span><span class=\"TextRun SCXW123080712 BCX0\" lang=\"PT-BR\" xml:lang=\"PT-BR\" data-contrast=\"auto\"><span class=\"NormalTextRun SCXW123080712 BCX0\">Na \u00e9poca, a administra\u00e7\u00e3o <\/span><span class=\"NormalTextRun SCXW123080712 BCX0\">municipal <\/span><span class=\"NormalTextRun SCXW123080712 BCX0\">chegou a anunciar que entregaria a nova ponte em no m\u00e1ximo quatro meses, entre setembro e outubro. Entretanto, no dia 3 de outubro<\/span><span class=\"NormalTextRun SCXW123080712 BCX0\"> de 2024<\/span><span class=\"NormalTextRun SCXW123080712 BCX0\">, a Secretaria de <\/span><span class=\"NormalTextRun SCXW123080712 BCX0\">Infraestrutura<\/span><span class=\"NormalTextRun SCXW123080712 BCX0\"> afirmou que os servi\u00e7os seriam finalizados <\/span><span class=\"NormalTextRun SCXW123080712 BCX0\">em dezembro do ano passado. <\/span><\/span><span class=\"LineBreakBlob BlobObject DragDrop SCXW123080712 BCX0\"><span class=\"SCXW123080712 BCX0\">\u00a0<\/span><br class=\"SCXW123080712 BCX0\"\/><\/span><span class=\"LineBreakBlob BlobObject DragDrop SCXW123080712 BCX0\"><span class=\"SCXW123080712 BCX0\">\u00a0<\/span><br class=\"SCXW123080712 BCX0\"\/><\/span><span class=\"TextRun SCXW123080712 BCX0\" lang=\"PT-BR\" xml:lang=\"PT-BR\" data-contrast=\"auto\"><span class=\"NormalTextRun SCXW123080712 BCX0\">Investimento <\/span><span class=\"NormalTextRun SCXW123080712 BCX0\">\u2013 <\/span><\/span><span class=\"TextRun SCXW123080712 BCX0\" lang=\"PT-BR\" xml:lang=\"PT-BR\" data-contrast=\"auto\"><span class=\"NormalTextRun SCXW123080712 BCX0\">O mais recente reajuste no contrato da ponte que a <\/span><span class=\"NormalTextRun SCXW123080712 BCX0\">p<\/span><span class=\"NormalTextRun SCXW123080712 BCX0\">refeitura de Ribeir\u00e3o Preto est\u00e1 construindo na <\/span><span class=\"NormalTextRun SCXW123080712 BCX0\">a<\/span><span class=\"NormalTextRun SCXW123080712 BCX0\">venida<\/span><span class=\"NormalTextRun SCXW123080712 BCX0\"> Ubirajara de Souza Roxo, no Royal Park, <\/span><span class=\"NormalTextRun SCXW123080712 BCX0\">Z<\/span><span class=\"NormalTextRun SCXW123080712 BCX0\">ona Sul da cidade<\/span><span class=\"NormalTextRun SCXW123080712 BCX0\">, ocorreu em <\/span><span class=\"NormalTextRun SCXW123080712 BCX0\">17 de abril sob a justificativa de corre\u00e7\u00f5es nas planilhas or\u00e7ament\u00e1rias.<\/span><\/span><span class=\"LineBreakBlob BlobObject DragDrop SCXW123080712 BCX0\"><span class=\"SCXW123080712 BCX0\">\u00a0<\/span><br class=\"SCXW123080712 BCX0\"\/><\/span><span class=\"LineBreakBlob BlobObject DragDrop SCXW123080712 BCX0\"><span class=\"SCXW123080712 BCX0\">\u00a0<\/span><br class=\"SCXW123080712 BCX0\"\/><\/span><span class=\"TextRun SCXW123080712 BCX0\" lang=\"PT-BR\" xml:lang=\"PT-BR\" data-contrast=\"auto\"><span class=\"NormalTextRun SCXW123080712 BCX0\">Este foi o terceiro aumento no pre\u00e7o da obra constru\u00edda pela ASF Engenharia e Neg\u00f3cios <\/span><span class=\"NormalTextRun SCXW123080712 BCX0\">Ltda<\/span><span class=\"NormalTextRun SCXW123080712 BCX0\">, que venceu a licita\u00e7\u00e3o com a proposta de R$ 1.239.794,62. Com os reajustes<\/span><span class=\"NormalTextRun SCXW123080712 BCX0\">,<\/span><span class=\"NormalTextRun SCXW123080712 BCX0\"> o custo total da obra aumentou <\/span><span class=\"NormalTextRun SCXW123080712 BCX0\">24,47%, <\/span><span class=\"NormalTextRun SCXW123080712 BCX0\">para R$ 1.543.179,05, <\/span><span class=\"NormalTextRun SCXW123080712 BCX0\">acr\u00e9scimo <\/span><span class=\"NormalTextRun SCXW123080712 BCX0\">de R$ 303.384,43.\u00a0 <\/span><\/span><span class=\"LineBreakBlob BlobObject DragDrop SCXW123080712 BCX0\"><span class=\"SCXW123080712 BCX0\">\u00a0<\/span><br class=\"SCXW123080712 BCX0\"\/><\/span><span class=\"LineBreakBlob BlobObject DragDrop SCXW123080712 BCX0\"><span class=\"SCXW123080712 BCX0\">\u00a0<\/span><br class=\"SCXW123080712 BCX0\"\/><\/span><span class=\"TextRun SCXW123080712 BCX0\" lang=\"PT-BR\" xml:lang=\"PT-BR\" data-contrast=\"auto\"><span class=\"NormalTextRun SCXW123080712 BCX0\">As duas primeiras corre\u00e7\u00f5es das planilhas foram feitas na gest\u00e3o do ex-prefeito Duarte Nogueira (PSDB) e a terceira j\u00e1 no governo Ricardo Silva (PSD). O custo m\u00e1ximo previsto pela prefeitura no edital de licita\u00e7\u00e3o <\/span><span class=\"NormalTextRun SCXW123080712 BCX0\">era de <\/span><span class=\"NormalTextRun SCXW123080712 BCX0\">R$ 2.389.079,54. <\/span><span class=\"NormalTextRun SCXW123080712 BCX0\">Ou seja, ainda <\/span><span class=\"NormalTextRun SCXW123080712 BCX0\">est\u00e1<\/span><span class=\"NormalTextRun SCXW123080712 BCX0\"> 35,41% abaixo do teto, R$ 845.900,49 a menos.<\/span><\/span><span class=\"LineBreakBlob BlobObject DragDrop SCXW123080712 BCX0\"><span class=\"SCXW123080712 BCX0\">\u00a0<\/span><br class=\"SCXW123080712 BCX0\"\/><\/span><span class=\"LineBreakBlob BlobObject DragDrop SCXW123080712 BCX0\"><span class=\"SCXW123080712 BCX0\">\u00a0<\/span><br class=\"SCXW123080712 BCX0\"\/><\/span><span class=\"TextRun SCXW123080712 BCX0\" lang=\"PT-BR\" xml:lang=\"PT-BR\" data-contrast=\"none\"><span class=\"NormalTextRun SCXW123080712 BCX0\">Estudos t\u00e9cnicos no local demonstraram que os danos causados pelas chuvas exigiram profunda reforma estrutural. Houve infiltra\u00e7\u00e3o nas laterais e, ao abrir para consertar os danos provocados pelas eros\u00f5es, os t\u00e9cnicos descobriram uma trinca. A ponte foi interditada <\/span><span class=\"NormalTextRun SCXW123080712 BCX0\">em abril de 2023<\/span><span class=\"NormalTextRun SCXW123080712 BCX0\">.<\/span> <\/span><span class=\"LineBreakBlob BlobObject DragDrop SCXW123080712 BCX0\"><span class=\"SCXW123080712 BCX0\">\u00a0<\/span><br class=\"SCXW123080712 BCX0\"\/><\/span><span class=\"LineBreakBlob BlobObject DragDrop SCXW123080712 BCX0\"><span class=\"SCXW123080712 BCX0\">\u00a0<\/span><br class=\"SCXW123080712 BCX0\"\/><\/span><span class=\"TextRun SCXW123080712 BCX0\" lang=\"PT-BR\" xml:lang=\"PT-BR\" data-contrast=\"none\"><span class=\"NormalTextRun SCXW123080712 BCX0\">A prefeitura diz que a empresa <\/span><span class=\"NormalTextRun SCXW123080712 BCX0\">encontro<\/span><span class=\"NormalTextRun SCXW123080712 BCX0\">u uma <\/span><span class=\"NormalTextRun SCXW123080712 BCX0\">rocha no terreno, exigindo adequa\u00e7\u00f5es nas estruturas das estacas de concreto. Essa interfer\u00eancia t\u00e9cnica motivou readequa\u00e7\u00f5es no projeto original e emprego de m\u00e1quinas apropriadas. <\/span><span class=\"NormalTextRun SCXW123080712 BCX0\">A situa\u00e7\u00e3o causa <\/span><\/span><span class=\"TextRun SCXW123080712 BCX0\" lang=\"PT-BR\" xml:lang=\"PT-BR\" data-contrast=\"auto\"><span class=\"NormalTextRun SCXW123080712 BCX0\">transtornos a moradores e motoristas. <\/span><\/span><span class=\"LineBreakBlob BlobObject DragDrop SCXW123080712 BCX0\"><span class=\"SCXW123080712 BCX0\">\u00a0<\/span><br class=\"SCXW123080712 BCX0\"\/><\/span><span class=\"LineBreakBlob BlobObject DragDrop SCXW123080712 BCX0\"><span class=\"SCXW123080712 BCX0\">\u00a0<\/span><br class=\"SCXW123080712 BCX0\"\/><\/span><span class=\"TextRun SCXW123080712 BCX0\" lang=\"PT-BR\" xml:lang=\"PT-BR\" data-contrast=\"none\"><span class=\"NormalTextRun SCXW123080712 BCX0\">O equipamento contar\u00e1 com <\/span><span class=\"NormalTextRun SCXW123080712 BCX0\">novo sistema de capta\u00e7\u00e3o de \u00e1guas pluviais e um canal de concreto armado ligando as duas pontes, para conter a eros\u00e3o. <\/span><span class=\"NormalTextRun SCXW123080712 BCX0\">T<\/span><span class=\"NormalTextRun SCXW123080712 BCX0\">er\u00e1 vigas pr\u00e9-moldadas e um v\u00e3o com 12,6 metros de comprimento e 12 metros de largura, com volume total de 170m\u00b3 de concreto. <\/span><span class=\"NormalTextRun SCXW123080712 BCX0\">Ter\u00e1 <\/span><\/span><span class=\"TextRun SCXW123080712 BCX0\" lang=\"PT-BR\" xml:lang=\"PT-BR\" data-contrast=\"auto\"><span class=\"NormalTextRun SCXW123080712 BCX0\">duas faixas de rolamento de <\/span><span class=\"NormalTextRun SCXW123080712 BCX0\">4,<\/span><span class=\"NormalTextRun SCXW123080712 BCX0\">775 metros e duas barreiras r\u00edgidas de 0,40m.<\/span> <span class=\"NormalTextRun SCXW123080712 BCX0\">Uma das pistas <\/span><span class=\"NormalTextRun SCXW123080712 BCX0\">est\u00e1 <\/span><span class=\"NormalTextRun SCXW123080712 BCX0\">interditada desde o final de 2022. <\/span><\/span><span class=\"LineBreakBlob BlobObject DragDrop SCXW123080712 BCX0\"><span class=\"SCXW123080712 BCX0\">\u00a0<\/span><br class=\"SCXW123080712 BCX0\"\/><\/span><span class=\"LineBreakBlob BlobObject DragDrop SCXW123080712 BCX0\"><br class=\"SCXW123080712 BCX0\"\/><\/span><span class=\"EOP SCXW123080712 BCX0\" data-ccp-props=\"{}\">\u00a0\u2014\u2013<\/span><\/p>\n<p>Jornal Tribuna Ribeir\u00e3o<\/p>\n<p>Um Jornal com a cara de Ribeir\u00e3o!<\/p>\n<p>Impresso | WEB | Redes sociais<\/p>\n<p>\u00a0<\/p>\n<p>Tribuna Ribeir\u00e3o \u2013 Fone: (16) 3632-2200 \u2013 Whatsapp: (16) 98161-8743<\/p>\n<p>Av. Bar\u00e3o do Bananal, 880 \u2013 Jardim Anhanguera, Ribeir\u00e3o Preto<\/p>\n<p>\u00a0<\/p>\n<p>@tribunaribeirao @jornaltribuna<\/p>\n<p>@jornaltribunaribeirao @jornalribeiraopreto<\/p>\n<p>@noticiasribeiraopreto @meiamaratona<\/p>\n<p>@meiamaratonainternacionalderibeiraopreto<\/p>\n<p>@meiamaratonatribunaribeirao<\/p>\n<p>\u00a0<\/p>\n<p>#TribunaRibeir\u00e3o #News #Not\u00edcia #Ribeir\u00e3oPreto #Not\u00edciasDeRibeir\u00e3oPreto #ClassificadosTribunaRibeir\u00e3o #Jornalismo #ClassificadosRibeir\u00e3o<\/p>\n<\/div>\n<p><script async src=\"\/\/platform.twitter.com\/widgets.js\" charset=\"utf-8\"><\/script><br \/>\n<br \/><br \/>\n<br \/><a href=\"https:\/\/www.tribunaribeirao.com.br\/obra-de-ponte-sofre-novo-ajuste-e-atrasa\/\">Source link <\/a><\/p>\n<!-- CONTENT END 1 -->\n","protected":false},"excerpt":{"rendered":"<p>9 de maio de 2025 09:308 de maio de 2025 20:018 Compartilhar0 A reconstru\u00e7\u00e3o da ponte sobre o ribeir\u00e3o Preto, na avenida Ubirajara de Souza&#8230;<\/p>\n","protected":false},"author":1,"featured_media":69792,"comment_status":"open","ping_status":"open","sticky":false,"template":"","format":"standard","meta":{"advanced_seo_description":"","jetpack_seo_html_title":"","jetpack_seo_noindex":false,"jetpack_post_was_ever_published":false,"_jetpack_newsletter_access":"","_jetpack_dont_email_post_to_subs":false,"_jetpack_newsletter_tier_id":0,"_jetpack_memberships_contains_paywalled_content":false,"_jetpack_memberships_contains_paid_content":false,"footnotes":"","jetpack_publicize_message":"","jetpack_publicize_feature_enabled":true,"jetpack_social_post_already_shared":true,"jetpack_social_options":{"image_generator_settings":{"template":"highway","default_image_id":0,"font":"","enabled":false},"version":2}},"categories":[11],"tags":[],"class_list":["post-69791","post","type-post","status-publish","format-standard","has-post-thumbnail","hentry","category-noticias-de-ribeirao-preto-sp-e-regiao-ismael-colosi"],"jetpack_publicize_connections":[],"jetpack_featured_media_url":"https:\/\/i0.wp.com\/noticiasribeiraopreto.com.br\/wp-content\/uploads\/2025\/05\/PonteRP-Alfredo-Risk-3-scaled.jpg?fit=2560%2C1440&ssl=1","jetpack-related-posts":[{"id":47341,"url":"https:\/\/noticiasribeiraopreto.com.br\/index.php\/2024\/04\/25\/bolsa-familia-oferece-r-2-mil-em-maio-descubra-se-voce-esta-na-lista\/","url_meta":{"origin":69791,"position":0},"title":"Bolsa Fam\u00edlia oferece R$ 2 Mil em Maio: Descubra se voc\u00ea est\u00e1 na lista","author":"noticiasribeiraopreto.com.br","date":"25 de April de 2024","format":false,"excerpt":"A recente decis\u00e3o de permitir o ac\u00famulo do Bolsa Fam\u00edlia e dos Benef\u00edcios de Pagamento Cont\u00ednuo (BPC) \u00e9 uma not\u00edcia positiva para os benefici\u00e1rios, pois aumenta a probabilidade de receber mais de 2 mil reais a partir de maio de 2024. O BPC \u00e9 um benef\u00edcio eleg\u00edvel para idosos e\u2026","rel":"","context":"In &quot;Dinheiro e Investimento&quot;","block_context":{"text":"Dinheiro e Investimento","link":"https:\/\/noticiasribeiraopreto.com.br\/index.php\/category\/dinheiro-e-investimento-como-fazer-como-ganhar\/"},"img":{"alt_text":"","src":"https:\/\/i0.wp.com\/noticiasribeiraopreto.com.br\/wp-content\/uploads\/2024\/04\/Design-sem-nome-3.webp.webp?fit=1200%2C630&ssl=1&resize=350%2C200","width":350,"height":200,"srcset":"https:\/\/i0.wp.com\/noticiasribeiraopreto.com.br\/wp-content\/uploads\/2024\/04\/Design-sem-nome-3.webp.webp?fit=1200%2C630&ssl=1&resize=350%2C200 1x, https:\/\/i0.wp.com\/noticiasribeiraopreto.com.br\/wp-content\/uploads\/2024\/04\/Design-sem-nome-3.webp.webp?fit=1200%2C630&ssl=1&resize=525%2C300 1.5x, https:\/\/i0.wp.com\/noticiasribeiraopreto.com.br\/wp-content\/uploads\/2024\/04\/Design-sem-nome-3.webp.webp?fit=1200%2C630&ssl=1&resize=700%2C400 2x, https:\/\/i0.wp.com\/noticiasribeiraopreto.com.br\/wp-content\/uploads\/2024\/04\/Design-sem-nome-3.webp.webp?fit=1200%2C630&ssl=1&resize=1050%2C600 3x"},"classes":[]},{"id":47242,"url":"https:\/\/noticiasribeiraopreto.com.br\/index.php\/2024\/04\/25\/bolsa-familia-governo-divulga-nova-lista-nis-de-contemplados-para-receber-r-800-em-maio-confira-calendario\/","url_meta":{"origin":69791,"position":1},"title":"Bolsa Fam\u00edlia: Governo divulga nova lista NIS de contemplados para receber R$ 800 em MAIO; Confira calend\u00e1rio","author":"noticiasribeiraopreto.com.br","date":"25 de April de 2024","format":false,"excerpt":"O programa Bolsa Fam\u00edlia, que j\u00e1 se tornou parte importante do apoio socioecon\u00f4mico a milhares de fam\u00edlias no Brasil, apresenta novos pagamentos e benef\u00edcios adicionais que ter\u00e3o in\u00edcio no pr\u00f3ximo m\u00eas. Entenda agora como \u00e9 o pagamento e quais s\u00e3o os novos benef\u00edcios para os benefici\u00e1rios. 1. Quando come\u00e7am os\u2026","rel":"","context":"In &quot;Dinheiro e Investimento&quot;","block_context":{"text":"Dinheiro e Investimento","link":"https:\/\/noticiasribeiraopreto.com.br\/index.php\/category\/dinheiro-e-investimento-como-fazer-como-ganhar\/"},"img":{"alt_text":"","src":"https:\/\/i0.wp.com\/noticiasribeiraopreto.com.br\/wp-content\/uploads\/2024\/04\/STARTUP-2.webp.webp?fit=1200%2C630&ssl=1&resize=350%2C200","width":350,"height":200,"srcset":"https:\/\/i0.wp.com\/noticiasribeiraopreto.com.br\/wp-content\/uploads\/2024\/04\/STARTUP-2.webp.webp?fit=1200%2C630&ssl=1&resize=350%2C200 1x, https:\/\/i0.wp.com\/noticiasribeiraopreto.com.br\/wp-content\/uploads\/2024\/04\/STARTUP-2.webp.webp?fit=1200%2C630&ssl=1&resize=525%2C300 1.5x, https:\/\/i0.wp.com\/noticiasribeiraopreto.com.br\/wp-content\/uploads\/2024\/04\/STARTUP-2.webp.webp?fit=1200%2C630&ssl=1&resize=700%2C400 2x, https:\/\/i0.wp.com\/noticiasribeiraopreto.com.br\/wp-content\/uploads\/2024\/04\/STARTUP-2.webp.webp?fit=1200%2C630&ssl=1&resize=1050%2C600 3x"},"classes":[]},{"id":14115,"url":"https:\/\/noticiasribeiraopreto.com.br\/index.php\/2023\/12\/11\/obras-do-corredor-de-onibus-castelo-branco-13-de-maio-estao-em-andamento\/","url_meta":{"origin":69791,"position":2},"title":"Obras do corredor de \u00f4nibus Castelo Branco\/ 13 de Maio est\u00e3o em andamento \u2013 Folha de Ribeir\u00e3o","author":"noticiasribeiraopreto.com.br","date":"11 de December de 2023","format":false,"excerpt":"As obras do corredor de \u00f4nibus das avenidas Castelo Branco\/ 13 de Maio est\u00e3o\u00a0em ritmo acelerado, com mais de 40% do projeto conclu\u00eddo. Com previs\u00e3o para ser entregue em setembro de 2024, os trabalhos est\u00e3o concentrados na reconstru\u00e7\u00e3o do pavimento dos corredores na avenida Le\u00e3o XIII e, nas marginais da\u2026","rel":"","context":"In &quot;Not\u00edcias de Ribeir\u00e3o Preto-SP e Regi\u00e3o&quot;","block_context":{"text":"Not\u00edcias de Ribeir\u00e3o Preto-SP e Regi\u00e3o","link":"https:\/\/noticiasribeiraopreto.com.br\/index.php\/category\/noticias-de-ribeirao-preto-sp-e-regiao-ismael-colosi\/"},"img":{"alt_text":"","src":"https:\/\/i0.wp.com\/noticiasribeiraopreto.com.br\/wp-content\/uploads\/2023\/12\/obras_corredor_castelo_branco_-_foto_guilherme_sircili_5.jpg?fit=1200%2C800&ssl=1&resize=350%2C200","width":350,"height":200,"srcset":"https:\/\/i0.wp.com\/noticiasribeiraopreto.com.br\/wp-content\/uploads\/2023\/12\/obras_corredor_castelo_branco_-_foto_guilherme_sircili_5.jpg?fit=1200%2C800&ssl=1&resize=350%2C200 1x, https:\/\/i0.wp.com\/noticiasribeiraopreto.com.br\/wp-content\/uploads\/2023\/12\/obras_corredor_castelo_branco_-_foto_guilherme_sircili_5.jpg?fit=1200%2C800&ssl=1&resize=525%2C300 1.5x, https:\/\/i0.wp.com\/noticiasribeiraopreto.com.br\/wp-content\/uploads\/2023\/12\/obras_corredor_castelo_branco_-_foto_guilherme_sircili_5.jpg?fit=1200%2C800&ssl=1&resize=700%2C400 2x, https:\/\/i0.wp.com\/noticiasribeiraopreto.com.br\/wp-content\/uploads\/2023\/12\/obras_corredor_castelo_branco_-_foto_guilherme_sircili_5.jpg?fit=1200%2C800&ssl=1&resize=1050%2C600 3x"},"classes":[]},{"id":69907,"url":"https:\/\/noticiasribeiraopreto.com.br\/index.php\/2025\/05\/10\/ribeirao-preto-recebe-projeto-que-leva-palestras-cientificas-aos-bares\/","url_meta":{"origin":69791,"position":3},"title":"Ribeir\u00e3o Preto recebe projeto que leva palestras cient\u00edficas aos bares","author":"noticiasribeiraopreto.com.br","date":"10 de May de 2025","format":false,"excerpt":"Entre os dias 19 a 21 de maio, sempre \u00e0s 19h, cientistas e pesquisadores do projeto Pint Of Science ir\u00e3o se apresentar em quatro bares e cervejarias de Ribeir\u00e3o Preto com palestras e mesas redondas sobre suas descobertas e \u00e1reas de conhecimento. Neste ano, o projeto comemora 10 anos no\u2026","rel":"","context":"In &quot;Not\u00edcias de Ribeir\u00e3o Preto-SP e Regi\u00e3o&quot;","block_context":{"text":"Not\u00edcias de Ribeir\u00e3o Preto-SP e Regi\u00e3o","link":"https:\/\/noticiasribeiraopreto.com.br\/index.php\/category\/noticias-de-ribeirao-preto-sp-e-regiao-ismael-colosi\/"},"img":{"alt_text":"","src":"https:\/\/i0.wp.com\/noticiasribeiraopreto.com.br\/wp-content\/uploads\/2025\/05\/Pint-Of-Science-158-_2025-05-10_14-18-29.webp.webp?fit=1200%2C675&ssl=1&resize=350%2C200","width":350,"height":200,"srcset":"https:\/\/i0.wp.com\/noticiasribeiraopreto.com.br\/wp-content\/uploads\/2025\/05\/Pint-Of-Science-158-_2025-05-10_14-18-29.webp.webp?fit=1200%2C675&ssl=1&resize=350%2C200 1x, https:\/\/i0.wp.com\/noticiasribeiraopreto.com.br\/wp-content\/uploads\/2025\/05\/Pint-Of-Science-158-_2025-05-10_14-18-29.webp.webp?fit=1200%2C675&ssl=1&resize=525%2C300 1.5x, https:\/\/i0.wp.com\/noticiasribeiraopreto.com.br\/wp-content\/uploads\/2025\/05\/Pint-Of-Science-158-_2025-05-10_14-18-29.webp.webp?fit=1200%2C675&ssl=1&resize=700%2C400 2x, https:\/\/i0.wp.com\/noticiasribeiraopreto.com.br\/wp-content\/uploads\/2025\/05\/Pint-Of-Science-158-_2025-05-10_14-18-29.webp.webp?fit=1200%2C675&ssl=1&resize=1050%2C600 3x"},"classes":[]},{"id":68932,"url":"https:\/\/noticiasribeiraopreto.com.br\/index.php\/2025\/04\/30\/frente-fria-e-queda-da-temperatura-em-maio-veja-previsao-para-o-mes-no-estado-de-sp\/","url_meta":{"origin":69791,"position":4},"title":"Frente fria e queda da temperatura em maio? Veja previs\u00e3o para o m\u00eas no estado de SP","author":"noticiasribeiraopreto.com.br","date":"30 de April de 2025","format":false,"excerpt":"O m\u00eas de maio come\u00e7a nesta quinta-feira (1), feriado do Dia do Trabalho, e a meteorologia divulgou a previs\u00e3o clim\u00e1tica para o per\u00edodo. A Climatempo diz que em maio de 2025 n\u00e3o haver\u00e1 a influ\u00eancia de fen\u00f4menos como El Ni\u00f1o e La Ni\u00f1a, pois ser\u00e1 de neutralidade t\u00e9rmica no Oceano\u2026","rel":"","context":"In &quot;Not\u00edcias de Ribeir\u00e3o Preto-SP e Regi\u00e3o&quot;","block_context":{"text":"Not\u00edcias de Ribeir\u00e3o Preto-SP e Regi\u00e3o","link":"https:\/\/noticiasribeiraopreto.com.br\/index.php\/category\/noticias-de-ribeirao-preto-sp-e-regiao-ismael-colosi\/"},"img":{"alt_text":"","src":"https:\/\/i0.wp.com\/noticiasribeiraopreto.com.br\/wp-content\/uploads\/2025\/04\/ceu_nublado_e_tempo_frio_em_campinas_cxdigo_19_166036-scaled.jpg?fit=1200%2C800&ssl=1&resize=350%2C200","width":350,"height":200,"srcset":"https:\/\/i0.wp.com\/noticiasribeiraopreto.com.br\/wp-content\/uploads\/2025\/04\/ceu_nublado_e_tempo_frio_em_campinas_cxdigo_19_166036-scaled.jpg?fit=1200%2C800&ssl=1&resize=350%2C200 1x, https:\/\/i0.wp.com\/noticiasribeiraopreto.com.br\/wp-content\/uploads\/2025\/04\/ceu_nublado_e_tempo_frio_em_campinas_cxdigo_19_166036-scaled.jpg?fit=1200%2C800&ssl=1&resize=525%2C300 1.5x, https:\/\/i0.wp.com\/noticiasribeiraopreto.com.br\/wp-content\/uploads\/2025\/04\/ceu_nublado_e_tempo_frio_em_campinas_cxdigo_19_166036-scaled.jpg?fit=1200%2C800&ssl=1&resize=700%2C400 2x, https:\/\/i0.wp.com\/noticiasribeiraopreto.com.br\/wp-content\/uploads\/2025\/04\/ceu_nublado_e_tempo_frio_em_campinas_cxdigo_19_166036-scaled.jpg?fit=1200%2C800&ssl=1&resize=1050%2C600 3x"},"classes":[]},{"id":49866,"url":"https:\/\/noticiasribeiraopreto.com.br\/index.php\/2024\/05\/13\/3o-missao-emprego-e-empreendedorismo-com-200-vagas-de-empregos-acontece-dias-14-e-15-de-maio\/","url_meta":{"origin":69791,"position":5},"title":"3\u00ba Miss\u00e3o Emprego e Empreendedorismo com 200 vagas de empregos acontece dias 14 e 15 de Maio","author":"noticiasribeiraopreto.com.br","date":"13 de May de 2024","format":false,"excerpt":"","rel":"","context":"In &quot;Vagas de Emprego em Ribeir\u00e3o Preto-SP&quot;","block_context":{"text":"Vagas de Emprego em Ribeir\u00e3o Preto-SP","link":"https:\/\/noticiasribeiraopreto.com.br\/index.php\/category\/empregos-classificados-vagas-trabalho\/vagas-de-empregos-em-ribeirao-preto-regiao-brasil\/"},"img":{"alt_text":"","src":"https:\/\/i0.wp.com\/noticiasribeiraopreto.com.br\/wp-content\/uploads\/2024\/05\/HIRING-AD-2-Feito-com-PosterMyWall.jpg?fit=1080%2C1080&ssl=1&resize=350%2C200","width":350,"height":200,"srcset":"https:\/\/i0.wp.com\/noticiasribeiraopreto.com.br\/wp-content\/uploads\/2024\/05\/HIRING-AD-2-Feito-com-PosterMyWall.jpg?fit=1080%2C1080&ssl=1&resize=350%2C200 1x, https:\/\/i0.wp.com\/noticiasribeiraopreto.com.br\/wp-content\/uploads\/2024\/05\/HIRING-AD-2-Feito-com-PosterMyWall.jpg?fit=1080%2C1080&ssl=1&resize=525%2C300 1.5x, https:\/\/i0.wp.com\/noticiasribeiraopreto.com.br\/wp-content\/uploads\/2024\/05\/HIRING-AD-2-Feito-com-PosterMyWall.jpg?fit=1080%2C1080&ssl=1&resize=700%2C400 2x, https:\/\/i0.wp.com\/noticiasribeiraopreto.com.br\/wp-content\/uploads\/2024\/05\/HIRING-AD-2-Feito-com-PosterMyWall.jpg?fit=1080%2C1080&ssl=1&resize=1050%2C600 3x"},"classes":[]}],"jetpack_sharing_enabled":true,"jetpack_shortlink":"https:\/\/wp.me\/peQAOb-i9F","_links":{"self":[{"href":"https:\/\/noticiasribeiraopreto.com.br\/index.php\/wp-json\/wp\/v2\/posts\/69791","targetHints":{"allow":["GET"]}}],"collection":[{"href":"https:\/\/noticiasribeiraopreto.com.br\/index.php\/wp-json\/wp\/v2\/posts"}],"about":[{"href":"https:\/\/noticiasribeiraopreto.com.br\/index.php\/wp-json\/wp\/v2\/types\/post"}],"author":[{"embeddable":true,"href":"https:\/\/noticiasribeiraopreto.com.br\/index.php\/wp-json\/wp\/v2\/users\/1"}],"replies":[{"embeddable":true,"href":"https:\/\/noticiasribeiraopreto.com.br\/index.php\/wp-json\/wp\/v2\/comments?post=69791"}],"version-history":[{"count":0,"href":"https:\/\/noticiasribeiraopreto.com.br\/index.php\/wp-json\/wp\/v2\/posts\/69791\/revisions"}],"wp:featuredmedia":[{"embeddable":true,"href":"https:\/\/noticiasribeiraopreto.com.br\/index.php\/wp-json\/wp\/v2\/media\/69792"}],"wp:attachment":[{"href":"https:\/\/noticiasribeiraopreto.com.br\/index.php\/wp-json\/wp\/v2\/media?parent=69791"}],"wp:term":[{"taxonomy":"category","embeddable":true,"href":"https:\/\/noticiasribeiraopreto.com.br\/index.php\/wp-json\/wp\/v2\/categories?post=69791"},{"taxonomy":"post_tag","embeddable":true,"href":"https:\/\/noticiasribeiraopreto.com.br\/index.php\/wp-json\/wp\/v2\/tags?post=69791"}],"curies":[{"name":"wp","href":"https:\/\/api.w.org\/{rel}","templated":true}]}}