{"id":69795,"date":"2025-05-09T10:38:22","date_gmt":"2025-05-09T13:38:22","guid":{"rendered":"https:\/\/noticiasribeiraopreto.com.br\/index.php\/2025\/05\/09\/pm-vai-ampliar-em-25-o-numero-de-cameras\/"},"modified":"2025-05-09T10:38:22","modified_gmt":"2025-05-09T13:38:22","slug":"pm-vai-ampliar-em-25-o-numero-de-cameras","status":"publish","type":"post","link":"https:\/\/noticiasribeiraopreto.com.br\/index.php\/2025\/05\/09\/pm-vai-ampliar-em-25-o-numero-de-cameras\/","title":{"rendered":"PM vai ampliar em 25% o n\u00famero de c\u00e2meras \u00a0"},"content":{"rendered":"<div class='code-block code-block-1' style='margin: 8px 0 8px auto; text-align: right; display: block; clear: both;'>\n<p><a href=\"https:\/\/wa.link\/vpicfd\"><img data-recalc-dims=\"1\" class=\"wp-image-4922\" style=\"aspect-ratio: 2.0253164556962027; width: 561px; height: auto;\" src=\"https:\/\/i0.wp.com\/ismaelcolosi.com.br\/wp-content\/uploads\/2023\/11\/grupo-de-empregos-whatsapp-e-facebook-ismael-colosi-vagas.jpg?ssl=1\" alt=\"\" \/><\/a><\/p>\n<!-- \/wp:image -->\n<\/div>\n<p> <br \/>\n<\/p>\n<div>\n<p><span data-contrast=\"auto\">A Pol\u00edcia Militar de S\u00e3o Paulo vai aumentar em 25% o n\u00famero de c\u00e2meras operacionais port\u00e1teis (COPs), de doze ml para 15 mil dispositivos. A decis\u00e3o foi acordada entre a Procuradoria Geral do Estado (PGE), a Defensoria P\u00fablica e o Minist\u00e9rio P\u00fablico (MPSP), com a participa\u00e7\u00e3o da PM. <\/span><\/p>\n<p><span data-contrast=\"auto\">Al\u00e9m disso, ficou definida a implementa\u00e7\u00e3o das novas c\u00e2meras do contrato assinado com a Motorola, que prev\u00ea novas tecnologias e formas de acionamento, e o uso obrigat\u00f3rio dos equipamentos em opera\u00e7\u00f5es de grande envergadura para restaura\u00e7\u00e3o da ordem e incurs\u00f5es em comunidades vulner\u00e1veis em regi\u00f5es em que haja disponibilidade dos equipamentos.<\/span><\/p>\n<p><span data-contrast=\"auto\">O acordo foi homologado nesta quinta-feira, 8 de maio, pelo ministro do Supremo Tribunal Federal (STF), Lu\u00eds Roberto Barroso, ap\u00f3s uma s\u00e9rie de audi\u00eancias conduzidas pelo N\u00facleo de Solu\u00e7\u00e3o Consensual de Conflitos \u2013 Nusol e intermediadas pelo N\u00facleo de Processos Estruturais Complexos (Nupec) do STF.<\/span><\/p>\n<p><span data-contrast=\"auto\">A medida estabelece um conjunto de a\u00e7\u00f5es para ampliar e fortalecer a pol\u00edtica p\u00fablica, com o objetivo de garantir maior transpar\u00eancia e seguran\u00e7a nas atividades policiais. Entre os principais pontos do acordo, destaca-se o aumento em 25% do n\u00famero de c\u00e2meras corporais<\/span><\/p>\n<p><span data-contrast=\"auto\">Os dispositivos ser\u00e3o distribu\u00eddos predominantemente em regi\u00f5es de alta e m\u00e9dia prioridade, conforme matriz de risco de letalidade elaborada pela Pol\u00edcia Militar. Batalh\u00f5es com maiores \u00edndices de letalidade policial ter\u00e3o prioridade no recebimento e utiliza\u00e7\u00e3o das c\u00e2meras port\u00e1teis<\/span><\/p>\n<p><span data-contrast=\"auto\">O atual contrato assinado entre o governo e a Motorola j\u00e1 previa a aquisi\u00e7\u00e3o de doze mil c\u00e2meras, cerca de 20% acima do que a Pol\u00edcia Militar utiliza atualmente. Com o novo acordo, um aditivo ser\u00e1 assinado para a amplia\u00e7\u00e3o para 15 mil. Este novo modelo passou por testes em condi\u00e7\u00f5es reais em S\u00e3o Jos\u00e9 dos Campos e ser\u00e1 implantado gradativamente em substitui\u00e7\u00e3o ao atual modelo.<\/span><\/p>\n<p><span data-contrast=\"auto\">Estes equipamentos contam com novas funcionalidades tecnol\u00f3gicas, como o acionamento remoto autom\u00e1tico das c\u00e2meras pelo Centro de OpEra\u00e7\u00f5es da PMN (Copom, 190) em todos os despachos de ocorr\u00eancias; e acionamento autom\u00e1tico por proximidade via Bluetooth, com alcance aproximado de dez metros e acompanhando a movimenta\u00e7\u00e3o da ocorr\u00eancia.<\/span><\/p>\n<p><span data-contrast=\"auto\">Tem reativa\u00e7\u00e3o autom\u00e1tica dos dispositivos caso a grava\u00e7\u00e3o seja interrompida manualmente. H\u00e1 ainda o acionamento remoto pela supervis\u00e3o e, nos casos nos quais o acionamento remoto n\u00e3o ocorrer primeiro, fica mantida a obrigatoriedade do acionamento manual pelo Policial Militar ao se deparar com fato de interesse da seguran\u00e7a p\u00fablica.<\/span><\/p>\n<p><span data-contrast=\"auto\">Al\u00e9m disso, as novas c\u00e2meras possuem \u00e1udio bidirecional para contato do policial com a comunica\u00e7\u00e3o central, geolocaliza\u00e7\u00e3o em tempo real durante todo o turno de servi\u00e7o e geram imagens de resolu\u00e7\u00e3o superior, o que permitir\u00e1 melhor identifica\u00e7\u00e3o de pessoas, ve\u00edculos e objetos. H\u00e1 ainda gest\u00e3o mais segura de dados e trilha de auditoria avan\u00e7ada.<\/span><\/p>\n<p><span data-contrast=\"auto\">As c\u00e2meras contam com um sistema de \u201cbuffer\u201d capaz de armazenar imagens dos 90 segundos anteriores \u00e0 ativa\u00e7\u00e3o. Ou seja, as c\u00e2meras permanecem operando continuamente e, ao serem acionadas para armazenar imagens, incluir\u00e3o grava\u00e7\u00f5es retroativas, possibilitando a contextualiza\u00e7\u00e3o da ocorr\u00eancia.<\/span><\/p>\n<p><b><span data-contrast=\"auto\">Transpar\u00eancia \u2013 <\/span><\/b><span data-contrast=\"auto\">O acordo tamb\u00e9m estabeleceu que o uso das c\u00e2meras ser\u00e1 obrigat\u00f3rio, em regi\u00f5es com equipamentos dispon\u00edveis, nas opera\u00e7\u00f5es de grande envergadura para restaura\u00e7\u00e3o da ordem p\u00fablica, incurs\u00f5es em comunidades vulner\u00e1veis e a\u00e7\u00f5es contra ataques a policiais militares. Caso seja necess\u00e1rio o deslocamento de tropas, policiais que usem COP dever\u00e3o ser priorizados.<\/span><\/p>\n<p><span data-contrast=\"auto\">O governo estadual tamb\u00e9m vai aprimorar o sistema disciplinar em casos de descumprimento das diretrizes. Para garantir a transpar\u00eancia, ser\u00e3o desenvolvidos indicadores para monitorar a efetividade do programa, em di\u00e1logo com o Minist\u00e9rio P\u00fablico e a Defensoria P\u00fablica.<\/span><\/p>\n<\/div>\n<p><br \/>\n<br \/><a href=\"https:\/\/www.tribunaribeirao.com.br\/pm-vai-ampliar-em-25-o-numero-de-cameras\/\">Source link <\/a><\/p>\n<!-- CONTENT END 1 -->\n","protected":false},"excerpt":{"rendered":"<p>A Pol\u00edcia Militar de S\u00e3o Paulo vai aumentar em 25% o n\u00famero de c\u00e2meras operacionais port\u00e1teis (COPs), de doze ml para 15 mil dispositivos. A&#8230;<\/p>\n","protected":false},"author":1,"featured_media":69796,"comment_status":"open","ping_status":"open","sticky":false,"template":"","format":"standard","meta":{"advanced_seo_description":"","jetpack_seo_html_title":"","jetpack_seo_noindex":false,"jetpack_post_was_ever_published":false,"_jetpack_newsletter_access":"","_jetpack_dont_email_post_to_subs":false,"_jetpack_newsletter_tier_id":0,"_jetpack_memberships_contains_paywalled_content":false,"_jetpack_memberships_contains_paid_content":false,"footnotes":"","jetpack_publicize_message":"","jetpack_publicize_feature_enabled":true,"jetpack_social_post_already_shared":true,"jetpack_social_options":{"image_generator_settings":{"template":"highway","default_image_id":0,"font":"","enabled":false},"version":2}},"categories":[11],"tags":[],"class_list":["post-69795","post","type-post","status-publish","format-standard","has-post-thumbnail","hentry","category-noticias-de-ribeirao-preto-sp-e-regiao-ismael-colosi"],"jetpack_publicize_connections":[],"jetpack_featured_media_url":"https:\/\/i0.wp.com\/noticiasribeiraopreto.com.br\/wp-content\/uploads\/2025\/05\/CamerasSP-Governo-de-Sao-Paulo.jpg?fit=1280%2C853&ssl=1","jetpack-related-posts":[{"id":61313,"url":"https:\/\/noticiasribeiraopreto.com.br\/index.php\/2024\/12\/09\/stf-determina-que-pms-deverao-usar-cameras-em-operacoes-no-estado-de-sp\/","url_meta":{"origin":69795,"position":0},"title":"STF determina que PMs dever\u00e3o usar c\u00e2meras em opera\u00e7\u00f5es no estado de SP","author":"noticiasribeiraopreto.com.br","date":"9 de December de 2024","format":false,"excerpt":"O presidente do STF (Supremo Tribunal Federal), ministro Lu\u00eds Roberto Barroso, determinou, nesta segunda-feira (9), o uso obrigat\u00f3rio de c\u00e2meras por policiais militares em opera\u00e7\u00f5es no Estado de S\u00e3o Paulo. A provid\u00eancia foi adotada no \u00e2mbito da Suspens\u00e3o de Liminar (SL) 1696, em que o governo paulista firmou compromisso com\u2026","rel":"","context":"In &quot;Not\u00edcias de Ribeir\u00e3o Preto-SP e Regi\u00e3o&quot;","block_context":{"text":"Not\u00edcias de Ribeir\u00e3o Preto-SP e Regi\u00e3o","link":"https:\/\/noticiasribeiraopreto.com.br\/index.php\/category\/noticias-de-ribeirao-preto-sp-e-regiao-ismael-colosi\/"},"img":{"alt_text":"","src":"https:\/\/i0.wp.com\/noticiasribeiraopreto.com.br\/wp-content\/uploads\/2024\/12\/CAMERA-PM_2024-12-09_16-26-55_jpg_2024-12-09_16-26-55.webp.webp?fit=1170%2C700&ssl=1&resize=350%2C200","width":350,"height":200,"srcset":"https:\/\/i0.wp.com\/noticiasribeiraopreto.com.br\/wp-content\/uploads\/2024\/12\/CAMERA-PM_2024-12-09_16-26-55_jpg_2024-12-09_16-26-55.webp.webp?fit=1170%2C700&ssl=1&resize=350%2C200 1x, https:\/\/i0.wp.com\/noticiasribeiraopreto.com.br\/wp-content\/uploads\/2024\/12\/CAMERA-PM_2024-12-09_16-26-55_jpg_2024-12-09_16-26-55.webp.webp?fit=1170%2C700&ssl=1&resize=525%2C300 1.5x, https:\/\/i0.wp.com\/noticiasribeiraopreto.com.br\/wp-content\/uploads\/2024\/12\/CAMERA-PM_2024-12-09_16-26-55_jpg_2024-12-09_16-26-55.webp.webp?fit=1170%2C700&ssl=1&resize=700%2C400 2x, https:\/\/i0.wp.com\/noticiasribeiraopreto.com.br\/wp-content\/uploads\/2024\/12\/CAMERA-PM_2024-12-09_16-26-55_jpg_2024-12-09_16-26-55.webp.webp?fit=1170%2C700&ssl=1&resize=1050%2C600 3x"},"classes":[]},{"id":24105,"url":"https:\/\/noticiasribeiraopreto.com.br\/index.php\/2024\/01\/03\/sp-corta-r-37-milhoes-do-programa-de-cameras-corporais-em-policiais\/","url_meta":{"origin":69795,"position":1},"title":"SP corta R$ 37 milh\u00f5es do programa de c\u00e2meras corporais em policiais\u00a0","author":"noticiasribeiraopreto.com.br","date":"3 de January de 2024","format":false,"excerpt":"O governo de S\u00e3o Paulo cortou ao menos R$ 37,3 milh\u00f5es do programa de c\u00e2meras corporais usadas nas fardas da Pol\u00edcia Militar. O projeto teve in\u00edcio em 2021 e, para 2023, a previs\u00e3o inicial era de que fossem investidos R$ 152 milh\u00f5es no sistema que monitora em tempo real o\u2026","rel":"","context":"In &quot;Not\u00edcias de Ribeir\u00e3o Preto-SP e Regi\u00e3o&quot;","block_context":{"text":"Not\u00edcias de Ribeir\u00e3o Preto-SP e Regi\u00e3o","link":"https:\/\/noticiasribeiraopreto.com.br\/index.php\/category\/noticias-de-ribeirao-preto-sp-e-regiao-ismael-colosi\/"},"img":{"alt_text":"","src":"https:\/\/i0.wp.com\/noticiasribeiraopreto.com.br\/wp-content\/uploads\/2024\/01\/2-pm-cameras-scaled.jpg?fit=1000%2C598&ssl=1&resize=350%2C200","width":350,"height":200,"srcset":"https:\/\/i0.wp.com\/noticiasribeiraopreto.com.br\/wp-content\/uploads\/2024\/01\/2-pm-cameras-scaled.jpg?fit=1000%2C598&ssl=1&resize=350%2C200 1x, https:\/\/i0.wp.com\/noticiasribeiraopreto.com.br\/wp-content\/uploads\/2024\/01\/2-pm-cameras-scaled.jpg?fit=1000%2C598&ssl=1&resize=525%2C300 1.5x, https:\/\/i0.wp.com\/noticiasribeiraopreto.com.br\/wp-content\/uploads\/2024\/01\/2-pm-cameras-scaled.jpg?fit=1000%2C598&ssl=1&resize=700%2C400 2x"},"classes":[]},{"id":47274,"url":"https:\/\/noticiasribeiraopreto.com.br\/index.php\/2024\/04\/25\/governo-de-sp-se-compromete-com-stf-a-usar-cameras-nas-operacoes-policiais-no-estado\/","url_meta":{"origin":69795,"position":2},"title":"Governo de SP se compromete com STF a usar c\u00e2meras nas opera\u00e7\u00f5es policiais no Estado","author":"noticiasribeiraopreto.com.br","date":"25 de April de 2024","format":false,"excerpt":"O governo de S\u00e3o Paulo se comprometeu com o Supremo Tribunal Federal (STF) a utilizar c\u00e2meras corporais em opera\u00e7\u00f5es policiais no estado e apresentou cronograma que estabelece a implementa\u00e7\u00e3o do sistema at\u00e9 setembro de 2024. O estado prev\u00ea novas licita\u00e7\u00f5es, uma delas para a aquisi\u00e7\u00e3o de mais de tr\u00eas mil\u2026","rel":"","context":"In &quot;Not\u00edcias de Ribeir\u00e3o Preto-SP e Regi\u00e3o&quot;","block_context":{"text":"Not\u00edcias de Ribeir\u00e3o Preto-SP e Regi\u00e3o","link":"https:\/\/noticiasribeiraopreto.com.br\/index.php\/category\/noticias-de-ribeirao-preto-sp-e-regiao-ismael-colosi\/"},"img":{"alt_text":"","src":"https:\/\/i0.wp.com\/noticiasribeiraopreto.com.br\/wp-content\/uploads\/2024\/04\/cameras_uniformes_de_policiais_militares_sao_paulo_rvrsa_abr_2804223636_0.webp.webp?fit=1170%2C700&ssl=1&resize=350%2C200","width":350,"height":200,"srcset":"https:\/\/i0.wp.com\/noticiasribeiraopreto.com.br\/wp-content\/uploads\/2024\/04\/cameras_uniformes_de_policiais_militares_sao_paulo_rvrsa_abr_2804223636_0.webp.webp?fit=1170%2C700&ssl=1&resize=350%2C200 1x, https:\/\/i0.wp.com\/noticiasribeiraopreto.com.br\/wp-content\/uploads\/2024\/04\/cameras_uniformes_de_policiais_militares_sao_paulo_rvrsa_abr_2804223636_0.webp.webp?fit=1170%2C700&ssl=1&resize=525%2C300 1.5x, https:\/\/i0.wp.com\/noticiasribeiraopreto.com.br\/wp-content\/uploads\/2024\/04\/cameras_uniformes_de_policiais_militares_sao_paulo_rvrsa_abr_2804223636_0.webp.webp?fit=1170%2C700&ssl=1&resize=700%2C400 2x, https:\/\/i0.wp.com\/noticiasribeiraopreto.com.br\/wp-content\/uploads\/2024\/04\/cameras_uniformes_de_policiais_militares_sao_paulo_rvrsa_abr_2804223636_0.webp.webp?fit=1170%2C700&ssl=1&resize=1050%2C600 3x"},"classes":[]},{"id":23677,"url":"https:\/\/noticiasribeiraopreto.com.br\/index.php\/2024\/01\/02\/reducao-de-investimentos-em-cameras-corporais-da-pm-em-sao-paulo-gera-preocupacao-2\/","url_meta":{"origin":69795,"position":3},"title":"Redu\u00e7\u00e3o de investimentos em c\u00e2meras corporais da PM em S\u00e3o Paulo gera preocupa\u00e7\u00e3o","author":"noticiasribeiraopreto.com.br","date":"2 de January de 2024","format":false,"excerpt":"O governo do estado de S\u00e3o Paulo cortou significativamente os investimentos no programa de c\u00e2meras corporais utilizadas pelas Pol\u00edcias Militares. Iniciado em 2021, o projeto, que monitora em tempo real as a\u00e7\u00f5es dos policiais, teve seu or\u00e7amento inicial de R$ 152 milh\u00f5es para 2023 reduzido em pelo menos R$ 37,3\u2026","rel":"","context":"In &quot;Vagas de Emprego em Ribeir\u00e3o Preto-SP&quot;","block_context":{"text":"Vagas de Emprego em Ribeir\u00e3o Preto-SP","link":"https:\/\/noticiasribeiraopreto.com.br\/index.php\/category\/empregos-classificados-vagas-trabalho\/vagas-de-empregos-em-ribeirao-preto-regiao-brasil\/"},"img":{"alt_text":"","src":"https:\/\/i0.wp.com\/noticiasribeiraopreto.com.br\/wp-content\/uploads\/2024\/01\/letalidade-policial-camera.jpg?fit=1200%2C675&ssl=1&resize=350%2C200","width":350,"height":200,"srcset":"https:\/\/i0.wp.com\/noticiasribeiraopreto.com.br\/wp-content\/uploads\/2024\/01\/letalidade-policial-camera.jpg?fit=1200%2C675&ssl=1&resize=350%2C200 1x, https:\/\/i0.wp.com\/noticiasribeiraopreto.com.br\/wp-content\/uploads\/2024\/01\/letalidade-policial-camera.jpg?fit=1200%2C675&ssl=1&resize=525%2C300 1.5x, https:\/\/i0.wp.com\/noticiasribeiraopreto.com.br\/wp-content\/uploads\/2024\/01\/letalidade-policial-camera.jpg?fit=1200%2C675&ssl=1&resize=700%2C400 2x, https:\/\/i0.wp.com\/noticiasribeiraopreto.com.br\/wp-content\/uploads\/2024\/01\/letalidade-policial-camera.jpg?fit=1200%2C675&ssl=1&resize=1050%2C600 3x"},"classes":[]},{"id":51622,"url":"https:\/\/noticiasribeiraopreto.com.br\/index.php\/2024\/05\/28\/defensoria-pede-ao-stf-mudancas-no-edital-de-cameras-para-policia-militar-de-sp-entenda\/","url_meta":{"origin":69795,"position":4},"title":"Defensoria pede ao STF mudan\u00e7as no edital de c\u00e2meras para Pol\u00edcia Militar de SP; Entenda","author":"noticiasribeiraopreto.com.br","date":"28 de May de 2024","format":false,"excerpt":"Com informa\u00e7\u00f5es da Ag\u00eancia Brasil A Defensoria P\u00fablica de S\u00e3o Paulo pediu ao Supremo Tribunal Federal (STF), nesta segunda-feira (27), mudan\u00e7as no edital lan\u00e7ado pelo governo estadual para compra de c\u00e2meras corporais para a Pol\u00edcia Militar (PM). De acordo com as regras do edital, lan\u00e7ado no dia 22 de maio,\u2026","rel":"","context":"In &quot;Not\u00edcias de Ribeir\u00e3o Preto-SP e Regi\u00e3o&quot;","block_context":{"text":"Not\u00edcias de Ribeir\u00e3o Preto-SP e Regi\u00e3o","link":"https:\/\/noticiasribeiraopreto.com.br\/index.php\/category\/noticias-de-ribeirao-preto-sp-e-regiao-ismael-colosi\/"},"img":{"alt_text":"","src":"https:\/\/i0.wp.com\/noticiasribeiraopreto.com.br\/wp-content\/uploads\/2024\/05\/cameras_uniformes_de_policiais_militares_sao_paulo_rvrsa_abr_2804223635_0_2024-05-28_18-08-14.webp.webp?fit=1170%2C700&ssl=1&resize=350%2C200","width":350,"height":200,"srcset":"https:\/\/i0.wp.com\/noticiasribeiraopreto.com.br\/wp-content\/uploads\/2024\/05\/cameras_uniformes_de_policiais_militares_sao_paulo_rvrsa_abr_2804223635_0_2024-05-28_18-08-14.webp.webp?fit=1170%2C700&ssl=1&resize=350%2C200 1x, https:\/\/i0.wp.com\/noticiasribeiraopreto.com.br\/wp-content\/uploads\/2024\/05\/cameras_uniformes_de_policiais_militares_sao_paulo_rvrsa_abr_2804223635_0_2024-05-28_18-08-14.webp.webp?fit=1170%2C700&ssl=1&resize=525%2C300 1.5x, https:\/\/i0.wp.com\/noticiasribeiraopreto.com.br\/wp-content\/uploads\/2024\/05\/cameras_uniformes_de_policiais_militares_sao_paulo_rvrsa_abr_2804223635_0_2024-05-28_18-08-14.webp.webp?fit=1170%2C700&ssl=1&resize=700%2C400 2x, https:\/\/i0.wp.com\/noticiasribeiraopreto.com.br\/wp-content\/uploads\/2024\/05\/cameras_uniformes_de_policiais_militares_sao_paulo_rvrsa_abr_2804223635_0_2024-05-28_18-08-14.webp.webp?fit=1170%2C700&ssl=1&resize=1050%2C600 3x"},"classes":[]},{"id":43464,"url":"https:\/\/noticiasribeiraopreto.com.br\/index.php\/2024\/03\/21\/guardioes-da-cidade-cameras-ainda-estao-sem-operar\/","url_meta":{"origin":69795,"position":5},"title":"Guardi\u00f5es da Cidade: C\u00e2meras ainda est\u00e3o sem operar\u00a0","author":"noticiasribeiraopreto.com.br","date":"21 de March de 2024","format":false,"excerpt":"21 de mar\u00e7o de 2024 | 10:2520 de mar\u00e7o de 2024 | 23:21 0As 40 c\u00e2meras do Programa Guardi\u00f5es da Cidade \u2013 substituto do pioneiro Olhos de \u00c1guia \u2013, no Centro de Ribeir\u00e3o Preto, ainda est\u00e3o desativadas e devem voltar a operar neste final de semana, segundo nota da assessoria\u2026","rel":"","context":"In &quot;Not\u00edcias de Ribeir\u00e3o Preto-SP e Regi\u00e3o&quot;","block_context":{"text":"Not\u00edcias de Ribeir\u00e3o Preto-SP e Regi\u00e3o","link":"https:\/\/noticiasribeiraopreto.com.br\/index.php\/category\/noticias-de-ribeirao-preto-sp-e-regiao-ismael-colosi\/"},"img":{"alt_text":"","src":"https:\/\/i0.wp.com\/noticiasribeiraopreto.com.br\/wp-content\/uploads\/2024\/03\/AguiaRP-Cen-Alfredo-Risk-Arquivo-1-scaled.jpg?fit=968%2C645&ssl=1&resize=350%2C200","width":350,"height":200,"srcset":"https:\/\/i0.wp.com\/noticiasribeiraopreto.com.br\/wp-content\/uploads\/2024\/03\/AguiaRP-Cen-Alfredo-Risk-Arquivo-1-scaled.jpg?fit=968%2C645&ssl=1&resize=350%2C200 1x, https:\/\/i0.wp.com\/noticiasribeiraopreto.com.br\/wp-content\/uploads\/2024\/03\/AguiaRP-Cen-Alfredo-Risk-Arquivo-1-scaled.jpg?fit=968%2C645&ssl=1&resize=525%2C300 1.5x, https:\/\/i0.wp.com\/noticiasribeiraopreto.com.br\/wp-content\/uploads\/2024\/03\/AguiaRP-Cen-Alfredo-Risk-Arquivo-1-scaled.jpg?fit=968%2C645&ssl=1&resize=700%2C400 2x"},"classes":[]}],"jetpack_sharing_enabled":true,"jetpack_shortlink":"https:\/\/wp.me\/peQAOb-i9J","_links":{"self":[{"href":"https:\/\/noticiasribeiraopreto.com.br\/index.php\/wp-json\/wp\/v2\/posts\/69795","targetHints":{"allow":["GET"]}}],"collection":[{"href":"https:\/\/noticiasribeiraopreto.com.br\/index.php\/wp-json\/wp\/v2\/posts"}],"about":[{"href":"https:\/\/noticiasribeiraopreto.com.br\/index.php\/wp-json\/wp\/v2\/types\/post"}],"author":[{"embeddable":true,"href":"https:\/\/noticiasribeiraopreto.com.br\/index.php\/wp-json\/wp\/v2\/users\/1"}],"replies":[{"embeddable":true,"href":"https:\/\/noticiasribeiraopreto.com.br\/index.php\/wp-json\/wp\/v2\/comments?post=69795"}],"version-history":[{"count":0,"href":"https:\/\/noticiasribeiraopreto.com.br\/index.php\/wp-json\/wp\/v2\/posts\/69795\/revisions"}],"wp:featuredmedia":[{"embeddable":true,"href":"https:\/\/noticiasribeiraopreto.com.br\/index.php\/wp-json\/wp\/v2\/media\/69796"}],"wp:attachment":[{"href":"https:\/\/noticiasribeiraopreto.com.br\/index.php\/wp-json\/wp\/v2\/media?parent=69795"}],"wp:term":[{"taxonomy":"category","embeddable":true,"href":"https:\/\/noticiasribeiraopreto.com.br\/index.php\/wp-json\/wp\/v2\/categories?post=69795"},{"taxonomy":"post_tag","embeddable":true,"href":"https:\/\/noticiasribeiraopreto.com.br\/index.php\/wp-json\/wp\/v2\/tags?post=69795"}],"curies":[{"name":"wp","href":"https:\/\/api.w.org\/{rel}","templated":true}]}}