{"id":69799,"date":"2025-05-09T11:31:14","date_gmt":"2025-05-09T14:31:14","guid":{"rendered":"https:\/\/noticiasribeiraopreto.com.br\/index.php\/2025\/05\/09\/camara-de-ribeirao-preto-realiza-audiencia-para-discutir-a-ldo-entenda-a-importancia-do-projeto\/"},"modified":"2025-05-09T11:31:14","modified_gmt":"2025-05-09T14:31:14","slug":"camara-de-ribeirao-preto-realiza-audiencia-para-discutir-a-ldo-entenda-a-importancia-do-projeto","status":"publish","type":"post","link":"https:\/\/noticiasribeiraopreto.com.br\/index.php\/2025\/05\/09\/camara-de-ribeirao-preto-realiza-audiencia-para-discutir-a-ldo-entenda-a-importancia-do-projeto\/","title":{"rendered":"C\u00e2mara de Ribeir\u00e3o Preto realiza audi\u00eancia para discutir a LDO; entenda a import\u00e2ncia do projeto"},"content":{"rendered":"<div class='code-block code-block-1' style='margin: 8px 0 8px auto; text-align: right; display: block; clear: both;'>\n<p><a href=\"https:\/\/wa.link\/vpicfd\"><img data-recalc-dims=\"1\" class=\"wp-image-4922\" style=\"aspect-ratio: 2.0253164556962027; width: 561px; height: auto;\" src=\"https:\/\/i0.wp.com\/ismaelcolosi.com.br\/wp-content\/uploads\/2023\/11\/grupo-de-empregos-whatsapp-e-facebook-ismael-colosi-vagas.jpg?ssl=1\" alt=\"\" \/><\/a><\/p>\n<!-- \/wp:image -->\n<\/div>\n<p> <br \/>\n<\/p>\n<p>A<strong> <\/strong><a href=\"https:\/\/www.camararibeiraopreto.sp.gov.br\/\"><strong>C\u00e2mara de Ribeir\u00e3o Preto<\/strong> <\/a>realiza nesta sexta-feira (9) uma audi\u00eancia p\u00fablica para debater o projeto da LDO (Lei de Diretrizes Or\u00e7ament\u00e1rias) de 2026.<mark style=\"background-color:#fcb900\" class=\"has-inline-color has-black-color\"> A audi\u00eancia est\u00e1 marcada para come\u00e7ar \u00e0s 18h30<\/mark>.<\/p>\n<p>A proposta encaminhada pelo prefeito <strong>Ricardo Silva (PSD)<\/strong> prev\u00ea receita de R$ 5.188.791.253 para o pr\u00f3ximo ano.<\/p>\n<h2 class=\"wp-block-heading\"><strong>O que \u00e9 LDO?<\/strong><\/h2>\n<p>A LDO \u00e9 elaborada todos os anos e tem o objetivo de apontar as prioridades da gest\u00e3o para o pr\u00f3ximo ano. Ele norteia a elabora\u00e7\u00e3o da LOA (Lei Or\u00e7ament\u00e1ria Anual), a partir do que foi estabelecido pelo Plano Plurianual.<\/p>\n<p>As audi\u00eancias p\u00fablicas visam informar, promover o debate, esclarecer d\u00favidas e questionamentos da popula\u00e7\u00e3o. Al\u00e9m de ouvir opini\u00f5es e captar propostas de solu\u00e7\u00e3o para os principais desafios enfrentados pela cidade.<\/p>\n<h2 class=\"wp-block-heading\"><strong>Transmiss\u00e3o<\/strong><\/h2>\n<p>Quem n\u00e3o puder comparecer na audi\u00eancia p\u00fablica, poder\u00e1 acompanhar ao vivo atrav\u00e9s das redes sociais da C\u00e2mara de Ribeir\u00e3o Preto.<\/p>\n<p>SAIBA MAIS<br \/>Pol\u00edcia aborda caminh\u00e3o na Anhanguera que \u2018furou\u2019 ped\u00e1gio mais de 600 vezes&nbsp;<\/p>\n<h2 class=\"wp-block-heading\"><strong>FIQUE ON<\/strong><\/h2>\n<p>Fique ligado em tudo que acontece em Ribeir\u00e3o Preto e regi\u00e3o. Siga os perfis do<strong>&nbsp;acidade on&nbsp;<\/strong>no&nbsp;<a href=\"https:\/\/www.instagram.com\/acidadeonribeirao\">Instagram<\/a>&nbsp;e no&nbsp;<a href=\"https:\/\/www.facebook.com\/acidadeonribeirao\/\">Facebook<\/a>.<\/p>\n<p>Receba not\u00edcias do&nbsp;<strong>acidade on<\/strong>&nbsp;no WhatsApp.<a href=\"https:\/\/chat.whatsapp.com\/BjKQZ9oJwlz8VVT50NuePq\">&nbsp;Para entrar no grupo, basta clicar aqui.<\/a><\/p>\n<p>Fa\u00e7a uma den\u00fancia ou sugira uma reportagem sobre Ribeir\u00e3o Preto e regi\u00e3o pelo WhatsApp: 16 99117 7802.<\/p>\n<p>VEJA TAMB\u00c9M<br \/>O que Le\u00e3o XIV falou em primeira missa?<\/p>\n<p>O post C\u00e2mara de Ribeir\u00e3o Preto realiza audi\u00eancia para discutir a LDO; entenda a import\u00e2ncia do projeto apareceu primeiro em ACidade ON Ribeir\u00e3o Preto.<\/p>\n<p><script async src=\"\/\/www.instagram.com\/embed.js\"><\/script><br \/>\n<br \/><br \/>\n<br \/><a href=\"https:\/\/www.acidadeon.com\/ribeiraopreto\/politica\/camara-de-ribeirao-preto-realiza-audiencia-para-discutir-a-ldo-entenda-a-importancia-do-projeto\/\">Source link <\/a><\/p>\n<!-- CONTENT END 1 -->\n","protected":false},"excerpt":{"rendered":"<p>A C\u00e2mara de Ribeir\u00e3o Preto realiza nesta sexta-feira (9) uma audi\u00eancia p\u00fablica para debater o projeto da LDO (Lei de Diretrizes Or\u00e7ament\u00e1rias) de 2026. A&#8230;<\/p>\n","protected":false},"author":1,"featured_media":69800,"comment_status":"open","ping_status":"open","sticky":false,"template":"","format":"standard","meta":{"advanced_seo_description":"","jetpack_seo_html_title":"","jetpack_seo_noindex":false,"jetpack_post_was_ever_published":false,"_jetpack_newsletter_access":"","_jetpack_dont_email_post_to_subs":false,"_jetpack_newsletter_tier_id":0,"_jetpack_memberships_contains_paywalled_content":false,"_jetpack_memberships_contains_paid_content":false,"footnotes":"","jetpack_publicize_message":"","jetpack_publicize_feature_enabled":true,"jetpack_social_post_already_shared":true,"jetpack_social_options":{"image_generator_settings":{"template":"highway","default_image_id":0,"font":"","enabled":false},"version":2}},"categories":[11],"tags":[],"class_list":["post-69799","post","type-post","status-publish","format-standard","has-post-thumbnail","hentry","category-noticias-de-ribeirao-preto-sp-e-regiao-ismael-colosi"],"jetpack_publicize_connections":[],"jetpack_featured_media_url":"https:\/\/i0.wp.com\/noticiasribeiraopreto.com.br\/wp-content\/uploads\/2025\/05\/Camara-de-Ribeirao-Preto.jpg?fit=1200%2C675&ssl=1","jetpack-related-posts":[{"id":45411,"url":"https:\/\/noticiasribeiraopreto.com.br\/index.php\/2024\/04\/04\/instrumentos-de-planejamento-da-gestao-publica\/","url_meta":{"origin":69799,"position":0},"title":"Instrumentos de planejamento da gest\u00e3o p\u00fablica\u00a0","author":"noticiasribeiraopreto.com.br","date":"4 de April de 2024","format":false,"excerpt":"4 de abril de 2024 | 9:484 de abril de 2024 | 9:48 0 Duarte Nogueira *\u202f[email\u00a0protected]\u202f Realizamos na \u00faltima ter\u00e7a-feira, dia 2 de abril, audi\u00eancia p\u00fablica para debater a Lei de Diretrizes Or\u00e7ament\u00e1rias (LDO) de 2025. O debate ocorreu de forma presencial e online, com transmiss\u00e3o ao vivo pelos\u2026","rel":"","context":"In &quot;Not\u00edcias de Ribeir\u00e3o Preto-SP e Regi\u00e3o&quot;","block_context":{"text":"Not\u00edcias de Ribeir\u00e3o Preto-SP e Regi\u00e3o","link":"https:\/\/noticiasribeiraopreto.com.br\/index.php\/category\/noticias-de-ribeirao-preto-sp-e-regiao-ismael-colosi\/"},"img":{"alt_text":"","src":"https:\/\/i0.wp.com\/noticiasribeiraopreto.com.br\/wp-content\/uploads\/2024\/04\/nogueira-atual.jpg?fit=800%2C500&ssl=1&resize=350%2C200","width":350,"height":200,"srcset":"https:\/\/i0.wp.com\/noticiasribeiraopreto.com.br\/wp-content\/uploads\/2024\/04\/nogueira-atual.jpg?fit=800%2C500&ssl=1&resize=350%2C200 1x, https:\/\/i0.wp.com\/noticiasribeiraopreto.com.br\/wp-content\/uploads\/2024\/04\/nogueira-atual.jpg?fit=800%2C500&ssl=1&resize=525%2C300 1.5x, https:\/\/i0.wp.com\/noticiasribeiraopreto.com.br\/wp-content\/uploads\/2024\/04\/nogueira-atual.jpg?fit=800%2C500&ssl=1&resize=700%2C400 2x"},"classes":[]},{"id":69885,"url":"https:\/\/noticiasribeiraopreto.com.br\/index.php\/2025\/05\/10\/ldo-projeta-receita-de-r-55-bi\/","url_meta":{"origin":69799,"position":1},"title":"LDO projeta receita de R$ 5,5 bi \u00a0","author":"noticiasribeiraopreto.com.br","date":"10 de May de 2025","format":false,"excerpt":"A Lei de Diretrizes Or\u00e7ament\u00e1rias (LDO) de 2026 tem previs\u00e3o de receita recorde, segundo dados da Secretaria Municipal da Fazenda. A prefeitura de Ribeir\u00e3o Preto projeta um total de R$ 5.563.935.161 no ano que vem, segundo o projeto (n\u00famero 99\/2025) enviado para a C\u00e2mara de Vereadores. \u00c9 a primeira vez\u2026","rel":"","context":"In &quot;Not\u00edcias de Ribeir\u00e3o Preto-SP e Regi\u00e3o&quot;","block_context":{"text":"Not\u00edcias de Ribeir\u00e3o Preto-SP e Regi\u00e3o","link":"https:\/\/noticiasribeiraopreto.com.br\/index.php\/category\/noticias-de-ribeirao-preto-sp-e-regiao-ismael-colosi\/"},"img":{"alt_text":"","src":"https:\/\/i0.wp.com\/noticiasribeiraopreto.com.br\/wp-content\/uploads\/2025\/05\/PlanoLDO-Max-Gallao-Mesquita-Arquivo.jpg?fit=1200%2C790&ssl=1&resize=350%2C200","width":350,"height":200,"srcset":"https:\/\/i0.wp.com\/noticiasribeiraopreto.com.br\/wp-content\/uploads\/2025\/05\/PlanoLDO-Max-Gallao-Mesquita-Arquivo.jpg?fit=1200%2C790&ssl=1&resize=350%2C200 1x, https:\/\/i0.wp.com\/noticiasribeiraopreto.com.br\/wp-content\/uploads\/2025\/05\/PlanoLDO-Max-Gallao-Mesquita-Arquivo.jpg?fit=1200%2C790&ssl=1&resize=525%2C300 1.5x, https:\/\/i0.wp.com\/noticiasribeiraopreto.com.br\/wp-content\/uploads\/2025\/05\/PlanoLDO-Max-Gallao-Mesquita-Arquivo.jpg?fit=1200%2C790&ssl=1&resize=700%2C400 2x, https:\/\/i0.wp.com\/noticiasribeiraopreto.com.br\/wp-content\/uploads\/2025\/05\/PlanoLDO-Max-Gallao-Mesquita-Arquivo.jpg?fit=1200%2C790&ssl=1&resize=1050%2C600 3x"},"classes":[]},{"id":76780,"url":"https:\/\/noticiasribeiraopreto.com.br\/index.php\/2025\/09\/05\/prefeitura-comeca-a-desenhar-orcamento\/","url_meta":{"origin":69799,"position":2},"title":"Prefeitura come\u00e7a a \u2028desenhar Or\u00e7amento","author":"noticiasribeiraopreto.com.br","date":"5 de September de 2025","format":false,"excerpt":"A prefeitura de Ribeir\u00e3o Preto definiu a data da primeira audi\u00eancia p\u00fablica para apresenta\u00e7\u00e3o da Lei Or\u00e7ament\u00e1ria Anual (LOA) de 2026, o Or\u00e7amento Municipal de Ribeir\u00e3o Preto, ainda sem valor oficialmente definido. A reuni\u00e3o ser\u00e1 em 12 de setembro, segunda sexta-feira do m\u00eas, \u00e0s dez horas, de forma h\u00edbrida \u2013\u2026","rel":"","context":"In &quot;Not\u00edcias de Ribeir\u00e3o Preto-SP e Regi\u00e3o&quot;","block_context":{"text":"Not\u00edcias de Ribeir\u00e3o Preto-SP e Regi\u00e3o","link":"https:\/\/noticiasribeiraopreto.com.br\/index.php\/category\/noticias-de-ribeirao-preto-sp-e-regiao-ismael-colosi\/"},"img":{"alt_text":"","src":"https:\/\/i0.wp.com\/noticiasribeiraopreto.com.br\/wp-content\/uploads\/2025\/09\/Reforma-Isa-Divulgacao-SSM-scaled.jpg?fit=1179%2C780&ssl=1&resize=350%2C200","width":350,"height":200,"srcset":"https:\/\/i0.wp.com\/noticiasribeiraopreto.com.br\/wp-content\/uploads\/2025\/09\/Reforma-Isa-Divulgacao-SSM-scaled.jpg?fit=1179%2C780&ssl=1&resize=350%2C200 1x, https:\/\/i0.wp.com\/noticiasribeiraopreto.com.br\/wp-content\/uploads\/2025\/09\/Reforma-Isa-Divulgacao-SSM-scaled.jpg?fit=1179%2C780&ssl=1&resize=525%2C300 1.5x, https:\/\/i0.wp.com\/noticiasribeiraopreto.com.br\/wp-content\/uploads\/2025\/09\/Reforma-Isa-Divulgacao-SSM-scaled.jpg?fit=1179%2C780&ssl=1&resize=700%2C400 2x, https:\/\/i0.wp.com\/noticiasribeiraopreto.com.br\/wp-content\/uploads\/2025\/09\/Reforma-Isa-Divulgacao-SSM-scaled.jpg?fit=1179%2C780&ssl=1&resize=1050%2C600 3x"},"classes":[]},{"id":54210,"url":"https:\/\/noticiasribeiraopreto.com.br\/index.php\/2024\/07\/05\/camara-aprova-diretrizes-orcamentarias-de-r-49-bilhoes-para-o-proximo-prefeito-de-ribeirao\/","url_meta":{"origin":69799,"position":3},"title":"C\u00e2mara aprova diretrizes or\u00e7ament\u00e1rias de R$ 4,9 bilh\u00f5es para o pr\u00f3ximo prefeito de Ribeir\u00e3o","author":"noticiasribeiraopreto.com.br","date":"5 de July de 2024","format":false,"excerpt":"A C\u00e2mara Municipal de Ribeir\u00e3o Preto aprovou na \u00faltima quinta-feira (4), em primeira discuss\u00e3o, o projeto de LDO (Lei das Diretrizes Or\u00e7ament\u00e1rias) para 2025, quando assume o pr\u00f3ximo prefeito de Ribeir\u00e3o Preto. Segundo a proposta, a LDO prev\u00ea or\u00e7amento de R$ 4.934.477.341,00, o que representa um aumento na estimativa de\u2026","rel":"","context":"In &quot;Not\u00edcias de Ribeir\u00e3o Preto-SP e Regi\u00e3o&quot;","block_context":{"text":"Not\u00edcias de Ribeir\u00e3o Preto-SP e Regi\u00e3o","link":"https:\/\/noticiasribeiraopreto.com.br\/index.php\/category\/noticias-de-ribeirao-preto-sp-e-regiao-ismael-colosi\/"},"img":{"alt_text":"","src":"https:\/\/i0.wp.com\/noticiasribeiraopreto.com.br\/wp-content\/uploads\/2024\/07\/camara-de-ribeirao-preto_2024-07-05_18-35-41_jpg_2024-07-05_18-35-42-scaled.webp.webp?fit=1200%2C800&ssl=1&resize=350%2C200","width":350,"height":200,"srcset":"https:\/\/i0.wp.com\/noticiasribeiraopreto.com.br\/wp-content\/uploads\/2024\/07\/camara-de-ribeirao-preto_2024-07-05_18-35-41_jpg_2024-07-05_18-35-42-scaled.webp.webp?fit=1200%2C800&ssl=1&resize=350%2C200 1x, https:\/\/i0.wp.com\/noticiasribeiraopreto.com.br\/wp-content\/uploads\/2024\/07\/camara-de-ribeirao-preto_2024-07-05_18-35-41_jpg_2024-07-05_18-35-42-scaled.webp.webp?fit=1200%2C800&ssl=1&resize=525%2C300 1.5x, https:\/\/i0.wp.com\/noticiasribeiraopreto.com.br\/wp-content\/uploads\/2024\/07\/camara-de-ribeirao-preto_2024-07-05_18-35-41_jpg_2024-07-05_18-35-42-scaled.webp.webp?fit=1200%2C800&ssl=1&resize=700%2C400 2x, https:\/\/i0.wp.com\/noticiasribeiraopreto.com.br\/wp-content\/uploads\/2024\/07\/camara-de-ribeirao-preto_2024-07-05_18-35-41_jpg_2024-07-05_18-35-42-scaled.webp.webp?fit=1200%2C800&ssl=1&resize=1050%2C600 3x"},"classes":[]},{"id":44815,"url":"https:\/\/noticiasribeiraopreto.com.br\/index.php\/2024\/03\/31\/orcamento-de-2025-de-ribeirao-preto-preve-parque-prometido-ha-15-anos-entenda\/","url_meta":{"origin":69799,"position":4},"title":"Or\u00e7amento de 2025 de Ribeir\u00e3o Preto prev\u00ea parque prometido h\u00e1 15 anos; Entenda","author":"noticiasribeiraopreto.com.br","date":"31 de March de 2024","format":false,"excerpt":"A LDO (Lei de Diretrizes Or\u00e7ament\u00e1rias) de Ribeir\u00e3o Preto para o ano de 2025 prev\u00ea a reforma e restaura\u00e7\u00e3o do Parque Rubem Cione, prometido h\u00e1 15 anos. Essa \u00e9 uma das propostas que ser\u00e3o discutidas em audi\u00eancia p\u00fablica, que acontece na prefeitura, na pr\u00f3xima ter\u00e7a-feira (2), a partir das 10h.\u2026","rel":"","context":"In &quot;Not\u00edcias de Ribeir\u00e3o Preto-SP e Regi\u00e3o&quot;","block_context":{"text":"Not\u00edcias de Ribeir\u00e3o Preto-SP e Regi\u00e3o","link":"https:\/\/noticiasribeiraopreto.com.br\/index.php\/category\/noticias-de-ribeirao-preto-sp-e-regiao-ismael-colosi\/"},"img":{"alt_text":"","src":"https:\/\/i0.wp.com\/noticiasribeiraopreto.com.br\/wp-content\/uploads\/2024\/03\/WhatsApp-Image-2024-03-31-at-09.03.50.jpeg?fit=1200%2C660&ssl=1&resize=350%2C200","width":350,"height":200,"srcset":"https:\/\/i0.wp.com\/noticiasribeiraopreto.com.br\/wp-content\/uploads\/2024\/03\/WhatsApp-Image-2024-03-31-at-09.03.50.jpeg?fit=1200%2C660&ssl=1&resize=350%2C200 1x, https:\/\/i0.wp.com\/noticiasribeiraopreto.com.br\/wp-content\/uploads\/2024\/03\/WhatsApp-Image-2024-03-31-at-09.03.50.jpeg?fit=1200%2C660&ssl=1&resize=525%2C300 1.5x, https:\/\/i0.wp.com\/noticiasribeiraopreto.com.br\/wp-content\/uploads\/2024\/03\/WhatsApp-Image-2024-03-31-at-09.03.50.jpeg?fit=1200%2C660&ssl=1&resize=700%2C400 2x, https:\/\/i0.wp.com\/noticiasribeiraopreto.com.br\/wp-content\/uploads\/2024\/03\/WhatsApp-Image-2024-03-31-at-09.03.50.jpeg?fit=1200%2C660&ssl=1&resize=1050%2C600 3x"},"classes":[]},{"id":70908,"url":"https:\/\/noticiasribeiraopreto.com.br\/index.php\/2025\/05\/31\/emendas-a-ldo-aumentam-357\/","url_meta":{"origin":69799,"position":5},"title":"Emendas a LDO aumentam 357% \u00a0","author":"noticiasribeiraopreto.com.br","date":"31 de May de 2025","format":false,"excerpt":"A Lei de Diretrizes Or\u00e7ament\u00e1rias (LDO) de 2026 recebeu 128 emendas de vereadores e da Comiss\u00e3o de Finan\u00e7as, Or\u00e7amento, Fiscaliza\u00e7\u00e3o, Controle e Tribut\u00e1ria. O n\u00famero \u00e9 357,1% superior as 28 apresentadas \u00e0 pe\u00e7a deste ano, aprovada C\u00e2mara de Ribeir\u00e3o Preto em 2024. Em 2023 foram apenas oito. A prefeitura de\u2026","rel":"","context":"In &quot;Not\u00edcias de Ribeir\u00e3o Preto-SP e Regi\u00e3o&quot;","block_context":{"text":"Not\u00edcias de Ribeir\u00e3o Preto-SP e Regi\u00e3o","link":"https:\/\/noticiasribeiraopreto.com.br\/index.php\/category\/noticias-de-ribeirao-preto-sp-e-regiao-ismael-colosi\/"},"img":{"alt_text":"","src":"https:\/\/i0.wp.com\/noticiasribeiraopreto.com.br\/wp-content\/uploads\/2025\/05\/PlanoLDO-Alfredo-Risk-02-scaled.jpg?fit=1200%2C675&ssl=1&resize=350%2C200","width":350,"height":200,"srcset":"https:\/\/i0.wp.com\/noticiasribeiraopreto.com.br\/wp-content\/uploads\/2025\/05\/PlanoLDO-Alfredo-Risk-02-scaled.jpg?fit=1200%2C675&ssl=1&resize=350%2C200 1x, https:\/\/i0.wp.com\/noticiasribeiraopreto.com.br\/wp-content\/uploads\/2025\/05\/PlanoLDO-Alfredo-Risk-02-scaled.jpg?fit=1200%2C675&ssl=1&resize=525%2C300 1.5x, https:\/\/i0.wp.com\/noticiasribeiraopreto.com.br\/wp-content\/uploads\/2025\/05\/PlanoLDO-Alfredo-Risk-02-scaled.jpg?fit=1200%2C675&ssl=1&resize=700%2C400 2x, https:\/\/i0.wp.com\/noticiasribeiraopreto.com.br\/wp-content\/uploads\/2025\/05\/PlanoLDO-Alfredo-Risk-02-scaled.jpg?fit=1200%2C675&ssl=1&resize=1050%2C600 3x"},"classes":[]}],"jetpack_sharing_enabled":true,"jetpack_shortlink":"https:\/\/wp.me\/peQAOb-i9N","_links":{"self":[{"href":"https:\/\/noticiasribeiraopreto.com.br\/index.php\/wp-json\/wp\/v2\/posts\/69799","targetHints":{"allow":["GET"]}}],"collection":[{"href":"https:\/\/noticiasribeiraopreto.com.br\/index.php\/wp-json\/wp\/v2\/posts"}],"about":[{"href":"https:\/\/noticiasribeiraopreto.com.br\/index.php\/wp-json\/wp\/v2\/types\/post"}],"author":[{"embeddable":true,"href":"https:\/\/noticiasribeiraopreto.com.br\/index.php\/wp-json\/wp\/v2\/users\/1"}],"replies":[{"embeddable":true,"href":"https:\/\/noticiasribeiraopreto.com.br\/index.php\/wp-json\/wp\/v2\/comments?post=69799"}],"version-history":[{"count":0,"href":"https:\/\/noticiasribeiraopreto.com.br\/index.php\/wp-json\/wp\/v2\/posts\/69799\/revisions"}],"wp:featuredmedia":[{"embeddable":true,"href":"https:\/\/noticiasribeiraopreto.com.br\/index.php\/wp-json\/wp\/v2\/media\/69800"}],"wp:attachment":[{"href":"https:\/\/noticiasribeiraopreto.com.br\/index.php\/wp-json\/wp\/v2\/media?parent=69799"}],"wp:term":[{"taxonomy":"category","embeddable":true,"href":"https:\/\/noticiasribeiraopreto.com.br\/index.php\/wp-json\/wp\/v2\/categories?post=69799"},{"taxonomy":"post_tag","embeddable":true,"href":"https:\/\/noticiasribeiraopreto.com.br\/index.php\/wp-json\/wp\/v2\/tags?post=69799"}],"curies":[{"name":"wp","href":"https:\/\/api.w.org\/{rel}","templated":true}]}}