{"id":69801,"date":"2025-05-09T11:39:11","date_gmt":"2025-05-09T14:39:11","guid":{"rendered":"https:\/\/noticiasribeiraopreto.com.br\/index.php\/2025\/05\/09\/festival-de-circo-musicais-e-feira-de-artesanato-veja-as-opcoes-para-curtir-o-fim-de-semana-em-ribeirao-e-regiao\/"},"modified":"2025-05-09T11:39:11","modified_gmt":"2025-05-09T14:39:11","slug":"festival-de-circo-musicais-e-feira-de-artesanato-veja-as-opcoes-para-curtir-o-fim-de-semana-em-ribeirao-e-regiao","status":"publish","type":"post","link":"https:\/\/noticiasribeiraopreto.com.br\/index.php\/2025\/05\/09\/festival-de-circo-musicais-e-feira-de-artesanato-veja-as-opcoes-para-curtir-o-fim-de-semana-em-ribeirao-e-regiao\/","title":{"rendered":"Festival de circo, musicais e feira de artesanato: Veja as op\u00e7\u00f5es para curtir o fim de semana em Ribeir\u00e3o e regi\u00e3o"},"content":{"rendered":"<p> <br \/>\n<\/p>\n<div>\n<p>A regi\u00e3o de <strong>Ribeir\u00e3o Preto<\/strong> conta com diversas atividades pagas e gratuitas para aproveitar o fim de semana. Os destaques da agenda cultural s\u00e3o: a primeira edi\u00e7\u00e3o do <strong>Festival Internacional de Circo de Ribeir\u00e3o Preto<\/strong>, a <strong>Feira do Livro de Guar\u00e1<\/strong> e <strong>cinema gratuito<\/strong>.\u00a0Confira o que acontece no fim de semana:<\/p>\n<h2 class=\"wp-block-heading\"><strong>Festival Internacional de Circo<\/strong><\/h2>\n<p>Nesta <strong>sexta-feira (9)<\/strong>, acontece o segundo e \u00faltimo dia do <strong>1\u00ba Festival Internacional de Circo de Ribeir\u00e3o Preto<\/strong>. A partir das <strong>15h<\/strong>, acontece a apresenta\u00e7\u00e3o de \u201c<strong>Malabarindo<\/strong>\u201d com os palha\u00e7os <strong>Tico<\/strong> e <strong>Polenta<\/strong>. J\u00e1 \u00e0s <strong>19h30<\/strong>, tem a apresenta\u00e7\u00e3o de \u201c<strong>Cabaret Lux<\/strong>\u201d, onde o inventor de uma m\u00e1quina do tempo transporta o p\u00fablico para um circo de outra \u00e9poca. As apresenta\u00e7\u00f5es acontecem no <strong>Teatro Municipal de Ribeir\u00e3o Preto<\/strong> e a entrada \u00e9 <strong>gratuita<\/strong> e aberta ao p\u00fablico.<\/p>\n<p><strong>Quando:\u00a0<\/strong>9 de maio, sexta-feira<br \/><strong>Local:<\/strong>\u00a0Teatro Municipal de Ribeir\u00e3o Preto | Jardim Mosteiro<br \/><strong>Hor\u00e1rio: <\/strong>\u00c0s 15h e \u00e0s 19h30<br \/><strong>Entrada gratuita<\/strong><strong\/><\/p>\n<h2 class=\"wp-block-heading\"><strong>Aquecimento Arena Blues<\/strong><\/h2>\n<p><strong>O Shopping Iguatemi<\/strong> de Ribeir\u00e3o Preto promove nesta sexta-feira (9), o <em><strong>\u201cAquecimento Arena Blues\u201d<\/strong>. Sobem ao palco do evento, a <\/em><strong>Arena Jazz Band. <\/strong>O show vai acontecer no\u00a0<strong>Open Mall (Piso Superior)<\/strong>, a partir das 19h, e conta com entrada gratuita. <\/p>\n<p><strong>Quando: <\/strong>9 de maio, sexta-feira<strong><br \/>Hor\u00e1rio:<\/strong>\u00a0A partir das 19h<strong><br \/>Local:\u00a0<\/strong>Open Mall, Piso Superior \u2013 Iguatemi Shopping \u2013 Av. Luiz Eduardo de Toledo Prado, 900 \u2013 Vila do Golf \u2013 Ribeir\u00e3o Preto<strong><br \/>Entrada gratuita<\/strong><\/p>\n<h2 class=\"wp-block-heading\"><strong>Feira do Livro de Guar\u00e1<\/strong><\/h2>\n<p>Entre os dias 9 a 11 de maio, acontece a <strong>7\u00aa edi\u00e7\u00e3o<\/strong>\u00a0da\u00a0<strong>Feira do Livro<\/strong><strong>, com <\/strong><strong>entrada gratuita<\/strong><strong>. Nesta sexta-feira (9), o evento recebe o espet\u00e1culo <\/strong><em><strong>\u201cDuo Circus Cabaret\u201d<\/strong><\/em><em>, palestra liter\u00e1ria com <\/em><strong>Marcelino Freire<\/strong> e show de <strong>Dem\u00f4nios da Garoa<\/strong>.<\/p>\n<p>No s\u00e1bado (10), acontece a palestra liter\u00e1ria com <strong>Xico S\u00e1<\/strong>, e em seguida, o show de<strong> Luciana Mello<\/strong>. No domingo (11), tem o show infantil de <strong>Turma da M\u00f4nica<\/strong> e show com a banda Companhia <strong>Rock Paulista<\/strong>. Nos tr\u00eas dias h\u00e1 homenagens a professores e servidores da educa\u00e7\u00e3o. Al\u00e9m do <strong>\u00d4nibus Livro Vivo, Estandes de venda de livros e \u00c1rea de Troca e Doa\u00e7\u00e3o de Livros.<\/strong><\/p>\n<p><strong>Quando:\u00a0<\/strong>9 a 11 de maio<br \/><strong>Local:<\/strong>\u00a0Pra\u00e7a Nove de Julho \u2013 Guar\u00e1<br \/><strong>Hor\u00e1rio: <\/strong>Das 10h \u00e0s 20h30<br \/><strong>Entrada gratuita<\/strong><strong\/><\/p>\n<h2 class=\"wp-block-heading\"><strong>Cine F\u00f3rum<\/strong><\/h2>\n<p>No <strong>s\u00e1bado (10)<\/strong>, \u00e0s\u00a0<strong>18h<\/strong>, na\u00a0<strong>sede da Funda\u00e7\u00e3o do Livro e Leitura de Ribeir\u00e3o Preto <\/strong><strong>\u00e9 exibido o filme <\/strong>\u201c<strong>Nasce uma Estrela<\/strong>\u201d. A escolha do filme foi dos <strong>G\u00eameos do Cinema<\/strong>, Andr\u00e9 e Marcos de Castro, devido a passagem de <strong>Lady Gaga <\/strong>pelo <strong>Brasil<\/strong>. Ap\u00f3s a sess\u00e3o acontece um debate sobre o filme.<\/p>\n<p><strong>Quando: <\/strong><strong>10 de maio, s\u00e1bado<\/strong><br \/><strong>Local:<\/strong>\u00a0Funda\u00e7\u00e3o do Livro e Leitura de Ribeir\u00e3o Preto | rua Professor Mariano Siqueira, 81 \u2013 Jardim America<br \/><strong>Hor\u00e1rio: <\/strong>\u00c0s 18h<br \/><strong>Entrada gratuita<\/strong><strong\/><\/p>\n<h2 class=\"wp-block-heading\"><strong>Comemora\u00e7\u00e3o \u2013 87 anos Funda\u00e7\u00e3o Educand\u00e1rio<\/strong><\/h2>\n<p>A\u00a0<strong>Funda\u00e7\u00e3o Educand\u00e1rio Coronel Quito Junqueira<\/strong>\u00a0comemora\u00a0<strong>87 anos<\/strong>\u00a0com evento\u00a0<strong>gratuito<\/strong>\u00a0e\u00a0<strong>aberto \u00e0 popula\u00e7\u00e3o<\/strong>\u00a0neste\u00a0<strong>s\u00e1bado (10)<\/strong>, das\u00a0<strong>9h \u00e0s 12h<\/strong>.\u00a0A programa\u00e7\u00e3o inclui conta\u00e7\u00e3o de hist\u00f3rias, pintura facial, apresenta\u00e7\u00f5es circenses, brincadeiras, apresenta\u00e7\u00f5es, distribui\u00e7\u00e3o de gibis e espa\u00e7o para piquenique.<\/p>\n<p><strong>Quando:\u00a0<\/strong>10 de maio, s\u00e1bado<br \/><strong>Local:<\/strong>\u00a0Sede da Funda\u00e7\u00e3o Educand\u00e1rio Coronel Quito Junqueira | avenida Cavalheiros Paschoal Innecchi, 500 \u2013 Ribeir\u00e3o Preto \u00a0<br \/><strong>Hor\u00e1rio: <\/strong>Das 9h \u00e0s 12h<br \/><strong>Entrada gratuita<\/strong><\/p>\n<h2 class=\"wp-block-heading\"><strong>Feira de Artesanato especial Dia das M\u00e3es<\/strong><\/h2>\n<p>Neste\u00a0<strong>s\u00e1bado (10)<\/strong>, Ribeir\u00e3o Preto recebe uma\u00a0<strong>feira de artesanato<\/strong>\u00a0especial de\u00a0<strong>Dia das M\u00e3es<\/strong>. O evento acontecer\u00e1 das\u00a0<strong>9h \u00e0s 16h<\/strong>, na\u00a0<strong>Pra\u00e7a Sete de Setembro<\/strong>. Al\u00e9m das exposi\u00e7\u00f5es de pe\u00e7as artesanais, o evento contar\u00e1 com\u00a0<strong>brincadeiras<\/strong>,<strong>\u00a0pr\u00eamios\u00a0<\/strong>e<strong>\u00a0presentes\u00a0<\/strong>para as m\u00e3es. <\/p>\n<p><strong>Quando:\u00a0<\/strong>10 de maio, s\u00e1bado<strong><br \/>Hor\u00e1rio:\u00a0<\/strong>Das 9h \u00e0s 16h<strong><br \/>Local:\u00a0<\/strong>Pra\u00e7a Sete de Setembro \u2013 Centro de Ribeir\u00e3o Preto<strong><br \/>Entrada gratuita<\/strong><\/p>\n<h2 class=\"wp-block-heading\"><strong>Projeto audiovisual \u201cO Pico Mais Alto\u201d<\/strong><\/h2>\n<p>O\u00a0<strong>Coletivo Fuligem<\/strong>\u00a0d\u00e1 in\u00edcio ao projeto de audiovisual \u201c<strong>O Pico Mais Alto<\/strong>\u201d neste fim de semana. Nesta <strong>sexta-feira (9)<\/strong>, \u00e0s\u00a0<strong>14h<\/strong>, acontece a \u201c<strong>Oficina de Introdu\u00e7\u00e3o ao Roteiro e ao Storyboard<\/strong>\u201d. Direcionada para alunos de escolas p\u00fablicas e universidades que contemplem o ProUni. A atividade \u00e9 ministrada por\u00a0<strong>Allan Barbosa<\/strong>\u00a0e\u00a0<strong>Renato Vital<\/strong>.<\/p>\n<p>J\u00e1 no\u00a0<strong>s\u00e1bado (10)<\/strong>, \u00e0s\u00a0<strong>20h<\/strong>, acontece o evento \u201c<strong>Sess\u00e3o Desenho<\/strong>\u201d, voltado para profissionais de ilustra\u00e7\u00e3o e p\u00fablico em geral. O ambiente contar\u00e1 com ilumina\u00e7\u00e3o e DJ para que os participantes possam praticar ilustra\u00e7\u00f5es e trocar ideias sobre arte.<\/p>\n<p><strong>Quando:<\/strong>\u00a09 e<strong> <\/strong>10 de maio, sexta-feira e s\u00e1bado<strong><br \/>Hor\u00e1rio:\u00a0<\/strong>Sexta \u00e0s 14h | s\u00e1bado \u00e0s 20h <strong><br \/>Local:\u00a0<\/strong>Sede do Coletivo Fuligem \u2013 rua Doutor Loiola, 532, Vila Tib\u00e9rio \u2013 Ribeir\u00e3o Preto<strong><br \/>Entrada gratuita<\/strong><\/p>\n<h2 class=\"wp-block-heading\"><strong>Janis com Carol Fazu<\/strong><strong\/><\/h2>\n<p>O\u00a0<strong>Sesi Franca<\/strong>\u00a0recebe nos dias\u00a0<strong>9 e 10 de maio<\/strong>, a partir da\u00a0<strong>10h<\/strong>, o mon\u00f3logo musical \u201c<strong>Janis<\/strong>\u201d, estrelado por\u00a0<strong>Carol Fazu.<\/strong><strong> <\/strong>O espet\u00e1culo conta a hist\u00f3ria de\u00a0<strong>Janis Joplin<\/strong>, uma das maiores vozes do rock e do blues, em uma montagem que mistura dramaturgia e m\u00fasica ao vivo.<\/p>\n<p><strong>Quando:\u00a0<\/strong>9 e 10 de maio, sexta-feira e s\u00e1bado<strong><br \/>Hor\u00e1rio:<\/strong>\u00a020h<strong><br \/>Local:\u00a0<\/strong>Sesi Franca | avenida Santa Cruz, 2870 \u2013 Jardim Centen\u00e1rio \u2013 Franca<strong><br \/>Entrada gratuita<\/strong><\/p>\n<h2 class=\"wp-block-heading\"><strong>Floresta dos Mist\u00e9rios<\/strong><\/h2>\n<p>Neste o fim de semana acontece as primeiras apresenta\u00e7\u00f5es do espet\u00e1culo<strong> <\/strong>\u201c<strong>Floresta dos Mist\u00e9rios<\/strong>\u201d, no <strong>Sesi Ribeir\u00e3o Preto. <\/strong>A hist\u00f3ria se passa na cidade de\u00a0<strong>Micr\u00f3polis<\/strong>, onde fica a\u00a0<strong>Floresta dos Mist\u00e9rios<\/strong>, que est\u00e1 correndo perigo. Isso porque, o prefeito, junto ao seu aliado\u00a0<strong>Romildo<\/strong>, quer instalar uma f\u00e1brica de celulares e destruir a mata e tr\u00eas crian\u00e7as decidem salvar a floresta e as criaturas que habita ela.<\/p>\n<p><strong>Quando:\u00a0<\/strong> 9 de maio, s\u00e1bado <strong><br \/>Hor\u00e1rio:<\/strong> 15h<strong><br \/>Local:\u00a0<\/strong>Sesi Ribeir\u00e3o Preto | rua Jo\u00e3o Ignachiti, 20-364 \u2013 Jardim Castelo Branco\u00a0<strong><br \/>Ingressos:\u00a0<\/strong>Reservar no site\u00a0<a href=\"https:\/\/www.sesisp.org.br\/evento\/250531c6-814c-41d0-acd8-2dacdbe7585a\/floresta-dos-misterios\">Meu Sesi<\/a><\/p>\n<h2 class=\"wp-block-heading\"><strong>Baile do Balaco<\/strong><\/h2>\n<p>Neste <strong>s\u00e1bado (10)<\/strong>, acontece a nova edi\u00e7\u00e3o do <strong>Baile do Balaco<\/strong>, na <strong>F\u00e1brica de Extintores<\/strong>, a partir das <strong>22h<\/strong>. O evento conta tamb\u00e9m com apresenta\u00e7\u00e3o de <strong>DJ Kiso<\/strong>. O repert\u00f3rio da <strong>Banda Balaco<\/strong> passeia entre o samba, tropicalismo, m\u00fasica baiana e sons contempor\u00e2neos. Os ingressos podem ser adquiridos <strong>on-line <\/strong><a href=\"https:\/\/www.sympla.com.br\/evento\/baile-do-balaco-10-05\/2939468\"><strong>(clique aqui)<\/strong><\/a>, a partir de <strong>R$ 30<\/strong>.<\/p>\n<p><strong>Quando:<\/strong>10 de maio, s\u00e1bado<strong><br \/>Hor\u00e1rio:<\/strong>\u00a0A partir das 22h<strong><br \/>Local:\u00a0<\/strong>F\u00e1brica de Extintores | rua Fl\u00e1vio Uch\u00f4a, 2161 \u2013 Campos El\u00edseos \u2013 Ribeir\u00e3o Preto<strong><br \/>Ingressos: A partir de R$ 30<\/strong><\/p>\n<h2 class=\"wp-block-heading\"><strong>Tributo a Ozzy Osbourne<\/strong><\/h2>\n<p>Neste <strong>s\u00e1bado (10)<\/strong>, a partir das <strong>18h<\/strong>, o <strong>Hard Rock Caf\u00e9<\/strong> recebe a banda <strong>Ozzmozy<\/strong> para um show de tributo para homenagear todas as fases da carreira de <strong>Ozzy Osbourne<\/strong>. O espet\u00e1culo resgata sucessos como <strong>Paranoid, Iron Man, Mr. Crowley <\/strong>e<strong> Crazy Train<\/strong>. Os ingressos podem ser adquiridos <strong>on-line <\/strong><a href=\"https:\/\/www.sympla.com.br\/evento\/ozzmozzy-no-live-rock-ribeirao-tributo-a-ozzy-osbourne-o-principe-das-trevas-do-rock\/2896009\"><strong>(clique aqui)<\/strong><\/a>, por <strong>R$ 45<\/strong>.<\/p>\n<p><strong>Quando: <\/strong>10 de maio, s\u00e1bado<strong><br \/>Hor\u00e1rio:<\/strong>\u00a0A partir das 18h <strong><br \/>Local:\u00a0<\/strong>Hard Rock Caf\u00e9 | rua Edgar Rodrigues, 200 \u2013 Est\u00e1dio Santa Cruz \u2013 Ribeir\u00e3o Preto<strong><br \/>Ingressos: R$ 45<\/strong><\/p>\n<h2 class=\"wp-block-heading\"><strong>O Rei Le\u00e3o \u2013 O Musical<\/strong><\/h2>\n<p>Neste\u00a0<strong>s\u00e1bado (10)<\/strong>, o\u00a0<strong>Theatro Pedro II<\/strong>, no\u00a0<strong>Centro<\/strong>\u00a0de\u00a0<strong>Ribeir\u00e3o Preto<\/strong>, recebe \u201c<strong>O Rei Le\u00e3o \u2013 O Musical<\/strong>\u201d. A apresenta\u00e7\u00e3o est\u00e1 marcada para acontecer \u00e0s\u00a0<strong>15h<\/strong><strong>. A apresenta\u00e7\u00e3o <\/strong>traz o cl\u00e1ssico que transcendeu gera\u00e7\u00f5es em um espet\u00e1culo cantado ao vivo. Os ingressos podem ser adquiridos on-line <strong><a href=\"https:\/\/ingressodigital.com\/evento\/15256\/Rei_Leo__O_Musical\">(clique aqui)<\/a><\/strong>, ou na bilheteria do\u00a0<strong>Theatro Pedro II<\/strong>, com pre\u00e7os a partir de <strong>R$ 50<\/strong>.<\/p>\n<p><strong>Quando: <\/strong>10 de maio, s\u00e1bado<strong><br \/>Hor\u00e1rio:<\/strong>\u00a0\u00c0s 15h \u00a0<strong><br \/>Local:\u00a0<\/strong>Theatro Pedro II | rua \u00c1lvares Cabral, 370 \u2013 Centro<strong><br \/>Ingressos: <\/strong>A partir de R$ 50<\/p>\n<h2 class=\"wp-block-heading\"><strong>Exposi\u00e7\u00e3o \u201cAtrav\u00e9s do meu olhar\u201d<\/strong><\/h2>\n<p><strong>A exposi\u00e7\u00e3o <\/strong>do ilustrador e artista visual <strong>Isisson de Oliveira<\/strong>, explora a integra\u00e7\u00e3o entre a natureza e a arquitetura. Os interessados podem conferir as obras no <strong>Espa\u00e7o Cultural do IEA-RP<\/strong>, no campus da\u00a0<strong>USP (Universidade de S\u00e3o Paulo)<\/strong>, em\u00a0<strong>Ribeir\u00e3o Preto<\/strong>. De segunda a sexta-feira, das <strong>8h30<\/strong> \u00e0s <strong>16h30<\/strong>. A exposi\u00e7\u00e3o deve ficar no local at\u00e9 o dia 6 de junho.<strong\/><\/p>\n<p><strong>Quando: <\/strong>9 de maio a 6 de junho<strong><br \/>Hor\u00e1rio:<\/strong>\u00a0Das \u00a08h30 \u00e0s 16h30<strong><br \/>Local:\u00a0<\/strong>Espa\u00e7o Cultural do IEA-RP | rua Pedreira de Freitas, casa 20, campus USP RP \u00a0\u00a0<strong><br \/>Entrada gratuita<\/strong><\/p>\n<h2 class=\"wp-block-heading\"><strong>Padre Patrick<\/strong><\/h2>\n<p>Em<strong> \u201cBen\u00e7a, Padre\u201d<\/strong>, <strong>Padre Patrick <\/strong>traz ao p\u00fablico reflex\u00f5es sobre a verdadeira felicidade, e conta, de forma leve e descontra\u00edda, assuntos ligados ao relacionamento das pessoas com <strong>Deus<\/strong>. A apresenta\u00e7\u00e3o acontece no<strong> Theatro Pedro II<\/strong>, nesta sexta-feira (9), a partir das <strong>20h<\/strong>. Os ingressos podem ser adquiridos <strong>on-line <a href=\"https:\/\/ingressodigital.com\/evento\/15115\/padre-patrick-%7C-benca,-padre\">(clique aqui)<\/a><\/strong>, com pre\u00e7os a partir de <strong>R$ 40<\/strong>.<\/p>\n<p><strong>Quando: <\/strong>9 de maio, sexta-feira<strong><br \/>Hor\u00e1rio:<\/strong>\u00a0A partir das 20h<strong><br \/>Local:\u00a0<\/strong>Theatro Pedro II | rua \u00c1lvares Cabral, 370 \u2013 Centro \u00a0\u2013 Ribeir\u00e3o Preto\u00a0\u00a0<strong><br \/>Ingressos: <\/strong>A partir de R$ 40<\/p>\n<h2 class=\"wp-block-heading\"><strong>MC Soffia<\/strong><\/h2>\n<p>A rapper <strong>MC Soffia<\/strong> se apresenta nesta sexta-feira (9), no <strong>Goa Lounge<\/strong>, a partir das <strong>19h<\/strong>. Al\u00e9m da rapper, a noite conta com apresenta\u00e7\u00f5es da <strong>DJ Bem Preta Mesmo<\/strong>, show de <strong>Sandra Leite<\/strong> e batalha de rima apenas com mulheres da <strong>Batalha Sangue na 7<\/strong>. A entrada de menores de idade <strong>n\u00e3o \u00e9 permitida<\/strong>, e \u00e9 necess\u00e1rio apresentar documento com foto na portaria. Os ingressos podem ser adquiridos <strong>on-line <a href=\"https:\/\/www.sympla.com.br\/evento\/mc-soffia-no-goa\/2938899\">(clique aqui)<\/a><\/strong>, por <strong>R$ 30<\/strong>.<\/p>\n<p><strong>Quando: <\/strong>9 de maio, sexta-feira<strong><br \/>Hor\u00e1rio:<\/strong>\u00a0A partir das 19h<strong><br \/>Local:\u00a0<\/strong>Goa Lounge | rua Comandante Marcondes Salgado, 1621 \u2013 Boulevard \u00a0<strong><br \/>Ingressos: <\/strong>A partir de R$ 30<\/p>\n<h2 class=\"wp-block-heading\"><strong>Marcelo Capela e Fogo Novo<\/strong><\/h2>\n<p>A banda <strong>Marcelo Capela e Fogo Novo<\/strong> apresentam um trabalho moldado por muitos anos de experi\u00eancias na <strong>Biblioteca Sinh\u00e1 Junqueira<\/strong>, neste s\u00e1bado (10), \u00e0s <strong>11h<\/strong>. O repert\u00f3rio apresenta o balan\u00e7o jamaicano sem deixar de lado o original swing brasileiro. A entrada \u00e9 <strong>gratuita<\/strong>.<\/p>\n<p><strong>Quando: <\/strong>10 de maio, s\u00e1bado<strong><br \/>Hor\u00e1rio:<\/strong>\u00a011h<strong><br \/>Local:\u00a0<\/strong>Biblioteca Sinh\u00e1 Junqueira | rua Duque de Caxias, 547 \u2013 Centro \u00a0\u2013 Ribeir\u00e3o Preto<strong><br \/>Entrada gratuita<\/strong><\/p>\n<h2 class=\"wp-block-heading\"><strong>Boadway Night\u2019s, o Musical<\/strong><\/h2>\n<p>O espet\u00e1culo traz ao palco do<strong> Theatro Pedro II<\/strong>, neste s\u00e1bado (10), \u00e0s<strong> 20h<\/strong>, os maiores sucessos dos grandes musicais e do cinema, em um espet\u00e1culo dan\u00e7ante e cantado ao vivo. O repert\u00f3rio tem can\u00e7\u00f5es como <strong>\u201cGrease\u201d, \u201cO Fantasma da \u00d3pera\u201d<\/strong> e<strong> \u201cNew York, New York\u201d<\/strong>. Os ingressos podem ser adquiridos<strong> <a href=\"https:\/\/www.theatropedro2.com.br\/espetaculo.php?id=1554&amp;broadway-night-s-o-musical\"><strong>on-line (clique aqui)<\/strong><\/a><\/strong>, ou na bilheteria do<strong> Theatro.<\/strong><\/p>\n<p><strong>Quando: <\/strong>10 de maio, s\u00e1bado<strong><br \/>Hor\u00e1rio:<\/strong>\u00a020h<strong><br \/>Local:\u00a0<\/strong>Theatro Pedro II | rua \u00c1lvares Cabral, 370 \u2013 Centro \u00a0\u2013 Ribeir\u00e3o Preto<strong><br \/>Ingressos: <\/strong>A partir de R$ 80<\/p>\n<h2 class=\"wp-block-heading\"><strong>Jhayam<\/strong><\/h2>\n<p>Ap\u00f3s sua turn\u00ea na Inglaterra, <strong>Jhayam<\/strong> se apresenta neste s\u00e1bado (10), \u00e0s <strong>17h30<\/strong>, na <strong>Biblioteca Sinh\u00e1 Junqueira<\/strong>. O show compila m\u00fasicas desde o in\u00edcio da carreira nos <em>riddims<\/em> de reggae at\u00e9 os lan\u00e7amentos mais atuais com refer\u00eancia dos ritmos da di\u00e1spora como <em>afrobeats, dancehall, kuduru<\/em>, passando pelos mais variados g\u00eaneros musicais das periferias do mundo. <\/p>\n<p><strong>Quando: <\/strong>10 de maio, s\u00e1bado<strong><br \/>Hor\u00e1rio:<\/strong>\u00a017:30h<strong><br \/>Local:\u00a0<\/strong>Biblioteca Sinh\u00e1 Junqueira | rua Duque de Caxias, 547 \u2013 Centro \u2013 Ribeir\u00e3o Preto<strong><br \/>Entrada gratuita<\/strong><\/p>\n<p>SAIBA MAIS<br \/>Exposi\u00e7\u00e3o em Ribeir\u00e3o Preto explora a integra\u00e7\u00e3o entre natureza e arquitetura<\/p>\n<h3 class=\"wp-block-heading\"><strong>FIQUE ON<\/strong><\/h3>\n<p>Fique ligado em tudo que acontece em Ribeir\u00e3o Preto e regi\u00e3o. Siga os perfis do\u00a0<strong>acidade on\u00a0<\/strong>no\u00a0<a href=\"https:\/\/www.instagram.com\/acidadeonribeirao\">Instagram\u00a0<\/a>e no\u00a0<a href=\"https:\/\/www.facebook.com\/acidadeonribeirao\/\">Facebook.<\/a><\/p>\n<p>Receba not\u00edcias do<strong>\u00a0acidade on<\/strong>\u00a0no WhatsApp.\u00a0<a href=\"https:\/\/chat.whatsapp.com\/BjKQZ9oJwlz8VVT50NuePq\">Para entrar no grupo, basta clicar aqui.<\/a><\/p>\n<p>Fa\u00e7a uma den\u00fancia ou sugira uma reportagem sobre Ribeir\u00e3o Preto e regi\u00e3o pelo WhatsApp: 16 99117 7802.<\/p>\n<p>VEJA TAMB\u00c9M<br \/>Quais participantes do BBB25 tiveram contrato renovado com a Globo?<\/p>\n<p><!-- CONTENT END 1 -->\n<\/div>\n<p><script async src=\"\/\/www.instagram.com\/embed.js\"><\/script><br \/>\n<br \/><br \/>\n<br \/><a href=\"https:\/\/www.acidadeon.com\/ribeiraopreto\/lazer-e-cultura\/festival-de-circo-musicais-e-feira-de-artesanato-veja-as-opcoes-para-curtir-o-fim-de-semana-em-ribeirao-e-regiao\/\">Source link <\/a><\/p>\n","protected":false},"excerpt":{"rendered":"<p>A regi\u00e3o de Ribeir\u00e3o Preto conta com diversas atividades pagas e gratuitas para aproveitar o fim de semana. Os destaques da agenda cultural s\u00e3o: a&#8230;<\/p>\n","protected":false},"author":1,"featured_media":69802,"comment_status":"open","ping_status":"open","sticky":false,"template":"","format":"standard","meta":{"advanced_seo_description":"","jetpack_seo_html_title":"","jetpack_seo_noindex":false,"jetpack_post_was_ever_published":false,"_jetpack_newsletter_access":"","_jetpack_dont_email_post_to_subs":false,"_jetpack_newsletter_tier_id":0,"_jetpack_memberships_contains_paywalled_content":false,"_jetpack_memberships_contains_paid_content":false,"footnotes":"","jetpack_publicize_message":"","jetpack_publicize_feature_enabled":true,"jetpack_social_post_already_shared":true,"jetpack_social_options":{"image_generator_settings":{"template":"highway","default_image_id":0,"font":"","enabled":false},"version":2}},"categories":[11],"tags":[],"class_list":["post-69801","post","type-post","status-publish","format-standard","has-post-thumbnail","hentry","category-noticias-de-ribeirao-preto-sp-e-regiao-ismael-colosi"],"jetpack_publicize_connections":[],"jetpack_featured_media_url":"https:\/\/i0.wp.com\/noticiasribeiraopreto.com.br\/wp-content\/uploads\/2025\/05\/festival-de-circo_2025-05-09_13-09-33.webp.webp?fit=1200%2C900&ssl=1","jetpack-related-posts":[{"id":70885,"url":"https:\/\/noticiasribeiraopreto.com.br\/index.php\/2025\/05\/30\/festival-internacional-de-circo-segue-ate-junho-com-atracoes-gratuitas-em-ribeirao\/","url_meta":{"origin":69801,"position":0},"title":"Festival Internacional de Circo segue at\u00e9 junho com atra\u00e7\u00f5es gratuitas em Ribeir\u00e3o","author":"noticiasribeiraopreto.com.br","date":"30 de May de 2025","format":false,"excerpt":"A programa\u00e7\u00e3o do FIC (Festival Internacional de Circo) de Ribeir\u00e3o Preto segue at\u00e9 o in\u00edcio de junho, levando a magia do picadeiro para diversos bairros da cidade. Com entrada gratuita, o evento re\u00fane espet\u00e1culos nacionais e internacionais, oficinas e apresenta\u00e7\u00f5es com foco na inclus\u00e3o, descentraliza\u00e7\u00e3o e valoriza\u00e7\u00e3o da arte circense.\u2026","rel":"","context":"In &quot;Not\u00edcias de Ribeir\u00e3o Preto-SP e Regi\u00e3o&quot;","block_context":{"text":"Not\u00edcias de Ribeir\u00e3o Preto-SP e Regi\u00e3o","link":"https:\/\/noticiasribeiraopreto.com.br\/index.php\/category\/noticias-de-ribeirao-preto-sp-e-regiao-ismael-colosi\/"},"img":{"alt_text":"","src":"https:\/\/i0.wp.com\/noticiasribeiraopreto.com.br\/wp-content\/uploads\/2025\/05\/272ad4e3-b9e5-4281-b6b3-cc827283fa21_2025-05-30_19-16-51.webp.webp?fit=1200%2C800&ssl=1&resize=350%2C200","width":350,"height":200,"srcset":"https:\/\/i0.wp.com\/noticiasribeiraopreto.com.br\/wp-content\/uploads\/2025\/05\/272ad4e3-b9e5-4281-b6b3-cc827283fa21_2025-05-30_19-16-51.webp.webp?fit=1200%2C800&ssl=1&resize=350%2C200 1x, https:\/\/i0.wp.com\/noticiasribeiraopreto.com.br\/wp-content\/uploads\/2025\/05\/272ad4e3-b9e5-4281-b6b3-cc827283fa21_2025-05-30_19-16-51.webp.webp?fit=1200%2C800&ssl=1&resize=525%2C300 1.5x, https:\/\/i0.wp.com\/noticiasribeiraopreto.com.br\/wp-content\/uploads\/2025\/05\/272ad4e3-b9e5-4281-b6b3-cc827283fa21_2025-05-30_19-16-51.webp.webp?fit=1200%2C800&ssl=1&resize=700%2C400 2x, https:\/\/i0.wp.com\/noticiasribeiraopreto.com.br\/wp-content\/uploads\/2025\/05\/272ad4e3-b9e5-4281-b6b3-cc827283fa21_2025-05-30_19-16-51.webp.webp?fit=1200%2C800&ssl=1&resize=1050%2C600 3x"},"classes":[]},{"id":69342,"url":"https:\/\/noticiasribeiraopreto.com.br\/index.php\/2025\/05\/05\/festival-internacional-de-circo-chega-a-ribeirao-seis-espetaculos-gratuitos-no-teatro-municipal\/","url_meta":{"origin":69801,"position":1},"title":"Festival Internacional de Circo chega a Ribeir\u00e3o: seis espet\u00e1culos gratuitos no Teatro Municipal","author":"noticiasribeiraopreto.com.br","date":"5 de May de 2025","format":false,"excerpt":"Entre os dias 8 e 9 de maio, Ribeir\u00e3o Preto recebe a primeira edi\u00e7\u00e3o do \u201cFestival Internacional de Circo\u201d. Ao todo, s\u00e3o seis espet\u00e1culos, com entrada gratuita. As apresenta\u00e7\u00f5es acontecem no Teatro Municipal de Ribeir\u00e3o Preto. Veja a programa\u00e7\u00e3o: Reciclow Circus Na quinta-feira (8), a programa\u00e7\u00e3o come\u00e7a \u00e0s 9h com\u2026","rel":"","context":"In &quot;Not\u00edcias de Ribeir\u00e3o Preto-SP e Regi\u00e3o&quot;","block_context":{"text":"Not\u00edcias de Ribeir\u00e3o Preto-SP e Regi\u00e3o","link":"https:\/\/noticiasribeiraopreto.com.br\/index.php\/category\/noticias-de-ribeirao-preto-sp-e-regiao-ismael-colosi\/"},"img":{"alt_text":"","src":"https:\/\/i0.wp.com\/noticiasribeiraopreto.com.br\/wp-content\/uploads\/2025\/05\/Foto-198_OK_2025-05-05_12-15-38.webp.webp?fit=1200%2C800&ssl=1&resize=350%2C200","width":350,"height":200,"srcset":"https:\/\/i0.wp.com\/noticiasribeiraopreto.com.br\/wp-content\/uploads\/2025\/05\/Foto-198_OK_2025-05-05_12-15-38.webp.webp?fit=1200%2C800&ssl=1&resize=350%2C200 1x, https:\/\/i0.wp.com\/noticiasribeiraopreto.com.br\/wp-content\/uploads\/2025\/05\/Foto-198_OK_2025-05-05_12-15-38.webp.webp?fit=1200%2C800&ssl=1&resize=525%2C300 1.5x, https:\/\/i0.wp.com\/noticiasribeiraopreto.com.br\/wp-content\/uploads\/2025\/05\/Foto-198_OK_2025-05-05_12-15-38.webp.webp?fit=1200%2C800&ssl=1&resize=700%2C400 2x, https:\/\/i0.wp.com\/noticiasribeiraopreto.com.br\/wp-content\/uploads\/2025\/05\/Foto-198_OK_2025-05-05_12-15-38.webp.webp?fit=1200%2C800&ssl=1&resize=1050%2C600 3x"},"classes":[]},{"id":69467,"url":"https:\/\/noticiasribeiraopreto.com.br\/index.php\/2025\/05\/06\/festival-internacional-de-circo-em-rp\/","url_meta":{"origin":69801,"position":2},"title":"Festival Internacional de Circo\u00a0em RP\u00a0","author":"noticiasribeiraopreto.com.br","date":"6 de May de 2025","format":false,"excerpt":"A partir de quinta-feira, 8 de maio, e at\u00e9 7 de junho, a cidade de Ribeir\u00e3o Preto vivenciar\u00e1 um marco cultural com a realiza\u00e7\u00e3o da primeira edi\u00e7\u00e3o do Festival Internacional de Circo de Ribeir\u00e3o Preto (FIC RP). O evento promete revolucionar a cena circense local e oferecer \u00e0 popula\u00e7\u00e3o uma\u2026","rel":"","context":"In &quot;Not\u00edcias de Ribeir\u00e3o Preto-SP e Regi\u00e3o&quot;","block_context":{"text":"Not\u00edcias de Ribeir\u00e3o Preto-SP e Regi\u00e3o","link":"https:\/\/noticiasribeiraopreto.com.br\/index.php\/category\/noticias-de-ribeirao-preto-sp-e-regiao-ismael-colosi\/"},"img":{"alt_text":"","src":"https:\/\/i0.wp.com\/noticiasribeiraopreto.com.br\/wp-content\/uploads\/2025\/05\/Circo-Rin-Vinicius-Mena-scaled.jpg?fit=1200%2C800&ssl=1&resize=350%2C200","width":350,"height":200,"srcset":"https:\/\/i0.wp.com\/noticiasribeiraopreto.com.br\/wp-content\/uploads\/2025\/05\/Circo-Rin-Vinicius-Mena-scaled.jpg?fit=1200%2C800&ssl=1&resize=350%2C200 1x, https:\/\/i0.wp.com\/noticiasribeiraopreto.com.br\/wp-content\/uploads\/2025\/05\/Circo-Rin-Vinicius-Mena-scaled.jpg?fit=1200%2C800&ssl=1&resize=525%2C300 1.5x, https:\/\/i0.wp.com\/noticiasribeiraopreto.com.br\/wp-content\/uploads\/2025\/05\/Circo-Rin-Vinicius-Mena-scaled.jpg?fit=1200%2C800&ssl=1&resize=700%2C400 2x, https:\/\/i0.wp.com\/noticiasribeiraopreto.com.br\/wp-content\/uploads\/2025\/05\/Circo-Rin-Vinicius-Mena-scaled.jpg?fit=1200%2C800&ssl=1&resize=1050%2C600 3x"},"classes":[]},{"id":73665,"url":"https:\/\/noticiasribeiraopreto.com.br\/index.php\/2025\/07\/07\/ribeirao-preto-recebe-dois-dias-de-festival-de-circo-e-pole-dance\/","url_meta":{"origin":69801,"position":3},"title":"Ribeir\u00e3o Preto recebe dois dias de festival de circo e pole dance","author":"noticiasribeiraopreto.com.br","date":"7 de July de 2025","format":false,"excerpt":"Ribeir\u00e3o Preto recebe a segunda edi\u00e7\u00e3o do ConectArte \u2013 Festival de Arte Circo e Pole, no Teatro Municipal. O evento acontece nos dias 16 e 17 de julho, \u00e0s 19h30, e conta com apresenta\u00e7\u00f5es de pole dance e circenses. O festival re\u00fane alunos de cinco escolas de pole dance e\u2026","rel":"","context":"In &quot;Not\u00edcias de Ribeir\u00e3o Preto-SP e Regi\u00e3o&quot;","block_context":{"text":"Not\u00edcias de Ribeir\u00e3o Preto-SP e Regi\u00e3o","link":"https:\/\/noticiasribeiraopreto.com.br\/index.php\/category\/noticias-de-ribeirao-preto-sp-e-regiao-ismael-colosi\/"},"img":{"alt_text":"","src":"https:\/\/i0.wp.com\/noticiasribeiraopreto.com.br\/wp-content\/uploads\/2025\/07\/TEATRO-MUNICIPAL_2025-01-21_14-13-47_jpg_2025-01-21_14-13-47.webp.webp?fit=1200%2C675&ssl=1&resize=350%2C200","width":350,"height":200,"srcset":"https:\/\/i0.wp.com\/noticiasribeiraopreto.com.br\/wp-content\/uploads\/2025\/07\/TEATRO-MUNICIPAL_2025-01-21_14-13-47_jpg_2025-01-21_14-13-47.webp.webp?fit=1200%2C675&ssl=1&resize=350%2C200 1x, https:\/\/i0.wp.com\/noticiasribeiraopreto.com.br\/wp-content\/uploads\/2025\/07\/TEATRO-MUNICIPAL_2025-01-21_14-13-47_jpg_2025-01-21_14-13-47.webp.webp?fit=1200%2C675&ssl=1&resize=525%2C300 1.5x, https:\/\/i0.wp.com\/noticiasribeiraopreto.com.br\/wp-content\/uploads\/2025\/07\/TEATRO-MUNICIPAL_2025-01-21_14-13-47_jpg_2025-01-21_14-13-47.webp.webp?fit=1200%2C675&ssl=1&resize=700%2C400 2x, https:\/\/i0.wp.com\/noticiasribeiraopreto.com.br\/wp-content\/uploads\/2025\/07\/TEATRO-MUNICIPAL_2025-01-21_14-13-47_jpg_2025-01-21_14-13-47.webp.webp?fit=1200%2C675&ssl=1&resize=1050%2C600 3x"},"classes":[]},{"id":56392,"url":"https:\/\/noticiasribeiraopreto.com.br\/index.php\/2024\/08\/13\/teatro-de-ribeirao-preto-recebe-espetaculo-de-circo-este-fim-de-semana\/","url_meta":{"origin":69801,"position":4},"title":"Teatro de Ribeir\u00e3o Preto recebe espet\u00e1culo de circo este fim de semana","author":"noticiasribeiraopreto.com.br","date":"13 de August de 2024","format":false,"excerpt":"A Cia Lot\u00fas de Circo apresenta o espet\u00e1culo \u201cL\u00f3tus\u201d, no s\u00e1bado (17), \u00e0s 20h, no Teatro Santarosa, no bairro City Ribeir\u00e3o, na zona Sul de Ribeir\u00e3o Preto. Na apresenta\u00e7\u00e3o, os artistas buscam novas possibilidades atrav\u00e9s do circo para se comunicar com o p\u00fablico com um espet\u00e1culo de circo contempor\u00e2neo que\u2026","rel":"","context":"In &quot;Not\u00edcias de Ribeir\u00e3o Preto-SP e Regi\u00e3o&quot;","block_context":{"text":"Not\u00edcias de Ribeir\u00e3o Preto-SP e Regi\u00e3o","link":"https:\/\/noticiasribeiraopreto.com.br\/index.php\/category\/noticias-de-ribeirao-preto-sp-e-regiao-ismael-colosi\/"},"img":{"alt_text":"","src":"https:\/\/i0.wp.com\/noticiasribeiraopreto.com.br\/wp-content\/uploads\/2024\/08\/Copia-de-Copia-de-TAMANHO-EXATO-PARA-FOTOS-NO-SISTEMA-NOVO-49_2024-08-13_14-28-02_jpg_2024-08-13_14-28-02.webp.webp?fit=1200%2C675&ssl=1&resize=350%2C200","width":350,"height":200,"srcset":"https:\/\/i0.wp.com\/noticiasribeiraopreto.com.br\/wp-content\/uploads\/2024\/08\/Copia-de-Copia-de-TAMANHO-EXATO-PARA-FOTOS-NO-SISTEMA-NOVO-49_2024-08-13_14-28-02_jpg_2024-08-13_14-28-02.webp.webp?fit=1200%2C675&ssl=1&resize=350%2C200 1x, https:\/\/i0.wp.com\/noticiasribeiraopreto.com.br\/wp-content\/uploads\/2024\/08\/Copia-de-Copia-de-TAMANHO-EXATO-PARA-FOTOS-NO-SISTEMA-NOVO-49_2024-08-13_14-28-02_jpg_2024-08-13_14-28-02.webp.webp?fit=1200%2C675&ssl=1&resize=525%2C300 1.5x, https:\/\/i0.wp.com\/noticiasribeiraopreto.com.br\/wp-content\/uploads\/2024\/08\/Copia-de-Copia-de-TAMANHO-EXATO-PARA-FOTOS-NO-SISTEMA-NOVO-49_2024-08-13_14-28-02_jpg_2024-08-13_14-28-02.webp.webp?fit=1200%2C675&ssl=1&resize=700%2C400 2x, https:\/\/i0.wp.com\/noticiasribeiraopreto.com.br\/wp-content\/uploads\/2024\/08\/Copia-de-Copia-de-TAMANHO-EXATO-PARA-FOTOS-NO-SISTEMA-NOVO-49_2024-08-13_14-28-02_jpg_2024-08-13_14-28-02.webp.webp?fit=1200%2C675&ssl=1&resize=1050%2C600 3x"},"classes":[]},{"id":55480,"url":"https:\/\/noticiasribeiraopreto.com.br\/index.php\/2024\/08\/02\/mv-bill-candlelight-e-dori-caymmi-confira-o-que-fazer-no-fim-de-semana-em-ribeirao-preto\/","url_meta":{"origin":69801,"position":5},"title":"MV Bill, \u2018Candlelight\u2019 e Dori Caymmi: Confira o que fazer no fim de semana em Ribeir\u00e3o Preto","author":"noticiasribeiraopreto.com.br","date":"2 de August de 2024","format":false,"excerpt":"Sextou! O primeiro fim de semana de agosto come\u00e7ou e Ribeir\u00e3o Preto conta com diversas atividades culturais para quem n\u00e3o gosta de ficar parado. Entre as op\u00e7\u00f5es est\u00e3o a programa\u00e7\u00e3o da 23\u00aa Feira Internacional do Livro de Ribeir\u00e3o Preto, shows e circo digital. Confira o que fazer neste fim de\u2026","rel":"","context":"In &quot;Not\u00edcias de Ribeir\u00e3o Preto-SP e Regi\u00e3o&quot;","block_context":{"text":"Not\u00edcias de Ribeir\u00e3o Preto-SP e Regi\u00e3o","link":"https:\/\/noticiasribeiraopreto.com.br\/index.php\/category\/noticias-de-ribeirao-preto-sp-e-regiao-ismael-colosi\/"},"img":{"alt_text":"","src":"https:\/\/i0.wp.com\/noticiasribeiraopreto.com.br\/wp-content\/uploads\/2024\/08\/Copia-de-Copia-de-TAMANHO-EXATO-PARA-FOTOS-NO-SISTEMA-NOVO-24_2024-08-02_12-31-16_jpg_2024-08-02_12-31-16.webp.webp?fit=1200%2C675&ssl=1&resize=350%2C200","width":350,"height":200,"srcset":"https:\/\/i0.wp.com\/noticiasribeiraopreto.com.br\/wp-content\/uploads\/2024\/08\/Copia-de-Copia-de-TAMANHO-EXATO-PARA-FOTOS-NO-SISTEMA-NOVO-24_2024-08-02_12-31-16_jpg_2024-08-02_12-31-16.webp.webp?fit=1200%2C675&ssl=1&resize=350%2C200 1x, https:\/\/i0.wp.com\/noticiasribeiraopreto.com.br\/wp-content\/uploads\/2024\/08\/Copia-de-Copia-de-TAMANHO-EXATO-PARA-FOTOS-NO-SISTEMA-NOVO-24_2024-08-02_12-31-16_jpg_2024-08-02_12-31-16.webp.webp?fit=1200%2C675&ssl=1&resize=525%2C300 1.5x, https:\/\/i0.wp.com\/noticiasribeiraopreto.com.br\/wp-content\/uploads\/2024\/08\/Copia-de-Copia-de-TAMANHO-EXATO-PARA-FOTOS-NO-SISTEMA-NOVO-24_2024-08-02_12-31-16_jpg_2024-08-02_12-31-16.webp.webp?fit=1200%2C675&ssl=1&resize=700%2C400 2x, https:\/\/i0.wp.com\/noticiasribeiraopreto.com.br\/wp-content\/uploads\/2024\/08\/Copia-de-Copia-de-TAMANHO-EXATO-PARA-FOTOS-NO-SISTEMA-NOVO-24_2024-08-02_12-31-16_jpg_2024-08-02_12-31-16.webp.webp?fit=1200%2C675&ssl=1&resize=1050%2C600 3x"},"classes":[]}],"jetpack_sharing_enabled":true,"jetpack_shortlink":"https:\/\/wp.me\/peQAOb-i9P","_links":{"self":[{"href":"https:\/\/noticiasribeiraopreto.com.br\/index.php\/wp-json\/wp\/v2\/posts\/69801","targetHints":{"allow":["GET"]}}],"collection":[{"href":"https:\/\/noticiasribeiraopreto.com.br\/index.php\/wp-json\/wp\/v2\/posts"}],"about":[{"href":"https:\/\/noticiasribeiraopreto.com.br\/index.php\/wp-json\/wp\/v2\/types\/post"}],"author":[{"embeddable":true,"href":"https:\/\/noticiasribeiraopreto.com.br\/index.php\/wp-json\/wp\/v2\/users\/1"}],"replies":[{"embeddable":true,"href":"https:\/\/noticiasribeiraopreto.com.br\/index.php\/wp-json\/wp\/v2\/comments?post=69801"}],"version-history":[{"count":0,"href":"https:\/\/noticiasribeiraopreto.com.br\/index.php\/wp-json\/wp\/v2\/posts\/69801\/revisions"}],"wp:featuredmedia":[{"embeddable":true,"href":"https:\/\/noticiasribeiraopreto.com.br\/index.php\/wp-json\/wp\/v2\/media\/69802"}],"wp:attachment":[{"href":"https:\/\/noticiasribeiraopreto.com.br\/index.php\/wp-json\/wp\/v2\/media?parent=69801"}],"wp:term":[{"taxonomy":"category","embeddable":true,"href":"https:\/\/noticiasribeiraopreto.com.br\/index.php\/wp-json\/wp\/v2\/categories?post=69801"},{"taxonomy":"post_tag","embeddable":true,"href":"https:\/\/noticiasribeiraopreto.com.br\/index.php\/wp-json\/wp\/v2\/tags?post=69801"}],"curies":[{"name":"wp","href":"https:\/\/api.w.org\/{rel}","templated":true}]}}