{"id":69803,"date":"2025-05-09T11:47:51","date_gmt":"2025-05-09T14:47:51","guid":{"rendered":"https:\/\/noticiasribeiraopreto.com.br\/index.php\/2025\/05\/09\/caso-larissa-advogado-revela-movimentacao-de-conta-de-professora-morta-em-ribeirao-preto\/"},"modified":"2025-05-09T11:47:51","modified_gmt":"2025-05-09T14:47:51","slug":"caso-larissa-advogado-revela-movimentacao-de-conta-de-professora-morta-em-ribeirao-preto","status":"publish","type":"post","link":"https:\/\/noticiasribeiraopreto.com.br\/index.php\/2025\/05\/09\/caso-larissa-advogado-revela-movimentacao-de-conta-de-professora-morta-em-ribeirao-preto\/","title":{"rendered":"Caso Larissa: Advogado revela movimenta\u00e7\u00e3o de conta de professora morta em Ribeir\u00e3o Preto"},"content":{"rendered":"<p> <br \/>\n<\/p>\n<div>\n<p>O advogado <strong>Matheus Fernando da Silva<\/strong>, que representa a fam\u00edlia da <strong>professora Larissa Talle Le\u00f4ncio Rodrigues<\/strong>, revela que a<mark style=\"background-color:#fcb900\" class=\"has-inline-color has-black-color\"> conta banc\u00e1ria dela foi movimentada ap\u00f3s a morte<\/mark>.<\/p>\n<p>A professora foi encontrada sem vida no dia 22 de mar\u00e7o em um apartamento no <strong>Jardim Bot\u00e2nico<\/strong>, na zona Sul de <strong>Ribeir\u00e3o Preto<\/strong>. A <strong>Pol\u00edcia Civil <\/strong>suspeita que ela possa ter sido envenenada pelo marido e pela sogra.<\/p>\n<h2 class=\"wp-block-heading\"><strong>Seguro de vida<\/strong><\/h2>\n<p>Em entrevista \u00e0 <strong>EPTV<\/strong>, Matheus Fernando da Silva disse que Larissa recebeu um valor recentemente referente a um seguro de vida da m\u00e3e dela, que morreu h\u00e1 seis meses.<\/p>\n<p>\u201cUm seguro de vida foi partilhado entre o pai, um irm\u00e3o e a Larissa. A fam\u00edlia n\u00e3o sabe o que ele fez com o dinheiro. Mas, como ela faleceu, pela lei, passa a lei\u201d, disse o advogado.<\/p>\n<p>Ele acredita que a conta banc\u00e1ria de Larissa foi movimentada ap\u00f3s a morte da professora. \u201cAcredito que o caminho da investiga\u00e7\u00e3o vai querer saber isso. Porque a pessoa movimentou a conta da Larissa p\u00f3s-morte n\u00e3o tinha autoriza\u00e7\u00e3o, porque tem que ser feito o invent\u00e1rio\u201d, relata.<\/p>\n<h2 class=\"wp-block-heading\"><strong>Div\u00f3rcio<\/strong><\/h2>\n<p>De acordo com o<strong> MP-SP (Minist\u00e9rio P\u00fablico de S\u00e3o Paulo)<\/strong>, Larissa teria enviado ao marido, o m\u00e9dico Luiz Ant\u00f4nio Garnica, mensagens pedindo o div\u00f3rcio. \u00a0<\/p>\n<p>\u201cO que a investiga\u00e7\u00e3o aponta, at\u00e9 o momento, \u00e9 bom deixar claro, \u00e9 que a v\u00edtima tensionava, buscava o div\u00f3rcio do investigado. Inclusive j\u00e1 tinha mandado mensagens para ele na v\u00e9spera, na noite anterior ao crime, dizendo que na segunda-feira eles poderiam entrar em contato com o advogado para resolver tudo. Ent\u00e3o, me parece que a motiva\u00e7\u00e3o do crime \u00e9 com rela\u00e7\u00e3o ao pedido de div\u00f3rcio\u201d, disse o promotor de Justi\u00e7a, Marcus Tulio Nicolino.<\/p>\n<h2 class=\"wp-block-heading\"><strong>Pedido de liberdade<\/strong><\/h2>\n<p>A defesa do m\u00e9dico Luiz Ant\u00f4nio Garnica entrou com um pedido de habeas corpus para liberdade do cliente. O caso ser\u00e1 analisado pelo desembargados Lu\u00eds Augusto de Sampaio Arruda, do TJ-SP.<\/p>\n<h2 class=\"wp-block-heading\"><strong>Outro lado<\/strong><\/h2>\n<p>Tanto a defesa de Elizabete, quanto a de Luiz Ant\u00f4nio, afirmam que ainda n\u00e3o tiveram acesso ao processo. Os suspeitos negam o crime (com informa\u00e7\u00f5es <strong>EPTV<\/strong>).<\/p>\n<p>SAIBA MAIS<br \/>Pol\u00edcia aborda caminh\u00e3o na Anhanguera que \u2018furou\u2019 ped\u00e1gio mais de 600 vezes\u00a0<\/p>\n<h2 class=\"wp-block-heading\"><strong>FIQUE ON<\/strong><\/h2>\n<p>Fique ligado em tudo que acontece em Ribeir\u00e3o Preto e regi\u00e3o. Siga os perfis do<strong> acidade on <\/strong>no <a href=\"https:\/\/www.instagram.com\/acidadeonribeirao\">Instagram<\/a> e no <a href=\"https:\/\/www.facebook.com\/acidadeonribeirao\/\">Facebook<\/a>.<\/p>\n<p>Receba not\u00edcias do <strong>acidade on<\/strong> no WhatsApp.<a href=\"https:\/\/chat.whatsapp.com\/BjKQZ9oJwlz8VVT50NuePq\"> Para entrar no grupo, basta clicar aqui.<\/a><\/p>\n<p>Fa\u00e7a uma den\u00fancia ou sugira uma reportagem sobre Ribeir\u00e3o Preto e regi\u00e3o pelo WhatsApp: 16 99117 7802.<\/p>\n<p>VEJA TAMB\u00c9M<br \/>O que Le\u00e3o XIV falou em primeira missa?<\/p>\n<p><!-- CONTENT END 1 -->\n<\/div>\n<p><script async src=\"\/\/www.instagram.com\/embed.js\"><\/script><br \/>\n<br \/><br \/>\n<br \/><a href=\"https:\/\/www.acidadeon.com\/ribeiraopreto\/cotidiano\/caso-larissa-advogado-revela-movimentacao-de-conta-de-professora-morta-em-ribeirao-preto\/\">Source link <\/a><\/p>\n","protected":false},"excerpt":{"rendered":"<p>O advogado Matheus Fernando da Silva, que representa a fam\u00edlia da professora Larissa Talle Le\u00f4ncio Rodrigues, revela que a conta banc\u00e1ria dela foi movimentada ap\u00f3s&#8230;<\/p>\n","protected":false},"author":1,"featured_media":69804,"comment_status":"open","ping_status":"open","sticky":false,"template":"","format":"standard","meta":{"advanced_seo_description":"","jetpack_seo_html_title":"","jetpack_seo_noindex":false,"jetpack_post_was_ever_published":false,"_jetpack_newsletter_access":"","_jetpack_dont_email_post_to_subs":false,"_jetpack_newsletter_tier_id":0,"_jetpack_memberships_contains_paywalled_content":false,"_jetpack_memberships_contains_paid_content":false,"footnotes":"","jetpack_publicize_message":"","jetpack_publicize_feature_enabled":true,"jetpack_social_post_already_shared":true,"jetpack_social_options":{"image_generator_settings":{"template":"highway","default_image_id":0,"font":"","enabled":false},"version":2}},"categories":[11],"tags":[],"class_list":["post-69803","post","type-post","status-publish","format-standard","has-post-thumbnail","hentry","category-noticias-de-ribeirao-preto-sp-e-regiao-ismael-colosi"],"jetpack_publicize_connections":[],"jetpack_featured_media_url":"https:\/\/i0.wp.com\/noticiasribeiraopreto.com.br\/wp-content\/uploads\/2025\/05\/larissa_2025-05-09_12-39-48.webp.webp?fit=974%2C585&ssl=1","jetpack-related-posts":[{"id":70205,"url":"https:\/\/noticiasribeiraopreto.com.br\/index.php\/2025\/05\/23\/caso-larissa-e-um-quebra-cabecas-diz-delegado-apos-exumacao-do-corpo-de-irma-de-medico\/","url_meta":{"origin":69803,"position":0},"title":"Caso Larissa: \u2018\u00c9 um quebra-cabe\u00e7as\u2019, diz delegado ap\u00f3s exuma\u00e7\u00e3o do corpo de irm\u00e3 de m\u00e9dico","author":"noticiasribeiraopreto.com.br","date":"23 de May de 2025","format":false,"excerpt":"O delegado Fernando Bravo acompanhou a exuma\u00e7\u00e3o do corpo de Nath\u00e1lia Garnica, na manh\u00e3 desta sexta-feira (23), no cemit\u00e9rio de Pontal, cidade a 40 quil\u00f4metros de Ribeir\u00e3o Preto. A pol\u00edcia quer saber se Nath\u00e1lia tamb\u00e9m foi envenenada, assim como a professora Larissa Talle Le\u00f4ncio Rodrigues. A professora foi encontrada morta\u2026","rel":"","context":"In &quot;Not\u00edcias de Ribeir\u00e3o Preto-SP e Regi\u00e3o&quot;","block_context":{"text":"Not\u00edcias de Ribeir\u00e3o Preto-SP e Regi\u00e3o","link":"https:\/\/noticiasribeiraopreto.com.br\/index.php\/category\/noticias-de-ribeirao-preto-sp-e-regiao-ismael-colosi\/"},"img":{"alt_text":"","src":"https:\/\/i0.wp.com\/noticiasribeiraopreto.com.br\/wp-content\/uploads\/2025\/05\/nathalia-garnica_2025-05-23_15-56-37.webp.webp?fit=1200%2C900&ssl=1&resize=350%2C200","width":350,"height":200,"srcset":"https:\/\/i0.wp.com\/noticiasribeiraopreto.com.br\/wp-content\/uploads\/2025\/05\/nathalia-garnica_2025-05-23_15-56-37.webp.webp?fit=1200%2C900&ssl=1&resize=350%2C200 1x, https:\/\/i0.wp.com\/noticiasribeiraopreto.com.br\/wp-content\/uploads\/2025\/05\/nathalia-garnica_2025-05-23_15-56-37.webp.webp?fit=1200%2C900&ssl=1&resize=525%2C300 1.5x, https:\/\/i0.wp.com\/noticiasribeiraopreto.com.br\/wp-content\/uploads\/2025\/05\/nathalia-garnica_2025-05-23_15-56-37.webp.webp?fit=1200%2C900&ssl=1&resize=700%2C400 2x, https:\/\/i0.wp.com\/noticiasribeiraopreto.com.br\/wp-content\/uploads\/2025\/05\/nathalia-garnica_2025-05-23_15-56-37.webp.webp?fit=1200%2C900&ssl=1&resize=1050%2C600 3x"},"classes":[]},{"id":71732,"url":"https:\/\/noticiasribeiraopreto.com.br\/index.php\/2025\/06\/09\/caso-larissa-marido-pagou-conta-e-tentou-fazer-transferencia-apos-morte-de-professora-diz-gerente-de-banco\/","url_meta":{"origin":69803,"position":1},"title":"Caso Larissa: marido pagou conta e tentou fazer transfer\u00eancia ap\u00f3s morte de professora, diz gerente de banco","author":"noticiasribeiraopreto.com.br","date":"9 de June de 2025","format":false,"excerpt":"Um gerente de banco prestou depoimento \u00e0 pol\u00edcia e revelou que Luiz Ant\u00f4nio Garnica, marido da professora Larissa Rodrigues, envenenada em mar\u00e7o deste ano, em Ribeir\u00e3o Preto, tentou acessar a conta banc\u00e1ria da mulher logo ap\u00f3s a morte dela. FIQUE POR DENTRO: Confira a cobertura completa sobre o caso Larissa\u2026","rel":"","context":"In &quot;Not\u00edcias de Ribeir\u00e3o Preto-SP e Regi\u00e3o&quot;","block_context":{"text":"Not\u00edcias de Ribeir\u00e3o Preto-SP e Regi\u00e3o","link":"https:\/\/noticiasribeiraopreto.com.br\/index.php\/category\/noticias-de-ribeirao-preto-sp-e-regiao-ismael-colosi\/"},"img":{"alt_text":"","src":"https:\/\/i0.wp.com\/noticiasribeiraopreto.com.br\/wp-content\/uploads\/2025\/05\/Copia-de-Copia-de-Copia-de-TAMANHO-EXATO-PARA-FOTOS-NO-SISTEMA-NOVO-61_2025-05-11_18-41-35.webp.webp?fit=1200%2C675&ssl=1&resize=350%2C200","width":350,"height":200,"srcset":"https:\/\/i0.wp.com\/noticiasribeiraopreto.com.br\/wp-content\/uploads\/2025\/05\/Copia-de-Copia-de-Copia-de-TAMANHO-EXATO-PARA-FOTOS-NO-SISTEMA-NOVO-61_2025-05-11_18-41-35.webp.webp?fit=1200%2C675&ssl=1&resize=350%2C200 1x, https:\/\/i0.wp.com\/noticiasribeiraopreto.com.br\/wp-content\/uploads\/2025\/05\/Copia-de-Copia-de-Copia-de-TAMANHO-EXATO-PARA-FOTOS-NO-SISTEMA-NOVO-61_2025-05-11_18-41-35.webp.webp?fit=1200%2C675&ssl=1&resize=525%2C300 1.5x, https:\/\/i0.wp.com\/noticiasribeiraopreto.com.br\/wp-content\/uploads\/2025\/05\/Copia-de-Copia-de-Copia-de-TAMANHO-EXATO-PARA-FOTOS-NO-SISTEMA-NOVO-61_2025-05-11_18-41-35.webp.webp?fit=1200%2C675&ssl=1&resize=700%2C400 2x, https:\/\/i0.wp.com\/noticiasribeiraopreto.com.br\/wp-content\/uploads\/2025\/05\/Copia-de-Copia-de-Copia-de-TAMANHO-EXATO-PARA-FOTOS-NO-SISTEMA-NOVO-61_2025-05-11_18-41-35.webp.webp?fit=1200%2C675&ssl=1&resize=1050%2C600 3x"},"classes":[]},{"id":73043,"url":"https:\/\/noticiasribeiraopreto.com.br\/index.php\/2025\/06\/24\/caso-larissa-suspeita-de-envenenar-nora-em-ribeirao-tem-divida-de-r-320-mil-diz-defesa\/","url_meta":{"origin":69803,"position":2},"title":"Caso Larissa: Suspeita de envenenar nora em Ribeir\u00e3o tem d\u00edvida de R$ 320 mil, diz defesa","author":"noticiasribeiraopreto.com.br","date":"24 de June de 2025","format":false,"excerpt":"A Pol\u00edcia Civil de Ribeir\u00e3o Preto investiga novos elementos no caso envolvendo Elizabete Arraba\u00e7a, suspeita de ter envenenado a nora, a professora de pilates Larissa Rodrigues, em mar\u00e7o deste ano. Segundo a defesa da investigada, ela possui cerca de R$ 320 mil em d\u00edvidas referentes a financiamentos. A informa\u00e7\u00e3o foi\u2026","rel":"","context":"In &quot;Not\u00edcias de Ribeir\u00e3o Preto-SP e Regi\u00e3o&quot;","block_context":{"text":"Not\u00edcias de Ribeir\u00e3o Preto-SP e Regi\u00e3o","link":"https:\/\/noticiasribeiraopreto.com.br\/index.php\/category\/noticias-de-ribeirao-preto-sp-e-regiao-ismael-colosi\/"},"img":{"alt_text":"","src":"https:\/\/i0.wp.com\/noticiasribeiraopreto.com.br\/wp-content\/uploads\/2025\/06\/elizabeth_2025-05-07_16-18-11.webp.webp?fit=1200%2C700&ssl=1&resize=350%2C200","width":350,"height":200,"srcset":"https:\/\/i0.wp.com\/noticiasribeiraopreto.com.br\/wp-content\/uploads\/2025\/06\/elizabeth_2025-05-07_16-18-11.webp.webp?fit=1200%2C700&ssl=1&resize=350%2C200 1x, https:\/\/i0.wp.com\/noticiasribeiraopreto.com.br\/wp-content\/uploads\/2025\/06\/elizabeth_2025-05-07_16-18-11.webp.webp?fit=1200%2C700&ssl=1&resize=525%2C300 1.5x, https:\/\/i0.wp.com\/noticiasribeiraopreto.com.br\/wp-content\/uploads\/2025\/06\/elizabeth_2025-05-07_16-18-11.webp.webp?fit=1200%2C700&ssl=1&resize=700%2C400 2x, https:\/\/i0.wp.com\/noticiasribeiraopreto.com.br\/wp-content\/uploads\/2025\/06\/elizabeth_2025-05-07_16-18-11.webp.webp?fit=1200%2C700&ssl=1&resize=1050%2C600 3x"},"classes":[]},{"id":69480,"url":"https:\/\/noticiasribeiraopreto.com.br\/index.php\/2025\/05\/06\/investigacao-apura-possivel-envenenamento-de-professora-morta-em-ribeirao-preto-laudo-toxicologico-e-aguardado\/","url_meta":{"origin":69803,"position":3},"title":"Investiga\u00e7\u00e3o apura poss\u00edvel envenenamento de professora morta em Ribeir\u00e3o Preto; laudo toxicol\u00f3gico \u00e9 aguardado","author":"noticiasribeiraopreto.com.br","date":"6 de May de 2025","format":false,"excerpt":"A Pol\u00edcia Civil suspeita que a professora Larissa Talle Le\u00f4ncio Rodrigues, encontrada morta no dia 22 de mar\u00e7o, possa ter sido envenenada. Uma fonte ouvida pela EPTV informou que a suspeita por envenenamento envolveria o uso de chumbinho. Os investigadores aguardam o laudo toxicol\u00f3gico para avan\u00e7ar nesta possibilidade. Em depoimento,\u2026","rel":"","context":"In &quot;Not\u00edcias de Ribeir\u00e3o Preto-SP e Regi\u00e3o&quot;","block_context":{"text":"Not\u00edcias de Ribeir\u00e3o Preto-SP e Regi\u00e3o","link":"https:\/\/noticiasribeiraopreto.com.br\/index.php\/category\/noticias-de-ribeirao-preto-sp-e-regiao-ismael-colosi\/"},"img":{"alt_text":"","src":"https:\/\/i0.wp.com\/noticiasribeiraopreto.com.br\/wp-content\/uploads\/2025\/05\/larissa_2025-05-06_16-41-07.webp.webp?fit=936%2C681&ssl=1&resize=350%2C200","width":350,"height":200,"srcset":"https:\/\/i0.wp.com\/noticiasribeiraopreto.com.br\/wp-content\/uploads\/2025\/05\/larissa_2025-05-06_16-41-07.webp.webp?fit=936%2C681&ssl=1&resize=350%2C200 1x, https:\/\/i0.wp.com\/noticiasribeiraopreto.com.br\/wp-content\/uploads\/2025\/05\/larissa_2025-05-06_16-41-07.webp.webp?fit=936%2C681&ssl=1&resize=525%2C300 1.5x, https:\/\/i0.wp.com\/noticiasribeiraopreto.com.br\/wp-content\/uploads\/2025\/05\/larissa_2025-05-06_16-41-07.webp.webp?fit=936%2C681&ssl=1&resize=700%2C400 2x"},"classes":[]},{"id":78621,"url":"https:\/\/noticiasribeiraopreto.com.br\/index.php\/2025\/10\/14\/caso-larissa-medico-mantem-acusacao-contra-mae-por-morte-da-professora-em-ribeirao\/","url_meta":{"origin":69803,"position":4},"title":"Caso Larissa: m\u00e9dico mant\u00e9m acusa\u00e7\u00e3o contra m\u00e3e por morte da professora em Ribeir\u00e3o","author":"noticiasribeiraopreto.com.br","date":"14 de October de 2025","format":false,"excerpt":"Durante audi\u00eancia de instru\u00e7\u00e3o, realizada nesta ter\u00e7a-feira (14), o m\u00e9dico Luiz Ant\u00f4nio Garnica manteve a acusa\u00e7\u00e3o contra a m\u00e3e, Elizabete Arraba\u00e7a, pela morte da professora de pilates Larissa Rodrigues, em mar\u00e7o deste ano em Ribeir\u00e3o Preto. >>> FIQUE POR DENTRO: Confira a cobertura completa sobre o \u2018Caso Larissa\u2019 clicando aqui\u2026","rel":"","context":"In &quot;Not\u00edcias de Ribeir\u00e3o Preto-SP e Regi\u00e3o&quot;","block_context":{"text":"Not\u00edcias de Ribeir\u00e3o Preto-SP e Regi\u00e3o","link":"https:\/\/noticiasribeiraopreto.com.br\/index.php\/category\/noticias-de-ribeirao-preto-sp-e-regiao-ismael-colosi\/"},"img":{"alt_text":"","src":"https:\/\/i0.wp.com\/noticiasribeiraopreto.com.br\/wp-content\/uploads\/2025\/07\/Copia-de-Copia-de-Copia-de-TAMANHO-EXATO-PARA-FOTOS-NO-SISTEMA-NOVO-2025-07-01T135245.697_2025-07-01_16-52-51.webp.webp?fit=1200%2C675&ssl=1&resize=350%2C200","width":350,"height":200,"srcset":"https:\/\/i0.wp.com\/noticiasribeiraopreto.com.br\/wp-content\/uploads\/2025\/07\/Copia-de-Copia-de-Copia-de-TAMANHO-EXATO-PARA-FOTOS-NO-SISTEMA-NOVO-2025-07-01T135245.697_2025-07-01_16-52-51.webp.webp?fit=1200%2C675&ssl=1&resize=350%2C200 1x, https:\/\/i0.wp.com\/noticiasribeiraopreto.com.br\/wp-content\/uploads\/2025\/07\/Copia-de-Copia-de-Copia-de-TAMANHO-EXATO-PARA-FOTOS-NO-SISTEMA-NOVO-2025-07-01T135245.697_2025-07-01_16-52-51.webp.webp?fit=1200%2C675&ssl=1&resize=525%2C300 1.5x, https:\/\/i0.wp.com\/noticiasribeiraopreto.com.br\/wp-content\/uploads\/2025\/07\/Copia-de-Copia-de-Copia-de-TAMANHO-EXATO-PARA-FOTOS-NO-SISTEMA-NOVO-2025-07-01T135245.697_2025-07-01_16-52-51.webp.webp?fit=1200%2C675&ssl=1&resize=700%2C400 2x, https:\/\/i0.wp.com\/noticiasribeiraopreto.com.br\/wp-content\/uploads\/2025\/07\/Copia-de-Copia-de-Copia-de-TAMANHO-EXATO-PARA-FOTOS-NO-SISTEMA-NOVO-2025-07-01T135245.697_2025-07-01_16-52-51.webp.webp?fit=1200%2C675&ssl=1&resize=1050%2C600 3x"},"classes":[]},{"id":69640,"url":"https:\/\/noticiasribeiraopreto.com.br\/index.php\/2025\/05\/07\/caso-larissa-justica-mantem-prisao-de-mae-e-filho-suspeitos-da-morte-de-professora-em-ribeirao-preto\/","url_meta":{"origin":69803,"position":5},"title":"Caso Larissa: Justi\u00e7a mant\u00e9m pris\u00e3o de m\u00e3e e filho suspeitos da morte de professora em Ribeir\u00e3o Preto","author":"noticiasribeiraopreto.com.br","date":"7 de May de 2025","format":false,"excerpt":"O Tribunal de Justi\u00e7a de S\u00e3o Paulo (TJ-SP) manteve, nesta quarta-feira (7), as pris\u00f5es tempor\u00e1rias do m\u00e9dico Luiz Antonio Garnica e de sua m\u00e3e, Elizabete Arraba\u00e7a. Os dois respondem a investiga\u00e7\u00e3o pela morte da professora Larissa Rodrigues, por envenenamento, em Ribeir\u00e3o Preto. A decis\u00e3o foi tomada durante uma audi\u00eancia de\u2026","rel":"","context":"In &quot;Not\u00edcias de Ribeir\u00e3o Preto-SP e Regi\u00e3o&quot;","block_context":{"text":"Not\u00edcias de Ribeir\u00e3o Preto-SP e Regi\u00e3o","link":"https:\/\/noticiasribeiraopreto.com.br\/index.php\/category\/noticias-de-ribeirao-preto-sp-e-regiao-ismael-colosi\/"},"img":{"alt_text":"","src":"https:\/\/i0.wp.com\/noticiasribeiraopreto.com.br\/wp-content\/uploads\/2025\/05\/Copia-de-Copia-de-Copia-de-TAMANHO-EXATO-PARA-FOTOS-NO-SISTEMA-NOVO-48_2025-05-07_21-03-43.webp.webp?fit=1200%2C675&ssl=1&resize=350%2C200","width":350,"height":200,"srcset":"https:\/\/i0.wp.com\/noticiasribeiraopreto.com.br\/wp-content\/uploads\/2025\/05\/Copia-de-Copia-de-Copia-de-TAMANHO-EXATO-PARA-FOTOS-NO-SISTEMA-NOVO-48_2025-05-07_21-03-43.webp.webp?fit=1200%2C675&ssl=1&resize=350%2C200 1x, https:\/\/i0.wp.com\/noticiasribeiraopreto.com.br\/wp-content\/uploads\/2025\/05\/Copia-de-Copia-de-Copia-de-TAMANHO-EXATO-PARA-FOTOS-NO-SISTEMA-NOVO-48_2025-05-07_21-03-43.webp.webp?fit=1200%2C675&ssl=1&resize=525%2C300 1.5x, https:\/\/i0.wp.com\/noticiasribeiraopreto.com.br\/wp-content\/uploads\/2025\/05\/Copia-de-Copia-de-Copia-de-TAMANHO-EXATO-PARA-FOTOS-NO-SISTEMA-NOVO-48_2025-05-07_21-03-43.webp.webp?fit=1200%2C675&ssl=1&resize=700%2C400 2x, https:\/\/i0.wp.com\/noticiasribeiraopreto.com.br\/wp-content\/uploads\/2025\/05\/Copia-de-Copia-de-Copia-de-TAMANHO-EXATO-PARA-FOTOS-NO-SISTEMA-NOVO-48_2025-05-07_21-03-43.webp.webp?fit=1200%2C675&ssl=1&resize=1050%2C600 3x"},"classes":[]}],"jetpack_sharing_enabled":true,"jetpack_shortlink":"https:\/\/wp.me\/peQAOb-i9R","_links":{"self":[{"href":"https:\/\/noticiasribeiraopreto.com.br\/index.php\/wp-json\/wp\/v2\/posts\/69803","targetHints":{"allow":["GET"]}}],"collection":[{"href":"https:\/\/noticiasribeiraopreto.com.br\/index.php\/wp-json\/wp\/v2\/posts"}],"about":[{"href":"https:\/\/noticiasribeiraopreto.com.br\/index.php\/wp-json\/wp\/v2\/types\/post"}],"author":[{"embeddable":true,"href":"https:\/\/noticiasribeiraopreto.com.br\/index.php\/wp-json\/wp\/v2\/users\/1"}],"replies":[{"embeddable":true,"href":"https:\/\/noticiasribeiraopreto.com.br\/index.php\/wp-json\/wp\/v2\/comments?post=69803"}],"version-history":[{"count":0,"href":"https:\/\/noticiasribeiraopreto.com.br\/index.php\/wp-json\/wp\/v2\/posts\/69803\/revisions"}],"wp:featuredmedia":[{"embeddable":true,"href":"https:\/\/noticiasribeiraopreto.com.br\/index.php\/wp-json\/wp\/v2\/media\/69804"}],"wp:attachment":[{"href":"https:\/\/noticiasribeiraopreto.com.br\/index.php\/wp-json\/wp\/v2\/media?parent=69803"}],"wp:term":[{"taxonomy":"category","embeddable":true,"href":"https:\/\/noticiasribeiraopreto.com.br\/index.php\/wp-json\/wp\/v2\/categories?post=69803"},{"taxonomy":"post_tag","embeddable":true,"href":"https:\/\/noticiasribeiraopreto.com.br\/index.php\/wp-json\/wp\/v2\/tags?post=69803"}],"curies":[{"name":"wp","href":"https:\/\/api.w.org\/{rel}","templated":true}]}}