{"id":69805,"date":"2025-05-09T11:50:05","date_gmt":"2025-05-09T14:50:05","guid":{"rendered":"https:\/\/noticiasribeiraopreto.com.br\/index.php\/2025\/05\/09\/empresa-contratada-pela-prefeitura-de-franca-para-obras-em-praca-nao-paga-contas-de-agua\/"},"modified":"2025-05-09T11:50:05","modified_gmt":"2025-05-09T14:50:05","slug":"empresa-contratada-pela-prefeitura-de-franca-para-obras-em-praca-nao-paga-contas-de-agua","status":"publish","type":"post","link":"https:\/\/noticiasribeiraopreto.com.br\/index.php\/2025\/05\/09\/empresa-contratada-pela-prefeitura-de-franca-para-obras-em-praca-nao-paga-contas-de-agua\/","title":{"rendered":"Empresa contratada pela Prefeitura de Franca para obras em pra\u00e7a n\u00e3o paga contas de \u00e1gua"},"content":{"rendered":"<p> <br \/>\n<\/p>\n<div>\n<p>Os taxistas que trabalham h\u00e1 d\u00e9cadas na Pra\u00e7a Nossa Senhora da Concei\u00e7\u00e3o, no Centro de Franca, est\u00e3o na imin\u00eancia de ter o abastecimento de \u00e1gua cortado por que a empresa contratada pela Prefeitura de Franca para fazer a reforma no local n\u00e3o pagou duas contas. Uma delas tem valor de mais de R$ 1 mil, total muito acima do que \u00e9 consumido pelos profissionais que atuam no local.<\/p>\n<p>As obras da pra\u00e7a est\u00e3o atrasadas e o que era para durar em torno de seis meses, j\u00e1 tem dura\u00e7\u00e3o de mais de 14 meses. A licita\u00e7\u00e3o da Prefeitura definiu a contrata\u00e7\u00e3o no valor de quase R$ 2,5 milh\u00f5es com dinheiro p\u00fablico.<\/p>\n<p>Os taxistas que trabalham na pra\u00e7a central relataram que a empresa vinha pagando os valores, mesmo com atraso, mas que de dois meses para c\u00e1 os contatos ficaram mais dif\u00edceis e sem retorno para quita\u00e7\u00e3o das contas.<\/p>\n<p>Os profissionais relataram que chegaram a procurar diretamente o prefeito Alexandre Ferreira (MDB) para pedir apoio, mas a resposta foi apenas que seria analisado o caso, sem haver efetiva\u00e7\u00e3o.<\/p>\n<p>Oficialmente, a Prefeitura de Franca foi procurada pelo F3 Not\u00edcias e informou que o acordo sobre esse pagamento da conta envolve acordo entre os taxistas e a empresa.<\/p>\n<p>\u201cA Secretaria de Infraestrutura informa que, segundo o engenheiro respons\u00e1vel pela empresa, o repasse destes custos est\u00e1 sendo feito pela empresa diretamente aos taxistas do local, que fazem o acerto das despesas relacionadas ao uso da \u00e1gua na pra\u00e7a\u201d, informou.<\/p>\n<p>Como a Prefeitura de Franca \u00e9 a contratante, cabe a ela a fiscaliza\u00e7\u00e3o<\/p>\n<p><!-- CONTENT END 1 --><\/p><\/div>\n<p><br \/>\n<br \/><a href=\"https:\/\/www.f3noticias.com.br\/empresa-contratada-pela-prefeitura-de-franca-para-obras-em-praca-nao-paga-contas-de-agua\/\">Source link <\/a><\/p>\n","protected":false},"excerpt":{"rendered":"<p>Os taxistas que trabalham h\u00e1 d\u00e9cadas na Pra\u00e7a Nossa Senhora da Concei\u00e7\u00e3o, no Centro de Franca, est\u00e3o na imin\u00eancia de ter o abastecimento de \u00e1gua&#8230;<\/p>\n","protected":false},"author":1,"featured_media":69806,"comment_status":"open","ping_status":"open","sticky":false,"template":"","format":"standard","meta":{"advanced_seo_description":"","jetpack_seo_html_title":"","jetpack_seo_noindex":false,"jetpack_post_was_ever_published":false,"_jetpack_newsletter_access":"","_jetpack_dont_email_post_to_subs":false,"_jetpack_newsletter_tier_id":0,"_jetpack_memberships_contains_paywalled_content":false,"_jetpack_memberships_contains_paid_content":false,"footnotes":"","jetpack_publicize_message":"","jetpack_publicize_feature_enabled":true,"jetpack_social_post_already_shared":true,"jetpack_social_options":{"image_generator_settings":{"template":"highway","default_image_id":0,"font":"","enabled":false},"version":2}},"categories":[3597],"tags":[],"class_list":["post-69805","post","type-post","status-publish","format-standard","has-post-thumbnail","hentry","category-noticias-franca-sp"],"jetpack_publicize_connections":[],"jetpack_featured_media_url":"https:\/\/i0.wp.com\/noticiasribeiraopreto.com.br\/wp-content\/uploads\/2025\/05\/1746802205_logo.png?fit=1200%2C630&ssl=1","jetpack-related-posts":[{"id":70038,"url":"https:\/\/noticiasribeiraopreto.com.br\/index.php\/2025\/05\/22\/depois-de-problemas-na-praca-nossa-senhora-da-conceicao-agora-e-praca-barao-que-sera-fechada\/","url_meta":{"origin":69805,"position":0},"title":"Depois de problemas na pra\u00e7a Nossa Senhora da Concei\u00e7\u00e3o, agora \u00e9 pra\u00e7a Bar\u00e3o que ser\u00e1 fechada","author":"noticiasribeiraopreto.com.br","date":"22 de May de 2025","format":false,"excerpt":"As obras de remodela\u00e7\u00e3o do Centro de Franca ainda v\u00e3o continuar e agora a pra\u00e7a Bar\u00e3o vai ser fechada. Essas obras foram feitas na pra\u00e7a Nossa Senhora da Concei\u00e7\u00e3o e tiveram v\u00e1rios problemas, atrasos. Quem mora na regi\u00e3o, tem com\u00e9rcio ou trabalha diz estar preocupado. Na instala\u00e7\u00e3o de tapumes, houve\u2026","rel":"","context":"In &quot;Not\u00edcias de Franca-SP&quot;","block_context":{"text":"Not\u00edcias de Franca-SP","link":"https:\/\/noticiasribeiraopreto.com.br\/index.php\/category\/noticias-de-ribeirao-preto-sp-e-regiao-ismael-colosi\/noticias-franca-sp\/"},"img":{"alt_text":"","src":"https:\/\/i0.wp.com\/noticiasribeiraopreto.com.br\/wp-content\/uploads\/2025\/05\/Screenshot_20250520_190846_Gallery.jpg?fit=1200%2C755&ssl=1&resize=350%2C200","width":350,"height":200,"srcset":"https:\/\/i0.wp.com\/noticiasribeiraopreto.com.br\/wp-content\/uploads\/2025\/05\/Screenshot_20250520_190846_Gallery.jpg?fit=1200%2C755&ssl=1&resize=350%2C200 1x, https:\/\/i0.wp.com\/noticiasribeiraopreto.com.br\/wp-content\/uploads\/2025\/05\/Screenshot_20250520_190846_Gallery.jpg?fit=1200%2C755&ssl=1&resize=525%2C300 1.5x, https:\/\/i0.wp.com\/noticiasribeiraopreto.com.br\/wp-content\/uploads\/2025\/05\/Screenshot_20250520_190846_Gallery.jpg?fit=1200%2C755&ssl=1&resize=700%2C400 2x, https:\/\/i0.wp.com\/noticiasribeiraopreto.com.br\/wp-content\/uploads\/2025\/05\/Screenshot_20250520_190846_Gallery.jpg?fit=1200%2C755&ssl=1&resize=1050%2C600 3x"},"classes":[]},{"id":69512,"url":"https:\/\/noticiasribeiraopreto.com.br\/index.php\/2025\/05\/06\/video-apos-quase-r-25-milhoes-e-atrasos-veja-situacao-de-praca-cartao-postal-de-franca\/","url_meta":{"origin":69805,"position":1},"title":"V\u00eddeo: Ap\u00f3s quase R$ 2,5 milh\u00f5es e atrasos, veja situa\u00e7\u00e3o de pra\u00e7a cart\u00e3o postal de Franca","author":"noticiasribeiraopreto.com.br","date":"6 de May de 2025","format":false,"excerpt":"A Pra\u00e7a Nossa Senhora da Concei\u00e7\u00e3o, no cora\u00e7\u00e3o de Franca, ainda n\u00e3o teve suas obras conclu\u00eddas. Os gastos alcan\u00e7am quase R$ 2,5 milh\u00f5es e o projeto era ter o local pronto para os 200 anos da cidade, em novembro de 2024. Incluindo a licita\u00e7\u00e3o, a Prefeitura de Franca come\u00e7ou essa\u2026","rel":"","context":"In &quot;Not\u00edcias de Franca-SP&quot;","block_context":{"text":"Not\u00edcias de Franca-SP","link":"https:\/\/noticiasribeiraopreto.com.br\/index.php\/category\/noticias-de-ribeirao-preto-sp-e-regiao-ismael-colosi\/noticias-franca-sp\/"},"img":{"alt_text":"","src":"https:\/\/i0.wp.com\/noticiasribeiraopreto.com.br\/wp-content\/uploads\/2025\/05\/Screenshot_20250506_204232_Gallery.jpg?fit=1200%2C849&ssl=1&resize=350%2C200","width":350,"height":200,"srcset":"https:\/\/i0.wp.com\/noticiasribeiraopreto.com.br\/wp-content\/uploads\/2025\/05\/Screenshot_20250506_204232_Gallery.jpg?fit=1200%2C849&ssl=1&resize=350%2C200 1x, https:\/\/i0.wp.com\/noticiasribeiraopreto.com.br\/wp-content\/uploads\/2025\/05\/Screenshot_20250506_204232_Gallery.jpg?fit=1200%2C849&ssl=1&resize=525%2C300 1.5x, https:\/\/i0.wp.com\/noticiasribeiraopreto.com.br\/wp-content\/uploads\/2025\/05\/Screenshot_20250506_204232_Gallery.jpg?fit=1200%2C849&ssl=1&resize=700%2C400 2x, https:\/\/i0.wp.com\/noticiasribeiraopreto.com.br\/wp-content\/uploads\/2025\/05\/Screenshot_20250506_204232_Gallery.jpg?fit=1200%2C849&ssl=1&resize=1050%2C600 3x"},"classes":[]},{"id":75719,"url":"https:\/\/noticiasribeiraopreto.com.br\/index.php\/2025\/08\/14\/trabalhadores-escravizados-sao-resgatados-de-obra-da-prefeitura-de-franca\/","url_meta":{"origin":69805,"position":2},"title":"Trabalhadores escravizados s\u00e3o resgatados de obra da Prefeitura de Franca","author":"noticiasribeiraopreto.com.br","date":"14 de August de 2025","format":false,"excerpt":"Servi\u00e7o era executado por funcion\u00e1rios de empresa contratada pela prefeitura, que rescindiu contrato da obra 14 de agosto de 2025 11:041 Compartilhar1 Por: Adalberto Luque O Minist\u00e9rio P\u00fablico do Trabalho (MPT) e o Minist\u00e9rio do Trabalho e Emprego (MTE) realizaram, na sexta-feira (8), uma opera\u00e7\u00e3o conjunta para resgatar oito trabalhadores\u2026","rel":"","context":"In &quot;Not\u00edcias de Ribeir\u00e3o Preto-SP e Regi\u00e3o&quot;","block_context":{"text":"Not\u00edcias de Ribeir\u00e3o Preto-SP e Regi\u00e3o","link":"https:\/\/noticiasribeiraopreto.com.br\/index.php\/category\/noticias-de-ribeirao-preto-sp-e-regiao-ismael-colosi\/"},"img":{"alt_text":"","src":"https:\/\/i0.wp.com\/noticiasribeiraopreto.com.br\/wp-content\/uploads\/2025\/08\/14-ago-2025-trabalhadoresescravos1.jpg?fit=1200%2C554&ssl=1&resize=350%2C200","width":350,"height":200,"srcset":"https:\/\/i0.wp.com\/noticiasribeiraopreto.com.br\/wp-content\/uploads\/2025\/08\/14-ago-2025-trabalhadoresescravos1.jpg?fit=1200%2C554&ssl=1&resize=350%2C200 1x, https:\/\/i0.wp.com\/noticiasribeiraopreto.com.br\/wp-content\/uploads\/2025\/08\/14-ago-2025-trabalhadoresescravos1.jpg?fit=1200%2C554&ssl=1&resize=525%2C300 1.5x, https:\/\/i0.wp.com\/noticiasribeiraopreto.com.br\/wp-content\/uploads\/2025\/08\/14-ago-2025-trabalhadoresescravos1.jpg?fit=1200%2C554&ssl=1&resize=700%2C400 2x, https:\/\/i0.wp.com\/noticiasribeiraopreto.com.br\/wp-content\/uploads\/2025\/08\/14-ago-2025-trabalhadoresescravos1.jpg?fit=1200%2C554&ssl=1&resize=1050%2C600 3x"},"classes":[]},{"id":69623,"url":"https:\/\/noticiasribeiraopreto.com.br\/index.php\/2025\/05\/07\/sem-licitacao-prefeitura-de-franca-renova-contrato-de-empresa-para-atender-ate-136-mil-horas-em-plantoes\/","url_meta":{"origin":69805,"position":3},"title":"Sem licita\u00e7\u00e3o, Prefeitura de Franca renova contrato de empresa para atender at\u00e9 136 mil horas em plant\u00f5es","author":"noticiasribeiraopreto.com.br","date":"7 de May de 2025","format":false,"excerpt":"A Prefeitura de Franca divulgou termo de aditamento de contrato para manter a empresa da cidade A.R Cheade Servi\u00e7os M\u00e9dicos Ltda para fazer atendimentos de plant\u00e3o de 6 e 12 horas na especialidade de cl\u00ednica m\u00e9dica e pedi\u00e1trica. Os atendimentos s\u00e3o direcionados para unidades de urg\u00eancia e emerg\u00eancia da cidade,\u2026","rel":"","context":"In &quot;Not\u00edcias de Franca-SP&quot;","block_context":{"text":"Not\u00edcias de Franca-SP","link":"https:\/\/noticiasribeiraopreto.com.br\/index.php\/category\/noticias-de-ribeirao-preto-sp-e-regiao-ismael-colosi\/noticias-franca-sp\/"},"img":{"alt_text":"","src":"https:\/\/i0.wp.com\/noticiasribeiraopreto.com.br\/wp-content\/uploads\/2025\/05\/20240107_183116-scaled-e1706832527661.jpg?fit=700%2C412&ssl=1&resize=350%2C200","width":350,"height":200,"srcset":"https:\/\/i0.wp.com\/noticiasribeiraopreto.com.br\/wp-content\/uploads\/2025\/05\/20240107_183116-scaled-e1706832527661.jpg?fit=700%2C412&ssl=1&resize=350%2C200 1x, https:\/\/i0.wp.com\/noticiasribeiraopreto.com.br\/wp-content\/uploads\/2025\/05\/20240107_183116-scaled-e1706832527661.jpg?fit=700%2C412&ssl=1&resize=525%2C300 1.5x, https:\/\/i0.wp.com\/noticiasribeiraopreto.com.br\/wp-content\/uploads\/2025\/05\/20240107_183116-scaled-e1706832527661.jpg?fit=700%2C412&ssl=1&resize=700%2C400 2x"},"classes":[]},{"id":70128,"url":"https:\/\/noticiasribeiraopreto.com.br\/index.php\/2025\/05\/22\/balanco-de-4-meses-da-prefeitura-de-franca-mostra-gasto-de-28-com-pessoal-e-menos-1-para-investimento\/","url_meta":{"origin":69805,"position":4},"title":"Balan\u00e7o de 4 meses da Prefeitura de Franca mostra gasto de 28% com pessoal e menos 1% para investimento","author":"noticiasribeiraopreto.com.br","date":"22 de May de 2025","format":false,"excerpt":"A administra\u00e7\u00e3o do prefeito Alexandre Ferreira (MDB) gastou entre janeiro e abril de 2025 o total de R$ 129.208.557,57 com pessoal e encargos sociais, enquanto destinou R$ 1.055.937,79 para realizar investimentos em Franca. Esses dados foram apresentados no demonstrativo da despesa do m\u00eas de abril de 2025, divulgado no Di\u00e1rio\u2026","rel":"","context":"In &quot;Not\u00edcias de Franca-SP&quot;","block_context":{"text":"Not\u00edcias de Franca-SP","link":"https:\/\/noticiasribeiraopreto.com.br\/index.php\/category\/noticias-de-ribeirao-preto-sp-e-regiao-ismael-colosi\/noticias-franca-sp\/"},"img":{"alt_text":"","src":"https:\/\/i0.wp.com\/noticiasribeiraopreto.com.br\/wp-content\/uploads\/2025\/05\/alexandre-ferreira.jpg?fit=600%2C400&ssl=1&resize=350%2C200","width":350,"height":200,"srcset":"https:\/\/i0.wp.com\/noticiasribeiraopreto.com.br\/wp-content\/uploads\/2025\/05\/alexandre-ferreira.jpg?fit=600%2C400&ssl=1&resize=350%2C200 1x, https:\/\/i0.wp.com\/noticiasribeiraopreto.com.br\/wp-content\/uploads\/2025\/05\/alexandre-ferreira.jpg?fit=600%2C400&ssl=1&resize=525%2C300 1.5x"},"classes":[]},{"id":62583,"url":"https:\/\/noticiasribeiraopreto.com.br\/index.php\/2025\/01\/18\/ponte-em-ribeirao-preto-tem-novo-prazo-para-conclusao-apos-dois-anos-de-interdicao\/","url_meta":{"origin":69805,"position":5},"title":"Ponte em Ribeir\u00e3o Preto tem novo prazo para conclus\u00e3o ap\u00f3s dois anos de interdi\u00e7\u00e3o","author":"noticiasribeiraopreto.com.br","date":"18 de January de 2025","format":false,"excerpt":"A ponte da avenida Ubirajara de Souza Roxo, que d\u00e1 acesso ao condom\u00ednio Royal Park, no distrito de Bonfim Paulista, em Ribeir\u00e3o Preto, deve ser conclu\u00edda em abril. O local foi interditado em fevereiro de 2023, por conta de duas eros\u00f5es na pista causadas pelas chuvas. Inicialmente, o prazo estipulado\u2026","rel":"","context":"In &quot;Not\u00edcias de Ribeir\u00e3o Preto-SP e Regi\u00e3o&quot;","block_context":{"text":"Not\u00edcias de Ribeir\u00e3o Preto-SP e Regi\u00e3o","link":"https:\/\/noticiasribeiraopreto.com.br\/index.php\/category\/noticias-de-ribeirao-preto-sp-e-regiao-ismael-colosi\/"},"img":{"alt_text":"","src":"https:\/\/i0.wp.com\/noticiasribeiraopreto.com.br\/wp-content\/uploads\/2025\/01\/ponte-royal-park_2025-01-18_13-38-06_jpg_2025-01-18_13-38-06.webp.webp?fit=1200%2C799&ssl=1&resize=350%2C200","width":350,"height":200,"srcset":"https:\/\/i0.wp.com\/noticiasribeiraopreto.com.br\/wp-content\/uploads\/2025\/01\/ponte-royal-park_2025-01-18_13-38-06_jpg_2025-01-18_13-38-06.webp.webp?fit=1200%2C799&ssl=1&resize=350%2C200 1x, https:\/\/i0.wp.com\/noticiasribeiraopreto.com.br\/wp-content\/uploads\/2025\/01\/ponte-royal-park_2025-01-18_13-38-06_jpg_2025-01-18_13-38-06.webp.webp?fit=1200%2C799&ssl=1&resize=525%2C300 1.5x, https:\/\/i0.wp.com\/noticiasribeiraopreto.com.br\/wp-content\/uploads\/2025\/01\/ponte-royal-park_2025-01-18_13-38-06_jpg_2025-01-18_13-38-06.webp.webp?fit=1200%2C799&ssl=1&resize=700%2C400 2x, https:\/\/i0.wp.com\/noticiasribeiraopreto.com.br\/wp-content\/uploads\/2025\/01\/ponte-royal-park_2025-01-18_13-38-06_jpg_2025-01-18_13-38-06.webp.webp?fit=1200%2C799&ssl=1&resize=1050%2C600 3x"},"classes":[]}],"jetpack_sharing_enabled":true,"jetpack_shortlink":"https:\/\/wp.me\/peQAOb-i9T","_links":{"self":[{"href":"https:\/\/noticiasribeiraopreto.com.br\/index.php\/wp-json\/wp\/v2\/posts\/69805","targetHints":{"allow":["GET"]}}],"collection":[{"href":"https:\/\/noticiasribeiraopreto.com.br\/index.php\/wp-json\/wp\/v2\/posts"}],"about":[{"href":"https:\/\/noticiasribeiraopreto.com.br\/index.php\/wp-json\/wp\/v2\/types\/post"}],"author":[{"embeddable":true,"href":"https:\/\/noticiasribeiraopreto.com.br\/index.php\/wp-json\/wp\/v2\/users\/1"}],"replies":[{"embeddable":true,"href":"https:\/\/noticiasribeiraopreto.com.br\/index.php\/wp-json\/wp\/v2\/comments?post=69805"}],"version-history":[{"count":0,"href":"https:\/\/noticiasribeiraopreto.com.br\/index.php\/wp-json\/wp\/v2\/posts\/69805\/revisions"}],"wp:featuredmedia":[{"embeddable":true,"href":"https:\/\/noticiasribeiraopreto.com.br\/index.php\/wp-json\/wp\/v2\/media\/69806"}],"wp:attachment":[{"href":"https:\/\/noticiasribeiraopreto.com.br\/index.php\/wp-json\/wp\/v2\/media?parent=69805"}],"wp:term":[{"taxonomy":"category","embeddable":true,"href":"https:\/\/noticiasribeiraopreto.com.br\/index.php\/wp-json\/wp\/v2\/categories?post=69805"},{"taxonomy":"post_tag","embeddable":true,"href":"https:\/\/noticiasribeiraopreto.com.br\/index.php\/wp-json\/wp\/v2\/tags?post=69805"}],"curies":[{"name":"wp","href":"https:\/\/api.w.org\/{rel}","templated":true}]}}