{"id":69807,"date":"2025-05-09T11:56:31","date_gmt":"2025-05-09T14:56:31","guid":{"rendered":"https:\/\/noticiasribeiraopreto.com.br\/index.php\/2025\/05\/09\/engenheira-de-36-anos-morre-apos-ser-esfaqueada-na-regiao-de-ribeirao-preto\/"},"modified":"2025-05-09T11:56:31","modified_gmt":"2025-05-09T14:56:31","slug":"engenheira-de-36-anos-morre-apos-ser-esfaqueada-na-regiao-de-ribeirao-preto","status":"publish","type":"post","link":"https:\/\/noticiasribeiraopreto.com.br\/index.php\/2025\/05\/09\/engenheira-de-36-anos-morre-apos-ser-esfaqueada-na-regiao-de-ribeirao-preto\/","title":{"rendered":"Engenheira de 36 anos morre ap\u00f3s ser esfaqueada na regi\u00e3o de Ribeir\u00e3o Preto"},"content":{"rendered":"<p> <br \/>\n<\/p>\n<div data-td-block-uid=\"tdi_95\">\n<div class=\"tdb-block-inner td-fix-index\">\n<p><strong>Uma engenheira de produ\u00e7\u00e3o, de 36 anos, morreu na madrugada desta sexta-feira (9), depois de ser esfaqueada em Monte Alto, cidade a aproximadamente 80 quil\u00f4metros de Ribeir\u00e3o Preto. <\/strong>O <strong>namorado <\/strong>da <strong>v\u00edtima<\/strong>, de <strong>25 anos<\/strong>, foi <strong>preso suspeito <\/strong>do <strong>crime<\/strong>.<\/p>\n<p>Segundo o <strong>boletim de ocorr\u00eancia (BO)<\/strong>, <mark style=\"background-color:#abb8c3\" class=\"has-inline-color has-black-color\">Daniela Siqueira Justo chegou a ser socorrida ao pronto-socorro da cidade, mas n\u00e3o resistiu. Ela apresentava ferimentos no rosto, t\u00f3rax e bra\u00e7os.<\/mark><\/p>\n<p>O pai da v\u00edtima disse \u00e0 PM (Pol\u00edcia Militar) que houve uma discuss\u00e3o entre o casal na resid\u00eancia localizada na rua Jo\u00e3o Pires, quando a filha acabou esfaqueada.<\/p>\n<p>Ainda de acordo com o que pai relatou \u00e0 pol\u00edcia, o casal se relacionava h\u00e1 aproximadamente um ano e o namorado ia at\u00e9 a casa da v\u00edtima esporadicamente.<\/p>\n<p>O suspeito foi detido ap\u00f3s fuga e atravessar uma \u00e1rea de mata, segundo a pol\u00edcia.<\/p>\n<p>O caso foi registrado no Plant\u00e3o da Pol\u00edcia Civil de Jaboticabal como feminic\u00eddio.<\/p>\n<p>SAIBA MAIS<\/p>\n<p>Frente fria avan\u00e7a no fim de semana; Veja previs\u00e3o do tempo no interior de SP<\/p>\n<h2 class=\"wp-block-heading\"><strong>FIQUE ON<\/strong><\/h2>\n<p>Fique ligado em tudo que acontece em Ribeir\u00e3o Preto e regi\u00e3o. Siga os perfis do\u00a0<strong>acidade on<\/strong>\u00a0no\u00a0<a href=\"https:\/\/www.instagram.com\/acidadeonribeirao\">Instagram<\/a>\u00a0e no\u00a0<a href=\"https:\/\/www.facebook.com\/acidadeonribeirao\/\">Facebook<\/a>.<\/p>\n<p>Receba not\u00edcias do\u00a0<strong>acidade on<\/strong>\u00a0no WhatsApp.\u00a0<a href=\"https:\/\/chat.whatsapp.com\/BjKQZ9oJwlz8VVT50NuePq\">Para entrar no grupo, basta clicar aqui.<\/a><\/p>\n<p>Fa\u00e7a uma den\u00fancia ou sugira uma reportagem sobre Ribeir\u00e3o Preto e regi\u00e3o pelo WhatsApp: 16 99117 7802.<\/p>\n<p>VEJA TAMB\u00c9M<\/p>\n<p>Teve tornado no litoral de SP? Veja v\u00eddeo<\/p>\n<p><!-- CONTENT END 1 -->\n<\/div>\n<\/div>\n<p><script async src=\"\/\/www.instagram.com\/embed.js\"><\/script><br \/>\n<br \/><br \/>\n<br \/><a href=\"https:\/\/www.acidadeon.com\/ribeiraopreto\/cotidiano\/engenheira-de-36-anos-morre-apos-ser-esfaqueada-na-regiao-de-ribeirao-preto\/\">Source link <\/a><\/p>\n","protected":false},"excerpt":{"rendered":"<p>Uma engenheira de produ\u00e7\u00e3o, de 36 anos, morreu na madrugada desta sexta-feira (9), depois de ser esfaqueada em Monte Alto, cidade a aproximadamente 80 quil\u00f4metros&#8230;<\/p>\n","protected":false},"author":1,"featured_media":69808,"comment_status":"open","ping_status":"open","sticky":false,"template":"","format":"standard","meta":{"advanced_seo_description":"","jetpack_seo_html_title":"","jetpack_seo_noindex":false,"jetpack_post_was_ever_published":false,"_jetpack_newsletter_access":"","_jetpack_dont_email_post_to_subs":false,"_jetpack_newsletter_tier_id":0,"_jetpack_memberships_contains_paywalled_content":false,"_jetpack_memberships_contains_paid_content":false,"footnotes":"","jetpack_publicize_message":"","jetpack_publicize_feature_enabled":true,"jetpack_social_post_already_shared":true,"jetpack_social_options":{"image_generator_settings":{"template":"highway","default_image_id":0,"font":"","enabled":false},"version":2}},"categories":[11],"tags":[],"class_list":["post-69807","post","type-post","status-publish","format-standard","has-post-thumbnail","hentry","category-noticias-de-ribeirao-preto-sp-e-regiao-ismael-colosi"],"jetpack_publicize_connections":[],"jetpack_featured_media_url":"https:\/\/i0.wp.com\/noticiasribeiraopreto.com.br\/wp-content\/uploads\/2025\/05\/DANIELA_2025-05-09_13-09-56.webp.webp?fit=1200%2C806&ssl=1","jetpack-related-posts":[{"id":56127,"url":"https:\/\/noticiasribeiraopreto.com.br\/index.php\/2024\/08\/09\/mulher-e-esfaqueada-pela-ex-do-seu-namorado-em-serrana-x-tudo-ribeirao\/","url_meta":{"origin":69807,"position":0},"title":"MULHER \u00c9 ESFAQUEADA PELA EX DO SEU NAMORADO EM SERRANA \u2013 X Tudo Ribeir\u00e3o","author":"noticiasribeiraopreto.com.br","date":"9 de August de 2024","format":false,"excerpt":"Uma mulher ficou ferida ap\u00f3s ser esfaqueada pela ex-namorada do seu companheiro na noite desta segunda-feira (1\/7), na avenida Estrela do Oriente, no Jardim Bela Vista, em Serrana.\u00a0 Segundo apurado com a PM, a v\u00edtima de 22 anos, estava defronte a um im\u00f3vel momento que foi pega na covardia pela\u2026","rel":"","context":"In &quot;Not\u00edcias de Ribeir\u00e3o Preto-SP e Regi\u00e3o&quot;","block_context":{"text":"Not\u00edcias de Ribeir\u00e3o Preto-SP e Regi\u00e3o","link":"https:\/\/noticiasribeiraopreto.com.br\/index.php\/category\/noticias-de-ribeirao-preto-sp-e-regiao-ismael-colosi\/"},"img":{"alt_text":"","src":"https:\/\/i0.wp.com\/noticiasribeiraopreto.com.br\/wp-content\/uploads\/2024\/08\/b104c16a-d2df-4c00-9988-9a90d5744444.jpeg?fit=1200%2C815&ssl=1&resize=350%2C200","width":350,"height":200,"srcset":"https:\/\/i0.wp.com\/noticiasribeiraopreto.com.br\/wp-content\/uploads\/2024\/08\/b104c16a-d2df-4c00-9988-9a90d5744444.jpeg?fit=1200%2C815&ssl=1&resize=350%2C200 1x, https:\/\/i0.wp.com\/noticiasribeiraopreto.com.br\/wp-content\/uploads\/2024\/08\/b104c16a-d2df-4c00-9988-9a90d5744444.jpeg?fit=1200%2C815&ssl=1&resize=525%2C300 1.5x, https:\/\/i0.wp.com\/noticiasribeiraopreto.com.br\/wp-content\/uploads\/2024\/08\/b104c16a-d2df-4c00-9988-9a90d5744444.jpeg?fit=1200%2C815&ssl=1&resize=700%2C400 2x, https:\/\/i0.wp.com\/noticiasribeiraopreto.com.br\/wp-content\/uploads\/2024\/08\/b104c16a-d2df-4c00-9988-9a90d5744444.jpeg?fit=1200%2C815&ssl=1&resize=1050%2C600 3x"},"classes":[]},{"id":76561,"url":"https:\/\/noticiasribeiraopreto.com.br\/index.php\/2025\/08\/31\/mulher-morre-apos-ser-esfaqueada-na-regiao-de-ribeirao-policia-suspeita-de-feminicidio\/","url_meta":{"origin":69807,"position":1},"title":"Mulher morre ap\u00f3s ser esfaqueada na regi\u00e3o de Ribeir\u00e3o; pol\u00edcia suspeita de feminic\u00eddio","author":"noticiasribeiraopreto.com.br","date":"31 de August de 2025","format":false,"excerpt":"Uma mulher de 42 anos foi morta a facadas em Morro Agudo, cidade a 70 quil\u00f4metros de Ribeir\u00e3o Preto. O crime aconteceu na noite de s\u00e1bado (30), no bairro Alfredo Benedetti, e foi registrado como feminic\u00eddio. De acordo com o BO (boletim de ocorr\u00eancia), a filha de Suelen Cristina Hon\u00f3rio\u2026","rel":"","context":"In &quot;Not\u00edcias de Ribeir\u00e3o Preto-SP e Regi\u00e3o&quot;","block_context":{"text":"Not\u00edcias de Ribeir\u00e3o Preto-SP e Regi\u00e3o","link":"https:\/\/noticiasribeiraopreto.com.br\/index.php\/category\/noticias-de-ribeirao-preto-sp-e-regiao-ismael-colosi\/"},"img":{"alt_text":"","src":"https:\/\/i0.wp.com\/noticiasribeiraopreto.com.br\/wp-content\/uploads\/2025\/08\/suelen_2025-08-31_20-22-37.webp.webp?fit=1081%2C843&ssl=1&resize=350%2C200","width":350,"height":200,"srcset":"https:\/\/i0.wp.com\/noticiasribeiraopreto.com.br\/wp-content\/uploads\/2025\/08\/suelen_2025-08-31_20-22-37.webp.webp?fit=1081%2C843&ssl=1&resize=350%2C200 1x, https:\/\/i0.wp.com\/noticiasribeiraopreto.com.br\/wp-content\/uploads\/2025\/08\/suelen_2025-08-31_20-22-37.webp.webp?fit=1081%2C843&ssl=1&resize=525%2C300 1.5x, https:\/\/i0.wp.com\/noticiasribeiraopreto.com.br\/wp-content\/uploads\/2025\/08\/suelen_2025-08-31_20-22-37.webp.webp?fit=1081%2C843&ssl=1&resize=700%2C400 2x, https:\/\/i0.wp.com\/noticiasribeiraopreto.com.br\/wp-content\/uploads\/2025\/08\/suelen_2025-08-31_20-22-37.webp.webp?fit=1081%2C843&ssl=1&resize=1050%2C600 3x"},"classes":[]},{"id":60291,"url":"https:\/\/noticiasribeiraopreto.com.br\/index.php\/2024\/11\/10\/mulher-morre-apos-ser-esfaqueada-na-regiao-de-ribeirao-preto\/","url_meta":{"origin":69807,"position":2},"title":"Mulher morre ap\u00f3s ser esfaqueada na regi\u00e3o de Ribeir\u00e3o Preto","author":"noticiasribeiraopreto.com.br","date":"10 de November de 2024","format":false,"excerpt":"Uma mulher de 39 anos morreu ap\u00f3s ser esfaqueada em Guariba, cidade na regi\u00e3o de Ribeir\u00e3o Preto, na manh\u00e3 deste domingo (10). O principal suspeito \u00e9 o ex-companheiro dela. De acordo com as informa\u00e7\u00f5es, o crime teria acontecido na Vila Cecap. A per\u00edcia foi acionada e constatou 23 perfura\u00e7\u00f5es no\u2026","rel":"","context":"In &quot;Not\u00edcias de Ribeir\u00e3o Preto-SP e Regi\u00e3o&quot;","block_context":{"text":"Not\u00edcias de Ribeir\u00e3o Preto-SP e Regi\u00e3o","link":"https:\/\/noticiasribeiraopreto.com.br\/index.php\/category\/noticias-de-ribeirao-preto-sp-e-regiao-ismael-colosi\/"},"img":{"alt_text":"","src":"https:\/\/i0.wp.com\/noticiasribeiraopreto.com.br\/wp-content\/uploads\/2024\/11\/giroflex_policia_1024x576_23032020103807.jpg?fit=1024%2C576&ssl=1&resize=350%2C200","width":350,"height":200,"srcset":"https:\/\/i0.wp.com\/noticiasribeiraopreto.com.br\/wp-content\/uploads\/2024\/11\/giroflex_policia_1024x576_23032020103807.jpg?fit=1024%2C576&ssl=1&resize=350%2C200 1x, https:\/\/i0.wp.com\/noticiasribeiraopreto.com.br\/wp-content\/uploads\/2024\/11\/giroflex_policia_1024x576_23032020103807.jpg?fit=1024%2C576&ssl=1&resize=525%2C300 1.5x, https:\/\/i0.wp.com\/noticiasribeiraopreto.com.br\/wp-content\/uploads\/2024\/11\/giroflex_policia_1024x576_23032020103807.jpg?fit=1024%2C576&ssl=1&resize=700%2C400 2x"},"classes":[]},{"id":60300,"url":"https:\/\/noticiasribeiraopreto.com.br\/index.php\/2024\/11\/10\/mulher-morta-apos-ser-esfaqueada-na-regiao-de-ribeirao-e-identificada-ex-companheiro-e-suspeito\/","url_meta":{"origin":69807,"position":3},"title":"Mulher morta ap\u00f3s ser esfaqueada na regi\u00e3o de Ribeir\u00e3o \u00e9 identificada; ex-companheiro \u00e9 suspeito","author":"noticiasribeiraopreto.com.br","date":"10 de November de 2024","format":false,"excerpt":"A mulher de 39 anos que morreu ap\u00f3s ser esfaqueada, foi identificada como \u00c9lida Renata Benedito de Oliveira Abreu. O caso aconteceu na manh\u00e3 deste domingo (10), em Guariba, cidade na regi\u00e3o de Ribeir\u00e3o Preto, e o principal suspeito de cometer o crime \u00e9 o ex-companheiro dela. De acordo com\u2026","rel":"","context":"In &quot;Not\u00edcias de Ribeir\u00e3o Preto-SP e Regi\u00e3o&quot;","block_context":{"text":"Not\u00edcias de Ribeir\u00e3o Preto-SP e Regi\u00e3o","link":"https:\/\/noticiasribeiraopreto.com.br\/index.php\/category\/noticias-de-ribeirao-preto-sp-e-regiao-ismael-colosi\/"},"img":{"alt_text":"","src":"https:\/\/i0.wp.com\/noticiasribeiraopreto.com.br\/wp-content\/uploads\/2024\/11\/Copia-de-Copia-de-Copia-de-TAMANHO-EXATO-PARA-FOTOS-NO-SISTEMA-NOVO-2024-11-10T173137.177_2024-11-10_20-31-48_png_2024-11-10_20-31-48.webp.webp?fit=1200%2C675&ssl=1&resize=350%2C200","width":350,"height":200,"srcset":"https:\/\/i0.wp.com\/noticiasribeiraopreto.com.br\/wp-content\/uploads\/2024\/11\/Copia-de-Copia-de-Copia-de-TAMANHO-EXATO-PARA-FOTOS-NO-SISTEMA-NOVO-2024-11-10T173137.177_2024-11-10_20-31-48_png_2024-11-10_20-31-48.webp.webp?fit=1200%2C675&ssl=1&resize=350%2C200 1x, https:\/\/i0.wp.com\/noticiasribeiraopreto.com.br\/wp-content\/uploads\/2024\/11\/Copia-de-Copia-de-Copia-de-TAMANHO-EXATO-PARA-FOTOS-NO-SISTEMA-NOVO-2024-11-10T173137.177_2024-11-10_20-31-48_png_2024-11-10_20-31-48.webp.webp?fit=1200%2C675&ssl=1&resize=525%2C300 1.5x, https:\/\/i0.wp.com\/noticiasribeiraopreto.com.br\/wp-content\/uploads\/2024\/11\/Copia-de-Copia-de-Copia-de-TAMANHO-EXATO-PARA-FOTOS-NO-SISTEMA-NOVO-2024-11-10T173137.177_2024-11-10_20-31-48_png_2024-11-10_20-31-48.webp.webp?fit=1200%2C675&ssl=1&resize=700%2C400 2x, https:\/\/i0.wp.com\/noticiasribeiraopreto.com.br\/wp-content\/uploads\/2024\/11\/Copia-de-Copia-de-Copia-de-TAMANHO-EXATO-PARA-FOTOS-NO-SISTEMA-NOVO-2024-11-10T173137.177_2024-11-10_20-31-48_png_2024-11-10_20-31-48.webp.webp?fit=1200%2C675&ssl=1&resize=1050%2C600 3x"},"classes":[]},{"id":61699,"url":"https:\/\/noticiasribeiraopreto.com.br\/index.php\/2024\/12\/19\/mulher-e-esfaqueada-em-tentativa-de-feminicidio-na-regiao-de-ribeirao-preto\/","url_meta":{"origin":69807,"position":4},"title":"Mulher \u00e9 esfaqueada em tentativa de feminic\u00eddio na regi\u00e3o de Ribeir\u00e3o Preto","author":"noticiasribeiraopreto.com.br","date":"19 de December de 2024","format":false,"excerpt":"Uma mulher, de 30 anos, sofreu uma tentativa de feminic\u00eddio na manh\u00e3 desta quinta-feira (19) em Sert\u00e3ozinho, na regi\u00e3o de Ribeir\u00e3o Preto. Segundo o BO (boletim de ocorr\u00eancia), o suspeito \u00e9 o ex-companheiro da v\u00edtima. A mulher foi socorrida pelo Samu (Servi\u00e7o de Atendimento M\u00f3vel de Urg\u00eancia) est\u00e1 internada na\u2026","rel":"","context":"In &quot;Not\u00edcias de Ribeir\u00e3o Preto-SP e Regi\u00e3o&quot;","block_context":{"text":"Not\u00edcias de Ribeir\u00e3o Preto-SP e Regi\u00e3o","link":"https:\/\/noticiasribeiraopreto.com.br\/index.php\/category\/noticias-de-ribeirao-preto-sp-e-regiao-ismael-colosi\/"},"img":{"alt_text":"","src":"https:\/\/i0.wp.com\/noticiasribeiraopreto.com.br\/wp-content\/uploads\/2024\/09\/policia_qru_1200x675_24052022175115_2024-09-13_14-18-22_jpg_2024-09-13_14-18-22.webp.webp?fit=1200%2C675&ssl=1&resize=350%2C200","width":350,"height":200,"srcset":"https:\/\/i0.wp.com\/noticiasribeiraopreto.com.br\/wp-content\/uploads\/2024\/09\/policia_qru_1200x675_24052022175115_2024-09-13_14-18-22_jpg_2024-09-13_14-18-22.webp.webp?fit=1200%2C675&ssl=1&resize=350%2C200 1x, https:\/\/i0.wp.com\/noticiasribeiraopreto.com.br\/wp-content\/uploads\/2024\/09\/policia_qru_1200x675_24052022175115_2024-09-13_14-18-22_jpg_2024-09-13_14-18-22.webp.webp?fit=1200%2C675&ssl=1&resize=525%2C300 1.5x, https:\/\/i0.wp.com\/noticiasribeiraopreto.com.br\/wp-content\/uploads\/2024\/09\/policia_qru_1200x675_24052022175115_2024-09-13_14-18-22_jpg_2024-09-13_14-18-22.webp.webp?fit=1200%2C675&ssl=1&resize=700%2C400 2x, https:\/\/i0.wp.com\/noticiasribeiraopreto.com.br\/wp-content\/uploads\/2024\/09\/policia_qru_1200x675_24052022175115_2024-09-13_14-18-22_jpg_2024-09-13_14-18-22.webp.webp?fit=1200%2C675&ssl=1&resize=1050%2C600 3x"},"classes":[]},{"id":48029,"url":"https:\/\/noticiasribeiraopreto.com.br\/index.php\/2024\/04\/30\/mulher-de-32-anos-e-esfaqueada-em-posto-de-combustiveis-de-ribeirao\/","url_meta":{"origin":69807,"position":5},"title":"Mulher de 32 anos \u00e9 esfaqueada em posto de combust\u00edveis de Ribeir\u00e3o","author":"noticiasribeiraopreto.com.br","date":"30 de April de 2024","format":false,"excerpt":"Uma mulher de 32 anos foi esfaqueada em um posto de combust\u00edveis na madrugada desta ter\u00e7a-feira (30), no bairro Campos El\u00edseos, zona Norte de Ribeir\u00e3o Preto. Segundo o boletim de ocorr\u00eancia (BO), a v\u00edtima foi socorrida no estabelecimento, na avenida F\u00e1bio Barreto com a rotat\u00f3ria Amin Calil, e encaminhada ao\u2026","rel":"","context":"In &quot;Not\u00edcias de Ribeir\u00e3o Preto-SP e Regi\u00e3o&quot;","block_context":{"text":"Not\u00edcias de Ribeir\u00e3o Preto-SP e Regi\u00e3o","link":"https:\/\/noticiasribeiraopreto.com.br\/index.php\/category\/noticias-de-ribeirao-preto-sp-e-regiao-ismael-colosi\/"},"img":{"alt_text":"","src":"https:\/\/i0.wp.com\/noticiasribeiraopreto.com.br\/wp-content\/uploads\/2024\/04\/vitima_hcue_1024x576_27022020104845.jpg?fit=1024%2C576&ssl=1&resize=350%2C200","width":350,"height":200,"srcset":"https:\/\/i0.wp.com\/noticiasribeiraopreto.com.br\/wp-content\/uploads\/2024\/04\/vitima_hcue_1024x576_27022020104845.jpg?fit=1024%2C576&ssl=1&resize=350%2C200 1x, https:\/\/i0.wp.com\/noticiasribeiraopreto.com.br\/wp-content\/uploads\/2024\/04\/vitima_hcue_1024x576_27022020104845.jpg?fit=1024%2C576&ssl=1&resize=525%2C300 1.5x, https:\/\/i0.wp.com\/noticiasribeiraopreto.com.br\/wp-content\/uploads\/2024\/04\/vitima_hcue_1024x576_27022020104845.jpg?fit=1024%2C576&ssl=1&resize=700%2C400 2x"},"classes":[]}],"jetpack_sharing_enabled":true,"jetpack_shortlink":"https:\/\/wp.me\/peQAOb-i9V","_links":{"self":[{"href":"https:\/\/noticiasribeiraopreto.com.br\/index.php\/wp-json\/wp\/v2\/posts\/69807","targetHints":{"allow":["GET"]}}],"collection":[{"href":"https:\/\/noticiasribeiraopreto.com.br\/index.php\/wp-json\/wp\/v2\/posts"}],"about":[{"href":"https:\/\/noticiasribeiraopreto.com.br\/index.php\/wp-json\/wp\/v2\/types\/post"}],"author":[{"embeddable":true,"href":"https:\/\/noticiasribeiraopreto.com.br\/index.php\/wp-json\/wp\/v2\/users\/1"}],"replies":[{"embeddable":true,"href":"https:\/\/noticiasribeiraopreto.com.br\/index.php\/wp-json\/wp\/v2\/comments?post=69807"}],"version-history":[{"count":0,"href":"https:\/\/noticiasribeiraopreto.com.br\/index.php\/wp-json\/wp\/v2\/posts\/69807\/revisions"}],"wp:featuredmedia":[{"embeddable":true,"href":"https:\/\/noticiasribeiraopreto.com.br\/index.php\/wp-json\/wp\/v2\/media\/69808"}],"wp:attachment":[{"href":"https:\/\/noticiasribeiraopreto.com.br\/index.php\/wp-json\/wp\/v2\/media?parent=69807"}],"wp:term":[{"taxonomy":"category","embeddable":true,"href":"https:\/\/noticiasribeiraopreto.com.br\/index.php\/wp-json\/wp\/v2\/categories?post=69807"},{"taxonomy":"post_tag","embeddable":true,"href":"https:\/\/noticiasribeiraopreto.com.br\/index.php\/wp-json\/wp\/v2\/tags?post=69807"}],"curies":[{"name":"wp","href":"https:\/\/api.w.org\/{rel}","templated":true}]}}