{"id":69809,"date":"2025-05-09T12:04:33","date_gmt":"2025-05-09T15:04:33","guid":{"rendered":"https:\/\/noticiasribeiraopreto.com.br\/index.php\/2025\/05\/09\/frente-fria-avanca-no-fim-de-semana-veja-previsao-do-tempo-no-interior-de-sp\/"},"modified":"2025-05-09T12:04:33","modified_gmt":"2025-05-09T15:04:33","slug":"frente-fria-avanca-no-fim-de-semana-veja-previsao-do-tempo-no-interior-de-sp","status":"publish","type":"post","link":"https:\/\/noticiasribeiraopreto.com.br\/index.php\/2025\/05\/09\/frente-fria-avanca-no-fim-de-semana-veja-previsao-do-tempo-no-interior-de-sp\/","title":{"rendered":"Frente fria avan\u00e7a no fim de semana; Veja previs\u00e3o do tempo no interior de SP"},"content":{"rendered":"<p> <br \/>\n<\/p>\n<div data-td-block-uid=\"tdi_95\">\n<div class=\"tdb-block-inner td-fix-index\">\n<p><strong>Uma frente fria deve avan\u00e7ar neste fim de semana e pode trazer chuva e queda de temperatura para algumas regi\u00f5es do estado de S\u00e3o Paulo.<\/strong><\/p>\n<p>Nesta <strong>sexta-feira (9) <\/strong>e no <strong>s\u00e1bado (10)<\/strong> est\u00e3o previstas <strong>rajadas <\/strong>de <strong>vento <\/strong>entre <strong>30 km\/h<\/strong> e <strong>40 km\/h<\/strong>, respectivamente, nas <strong>regi\u00f5es de Ribeir\u00e3o Preto e S\u00e3o Carlos<\/strong>, por causa da <strong>influ\u00eancia <\/strong>da <strong>frente fria <\/strong>que se forma no Sul do Brasil e <strong>movimenta <\/strong>a <strong>atmosfera<\/strong>. Na <strong>regi\u00e3o de Campinas<\/strong>, contudo, as <strong>rajadas <\/strong>podem ser de <strong>30 km\/h<\/strong> nesta sexta e chegar at\u00e9 <strong>60 km\/h<\/strong> no <strong>domingo (11)<\/strong>. <\/p>\n<p>O segue tempo est\u00e1vel nesta sexta e s\u00e1bado nas regi\u00f5es de Ribeir\u00e3o e S\u00e3o Carlos. No s\u00e1bado, h\u00e1 possibilidade de chuvas isoladas na regi\u00e3o de Campinas. <\/p>\n<p>Na tarde de s\u00e1bado, o calor aumenta devido ao efeito pr\u00e9-frontal \u2013 quando o ar frio pressiona o ar quente e faz com que as temperaturas se elevem. <\/p>\n<p>A temperatura pode atingir os 32\u00b0C na regi\u00e3o de Ribeir\u00e3o.<\/p>\n<h2 class=\"wp-block-heading\"><strong>Vai chover?<\/strong><\/h2>\n<p>A tend\u00eancia \u00e9 que os efeitos da frente fria sejam menores nas regi\u00f5es de Ribeir\u00e3o Preto e S\u00e3o Carlos, onde podem ocorrer pancadas de chuva isoladas e irregulares no domingo (11).<\/p>\n<p>A queda na temperatura tamb\u00e9m deve ser mais branda, entre 4\u00b0C a 5\u00b0C, em compara\u00e7\u00e3o com a regi\u00e3o de Campinas, onde pode ser entre 6\u00b0C e 7\u00b0C.<\/p>\n<p>SAIBA MAIS<\/p>\n<p>Pol\u00edcia aborda caminh\u00e3o na Anhanguera que \u2018furou\u2019 ped\u00e1gio mais de 600 vezes\u00a0<\/p>\n<h2 class=\"wp-block-heading\"><strong>FIQUE ON<\/strong><\/h2>\n<p>Fique ligado em tudo que acontece em Ribeir\u00e3o Preto e regi\u00e3o. Siga os perfis do\u00a0<strong>acidade on<\/strong>\u00a0no\u00a0<a href=\"https:\/\/www.instagram.com\/acidadeonribeirao\">Instagram<\/a>\u00a0e no\u00a0<a href=\"https:\/\/www.facebook.com\/acidadeonribeirao\/\">Facebook<\/a>.<\/p>\n<p>Receba not\u00edcias do\u00a0<strong>acidade on<\/strong>\u00a0no WhatsApp.\u00a0<a href=\"https:\/\/chat.whatsapp.com\/BjKQZ9oJwlz8VVT50NuePq\">Para entrar no grupo, basta clicar aqui.<\/a><\/p>\n<p>Fa\u00e7a uma den\u00fancia ou sugira uma reportagem sobre Ribeir\u00e3o Preto e regi\u00e3o pelo WhatsApp: 16 99117 7802.<\/p>\n<p>VEJA TAMB\u00c9M<\/p>\n<p>Teve tornado no litoral de SP? Veja v\u00eddeo<\/p>\n<p><!-- CONTENT END 1 -->\n<\/div>\n<\/div>\n<p><script async src=\"\/\/www.instagram.com\/embed.js\"><\/script><br \/>\n<br \/><br \/>\n<br \/><a href=\"https:\/\/www.acidadeon.com\/ribeiraopreto\/cotidiano\/frente-fria-avanca-no-fim-de-semana-veja-previsao-do-tempo-no-interior-de-sp\/\">Source link <\/a><\/p>\n","protected":false},"excerpt":{"rendered":"<p>Uma frente fria deve avan\u00e7ar neste fim de semana e pode trazer chuva e queda de temperatura para algumas regi\u00f5es do estado de S\u00e3o Paulo&#8230;.<\/p>\n","protected":false},"author":1,"featured_media":69810,"comment_status":"open","ping_status":"open","sticky":false,"template":"","format":"standard","meta":{"advanced_seo_description":"","jetpack_seo_html_title":"","jetpack_seo_noindex":false,"jetpack_post_was_ever_published":false,"_jetpack_newsletter_access":"","_jetpack_dont_email_post_to_subs":false,"_jetpack_newsletter_tier_id":0,"_jetpack_memberships_contains_paywalled_content":false,"_jetpack_memberships_contains_paid_content":false,"footnotes":"","jetpack_publicize_message":"","jetpack_publicize_feature_enabled":true,"jetpack_social_post_already_shared":true,"jetpack_social_options":{"image_generator_settings":{"template":"highway","default_image_id":0,"font":"","enabled":false},"version":2}},"categories":[11],"tags":[],"class_list":["post-69809","post","type-post","status-publish","format-standard","has-post-thumbnail","hentry","category-noticias-de-ribeirao-preto-sp-e-regiao-ismael-colosi"],"jetpack_publicize_connections":[],"jetpack_featured_media_url":"https:\/\/i0.wp.com\/noticiasribeiraopreto.com.br\/wp-content\/uploads\/2025\/05\/WhatsApp-Image-2025-05-09-at-08.55.28-1_2025-05-09_11-57-21.webp.webp?fit=1200%2C540&ssl=1","jetpack-related-posts":[{"id":64965,"url":"https:\/\/noticiasribeiraopreto.com.br\/index.php\/2025\/03\/14\/nova-frente-fria-avanca-no-fim-de-semana-veja-como-fica-o-tempo-no-interior-de-sp\/","url_meta":{"origin":69809,"position":0},"title":"Nova frente fria avan\u00e7a no fim de semana; Veja como fica o tempo no interior de SP","author":"noticiasribeiraopreto.com.br","date":"14 de March de 2025","format":false,"excerpt":"Uma nova frente fria se desloca sobre o oceano nesta sexta-feira (14) e favorece as chuvas sobre o interior de S\u00e3o Paulo. Segundo a Climatempo, esse sistema ajuda a organizar a umidade na atmosfera e realiza a manuten\u00e7\u00e3o das instabilidades e da chuva sobre as regi\u00f5es de Ribeir\u00e3o Preto, S\u00e3o\u2026","rel":"","context":"In &quot;Not\u00edcias de Ribeir\u00e3o Preto-SP e Regi\u00e3o&quot;","block_context":{"text":"Not\u00edcias de Ribeir\u00e3o Preto-SP e Regi\u00e3o","link":"https:\/\/noticiasribeiraopreto.com.br\/index.php\/category\/noticias-de-ribeirao-preto-sp-e-regiao-ismael-colosi\/"},"img":{"alt_text":"","src":"https:\/\/i0.wp.com\/noticiasribeiraopreto.com.br\/wp-content\/uploads\/2024\/10\/RIBEIRAO-PRETO_2024-07-29_16-25-16_jpg_2024-07-29_16-25-17.webp.webp?fit=1200%2C679&ssl=1&resize=350%2C200","width":350,"height":200,"srcset":"https:\/\/i0.wp.com\/noticiasribeiraopreto.com.br\/wp-content\/uploads\/2024\/10\/RIBEIRAO-PRETO_2024-07-29_16-25-16_jpg_2024-07-29_16-25-17.webp.webp?fit=1200%2C679&ssl=1&resize=350%2C200 1x, https:\/\/i0.wp.com\/noticiasribeiraopreto.com.br\/wp-content\/uploads\/2024\/10\/RIBEIRAO-PRETO_2024-07-29_16-25-16_jpg_2024-07-29_16-25-17.webp.webp?fit=1200%2C679&ssl=1&resize=525%2C300 1.5x, https:\/\/i0.wp.com\/noticiasribeiraopreto.com.br\/wp-content\/uploads\/2024\/10\/RIBEIRAO-PRETO_2024-07-29_16-25-16_jpg_2024-07-29_16-25-17.webp.webp?fit=1200%2C679&ssl=1&resize=700%2C400 2x, https:\/\/i0.wp.com\/noticiasribeiraopreto.com.br\/wp-content\/uploads\/2024\/10\/RIBEIRAO-PRETO_2024-07-29_16-25-16_jpg_2024-07-29_16-25-17.webp.webp?fit=1200%2C679&ssl=1&resize=1050%2C600 3x"},"classes":[]},{"id":64353,"url":"https:\/\/noticiasribeiraopreto.com.br\/index.php\/2025\/03\/07\/antes-de-frente-fria-interior-de-sp-tem-fim-de-semana-de-calor-e-chuva-isolada-veja-previsao\/","url_meta":{"origin":69809,"position":1},"title":"Antes de frente fria, interior de SP tem fim de semana de calor e chuva isolada; Veja previs\u00e3o","author":"noticiasribeiraopreto.com.br","date":"7 de March de 2025","format":false,"excerpt":"O fim de semana deve ser com sol e temperaturas elevadas, com possibilidade de pancadas isoladas de chuva nas regi\u00f5es de Ribeir\u00e3o Preto, S\u00e3o Carlos e Campinas. A onda de calor termina no pr\u00f3ximo domingo (9) e uma frente deve avan\u00e7ar pela costa do Sudeste. Segundo a Climatempo, a regi\u00e3o\u2026","rel":"","context":"In &quot;Not\u00edcias de Ribeir\u00e3o Preto-SP e Regi\u00e3o&quot;","block_context":{"text":"Not\u00edcias de Ribeir\u00e3o Preto-SP e Regi\u00e3o","link":"https:\/\/noticiasribeiraopreto.com.br\/index.php\/category\/noticias-de-ribeirao-preto-sp-e-regiao-ismael-colosi\/"},"img":{"alt_text":"","src":"https:\/\/i0.wp.com\/noticiasribeiraopreto.com.br\/wp-content\/uploads\/2025\/03\/WhatsApp-Image-2025-03-06-at-23.39.26_2025-03-07_10-09-54_jpeg_2025-03-07_10-09-54.webp.webp?fit=1200%2C569&ssl=1&resize=350%2C200","width":350,"height":200,"srcset":"https:\/\/i0.wp.com\/noticiasribeiraopreto.com.br\/wp-content\/uploads\/2025\/03\/WhatsApp-Image-2025-03-06-at-23.39.26_2025-03-07_10-09-54_jpeg_2025-03-07_10-09-54.webp.webp?fit=1200%2C569&ssl=1&resize=350%2C200 1x, https:\/\/i0.wp.com\/noticiasribeiraopreto.com.br\/wp-content\/uploads\/2025\/03\/WhatsApp-Image-2025-03-06-at-23.39.26_2025-03-07_10-09-54_jpeg_2025-03-07_10-09-54.webp.webp?fit=1200%2C569&ssl=1&resize=525%2C300 1.5x, https:\/\/i0.wp.com\/noticiasribeiraopreto.com.br\/wp-content\/uploads\/2025\/03\/WhatsApp-Image-2025-03-06-at-23.39.26_2025-03-07_10-09-54_jpeg_2025-03-07_10-09-54.webp.webp?fit=1200%2C569&ssl=1&resize=700%2C400 2x, https:\/\/i0.wp.com\/noticiasribeiraopreto.com.br\/wp-content\/uploads\/2025\/03\/WhatsApp-Image-2025-03-06-at-23.39.26_2025-03-07_10-09-54_jpeg_2025-03-07_10-09-54.webp.webp?fit=1200%2C569&ssl=1&resize=1050%2C600 3x"},"classes":[]},{"id":58830,"url":"https:\/\/noticiasribeiraopreto.com.br\/index.php\/2024\/10\/07\/frente-fria-chega-nesta-semana-e-interior-de-sp-tem-previsao-de-chuva-forte\/","url_meta":{"origin":69809,"position":2},"title":"Frente fria chega nesta semana e interior de SP tem previs\u00e3o de chuva forte","author":"noticiasribeiraopreto.com.br","date":"7 de October de 2024","format":false,"excerpt":"A chegada de uma frente fria pode trazer chuva ao interior de S\u00e3o Paulo nesta semana. Segundo a Climatempo, a tend\u00eancia \u00e9 que a condi\u00e7\u00e3o de chuva aumente entre quarta-feira (9) e sexta-feira (11) na regi\u00e3o Sudeste. H\u00e1 risco de chuva forte nas regi\u00f5es de Ribeir\u00e3o Preto, S\u00e3o Carlos e\u2026","rel":"","context":"In &quot;Not\u00edcias de Ribeir\u00e3o Preto-SP e Regi\u00e3o&quot;","block_context":{"text":"Not\u00edcias de Ribeir\u00e3o Preto-SP e Regi\u00e3o","link":"https:\/\/noticiasribeiraopreto.com.br\/index.php\/category\/noticias-de-ribeirao-preto-sp-e-regiao-ismael-colosi\/"},"img":{"alt_text":"","src":"https:\/\/i0.wp.com\/noticiasribeiraopreto.com.br\/wp-content\/uploads\/2024\/10\/RIBEIRAO-PRETO_2024-07-29_16-25-16_jpg_2024-07-29_16-25-17.webp.webp?fit=1200%2C679&ssl=1&resize=350%2C200","width":350,"height":200,"srcset":"https:\/\/i0.wp.com\/noticiasribeiraopreto.com.br\/wp-content\/uploads\/2024\/10\/RIBEIRAO-PRETO_2024-07-29_16-25-16_jpg_2024-07-29_16-25-17.webp.webp?fit=1200%2C679&ssl=1&resize=350%2C200 1x, https:\/\/i0.wp.com\/noticiasribeiraopreto.com.br\/wp-content\/uploads\/2024\/10\/RIBEIRAO-PRETO_2024-07-29_16-25-16_jpg_2024-07-29_16-25-17.webp.webp?fit=1200%2C679&ssl=1&resize=525%2C300 1.5x, https:\/\/i0.wp.com\/noticiasribeiraopreto.com.br\/wp-content\/uploads\/2024\/10\/RIBEIRAO-PRETO_2024-07-29_16-25-16_jpg_2024-07-29_16-25-17.webp.webp?fit=1200%2C679&ssl=1&resize=700%2C400 2x, https:\/\/i0.wp.com\/noticiasribeiraopreto.com.br\/wp-content\/uploads\/2024\/10\/RIBEIRAO-PRETO_2024-07-29_16-25-16_jpg_2024-07-29_16-25-17.webp.webp?fit=1200%2C679&ssl=1&resize=1050%2C600 3x"},"classes":[]},{"id":58384,"url":"https:\/\/noticiasribeiraopreto.com.br\/index.php\/2024\/09\/26\/veja-quando-a-frente-fria-traz-chuva-ao-interior-de-sp-e-alivio-no-calor\/","url_meta":{"origin":69809,"position":3},"title":"Veja quando a frente fria traz chuva ao interior de SP e al\u00edvio no calor","author":"noticiasribeiraopreto.com.br","date":"26 de September de 2024","format":false,"excerpt":"O avan\u00e7o de instabilidades associadas ao deslocamento de um frente fria deve favorecer a ocorr\u00eancia de pancadas de chuva isoladas no interior de S\u00e3o Paulo. Segundo a Climatempo, esta nova frente fria deve avan\u00e7ar sobre as regi\u00f5es de Campinas, S\u00e3o Carlos e Ribeir\u00e3o Preto nesta sexta-feira (27). Por causa da\u2026","rel":"","context":"In &quot;Not\u00edcias de Ribeir\u00e3o Preto-SP e Regi\u00e3o&quot;","block_context":{"text":"Not\u00edcias de Ribeir\u00e3o Preto-SP e Regi\u00e3o","link":"https:\/\/noticiasribeiraopreto.com.br\/index.php\/category\/noticias-de-ribeirao-preto-sp-e-regiao-ismael-colosi\/"},"img":{"alt_text":"","src":"https:\/\/i0.wp.com\/noticiasribeiraopreto.com.br\/wp-content\/uploads\/2024\/09\/chuva.jpeg?fit=1200%2C903&ssl=1&resize=350%2C200","width":350,"height":200,"srcset":"https:\/\/i0.wp.com\/noticiasribeiraopreto.com.br\/wp-content\/uploads\/2024\/09\/chuva.jpeg?fit=1200%2C903&ssl=1&resize=350%2C200 1x, https:\/\/i0.wp.com\/noticiasribeiraopreto.com.br\/wp-content\/uploads\/2024\/09\/chuva.jpeg?fit=1200%2C903&ssl=1&resize=525%2C300 1.5x, https:\/\/i0.wp.com\/noticiasribeiraopreto.com.br\/wp-content\/uploads\/2024\/09\/chuva.jpeg?fit=1200%2C903&ssl=1&resize=700%2C400 2x, https:\/\/i0.wp.com\/noticiasribeiraopreto.com.br\/wp-content\/uploads\/2024\/09\/chuva.jpeg?fit=1200%2C903&ssl=1&resize=1050%2C600 3x"},"classes":[]},{"id":58386,"url":"https:\/\/noticiasribeiraopreto.com.br\/index.php\/2024\/09\/26\/veja-quando-a-frente-fria-traz-chuva-e-alivio-no-calor-para-o-interior-de-sp\/","url_meta":{"origin":69809,"position":4},"title":"Veja quando a frente fria traz chuva e al\u00edvio no calor para o interior de SP","author":"noticiasribeiraopreto.com.br","date":"26 de September de 2024","format":false,"excerpt":"O avan\u00e7o de instabilidades associadas ao deslocamento de um frente fria deve favorecer a ocorr\u00eancia de pancadas de chuva isoladas no interior de S\u00e3o Paulo. Segundo a Climatempo, esta nova frente fria deve avan\u00e7ar sobre as regi\u00f5es de Campinas, S\u00e3o Carlos e Ribeir\u00e3o Preto nesta sexta-feira (27). Por causa da\u2026","rel":"","context":"In &quot;Not\u00edcias de Ribeir\u00e3o Preto-SP e Regi\u00e3o&quot;","block_context":{"text":"Not\u00edcias de Ribeir\u00e3o Preto-SP e Regi\u00e3o","link":"https:\/\/noticiasribeiraopreto.com.br\/index.php\/category\/noticias-de-ribeirao-preto-sp-e-regiao-ismael-colosi\/"},"img":{"alt_text":"","src":"https:\/\/i0.wp.com\/noticiasribeiraopreto.com.br\/wp-content\/uploads\/2024\/09\/1727352417_chuva.jpeg?fit=1200%2C903&ssl=1&resize=350%2C200","width":350,"height":200,"srcset":"https:\/\/i0.wp.com\/noticiasribeiraopreto.com.br\/wp-content\/uploads\/2024\/09\/1727352417_chuva.jpeg?fit=1200%2C903&ssl=1&resize=350%2C200 1x, https:\/\/i0.wp.com\/noticiasribeiraopreto.com.br\/wp-content\/uploads\/2024\/09\/1727352417_chuva.jpeg?fit=1200%2C903&ssl=1&resize=525%2C300 1.5x, https:\/\/i0.wp.com\/noticiasribeiraopreto.com.br\/wp-content\/uploads\/2024\/09\/1727352417_chuva.jpeg?fit=1200%2C903&ssl=1&resize=700%2C400 2x, https:\/\/i0.wp.com\/noticiasribeiraopreto.com.br\/wp-content\/uploads\/2024\/09\/1727352417_chuva.jpeg?fit=1200%2C903&ssl=1&resize=1050%2C600 3x"},"classes":[]},{"id":49719,"url":"https:\/\/noticiasribeiraopreto.com.br\/index.php\/2024\/05\/13\/frente-fria-pode-trazer-chuva-ao-interior-de-sp-nesta-semana-confira-a-previsao\/","url_meta":{"origin":69809,"position":5},"title":"Frente fria pode trazer chuva ao interior de SP nesta semana; Confira a previs\u00e3o","author":"noticiasribeiraopreto.com.br","date":"13 de May de 2024","format":false,"excerpt":"O deslocamento de uma frente fria provoca o enfraquecimento do bloqueio atmosf\u00e9rico \u2013 que mant\u00e9m as temperaturas elevadas h\u00e1 tr\u00eas semanas \u2013 e pode trazer chuva ao interior de S\u00e3o Paulo nesta semana. Segundo a Climatempo, nesta segunda-feira (13), a condi\u00e7\u00e3o \u00e9 de calor pr\u00e9-frontal, mas ainda sem probabilidade de\u2026","rel":"","context":"In &quot;Not\u00edcias de Ribeir\u00e3o Preto-SP e Regi\u00e3o&quot;","block_context":{"text":"Not\u00edcias de Ribeir\u00e3o Preto-SP e Regi\u00e3o","link":"https:\/\/noticiasribeiraopreto.com.br\/index.php\/category\/noticias-de-ribeirao-preto-sp-e-regiao-ismael-colosi\/"},"img":{"alt_text":"","src":"https:\/\/i0.wp.com\/noticiasribeiraopreto.com.br\/wp-content\/uploads\/2024\/05\/RIBEIRAO-PRETO.jpg?fit=1200%2C708&ssl=1&resize=350%2C200","width":350,"height":200,"srcset":"https:\/\/i0.wp.com\/noticiasribeiraopreto.com.br\/wp-content\/uploads\/2024\/05\/RIBEIRAO-PRETO.jpg?fit=1200%2C708&ssl=1&resize=350%2C200 1x, https:\/\/i0.wp.com\/noticiasribeiraopreto.com.br\/wp-content\/uploads\/2024\/05\/RIBEIRAO-PRETO.jpg?fit=1200%2C708&ssl=1&resize=525%2C300 1.5x, https:\/\/i0.wp.com\/noticiasribeiraopreto.com.br\/wp-content\/uploads\/2024\/05\/RIBEIRAO-PRETO.jpg?fit=1200%2C708&ssl=1&resize=700%2C400 2x, https:\/\/i0.wp.com\/noticiasribeiraopreto.com.br\/wp-content\/uploads\/2024\/05\/RIBEIRAO-PRETO.jpg?fit=1200%2C708&ssl=1&resize=1050%2C600 3x"},"classes":[]}],"jetpack_sharing_enabled":true,"jetpack_shortlink":"https:\/\/wp.me\/peQAOb-i9X","_links":{"self":[{"href":"https:\/\/noticiasribeiraopreto.com.br\/index.php\/wp-json\/wp\/v2\/posts\/69809","targetHints":{"allow":["GET"]}}],"collection":[{"href":"https:\/\/noticiasribeiraopreto.com.br\/index.php\/wp-json\/wp\/v2\/posts"}],"about":[{"href":"https:\/\/noticiasribeiraopreto.com.br\/index.php\/wp-json\/wp\/v2\/types\/post"}],"author":[{"embeddable":true,"href":"https:\/\/noticiasribeiraopreto.com.br\/index.php\/wp-json\/wp\/v2\/users\/1"}],"replies":[{"embeddable":true,"href":"https:\/\/noticiasribeiraopreto.com.br\/index.php\/wp-json\/wp\/v2\/comments?post=69809"}],"version-history":[{"count":0,"href":"https:\/\/noticiasribeiraopreto.com.br\/index.php\/wp-json\/wp\/v2\/posts\/69809\/revisions"}],"wp:featuredmedia":[{"embeddable":true,"href":"https:\/\/noticiasribeiraopreto.com.br\/index.php\/wp-json\/wp\/v2\/media\/69810"}],"wp:attachment":[{"href":"https:\/\/noticiasribeiraopreto.com.br\/index.php\/wp-json\/wp\/v2\/media?parent=69809"}],"wp:term":[{"taxonomy":"category","embeddable":true,"href":"https:\/\/noticiasribeiraopreto.com.br\/index.php\/wp-json\/wp\/v2\/categories?post=69809"},{"taxonomy":"post_tag","embeddable":true,"href":"https:\/\/noticiasribeiraopreto.com.br\/index.php\/wp-json\/wp\/v2\/tags?post=69809"}],"curies":[{"name":"wp","href":"https:\/\/api.w.org\/{rel}","templated":true}]}}