{"id":69811,"date":"2025-05-09T12:50:25","date_gmt":"2025-05-09T15:50:25","guid":{"rendered":"https:\/\/noticiasribeiraopreto.com.br\/index.php\/2025\/05\/09\/policia-apura-se-houve-movimentacao-na-conta-de-professora-envenenada\/"},"modified":"2025-05-09T12:50:25","modified_gmt":"2025-05-09T15:50:25","slug":"policia-apura-se-houve-movimentacao-na-conta-de-professora-envenenada","status":"publish","type":"post","link":"https:\/\/noticiasribeiraopreto.com.br\/index.php\/2025\/05\/09\/policia-apura-se-houve-movimentacao-na-conta-de-professora-envenenada\/","title":{"rendered":"Pol\u00edcia apura se houve movimenta\u00e7\u00e3o na conta de professora envenenada"},"content":{"rendered":"<div class='code-block code-block-1' style='margin: 8px 0 8px auto; text-align: right; display: block; clear: both;'>\n<p><a href=\"https:\/\/wa.link\/vpicfd\"><img data-recalc-dims=\"1\" class=\"wp-image-4922\" style=\"aspect-ratio: 2.0253164556962027; width: 561px; height: auto;\" src=\"https:\/\/i0.wp.com\/ismaelcolosi.com.br\/wp-content\/uploads\/2023\/11\/grupo-de-empregos-whatsapp-e-facebook-ismael-colosi-vagas.jpg?ssl=1\" alt=\"\" \/><\/a><\/p>\n<!-- \/wp:image -->\n<\/div>\n<p> <br \/>\n<\/p>\n<div>\n<p>Por: Adalberto Luque<\/p>\n<p>A Pol\u00edcia Civil est\u00e1 investigando para ver se houve movimenta\u00e7\u00e3o na conta banc\u00e1ria da professora Larissa Talle Le\u00f4ncio Rodrigues, de 37 anos, morta em 22 de mar\u00e7o por envenenamento. A v\u00edtima havia recebido h\u00e1 pouco tempo um dinheiro relativo \u00e0 ap\u00f3lice de vida de sua m\u00e3e, que faleceu no final do ano passado.<\/p>\n<p>A an\u00e1lise das contas correntes tamb\u00e9m pode ajudar a provar se houve ou n\u00e3o envolvimento dos principais suspeitos nas investiga\u00e7\u00f5es: o marido da v\u00edtima, Luiz Ant\u00f4nio Garnica, de 38 anos, e sua m\u00e3e Elizabete Eug\u00eanio Arraba\u00e7a Garnica, de 67 anos.<\/p>\n<figure id=\"attachment_425281\" aria-describedby=\"caption-attachment-425281\" style=\"width: 853px\" class=\"wp-caption alignnone\"><img data-recalc-dims=\"1\" fetchpriority=\"high\" decoding=\"async\" class=\"size-full wp-image-425281\" src=\"https:\/\/i0.wp.com\/www.tribunaribeirao.com.br\/wp-content\/uploads\/2025\/05\/Luiz-Prisao-1.jpg?resize=853%2C500&#038;ssl=1\" alt=\"\" width=\"853\" height=\"500\" srcset=\"https:\/\/www.tribunaribeirao.com.br\/wp-content\/uploads\/2025\/05\/Luiz-Prisao-1.jpg 853w, https:\/\/www.tribunaribeirao.com.br\/wp-content\/uploads\/2025\/05\/Luiz-Prisao-1-300x176.jpg 300w, https:\/\/www.tribunaribeirao.com.br\/wp-content\/uploads\/2025\/05\/Luiz-Prisao-1-768x450.jpg 768w, https:\/\/www.tribunaribeirao.com.br\/wp-content\/uploads\/2025\/05\/Luiz-Prisao-1-682x400.jpg 682w, https:\/\/www.tribunaribeirao.com.br\/wp-content\/uploads\/2025\/05\/Luiz-Prisao-1-585x343.jpg 585w\" sizes=\"(max-width: 853px) 100vw, 853px\"\/><figcaption id=\"caption-attachment-425281\" class=\"wp-caption-text\">O m\u00e9dico foi preso preventivamente em seu consult\u00f3rio (Foto: Pol\u00edcia Civil\/Divulga\u00e7\u00e3o)<\/figcaption><\/figure>\n<p>Garnica, que \u00e9 m\u00e9dico, foi preso preventivamente, ao lado de sua m\u00e3e, na ter\u00e7a-feira (6). Elizabete e o filho devem ficar presos por 30 dias, para n\u00e3o atrapalhar o curso das investiga\u00e7\u00f5es. Garnica estava em seu consult\u00f3rio, no Jardim Calif\u00f3rnia, e sua m\u00e3e no apartamento onde mora, no Jardim Iraj\u00e1, ambos na zona Sul. Elizabete passou mal na delegacia e precisou ser hospitalizada por algumas horas, seguindo depois para uma unidade prisional.<\/p>\n<p>A Delegacia de Homic\u00eddios da Divis\u00e3o Especializada de Investiga\u00e7\u00f5es Criminais (DEIC) tamb\u00e9m apurou que o m\u00e9dico chegou ao pr\u00e9dio onde morava com Larissa \u00e0s 09h57 de 22 de mar\u00e7o. A imagem foi registrada por uma c\u00e2mera de seguran\u00e7a no elevador do condom\u00ednio e o hor\u00e1rio foi gravado.<\/p>\n<figure id=\"attachment_425282\" aria-describedby=\"caption-attachment-425282\" style=\"width: 1599px\" class=\"wp-caption alignnone\"><img data-recalc-dims=\"1\" loading=\"lazy\" decoding=\"async\" class=\"size-full wp-image-425282\" src=\"https:\/\/i0.wp.com\/www.tribunaribeirao.com.br\/wp-content\/uploads\/2025\/05\/06-mai-2025-envenenamentoprofessora5-1.jpg?resize=1599%2C1066&#038;ssl=1\" alt=\"\" width=\"1599\" height=\"1066\" srcset=\"https:\/\/www.tribunaribeirao.com.br\/wp-content\/uploads\/2025\/05\/06-mai-2025-envenenamentoprofessora5-1.jpg 1599w, https:\/\/www.tribunaribeirao.com.br\/wp-content\/uploads\/2025\/05\/06-mai-2025-envenenamentoprofessora5-1-300x200.jpg 300w, https:\/\/www.tribunaribeirao.com.br\/wp-content\/uploads\/2025\/05\/06-mai-2025-envenenamentoprofessora5-1-1024x683.jpg 1024w, https:\/\/www.tribunaribeirao.com.br\/wp-content\/uploads\/2025\/05\/06-mai-2025-envenenamentoprofessora5-1-768x512.jpg 768w, https:\/\/www.tribunaribeirao.com.br\/wp-content\/uploads\/2025\/05\/06-mai-2025-envenenamentoprofessora5-1-1536x1024.jpg 1536w, https:\/\/www.tribunaribeirao.com.br\/wp-content\/uploads\/2025\/05\/06-mai-2025-envenenamentoprofessora5-1-480x320.jpg 480w, https:\/\/www.tribunaribeirao.com.br\/wp-content\/uploads\/2025\/05\/06-mai-2025-envenenamentoprofessora5-1-280x186.jpg 280w, https:\/\/www.tribunaribeirao.com.br\/wp-content\/uploads\/2025\/05\/06-mai-2025-envenenamentoprofessora5-1-960x640.jpg 960w, https:\/\/www.tribunaribeirao.com.br\/wp-content\/uploads\/2025\/05\/06-mai-2025-envenenamentoprofessora5-1-600x400.jpg 600w, https:\/\/www.tribunaribeirao.com.br\/wp-content\/uploads\/2025\/05\/06-mai-2025-envenenamentoprofessora5-1-585x390.jpg 585w\" sizes=\"auto, (max-width: 1599px) 100vw, 1599px\"\/><figcaption id=\"caption-attachment-425282\" class=\"wp-caption-text\">A sogra de Larissa passou mal na delegacia e precisou ser levada a um hospital (Foto: Alfredo Risk)<\/figcaption><\/figure>\n<p>A equipe de socorristas do Servi\u00e7o de Atendimento M\u00f3vel de Urg\u00eancia (SAMU) chegou 37 minutos depois. Em depoimento, uma mulher que afirmou se relacionar com Garnica disse que os dois foram ao cinema \u2013 onde foram flagrados por amigos da professora \u2013 e depois seguiram para sua casa, onde passaram \u00e0 noite.<\/p>\n<p>De acordo com o depoimento da mulher, o m\u00e9dico saiu por volta de 09h00 e foi para seu pr\u00e9dio. Ligou para ela por volta de 10h30 informando que sua esposa estava morta.<\/p>\n<p><strong>Entenda o caso<\/strong><\/p>\n<p>Larissa foi encontrada morta, no aparamento onde morava com seu marido, na manh\u00e3 de 22 de mar\u00e7o. Garnica encontrou a mulher ca\u00edda no ch\u00e3o do banheiro. Colocou-a na cama do casal, acionou o SAMU e a Guarda Civil Metropolitana (GCM) e iniciou, sem sucesso, massagens card\u00edacas.<\/p>\n<p>Os socorristas, que chegaram cerca de 37 minutos depois da chegada do m\u00e9dico, apenas constataram o \u00f3bito. A necr\u00f3psia, realizada no corpo da professora, foi inconclusivo em rela\u00e7\u00e3o \u00e0 causa da morte. J\u00e1 o laudo toxicol\u00f3gico, conclu\u00eddo na segunda-feira (5), constatou a presen\u00e7a de chumbinho, confirmando o envenenamento.<\/p>\n<figure id=\"attachment_425280\" aria-describedby=\"caption-attachment-425280\" style=\"width: 1200px\" class=\"wp-caption alignnone\"><img data-recalc-dims=\"1\" loading=\"lazy\" decoding=\"async\" class=\"size-full wp-image-425280\" src=\"https:\/\/i0.wp.com\/www.tribunaribeirao.com.br\/wp-content\/uploads\/2025\/05\/Larissa-6.jpg?resize=1200%2C800&#038;ssl=1\" alt=\"\" width=\"1200\" height=\"800\" srcset=\"https:\/\/www.tribunaribeirao.com.br\/wp-content\/uploads\/2025\/05\/Larissa-6.jpg 1200w, https:\/\/www.tribunaribeirao.com.br\/wp-content\/uploads\/2025\/05\/Larissa-6-300x200.jpg 300w, https:\/\/www.tribunaribeirao.com.br\/wp-content\/uploads\/2025\/05\/Larissa-6-1024x683.jpg 1024w, https:\/\/www.tribunaribeirao.com.br\/wp-content\/uploads\/2025\/05\/Larissa-6-768x512.jpg 768w, https:\/\/www.tribunaribeirao.com.br\/wp-content\/uploads\/2025\/05\/Larissa-6-480x320.jpg 480w, https:\/\/www.tribunaribeirao.com.br\/wp-content\/uploads\/2025\/05\/Larissa-6-280x186.jpg 280w, https:\/\/www.tribunaribeirao.com.br\/wp-content\/uploads\/2025\/05\/Larissa-6-960x640.jpg 960w, https:\/\/www.tribunaribeirao.com.br\/wp-content\/uploads\/2025\/05\/Larissa-6-600x400.jpg 600w, https:\/\/www.tribunaribeirao.com.br\/wp-content\/uploads\/2025\/05\/Larissa-6-585x390.jpg 585w\" sizes=\"auto, (max-width: 1200px) 100vw, 1200px\"\/><figcaption id=\"caption-attachment-425280\" class=\"wp-caption-text\">Larissa e Garnica estavam juntos h\u00e1 18 anos e n\u00e3o tinham filhos (Foto: Redes Sociais)<\/figcaption><\/figure>\n<p>V\u00e1rias testemunhas j\u00e1 foram ouvidas. Uma prima e um amigo de Larissa falam que ela vinha enfrentando problemas como v\u00f4mitos e diarreias e que, coincidentemente, ocorriam ap\u00f3s visitas da sogra. Disseram que Elizabete fazia sopa para Larissa e o marido medicava.<\/p>\n<p>Ap\u00f3s depoimento de uma amiga da sogra da professora, o delegado Fernando Bravo, respons\u00e1vel pelo caso, decidiu pedir a pris\u00e3o preventiva de m\u00e3e e filho. A amiga disse que Elizabete a procurou pedindo informa\u00e7\u00f5es sobre como comprar chumbinho para outra pessoa. A mulher acrescentou no depoimento que disse n\u00e3o saber como comprar.<\/p>\n<p>Seu depoimento tamb\u00e9m suscitou d\u00favidas em rela\u00e7\u00e3o a Nat\u00e1lia Garnica, filha de Elizabete e irm\u00e3 de Garnica. Ela morreu em fevereiro. N\u00e3o tinha problemas de sa\u00fade e tamb\u00e9m recebeu massagem card\u00edaca.<\/p>\n<figure id=\"attachment_425005\" aria-describedby=\"caption-attachment-425005\" style=\"width: 729px\" class=\"wp-caption alignnone\"><img data-recalc-dims=\"1\" loading=\"lazy\" decoding=\"async\" class=\" wp-image-425005\" src=\"https:\/\/i0.wp.com\/www.tribunaribeirao.com.br\/wp-content\/uploads\/2025\/05\/nathalia_garnica_1.jpeg?resize=729%2C583&#038;ssl=1\" alt=\"\" width=\"729\" height=\"583\" srcset=\"https:\/\/www.tribunaribeirao.com.br\/wp-content\/uploads\/2025\/05\/nathalia_garnica_1.jpeg 600w, https:\/\/www.tribunaribeirao.com.br\/wp-content\/uploads\/2025\/05\/nathalia_garnica_1-300x240.jpeg 300w, https:\/\/www.tribunaribeirao.com.br\/wp-content\/uploads\/2025\/05\/nathalia_garnica_1-500x400.jpeg 500w, https:\/\/www.tribunaribeirao.com.br\/wp-content\/uploads\/2025\/05\/nathalia_garnica_1-585x468.jpeg 585w\" sizes=\"auto, (max-width: 729px) 100vw, 729px\"\/><figcaption id=\"caption-attachment-425005\" class=\"wp-caption-text\">O delegado Fernando Bravo pediu exuma\u00e7\u00e3o do corpo de Nat\u00e1lia, irm\u00e3 e filha dos suspeitos, para mais exames que possam comprovar se ela foi ou n\u00e3o envenenada (Foto: Redes Sociais)<\/figcaption><\/figure>\n<p>O delegado vai pedir a exuma\u00e7\u00e3o do corpo de Nat\u00e1lia para novos exames que possam indicar se ela foi ou n\u00e3o envenenada. A defesa do m\u00e9dico afirmou que ele \u00e9 inocente, que vai provar sua inoc\u00eancia e vai pedir seu habeas corpus para responder em liberdade.<\/p>\n<p>J\u00e1 a defesa de Elizabete informou que n\u00e3o teve acesso aos autos. O advogado da fam\u00edlia de Larissa disse, no dia da pris\u00e3o dos Garnica, que em respeito \u00e0 fam\u00edlia da professora, n\u00e3o iria se manifestar. Mas que o pai de Larissa estava sofrendo demais, pois no final do ano sepultou sua esposa e, em mar\u00e7o, sua filha.<\/p>\n<p>O corpo de Larissa foi sepultado em Pontal, no jazigo da fam\u00edlia Garnica, onde est\u00e1 o corpo da cunhada Nat\u00e1lia, que ser\u00e1 exumado por suspeita de tamb\u00e9m ter sido envenenada.<\/p>\n<\/div>\n<p><br \/>\n<br \/><a href=\"https:\/\/www.tribunaribeirao.com.br\/policia-apura-se-houve-movimentacao-na-conta-de-professora-envenenada\/\">Source link <\/a><\/p>\n<!-- CONTENT END 1 -->\n","protected":false},"excerpt":{"rendered":"<p>Por: Adalberto Luque A Pol\u00edcia Civil est\u00e1 investigando para ver se houve movimenta\u00e7\u00e3o na conta banc\u00e1ria da professora Larissa Talle Le\u00f4ncio Rodrigues, de 37 anos,&#8230;<\/p>\n","protected":false},"author":1,"featured_media":69812,"comment_status":"open","ping_status":"open","sticky":false,"template":"","format":"standard","meta":{"advanced_seo_description":"","jetpack_seo_html_title":"","jetpack_seo_noindex":false,"jetpack_post_was_ever_published":false,"_jetpack_newsletter_access":"","_jetpack_dont_email_post_to_subs":false,"_jetpack_newsletter_tier_id":0,"_jetpack_memberships_contains_paywalled_content":false,"_jetpack_memberships_contains_paid_content":false,"footnotes":"","jetpack_publicize_message":"","jetpack_publicize_feature_enabled":true,"jetpack_social_post_already_shared":true,"jetpack_social_options":{"image_generator_settings":{"template":"highway","default_image_id":0,"font":"","enabled":false},"version":2}},"categories":[11],"tags":[],"class_list":["post-69811","post","type-post","status-publish","format-standard","has-post-thumbnail","hentry","category-noticias-de-ribeirao-preto-sp-e-regiao-ismael-colosi"],"jetpack_publicize_connections":[],"jetpack_featured_media_url":"https:\/\/i0.wp.com\/noticiasribeiraopreto.com.br\/wp-content\/uploads\/2025\/05\/Larissa-5.jpg?fit=363%2C454&ssl=1","jetpack-related-posts":[{"id":71071,"url":"https:\/\/noticiasribeiraopreto.com.br\/index.php\/2025\/06\/02\/caso-larissa-delegado-pede-prorrogacao-de-prisao-temporaria\/","url_meta":{"origin":69811,"position":0},"title":"Caso Larissa: Delegado pede prorroga\u00e7\u00e3o de pris\u00e3o tempor\u00e1ria","author":"noticiasribeiraopreto.com.br","date":"2 de June de 2025","format":false,"excerpt":"Minist\u00e9rio P\u00fablico j\u00e1 deu aval \u00e0 amplia\u00e7\u00e3o do prazo de deten\u00e7\u00e3o de marido e sogra da v\u00edtima e Justi\u00e7a deve definir se acata ou n\u00e3o 2 de junho de 2025 13:064 Compartilhar0 Por: Adalberto Luque A Pol\u00edcia Civil requisitou mais 30 dias de prazo da pris\u00e3o tempor\u00e1ria do m\u00e9dico Luiz\u2026","rel":"","context":"In &quot;Not\u00edcias de Ribeir\u00e3o Preto-SP e Regi\u00e3o&quot;","block_context":{"text":"Not\u00edcias de Ribeir\u00e3o Preto-SP e Regi\u00e3o","link":"https:\/\/noticiasribeiraopreto.com.br\/index.php\/category\/noticias-de-ribeirao-preto-sp-e-regiao-ismael-colosi\/"},"img":{"alt_text":"","src":"https:\/\/i0.wp.com\/noticiasribeiraopreto.com.br\/wp-content\/uploads\/2025\/06\/garnica_elisabete.jpg?fit=720%2C656&ssl=1&resize=350%2C200","width":350,"height":200,"srcset":"https:\/\/i0.wp.com\/noticiasribeiraopreto.com.br\/wp-content\/uploads\/2025\/06\/garnica_elisabete.jpg?fit=720%2C656&ssl=1&resize=350%2C200 1x, https:\/\/i0.wp.com\/noticiasribeiraopreto.com.br\/wp-content\/uploads\/2025\/06\/garnica_elisabete.jpg?fit=720%2C656&ssl=1&resize=525%2C300 1.5x, https:\/\/i0.wp.com\/noticiasribeiraopreto.com.br\/wp-content\/uploads\/2025\/06\/garnica_elisabete.jpg?fit=720%2C656&ssl=1&resize=700%2C400 2x"},"classes":[]},{"id":70156,"url":"https:\/\/noticiasribeiraopreto.com.br\/index.php\/2025\/05\/23\/caso-larissa-corpo-de-nathalia-sera-exumado-hoje\/","url_meta":{"origin":69811,"position":1},"title":"CASO LARISSA: Corpo de Nath\u00e1lia ser\u00e1 exumado hoje","author":"noticiasribeiraopreto.com.br","date":"23 de May de 2025","format":false,"excerpt":"Equipe do IML far\u00e1 o procedimento para, a pedido da Pol\u00edcia Civil, verificar se h\u00e1 vest\u00edgios de chumbinho ou outro veneno no corpo da mulher 23 de maio de 2025 09:1411 Compartilhar2 Por: Adalberto Luque Acontece nesta sexta-feira (23), \u00e0s 10h00, a exuma\u00e7\u00e3o do corpo de Nath\u00e1lia Garnica, irm\u00e3 do\u2026","rel":"","context":"In &quot;Not\u00edcias de Ribeir\u00e3o Preto-SP e Regi\u00e3o&quot;","block_context":{"text":"Not\u00edcias de Ribeir\u00e3o Preto-SP e Regi\u00e3o","link":"https:\/\/noticiasribeiraopreto.com.br\/index.php\/category\/noticias-de-ribeirao-preto-sp-e-regiao-ismael-colosi\/"},"img":{"alt_text":"","src":"https:\/\/i0.wp.com\/noticiasribeiraopreto.com.br\/wp-content\/uploads\/2025\/05\/16-mai-2525-tumulolarissanatalia-scaled.jpg?fit=723%2C500&ssl=1&resize=350%2C200","width":350,"height":200,"srcset":"https:\/\/i0.wp.com\/noticiasribeiraopreto.com.br\/wp-content\/uploads\/2025\/05\/16-mai-2525-tumulolarissanatalia-scaled.jpg?fit=723%2C500&ssl=1&resize=350%2C200 1x, https:\/\/i0.wp.com\/noticiasribeiraopreto.com.br\/wp-content\/uploads\/2025\/05\/16-mai-2525-tumulolarissanatalia-scaled.jpg?fit=723%2C500&ssl=1&resize=525%2C300 1.5x, https:\/\/i0.wp.com\/noticiasribeiraopreto.com.br\/wp-content\/uploads\/2025\/05\/16-mai-2525-tumulolarissanatalia-scaled.jpg?fit=723%2C500&ssl=1&resize=700%2C400 2x"},"classes":[]},{"id":78471,"url":"https:\/\/noticiasribeiraopreto.com.br\/index.php\/2025\/10\/11\/perito-e-amante-depoem-no-caso-larissa\/","url_meta":{"origin":69811,"position":2},"title":"Perito e amante dep\u00f5em no caso Larissa\u00a0","author":"noticiasribeiraopreto.com.br","date":"11 de October de 2025","format":false,"excerpt":"O juiz Jos\u00e9 Roberto Bernardi Liberal, da 2\u00aa Vara do J\u00fari e das Execu\u00e7\u00f5es Criminais de Ribeir\u00e3o Preto, retomou nesta sexta-feira, 10 de outubro, o calend\u00e1rio de audi\u00eancias de instru\u00e7\u00e3o com depoimentos de seis testemunhas de acusa\u00e7\u00e3o no caso que envolve a morte da professora de pilates Larissa Talle Le\u00f4ncio\u2026","rel":"","context":"In &quot;Not\u00edcias de Ribeir\u00e3o Preto-SP e Regi\u00e3o&quot;","block_context":{"text":"Not\u00edcias de Ribeir\u00e3o Preto-SP e Regi\u00e3o","link":"https:\/\/noticiasribeiraopreto.com.br\/index.php\/category\/noticias-de-ribeirao-preto-sp-e-regiao-ismael-colosi\/"},"img":{"alt_text":"","src":"https:\/\/i0.wp.com\/noticiasribeiraopreto.com.br\/wp-content\/uploads\/2025\/10\/1760180474_05-mai-2025-professorabotanico.jpg?fit=759%2C771&ssl=1&resize=350%2C200","width":350,"height":200,"srcset":"https:\/\/i0.wp.com\/noticiasribeiraopreto.com.br\/wp-content\/uploads\/2025\/10\/1760180474_05-mai-2025-professorabotanico.jpg?fit=759%2C771&ssl=1&resize=350%2C200 1x, https:\/\/i0.wp.com\/noticiasribeiraopreto.com.br\/wp-content\/uploads\/2025\/10\/1760180474_05-mai-2025-professorabotanico.jpg?fit=759%2C771&ssl=1&resize=525%2C300 1.5x, https:\/\/i0.wp.com\/noticiasribeiraopreto.com.br\/wp-content\/uploads\/2025\/10\/1760180474_05-mai-2025-professorabotanico.jpg?fit=759%2C771&ssl=1&resize=700%2C400 2x"},"classes":[]},{"id":69499,"url":"https:\/\/noticiasribeiraopreto.com.br\/index.php\/2025\/05\/06\/marido-e-sogra-de-professora-envenenada-sao-presos\/","url_meta":{"origin":69811,"position":3},"title":"Marido e sogra de professora envenenada s\u00e3o presos","author":"noticiasribeiraopreto.com.br","date":"6 de May de 2025","format":false,"excerpt":"Por: Adalberto Luque O m\u00e9dico ortopedista Luiz Ant\u00f4nio Garnica, de 38 anos e sua m\u00e3e Elizabete Eug\u00eanio Arraba\u00e7a Garnica, de 67 anos, foram presos na tarde desta ter\u00e7a-feira (6), suspeitos de terem envenenado a professora de pilates Larissa Talle Le\u00f4ncio Rodrigues, de 37 anos. Ela foi encontrada morta em seu\u2026","rel":"","context":"In &quot;Not\u00edcias de Ribeir\u00e3o Preto-SP e Regi\u00e3o&quot;","block_context":{"text":"Not\u00edcias de Ribeir\u00e3o Preto-SP e Regi\u00e3o","link":"https:\/\/noticiasribeiraopreto.com.br\/index.php\/category\/noticias-de-ribeirao-preto-sp-e-regiao-ismael-colosi\/"},"img":{"alt_text":"","src":"https:\/\/i0.wp.com\/noticiasribeiraopreto.com.br\/wp-content\/uploads\/2025\/05\/06-mai-2025-envenenamentoprofessora1.jpg?fit=552%2C503&ssl=1&resize=350%2C200","width":350,"height":200,"srcset":"https:\/\/i0.wp.com\/noticiasribeiraopreto.com.br\/wp-content\/uploads\/2025\/05\/06-mai-2025-envenenamentoprofessora1.jpg?fit=552%2C503&ssl=1&resize=350%2C200 1x, https:\/\/i0.wp.com\/noticiasribeiraopreto.com.br\/wp-content\/uploads\/2025\/05\/06-mai-2025-envenenamentoprofessora1.jpg?fit=552%2C503&ssl=1&resize=525%2C300 1.5x"},"classes":[]},{"id":73390,"url":"https:\/\/noticiasribeiraopreto.com.br\/index.php\/2025\/07\/01\/garnica-tambem-vai-responder-por-fraude-processual\/","url_meta":{"origin":69811,"position":4},"title":"Garnica tamb\u00e9m vai responder por fraude processual","author":"noticiasribeiraopreto.com.br","date":"1 de July de 2025","format":false,"excerpt":"Por: Adalberto Luque O promotor criminal de Ribeir\u00e3o Preto, Marcus T\u00falio Nicolino, disse, em entrevista coletiva realizada no Minist\u00e9rio P\u00fablico de S\u00e3o Paulo (MPSP), que o marido da professora Larissa Talle Le\u00f4ncio Rodrigues, vai responder por mais um crime al\u00e9m de feminic\u00eddio. Nicolino acredita que o m\u00e9dico ortopedista Luiz Ant\u00f4nio\u2026","rel":"","context":"In &quot;Not\u00edcias de Ribeir\u00e3o Preto-SP e Regi\u00e3o&quot;","block_context":{"text":"Not\u00edcias de Ribeir\u00e3o Preto-SP e Regi\u00e3o","link":"https:\/\/noticiasribeiraopreto.com.br\/index.php\/category\/noticias-de-ribeirao-preto-sp-e-regiao-ismael-colosi\/"},"img":{"alt_text":"","src":"https:\/\/i0.wp.com\/noticiasribeiraopreto.com.br\/wp-content\/uploads\/2025\/07\/06-mai-2025-envenenamentoprofessora4.jpg?fit=1200%2C800&ssl=1&resize=350%2C200","width":350,"height":200,"srcset":"https:\/\/i0.wp.com\/noticiasribeiraopreto.com.br\/wp-content\/uploads\/2025\/07\/06-mai-2025-envenenamentoprofessora4.jpg?fit=1200%2C800&ssl=1&resize=350%2C200 1x, https:\/\/i0.wp.com\/noticiasribeiraopreto.com.br\/wp-content\/uploads\/2025\/07\/06-mai-2025-envenenamentoprofessora4.jpg?fit=1200%2C800&ssl=1&resize=525%2C300 1.5x, https:\/\/i0.wp.com\/noticiasribeiraopreto.com.br\/wp-content\/uploads\/2025\/07\/06-mai-2025-envenenamentoprofessora4.jpg?fit=1200%2C800&ssl=1&resize=700%2C400 2x, https:\/\/i0.wp.com\/noticiasribeiraopreto.com.br\/wp-content\/uploads\/2025\/07\/06-mai-2025-envenenamentoprofessora4.jpg?fit=1200%2C800&ssl=1&resize=1050%2C600 3x"},"classes":[]},{"id":71175,"url":"https:\/\/noticiasribeiraopreto.com.br\/index.php\/2025\/06\/03\/caso-larissa-elizabete-muda-de-cadeia\/","url_meta":{"origin":69811,"position":5},"title":"Caso Larissa: Elizabete muda de cadeia","author":"noticiasribeiraopreto.com.br","date":"3 de June de 2025","format":false,"excerpt":"Idosa n\u00e3o obteve autoriza\u00e7\u00e3o para pris\u00e3o domiciliar, mas seguiu para outra unidade prisional que tem acompanhamento mais efetivo da sa\u00fade das detentas 3 de junho de 2025 12:382 Compartilhar0 Por: Adalberto Luque Elizabete Eug\u00eanio Arraba\u00e7a Garnica, de 67 anos, suspeita de ter matado a professora de pilates Larissa Talle Le\u00f4ncio\u2026","rel":"","context":"In &quot;Not\u00edcias de Ribeir\u00e3o Preto-SP e Regi\u00e3o&quot;","block_context":{"text":"Not\u00edcias de Ribeir\u00e3o Preto-SP e Regi\u00e3o","link":"https:\/\/noticiasribeiraopreto.com.br\/index.php\/category\/noticias-de-ribeirao-preto-sp-e-regiao-ismael-colosi\/"},"img":{"alt_text":"","src":"https:\/\/i0.wp.com\/noticiasribeiraopreto.com.br\/wp-content\/uploads\/2025\/06\/06-mai-2025-envenenamentoprofessora5.jpg?fit=1200%2C800&ssl=1&resize=350%2C200","width":350,"height":200,"srcset":"https:\/\/i0.wp.com\/noticiasribeiraopreto.com.br\/wp-content\/uploads\/2025\/06\/06-mai-2025-envenenamentoprofessora5.jpg?fit=1200%2C800&ssl=1&resize=350%2C200 1x, https:\/\/i0.wp.com\/noticiasribeiraopreto.com.br\/wp-content\/uploads\/2025\/06\/06-mai-2025-envenenamentoprofessora5.jpg?fit=1200%2C800&ssl=1&resize=525%2C300 1.5x, https:\/\/i0.wp.com\/noticiasribeiraopreto.com.br\/wp-content\/uploads\/2025\/06\/06-mai-2025-envenenamentoprofessora5.jpg?fit=1200%2C800&ssl=1&resize=700%2C400 2x, https:\/\/i0.wp.com\/noticiasribeiraopreto.com.br\/wp-content\/uploads\/2025\/06\/06-mai-2025-envenenamentoprofessora5.jpg?fit=1200%2C800&ssl=1&resize=1050%2C600 3x"},"classes":[]}],"jetpack_sharing_enabled":true,"jetpack_shortlink":"https:\/\/wp.me\/peQAOb-i9Z","_links":{"self":[{"href":"https:\/\/noticiasribeiraopreto.com.br\/index.php\/wp-json\/wp\/v2\/posts\/69811","targetHints":{"allow":["GET"]}}],"collection":[{"href":"https:\/\/noticiasribeiraopreto.com.br\/index.php\/wp-json\/wp\/v2\/posts"}],"about":[{"href":"https:\/\/noticiasribeiraopreto.com.br\/index.php\/wp-json\/wp\/v2\/types\/post"}],"author":[{"embeddable":true,"href":"https:\/\/noticiasribeiraopreto.com.br\/index.php\/wp-json\/wp\/v2\/users\/1"}],"replies":[{"embeddable":true,"href":"https:\/\/noticiasribeiraopreto.com.br\/index.php\/wp-json\/wp\/v2\/comments?post=69811"}],"version-history":[{"count":0,"href":"https:\/\/noticiasribeiraopreto.com.br\/index.php\/wp-json\/wp\/v2\/posts\/69811\/revisions"}],"wp:featuredmedia":[{"embeddable":true,"href":"https:\/\/noticiasribeiraopreto.com.br\/index.php\/wp-json\/wp\/v2\/media\/69812"}],"wp:attachment":[{"href":"https:\/\/noticiasribeiraopreto.com.br\/index.php\/wp-json\/wp\/v2\/media?parent=69811"}],"wp:term":[{"taxonomy":"category","embeddable":true,"href":"https:\/\/noticiasribeiraopreto.com.br\/index.php\/wp-json\/wp\/v2\/categories?post=69811"},{"taxonomy":"post_tag","embeddable":true,"href":"https:\/\/noticiasribeiraopreto.com.br\/index.php\/wp-json\/wp\/v2\/tags?post=69811"}],"curies":[{"name":"wp","href":"https:\/\/api.w.org\/{rel}","templated":true}]}}