{"id":69815,"date":"2025-05-09T13:32:30","date_gmt":"2025-05-09T16:32:30","guid":{"rendered":"https:\/\/noticiasribeiraopreto.com.br\/index.php\/2025\/05\/09\/amanha-tem-dia-d-de-vacinacao\/"},"modified":"2025-05-09T13:32:30","modified_gmt":"2025-05-09T16:32:30","slug":"amanha-tem-dia-d-de-vacinacao","status":"publish","type":"post","link":"https:\/\/noticiasribeiraopreto.com.br\/index.php\/2025\/05\/09\/amanha-tem-dia-d-de-vacinacao\/","title":{"rendered":"Amanh\u00e3 tem Dia D de vacina\u00e7\u00e3o\u00a0"},"content":{"rendered":"<div class='code-block code-block-1' style='margin: 8px 0 8px auto; text-align: right; display: block; clear: both;'>\n<p><a href=\"https:\/\/wa.link\/vpicfd\"><img data-recalc-dims=\"1\" class=\"wp-image-4922\" style=\"aspect-ratio: 2.0253164556962027; width: 561px; height: auto;\" src=\"https:\/\/i0.wp.com\/ismaelcolosi.com.br\/wp-content\/uploads\/2023\/11\/grupo-de-empregos-whatsapp-e-facebook-ismael-colosi-vagas.jpg?ssl=1\" alt=\"\" \/><\/a><\/p>\n<!-- \/wp:image -->\n<\/div>\n<p> <br \/>\n<\/p>\n<div id=\"\">\n<p>\n\t\t\t\t\t\t\t\t\t<span class=\"entry-meta-item penci-posted-on\"><i class=\"fa fa-clock-o\"\/><time class=\"entry-date published\" datetime=\"2025-05-09T13:30:01-03:00\">9 de maio de 2025 13:30<\/time><time class=\"updated\" datetime=\"2025-05-09T09:16:11-03:00\">9 de maio de 2025 09:16<\/time><\/span><span class=\"entry-meta-item penci-post-countview\"><span class=\"entry-meta-item penci-post-countview penci_post-meta_item\"><i class=\"fa fa-eye\"\/><span class=\"penci-post-countview-number penci-post-countview-p425244\">10<\/span><\/span><\/span>\t\t\t\t\t\t\t\t<\/p>\n<p><!-- .entry-meta --><br \/>\n\t\t\t\t\t\t\t\t<span class=\"penci-social-buttons penci-social-share-footer\"><span class=\"penci-social-share-text\">Compartilhar<\/span><a href=\"#\" class=\"penci-post-like penci_post-meta_item  single-like-button penci-social-item like\" data-post_id=\"425244\" title=\"Like\" data-like=\"Like\" data-unlike=\"Unlike\"><i class=\"fa fa-thumbs-o-up\"\/><span class=\"penci-share-number\">0<\/span><\/a><i class=\"fa fa-facebook\"\/><a class=\"penci-social-item twitter\" target=\"_blank\" rel=\"noopener\" title=\"\" href=\"https:\/\/twitter.com\/intent\/tweet?text=Amanh\u00e3%20tem%20Dia%20D%20de%20vacina\u00e7\u00e3o\u00a0%20-%20https:\/\/www.tribunaribeirao.com.br\/amanha-tem-dia-d-de-vacinacao\/\"><i class=\"fa fa-twitter\"\/><\/a><i class=\"fa fa-linkedin\"\/><i class=\"fa fa-whatsapp\"\/><i class=\"fa fa-telegram\"\/><i class=\"fa fa-envelope\"\/><\/span>\t\t\t\t\t\t\t<\/div>\n<div>\n<p><span class=\"TextRun SCXW40514102 BCX0\" lang=\"PT-BR\" xml:lang=\"PT-BR\" data-contrast=\"auto\"><span class=\"NormalTextRun SCXW40514102 BCX0\">A Secretaria Municipal da Sa\u00fade promove neste s\u00e1bado, 10<\/span><span class=\"NormalTextRun SCXW40514102 BCX0\"> de maio<\/span><span class=\"NormalTextRun SCXW40514102 BCX0\">, o Dia D de Vacina\u00e7\u00e3o Contra a Gripe como parte da campanha nacional de imuniza\u00e7\u00e3o. A a\u00e7\u00e3o ocorrer\u00e1 das <\/span><span class=\"NormalTextRun SCXW40514102 BCX0\">oito horas <\/span><span class=\"NormalTextRun SCXW40514102 BCX0\">\u00e0s 16h30 e \u00e9 voltada <\/span><span class=\"NormalTextRun SCXW40514102 BCX0\">\u00e0s<\/span><span class=\"NormalTextRun SCXW40514102 BCX0\"> pessoas pertencentes aos grupos priorit\u00e1rios definidos pelo Minist\u00e9rio da Sa\u00fade.<\/span> <span class=\"NormalTextRun SCXW40514102 BCX0\">A vacina\u00e7\u00e3o ocorrer\u00e1 <\/span><span class=\"NormalTextRun SCXW40514102 BCX0\">em sete <\/span><span class=\"NormalTextRun SCXW40514102 BCX0\">Unidades B\u00e1sicas <\/span><span class=\"NormalTextRun SCXW40514102 BCX0\">(<\/span><span class=\"NormalTextRun SCXW40514102 BCX0\">UBSs<\/span><span class=\"NormalTextRun SCXW40514102 BCX0\">) <\/span><span class=\"NormalTextRun SCXW40514102 BCX0\">e uma <\/span><\/span><span class=\"LineBreakBlob BlobObject DragDrop SCXW40514102 BCX0\"><span class=\"SCXW40514102 BCX0\">\u00a0<\/span><br class=\"SCXW40514102 BCX0\"\/><\/span><span class=\"TextRun SCXW40514102 BCX0\" lang=\"PT-BR\" xml:lang=\"PT-BR\" data-contrast=\"auto\"><span class=\"NormalTextRun SCXW40514102 BCX0\">Unidade B\u00e1sica Distrital de Sa\u00fade<\/span><span class=\"NormalTextRun SCXW40514102 BCX0\"> (UBDS). <\/span><\/span><span class=\"LineBreakBlob BlobObject DragDrop SCXW40514102 BCX0\"><span class=\"SCXW40514102 BCX0\">\u00a0<\/span><br class=\"SCXW40514102 BCX0\"\/><\/span><span class=\"LineBreakBlob BlobObject DragDrop SCXW40514102 BCX0\"><span class=\"SCXW40514102 BCX0\">\u00a0<\/span><br class=\"SCXW40514102 BCX0\"\/><\/span><span class=\"TextRun SCXW40514102 BCX0\" lang=\"PT-BR\" xml:lang=\"PT-BR\" data-contrast=\"auto\"><span class=\"NormalTextRun SCXW40514102 BCX0\">Neste <\/span><span class=\"NormalTextRun SCXW40514102 BCX0\">ano, j\u00e1 foram aplicadas 48.322 doses da vacina contra a gripe no munic\u00edpio, numa cobertura total de 18%. A meta \u00e9 ampliar a cobertura vacinal entre crian\u00e7as de <\/span><span class=\"NormalTextRun SCXW40514102 BCX0\">6<\/span><span class=\"NormalTextRun SCXW40514102 BCX0\"> meses a menores de 6 anos, idosos, gestantes e <\/span><span class=\"NormalTextRun SCXW40514102 BCX0\">pu\u00e9rperas<\/span><span class=\"NormalTextRun SCXW40514102 BCX0\">.<\/span> <span class=\"NormalTextRun SCXW40514102 BCX0\">Para receber <\/span><span class=\"NormalTextRun SCXW40514102 BCX0\">o imunizante<\/span><span class=\"NormalTextRun SCXW40514102 BCX0\"> \u00e9 necess\u00e1rio apresentar documento pessoal e carteira de vacina\u00e7\u00e3o, caso possua, para o registro da dose recebida.\u00a0<\/span> <\/span><span class=\"LineBreakBlob BlobObject DragDrop SCXW40514102 BCX0\"><span class=\"SCXW40514102 BCX0\">\u00a0<\/span><br class=\"SCXW40514102 BCX0\"\/><\/span><span class=\"LineBreakBlob BlobObject DragDrop SCXW40514102 BCX0\"><span class=\"SCXW40514102 BCX0\">\u00a0<\/span><br class=\"SCXW40514102 BCX0\"\/><\/span><span class=\"TextRun SCXW40514102 BCX0\" lang=\"PT-BR\" xml:lang=\"PT-BR\" data-contrast=\"auto\"><span class=\"NormalTextRun SCXW40514102 BCX0\">V\u00e3o atender neste s\u00e1bado as <\/span><span class=\"NormalTextRun SCXW40514102 BCX0\">UBSs<\/span> <span class=\"NormalTextRun SCXW40514102 BCX0\">Nelson <\/span><span class=\"NormalTextRun SpellingErrorV2Themed SCXW40514102 BCX0\">Barrionovo<\/span><span class=\"NormalTextRun SCXW40514102 BCX0\"> (<\/span><span class=\"NormalTextRun SCXW40514102 BCX0\">Campos El\u00edseos<\/span><span class=\"NormalTextRun SCXW40514102 BCX0\">)<\/span><span class=\"NormalTextRun SCXW40514102 BCX0\">, <\/span><span class=\"NormalTextRun SCXW40514102 BCX0\">Herbert de Souza (<\/span><span class=\"NormalTextRun SCXW40514102 BCX0\">Ribeir\u00e3o Verde<\/span><span class=\"NormalTextRun SCXW40514102 BCX0\">)<\/span><span class=\"NormalTextRun SCXW40514102 BCX0\">, Alexander Fleming <\/span><span class=\"NormalTextRun SCXW40514102 BCX0\">(Adelino <\/span><span class=\"NormalTextRun SCXW40514102 BCX0\">Simioni<\/span><span class=\"NormalTextRun SCXW40514102 BCX0\">)<\/span><span class=\"NormalTextRun SCXW40514102 BCX0\">, <\/span><span class=\"NormalTextRun SpellingErrorV2Themed SCXW40514102 BCX0\">Mamoro<\/span><span class=\"NormalTextRun SCXW40514102 BCX0\"> Kobayashi <\/span><span class=\"NormalTextRun SCXW40514102 BCX0\">(<\/span><span class=\"NormalTextRun SCXW40514102 BCX0\">Bonfim Paulista<\/span><span class=\"NormalTextRun SCXW40514102 BCX0\">)<\/span><span class=\"NormalTextRun SCXW40514102 BCX0\">, H\u00e9lio Louren\u00e7o de Oliveira <\/span><span class=\"NormalTextRun SCXW40514102 BCX0\">(<\/span><span class=\"NormalTextRun SCXW40514102 BCX0\">Santa Cruz<\/span><span class=\"NormalTextRun SCXW40514102 BCX0\"> do Jos\u00e9 Jacques)<\/span><span class=\"NormalTextRun SCXW40514102 BCX0\">, Waldemar <\/span><span class=\"NormalTextRun SpellingErrorV2Themed SCXW40514102 BCX0\">Barnsley<\/span><span class=\"NormalTextRun SCXW40514102 BCX0\"> Pess<\/span><span class=\"NormalTextRun SCXW40514102 BCX0\">oa<\/span> <span class=\"NormalTextRun SCXW40514102 BCX0\">(<\/span><span class=\"NormalTextRun SCXW40514102 BCX0\">Parque Ribeir\u00e3o<\/span><span class=\"NormalTextRun SCXW40514102 BCX0\"> Preto) <\/span><span class=\"NormalTextRun ContextualSpellingAndGrammarErrorV2Themed SCXW40514102 BCX0\">e<\/span><span class=\"NormalTextRun ContextualSpellingAndGrammarErrorV2Themed SCXW40514102 BCX0\">\u00a0 <\/span><span class=\"NormalTextRun ContextualSpellingAndGrammarErrorV2Themed SCXW40514102 BCX0\">Adalberto<\/span><span class=\"NormalTextRun SCXW40514102 BCX0\"> Teixeira Andrade <\/span><span class=\"NormalTextRun SCXW40514102 BCX0\">(<\/span><span class=\"NormalTextRun SCXW40514102 BCX0\">Vila Recreio<\/span><span class=\"NormalTextRun SCXW40514102 BCX0\">) a <\/span><span class=\"NormalTextRun SCXW40514102 BCX0\">UBDS Doutor \u00cdtalo <\/span><span class=\"NormalTextRun SpellingErrorV2Themed SCXW40514102 BCX0\">Baruffi<\/span><span class=\"NormalTextRun SCXW40514102 BCX0\"> (Castelo Branco<\/span><span class=\"NormalTextRun SCXW40514102 BCX0\">)<\/span><span class=\"NormalTextRun SCXW40514102 BCX0\">.<\/span><\/span><span class=\"LineBreakBlob BlobObject DragDrop SCXW40514102 BCX0\"><span class=\"SCXW40514102 BCX0\">\u00a0<\/span><br class=\"SCXW40514102 BCX0\"\/><\/span><span class=\"LineBreakBlob BlobObject DragDrop SCXW40514102 BCX0\"><span class=\"SCXW40514102 BCX0\">\u00a0<\/span><br class=\"SCXW40514102 BCX0\"\/><\/span><span class=\"TextRun SCXW40514102 BCX0\" lang=\"PT-BR\" xml:lang=\"PT-BR\" data-contrast=\"auto\"><span class=\"NormalTextRun SCXW40514102 BCX0\">A campanha de vacina\u00e7\u00e3o contra a gripe <\/span><span class=\"NormalTextRun SCXW40514102 BCX0\">em Ribeir\u00e3o Preto come\u00e7ou em 2 de abril <\/span><span class=\"NormalTextRun SCXW40514102 BCX0\">para pessoas que fazem parte dos grupos priorit\u00e1rios, que incluem idosos com 60 anos ou mais, crian\u00e7as de 6 meses a menores de 6 anos, gestantes, <\/span><span class=\"NormalTextRun SCXW40514102 BCX0\">pu\u00e9rperas<\/span><span class=\"NormalTextRun SCXW40514102 BCX0\"> e pessoas com doen\u00e7as cr\u00f4nicas.<\/span><\/span><span class=\"LineBreakBlob BlobObject DragDrop SCXW40514102 BCX0\"><span class=\"SCXW40514102 BCX0\">\u00a0<\/span><br class=\"SCXW40514102 BCX0\"\/><\/span><span class=\"LineBreakBlob BlobObject DragDrop SCXW40514102 BCX0\"><span class=\"SCXW40514102 BCX0\">\u00a0<\/span><br class=\"SCXW40514102 BCX0\"\/><\/span><span class=\"TextRun SCXW40514102 BCX0\" lang=\"PT-BR\" xml:lang=\"PT-BR\" data-contrast=\"auto\"><span class=\"NormalTextRun SCXW40514102 BCX0\">A imuniza\u00e7\u00e3o pode ser feita em todas as 39 salas de vacina no munic\u00edpio e \u00e9 a forma mais eficaz de prote\u00e7\u00e3o contra o v\u00edrus, respons\u00e1vel por infec\u00e7\u00f5es respirat\u00f3rias. O imunizante tamb\u00e9m evita complica\u00e7\u00f5es e o agravamento da doen\u00e7a.<\/span><\/span><span class=\"LineBreakBlob BlobObject DragDrop SCXW40514102 BCX0\"><span class=\"SCXW40514102 BCX0\">\u00a0<\/span><br class=\"SCXW40514102 BCX0\"\/><\/span><span class=\"LineBreakBlob BlobObject DragDrop SCXW40514102 BCX0\"><span class=\"SCXW40514102 BCX0\">\u00a0<\/span><br class=\"SCXW40514102 BCX0\"\/><\/span><span class=\"TextRun SCXW40514102 BCX0\" lang=\"PT-BR\" xml:lang=\"PT-BR\" data-contrast=\"auto\"><span class=\"NormalTextRun SCXW40514102 BCX0\">Em 11 de abril, a<\/span><span class=\"NormalTextRun SCXW40514102 BCX0\"> Secretaria Municipal da Sa\u00fade intensificou a vacina\u00e7\u00e3o contra a gripe influenza em institui\u00e7\u00f5es de longa perman\u00eancia para idosos. A a\u00e7\u00e3o contempla 80 casas de repouso de Ribeir\u00e3o Preto e deve beneficiar aproximadamente 1.500 idosos, al\u00e9m de profissionais que atuam nestes locais.<\/span><\/span><span class=\"LineBreakBlob BlobObject DragDrop SCXW40514102 BCX0\"><span class=\"SCXW40514102 BCX0\">\u00a0<\/span><br class=\"SCXW40514102 BCX0\"\/><\/span><span class=\"LineBreakBlob BlobObject DragDrop SCXW40514102 BCX0\"><span class=\"SCXW40514102 BCX0\">\u00a0<\/span><br class=\"SCXW40514102 BCX0\"\/><\/span><span class=\"TextRun SCXW40514102 BCX0\" lang=\"PT-BR\" xml:lang=\"PT-BR\" data-contrast=\"auto\"><span class=\"NormalTextRun SCXW40514102 BCX0\">Segundo o Minist\u00e9rio da Sa\u00fade, a<\/span><span class=\"NormalTextRun SCXW40514102 BCX0\"> meta \u00e9 imunizar 90% dos chamados grupos priorit\u00e1rios (com estimativa de p\u00fablico-alvo em cerca de 50 milh\u00f5es de brasileiros), que incluem crian\u00e7as de <\/span><span class=\"NormalTextRun SCXW40514102 BCX0\">6<\/span><span class=\"NormalTextRun SCXW40514102 BCX0\"> meses a menores de 6 anos, idosos, gestantes, <\/span><span class=\"NormalTextRun SCXW40514102 BCX0\">pu\u00e9rperas<\/span><span class=\"NormalTextRun SCXW40514102 BCX0\">, pessoas com doen\u00e7as cr\u00f4nicas, pessoas com defici\u00eancia, profissionais de sa\u00fade e professores dos ensinos b\u00e1sico e superior, dentre outros.<\/span><\/span><span class=\"LineBreakBlob BlobObject DragDrop SCXW40514102 BCX0\"><span class=\"SCXW40514102 BCX0\">\u00a0<\/span><br class=\"SCXW40514102 BCX0\"\/><\/span><span class=\"LineBreakBlob BlobObject DragDrop SCXW40514102 BCX0\"><span class=\"SCXW40514102 BCX0\">\u00a0<\/span><br class=\"SCXW40514102 BCX0\"\/><\/span><span class=\"TextRun SCXW40514102 BCX0\" lang=\"PT-BR\" xml:lang=\"PT-BR\" data-contrast=\"auto\"><span class=\"NormalTextRun SCXW40514102 BCX0\">A lista ainda traz povos ind\u00edgenas; pessoas em situa\u00e7\u00e3o de rua; profissionais das for\u00e7as de seguran\u00e7a e de salvamento; das For\u00e7as Armadas; caminhoneiros; trabalhadores do transporte rodovi\u00e1rio coletivo (urbano e de longo curso); portu\u00e1rios; funcion\u00e1rios do sistema de priva\u00e7\u00e3o de liberdade; e popula\u00e7\u00e3o privada de liberdade, al\u00e9m de adolescentes e jovens sob medidas <\/span><span class=\"NormalTextRun ContextualSpellingAndGrammarErrorV2Themed SCXW40514102 BCX0\">socioeducativas<\/span><span class=\"NormalTextRun ContextualSpellingAndGrammarErrorV2Themed SCXW40514102 BCX0\">\u00a0 (<\/span><span class=\"NormalTextRun SCXW40514102 BCX0\">entre 12 e 21 anos).\u00a0 <\/span><\/span><span class=\"LineBreakBlob BlobObject DragDrop SCXW40514102 BCX0\"><span class=\"SCXW40514102 BCX0\">\u00a0<\/span><br class=\"SCXW40514102 BCX0\"\/><\/span><span class=\"LineBreakBlob BlobObject DragDrop SCXW40514102 BCX0\"><span class=\"SCXW40514102 BCX0\">\u00a0<\/span><br class=\"SCXW40514102 BCX0\"\/><\/span><span class=\"TextRun SCXW40514102 BCX0\" lang=\"PT-BR\" xml:lang=\"PT-BR\" data-contrast=\"auto\"><span class=\"NormalTextRun SCXW40514102 BCX0\">Para a vacina\u00e7\u00e3o de 2025, o Minist\u00e9rio da Sa\u00fade adquiriu 73, 6 milh\u00f5es de doses. No primeiro semestre, est\u00e1 prevista a distribui\u00e7\u00e3o de 67,6 milh\u00f5es doses para as regi\u00f5es Sul, Sudeste, Centro-Oeste e Nordeste. No segundo semestre, ser\u00e3o distribu\u00eddas 5,9 milh\u00f5es de doses para a Regi\u00e3o Norte. O valor total do investimento \u00e9 de R$ 1,3 bilh\u00e3o, e o p\u00fablico-alvo \u00e9 de 81,6 milh\u00f5es de pessoas. <\/span><\/span><span class=\"LineBreakBlob BlobObject DragDrop SCXW40514102 BCX0\"><span class=\"SCXW40514102 BCX0\">\u00a0<\/span><br class=\"SCXW40514102 BCX0\"\/><\/span><span class=\"LineBreakBlob BlobObject DragDrop SCXW40514102 BCX0\"><span class=\"SCXW40514102 BCX0\">\u00a0<\/span><br class=\"SCXW40514102 BCX0\"\/><\/span><span class=\"TextRun SCXW40514102 BCX0\" lang=\"PT-BR\" xml:lang=\"PT-BR\" data-contrast=\"auto\"><span class=\"NormalTextRun SCXW40514102 BCX0\">A partir deste ano, a vacina contra a influenza passa a ficar dispon\u00edvel em unidades b\u00e1sicas de sa\u00fade de forma permanente. A estrat\u00e9gia \u00e9 n\u00e3o perder nenhuma oportunidade de vacinar pessoas que buscarem a dose. A possibilidade de ampliar a vacina\u00e7\u00e3o contra a influenza para o p\u00fablico em geral<\/span> <span class=\"NormalTextRun SCXW40514102 BCX0\">n\u00e3o est\u00e1 descartada<\/span><span class=\"NormalTextRun SCXW40514102 BCX0\">.<\/span><\/span><span class=\"LineBreakBlob BlobObject DragDrop SCXW40514102 BCX0\"><span class=\"SCXW40514102 BCX0\">\u00a0<\/span><br class=\"SCXW40514102 BCX0\"\/><\/span><span class=\"LineBreakBlob BlobObject DragDrop SCXW40514102 BCX0\"><span class=\"SCXW40514102 BCX0\">\u00a0<\/span><br class=\"SCXW40514102 BCX0\"\/><\/span><span class=\"TextRun SCXW40514102 BCX0\" lang=\"PT-BR\" xml:lang=\"PT-BR\" data-contrast=\"auto\"><span class=\"NormalTextRun SCXW40514102 BCX0\">Por\u00e9m, <\/span><span class=\"NormalTextRun SCXW40514102 BCX0\">ficar\u00e1 a crit\u00e9rio de cada estado e munic\u00edpio, levando em considera\u00e7\u00e3o o status de cobertura dos grupos priorit\u00e1rios. \u201cA meta recomendada pela OMS [Organiza\u00e7\u00e3o Mundial da Sa\u00fade] \u00e9 90% [de cobertura vacinal para grupos priorit\u00e1rios]. Vamos perseguir isso\u201d, diz o ministro da Sa\u00fade, Alexandre Padilha.<\/span><\/span><span class=\"LineBreakBlob BlobObject DragDrop SCXW40514102 BCX0\"><span class=\"SCXW40514102 BCX0\">\u00a0<\/span><br class=\"SCXW40514102 BCX0\"\/><\/span><span class=\"LineBreakBlob BlobObject DragDrop SCXW40514102 BCX0\"><span class=\"SCXW40514102 BCX0\">\u00a0<\/span><br class=\"SCXW40514102 BCX0\"\/><\/span><span class=\"TextRun SCXW40514102 BCX0\" lang=\"PT-BR\" xml:lang=\"PT-BR\" data-contrast=\"auto\"><span class=\"NormalTextRun SCXW40514102 BCX0\">Estudo realizado pelo Centro de Controle e Preven\u00e7\u00e3o de Doen\u00e7as dos E<\/span><span class=\"NormalTextRun SCXW40514102 BCX0\">stados Unidos <\/span><span class=\"NormalTextRun SCXW40514102 BCX0\">aponta que no Brasil, e em mais quatro pa\u00edses da Am\u00e9rica do Sul, a vacina\u00e7\u00e3o contra a influenza reduz em 35% o risco de hospitaliza\u00e7\u00e3o associada ao v\u00edrus entre grupos de alto risco. Para pessoas com <\/span><span class=\"NormalTextRun SCXW40514102 BCX0\">comorbidades<\/span><span class=\"NormalTextRun SCXW40514102 BCX0\">, a redu\u00e7\u00e3o foi de 58,7%. J\u00e1 para <\/span><span class=\"NormalTextRun SCXW40514102 BCX0\">crian\u00e7as pequenas e idosos<\/span><span class=\"NormalTextRun SCXW40514102 BCX0\"> a redu\u00e7\u00e3o foi de 39% e 31,2% respectivamente. <\/span><\/span><span class=\"LineBreakBlob BlobObject DragDrop SCXW40514102 BCX0\"><span class=\"SCXW40514102 BCX0\">\u00a0<\/span><br class=\"SCXW40514102 BCX0\"\/><\/span><span class=\"LineBreakBlob BlobObject DragDrop SCXW40514102 BCX0\"><span class=\"SCXW40514102 BCX0\">\u00a0<\/span><br class=\"SCXW40514102 BCX0\"\/><\/span><span class=\"TextRun SCXW40514102 BCX0\" lang=\"PT-BR\" xml:lang=\"PT-BR\" data-contrast=\"auto\"><span class=\"NormalTextRun SCXW40514102 BCX0\">A vacina contra influenza de 2025 cont<\/span><span class=\"NormalTextRun SCXW40514102 BCX0\">\u00e9m <\/span><span class=\"NormalTextRun SCXW40514102 BCX0\">as seguintes cepas: H1N1, H3N2 e B. A administra\u00e7\u00e3o pode ser feita junto a outras vacinas do Calend\u00e1rio Nacional de Vacina\u00e7\u00e3o. O imunizante \u00e9 <\/span><span class=\"NormalTextRun SCXW40514102 BCX0\">contraindicado<\/span><span class=\"NormalTextRun SCXW40514102 BCX0\"> para crian\u00e7as menores de <\/span><span class=\"NormalTextRun SCXW40514102 BCX0\">6<\/span><span class=\"NormalTextRun SCXW40514102 BCX0\"> meses e pessoas com hist\u00f3rico de anafilaxia grave ap\u00f3s doses anteriores.\u00a0 Em <\/span><span class=\"NormalTextRun SCXW40514102 BCX0\">2024, a cobertura vacinal do p\u00fablico priorit\u00e1rio foi 48,89% na regi\u00e3o Norte e 55,19% nas demais regi\u00f5es. <\/span><\/span><span class=\"LineBreakBlob BlobObject DragDrop SCXW40514102 BCX0\"><span class=\"SCXW40514102 BCX0\">\u00a0<\/span><br class=\"SCXW40514102 BCX0\"\/><\/span><span class=\"LineBreakBlob BlobObject DragDrop SCXW40514102 BCX0\"><span class=\"SCXW40514102 BCX0\">\u00a0<\/span><br class=\"SCXW40514102 BCX0\"\/><\/span><span class=\"TextRun SCXW40514102 BCX0\" lang=\"PT-BR\" xml:lang=\"PT-BR\" data-contrast=\"auto\"><span class=\"NormalTextRun SCXW40514102 BCX0\">No Estado de S\u00e3o Paulo, a campanha \u00e9 voltada para 19,3 milh\u00f5es de pessoas dos grupos priorit\u00e1rios. At\u00e9 o momento, a cobertura entre os grupos priorit\u00e1rios no Estado \u00e9 de 16,1%. Este ano, o Centro de Vigil\u00e2ncia Epidemiol\u00f3gica (CVE) da Secretaria de Estado da Sa\u00fade de S\u00e3o Paulo (SES-SP) j\u00e1 enviou aos 645 munic\u00edpios 11,6 milh\u00f5es de doses do imunizante.<\/span><\/span><span class=\"LineBreakBlob BlobObject DragDrop SCXW40514102 BCX0\"><span class=\"SCXW40514102 BCX0\">\u00a0<\/span><br class=\"SCXW40514102 BCX0\"\/><\/span><span class=\"LineBreakBlob BlobObject DragDrop SCXW40514102 BCX0\"><span class=\"SCXW40514102 BCX0\">\u00a0<\/span><br class=\"SCXW40514102 BCX0\"\/><\/span><span class=\"LineBreakBlob BlobObject DragDrop SCXW40514102 BCX0\"><br class=\"SCXW40514102 BCX0\"\/><\/span><span class=\"TextRun SCXW40514102 BCX0\" lang=\"PT-BR\" xml:lang=\"PT-BR\" data-contrast=\"auto\"><span class=\"NormalTextRun SCXW40514102 BCX0\">Endere\u00e7os dos <\/span><\/span><span class=\"LineBreakBlob BlobObject DragDrop SCXW40514102 BCX0\"><span class=\"SCXW40514102 BCX0\">\u00a0<\/span><\/span><span class=\"TextRun SCXW40514102 BCX0\" lang=\"PT-BR\" xml:lang=\"PT-BR\" data-contrast=\"auto\"><span class=\"NormalTextRun SCXW40514102 BCX0\">postos de sa\u00fade<\/span><\/span><span class=\"LineBreakBlob BlobObject DragDrop SCXW40514102 BCX0\"><span class=\"SCXW40514102 BCX0\">\u00a0<\/span><br class=\"SCXW40514102 BCX0\"\/><\/span><span class=\"TextRun SCXW40514102 BCX0\" lang=\"PT-BR\" xml:lang=\"PT-BR\" data-contrast=\"auto\"><span class=\"NormalTextRun SCXW40514102 BCX0\">\u2013 <\/span><span class=\"NormalTextRun SCXW40514102 BCX0\">UBS <\/span><span class=\"NormalTextRun SCXW40514102 BCX0\">Campos El\u00edseos<\/span><\/span> <span class=\"TextRun SCXW40514102 BCX0\" lang=\"PT-BR\" xml:lang=\"PT-BR\" data-contrast=\"auto\"><span class=\"NormalTextRun SCXW40514102 BCX0\">Avenida da <\/span><\/span><span class=\"LineBreakBlob BlobObject DragDrop SCXW40514102 BCX0\"><span class=\"SCXW40514102 BCX0\">\u00a0<\/span><\/span><span class=\"TextRun SCXW40514102 BCX0\" lang=\"PT-BR\" xml:lang=\"PT-BR\" data-contrast=\"auto\"><span class=\"NormalTextRun SCXW40514102 BCX0\">Saudade<\/span><span class=\"NormalTextRun SCXW40514102 BCX0\"> n\u00ba <\/span><span class=\"NormalTextRun SCXW40514102 BCX0\">1.452<\/span><\/span><span class=\"LineBreakBlob BlobObject DragDrop SCXW40514102 BCX0\"><span class=\"SCXW40514102 BCX0\">\u00a0<\/span><br class=\"SCXW40514102 BCX0\"\/><\/span><span class=\"TextRun SCXW40514102 BCX0\" lang=\"PT-BR\" xml:lang=\"PT-BR\" data-contrast=\"auto\"><span class=\"NormalTextRun SCXW40514102 BCX0\">\u2013 <\/span><span class=\"NormalTextRun SCXW40514102 BCX0\">UBS <\/span><span class=\"NormalTextRun SCXW40514102 BCX0\">Ribeir\u00e3o Verde<\/span><\/span> <span class=\"TextRun SCXW40514102 BCX0\" lang=\"PT-BR\" xml:lang=\"PT-BR\" data-contrast=\"auto\"><span class=\"NormalTextRun SCXW40514102 BCX0\">Rua Jo\u00e3o <\/span><\/span><span class=\"LineBreakBlob BlobObject DragDrop SCXW40514102 BCX0\"><span class=\"SCXW40514102 BCX0\">\u00a0<\/span><\/span><span class=\"TextRun SCXW40514102 BCX0\" lang=\"PT-BR\" xml:lang=\"PT-BR\" data-contrast=\"auto\"><span class=\"NormalTextRun SCXW40514102 BCX0\">Toniolli<\/span><span class=\"NormalTextRun SCXW40514102 BCX0\"> n\u00ba <\/span><span class=\"NormalTextRun SCXW40514102 BCX0\">3.461<\/span><\/span><span class=\"LineBreakBlob BlobObject DragDrop SCXW40514102 BCX0\"><span class=\"SCXW40514102 BCX0\">\u00a0<\/span><br class=\"SCXW40514102 BCX0\"\/><\/span><span class=\"TextRun SCXW40514102 BCX0\" lang=\"PT-BR\" xml:lang=\"PT-BR\" data-contrast=\"auto\"><span class=\"NormalTextRun SCXW40514102 BCX0\">\u2013 <\/span><span class=\"NormalTextRun SCXW40514102 BCX0\">UBS <\/span><span class=\"NormalTextRun SCXW40514102 BCX0\">Adelino <\/span><span class=\"NormalTextRun SCXW40514102 BCX0\">Simioni<\/span> <\/span><span class=\"LineBreakBlob BlobObject DragDrop SCXW40514102 BCX0\"><span class=\"SCXW40514102 BCX0\">\u00a0<\/span><\/span><span class=\"TextRun SCXW40514102 BCX0\" lang=\"PT-BR\" xml:lang=\"PT-BR\" data-contrast=\"auto\"><span class=\"NormalTextRun SCXW40514102 BCX0\">Rua Ant\u00f4nio Augusto <\/span><\/span><span class=\"LineBreakBlob BlobObject DragDrop SCXW40514102 BCX0\"><span class=\"SCXW40514102 BCX0\">\u00a0<\/span><\/span><span class=\"TextRun SCXW40514102 BCX0\" lang=\"PT-BR\" xml:lang=\"PT-BR\" data-contrast=\"auto\"><span class=\"NormalTextRun SCXW40514102 BCX0\">Carvalho<\/span><span class=\"NormalTextRun SCXW40514102 BCX0\"> n\u00ba <\/span><span class=\"NormalTextRun SCXW40514102 BCX0\">672<\/span><\/span><span class=\"LineBreakBlob BlobObject DragDrop SCXW40514102 BCX0\"><span class=\"SCXW40514102 BCX0\">\u00a0<\/span><br class=\"SCXW40514102 BCX0\"\/><\/span><span class=\"TextRun SCXW40514102 BCX0\" lang=\"PT-BR\" xml:lang=\"PT-BR\" data-contrast=\"auto\"><span class=\"NormalTextRun SCXW40514102 BCX0\">\u2013 <\/span><span class=\"NormalTextRun SCXW40514102 BCX0\">UBS <\/span><span class=\"NormalTextRun SpellingErrorV2Themed SCXW40514102 BCX0\">Bonim<\/span><span class=\"NormalTextRun SCXW40514102 BCX0\"> Paulista<\/span><\/span> <span class=\"TextRun SCXW40514102 BCX0\" lang=\"PT-BR\" xml:lang=\"PT-BR\" data-contrast=\"auto\"><span class=\"NormalTextRun SCXW40514102 BCX0\">Rua Azarias Vieira <\/span><\/span><span class=\"LineBreakBlob BlobObject DragDrop SCXW40514102 BCX0\"><span class=\"SCXW40514102 BCX0\">\u00a0<\/span><\/span><span class=\"TextRun SCXW40514102 BCX0\" lang=\"PT-BR\" xml:lang=\"PT-BR\" data-contrast=\"auto\"><span class=\"NormalTextRun SCXW40514102 BCX0\">de Almeida<\/span><span class=\"NormalTextRun SCXW40514102 BCX0\"> n\u00ba <\/span><span class=\"NormalTextRun SCXW40514102 BCX0\">620<\/span><\/span><span class=\"LineBreakBlob BlobObject DragDrop SCXW40514102 BCX0\"><span class=\"SCXW40514102 BCX0\">\u00a0<\/span><br class=\"SCXW40514102 BCX0\"\/><\/span><span class=\"TextRun SCXW40514102 BCX0\" lang=\"PT-BR\" xml:lang=\"PT-BR\" data-contrast=\"auto\"><span class=\"NormalTextRun SCXW40514102 BCX0\">\u2013 <\/span><span class=\"NormalTextRun SCXW40514102 BCX0\">UBS <\/span><span class=\"NormalTextRun SCXW40514102 BCX0\">Santa Cruz <\/span><\/span><span class=\"LineBreakBlob BlobObject DragDrop SCXW40514102 BCX0\"><span class=\"SCXW40514102 BCX0\">\u00a0<\/span><\/span><span class=\"TextRun SCXW40514102 BCX0\" lang=\"PT-BR\" xml:lang=\"PT-BR\" data-contrast=\"auto\"><span class=\"NormalTextRun SCXW40514102 BCX0\">Rua Triunfo<\/span><span class=\"NormalTextRun SCXW40514102 BCX0\"> n\u00ba <\/span><span class=\"NormalTextRun SCXW40514102 BCX0\">1.070<\/span><\/span><span class=\"LineBreakBlob BlobObject DragDrop SCXW40514102 BCX0\"><span class=\"SCXW40514102 BCX0\">\u00a0<\/span><br class=\"SCXW40514102 BCX0\"\/><\/span><span class=\"TextRun SCXW40514102 BCX0\" lang=\"PT-BR\" xml:lang=\"PT-BR\" data-contrast=\"auto\"><span class=\"NormalTextRun SCXW40514102 BCX0\">\u2013 <\/span><span class=\"NormalTextRun SCXW40514102 BCX0\">UBS <\/span><span class=\"NormalTextRun SCXW40514102 BCX0\">Parque Ribeir\u00e3o Preto<\/span><\/span> <span class=\"TextRun SCXW40514102 BCX0\" lang=\"PT-BR\" xml:lang=\"PT-BR\" data-contrast=\"auto\"><span class=\"NormalTextRun SCXW40514102 BCX0\">Rua Guy <\/span><span class=\"NormalTextRun SCXW40514102 BCX0\">Saad<\/span> <\/span><span class=\"LineBreakBlob BlobObject DragDrop SCXW40514102 BCX0\"><span class=\"SCXW40514102 BCX0\">\u00a0<\/span><\/span><span class=\"TextRun SCXW40514102 BCX0\" lang=\"PT-BR\" xml:lang=\"PT-BR\" data-contrast=\"auto\"><span class=\"NormalTextRun SCXW40514102 BCX0\">Salom\u00e3o<\/span><span class=\"NormalTextRun SCXW40514102 BCX0\"> n\u00ba <\/span><span class=\"NormalTextRun SCXW40514102 BCX0\">225<\/span><\/span><span class=\"LineBreakBlob BlobObject DragDrop SCXW40514102 BCX0\"><span class=\"SCXW40514102 BCX0\">\u00a0<\/span><br class=\"SCXW40514102 BCX0\"\/><\/span><span class=\"TextRun SCXW40514102 BCX0\" lang=\"PT-BR\" xml:lang=\"PT-BR\" data-contrast=\"auto\"><span class=\"NormalTextRun SCXW40514102 BCX0\">\u2013 <\/span><span class=\"NormalTextRun SCXW40514102 BCX0\">UBS <\/span><span class=\"NormalTextRun SCXW40514102 BCX0\">Vila Recreio<\/span><\/span> <span class=\"TextRun SCXW40514102 BCX0\" lang=\"PT-BR\" xml:lang=\"PT-BR\" data-contrast=\"auto\"><span class=\"NormalTextRun SCXW40514102 BCX0\">Rua Tabatinga<\/span><span class=\"NormalTextRun SCXW40514102 BCX0\"> n\u00ba <\/span><span class=\"NormalTextRun SCXW40514102 BCX0\">320<\/span><\/span><span class=\"LineBreakBlob BlobObject DragDrop SCXW40514102 BCX0\"><span class=\"SCXW40514102 BCX0\">\u00a0<\/span><br class=\"SCXW40514102 BCX0\"\/><\/span><span class=\"TextRun SCXW40514102 BCX0\" lang=\"PT-BR\" xml:lang=\"PT-BR\" data-contrast=\"auto\"><span class=\"NormalTextRun SCXW40514102 BCX0\">\u2013 <\/span><span class=\"NormalTextRun SCXW40514102 BCX0\">UBDS <\/span><span class=\"NormalTextRun SCXW40514102 BCX0\">Castelo Branco<\/span><\/span> <span class=\"TextRun SCXW40514102 BCX0\" lang=\"PT-BR\" xml:lang=\"PT-BR\" data-contrast=\"auto\"><span class=\"NormalTextRun SCXW40514102 BCX0\">Rua Dom Luiz do Amaral <\/span><\/span><span class=\"LineBreakBlob BlobObject DragDrop SCXW40514102 BCX0\"><span class=\"SCXW40514102 BCX0\">\u00a0<\/span><\/span><span class=\"TextRun SCXW40514102 BCX0\" lang=\"PT-BR\" xml:lang=\"PT-BR\" data-contrast=\"auto\"><span class=\"NormalTextRun SCXW40514102 BCX0\">Mousinho<\/span><span class=\"NormalTextRun SCXW40514102 BCX0\"> n\u00ba <\/span><span class=\"NormalTextRun SCXW40514102 BCX0\">3.300<\/span><\/span><span class=\"EOP SCXW40514102 BCX0\" data-ccp-props=\"{}\">\u00a0<\/span><\/p>\n<\/div>\n<p><script async src=\"\/\/platform.twitter.com\/widgets.js\" charset=\"utf-8\"><\/script><br \/>\n<br \/><br \/>\n<br \/><a href=\"https:\/\/www.tribunaribeirao.com.br\/amanha-tem-dia-d-de-vacinacao\/\">Source link <\/a><\/p>\n<!-- CONTENT END 1 -->\n","protected":false},"excerpt":{"rendered":"<p>9 de maio de 2025 13:309 de maio de 2025 09:1610 Compartilhar0 A Secretaria Municipal da Sa\u00fade promove neste s\u00e1bado, 10 de maio, o Dia&#8230;<\/p>\n","protected":false},"author":1,"featured_media":69816,"comment_status":"open","ping_status":"open","sticky":false,"template":"","format":"standard","meta":{"advanced_seo_description":"","jetpack_seo_html_title":"","jetpack_seo_noindex":false,"jetpack_post_was_ever_published":false,"_jetpack_newsletter_access":"","_jetpack_dont_email_post_to_subs":false,"_jetpack_newsletter_tier_id":0,"_jetpack_memberships_contains_paywalled_content":false,"_jetpack_memberships_contains_paid_content":false,"footnotes":"","jetpack_publicize_message":"","jetpack_publicize_feature_enabled":true,"jetpack_social_post_already_shared":true,"jetpack_social_options":{"image_generator_settings":{"template":"highway","default_image_id":0,"font":"","enabled":false},"version":2}},"categories":[11],"tags":[],"class_list":["post-69815","post","type-post","status-publish","format-standard","has-post-thumbnail","hentry","category-noticias-de-ribeirao-preto-sp-e-regiao-ismael-colosi"],"jetpack_publicize_connections":[],"jetpack_featured_media_url":"https:\/\/i0.wp.com\/noticiasribeiraopreto.com.br\/wp-content\/uploads\/2025\/05\/GripeRP-Marcelo-Camargo-Ag.Br_.-2.jpg?fit=1170%2C700&ssl=1","jetpack-related-posts":[{"id":47341,"url":"https:\/\/noticiasribeiraopreto.com.br\/index.php\/2024\/04\/25\/bolsa-familia-oferece-r-2-mil-em-maio-descubra-se-voce-esta-na-lista\/","url_meta":{"origin":69815,"position":0},"title":"Bolsa Fam\u00edlia oferece R$ 2 Mil em Maio: Descubra se voc\u00ea est\u00e1 na lista","author":"noticiasribeiraopreto.com.br","date":"25 de April de 2024","format":false,"excerpt":"A recente decis\u00e3o de permitir o ac\u00famulo do Bolsa Fam\u00edlia e dos Benef\u00edcios de Pagamento Cont\u00ednuo (BPC) \u00e9 uma not\u00edcia positiva para os benefici\u00e1rios, pois aumenta a probabilidade de receber mais de 2 mil reais a partir de maio de 2024. O BPC \u00e9 um benef\u00edcio eleg\u00edvel para idosos e\u2026","rel":"","context":"In &quot;Dinheiro e Investimento&quot;","block_context":{"text":"Dinheiro e Investimento","link":"https:\/\/noticiasribeiraopreto.com.br\/index.php\/category\/dinheiro-e-investimento-como-fazer-como-ganhar\/"},"img":{"alt_text":"","src":"https:\/\/i0.wp.com\/noticiasribeiraopreto.com.br\/wp-content\/uploads\/2024\/04\/Design-sem-nome-3.webp.webp?fit=1200%2C630&ssl=1&resize=350%2C200","width":350,"height":200,"srcset":"https:\/\/i0.wp.com\/noticiasribeiraopreto.com.br\/wp-content\/uploads\/2024\/04\/Design-sem-nome-3.webp.webp?fit=1200%2C630&ssl=1&resize=350%2C200 1x, https:\/\/i0.wp.com\/noticiasribeiraopreto.com.br\/wp-content\/uploads\/2024\/04\/Design-sem-nome-3.webp.webp?fit=1200%2C630&ssl=1&resize=525%2C300 1.5x, https:\/\/i0.wp.com\/noticiasribeiraopreto.com.br\/wp-content\/uploads\/2024\/04\/Design-sem-nome-3.webp.webp?fit=1200%2C630&ssl=1&resize=700%2C400 2x, https:\/\/i0.wp.com\/noticiasribeiraopreto.com.br\/wp-content\/uploads\/2024\/04\/Design-sem-nome-3.webp.webp?fit=1200%2C630&ssl=1&resize=1050%2C600 3x"},"classes":[]},{"id":47242,"url":"https:\/\/noticiasribeiraopreto.com.br\/index.php\/2024\/04\/25\/bolsa-familia-governo-divulga-nova-lista-nis-de-contemplados-para-receber-r-800-em-maio-confira-calendario\/","url_meta":{"origin":69815,"position":1},"title":"Bolsa Fam\u00edlia: Governo divulga nova lista NIS de contemplados para receber R$ 800 em MAIO; Confira calend\u00e1rio","author":"noticiasribeiraopreto.com.br","date":"25 de April de 2024","format":false,"excerpt":"O programa Bolsa Fam\u00edlia, que j\u00e1 se tornou parte importante do apoio socioecon\u00f4mico a milhares de fam\u00edlias no Brasil, apresenta novos pagamentos e benef\u00edcios adicionais que ter\u00e3o in\u00edcio no pr\u00f3ximo m\u00eas. Entenda agora como \u00e9 o pagamento e quais s\u00e3o os novos benef\u00edcios para os benefici\u00e1rios. 1. Quando come\u00e7am os\u2026","rel":"","context":"In &quot;Dinheiro e Investimento&quot;","block_context":{"text":"Dinheiro e Investimento","link":"https:\/\/noticiasribeiraopreto.com.br\/index.php\/category\/dinheiro-e-investimento-como-fazer-como-ganhar\/"},"img":{"alt_text":"","src":"https:\/\/i0.wp.com\/noticiasribeiraopreto.com.br\/wp-content\/uploads\/2024\/04\/STARTUP-2.webp.webp?fit=1200%2C630&ssl=1&resize=350%2C200","width":350,"height":200,"srcset":"https:\/\/i0.wp.com\/noticiasribeiraopreto.com.br\/wp-content\/uploads\/2024\/04\/STARTUP-2.webp.webp?fit=1200%2C630&ssl=1&resize=350%2C200 1x, https:\/\/i0.wp.com\/noticiasribeiraopreto.com.br\/wp-content\/uploads\/2024\/04\/STARTUP-2.webp.webp?fit=1200%2C630&ssl=1&resize=525%2C300 1.5x, https:\/\/i0.wp.com\/noticiasribeiraopreto.com.br\/wp-content\/uploads\/2024\/04\/STARTUP-2.webp.webp?fit=1200%2C630&ssl=1&resize=700%2C400 2x, https:\/\/i0.wp.com\/noticiasribeiraopreto.com.br\/wp-content\/uploads\/2024\/04\/STARTUP-2.webp.webp?fit=1200%2C630&ssl=1&resize=1050%2C600 3x"},"classes":[]},{"id":68932,"url":"https:\/\/noticiasribeiraopreto.com.br\/index.php\/2025\/04\/30\/frente-fria-e-queda-da-temperatura-em-maio-veja-previsao-para-o-mes-no-estado-de-sp\/","url_meta":{"origin":69815,"position":2},"title":"Frente fria e queda da temperatura em maio? Veja previs\u00e3o para o m\u00eas no estado de SP","author":"noticiasribeiraopreto.com.br","date":"30 de April de 2025","format":false,"excerpt":"O m\u00eas de maio come\u00e7a nesta quinta-feira (1), feriado do Dia do Trabalho, e a meteorologia divulgou a previs\u00e3o clim\u00e1tica para o per\u00edodo. A Climatempo diz que em maio de 2025 n\u00e3o haver\u00e1 a influ\u00eancia de fen\u00f4menos como El Ni\u00f1o e La Ni\u00f1a, pois ser\u00e1 de neutralidade t\u00e9rmica no Oceano\u2026","rel":"","context":"In &quot;Not\u00edcias de Ribeir\u00e3o Preto-SP e Regi\u00e3o&quot;","block_context":{"text":"Not\u00edcias de Ribeir\u00e3o Preto-SP e Regi\u00e3o","link":"https:\/\/noticiasribeiraopreto.com.br\/index.php\/category\/noticias-de-ribeirao-preto-sp-e-regiao-ismael-colosi\/"},"img":{"alt_text":"","src":"https:\/\/i0.wp.com\/noticiasribeiraopreto.com.br\/wp-content\/uploads\/2025\/04\/ceu_nublado_e_tempo_frio_em_campinas_cxdigo_19_166036-scaled.jpg?fit=1200%2C800&ssl=1&resize=350%2C200","width":350,"height":200,"srcset":"https:\/\/i0.wp.com\/noticiasribeiraopreto.com.br\/wp-content\/uploads\/2025\/04\/ceu_nublado_e_tempo_frio_em_campinas_cxdigo_19_166036-scaled.jpg?fit=1200%2C800&ssl=1&resize=350%2C200 1x, https:\/\/i0.wp.com\/noticiasribeiraopreto.com.br\/wp-content\/uploads\/2025\/04\/ceu_nublado_e_tempo_frio_em_campinas_cxdigo_19_166036-scaled.jpg?fit=1200%2C800&ssl=1&resize=525%2C300 1.5x, https:\/\/i0.wp.com\/noticiasribeiraopreto.com.br\/wp-content\/uploads\/2025\/04\/ceu_nublado_e_tempo_frio_em_campinas_cxdigo_19_166036-scaled.jpg?fit=1200%2C800&ssl=1&resize=700%2C400 2x, https:\/\/i0.wp.com\/noticiasribeiraopreto.com.br\/wp-content\/uploads\/2025\/04\/ceu_nublado_e_tempo_frio_em_campinas_cxdigo_19_166036-scaled.jpg?fit=1200%2C800&ssl=1&resize=1050%2C600 3x"},"classes":[]},{"id":14115,"url":"https:\/\/noticiasribeiraopreto.com.br\/index.php\/2023\/12\/11\/obras-do-corredor-de-onibus-castelo-branco-13-de-maio-estao-em-andamento\/","url_meta":{"origin":69815,"position":3},"title":"Obras do corredor de \u00f4nibus Castelo Branco\/ 13 de Maio est\u00e3o em andamento \u2013 Folha de Ribeir\u00e3o","author":"noticiasribeiraopreto.com.br","date":"11 de December de 2023","format":false,"excerpt":"As obras do corredor de \u00f4nibus das avenidas Castelo Branco\/ 13 de Maio est\u00e3o\u00a0em ritmo acelerado, com mais de 40% do projeto conclu\u00eddo. Com previs\u00e3o para ser entregue em setembro de 2024, os trabalhos est\u00e3o concentrados na reconstru\u00e7\u00e3o do pavimento dos corredores na avenida Le\u00e3o XIII e, nas marginais da\u2026","rel":"","context":"In &quot;Not\u00edcias de Ribeir\u00e3o Preto-SP e Regi\u00e3o&quot;","block_context":{"text":"Not\u00edcias de Ribeir\u00e3o Preto-SP e Regi\u00e3o","link":"https:\/\/noticiasribeiraopreto.com.br\/index.php\/category\/noticias-de-ribeirao-preto-sp-e-regiao-ismael-colosi\/"},"img":{"alt_text":"","src":"https:\/\/i0.wp.com\/noticiasribeiraopreto.com.br\/wp-content\/uploads\/2023\/12\/obras_corredor_castelo_branco_-_foto_guilherme_sircili_5.jpg?fit=1200%2C800&ssl=1&resize=350%2C200","width":350,"height":200,"srcset":"https:\/\/i0.wp.com\/noticiasribeiraopreto.com.br\/wp-content\/uploads\/2023\/12\/obras_corredor_castelo_branco_-_foto_guilherme_sircili_5.jpg?fit=1200%2C800&ssl=1&resize=350%2C200 1x, https:\/\/i0.wp.com\/noticiasribeiraopreto.com.br\/wp-content\/uploads\/2023\/12\/obras_corredor_castelo_branco_-_foto_guilherme_sircili_5.jpg?fit=1200%2C800&ssl=1&resize=525%2C300 1.5x, https:\/\/i0.wp.com\/noticiasribeiraopreto.com.br\/wp-content\/uploads\/2023\/12\/obras_corredor_castelo_branco_-_foto_guilherme_sircili_5.jpg?fit=1200%2C800&ssl=1&resize=700%2C400 2x, https:\/\/i0.wp.com\/noticiasribeiraopreto.com.br\/wp-content\/uploads\/2023\/12\/obras_corredor_castelo_branco_-_foto_guilherme_sircili_5.jpg?fit=1200%2C800&ssl=1&resize=1050%2C600 3x"},"classes":[]},{"id":70198,"url":"https:\/\/noticiasribeiraopreto.com.br\/index.php\/2025\/05\/23\/inss-devolvera-descontos-indevidos-de-abril-a-partir-de-segunda-feira\/","url_meta":{"origin":69815,"position":4},"title":"INSS devolver\u00e1 descontos indevidos de abril a partir de segunda-feira","author":"noticiasribeiraopreto.com.br","date":"23 de May de 2025","format":false,"excerpt":"23 de maio de 2025 15:551 Compartilhar0 Todos os aposentados e pensionistas do INSS que sofreram algum desconto de mensalidade associativa na folha de pagamentos referente a abril ter\u00e3o os valores devolvidos a partir desta segunda-feira, 26 de maio. Ser\u00e3o reembolsados, ao todo, R$ 292 milh\u00f5es aos benefici\u00e1rios. No fim\u2026","rel":"","context":"In &quot;Not\u00edcias de Ribeir\u00e3o Preto-SP e Regi\u00e3o&quot;","block_context":{"text":"Not\u00edcias de Ribeir\u00e3o Preto-SP e Regi\u00e3o","link":"https:\/\/noticiasribeiraopreto.com.br\/index.php\/category\/noticias-de-ribeirao-preto-sp-e-regiao-ismael-colosi\/"},"img":{"alt_text":"","src":"https:\/\/i0.wp.com\/noticiasribeiraopreto.com.br\/wp-content\/uploads\/2025\/05\/Como-consultar-beneficio-por-incapacidade-INSS.jpg?fit=1200%2C729&ssl=1&resize=350%2C200","width":350,"height":200,"srcset":"https:\/\/i0.wp.com\/noticiasribeiraopreto.com.br\/wp-content\/uploads\/2025\/05\/Como-consultar-beneficio-por-incapacidade-INSS.jpg?fit=1200%2C729&ssl=1&resize=350%2C200 1x, https:\/\/i0.wp.com\/noticiasribeiraopreto.com.br\/wp-content\/uploads\/2025\/05\/Como-consultar-beneficio-por-incapacidade-INSS.jpg?fit=1200%2C729&ssl=1&resize=525%2C300 1.5x, https:\/\/i0.wp.com\/noticiasribeiraopreto.com.br\/wp-content\/uploads\/2025\/05\/Como-consultar-beneficio-por-incapacidade-INSS.jpg?fit=1200%2C729&ssl=1&resize=700%2C400 2x, https:\/\/i0.wp.com\/noticiasribeiraopreto.com.br\/wp-content\/uploads\/2025\/05\/Como-consultar-beneficio-por-incapacidade-INSS.jpg?fit=1200%2C729&ssl=1&resize=1050%2C600 3x"},"classes":[]},{"id":69907,"url":"https:\/\/noticiasribeiraopreto.com.br\/index.php\/2025\/05\/10\/ribeirao-preto-recebe-projeto-que-leva-palestras-cientificas-aos-bares\/","url_meta":{"origin":69815,"position":5},"title":"Ribeir\u00e3o Preto recebe projeto que leva palestras cient\u00edficas aos bares","author":"noticiasribeiraopreto.com.br","date":"10 de May de 2025","format":false,"excerpt":"Entre os dias 19 a 21 de maio, sempre \u00e0s 19h, cientistas e pesquisadores do projeto Pint Of Science ir\u00e3o se apresentar em quatro bares e cervejarias de Ribeir\u00e3o Preto com palestras e mesas redondas sobre suas descobertas e \u00e1reas de conhecimento. Neste ano, o projeto comemora 10 anos no\u2026","rel":"","context":"In &quot;Not\u00edcias de Ribeir\u00e3o Preto-SP e Regi\u00e3o&quot;","block_context":{"text":"Not\u00edcias de Ribeir\u00e3o Preto-SP e Regi\u00e3o","link":"https:\/\/noticiasribeiraopreto.com.br\/index.php\/category\/noticias-de-ribeirao-preto-sp-e-regiao-ismael-colosi\/"},"img":{"alt_text":"","src":"https:\/\/i0.wp.com\/noticiasribeiraopreto.com.br\/wp-content\/uploads\/2025\/05\/Pint-Of-Science-158-_2025-05-10_14-18-29.webp.webp?fit=1200%2C675&ssl=1&resize=350%2C200","width":350,"height":200,"srcset":"https:\/\/i0.wp.com\/noticiasribeiraopreto.com.br\/wp-content\/uploads\/2025\/05\/Pint-Of-Science-158-_2025-05-10_14-18-29.webp.webp?fit=1200%2C675&ssl=1&resize=350%2C200 1x, https:\/\/i0.wp.com\/noticiasribeiraopreto.com.br\/wp-content\/uploads\/2025\/05\/Pint-Of-Science-158-_2025-05-10_14-18-29.webp.webp?fit=1200%2C675&ssl=1&resize=525%2C300 1.5x, https:\/\/i0.wp.com\/noticiasribeiraopreto.com.br\/wp-content\/uploads\/2025\/05\/Pint-Of-Science-158-_2025-05-10_14-18-29.webp.webp?fit=1200%2C675&ssl=1&resize=700%2C400 2x, https:\/\/i0.wp.com\/noticiasribeiraopreto.com.br\/wp-content\/uploads\/2025\/05\/Pint-Of-Science-158-_2025-05-10_14-18-29.webp.webp?fit=1200%2C675&ssl=1&resize=1050%2C600 3x"},"classes":[]}],"jetpack_sharing_enabled":true,"jetpack_shortlink":"https:\/\/wp.me\/peQAOb-ia3","_links":{"self":[{"href":"https:\/\/noticiasribeiraopreto.com.br\/index.php\/wp-json\/wp\/v2\/posts\/69815","targetHints":{"allow":["GET"]}}],"collection":[{"href":"https:\/\/noticiasribeiraopreto.com.br\/index.php\/wp-json\/wp\/v2\/posts"}],"about":[{"href":"https:\/\/noticiasribeiraopreto.com.br\/index.php\/wp-json\/wp\/v2\/types\/post"}],"author":[{"embeddable":true,"href":"https:\/\/noticiasribeiraopreto.com.br\/index.php\/wp-json\/wp\/v2\/users\/1"}],"replies":[{"embeddable":true,"href":"https:\/\/noticiasribeiraopreto.com.br\/index.php\/wp-json\/wp\/v2\/comments?post=69815"}],"version-history":[{"count":0,"href":"https:\/\/noticiasribeiraopreto.com.br\/index.php\/wp-json\/wp\/v2\/posts\/69815\/revisions"}],"wp:featuredmedia":[{"embeddable":true,"href":"https:\/\/noticiasribeiraopreto.com.br\/index.php\/wp-json\/wp\/v2\/media\/69816"}],"wp:attachment":[{"href":"https:\/\/noticiasribeiraopreto.com.br\/index.php\/wp-json\/wp\/v2\/media?parent=69815"}],"wp:term":[{"taxonomy":"category","embeddable":true,"href":"https:\/\/noticiasribeiraopreto.com.br\/index.php\/wp-json\/wp\/v2\/categories?post=69815"},{"taxonomy":"post_tag","embeddable":true,"href":"https:\/\/noticiasribeiraopreto.com.br\/index.php\/wp-json\/wp\/v2\/tags?post=69815"}],"curies":[{"name":"wp","href":"https:\/\/api.w.org\/{rel}","templated":true}]}}