{"id":69817,"date":"2025-05-09T13:54:01","date_gmt":"2025-05-09T16:54:01","guid":{"rendered":"https:\/\/noticiasribeiraopreto.com.br\/index.php\/2025\/05\/09\/bazar-neste-dia-9-5-oferece-presentes-para-o-dia-das-maes\/"},"modified":"2025-05-09T13:54:01","modified_gmt":"2025-05-09T16:54:01","slug":"bazar-neste-dia-9-5-oferece-presentes-para-o-dia-das-maes","status":"publish","type":"post","link":"https:\/\/noticiasribeiraopreto.com.br\/index.php\/2025\/05\/09\/bazar-neste-dia-9-5-oferece-presentes-para-o-dia-das-maes\/","title":{"rendered":"Bazar neste dia 9\/5 oferece presentes para o Dia das M\u00e3es"},"content":{"rendered":"<p> <br \/>\n<\/p>\n<div>\n<p>A Funda\u00e7\u00e3o Esp\u00edrita Allan Kardec promove nesta sexta-feira, dia 9 de maio, das 9h \u00e0s 14h, o tradicional Bazar de Dia das M\u00e3es, com uma variedade de produtos artesanais a partir de R$ 5. O evento ser\u00e1 realizado na entrada da institui\u00e7\u00e3o, localizada no bairro Cidade Nova.<\/p>\n<p>Estar\u00e3o \u00e0 venda caixas em MDF, vasos com suculentas, camisetas novas e hortali\u00e7as frescas, todos produzidos por pacientes atendidos nas oficinas de terapia ocupacional e na Oficina Agr\u00edcola \u2014 projetos de reabilita\u00e7\u00e3o e gera\u00e7\u00e3o de renda, respectivamente, voltados para pessoas em tratamento na \u00e1rea de sa\u00fade mental.<\/p>\n<p>Al\u00e9m de garantir um presente exclusivo e feito \u00e0 m\u00e3o para o Dia das M\u00e3es, quem participar do bazar tamb\u00e9m estar\u00e1 contribuindo diretamente com o fortalecimento das a\u00e7\u00f5es sociais da Funda\u00e7\u00e3o.<\/p>\n<p>\u201cA proposta \u00e9 valorizar o trabalho dos nossos atendidos, promovendo autonomia, autoestima e inclus\u00e3o social por meio da produ\u00e7\u00e3o artesanal\u201d, destaca Renata Vieitez, coordenadora das Oficinas Inspira\u00e7\u00e3o, onde est\u00e1 inclu\u00edda a Oficina Agr\u00edcola.<\/p>\n<p>Servi\u00e7o<\/p>\n<p>Bazar de Dia das M\u00e3es \u2013 Funda\u00e7\u00e3o Allan Kardec<\/p>\n<p>Data: Sexta-feira, 9 de maio de 2025<\/p>\n<p>Hor\u00e1rio: Das 9h \u00e0s 14h<\/p>\n<p>Local: Funda\u00e7\u00e3o Esp\u00edrita Allan Kardec \u2013 Rua Jos\u00e9 Marques Garcia, n\u00ba 675, Bairro Cidade Nova \u2013 Franca (SP)<\/p>\n<p>Produtos: Artesanatos em MDF, suculentas, camisetas e hortali\u00e7as<\/p>\n<p>Pre\u00e7os a partir de R$ 5<\/p>\n<p>\u00a0<strong>Promo\u00e7\u00e3o do F3 Not\u00edcias com parceiros<\/strong><\/p>\n<p>Tr\u00eas super presentes para sua m\u00e3e no Sorteio Especial da promo\u00e7\u00e3o do F3 Not\u00edcias com parceiros!<\/p>\n<p>Promo\u00e7\u00e3o que oferece um super presente para sua m\u00e3e!<\/p>\n<p>Participe da promo\u00e7\u00e3o do Dia das M\u00e3es do F3 Not\u00edcias com o Instituto Bianchini Peixoto, Nanda Store e Ana Paula Pod\u00f3loga. O sorteio \u00e9 no dia 9\/5!<\/p>\n<p>Acesse o link abaixo e boa sorte!<\/p>\n<p>\u00a0<\/p>\n<blockquote class=\"instagram-media\" style=\"background: #FFF; border: 0; border-radius: 3px; box-shadow: 0 0 1px 0 rgba(0,0,0,0.5),0 1px 10px 0 rgba(0,0,0,0.15); margin: 1px; max-width: 540px; min-width: 326px; padding: 0; width: calc(100% - 2px);\" data-instgrm-captioned=\"\" data-instgrm-permalink=\"https:\/\/www.instagram.com\/p\/DJAltkLsgTC\/?utm_source=ig_embed&amp;utm_campaign=loading\" data-instgrm-version=\"14\">\n<\/blockquote>\n<p><!-- CONTENT END 1 --><\/p><\/div>\n<p><script async src=\"\/\/www.instagram.com\/embed.js\"><\/script><br \/>\n<br \/><br \/>\n<br \/><a href=\"https:\/\/www.f3noticias.com.br\/bazar-neste-dia-9-5-oferece-presentes-para-o-dia-das-maes\/\">Source link <\/a><\/p>\n","protected":false},"excerpt":{"rendered":"<p>A Funda\u00e7\u00e3o Esp\u00edrita Allan Kardec promove nesta sexta-feira, dia 9 de maio, das 9h \u00e0s 14h, o tradicional Bazar de Dia das M\u00e3es, com uma&#8230;<\/p>\n","protected":false},"author":1,"featured_media":69818,"comment_status":"open","ping_status":"open","sticky":false,"template":"","format":"standard","meta":{"advanced_seo_description":"","jetpack_seo_html_title":"","jetpack_seo_noindex":false,"jetpack_post_was_ever_published":false,"_jetpack_newsletter_access":"","_jetpack_dont_email_post_to_subs":false,"_jetpack_newsletter_tier_id":0,"_jetpack_memberships_contains_paywalled_content":false,"_jetpack_memberships_contains_paid_content":false,"footnotes":"","jetpack_publicize_message":"","jetpack_publicize_feature_enabled":true,"jetpack_social_post_already_shared":true,"jetpack_social_options":{"image_generator_settings":{"template":"highway","default_image_id":0,"font":"","enabled":false},"version":2}},"categories":[3597],"tags":[],"class_list":["post-69817","post","type-post","status-publish","format-standard","has-post-thumbnail","hentry","category-noticias-franca-sp"],"jetpack_publicize_connections":[],"jetpack_featured_media_url":"https:\/\/i0.wp.com\/noticiasribeiraopreto.com.br\/wp-content\/uploads\/2025\/05\/IMG-20250506-WA0014.jpg?fit=1600%2C1200&ssl=1","jetpack-related-posts":[{"id":69450,"url":"https:\/\/noticiasribeiraopreto.com.br\/index.php\/2025\/05\/06\/jornal-da-franca-com-produtos-a-partir-de-r-500-fundacao-allan-kardec-faz-bazar-do-dia-das-maes\/","url_meta":{"origin":69817,"position":0},"title":"Jornal da Franca &#8211; Com produtos a partir de R$ 5,00, &#8220;Funda\u00e7\u00e3o Allan Kardec&#8221; faz Bazar do Dia das M\u00e3es","author":"noticiasribeiraopreto.com.br","date":"6 de May de 2025","format":false,"excerpt":"compartilhar no whatsapp compartilhar no telegram compartilhar no facebook compartilhar no linkedin Evento acontece nesta sexta-feira (9), com artesanatos exclusivos e hortali\u00e7as produzidas em oficinas terap\u00eauticas de sa\u00fade mental A Funda\u00e7\u00e3o Esp\u00edrita Allan Kardec promove nesta sexta-feira, dia 9 de maio, das 9h \u00e0s 14h, o tradicional Bazar de Dia\u2026","rel":"","context":"In &quot;Not\u00edcias de Franca-SP&quot;","block_context":{"text":"Not\u00edcias de Franca-SP","link":"https:\/\/noticiasribeiraopreto.com.br\/index.php\/category\/noticias-de-ribeirao-preto-sp-e-regiao-ismael-colosi\/noticias-franca-sp\/"},"img":{"alt_text":"","src":"https:\/\/i0.wp.com\/noticiasribeiraopreto.com.br\/wp-content\/uploads\/2025\/05\/essa-00.jpg?fit=1170%2C773&ssl=1&resize=350%2C200","width":350,"height":200,"srcset":"https:\/\/i0.wp.com\/noticiasribeiraopreto.com.br\/wp-content\/uploads\/2025\/05\/essa-00.jpg?fit=1170%2C773&ssl=1&resize=350%2C200 1x, https:\/\/i0.wp.com\/noticiasribeiraopreto.com.br\/wp-content\/uploads\/2025\/05\/essa-00.jpg?fit=1170%2C773&ssl=1&resize=525%2C300 1.5x, https:\/\/i0.wp.com\/noticiasribeiraopreto.com.br\/wp-content\/uploads\/2025\/05\/essa-00.jpg?fit=1170%2C773&ssl=1&resize=700%2C400 2x, https:\/\/i0.wp.com\/noticiasribeiraopreto.com.br\/wp-content\/uploads\/2025\/05\/essa-00.jpg?fit=1170%2C773&ssl=1&resize=1050%2C600 3x"},"classes":[]},{"id":71531,"url":"https:\/\/noticiasribeiraopreto.com.br\/index.php\/2025\/06\/07\/pedagio-de-lixo-eletronico-vai-acontecer-neste-dia-7-7-no-bairro-cidade-nova\/","url_meta":{"origin":69817,"position":1},"title":"Ped\u00e1gio de lixo eletr\u00f4nico vai acontecer neste dia 7\/7, no bairro Cidade Nova","author":"noticiasribeiraopreto.com.br","date":"7 de June de 2025","format":false,"excerpt":"Neste s\u00e1bado, dia 7 de junho, a Funda\u00e7\u00e3o Allan Kardec, atrav\u00e9s das Oficinas Inspira\u00e7\u00e3o, promove o 6\u00ba Ped\u00e1gio de Lixo Eletr\u00f4nico, das 9h ao meio-dia, em frente \u00e0 recep\u00e7\u00e3o do hospital, em Franca. A a\u00e7\u00e3o convida a popula\u00e7\u00e3o a descartar corretamente seus aparelhos eletr\u00f4nicos antigos e sem uso, em sistema\u2026","rel":"","context":"In &quot;Not\u00edcias de Franca-SP&quot;","block_context":{"text":"Not\u00edcias de Franca-SP","link":"https:\/\/noticiasribeiraopreto.com.br\/index.php\/category\/noticias-de-ribeirao-preto-sp-e-regiao-ismael-colosi\/noticias-franca-sp\/"},"img":{"alt_text":"","src":"https:\/\/i0.wp.com\/noticiasribeiraopreto.com.br\/wp-content\/uploads\/2025\/06\/lixo-eletronico-allan-kardec.jpeg?fit=1200%2C900&ssl=1&resize=350%2C200","width":350,"height":200,"srcset":"https:\/\/i0.wp.com\/noticiasribeiraopreto.com.br\/wp-content\/uploads\/2025\/06\/lixo-eletronico-allan-kardec.jpeg?fit=1200%2C900&ssl=1&resize=350%2C200 1x, https:\/\/i0.wp.com\/noticiasribeiraopreto.com.br\/wp-content\/uploads\/2025\/06\/lixo-eletronico-allan-kardec.jpeg?fit=1200%2C900&ssl=1&resize=525%2C300 1.5x, https:\/\/i0.wp.com\/noticiasribeiraopreto.com.br\/wp-content\/uploads\/2025\/06\/lixo-eletronico-allan-kardec.jpeg?fit=1200%2C900&ssl=1&resize=700%2C400 2x, https:\/\/i0.wp.com\/noticiasribeiraopreto.com.br\/wp-content\/uploads\/2025\/06\/lixo-eletronico-allan-kardec.jpeg?fit=1200%2C900&ssl=1&resize=1050%2C600 3x"},"classes":[]},{"id":71549,"url":"https:\/\/noticiasribeiraopreto.com.br\/index.php\/2025\/06\/07\/jornal-da-franca-fundacao-allan-kardec-faz-pedagio-de-lixo-eletronico-neste-sabado-7-em-franca\/","url_meta":{"origin":69817,"position":2},"title":"Jornal da Franca &#8211; Funda\u00e7\u00e3o Allan Kardec faz ped\u00e1gio de lixo eletr\u00f4nico neste s\u00e1bado (7), em Franca","author":"noticiasribeiraopreto.com.br","date":"7 de June de 2025","format":false,"excerpt":"compartilhar no whatsapp compartilhar no telegram compartilhar no facebook compartilhar no linkedin A\u00e7\u00e3o sustent\u00e1vel acontece neste s\u00e1bado em sistema drive-thru e une cuidado com o meio ambiente e apoio \u00e0 sa\u00fade mental Neste s\u00e1bado, dia 7 de junho, a Funda\u00e7\u00e3o Allan Kardec, atrav\u00e9s das Oficinas Inspira\u00e7\u00e3o, promove o 6\u00ba Ped\u00e1gio\u2026","rel":"","context":"In &quot;Not\u00edcias de Franca-SP&quot;","block_context":{"text":"Not\u00edcias de Franca-SP","link":"https:\/\/noticiasribeiraopreto.com.br\/index.php\/category\/noticias-de-ribeirao-preto-sp-e-regiao-ismael-colosi\/noticias-franca-sp\/"},"img":{"alt_text":"","src":"https:\/\/i0.wp.com\/noticiasribeiraopreto.com.br\/wp-content\/uploads\/2025\/06\/ad2be41e-10d6-4ff6-8fb2-651f10ad62e8.jpg?fit=1200%2C900&ssl=1&resize=350%2C200","width":350,"height":200,"srcset":"https:\/\/i0.wp.com\/noticiasribeiraopreto.com.br\/wp-content\/uploads\/2025\/06\/ad2be41e-10d6-4ff6-8fb2-651f10ad62e8.jpg?fit=1200%2C900&ssl=1&resize=350%2C200 1x, https:\/\/i0.wp.com\/noticiasribeiraopreto.com.br\/wp-content\/uploads\/2025\/06\/ad2be41e-10d6-4ff6-8fb2-651f10ad62e8.jpg?fit=1200%2C900&ssl=1&resize=525%2C300 1.5x, https:\/\/i0.wp.com\/noticiasribeiraopreto.com.br\/wp-content\/uploads\/2025\/06\/ad2be41e-10d6-4ff6-8fb2-651f10ad62e8.jpg?fit=1200%2C900&ssl=1&resize=700%2C400 2x, https:\/\/i0.wp.com\/noticiasribeiraopreto.com.br\/wp-content\/uploads\/2025\/06\/ad2be41e-10d6-4ff6-8fb2-651f10ad62e8.jpg?fit=1200%2C900&ssl=1&resize=1050%2C600 3x"},"classes":[]},{"id":69507,"url":"https:\/\/noticiasribeiraopreto.com.br\/index.php\/2025\/05\/06\/20-dos-consumidores-ja-se-endividaram-com-presentes-para-o-dia-das-maes-aponta-procon-sp\/","url_meta":{"origin":69817,"position":3},"title":"20% dos consumidores j\u00e1 se endividaram com presentes para o Dia das M\u00e3es, aponta Procon-SP","author":"noticiasribeiraopreto.com.br","date":"6 de May de 2025","format":false,"excerpt":"Um em cada cinco consumidores paulistas (20,8%) que pretendem adquirir produtos no Dia das M\u00e3es este ano j\u00e1 se endividaram ao comprar um presente para esta data, de acordo com consulta virtual do Procon-SP. Decretada h\u00e1 93 anos no pa\u00eds, esta \u00e9 uma das datas mais importantes para o com\u00e9rcio\u2026","rel":"","context":"In &quot;Not\u00edcias de Franca-SP&quot;","block_context":{"text":"Not\u00edcias de Franca-SP","link":"https:\/\/noticiasribeiraopreto.com.br\/index.php\/category\/noticias-de-ribeirao-preto-sp-e-regiao-ismael-colosi\/noticias-franca-sp\/"},"img":{"alt_text":"","src":"https:\/\/i0.wp.com\/noticiasribeiraopreto.com.br\/wp-content\/uploads\/2025\/05\/loja-nanda-avenida-e1713993152402.jpeg?fit=700%2C525&ssl=1&resize=350%2C200","width":350,"height":200,"srcset":"https:\/\/i0.wp.com\/noticiasribeiraopreto.com.br\/wp-content\/uploads\/2025\/05\/loja-nanda-avenida-e1713993152402.jpeg?fit=700%2C525&ssl=1&resize=350%2C200 1x, https:\/\/i0.wp.com\/noticiasribeiraopreto.com.br\/wp-content\/uploads\/2025\/05\/loja-nanda-avenida-e1713993152402.jpeg?fit=700%2C525&ssl=1&resize=525%2C300 1.5x, https:\/\/i0.wp.com\/noticiasribeiraopreto.com.br\/wp-content\/uploads\/2025\/05\/loja-nanda-avenida-e1713993152402.jpeg?fit=700%2C525&ssl=1&resize=700%2C400 2x"},"classes":[]},{"id":49445,"url":"https:\/\/noticiasribeiraopreto.com.br\/index.php\/2024\/05\/10\/shoppings-de-ribeirao-preto-tem-programacao-especial-para-o-dia-das-maes\/","url_meta":{"origin":69817,"position":4},"title":"Shoppings de Ribeir\u00e3o Preto t\u00eam programa\u00e7\u00e3o especial para o Dia das M\u00e3es","author":"noticiasribeiraopreto.com.br","date":"10 de May de 2024","format":false,"excerpt":"O Dia das M\u00e3es \u00e9 comemorado no pr\u00f3ximo domingo, dia 12 de maio. E, para celebrar essa data, os shoppings de Ribeir\u00e3o Preto contam com uma programa\u00e7\u00e3o cultural especial. Confira: Santa \u00darsula\u00a0\u00a0 A Orquestra Sinf\u00f4nica de Ribeir\u00e3o Preto far\u00e1 apresenta\u00e7\u00e3o gratuita no domingo (12), na pra\u00e7a de alimenta\u00e7\u00e3o, das 13h\u2026","rel":"","context":"In &quot;Not\u00edcias de Ribeir\u00e3o Preto-SP e Regi\u00e3o&quot;","block_context":{"text":"Not\u00edcias de Ribeir\u00e3o Preto-SP e Regi\u00e3o","link":"https:\/\/noticiasribeiraopreto.com.br\/index.php\/category\/noticias-de-ribeirao-preto-sp-e-regiao-ismael-colosi\/"},"img":{"alt_text":"","src":"https:\/\/i0.wp.com\/noticiasribeiraopreto.com.br\/wp-content\/uploads\/2024\/05\/Copia-de-Copia-de-TAMANHO-EXATO-PARA-FOTOS-NO-SISTEMA-NOVO-3_2024-05-10_14-19-34_jpg_2024-05-10_14-19-34.webp.webp?fit=1200%2C675&ssl=1&resize=350%2C200","width":350,"height":200,"srcset":"https:\/\/i0.wp.com\/noticiasribeiraopreto.com.br\/wp-content\/uploads\/2024\/05\/Copia-de-Copia-de-TAMANHO-EXATO-PARA-FOTOS-NO-SISTEMA-NOVO-3_2024-05-10_14-19-34_jpg_2024-05-10_14-19-34.webp.webp?fit=1200%2C675&ssl=1&resize=350%2C200 1x, https:\/\/i0.wp.com\/noticiasribeiraopreto.com.br\/wp-content\/uploads\/2024\/05\/Copia-de-Copia-de-TAMANHO-EXATO-PARA-FOTOS-NO-SISTEMA-NOVO-3_2024-05-10_14-19-34_jpg_2024-05-10_14-19-34.webp.webp?fit=1200%2C675&ssl=1&resize=525%2C300 1.5x, https:\/\/i0.wp.com\/noticiasribeiraopreto.com.br\/wp-content\/uploads\/2024\/05\/Copia-de-Copia-de-TAMANHO-EXATO-PARA-FOTOS-NO-SISTEMA-NOVO-3_2024-05-10_14-19-34_jpg_2024-05-10_14-19-34.webp.webp?fit=1200%2C675&ssl=1&resize=700%2C400 2x, https:\/\/i0.wp.com\/noticiasribeiraopreto.com.br\/wp-content\/uploads\/2024\/05\/Copia-de-Copia-de-TAMANHO-EXATO-PARA-FOTOS-NO-SISTEMA-NOVO-3_2024-05-10_14-19-34_jpg_2024-05-10_14-19-34.webp.webp?fit=1200%2C675&ssl=1&resize=1050%2C600 3x"},"classes":[]},{"id":64432,"url":"https:\/\/noticiasribeiraopreto.com.br\/index.php\/2025\/03\/08\/jovens-da-fundacao-casa-de-franca-participam-de-projeto-com-artista-plastico-reconhecido-internacionalmente\/","url_meta":{"origin":69817,"position":5},"title":"Jovens da Funda\u00e7\u00e3o CASA de Franca participam de projeto com artista pl\u00e1stico reconhecido internacionalmente","author":"noticiasribeiraopreto.com.br","date":"8 de March de 2025","format":false,"excerpt":"Os adolescentes que cumprem medida de interna\u00e7\u00e3o na Funda\u00e7\u00e3o Casa (Centro de Atendimento Socioeducativo ao Adolescente de Franca participaram da primeira aula do curso de \u201cDesenho Realista\u201d, ministrado pelo artista pl\u00e1stico Eduardo Carvalho. A atividade aconteceu no dia 24\/02 e divulgada neste dia 7\/3. O desenhista, reconhecido internacionalmente por sua\u2026","rel":"","context":"In &quot;Not\u00edcias de Franca-SP&quot;","block_context":{"text":"Not\u00edcias de Franca-SP","link":"https:\/\/noticiasribeiraopreto.com.br\/index.php\/category\/noticias-de-ribeirao-preto-sp-e-regiao-ismael-colosi\/noticias-franca-sp\/"},"img":{"alt_text":"","src":"https:\/\/i0.wp.com\/noticiasribeiraopreto.com.br\/wp-content\/uploads\/2025\/03\/foto_oficina_desenho-fundacao-casa.jpg?fit=1147%2C929&ssl=1&resize=350%2C200","width":350,"height":200,"srcset":"https:\/\/i0.wp.com\/noticiasribeiraopreto.com.br\/wp-content\/uploads\/2025\/03\/foto_oficina_desenho-fundacao-casa.jpg?fit=1147%2C929&ssl=1&resize=350%2C200 1x, https:\/\/i0.wp.com\/noticiasribeiraopreto.com.br\/wp-content\/uploads\/2025\/03\/foto_oficina_desenho-fundacao-casa.jpg?fit=1147%2C929&ssl=1&resize=525%2C300 1.5x, https:\/\/i0.wp.com\/noticiasribeiraopreto.com.br\/wp-content\/uploads\/2025\/03\/foto_oficina_desenho-fundacao-casa.jpg?fit=1147%2C929&ssl=1&resize=700%2C400 2x, https:\/\/i0.wp.com\/noticiasribeiraopreto.com.br\/wp-content\/uploads\/2025\/03\/foto_oficina_desenho-fundacao-casa.jpg?fit=1147%2C929&ssl=1&resize=1050%2C600 3x"},"classes":[]}],"jetpack_sharing_enabled":true,"jetpack_shortlink":"https:\/\/wp.me\/peQAOb-ia5","_links":{"self":[{"href":"https:\/\/noticiasribeiraopreto.com.br\/index.php\/wp-json\/wp\/v2\/posts\/69817","targetHints":{"allow":["GET"]}}],"collection":[{"href":"https:\/\/noticiasribeiraopreto.com.br\/index.php\/wp-json\/wp\/v2\/posts"}],"about":[{"href":"https:\/\/noticiasribeiraopreto.com.br\/index.php\/wp-json\/wp\/v2\/types\/post"}],"author":[{"embeddable":true,"href":"https:\/\/noticiasribeiraopreto.com.br\/index.php\/wp-json\/wp\/v2\/users\/1"}],"replies":[{"embeddable":true,"href":"https:\/\/noticiasribeiraopreto.com.br\/index.php\/wp-json\/wp\/v2\/comments?post=69817"}],"version-history":[{"count":0,"href":"https:\/\/noticiasribeiraopreto.com.br\/index.php\/wp-json\/wp\/v2\/posts\/69817\/revisions"}],"wp:featuredmedia":[{"embeddable":true,"href":"https:\/\/noticiasribeiraopreto.com.br\/index.php\/wp-json\/wp\/v2\/media\/69818"}],"wp:attachment":[{"href":"https:\/\/noticiasribeiraopreto.com.br\/index.php\/wp-json\/wp\/v2\/media?parent=69817"}],"wp:term":[{"taxonomy":"category","embeddable":true,"href":"https:\/\/noticiasribeiraopreto.com.br\/index.php\/wp-json\/wp\/v2\/categories?post=69817"},{"taxonomy":"post_tag","embeddable":true,"href":"https:\/\/noticiasribeiraopreto.com.br\/index.php\/wp-json\/wp\/v2\/tags?post=69817"}],"curies":[{"name":"wp","href":"https:\/\/api.w.org\/{rel}","templated":true}]}}