{"id":69819,"date":"2025-05-09T14:35:04","date_gmt":"2025-05-09T17:35:04","guid":{"rendered":"https:\/\/noticiasribeiraopreto.com.br\/index.php\/2025\/05\/09\/moraes-vota-por-condenacoes-de-zambelli-e-de-hacker-preso-em-ribeirao-apos-invasao-ao-cnj\/"},"modified":"2025-05-09T14:35:04","modified_gmt":"2025-05-09T17:35:04","slug":"moraes-vota-por-condenacoes-de-zambelli-e-de-hacker-preso-em-ribeirao-apos-invasao-ao-cnj","status":"publish","type":"post","link":"https:\/\/noticiasribeiraopreto.com.br\/index.php\/2025\/05\/09\/moraes-vota-por-condenacoes-de-zambelli-e-de-hacker-preso-em-ribeirao-apos-invasao-ao-cnj\/","title":{"rendered":"Moraes vota por condena\u00e7\u00f5es de Zambelli e de hacker preso em Ribeir\u00e3o ap\u00f3s invas\u00e3o ao CNJ"},"content":{"rendered":"<p> <br \/>\n<\/p>\n<div>\n<p>O ministro <strong>Alexandre de Moraes<\/strong>, do<strong><a href=\"https:\/\/portal.stf.jus.br\/\"> STF (Supremo Tribunal Federal)<\/a><\/strong>, votou nesta sexta-feira (9) pela condena\u00e7\u00e3o da deputada federal <strong>Carla Zambelli (PL)<\/strong>, que \u00e9 nascida em<strong> Ribeir\u00e3o Preto<\/strong>, a 10 anos de pris\u00e3o. A parlamentar \u00e9 acusada de ser mentora intelectual de uma invas\u00e3o aos sistemas do <strong>CNJ (Conselho Nacional de Justi\u00e7a)<\/strong> em janeiro de 2023.<\/p>\n<p>Moraes \u00e9 o relator do processo votou ainda pela perda do mandato da deputada. A execu\u00e7\u00e3o da medida, contudo, depende de ato da Mesa Diretora da C\u00e2mara. Pelo voto do ministro, o presidente da Casa, <strong>Hugo Motta (REP)<\/strong>, deve ser intimado, se for confirmada a condena\u00e7\u00e3o.<\/p>\n<p>Zambelli \u00e9 julgada junto com o hacker Walter Delgatti, que foi preso em Ribeir\u00e3o Preto em 2019. Os dois foram denunciados pelo procurador-geral a Rep\u00fablica, Paulo Gonet, pelos crimes de invas\u00e3o de dispositivos inform\u00e1ticos e falsidade ideol\u00f3gica. Moraes votou para que Delgatti receba a pena de 8 anos e 3 meses de pris\u00e3o.<\/p>\n<p>\u201c\u00c9 completamente absurda a atua\u00e7\u00e3o vil de uma deputada federal, que exerce mandato em representa\u00e7\u00e3o do povo brasileiro, e de um indiv\u00edduo com conhecimentos t\u00e9cnicos espec\u00edficos, que causaram relevantes e duradouros danos \u00e0 credibilidade das institui\u00e7\u00f5es, em completa deturpa\u00e7\u00e3o da expectativa dos cidad\u00e3os e viola\u00e7\u00e3o dos princ\u00edpios constitucionais consagrados no Brasil\u201d, escreveu o ministro.<\/p>\n<h2 class=\"wp-block-heading\"><strong>O julgamento<\/strong><\/h2>\n<p>O julgamento come\u00e7ou \u00e0s 11h desta sexta, quando foi publicado o voto do relator no ambiente virtual da Primeira Turma do Supremo. Os outros quatro ministros do colegiado <mark style=\"background-color:#fcb900\" class=\"has-inline-color has-black-color\">t\u00eam at\u00e9 a pr\u00f3xima sexta (16) para votar pela condena\u00e7\u00e3o ou absolvi\u00e7\u00e3o dos acusados<\/mark>.\u00a0<\/p>\n<h2 class=\"wp-block-heading\"><strong>Acusa\u00e7\u00e3o<\/strong><\/h2>\n<p>Na den\u00fancia, Gonet afirma que Zambelli foi a autora intelectual da invas\u00e3o e procurou Delgatti para executar o crime. O objetivo seria o de inserir nos sistemas do CNJ um mandado de pris\u00e3o falso e em aberto contra Moraes, entre outras manipula\u00e7\u00f5es ilegais.<\/p>\n<p>O PGR relacionou os crimes \u00e0 incita\u00e7\u00e3o de atos antidemocr\u00e1ticos. A den\u00fancia ainda afirma que eles foram cometidos visando a obten\u00e7\u00e3o de \u201cvantagem midi\u00e1tica e pol\u00edtica\u201d. Al\u00e9m disso, aponta o objetivo \u201cde prejudicar a credibilidade e o regular funcionamento do Poder Judici\u00e1rio\u201d.<\/p>\n<p>Gonet avaliou que os crimes foram de \u201cgravidade acentuada\u201d, pois tiveram \u201co prop\u00f3sito esp\u00fario de tentar colocar em d\u00favida a legitimidade e a lisura da administra\u00e7\u00e3o da Justi\u00e7a, como estrat\u00e9gia para incitar a pr\u00e1tica de atos antidemocr\u00e1ticos e tentar desestabilizar as institui\u00e7\u00f5es republicanas\u201d.<\/p>\n<h2 class=\"wp-block-heading\"><strong>Defesas<\/strong><\/h2>\n<p>O advogado Daniel Bialski, que defende Zambelli, pediu a absolvi\u00e7\u00e3o da deputada, sob o argumento de que o \u00fanico elo entre a parlamentar e a invas\u00e3o aos sistemas do CNJ \u00e9 a palavra de Delgatti, que confessou a autoria dos crimes e a acusou de ser a mandante intelectual.<\/p>\n<p>Bialski afirmou que a confiss\u00e3o do hacker sobre o crime foi \u201crecheada de mentiras\u201d e que n\u00e3o podem \u201crespaldar uma condena\u00e7\u00e3o\u201d. Ele sustenta que o crime foi cometido por iniciativa \u00fanica de Delgatti, n\u00e3o havendo provas, al\u00e9m de meros ind\u00edcios, da participa\u00e7\u00e3o de Zambelli.<\/p>\n<p>Ao longo do processo, a defesa de Delgatti alegou que os crimes foram praticados \u201c\u00fanica e exclusivamente\u201d devido \u00e0 promessa de vantagens financeiras e de um emprego feita por Zambelli (com informa\u00e7\u00f5es <strong>Felipe Pontes\/Ag\u00eancia Brasil<\/strong>).<\/p>\n<p>SAIBA MAIS<br \/>Pol\u00edcia aborda caminh\u00e3o na Anhanguera que \u2018furou\u2019 ped\u00e1gio mais de 600 vezes\u00a0<\/p>\n<h2 class=\"wp-block-heading\"><strong>FIQUE ON<\/strong><\/h2>\n<p>Fique ligado em tudo que acontece em Ribeir\u00e3o Preto e regi\u00e3o. Siga os perfis do<strong>\u00a0acidade on\u00a0<\/strong>no\u00a0<a href=\"https:\/\/www.instagram.com\/acidadeonribeirao\">Instagram<\/a>\u00a0e no\u00a0<a href=\"https:\/\/www.facebook.com\/acidadeonribeirao\/\">Facebook<\/a>.<\/p>\n<p>Receba not\u00edcias do\u00a0<strong>acidade on<\/strong>\u00a0no WhatsApp.<a href=\"https:\/\/chat.whatsapp.com\/BjKQZ9oJwlz8VVT50NuePq\">\u00a0Para entrar no grupo, basta clicar aqui.<\/a><\/p>\n<p>Fa\u00e7a uma den\u00fancia ou sugira uma reportagem sobre Ribeir\u00e3o Preto e regi\u00e3o pelo WhatsApp: 16 99117 7802.<\/p>\n<p>VEJA TAMB\u00c9M<br \/>O que Le\u00e3o XIV falou em primeira missa?<\/p>\n<p><!-- CONTENT END 1 -->\n<\/div>\n<p><script async src=\"\/\/www.instagram.com\/embed.js\"><\/script><br \/>\n<br \/><br \/>\n<br \/><a href=\"https:\/\/www.acidadeon.com\/ribeiraopreto\/politica\/moraes-vota-por-condenacoes-de-zambelli-e-de-hacker-preso-em-ribeirao-apos-invasao-ao-cnj\/\">Source link <\/a><\/p>\n","protected":false},"excerpt":{"rendered":"<p>O ministro Alexandre de Moraes, do STF (Supremo Tribunal Federal), votou nesta sexta-feira (9) pela condena\u00e7\u00e3o da deputada federal Carla Zambelli (PL), que \u00e9 nascida&#8230;<\/p>\n","protected":false},"author":1,"featured_media":69820,"comment_status":"open","ping_status":"open","sticky":false,"template":"","format":"standard","meta":{"advanced_seo_description":"","jetpack_seo_html_title":"","jetpack_seo_noindex":false,"jetpack_post_was_ever_published":false,"_jetpack_newsletter_access":"","_jetpack_dont_email_post_to_subs":false,"_jetpack_newsletter_tier_id":0,"_jetpack_memberships_contains_paywalled_content":false,"_jetpack_memberships_contains_paid_content":false,"footnotes":"","jetpack_publicize_message":"","jetpack_publicize_feature_enabled":true,"jetpack_social_post_already_shared":true,"jetpack_social_options":{"image_generator_settings":{"template":"highway","default_image_id":0,"font":"","enabled":false},"version":2}},"categories":[11],"tags":[],"class_list":["post-69819","post","type-post","status-publish","format-standard","has-post-thumbnail","hentry","category-noticias-de-ribeirao-preto-sp-e-regiao-ismael-colosi"],"jetpack_publicize_connections":[],"jetpack_featured_media_url":"https:\/\/i0.wp.com\/noticiasribeiraopreto.com.br\/wp-content\/uploads\/2025\/05\/AnyConv.com__zambelli-hacker-moraes.webp.webp?fit=1600%2C900&ssl=1","jetpack-related-posts":[{"id":58412,"url":"https:\/\/noticiasribeiraopreto.com.br\/index.php\/2024\/09\/26\/veja-por-qual-motivo-zambelli-faltou-ao-depoimento-sobre-invasao-a-sistema-do-cnj\/","url_meta":{"origin":69819,"position":0},"title":"Veja por qual motivo Zambelli faltou ao depoimento sobre invas\u00e3o a sistema do CNJ","author":"noticiasribeiraopreto.com.br","date":"26 de September de 2024","format":false,"excerpt":"A deputada federal Carla Zambelli (PL-SP), natural de Ribeir\u00e3o Preto, faltou ao depoimento marcado para esta quinta-feira (26) no Supremo Tribunal Federal (STF). Em nota, a assessoria da parlamentar disse que ela est\u00e1 hospitalizada e vai passar por um procedimento de emerg\u00eancia. A oitiva ocorreria na a\u00e7\u00e3o penal na qual\u2026","rel":"","context":"In &quot;Not\u00edcias de Ribeir\u00e3o Preto-SP e Regi\u00e3o&quot;","block_context":{"text":"Not\u00edcias de Ribeir\u00e3o Preto-SP e Regi\u00e3o","link":"https:\/\/noticiasribeiraopreto.com.br\/index.php\/category\/noticias-de-ribeirao-preto-sp-e-regiao-ismael-colosi\/"},"img":{"alt_text":"","src":"https:\/\/i0.wp.com\/noticiasribeiraopreto.com.br\/wp-content\/uploads\/2024\/09\/lula1069-10_2024-09-26_19-47-04.webp.webp?fit=1170%2C700&ssl=1&resize=350%2C200","width":350,"height":200,"srcset":"https:\/\/i0.wp.com\/noticiasribeiraopreto.com.br\/wp-content\/uploads\/2024\/09\/lula1069-10_2024-09-26_19-47-04.webp.webp?fit=1170%2C700&ssl=1&resize=350%2C200 1x, https:\/\/i0.wp.com\/noticiasribeiraopreto.com.br\/wp-content\/uploads\/2024\/09\/lula1069-10_2024-09-26_19-47-04.webp.webp?fit=1170%2C700&ssl=1&resize=525%2C300 1.5x, https:\/\/i0.wp.com\/noticiasribeiraopreto.com.br\/wp-content\/uploads\/2024\/09\/lula1069-10_2024-09-26_19-47-04.webp.webp?fit=1170%2C700&ssl=1&resize=700%2C400 2x, https:\/\/i0.wp.com\/noticiasribeiraopreto.com.br\/wp-content\/uploads\/2024\/09\/lula1069-10_2024-09-26_19-47-04.webp.webp?fit=1170%2C700&ssl=1&resize=1050%2C600 3x"},"classes":[]},{"id":58291,"url":"https:\/\/noticiasribeiraopreto.com.br\/index.php\/2024\/09\/23\/zambelli-e-hacker-preso-em-ribeirao-devem-prestar-depoimento-ao-stf-nesta-semana\/","url_meta":{"origin":69819,"position":1},"title":"Zambelli e hacker preso em Ribeir\u00e3o devem prestar depoimento ao STF nesta semana","author":"noticiasribeiraopreto.com.br","date":"23 de September de 2024","format":false,"excerpt":"A deputada federal Carla Zambelli (PL-SP) deve prestar depoimento ao Supremo Tribunal Federal (STF) na pr\u00f3xima quinta-feira (26). A oitiva ocorrer\u00e1 na a\u00e7\u00e3o penal na qual a parlamentar e o hacker Walter Delgatti s\u00e3o r\u00e9us pela invas\u00e3o ao sistema eletr\u00f4nico do Conselho Nacional de Justi\u00e7a (CNJ), em 2023. O depoimento\u2026","rel":"","context":"In &quot;Not\u00edcias de Ribeir\u00e3o Preto-SP e Regi\u00e3o&quot;","block_context":{"text":"Not\u00edcias de Ribeir\u00e3o Preto-SP e Regi\u00e3o","link":"https:\/\/noticiasribeiraopreto.com.br\/index.php\/category\/noticias-de-ribeirao-preto-sp-e-regiao-ismael-colosi\/"},"img":{"alt_text":"","src":"https:\/\/i0.wp.com\/noticiasribeiraopreto.com.br\/wp-content\/uploads\/2024\/09\/Copia-de-Copia-de-TAMANHO-EXATO-PARA-FOTOS-NO-SISTEMA-NOVO-26_2024-05-21_19-04-52_jpg_2024-05-21_19-04-53.webp.webp?fit=1200%2C675&ssl=1&resize=350%2C200","width":350,"height":200,"srcset":"https:\/\/i0.wp.com\/noticiasribeiraopreto.com.br\/wp-content\/uploads\/2024\/09\/Copia-de-Copia-de-TAMANHO-EXATO-PARA-FOTOS-NO-SISTEMA-NOVO-26_2024-05-21_19-04-52_jpg_2024-05-21_19-04-53.webp.webp?fit=1200%2C675&ssl=1&resize=350%2C200 1x, https:\/\/i0.wp.com\/noticiasribeiraopreto.com.br\/wp-content\/uploads\/2024\/09\/Copia-de-Copia-de-TAMANHO-EXATO-PARA-FOTOS-NO-SISTEMA-NOVO-26_2024-05-21_19-04-52_jpg_2024-05-21_19-04-53.webp.webp?fit=1200%2C675&ssl=1&resize=525%2C300 1.5x, https:\/\/i0.wp.com\/noticiasribeiraopreto.com.br\/wp-content\/uploads\/2024\/09\/Copia-de-Copia-de-TAMANHO-EXATO-PARA-FOTOS-NO-SISTEMA-NOVO-26_2024-05-21_19-04-52_jpg_2024-05-21_19-04-53.webp.webp?fit=1200%2C675&ssl=1&resize=700%2C400 2x, https:\/\/i0.wp.com\/noticiasribeiraopreto.com.br\/wp-content\/uploads\/2024\/09\/Copia-de-Copia-de-TAMANHO-EXATO-PARA-FOTOS-NO-SISTEMA-NOVO-26_2024-05-21_19-04-52_jpg_2024-05-21_19-04-53.webp.webp?fit=1200%2C675&ssl=1&resize=1050%2C600 3x"},"classes":[]},{"id":74820,"url":"https:\/\/noticiasribeiraopreto.com.br\/index.php\/2025\/07\/29\/urgente-deputada-carla-zambelli-e-presa-na-italia\/","url_meta":{"origin":69819,"position":2},"title":"Urgente! Deputada Carla Zambelli \u00e9 presa na It\u00e1lia","author":"noticiasribeiraopreto.com.br","date":"29 de July de 2025","format":false,"excerpt":"A deputada federal Carla Zambelli (PL), que \u00e9 nascida em Ribeir\u00e3o Preto, foi presa na It\u00e1lia, nesta ter\u00e7a-feira (29). A informa\u00e7\u00e3o foi confirmada pelo Minist\u00e9rio da Justi\u00e7a. De acordo com o portal g1, a Zambelli foi localizada pela pol\u00edcia em um apartamento em Roma. Ela era considerada foragida pela Justi\u00e7a\u2026","rel":"","context":"In &quot;Not\u00edcias de Ribeir\u00e3o Preto-SP e Regi\u00e3o&quot;","block_context":{"text":"Not\u00edcias de Ribeir\u00e3o Preto-SP e Regi\u00e3o","link":"https:\/\/noticiasribeiraopreto.com.br\/index.php\/category\/noticias-de-ribeirao-preto-sp-e-regiao-ismael-colosi\/"},"img":{"alt_text":"","src":"https:\/\/i0.wp.com\/noticiasribeiraopreto.com.br\/wp-content\/uploads\/2025\/07\/lula1069-10_2024-09-26_19-47-04.webp.webp?fit=1170%2C700&ssl=1&resize=350%2C200","width":350,"height":200,"srcset":"https:\/\/i0.wp.com\/noticiasribeiraopreto.com.br\/wp-content\/uploads\/2025\/07\/lula1069-10_2024-09-26_19-47-04.webp.webp?fit=1170%2C700&ssl=1&resize=350%2C200 1x, https:\/\/i0.wp.com\/noticiasribeiraopreto.com.br\/wp-content\/uploads\/2025\/07\/lula1069-10_2024-09-26_19-47-04.webp.webp?fit=1170%2C700&ssl=1&resize=525%2C300 1.5x, https:\/\/i0.wp.com\/noticiasribeiraopreto.com.br\/wp-content\/uploads\/2025\/07\/lula1069-10_2024-09-26_19-47-04.webp.webp?fit=1170%2C700&ssl=1&resize=700%2C400 2x, https:\/\/i0.wp.com\/noticiasribeiraopreto.com.br\/wp-content\/uploads\/2025\/07\/lula1069-10_2024-09-26_19-47-04.webp.webp?fit=1170%2C700&ssl=1&resize=1050%2C600 3x"},"classes":[]},{"id":71466,"url":"https:\/\/noticiasribeiraopreto.com.br\/index.php\/2025\/06\/06\/zambelli-entra-na-lista-da-interpol\/","url_meta":{"origin":69819,"position":3},"title":"Zambelli entra na lista da Interpol","author":"noticiasribeiraopreto.com.br","date":"6 de June de 2025","format":false,"excerpt":"O nome da deputada ribeir\u00e3o-pretana Carla Zambelli (PL-SP) foi inclu\u00eddo nesta quinta-feira, 5 de junho, na lista de difus\u00e3o vermelha da Organiza\u00e7\u00e3o Internacional de Pol\u00edcia Criminal (Interpol). O alerta para foragido internacionais ser\u00e1 espelhado em breve no site oficial da organiza\u00e7\u00e3o das pol\u00edcias. A partir de agora, ela pode ser\u2026","rel":"","context":"In &quot;Not\u00edcias de Ribeir\u00e3o Preto-SP e Regi\u00e3o&quot;","block_context":{"text":"Not\u00edcias de Ribeir\u00e3o Preto-SP e Regi\u00e3o","link":"https:\/\/noticiasribeiraopreto.com.br\/index.php\/category\/noticias-de-ribeirao-preto-sp-e-regiao-ismael-colosi\/"},"img":{"alt_text":"","src":"https:\/\/i0.wp.com\/noticiasribeiraopreto.com.br\/wp-content\/uploads\/2025\/06\/Zambelli-Lula-Marques-Ag.Br_-scaled.jpg?fit=800%2C479&ssl=1&resize=350%2C200","width":350,"height":200,"srcset":"https:\/\/i0.wp.com\/noticiasribeiraopreto.com.br\/wp-content\/uploads\/2025\/06\/Zambelli-Lula-Marques-Ag.Br_-scaled.jpg?fit=800%2C479&ssl=1&resize=350%2C200 1x, https:\/\/i0.wp.com\/noticiasribeiraopreto.com.br\/wp-content\/uploads\/2025\/06\/Zambelli-Lula-Marques-Ag.Br_-scaled.jpg?fit=800%2C479&ssl=1&resize=525%2C300 1.5x, https:\/\/i0.wp.com\/noticiasribeiraopreto.com.br\/wp-content\/uploads\/2025\/06\/Zambelli-Lula-Marques-Ag.Br_-scaled.jpg?fit=800%2C479&ssl=1&resize=700%2C400 2x"},"classes":[]},{"id":83817,"url":"https:\/\/noticiasribeiraopreto.com.br\/index.php\/2026\/03\/26\/justica-da-italia-aceita-extradicao-de-carla-zambelli\/","url_meta":{"origin":69819,"position":4},"title":"Justi\u00e7a da It\u00e1lia aceita extradi\u00e7\u00e3o de Carla Zambelli","author":"noticiasribeiraopreto.com.br","date":"26 de March de 2026","format":false,"excerpt":"A Justi\u00e7a italiana decidiu extraditar a ex-deputada federal Carla Zambelli (PL), que \u00e9 natural de Ribeir\u00e3o Preto. Ela est\u00e1 presa em Roma, na It\u00e1lia. A notifica\u00e7\u00e3o foi enviada ao governo brasileiro nesta quinta-feira (26). Zambelli foi condenada em dois processos pelo STF (Supremo Tribunal Federal) e est\u00e1 presa no exterior\u2026","rel":"","context":"In &quot;Not\u00edcias de Ribeir\u00e3o Preto-SP e Regi\u00e3o&quot;","block_context":{"text":"Not\u00edcias de Ribeir\u00e3o Preto-SP e Regi\u00e3o","link":"https:\/\/noticiasribeiraopreto.com.br\/index.php\/category\/noticias-de-ribeirao-preto-sp-e-regiao-ismael-colosi\/"},"img":{"alt_text":"","src":"https:\/\/i0.wp.com\/noticiasribeiraopreto.com.br\/wp-content\/uploads\/2024\/09\/lula1069-10_2024-09-26_19-47-04.webp.webp?fit=1170%2C700&ssl=1&resize=350%2C200","width":350,"height":200,"srcset":"https:\/\/i0.wp.com\/noticiasribeiraopreto.com.br\/wp-content\/uploads\/2024\/09\/lula1069-10_2024-09-26_19-47-04.webp.webp?fit=1170%2C700&ssl=1&resize=350%2C200 1x, https:\/\/i0.wp.com\/noticiasribeiraopreto.com.br\/wp-content\/uploads\/2024\/09\/lula1069-10_2024-09-26_19-47-04.webp.webp?fit=1170%2C700&ssl=1&resize=525%2C300 1.5x, https:\/\/i0.wp.com\/noticiasribeiraopreto.com.br\/wp-content\/uploads\/2024\/09\/lula1069-10_2024-09-26_19-47-04.webp.webp?fit=1170%2C700&ssl=1&resize=700%2C400 2x, https:\/\/i0.wp.com\/noticiasribeiraopreto.com.br\/wp-content\/uploads\/2024\/09\/lula1069-10_2024-09-26_19-47-04.webp.webp?fit=1170%2C700&ssl=1&resize=1050%2C600 3x"},"classes":[]},{"id":68355,"url":"https:\/\/noticiasribeiraopreto.com.br\/index.php\/2025\/04\/24\/stf-marca-julgamento-da-deputada-carla-zambelli\/","url_meta":{"origin":69819,"position":5},"title":"STF marca julgamento da\u00a0deputada Carla Zambelli \u00a0","author":"noticiasribeiraopreto.com.br","date":"24 de April de 2025","format":false,"excerpt":"24 de abril de 2025 16:3024 de abril de 2025 10:438 Compartilhar0 A Primeira Turma do Supremo Tribunal Federal (STF) agendou o in\u00edcio do julgamento da a\u00e7\u00e3o penal contra a deputada federal ribeir\u00e3o-pretana Carla Zambelli (PL-SP) e o hacker Walter Delgatti Neto, o \u201cVermelho\u201d, para o dia 9 de maio.\u2026","rel":"","context":"In &quot;Not\u00edcias de Ribeir\u00e3o Preto-SP e Regi\u00e3o&quot;","block_context":{"text":"Not\u00edcias de Ribeir\u00e3o Preto-SP e Regi\u00e3o","link":"https:\/\/noticiasribeiraopreto.com.br\/index.php\/category\/noticias-de-ribeirao-preto-sp-e-regiao-ismael-colosi\/"},"img":{"alt_text":"","src":"https:\/\/i0.wp.com\/noticiasribeiraopreto.com.br\/wp-content\/uploads\/2025\/04\/Hacker-Reproducao-Twitter.jpg?fit=549%2C717&ssl=1&resize=350%2C200","width":350,"height":200,"srcset":"https:\/\/i0.wp.com\/noticiasribeiraopreto.com.br\/wp-content\/uploads\/2025\/04\/Hacker-Reproducao-Twitter.jpg?fit=549%2C717&ssl=1&resize=350%2C200 1x, https:\/\/i0.wp.com\/noticiasribeiraopreto.com.br\/wp-content\/uploads\/2025\/04\/Hacker-Reproducao-Twitter.jpg?fit=549%2C717&ssl=1&resize=525%2C300 1.5x"},"classes":[]}],"jetpack_sharing_enabled":true,"jetpack_shortlink":"https:\/\/wp.me\/peQAOb-ia7","_links":{"self":[{"href":"https:\/\/noticiasribeiraopreto.com.br\/index.php\/wp-json\/wp\/v2\/posts\/69819","targetHints":{"allow":["GET"]}}],"collection":[{"href":"https:\/\/noticiasribeiraopreto.com.br\/index.php\/wp-json\/wp\/v2\/posts"}],"about":[{"href":"https:\/\/noticiasribeiraopreto.com.br\/index.php\/wp-json\/wp\/v2\/types\/post"}],"author":[{"embeddable":true,"href":"https:\/\/noticiasribeiraopreto.com.br\/index.php\/wp-json\/wp\/v2\/users\/1"}],"replies":[{"embeddable":true,"href":"https:\/\/noticiasribeiraopreto.com.br\/index.php\/wp-json\/wp\/v2\/comments?post=69819"}],"version-history":[{"count":0,"href":"https:\/\/noticiasribeiraopreto.com.br\/index.php\/wp-json\/wp\/v2\/posts\/69819\/revisions"}],"wp:featuredmedia":[{"embeddable":true,"href":"https:\/\/noticiasribeiraopreto.com.br\/index.php\/wp-json\/wp\/v2\/media\/69820"}],"wp:attachment":[{"href":"https:\/\/noticiasribeiraopreto.com.br\/index.php\/wp-json\/wp\/v2\/media?parent=69819"}],"wp:term":[{"taxonomy":"category","embeddable":true,"href":"https:\/\/noticiasribeiraopreto.com.br\/index.php\/wp-json\/wp\/v2\/categories?post=69819"},{"taxonomy":"post_tag","embeddable":true,"href":"https:\/\/noticiasribeiraopreto.com.br\/index.php\/wp-json\/wp\/v2\/tags?post=69819"}],"curies":[{"name":"wp","href":"https:\/\/api.w.org\/{rel}","templated":true}]}}