{"id":69821,"date":"2025-05-09T14:43:16","date_gmt":"2025-05-09T17:43:16","guid":{"rendered":"https:\/\/noticiasribeiraopreto.com.br\/index.php\/2025\/05\/09\/van-fica-pendurada-e-por-pouco-nao-cai-em-corrego-no-interior-de-sp-veja-video\/"},"modified":"2025-05-09T14:43:16","modified_gmt":"2025-05-09T17:43:16","slug":"van-fica-pendurada-e-por-pouco-nao-cai-em-corrego-no-interior-de-sp-veja-video","status":"publish","type":"post","link":"https:\/\/noticiasribeiraopreto.com.br\/index.php\/2025\/05\/09\/van-fica-pendurada-e-por-pouco-nao-cai-em-corrego-no-interior-de-sp-veja-video\/","title":{"rendered":"Van fica pendurada e por pouco n\u00e3o cai em c\u00f3rrego no interior de SP; Veja v\u00eddeo"},"content":{"rendered":"<p> <br \/>\n<\/p>\n<div data-td-block-uid=\"tdi_95\">\n<div class=\"tdb-block-inner td-fix-index\">\n<p><strong>Uma van ficou pendurada \u00e0s margens de um c\u00f3rrego na tarde desta sexta-feira (9), em Franca, cidade a aproximadamente 80 quil\u00f4metros de Ribeir\u00e3o Preto.<\/strong><\/p>\n<p>Segundo a <strong>PM (Pol\u00edcia Militar)<\/strong>, <mark style=\"background-color:#abb8c3\" class=\"has-inline-color has-black-color\">o motorista teria sofrido um mal s\u00fabito, quando perdeu o controle da dire\u00e7\u00e3o do ve\u00edculo, subiu no canteiro e parou apoiada na prote\u00e7\u00e3o de uma ponte no c\u00f3rrego dos Bagres.<\/mark><\/p>\n<p>Apesar do susto, o condutor n\u00e3o se feriu.<\/p>\n<p>O tr\u00e2nsito foi sinalizado no trecho para o registro da ocorr\u00eancia.<\/p>\n<p>As causas ainda dever\u00e3o ser apuradas.<\/p>\n<figure class=\"wp-block-video\"><video controls=\"\" src=\"https:\/\/www.acidadeon.com\/ribeiraopreto\/wp-content\/uploads\/sites\/3\/2025\/05\/WhatsApp-Video-2025-05-09-at-13.32.06.mp4\"\/><\/figure>\n<p>SAIBA MAIS<\/p>\n<p>Moradores da zona Leste de Ribeir\u00e3o denunciam tentativas de invas\u00f5es; Veja v\u00eddeo<\/p>\n<h2 class=\"wp-block-heading\"><strong>FIQUE ON<\/strong><\/h2>\n<p>Fique ligado em tudo que acontece em Ribeir\u00e3o Preto e regi\u00e3o. Siga os perfis do<strong>\u00a0acidade on\u00a0<\/strong>no\u00a0<a href=\"https:\/\/www.instagram.com\/acidadeonribeirao\">Instagram<\/a>\u00a0e no\u00a0<a href=\"https:\/\/www.facebook.com\/acidadeonribeirao\/\">Facebook<\/a>.<\/p>\n<p>Receba not\u00edcias do\u00a0<strong>acidade on<\/strong>\u00a0no WhatsApp.<a href=\"https:\/\/chat.whatsapp.com\/BjKQZ9oJwlz8VVT50NuePq\">\u00a0Para entrar no grupo, basta clicar aqui.<\/a><\/p>\n<p>Fa\u00e7a uma den\u00fancia ou sugira uma reportagem sobre Ribeir\u00e3o Preto e regi\u00e3o pelo WhatsApp: 16 99117 7802.<\/p>\n<p>VEJA TAMB\u00c9M<\/p>\n<p>Como fica o tempo no fim de semana?<\/p>\n<p><!-- CONTENT END 1 -->\n<\/div>\n<\/div>\n<p><script async src=\"\/\/www.instagram.com\/embed.js\"><\/script><br \/>\n<br \/><br \/>\n<br \/><a href=\"https:\/\/www.acidadeon.com\/ribeiraopreto\/cotidiano\/van-fica-pendurada-e-por-pouco-nao-cai-em-corrego-no-interior-de-sp-veja-video\/\">Source link <\/a><\/p>\n","protected":false},"excerpt":{"rendered":"<p>Uma van ficou pendurada \u00e0s margens de um c\u00f3rrego na tarde desta sexta-feira (9), em Franca, cidade a aproximadamente 80 quil\u00f4metros de Ribeir\u00e3o Preto. Segundo&#8230;<\/p>\n","protected":false},"author":1,"featured_media":69822,"comment_status":"open","ping_status":"open","sticky":false,"template":"","format":"standard","meta":{"advanced_seo_description":"","jetpack_seo_html_title":"","jetpack_seo_noindex":false,"jetpack_post_was_ever_published":false,"_jetpack_newsletter_access":"","_jetpack_dont_email_post_to_subs":false,"_jetpack_newsletter_tier_id":0,"_jetpack_memberships_contains_paywalled_content":false,"_jetpack_memberships_contains_paid_content":false,"footnotes":"","jetpack_publicize_message":"","jetpack_publicize_feature_enabled":true,"jetpack_social_post_already_shared":true,"jetpack_social_options":{"image_generator_settings":{"template":"highway","default_image_id":0,"font":"","enabled":false},"version":2}},"categories":[11],"tags":[],"class_list":["post-69821","post","type-post","status-publish","format-standard","has-post-thumbnail","hentry","category-noticias-de-ribeirao-preto-sp-e-regiao-ismael-colosi"],"jetpack_publicize_connections":[],"jetpack_featured_media_url":"https:\/\/i0.wp.com\/noticiasribeiraopreto.com.br\/wp-content\/uploads\/2025\/05\/VAN_2025-05-09_17-06-04.webp.webp?fit=1200%2C772&ssl=1","jetpack-related-posts":[{"id":77428,"url":"https:\/\/noticiasribeiraopreto.com.br\/index.php\/2025\/09\/18\/van-que-transportava-oito-estudantes-quase-cai-em-corrego-veja-video\/","url_meta":{"origin":69821,"position":0},"title":"Van que transportava oito estudantes quase cai em c\u00f3rrego; Veja v\u00eddeo","author":"noticiasribeiraopreto.com.br","date":"18 de September de 2025","format":false,"excerpt":"Uma van escolar que transportava oito estudantes quase caiu no c\u00f3rrego dos Bagres, na manh\u00e3 desta quinta-feira (18), em Franca, a 80 quil\u00f4metros de Ribeir\u00e3o Preto. Assista ao v\u00eddeo abaixo. Segundo as informa\u00e7\u00f5es, por motivos ainda a serem esclarecidos, o motorista perdeu o controle da dire\u00e7\u00e3o na avenida Ant\u00f4nio Barbosa\u2026","rel":"","context":"In &quot;Not\u00edcias de Ribeir\u00e3o Preto-SP e Regi\u00e3o&quot;","block_context":{"text":"Not\u00edcias de Ribeir\u00e3o Preto-SP e Regi\u00e3o","link":"https:\/\/noticiasribeiraopreto.com.br\/index.php\/category\/noticias-de-ribeirao-preto-sp-e-regiao-ismael-colosi\/"},"img":{"alt_text":"","src":"https:\/\/i0.wp.com\/noticiasribeiraopreto.com.br\/wp-content\/uploads\/2025\/09\/van-escolar_2025-09-18_16-48-19.webp.webp?fit=1200%2C682&ssl=1&resize=350%2C200","width":350,"height":200,"srcset":"https:\/\/i0.wp.com\/noticiasribeiraopreto.com.br\/wp-content\/uploads\/2025\/09\/van-escolar_2025-09-18_16-48-19.webp.webp?fit=1200%2C682&ssl=1&resize=350%2C200 1x, https:\/\/i0.wp.com\/noticiasribeiraopreto.com.br\/wp-content\/uploads\/2025\/09\/van-escolar_2025-09-18_16-48-19.webp.webp?fit=1200%2C682&ssl=1&resize=525%2C300 1.5x, https:\/\/i0.wp.com\/noticiasribeiraopreto.com.br\/wp-content\/uploads\/2025\/09\/van-escolar_2025-09-18_16-48-19.webp.webp?fit=1200%2C682&ssl=1&resize=700%2C400 2x, https:\/\/i0.wp.com\/noticiasribeiraopreto.com.br\/wp-content\/uploads\/2025\/09\/van-escolar_2025-09-18_16-48-19.webp.webp?fit=1200%2C682&ssl=1&resize=1050%2C600 3x"},"classes":[]},{"id":21194,"url":"https:\/\/noticiasribeiraopreto.com.br\/index.php\/2023\/12\/27\/passarela-desaba-em-corrego-de-ribeirao-preto-veja-o-video\/","url_meta":{"origin":69821,"position":1},"title":"Passarela desaba em c\u00f3rrego de Ribeir\u00e3o Preto; Veja o v\u00eddeo","author":"noticiasribeiraopreto.com.br","date":"27 de December de 2023","format":false,"excerpt":"Uma passarela de pedestres desabou no c\u00f3rrego Retiro Saudoso, em Ribeir\u00e3o Preto. De acordo com a prefeitura, uma equipe foi enviada at\u00e9 o local para retirada do equipamento. Em outubro, o acidade on mostrou que as pontes e passarelas de Ribeir\u00e3o Preto n\u00e3o s\u00e3o vistoriadas desde 2020. A passarela fica\u2026","rel":"","context":"In &quot;Not\u00edcias de Ribeir\u00e3o Preto-SP e Regi\u00e3o&quot;","block_context":{"text":"Not\u00edcias de Ribeir\u00e3o Preto-SP e Regi\u00e3o","link":"https:\/\/noticiasribeiraopreto.com.br\/index.php\/category\/noticias-de-ribeirao-preto-sp-e-regiao-ismael-colosi\/"},"img":{"alt_text":"","src":"https:\/\/i0.wp.com\/noticiasribeiraopreto.com.br\/wp-content\/uploads\/2023\/12\/passarela.jpeg?fit=1200%2C903&ssl=1&resize=350%2C200","width":350,"height":200,"srcset":"https:\/\/i0.wp.com\/noticiasribeiraopreto.com.br\/wp-content\/uploads\/2023\/12\/passarela.jpeg?fit=1200%2C903&ssl=1&resize=350%2C200 1x, https:\/\/i0.wp.com\/noticiasribeiraopreto.com.br\/wp-content\/uploads\/2023\/12\/passarela.jpeg?fit=1200%2C903&ssl=1&resize=525%2C300 1.5x, https:\/\/i0.wp.com\/noticiasribeiraopreto.com.br\/wp-content\/uploads\/2023\/12\/passarela.jpeg?fit=1200%2C903&ssl=1&resize=700%2C400 2x, https:\/\/i0.wp.com\/noticiasribeiraopreto.com.br\/wp-content\/uploads\/2023\/12\/passarela.jpeg?fit=1200%2C903&ssl=1&resize=1050%2C600 3x"},"classes":[]},{"id":61086,"url":"https:\/\/noticiasribeiraopreto.com.br\/index.php\/2024\/12\/03\/carro-cai-em-corrego-e-fica-com-as-rodas-para-cima-veja-video\/","url_meta":{"origin":69821,"position":2},"title":"Carro cai em c\u00f3rrego e fica com as rodas para cima; Veja v\u00eddeo","author":"noticiasribeiraopreto.com.br","date":"3 de December de 2024","format":false,"excerpt":"Um carro caiu no c\u00f3rrego Cubat\u00e3o, na madrugada desta ter\u00e7a (3), na avenida Ismael Alonso y\u00a0Alonso, no bairro S\u00e3o Jos\u00e9, em Franca. O ve\u00edculo ficou com\u00a0as\u00a0quatro rodas para cima. De acordo com imagens do circuito de monitoramento da Prefeitura de Franca, tr\u00eas pessoas conseguiram sair do carro e deixaram o\u2026","rel":"","context":"In &quot;Not\u00edcias de Ribeir\u00e3o Preto-SP e Regi\u00e3o&quot;","block_context":{"text":"Not\u00edcias de Ribeir\u00e3o Preto-SP e Regi\u00e3o","link":"https:\/\/noticiasribeiraopreto.com.br\/index.php\/category\/noticias-de-ribeirao-preto-sp-e-regiao-ismael-colosi\/"},"img":{"alt_text":"","src":"https:\/\/i0.wp.com\/noticiasribeiraopreto.com.br\/wp-content\/uploads\/2024\/12\/WhatsApp-Image-2024-12-03-at-09.22.34_2024-12-03_14-22-42_jpeg_2024-12-03_14-22-44-scaled.webp.webp?fit=1200%2C583&ssl=1&resize=350%2C200","width":350,"height":200,"srcset":"https:\/\/i0.wp.com\/noticiasribeiraopreto.com.br\/wp-content\/uploads\/2024\/12\/WhatsApp-Image-2024-12-03-at-09.22.34_2024-12-03_14-22-42_jpeg_2024-12-03_14-22-44-scaled.webp.webp?fit=1200%2C583&ssl=1&resize=350%2C200 1x, https:\/\/i0.wp.com\/noticiasribeiraopreto.com.br\/wp-content\/uploads\/2024\/12\/WhatsApp-Image-2024-12-03-at-09.22.34_2024-12-03_14-22-42_jpeg_2024-12-03_14-22-44-scaled.webp.webp?fit=1200%2C583&ssl=1&resize=525%2C300 1.5x, https:\/\/i0.wp.com\/noticiasribeiraopreto.com.br\/wp-content\/uploads\/2024\/12\/WhatsApp-Image-2024-12-03-at-09.22.34_2024-12-03_14-22-42_jpeg_2024-12-03_14-22-44-scaled.webp.webp?fit=1200%2C583&ssl=1&resize=700%2C400 2x, https:\/\/i0.wp.com\/noticiasribeiraopreto.com.br\/wp-content\/uploads\/2024\/12\/WhatsApp-Image-2024-12-03-at-09.22.34_2024-12-03_14-22-42_jpeg_2024-12-03_14-22-44-scaled.webp.webp?fit=1200%2C583&ssl=1&resize=1050%2C600 3x"},"classes":[]},{"id":80464,"url":"https:\/\/noticiasribeiraopreto.com.br\/index.php\/2025\/12\/03\/homem-e-resgatado-de-corrego-em-frente-ao-terminal-de-onibus-de-ribeirao-preto-veja-video\/","url_meta":{"origin":69821,"position":3},"title":"Homem \u00e9 resgatado de c\u00f3rrego em frente ao terminal de \u00f4nibus de Ribeir\u00e3o Preto; veja v\u00eddeo","author":"noticiasribeiraopreto.com.br","date":"3 de December de 2025","format":false,"excerpt":"Equipes do Corpo de Bombeiros resgataram um homem que ficou preso dentro do c\u00f3rrego em frente ao terminal de \u00f4nibus do Centro de Ribeir\u00e3o Preto na tarde desta quarta-feira (3) \u2013 veja v\u00eddeo abaixo. Segundo as primeiras informa\u00e7\u00f5es, ele estaria pescando no local e n\u00e3o percebeu a chegada da chuva.\u2026","rel":"","context":"In &quot;Not\u00edcias de Ribeir\u00e3o Preto-SP e Regi\u00e3o&quot;","block_context":{"text":"Not\u00edcias de Ribeir\u00e3o Preto-SP e Regi\u00e3o","link":"https:\/\/noticiasribeiraopreto.com.br\/index.php\/category\/noticias-de-ribeirao-preto-sp-e-regiao-ismael-colosi\/"},"img":{"alt_text":"","src":"https:\/\/i0.wp.com\/noticiasribeiraopreto.com.br\/wp-content\/uploads\/2025\/12\/Copia-de-Copia-de-Copia-de-TAMANHO-EXATO-PARA-FOTOS-NO-SISTEMA-NOVO-2025-12-03T190723.900_2025-12-03_22-07-29.webp.webp?fit=1200%2C675&ssl=1&resize=350%2C200","width":350,"height":200,"srcset":"https:\/\/i0.wp.com\/noticiasribeiraopreto.com.br\/wp-content\/uploads\/2025\/12\/Copia-de-Copia-de-Copia-de-TAMANHO-EXATO-PARA-FOTOS-NO-SISTEMA-NOVO-2025-12-03T190723.900_2025-12-03_22-07-29.webp.webp?fit=1200%2C675&ssl=1&resize=350%2C200 1x, https:\/\/i0.wp.com\/noticiasribeiraopreto.com.br\/wp-content\/uploads\/2025\/12\/Copia-de-Copia-de-Copia-de-TAMANHO-EXATO-PARA-FOTOS-NO-SISTEMA-NOVO-2025-12-03T190723.900_2025-12-03_22-07-29.webp.webp?fit=1200%2C675&ssl=1&resize=525%2C300 1.5x, https:\/\/i0.wp.com\/noticiasribeiraopreto.com.br\/wp-content\/uploads\/2025\/12\/Copia-de-Copia-de-Copia-de-TAMANHO-EXATO-PARA-FOTOS-NO-SISTEMA-NOVO-2025-12-03T190723.900_2025-12-03_22-07-29.webp.webp?fit=1200%2C675&ssl=1&resize=700%2C400 2x, https:\/\/i0.wp.com\/noticiasribeiraopreto.com.br\/wp-content\/uploads\/2025\/12\/Copia-de-Copia-de-Copia-de-TAMANHO-EXATO-PARA-FOTOS-NO-SISTEMA-NOVO-2025-12-03T190723.900_2025-12-03_22-07-29.webp.webp?fit=1200%2C675&ssl=1&resize=1050%2C600 3x"},"classes":[]},{"id":24470,"url":"https:\/\/noticiasribeiraopreto.com.br\/index.php\/2024\/01\/04\/carro-completa-cinco-dias-em-corrego-de-ribeirao-preto-video\/","url_meta":{"origin":69821,"position":4},"title":"Carro completa cinco dias em c\u00f3rrego de Ribeir\u00e3o Preto; V\u00eddeo","author":"noticiasribeiraopreto.com.br","date":"4 de January de 2024","format":false,"excerpt":"Um carro que caiu no c\u00f3rrego que corta a avenida Eduardo Andrea Matarezzo, a Via Norte, em Ribeir\u00e3o Preto, continua na \u00e1gua cinco dias ap\u00f3s o acidente \u2013 veja o v\u00eddeo abaixo. O ve\u00edculo est\u00e1 pr\u00f3ximo do cruzamento com a rua S\u00e3o Francisco. De acordo com apura\u00e7\u00e3o da EPTV, a\u2026","rel":"","context":"In &quot;Not\u00edcias de Ribeir\u00e3o Preto-SP e Regi\u00e3o&quot;","block_context":{"text":"Not\u00edcias de Ribeir\u00e3o Preto-SP e Regi\u00e3o","link":"https:\/\/noticiasribeiraopreto.com.br\/index.php\/category\/noticias-de-ribeirao-preto-sp-e-regiao-ismael-colosi\/"},"img":{"alt_text":"","src":"https:\/\/i0.wp.com\/noticiasribeiraopreto.com.br\/wp-content\/uploads\/2024\/01\/carro-corrego.jpg?fit=844%2C471&ssl=1&resize=350%2C200","width":350,"height":200,"srcset":"https:\/\/i0.wp.com\/noticiasribeiraopreto.com.br\/wp-content\/uploads\/2024\/01\/carro-corrego.jpg?fit=844%2C471&ssl=1&resize=350%2C200 1x, https:\/\/i0.wp.com\/noticiasribeiraopreto.com.br\/wp-content\/uploads\/2024\/01\/carro-corrego.jpg?fit=844%2C471&ssl=1&resize=525%2C300 1.5x, https:\/\/i0.wp.com\/noticiasribeiraopreto.com.br\/wp-content\/uploads\/2024\/01\/carro-corrego.jpg?fit=844%2C471&ssl=1&resize=700%2C400 2x"},"classes":[]},{"id":5535,"url":"https:\/\/noticiasribeiraopreto.com.br\/index.php\/2023\/11\/23\/motorista-passa-mal-ao-volante-e-carro-cai-em-corrego-de-ribeirao-preto-veja-o-video\/","url_meta":{"origin":69821,"position":5},"title":"Motorista passa mal ao volante e carro cai em c\u00f3rrego de Ribeir\u00e3o Preto; Veja o v\u00eddeo","author":"noticiasribeiraopreto.com.br","date":"23 de November de 2023","format":false,"excerpt":"Um carro caiu no c\u00f3rrego que corta a avenida Ant\u00f4nio e Helena Zerrener, na zona Oeste de Ribeir\u00e3o Preto, na noite desta quinta-feira (23). Assista\u00a0ao\u00a0v\u00eddeo\u00a0abaixo. Segundo informa\u00e7\u00f5es do Corpo de Bombeiros, a\u00a0condutora\u00a0seguia pela Av. Antonio Helena Zerrenner cruzamento com a Rua Jorge Lobato quando passou mal ao volante, perdeu o\u2026","rel":"","context":"In &quot;Not\u00edcias de Ribeir\u00e3o Preto-SP e Regi\u00e3o&quot;","block_context":{"text":"Not\u00edcias de Ribeir\u00e3o Preto-SP e Regi\u00e3o","link":"https:\/\/noticiasribeiraopreto.com.br\/index.php\/category\/noticias-de-ribeirao-preto-sp-e-regiao-ismael-colosi\/"},"img":{"alt_text":"","src":"https:\/\/i0.wp.com\/noticiasribeiraopreto.com.br\/wp-content\/uploads\/2023\/11\/Copia-de-Copia-de-TAMANHO-EXATO-PARA-FOTOS-NO-SISTEMA-NOVO-3.png?fit=1200%2C675&ssl=1&resize=350%2C200","width":350,"height":200,"srcset":"https:\/\/i0.wp.com\/noticiasribeiraopreto.com.br\/wp-content\/uploads\/2023\/11\/Copia-de-Copia-de-TAMANHO-EXATO-PARA-FOTOS-NO-SISTEMA-NOVO-3.png?fit=1200%2C675&ssl=1&resize=350%2C200 1x, https:\/\/i0.wp.com\/noticiasribeiraopreto.com.br\/wp-content\/uploads\/2023\/11\/Copia-de-Copia-de-TAMANHO-EXATO-PARA-FOTOS-NO-SISTEMA-NOVO-3.png?fit=1200%2C675&ssl=1&resize=525%2C300 1.5x, https:\/\/i0.wp.com\/noticiasribeiraopreto.com.br\/wp-content\/uploads\/2023\/11\/Copia-de-Copia-de-TAMANHO-EXATO-PARA-FOTOS-NO-SISTEMA-NOVO-3.png?fit=1200%2C675&ssl=1&resize=700%2C400 2x, https:\/\/i0.wp.com\/noticiasribeiraopreto.com.br\/wp-content\/uploads\/2023\/11\/Copia-de-Copia-de-TAMANHO-EXATO-PARA-FOTOS-NO-SISTEMA-NOVO-3.png?fit=1200%2C675&ssl=1&resize=1050%2C600 3x"},"classes":[]}],"jetpack_sharing_enabled":true,"jetpack_shortlink":"https:\/\/wp.me\/peQAOb-ia9","_links":{"self":[{"href":"https:\/\/noticiasribeiraopreto.com.br\/index.php\/wp-json\/wp\/v2\/posts\/69821","targetHints":{"allow":["GET"]}}],"collection":[{"href":"https:\/\/noticiasribeiraopreto.com.br\/index.php\/wp-json\/wp\/v2\/posts"}],"about":[{"href":"https:\/\/noticiasribeiraopreto.com.br\/index.php\/wp-json\/wp\/v2\/types\/post"}],"author":[{"embeddable":true,"href":"https:\/\/noticiasribeiraopreto.com.br\/index.php\/wp-json\/wp\/v2\/users\/1"}],"replies":[{"embeddable":true,"href":"https:\/\/noticiasribeiraopreto.com.br\/index.php\/wp-json\/wp\/v2\/comments?post=69821"}],"version-history":[{"count":0,"href":"https:\/\/noticiasribeiraopreto.com.br\/index.php\/wp-json\/wp\/v2\/posts\/69821\/revisions"}],"wp:featuredmedia":[{"embeddable":true,"href":"https:\/\/noticiasribeiraopreto.com.br\/index.php\/wp-json\/wp\/v2\/media\/69822"}],"wp:attachment":[{"href":"https:\/\/noticiasribeiraopreto.com.br\/index.php\/wp-json\/wp\/v2\/media?parent=69821"}],"wp:term":[{"taxonomy":"category","embeddable":true,"href":"https:\/\/noticiasribeiraopreto.com.br\/index.php\/wp-json\/wp\/v2\/categories?post=69821"},{"taxonomy":"post_tag","embeddable":true,"href":"https:\/\/noticiasribeiraopreto.com.br\/index.php\/wp-json\/wp\/v2\/tags?post=69821"}],"curies":[{"name":"wp","href":"https:\/\/api.w.org\/{rel}","templated":true}]}}