{"id":69823,"date":"2025-05-09T14:50:26","date_gmt":"2025-05-09T17:50:26","guid":{"rendered":"https:\/\/noticiasribeiraopreto.com.br\/index.php\/2025\/05\/09\/moradores-da-zona-leste-de-ribeirao-denunciam-tentativas-de-invasoes-veja-video\/"},"modified":"2025-05-09T14:50:26","modified_gmt":"2025-05-09T17:50:26","slug":"moradores-da-zona-leste-de-ribeirao-denunciam-tentativas-de-invasoes-veja-video","status":"publish","type":"post","link":"https:\/\/noticiasribeiraopreto.com.br\/index.php\/2025\/05\/09\/moradores-da-zona-leste-de-ribeirao-denunciam-tentativas-de-invasoes-veja-video\/","title":{"rendered":"Moradores da zona Leste de Ribeir\u00e3o denunciam tentativas de invas\u00f5es; Veja v\u00eddeo"},"content":{"rendered":"<p> <br \/>\n<\/p>\n<div>\n<p>Moradores do <strong>Jardim Ouro Branco<\/strong>, zona Leste de <strong>Ribeir\u00e3o Preto<\/strong>, denunciam que a popula\u00e7\u00e3o local tem sofrido <strong>tentativas de invas\u00f5es e furtos no bairro<\/strong>. Em algumas ocasi\u00f5es, inclusive, <mark style=\"background-color:#fcb900\" class=\"has-inline-color\">os residentes tiveram alguns de seus pertences levados.<\/mark><\/p>\n<p>C\u00e2meras de seguran\u00e7a ao qual o <strong>portal acidade on<\/strong> teve acesso mostram um homem andando em uma \u00e1rea verde, <strong>atr\u00e1s das resid\u00eancias<\/strong> que ficam na rua Selma Marina Barrela dos Santos \u2013 veja abaixo.<\/p>\n<p>De acordo com os moradores, <strong>\u00e9 por essa \u00e1rea em que o suspeito consegue invadir as casas<\/strong>. Conforme um dos relatos, uma pessoa, que n\u00e3o quis se identificar, contou que o homem est\u00e1 aparecendo pelo bairro h\u00e1 pelo menos <strong>tr\u00eas semanas<\/strong>.<\/p>\n<p>A a\u00e7\u00e3o mais recente aconteceu na noite desta quinta-feira (8). Na ocasi\u00e3o, o homem estava carregando uma escada \u2013 que foi furtada de um dos moradores.<\/p>\n<figure class=\"wp-block-pullquote\">\n<blockquote>\n<p>Assim que ouvimos os barulhos e vimos nas c\u00e2meras, chamamos a pol\u00edcia. Os moradores sa\u00edram para procurar o cara na mata e acharam apenas a escada no muro que da para um condom\u00ednio<\/p>\n<\/blockquote>\n<\/figure>\n<p>Embora n\u00e3o haja nenhum relato de furto na \u00faltima noite, <mark style=\"background-color:#fcb900\" class=\"has-inline-color\">em outras ocasi\u00f5es o homem <strong>conseguiu invadir uma resid\u00eancia e furtar uma bicicleta, um notebook e um porta objetos com joias e um rel\u00f3gio<\/strong><\/mark>. Al\u00e9m disso, ele j\u00e1 entrou em uma casa onde havia duas irm\u00e3s que o assustaram com gritos.<\/p>\n<p>\u201cOntem sa\u00edram todos os vizinhos para a rua para ajudar a procurar [o homem], inclusive, moradores do bairro de outras ruas\u201d, disse um morador \u00e0 reportagem.<\/p>\n<blockquote class=\"twitter-tweet\" data-media-max-width=\"560\">\n<p lang=\"pt\" dir=\"ltr\">Moradores do Jardim Ouro Branco, zona Leste de Ribeir\u00e3o , denunciam que a popula\u00e7\u00e3o local tem sofrido tentativas de furtos no bairro. Em algumas ocasi\u00f5es, os residentes tiveram seus pertences levados.<\/p>\n<p>\ud83c\udf0e Veja a reportagem no site: <a href=\"https:\/\/t.co\/iGynbiHnSr\">https:\/\/t.co\/iGynbiHnSr<\/a><\/p>\n<p>\ud83c\udfa5 C\u00e2mera de seguran\u00e7a <a href=\"https:\/\/t.co\/atKQR6gKsA\">pic.twitter.com\/atKQR6gKsA<\/a><\/p>\n<p>\u2014 acidade on Ribeir\u00e3o e Regi\u00e3o (@acidadeonrp) <a href=\"https:\/\/twitter.com\/acidadeonrp\/status\/1920878748217307561?ref_src=twsrc%5Etfw\">May 9, 2025<\/a><\/p><\/blockquote>\n<h2 class=\"wp-block-heading\"><strong>Fiscaliza\u00e7\u00e3o e policiamento<\/strong><\/h2>\n<p>O <strong>portal acidade on <\/strong>entrou em contato com a <strong>SSP (Secretaria de Seguran\u00e7a P\u00fablica)<\/strong> e com a <strong>PM (Pol\u00edcia Militar)<\/strong>, no entanto, at\u00e9 a publica\u00e7\u00e3o desta reportagem n\u00e3o obteve um retorno. Esse texto poder\u00e1 ser alterado a qualquer momento caso os \u00f3rg\u00e3os se manifestem.<\/p>\n<hr class=\"wp-block-separator has-alpha-channel-opacity\"\/>\n<p>SAIBA MAIS<\/p>\n<p>Caso Larissa: Advogado revela movimenta\u00e7\u00e3o de conta de professora morta em Ribeir\u00e3o Preto<\/p>\n<h4 class=\"wp-block-heading\"><strong>FIQUE ON<\/strong><\/h4>\n<p>Fique ligado em tudo que acontece em Ribeir\u00e3o Preto e regi\u00e3o. Siga os perfis do<strong>\u00a0acidade on\u00a0<\/strong>no\u00a0<a href=\"https:\/\/www.instagram.com\/acidadeonribeirao\">Instagram<\/a>\u00a0e no\u00a0<a href=\"https:\/\/www.facebook.com\/acidadeonribeirao\/\">Facebook<\/a>.<\/p>\n<p>Receba not\u00edcias do\u00a0<strong>acidade on<\/strong>\u00a0no WhatsApp.<a href=\"https:\/\/chat.whatsapp.com\/BjKQZ9oJwlz8VVT50NuePq\">\u00a0Para entrar no grupo, basta clicar aqui.<\/a><\/p>\n<p>Fa\u00e7a uma den\u00fancia ou sugira uma reportagem sobre Ribeir\u00e3o Preto e regi\u00e3o pelo WhatsApp: 16 99117 7802.<\/p>\n<p>VEJA TAMB\u00c9M<br \/>O que Le\u00e3o XIV falou em primeira missa?<\/p>\n<p><!-- CONTENT END 1 -->\n<\/div>\n<p><script async src=\"\/\/platform.twitter.com\/widgets.js\" charset=\"utf-8\"><\/script><script async src=\"\/\/www.instagram.com\/embed.js\"><\/script><br \/>\n<br \/><br \/>\n<br \/><a href=\"https:\/\/www.acidadeon.com\/ribeiraopreto\/cotidiano\/moradores-da-zona-leste-de-ribeirao-denunciam-tentativas-de-invasoes-veja-video\/\">Source link <\/a><\/p>\n","protected":false},"excerpt":{"rendered":"<p>Moradores do Jardim Ouro Branco, zona Leste de Ribeir\u00e3o Preto, denunciam que a popula\u00e7\u00e3o local tem sofrido tentativas de invas\u00f5es e furtos no bairro. Em&#8230;<\/p>\n","protected":false},"author":1,"featured_media":69824,"comment_status":"open","ping_status":"open","sticky":false,"template":"","format":"standard","meta":{"advanced_seo_description":"","jetpack_seo_html_title":"","jetpack_seo_noindex":false,"jetpack_post_was_ever_published":false,"_jetpack_newsletter_access":"","_jetpack_dont_email_post_to_subs":false,"_jetpack_newsletter_tier_id":0,"_jetpack_memberships_contains_paywalled_content":false,"_jetpack_memberships_contains_paid_content":false,"footnotes":"","jetpack_publicize_message":"","jetpack_publicize_feature_enabled":true,"jetpack_social_post_already_shared":true,"jetpack_social_options":{"image_generator_settings":{"template":"highway","default_image_id":0,"font":"","enabled":false},"version":2}},"categories":[11],"tags":[],"class_list":["post-69823","post","type-post","status-publish","format-standard","has-post-thumbnail","hentry","category-noticias-de-ribeirao-preto-sp-e-regiao-ismael-colosi"],"jetpack_publicize_connections":[],"jetpack_featured_media_url":"https:\/\/i0.wp.com\/noticiasribeiraopreto.com.br\/wp-content\/uploads\/2025\/05\/WhatsApp-Image-2025-05-09-at-13.20.29_2025-05-09_16-23-34.webp.webp?fit=1179%2C657&ssl=1","jetpack-related-posts":[{"id":29420,"url":"https:\/\/noticiasribeiraopreto.com.br\/index.php\/2024\/01\/18\/com-falta-dagua-moradores-de-ribeirao-denunciam-vazamento-de-agua-limpa\/","url_meta":{"origin":69823,"position":0},"title":"Moradores de Ribeir\u00e3o denunciam vazamento de \u00e1gua limpa","author":"noticiasribeiraopreto.com.br","date":"18 de January de 2024","format":false,"excerpt":"Um vazamento de \u00e1gua limpa na rua Ant\u00f4nia Pimentel da Silva, no Paulo Gomes Romeo, na zona Oeste de Ribeir\u00e3o Preto, preocupa os moradores do bairro, em raz\u00e3o da falta d\u2019\u00e1gua nas resid\u00eancias. \u00a0 Os moradores relata que o vazamento de \u00e1gua limpa acontece h\u00e1 mais de 30 dias. Por\u2026","rel":"","context":"In &quot;Not\u00edcias de Ribeir\u00e3o Preto-SP e Regi\u00e3o&quot;","block_context":{"text":"Not\u00edcias de Ribeir\u00e3o Preto-SP e Regi\u00e3o","link":"https:\/\/noticiasribeiraopreto.com.br\/index.php\/category\/noticias-de-ribeirao-preto-sp-e-regiao-ismael-colosi\/"},"img":{"alt_text":"","src":"https:\/\/i0.wp.com\/noticiasribeiraopreto.com.br\/wp-content\/uploads\/2024\/01\/FOTO-CARDS.jpg?fit=640%2C500&ssl=1&resize=350%2C200","width":350,"height":200,"srcset":"https:\/\/i0.wp.com\/noticiasribeiraopreto.com.br\/wp-content\/uploads\/2024\/01\/FOTO-CARDS.jpg?fit=640%2C500&ssl=1&resize=350%2C200 1x, https:\/\/i0.wp.com\/noticiasribeiraopreto.com.br\/wp-content\/uploads\/2024\/01\/FOTO-CARDS.jpg?fit=640%2C500&ssl=1&resize=525%2C300 1.5x"},"classes":[]},{"id":38925,"url":"https:\/\/noticiasribeiraopreto.com.br\/index.php\/2024\/02\/22\/dengue-moradores-denunciam-criadouros-em-ribeirao-preto\/","url_meta":{"origin":69823,"position":1},"title":"Dengue: Moradores denunciam criadouros em Ribeir\u00e3o Preto","author":"noticiasribeiraopreto.com.br","date":"22 de February de 2024","format":false,"excerpt":"Moradores de diferentes regi\u00f5es de Ribeir\u00e3o Preto est\u00e3o preocupados com criadouros do mosquito Aedes aegypti em casas, terrenos e at\u00e9 em cal\u00e7adas. Diante da epidemia que a cidade enfrenta, com 2.488 casos confirmados de dengue e 7.810 em investiga\u00e7\u00e3o, o portal acidade on Ribeir\u00e3o tem recebido v\u00e1rias den\u00fancias sobre poss\u00edveis\u2026","rel":"","context":"In &quot;Not\u00edcias de Ribeir\u00e3o Preto-SP e Regi\u00e3o&quot;","block_context":{"text":"Not\u00edcias de Ribeir\u00e3o Preto-SP e Regi\u00e3o","link":"https:\/\/noticiasribeiraopreto.com.br\/index.php\/category\/noticias-de-ribeirao-preto-sp-e-regiao-ismael-colosi\/"},"img":{"alt_text":"","src":"https:\/\/i0.wp.com\/noticiasribeiraopreto.com.br\/wp-content\/uploads\/2024\/02\/Copia-de-Copia-de-TAMANHO-EXATO-PARA-FOTOS-NO-SISTEMA-NOVO-1-1.png?fit=1200%2C675&ssl=1&resize=350%2C200","width":350,"height":200,"srcset":"https:\/\/i0.wp.com\/noticiasribeiraopreto.com.br\/wp-content\/uploads\/2024\/02\/Copia-de-Copia-de-TAMANHO-EXATO-PARA-FOTOS-NO-SISTEMA-NOVO-1-1.png?fit=1200%2C675&ssl=1&resize=350%2C200 1x, https:\/\/i0.wp.com\/noticiasribeiraopreto.com.br\/wp-content\/uploads\/2024\/02\/Copia-de-Copia-de-TAMANHO-EXATO-PARA-FOTOS-NO-SISTEMA-NOVO-1-1.png?fit=1200%2C675&ssl=1&resize=525%2C300 1.5x, https:\/\/i0.wp.com\/noticiasribeiraopreto.com.br\/wp-content\/uploads\/2024\/02\/Copia-de-Copia-de-TAMANHO-EXATO-PARA-FOTOS-NO-SISTEMA-NOVO-1-1.png?fit=1200%2C675&ssl=1&resize=700%2C400 2x, https:\/\/i0.wp.com\/noticiasribeiraopreto.com.br\/wp-content\/uploads\/2024\/02\/Copia-de-Copia-de-TAMANHO-EXATO-PARA-FOTOS-NO-SISTEMA-NOVO-1-1.png?fit=1200%2C675&ssl=1&resize=1050%2C600 3x"},"classes":[]},{"id":38933,"url":"https:\/\/noticiasribeiraopreto.com.br\/index.php\/2024\/02\/22\/dengue-moradores-denunciam-criadouros-em-ribeirao-preto-2\/","url_meta":{"origin":69823,"position":2},"title":"Dengue: Moradores denunciam criadouros em Ribeir\u00e3o Preto","author":"noticiasribeiraopreto.com.br","date":"22 de February de 2024","format":false,"excerpt":"Moradores de diferentes regi\u00f5es de Ribeir\u00e3o Preto est\u00e3o preocupados com criadouros do mosquito Aedes aegypti em casas, terrenos e at\u00e9 em cal\u00e7adas. Diante da epidemia que a cidade enfrenta, com 2.488 casos confirmados de dengue e 7.810 em investiga\u00e7\u00e3o, o portal acidade on Ribeir\u00e3o tem recebido v\u00e1rias den\u00fancias sobre poss\u00edveis\u2026","rel":"","context":"In &quot;Not\u00edcias de Ribeir\u00e3o Preto-SP e Regi\u00e3o&quot;","block_context":{"text":"Not\u00edcias de Ribeir\u00e3o Preto-SP e Regi\u00e3o","link":"https:\/\/noticiasribeiraopreto.com.br\/index.php\/category\/noticias-de-ribeirao-preto-sp-e-regiao-ismael-colosi\/"},"img":{"alt_text":"","src":"https:\/\/i0.wp.com\/noticiasribeiraopreto.com.br\/wp-content\/uploads\/2024\/02\/1708617827_Copia-de-Copia-de-TAMANHO-EXATO-PARA-FOTOS-NO-SISTEMA-NOVO-1-1.png?fit=1200%2C675&ssl=1&resize=350%2C200","width":350,"height":200,"srcset":"https:\/\/i0.wp.com\/noticiasribeiraopreto.com.br\/wp-content\/uploads\/2024\/02\/1708617827_Copia-de-Copia-de-TAMANHO-EXATO-PARA-FOTOS-NO-SISTEMA-NOVO-1-1.png?fit=1200%2C675&ssl=1&resize=350%2C200 1x, https:\/\/i0.wp.com\/noticiasribeiraopreto.com.br\/wp-content\/uploads\/2024\/02\/1708617827_Copia-de-Copia-de-TAMANHO-EXATO-PARA-FOTOS-NO-SISTEMA-NOVO-1-1.png?fit=1200%2C675&ssl=1&resize=525%2C300 1.5x, https:\/\/i0.wp.com\/noticiasribeiraopreto.com.br\/wp-content\/uploads\/2024\/02\/1708617827_Copia-de-Copia-de-TAMANHO-EXATO-PARA-FOTOS-NO-SISTEMA-NOVO-1-1.png?fit=1200%2C675&ssl=1&resize=700%2C400 2x, https:\/\/i0.wp.com\/noticiasribeiraopreto.com.br\/wp-content\/uploads\/2024\/02\/1708617827_Copia-de-Copia-de-TAMANHO-EXATO-PARA-FOTOS-NO-SISTEMA-NOVO-1-1.png?fit=1200%2C675&ssl=1&resize=1050%2C600 3x"},"classes":[]},{"id":69856,"url":"https:\/\/noticiasribeiraopreto.com.br\/index.php\/2025\/05\/09\/acidente-envolvendo-quatro-veiculos-deixa-uma-pessoa-morta-na-rodovia-anhanguera\/","url_meta":{"origin":69823,"position":3},"title":"Acidente envolvendo quatro ve\u00edculos deixa uma pessoa morta na rodovia Anhanguera","author":"noticiasribeiraopreto.com.br","date":"9 de May de 2025","format":false,"excerpt":"\u00a0Na tarde desta sexta-feira (9), um engavetamento no km 238 da rodovia Anhanguera (SP-330), na pista sentido interior, em Santa Rita do Passa Quatro, resultou na morte de uma pessoa. A ocorr\u00eancia envolveu quatro ve\u00edculos: duas carretas, um autom\u00f3vel e uma caminhonete. De acordo com a concession\u00e1ria, foi registrado sete\u2026","rel":"","context":"In &quot;Not\u00edcias de Ribeir\u00e3o Preto-SP e Regi\u00e3o&quot;","block_context":{"text":"Not\u00edcias de Ribeir\u00e3o Preto-SP e Regi\u00e3o","link":"https:\/\/noticiasribeiraopreto.com.br\/index.php\/category\/noticias-de-ribeirao-preto-sp-e-regiao-ismael-colosi\/"},"img":{"alt_text":"","src":"https:\/\/i0.wp.com\/noticiasribeiraopreto.com.br\/wp-content\/uploads\/2025\/05\/Copia-de-Copia-de-Copia-de-TAMANHO-EXATO-PARA-FOTOS-NO-SISTEMA-NOVO-55_2025-05-09_21-15-50.webp.webp?fit=1200%2C675&ssl=1&resize=350%2C200","width":350,"height":200,"srcset":"https:\/\/i0.wp.com\/noticiasribeiraopreto.com.br\/wp-content\/uploads\/2025\/05\/Copia-de-Copia-de-Copia-de-TAMANHO-EXATO-PARA-FOTOS-NO-SISTEMA-NOVO-55_2025-05-09_21-15-50.webp.webp?fit=1200%2C675&ssl=1&resize=350%2C200 1x, https:\/\/i0.wp.com\/noticiasribeiraopreto.com.br\/wp-content\/uploads\/2025\/05\/Copia-de-Copia-de-Copia-de-TAMANHO-EXATO-PARA-FOTOS-NO-SISTEMA-NOVO-55_2025-05-09_21-15-50.webp.webp?fit=1200%2C675&ssl=1&resize=525%2C300 1.5x, https:\/\/i0.wp.com\/noticiasribeiraopreto.com.br\/wp-content\/uploads\/2025\/05\/Copia-de-Copia-de-Copia-de-TAMANHO-EXATO-PARA-FOTOS-NO-SISTEMA-NOVO-55_2025-05-09_21-15-50.webp.webp?fit=1200%2C675&ssl=1&resize=700%2C400 2x, https:\/\/i0.wp.com\/noticiasribeiraopreto.com.br\/wp-content\/uploads\/2025\/05\/Copia-de-Copia-de-Copia-de-TAMANHO-EXATO-PARA-FOTOS-NO-SISTEMA-NOVO-55_2025-05-09_21-15-50.webp.webp?fit=1200%2C675&ssl=1&resize=1050%2C600 3x"},"classes":[]},{"id":69821,"url":"https:\/\/noticiasribeiraopreto.com.br\/index.php\/2025\/05\/09\/van-fica-pendurada-e-por-pouco-nao-cai-em-corrego-no-interior-de-sp-veja-video\/","url_meta":{"origin":69823,"position":4},"title":"Van fica pendurada e por pouco n\u00e3o cai em c\u00f3rrego no interior de SP; Veja v\u00eddeo","author":"noticiasribeiraopreto.com.br","date":"9 de May de 2025","format":false,"excerpt":"Uma van ficou pendurada \u00e0s margens de um c\u00f3rrego na tarde desta sexta-feira (9), em Franca, cidade a aproximadamente 80 quil\u00f4metros de Ribeir\u00e3o Preto. Segundo a PM (Pol\u00edcia Militar), o motorista teria sofrido um mal s\u00fabito, quando perdeu o controle da dire\u00e7\u00e3o do ve\u00edculo, subiu no canteiro e parou apoiada\u2026","rel":"","context":"In &quot;Not\u00edcias de Ribeir\u00e3o Preto-SP e Regi\u00e3o&quot;","block_context":{"text":"Not\u00edcias de Ribeir\u00e3o Preto-SP e Regi\u00e3o","link":"https:\/\/noticiasribeiraopreto.com.br\/index.php\/category\/noticias-de-ribeirao-preto-sp-e-regiao-ismael-colosi\/"},"img":{"alt_text":"","src":"https:\/\/i0.wp.com\/noticiasribeiraopreto.com.br\/wp-content\/uploads\/2025\/05\/VAN_2025-05-09_17-06-04.webp.webp?fit=1200%2C772&ssl=1&resize=350%2C200","width":350,"height":200,"srcset":"https:\/\/i0.wp.com\/noticiasribeiraopreto.com.br\/wp-content\/uploads\/2025\/05\/VAN_2025-05-09_17-06-04.webp.webp?fit=1200%2C772&ssl=1&resize=350%2C200 1x, https:\/\/i0.wp.com\/noticiasribeiraopreto.com.br\/wp-content\/uploads\/2025\/05\/VAN_2025-05-09_17-06-04.webp.webp?fit=1200%2C772&ssl=1&resize=525%2C300 1.5x, https:\/\/i0.wp.com\/noticiasribeiraopreto.com.br\/wp-content\/uploads\/2025\/05\/VAN_2025-05-09_17-06-04.webp.webp?fit=1200%2C772&ssl=1&resize=700%2C400 2x, https:\/\/i0.wp.com\/noticiasribeiraopreto.com.br\/wp-content\/uploads\/2025\/05\/VAN_2025-05-09_17-06-04.webp.webp?fit=1200%2C772&ssl=1&resize=1050%2C600 3x"},"classes":[]},{"id":73789,"url":"https:\/\/noticiasribeiraopreto.com.br\/index.php\/2025\/07\/09\/cameras-flagram-nova-invasao-em-condominio-da-zona-leste-de-ribeirao-preto\/","url_meta":{"origin":69823,"position":5},"title":"C\u00e2meras flagram nova invas\u00e3o em condom\u00ednio da zona Leste de Ribeir\u00e3o Preto","author":"noticiasribeiraopreto.com.br","date":"9 de July de 2025","format":false,"excerpt":"Moradores do bairro Lagoinha, na zona Leste de Ribeir\u00e3o Preto, relataram uma nova tentativa de invas\u00e3o na tarde desta ter\u00e7a-feira (8). O caso ocorreu menos de dez minutos ap\u00f3s uma ocorr\u00eancia semelhante na mesma regi\u00e3o. Ambos os condom\u00ednios ficam localizados na mesma avenida. Segundo os relatos, um homem conseguiu entrar\u2026","rel":"","context":"In &quot;Not\u00edcias de Ribeir\u00e3o Preto-SP e Regi\u00e3o&quot;","block_context":{"text":"Not\u00edcias de Ribeir\u00e3o Preto-SP e Regi\u00e3o","link":"https:\/\/noticiasribeiraopreto.com.br\/index.php\/category\/noticias-de-ribeirao-preto-sp-e-regiao-ismael-colosi\/"},"img":{"alt_text":"","src":"https:\/\/i0.wp.com\/noticiasribeiraopreto.com.br\/wp-content\/uploads\/2025\/07\/Copia-de-Copia-de-Copia-de-TAMANHO-EXATO-PARA-FOTOS-NO-SISTEMA-NOVO-2025-07-09T162422.659_2025-07-09_19-24-53.webp.webp?fit=1200%2C675&ssl=1&resize=350%2C200","width":350,"height":200,"srcset":"https:\/\/i0.wp.com\/noticiasribeiraopreto.com.br\/wp-content\/uploads\/2025\/07\/Copia-de-Copia-de-Copia-de-TAMANHO-EXATO-PARA-FOTOS-NO-SISTEMA-NOVO-2025-07-09T162422.659_2025-07-09_19-24-53.webp.webp?fit=1200%2C675&ssl=1&resize=350%2C200 1x, https:\/\/i0.wp.com\/noticiasribeiraopreto.com.br\/wp-content\/uploads\/2025\/07\/Copia-de-Copia-de-Copia-de-TAMANHO-EXATO-PARA-FOTOS-NO-SISTEMA-NOVO-2025-07-09T162422.659_2025-07-09_19-24-53.webp.webp?fit=1200%2C675&ssl=1&resize=525%2C300 1.5x, https:\/\/i0.wp.com\/noticiasribeiraopreto.com.br\/wp-content\/uploads\/2025\/07\/Copia-de-Copia-de-Copia-de-TAMANHO-EXATO-PARA-FOTOS-NO-SISTEMA-NOVO-2025-07-09T162422.659_2025-07-09_19-24-53.webp.webp?fit=1200%2C675&ssl=1&resize=700%2C400 2x, https:\/\/i0.wp.com\/noticiasribeiraopreto.com.br\/wp-content\/uploads\/2025\/07\/Copia-de-Copia-de-Copia-de-TAMANHO-EXATO-PARA-FOTOS-NO-SISTEMA-NOVO-2025-07-09T162422.659_2025-07-09_19-24-53.webp.webp?fit=1200%2C675&ssl=1&resize=1050%2C600 3x"},"classes":[]}],"jetpack_sharing_enabled":true,"jetpack_shortlink":"https:\/\/wp.me\/peQAOb-iab","_links":{"self":[{"href":"https:\/\/noticiasribeiraopreto.com.br\/index.php\/wp-json\/wp\/v2\/posts\/69823","targetHints":{"allow":["GET"]}}],"collection":[{"href":"https:\/\/noticiasribeiraopreto.com.br\/index.php\/wp-json\/wp\/v2\/posts"}],"about":[{"href":"https:\/\/noticiasribeiraopreto.com.br\/index.php\/wp-json\/wp\/v2\/types\/post"}],"author":[{"embeddable":true,"href":"https:\/\/noticiasribeiraopreto.com.br\/index.php\/wp-json\/wp\/v2\/users\/1"}],"replies":[{"embeddable":true,"href":"https:\/\/noticiasribeiraopreto.com.br\/index.php\/wp-json\/wp\/v2\/comments?post=69823"}],"version-history":[{"count":0,"href":"https:\/\/noticiasribeiraopreto.com.br\/index.php\/wp-json\/wp\/v2\/posts\/69823\/revisions"}],"wp:featuredmedia":[{"embeddable":true,"href":"https:\/\/noticiasribeiraopreto.com.br\/index.php\/wp-json\/wp\/v2\/media\/69824"}],"wp:attachment":[{"href":"https:\/\/noticiasribeiraopreto.com.br\/index.php\/wp-json\/wp\/v2\/media?parent=69823"}],"wp:term":[{"taxonomy":"category","embeddable":true,"href":"https:\/\/noticiasribeiraopreto.com.br\/index.php\/wp-json\/wp\/v2\/categories?post=69823"},{"taxonomy":"post_tag","embeddable":true,"href":"https:\/\/noticiasribeiraopreto.com.br\/index.php\/wp-json\/wp\/v2\/tags?post=69823"}],"curies":[{"name":"wp","href":"https:\/\/api.w.org\/{rel}","templated":true}]}}