{"id":69903,"date":"2025-05-10T12:41:23","date_gmt":"2025-05-10T15:41:23","guid":{"rendered":"https:\/\/noticiasribeiraopreto.com.br\/index.php\/2025\/05\/10\/jornal-da-franca-lbv-realiza-campanha-para-arrecadacao-de-calcados-para-criancas-e-adolescentes\/"},"modified":"2025-05-10T12:41:23","modified_gmt":"2025-05-10T15:41:23","slug":"jornal-da-franca-lbv-realiza-campanha-para-arrecadacao-de-calcados-para-criancas-e-adolescentes","status":"publish","type":"post","link":"https:\/\/noticiasribeiraopreto.com.br\/index.php\/2025\/05\/10\/jornal-da-franca-lbv-realiza-campanha-para-arrecadacao-de-calcados-para-criancas-e-adolescentes\/","title":{"rendered":"Jornal da Franca &#8211; LBV realiza campanha para arrecada\u00e7\u00e3o de cal\u00e7ados para crian\u00e7as e adolescentes"},"content":{"rendered":"<p> <br \/>\n<\/p>\n<div>\n\t                            <a class=\"mb-1\" href=\"https:\/\/api.whatsapp.com\/send?text=Olha essa Not\u00edcia no Jornal da Franca.%0D%0D*LBV realiza campanha para arrecada\u00e7\u00e3o de cal\u00e7ados para crian\u00e7as e adolescentes*%0D%0Dclique na url abaixo%0Dhttps:\/\/www.jornaldafranca.com.br\/lbv-realiza-campanha-para-arrecadacao-de-calcados-para-criancas-e-adolescentes\/\" target=\"_blank\"><span class=\"text-12 badge badge-pill badge-success\"><i class=\"fa fa-whatsapp\"\/> compartilhar no whatsapp<\/span><\/a><\/p>\n<p>\t                            <a class=\"mb-1\" href=\"https:\/\/telegram.me\/share\/url?url=https:\/\/www.jornaldafranca.com.br\/lbv-realiza-campanha-para-arrecadacao-de-calcados-para-criancas-e-adolescentes\/&amp;text=Olha essa Not\u00edcia no Jornal da Franca.\" target=\"_blank\"><span class=\"text-12 badge badge-pill badge-info\"><i class=\"fa fa-telegram\"\/> compartilhar no telegram<\/span><\/a><\/p>\n<p>\t                            <a class=\"mb-1\" href=\"https:\/\/www.facebook.com\/sharer\/sharer.php?u=https:\/\/www.jornaldafranca.com.br\/lbv-realiza-campanha-para-arrecadacao-de-calcados-para-criancas-e-adolescentes\/\" target=\"_blank\"><span class=\"text-12 badge badge-pill badge-primary\"><i class=\"fa fa-facebook\"\/> compartilhar no facebook<\/span><\/a><\/p>\n<p>\t                            <a class=\"mb-1\" href=\"https:\/\/www.linkedin.com\/shareArticle?mini=true&amp;url=https:\/\/www.jornaldafranca.com.br\/lbv-realiza-campanha-para-arrecadacao-de-calcados-para-criancas-e-adolescentes\/&amp;title=LBV realiza campanha para arrecada\u00e7\u00e3o de cal\u00e7ados para crian\u00e7as e adolescentes&amp;source=JORNAL DA FRANCA\" target=\"_blank\"><span class=\"text-12 badge badge-pill badge-secondary\"><i class=\"fa fa-linkedin\"\/> compartilhar no linkedin<\/span><\/a><\/p>\n<div class=\"lead text-20\">\n<p>LBV iniciou em Franca, uma mobiliza\u00e7\u00e3o solid\u00e1ria para arrecadar cal\u00e7ados novos ou em bom estado (numera\u00e7\u00e3o do 29 ao 39) destinados a crian\u00e7as e adolescentes de 6 a 15 anos<\/p>\n<\/p><\/div>\n<p>\u00a0<\/p>\n<p><img data-recalc-dims=\"1\" decoding=\"async\" src=\"https:\/\/i0.wp.com\/www.jornaldafranca.com.br\/wp-content\/uploads\/2025\/05\/calcado-doacao-foto-o-municipio.jpg?ssl=1\" alt=\"\"\/><\/p>\n<h6>LBV de Franca inicia campanha de arrecada\u00e7\u00e3o de cal\u00e7ados para crian\u00e7as e adolescentes \u2013 foto O Munic\u00edpio<\/h6>\n<p>\u00a0<\/p>\n<p>Com a chegada do frio, os efeitos das baixas temperaturas atingem com for\u00e7a as popula\u00e7\u00f5es mais vulner\u00e1veis, especialmente crian\u00e7as e adolescentes que vivem em comunidades com graves dificuldades socioecon\u00f4micas.<\/p>\n<p>A falta de itens b\u00e1sicos para se proteger do inverno, como por exemplo, cal\u00e7ados adequados, exp\u00f5e esse p\u00fablico a riscos s\u00e9rios para a sa\u00fade, como gripes, infec\u00e7\u00f5es respirat\u00f3rias, doen\u00e7as de pele e at\u00e9 casos de hipotermia.<\/p>\n<p>Em muitos lares, a realidade \u00e9 dura: fam\u00edlias compartilham entre os filhos os poucos pares de cal\u00e7ados dispon\u00edveis, muitas vezes desgastados ou fora do tamanho ideal.<\/p>\n<p>Essa car\u00eancia afeta diretamente a rotina das crian\u00e7as, que acabam faltando \u00e0s aulas ou deixando de participar das atividades socioassistenciais por n\u00e3o terem como se proteger do frio.<\/p>\n<p>Diante desse cen\u00e1rio, a Legi\u00e3o da Boa Vontade (LBV) iniciou, em Franca, uma mobiliza\u00e7\u00e3o solid\u00e1ria para arrecadar cal\u00e7ados novos ou em bom estado (numera\u00e7\u00e3o do 29 ao 39) destinados a crian\u00e7as e adolescentes de 6 a 15 anos.<\/p>\n<p>A a\u00e7\u00e3o tem como objetivo garantir mais dignidade, prote\u00e7\u00e3o e qualidade de vida para esse p\u00fablico atendido pela Institui\u00e7\u00e3o.<\/p>\n<p>Na cidade, a LBV atende cerca de 50 meninas e meninos que residem em bairros de alta vulnerabilidade. Para muitos deles, um par de cal\u00e7ados adequado representa n\u00e3o apenas conforto, mas tamb\u00e9m seguran\u00e7a, sa\u00fade e inclus\u00e3o.<\/p>\n<p><strong>Como ajudar<\/strong><\/p>\n<p>As doa\u00e7\u00f5es podem ser entregues diretamente na unidade da LBV, localizada na Rua Torquato Caleiro, 915 \u2013 Vila Nic\u00e1cio.<\/p>\n<p>Para mais informa\u00e7\u00f5es, entre em contato pelo telefone (16) 3720-9077. Doa\u00e7\u00f5es tamb\u00e9m podem ser feitas pelo <strong><a href=\"https:\/\/www.jornaldafranca.com.br\/cdn-cgi\/l\/email-protection\" class=\"__cf_email__\" data-cfemail=\"c1b1a8b981ada3b7efaeb3a6efa3b3\">[email\u00a0protected]<\/a><\/strong>.<\/p>\n<p><strong>Sua Solidariedade aquece vidas<\/strong><\/p>\n<p>Participe dessa a\u00e7\u00e3o solid\u00e1ria e ajude a proteger crian\u00e7as e adolescentes neste inverno.<\/p>\n<p><strong>Servi\u00e7o:<\/strong><br \/>A\u00e7\u00e3o: Campanha de arrecada\u00e7\u00e3o de cal\u00e7ados \u2014 numera\u00e7\u00e3o do 29 ao 39.<br \/>P\u00fablico-alvo: crian\u00e7as e adolescentes de 6 a 15 anos atendidos pela LBV.<br \/>Endere\u00e7o: Rua Torquato Caleiro, 915 \u2013 Vila Nic\u00e1cio, Franca\/SP<br \/>Informa\u00e7\u00f5es: tel.: (16) 3720-9077 | www.lbv.org.br | @LBVBrasil.<\/p>\n<p><!-- CONTENT END 1 --><\/p>\n<hr\/><\/div>\n<p><br \/>\n<br \/><a href=\"https:\/\/www.jornaldafranca.com.br\/lbv-realiza-campanha-para-arrecadacao-de-calcados-para-criancas-e-adolescentes\/\">Source link <\/a><\/p>\n","protected":false},"excerpt":{"rendered":"<p>compartilhar no whatsapp compartilhar no telegram compartilhar no facebook compartilhar no linkedin LBV iniciou em Franca, uma mobiliza\u00e7\u00e3o solid\u00e1ria para arrecadar cal\u00e7ados novos ou em&#8230;<\/p>\n","protected":false},"author":1,"featured_media":69904,"comment_status":"open","ping_status":"open","sticky":false,"template":"","format":"standard","meta":{"advanced_seo_description":"","jetpack_seo_html_title":"","jetpack_seo_noindex":false,"jetpack_post_was_ever_published":false,"_jetpack_newsletter_access":"","_jetpack_dont_email_post_to_subs":false,"_jetpack_newsletter_tier_id":0,"_jetpack_memberships_contains_paywalled_content":false,"_jetpack_memberships_contains_paid_content":false,"footnotes":"","jetpack_publicize_message":"","jetpack_publicize_feature_enabled":true,"jetpack_social_post_already_shared":true,"jetpack_social_options":{"image_generator_settings":{"template":"highway","default_image_id":0,"font":"","enabled":false},"version":2}},"categories":[3597],"tags":[],"class_list":["post-69903","post","type-post","status-publish","format-standard","has-post-thumbnail","hentry","category-noticias-franca-sp"],"jetpack_publicize_connections":[],"jetpack_featured_media_url":"https:\/\/i0.wp.com\/noticiasribeiraopreto.com.br\/wp-content\/uploads\/2025\/05\/calcado-doacao-foto-o-municipio.jpg?fit=1280%2C720&ssl=1","jetpack-related-posts":[{"id":65177,"url":"https:\/\/noticiasribeiraopreto.com.br\/index.php\/2025\/03\/17\/jornal-da-franca-previsao-climatica-para-franca-dia-de-sol-com-poucas-nuvens-nesta-segunda\/","url_meta":{"origin":69903,"position":0},"title":"Jornal da Franca &#8211; Previs\u00e3o clim\u00e1tica para Franca: dia de sol com poucas nuvens nesta segunda","author":"noticiasribeiraopreto.com.br","date":"17 de March de 2025","format":false,"excerpt":"compartilhar no whatsapp compartilhar no telegram compartilhar no facebook compartilhar no linkedin Temperaturas variam entre 19\u00b0C e 31\u00b0C, com 0% de chance de chuva \u00a0 A previs\u00e3o do tempo para a cidade de Franca nesta segunda-feira, indica um dia de sol com algumas nuvens, especialmente \u00e0 tarde. H\u00e1 previs\u00e3o de\u2026","rel":"","context":"In &quot;Not\u00edcias de Franca-SP&quot;","block_context":{"text":"Not\u00edcias de Franca-SP","link":"https:\/\/noticiasribeiraopreto.com.br\/index.php\/category\/noticias-de-ribeirao-preto-sp-e-regiao-ismael-colosi\/noticias-franca-sp\/"},"img":{"alt_text":"","src":"https:\/\/i0.wp.com\/noticiasribeiraopreto.com.br\/wp-content\/uploads\/2025\/03\/nuvens-de-chuva-scaled.jpg?fit=1200%2C800&ssl=1&resize=350%2C200","width":350,"height":200,"srcset":"https:\/\/i0.wp.com\/noticiasribeiraopreto.com.br\/wp-content\/uploads\/2025\/03\/nuvens-de-chuva-scaled.jpg?fit=1200%2C800&ssl=1&resize=350%2C200 1x, https:\/\/i0.wp.com\/noticiasribeiraopreto.com.br\/wp-content\/uploads\/2025\/03\/nuvens-de-chuva-scaled.jpg?fit=1200%2C800&ssl=1&resize=525%2C300 1.5x, https:\/\/i0.wp.com\/noticiasribeiraopreto.com.br\/wp-content\/uploads\/2025\/03\/nuvens-de-chuva-scaled.jpg?fit=1200%2C800&ssl=1&resize=700%2C400 2x, https:\/\/i0.wp.com\/noticiasribeiraopreto.com.br\/wp-content\/uploads\/2025\/03\/nuvens-de-chuva-scaled.jpg?fit=1200%2C800&ssl=1&resize=1050%2C600 3x"},"classes":[]},{"id":69340,"url":"https:\/\/noticiasribeiraopreto.com.br\/index.php\/2025\/05\/05\/jornal-da-franca-implantacao-de-escola-civico-militar-em-franca-e-tema-de-debates-na-camara-municipal\/","url_meta":{"origin":69903,"position":1},"title":"Jornal da Franca &#8211; Implanta\u00e7\u00e3o de escola c\u00edvico-militar em Franca \u00e9 tema de debates na C\u00e2mara Municipal","author":"noticiasribeiraopreto.com.br","date":"5 de May de 2025","format":false,"excerpt":"compartilhar no whatsapp compartilhar no telegram compartilhar no facebook compartilhar no linkedin Mun\u00edcipe agradece apoio de vereadores e parlamentares para que Franca fosse contemplada com o modelo educacional A implanta\u00e7\u00e3o do Programa das Escolas C\u00edvico-Militares em Franca, pauta defendida pela direita, foi tema abordado durante a sess\u00e3o ordin\u00e1ria da C\u00e2mara\u2026","rel":"","context":"In &quot;Not\u00edcias de Franca-SP&quot;","block_context":{"text":"Not\u00edcias de Franca-SP","link":"https:\/\/noticiasribeiraopreto.com.br\/index.php\/category\/noticias-de-ribeirao-preto-sp-e-regiao-ismael-colosi\/noticias-franca-sp\/"},"img":{"alt_text":"","src":"https:\/\/i0.wp.com\/noticiasribeiraopreto.com.br\/wp-content\/uploads\/2025\/05\/1746449336_plenariodiagonal_0.jpg?fit=930%2C558&ssl=1&resize=350%2C200","width":350,"height":200,"srcset":"https:\/\/i0.wp.com\/noticiasribeiraopreto.com.br\/wp-content\/uploads\/2025\/05\/1746449336_plenariodiagonal_0.jpg?fit=930%2C558&ssl=1&resize=350%2C200 1x, https:\/\/i0.wp.com\/noticiasribeiraopreto.com.br\/wp-content\/uploads\/2025\/05\/1746449336_plenariodiagonal_0.jpg?fit=930%2C558&ssl=1&resize=525%2C300 1.5x, https:\/\/i0.wp.com\/noticiasribeiraopreto.com.br\/wp-content\/uploads\/2025\/05\/1746449336_plenariodiagonal_0.jpg?fit=930%2C558&ssl=1&resize=700%2C400 2x"},"classes":[]},{"id":65199,"url":"https:\/\/noticiasribeiraopreto.com.br\/index.php\/2025\/03\/17\/jornal-da-franca-chuva-retorna-a-franca-e-traz-alivio-ao-calorao-registrado-nos-ultimos-dias\/","url_meta":{"origin":69903,"position":2},"title":"Jornal da Franca &#8211; Chuva retorna a Franca e traz al\u00edvio ao calor\u00e3o registrado nos \u00faltimos dias\u00a0","author":"noticiasribeiraopreto.com.br","date":"17 de March de 2025","format":false,"excerpt":"compartilhar no whatsapp compartilhar no telegram compartilhar no facebook compartilhar no linkedin Ap\u00f3s dias de calor intenso, a chuva volta a cair na cidade, trazendo benef\u00edcios para francanos A cidade de Franca voltou a receber chuva na tarde de domingo e a precipita\u00e7\u00e3o continuou durante a manh\u00e3 desta segunda-feira, 17\u2026","rel":"","context":"In &quot;Not\u00edcias de Franca-SP&quot;","block_context":{"text":"Not\u00edcias de Franca-SP","link":"https:\/\/noticiasribeiraopreto.com.br\/index.php\/category\/noticias-de-ribeirao-preto-sp-e-regiao-ismael-colosi\/noticias-franca-sp\/"},"img":{"alt_text":"","src":"https:\/\/i0.wp.com\/noticiasribeiraopreto.com.br\/wp-content\/uploads\/2025\/03\/frio-e-chuva.jpg?fit=1200%2C801&ssl=1&resize=350%2C200","width":350,"height":200,"srcset":"https:\/\/i0.wp.com\/noticiasribeiraopreto.com.br\/wp-content\/uploads\/2025\/03\/frio-e-chuva.jpg?fit=1200%2C801&ssl=1&resize=350%2C200 1x, https:\/\/i0.wp.com\/noticiasribeiraopreto.com.br\/wp-content\/uploads\/2025\/03\/frio-e-chuva.jpg?fit=1200%2C801&ssl=1&resize=525%2C300 1.5x, https:\/\/i0.wp.com\/noticiasribeiraopreto.com.br\/wp-content\/uploads\/2025\/03\/frio-e-chuva.jpg?fit=1200%2C801&ssl=1&resize=700%2C400 2x, https:\/\/i0.wp.com\/noticiasribeiraopreto.com.br\/wp-content\/uploads\/2025\/03\/frio-e-chuva.jpg?fit=1200%2C801&ssl=1&resize=1050%2C600 3x"},"classes":[]},{"id":69879,"url":"https:\/\/noticiasribeiraopreto.com.br\/index.php\/2025\/05\/10\/jornal-da-franca-francana-realiza-acao-para-venda-de-combo-de-ingressos-e-camisas-no-centro-da-cidade\/","url_meta":{"origin":69903,"position":3},"title":"Jornal da Franca &#8211; Francana realiza a\u00e7\u00e3o para venda de combo de ingressos e camisas no Centro da cidade","author":"noticiasribeiraopreto.com.br","date":"10 de May de 2025","format":false,"excerpt":"compartilhar no whatsapp compartilhar no telegram compartilhar no facebook compartilhar no linkedin Clube estar\u00e1 vendendo Voucher Promocional para jogos da Copa Paulista e realizar\u00e1 outras atividades em parceria com a Acif Franca Neste s\u00e1bado, dez de maio, a Associa\u00e7\u00e3o Atl\u00e9tica Francana estar\u00e1 realizando uma a\u00e7\u00e3o no centro de Franca, em\u2026","rel":"","context":"In &quot;Not\u00edcias de Franca-SP&quot;","block_context":{"text":"Not\u00edcias de Franca-SP","link":"https:\/\/noticiasribeiraopreto.com.br\/index.php\/category\/noticias-de-ribeirao-preto-sp-e-regiao-ismael-colosi\/noticias-franca-sp\/"},"img":{"alt_text":"","src":"https:\/\/i0.wp.com\/noticiasribeiraopreto.com.br\/wp-content\/uploads\/2025\/05\/pLENARIO-4.jpg?fit=800%2C724&ssl=1&resize=350%2C200","width":350,"height":200,"srcset":"https:\/\/i0.wp.com\/noticiasribeiraopreto.com.br\/wp-content\/uploads\/2025\/05\/pLENARIO-4.jpg?fit=800%2C724&ssl=1&resize=350%2C200 1x, https:\/\/i0.wp.com\/noticiasribeiraopreto.com.br\/wp-content\/uploads\/2025\/05\/pLENARIO-4.jpg?fit=800%2C724&ssl=1&resize=525%2C300 1.5x, https:\/\/i0.wp.com\/noticiasribeiraopreto.com.br\/wp-content\/uploads\/2025\/05\/pLENARIO-4.jpg?fit=800%2C724&ssl=1&resize=700%2C400 2x"},"classes":[]},{"id":70520,"url":"https:\/\/noticiasribeiraopreto.com.br\/index.php\/2025\/05\/27\/jornal-da-franca-camara-municipal-de-franca-votara-projeto-de-lei-para-reestruturar-controle-interno\/","url_meta":{"origin":69903,"position":4},"title":"Jornal da Franca &#8211; C\u00e2mara Municipal de Franca votar\u00e1 projeto de lei para reestruturar Controle Interno","author":"noticiasribeiraopreto.com.br","date":"27 de May de 2025","format":false,"excerpt":"compartilhar no whatsapp compartilhar no telegram compartilhar no facebook compartilhar no linkedin Proposta da Mesa Diretora visa criar tr\u00eas cargos para o setor de controle interno, atendendo exig\u00eancias do MP A C\u00e2mara Municipal de Franca voltar\u00e1 a se reunir nesta ter\u00e7a-feira \u00e0 tarde para votar um importante projeto de lei\u2026","rel":"","context":"In &quot;Not\u00edcias de Franca-SP&quot;","block_context":{"text":"Not\u00edcias de Franca-SP","link":"https:\/\/noticiasribeiraopreto.com.br\/index.php\/category\/noticias-de-ribeirao-preto-sp-e-regiao-ismael-colosi\/noticias-franca-sp\/"},"img":{"alt_text":"","src":"https:\/\/i0.wp.com\/noticiasribeiraopreto.com.br\/wp-content\/uploads\/2025\/05\/1748364098_pLENARIO-10.jpg?fit=930%2C558&ssl=1&resize=350%2C200","width":350,"height":200,"srcset":"https:\/\/i0.wp.com\/noticiasribeiraopreto.com.br\/wp-content\/uploads\/2025\/05\/1748364098_pLENARIO-10.jpg?fit=930%2C558&ssl=1&resize=350%2C200 1x, https:\/\/i0.wp.com\/noticiasribeiraopreto.com.br\/wp-content\/uploads\/2025\/05\/1748364098_pLENARIO-10.jpg?fit=930%2C558&ssl=1&resize=525%2C300 1.5x, https:\/\/i0.wp.com\/noticiasribeiraopreto.com.br\/wp-content\/uploads\/2025\/05\/1748364098_pLENARIO-10.jpg?fit=930%2C558&ssl=1&resize=700%2C400 2x"},"classes":[]},{"id":67863,"url":"https:\/\/noticiasribeiraopreto.com.br\/index.php\/2025\/04\/19\/jornal-da-franca-sesi-franca-quer-vencer-o-cordoba-e-deixar-a-champions-league-de-cabeca-erguida\/","url_meta":{"origin":69903,"position":5},"title":"Jornal da Franca &#8211; Sesi Franca quer vencer o C\u00f3rdoba e deixar a Champions League de cabe\u00e7a erguida","author":"noticiasribeiraopreto.com.br","date":"19 de April de 2025","format":false,"excerpt":"compartilhar no whatsapp compartilhar no telegram compartilhar no facebook compartilhar no linkedin Jogo de hoje servir\u00e1 para a equipe se reencontrar e encerrar campeonato honrosamente O Sesi Franca ainda procura se reencontrar ap\u00f3s a elimina\u00e7\u00e3o contra o Flamengo pelas semifinais da Champions League, por 91 a 65, na noite desta\u2026","rel":"","context":"In &quot;Not\u00edcias de Franca-SP&quot;","block_context":{"text":"Not\u00edcias de Franca-SP","link":"https:\/\/noticiasribeiraopreto.com.br\/index.php\/category\/noticias-de-ribeirao-preto-sp-e-regiao-ismael-colosi\/noticias-franca-sp\/"},"img":{"alt_text":"","src":"https:\/\/i0.wp.com\/noticiasribeiraopreto.com.br\/wp-content\/uploads\/2025\/04\/IMG_20250418_111654.jpg?fit=1080%2C710&ssl=1&resize=350%2C200","width":350,"height":200,"srcset":"https:\/\/i0.wp.com\/noticiasribeiraopreto.com.br\/wp-content\/uploads\/2025\/04\/IMG_20250418_111654.jpg?fit=1080%2C710&ssl=1&resize=350%2C200 1x, https:\/\/i0.wp.com\/noticiasribeiraopreto.com.br\/wp-content\/uploads\/2025\/04\/IMG_20250418_111654.jpg?fit=1080%2C710&ssl=1&resize=525%2C300 1.5x, https:\/\/i0.wp.com\/noticiasribeiraopreto.com.br\/wp-content\/uploads\/2025\/04\/IMG_20250418_111654.jpg?fit=1080%2C710&ssl=1&resize=700%2C400 2x, https:\/\/i0.wp.com\/noticiasribeiraopreto.com.br\/wp-content\/uploads\/2025\/04\/IMG_20250418_111654.jpg?fit=1080%2C710&ssl=1&resize=1050%2C600 3x"},"classes":[]}],"jetpack_sharing_enabled":true,"jetpack_shortlink":"https:\/\/wp.me\/peQAOb-ibt","_links":{"self":[{"href":"https:\/\/noticiasribeiraopreto.com.br\/index.php\/wp-json\/wp\/v2\/posts\/69903","targetHints":{"allow":["GET"]}}],"collection":[{"href":"https:\/\/noticiasribeiraopreto.com.br\/index.php\/wp-json\/wp\/v2\/posts"}],"about":[{"href":"https:\/\/noticiasribeiraopreto.com.br\/index.php\/wp-json\/wp\/v2\/types\/post"}],"author":[{"embeddable":true,"href":"https:\/\/noticiasribeiraopreto.com.br\/index.php\/wp-json\/wp\/v2\/users\/1"}],"replies":[{"embeddable":true,"href":"https:\/\/noticiasribeiraopreto.com.br\/index.php\/wp-json\/wp\/v2\/comments?post=69903"}],"version-history":[{"count":0,"href":"https:\/\/noticiasribeiraopreto.com.br\/index.php\/wp-json\/wp\/v2\/posts\/69903\/revisions"}],"wp:featuredmedia":[{"embeddable":true,"href":"https:\/\/noticiasribeiraopreto.com.br\/index.php\/wp-json\/wp\/v2\/media\/69904"}],"wp:attachment":[{"href":"https:\/\/noticiasribeiraopreto.com.br\/index.php\/wp-json\/wp\/v2\/media?parent=69903"}],"wp:term":[{"taxonomy":"category","embeddable":true,"href":"https:\/\/noticiasribeiraopreto.com.br\/index.php\/wp-json\/wp\/v2\/categories?post=69903"},{"taxonomy":"post_tag","embeddable":true,"href":"https:\/\/noticiasribeiraopreto.com.br\/index.php\/wp-json\/wp\/v2\/tags?post=69903"}],"curies":[{"name":"wp","href":"https:\/\/api.w.org\/{rel}","templated":true}]}}