{"id":69905,"date":"2025-05-10T13:14:56","date_gmt":"2025-05-10T16:14:56","guid":{"rendered":"https:\/\/noticiasribeiraopreto.com.br\/index.php\/2025\/05\/10\/crianca-de-ribeirao-preto-encanta-baterista-do-system-of-a-down-conheca-a-historia\/"},"modified":"2025-05-10T13:14:56","modified_gmt":"2025-05-10T16:14:56","slug":"crianca-de-ribeirao-preto-encanta-baterista-do-system-of-a-down-conheca-a-historia","status":"publish","type":"post","link":"https:\/\/noticiasribeiraopreto.com.br\/index.php\/2025\/05\/10\/crianca-de-ribeirao-preto-encanta-baterista-do-system-of-a-down-conheca-a-historia\/","title":{"rendered":"Crian\u00e7a de Ribeir\u00e3o Preto encanta baterista do System of a Down; conhe\u00e7a a hist\u00f3ria"},"content":{"rendered":"<p> <br \/>\n<\/p>\n<div>\n<p><strong>Maria Alice<\/strong>, uma crian\u00e7a diagnosticada com TEA (Transtorno do Espectro Autista) de seis anos, encantou o baterista <strong>John Dolmayan<\/strong>, da banda <strong>System of a Down<\/strong>. A garotinha de Ribeir\u00e3o Preto aparece em v\u00eddeo compartilhado nas redes sociais pelo baterista cantando \u201c<strong>I-E-A-I-A-I-O<\/strong>\u201d. <\/p>\n<p>A banda retorna ao <strong>Brasil<\/strong> ap\u00f3s uma d\u00e9cada e se apresenta neste s\u00e1bado (10) no<strong> Allianz Parque<\/strong>, em <strong>S\u00e3o Paulo<\/strong>.<\/p>\n<p>A m\u00e3e de Maria Alice, <strong>Alessandra Camargo<\/strong>, contou ao <strong>acidade on Ribeir\u00e3o Preto<\/strong> que a filha tem sensibilidade auditiva e n\u00e3o tolera muitos sons, devido ao diagn\u00f3stico de <strong>TEA<\/strong>. No entanto, o rock \u00e9 uma das poucas sonoridades que ela aceita bem e ama.<\/p>\n<h2 class=\"wp-block-heading\"><strong>Influ\u00eancia materna<\/strong><\/h2>\n<p>Foi por influ\u00eancia da m\u00e3e, que sempre ouviu <strong>System of a Down<\/strong>, que <strong>Maria Alice<\/strong> come\u00e7ou a se interessar pela banda. \u201cQuando (Maria Alice) foi aprender as letras do alfabeto, eu mostrei a m\u00fasica que ela canta (no v\u00eddeo)\u201d, contou <strong>Alessandra<\/strong>.<\/p>\n<figure class=\"wp-block-image size-large\"><img data-recalc-dims=\"1\" fetchpriority=\"high\" decoding=\"async\" width=\"1024\" height=\"683\" src=\"https:\/\/i0.wp.com\/www.acidadeon.com\/ribeiraopreto\/wp-content\/uploads\/sites\/3\/2025\/05\/WhatsApp-Image-2025-05-10-at-11.51.52-1_2025-05-10_15-48-25-1024x683.webp?resize=1024%2C683&#038;ssl=1\" alt=\"\" class=\"wp-image-116118\" srcset=\"https:\/\/www.acidadeon.com\/ribeiraopreto\/wp-content\/uploads\/sites\/3\/2025\/05\/WhatsApp-Image-2025-05-10-at-11.51.52-1_2025-05-10_15-48-25-1024x683.webp 1024w, https:\/\/www.acidadeon.com\/ribeiraopreto\/wp-content\/uploads\/sites\/3\/2025\/05\/WhatsApp-Image-2025-05-10-at-11.51.52-1_2025-05-10_15-48-25-300x200.webp 300w, https:\/\/www.acidadeon.com\/ribeiraopreto\/wp-content\/uploads\/sites\/3\/2025\/05\/WhatsApp-Image-2025-05-10-at-11.51.52-1_2025-05-10_15-48-25-768x512.webp 768w, https:\/\/www.acidadeon.com\/ribeiraopreto\/wp-content\/uploads\/sites\/3\/2025\/05\/WhatsApp-Image-2025-05-10-at-11.51.52-1_2025-05-10_15-48-25-696x464.webp 696w, https:\/\/www.acidadeon.com\/ribeiraopreto\/wp-content\/uploads\/sites\/3\/2025\/05\/WhatsApp-Image-2025-05-10-at-11.51.52-1_2025-05-10_15-48-25-1068x712.webp 1068w, https:\/\/www.acidadeon.com\/ribeiraopreto\/wp-content\/uploads\/sites\/3\/2025\/05\/WhatsApp-Image-2025-05-10-at-11.51.52-1_2025-05-10_15-48-25.webp 1200w\" sizes=\"(max-width: 1024px) 100vw, 1024px\"\/><figcaption class=\"wp-element-caption\">M\u00e3e e filha curtindo o show de banda cover de System Of a Down em Ribeir\u00e3o Preto \u2013 Foto: Arquivo Pessoal<\/figcaption><\/figure>\n<p><strong>Maria Alice<\/strong> mergulhou de cabe\u00e7a no g\u00eanero musical, e j\u00e1 faz aulas de rock h\u00e1 dois anos.<\/p>\n<p>Al\u00e9m do autismo, <strong>Maria Alice<\/strong> tamb\u00e9m foi diagnosticada com <strong>TDAH<\/strong> <strong>(Transtorno do D\u00e9ficit de Aten\u00e7\u00e3o com Hiperatividade)<\/strong> e se destaca pela facilidade de aprendizado e excelente mem\u00f3ria. Para <strong>Alessandra<\/strong>, o reconhecimento do baterista foi emocionante:<\/p>\n<blockquote class=\"wp-block-quote is-layout-flow wp-block-quote-is-layout-flow\">\n<figure class=\"wp-block-pullquote\">\n<blockquote>\n<p>\u201cPara n\u00f3s foi uma alegria! (John repostar o v\u00eddeo) Porque ele aparenta ser muito humano\u201d<\/p>\n<p><cite>Alessandra Camargo, em entrevista ao acidade on Ribeir\u00e3o Preto <\/cite><\/p><\/blockquote>\n<\/figure>\n<\/blockquote>\n<h2 class=\"wp-block-heading\"><strong>Show do System of a Down no Brasil<\/strong><\/h2>\n<p>Ap\u00f3s uma d\u00e9cada de espera, os f\u00e3s brasileiros recebem a banda com os shows da turn\u00ea \u201c<strong>Wake Up<\/strong>\u201d, no <strong>Allianz Parque<\/strong> e no <strong>Aut\u00f3dromo de Interlagos<\/strong>, em <strong>S\u00e3o Paulo<\/strong>, nos dias <strong>10, 11 e 14 de maio<\/strong>.<\/p>\n<p>As duas primeiras apresenta\u00e7\u00f5es j\u00e1 est\u00e3o esgotadas, mas ainda h\u00e1 ingressos dispon\u00edveis para o camarote <strong>Mirante<\/strong> no <strong>Allianz Parque<\/strong> e para o dia <strong>14 de maio<\/strong>, no <strong>Aut\u00f3dromo de Interlagos<\/strong>, que podem ser adquiridos <strong>on-line <a href=\"https:\/\/www.eventim.com.br\/event\/system-of-a-down-autodromo-de-interlagos-19829113\/?affiliate=S0D&amp;utm_source=search&amp;utm_medium=cpc&amp;utm_campaign=30e_search_soad-sp3_conversao&amp;gad_source=1&amp;gad_campaignid=22234233040&amp;gbraid=0AAAAA-oUCnZC32FWnG0DXoBsHSLI75GEe&amp;gclid=CjwKCAjwiezABhBZEiwAEbTPGCjdvP2tKk0p3MoCd8j4MtERu9MsLW-98L6pS-V_EC_50i7vTZselhoCYPgQAvD_BwE\">(clique aqui)<\/a><\/strong>. A turn\u00ea tamb\u00e9m j\u00e1 passou por <strong>Curitiba<\/strong> e <strong>Rio de Janeiro<\/strong>, nos dias <strong>6 e 8 de maio<\/strong>, respectivamente.<\/p>\n<p>SAIBA MAIS<br \/>Ribeir\u00e3o Preto recebe projeto que leva palestras cient\u00edficas aos bares<\/p>\n<h4 class=\"wp-block-heading\"><strong>FIQUE ON<\/strong><\/h4>\n<p>Fique ligado em tudo que acontece em Ribeir\u00e3o Preto e regi\u00e3o. Siga os perfis do <strong>acidade on <\/strong>no <a href=\"https:\/\/www.instagram.com\/acidadeonribeirao\" target=\"_blank\" rel=\"noreferrer noopener\">Instagram<\/a> e no <a href=\"https:\/\/www.facebook.com\/acidadeonribeirao\" target=\"_blank\" rel=\"noreferrer noopener\">Facebook<\/a>.<\/p>\n<p>Receba not\u00edcias do <strong>acidade on<\/strong> no WhatsApp. Para entrar no grupo, basta <a href=\"https:\/\/chat.whatsapp.com\/BjKQZ9oJwlz8VVT50NuePq\" target=\"_blank\" rel=\"noreferrer noopener\">clicar aqui<\/a>.<\/p>\n<p>Fa\u00e7a uma den\u00fancia ou sugira uma reportagem sobre Ribeir\u00e3o Preto e regi\u00e3o pelo WhatsApp: 16 99117 7802.<\/p>\n<p>VEJA TAMB\u00c9M<br \/>O que Giovanna Roque falou sobre MC Ryan?<\/p>\n<p><!-- CONTENT END 1 -->\n<\/div>\n<p><script async src=\"\/\/www.instagram.com\/embed.js\"><\/script><br \/>\n<br \/><br \/>\n<br \/><a href=\"https:\/\/www.acidadeon.com\/ribeiraopreto\/lazer-e-cultura\/crianca-de-ribeirao-preto-encanta-baterista-do-system-of-a-down-conheca-a-historia\/\">Source link <\/a><\/p>\n","protected":false},"excerpt":{"rendered":"<p>Maria Alice, uma crian\u00e7a diagnosticada com TEA (Transtorno do Espectro Autista) de seis anos, encantou o baterista John Dolmayan, da banda System of a Down&#8230;.<\/p>\n","protected":false},"author":1,"featured_media":69906,"comment_status":"open","ping_status":"open","sticky":false,"template":"","format":"standard","meta":{"advanced_seo_description":"","jetpack_seo_html_title":"","jetpack_seo_noindex":false,"jetpack_post_was_ever_published":false,"_jetpack_newsletter_access":"","_jetpack_dont_email_post_to_subs":false,"_jetpack_newsletter_tier_id":0,"_jetpack_memberships_contains_paywalled_content":false,"_jetpack_memberships_contains_paid_content":false,"footnotes":"","jetpack_publicize_message":"","jetpack_publicize_feature_enabled":true,"jetpack_social_post_already_shared":true,"jetpack_social_options":{"image_generator_settings":{"template":"highway","default_image_id":0,"font":"","enabled":false},"version":2}},"categories":[11],"tags":[],"class_list":["post-69905","post","type-post","status-publish","format-standard","has-post-thumbnail","hentry","category-noticias-de-ribeirao-preto-sp-e-regiao-ismael-colosi"],"jetpack_publicize_connections":[],"jetpack_featured_media_url":"https:\/\/i0.wp.com\/noticiasribeiraopreto.com.br\/wp-content\/uploads\/2025\/05\/maria-alice_2025-05-10_16-08-30.webp.webp?fit=1200%2C675&ssl=1","jetpack-related-posts":[{"id":26550,"url":"https:\/\/noticiasribeiraopreto.com.br\/index.php\/2024\/01\/10\/ivan-rollemberg-e-rod-stewart-sao-padrinhos-de-casamento-do-baterista-david-palmer\/","url_meta":{"origin":69905,"position":0},"title":"Ivan Rollemberg e Rod Stewart s\u00e3o padrinhos de casamento do baterista David Palmer","author":"noticiasribeiraopreto.com.br","date":"10 de January de 2024","format":false,"excerpt":"10 de janeiro de 2024 | 9:032 de janeiro de 2024 | 14:33 0Casamento intimista na virada do ano. Assim foi a cerim\u00f4nia de casamento do baterista ingl\u00eas David Palmer com a brasileira Julia Dellamanha, ocorrida na noite do dia 20 de dezembro, no hotel Coworth Park, em Londres. De\u2026","rel":"","context":"In &quot;Not\u00edcias de Ribeir\u00e3o Preto-SP e Regi\u00e3o&quot;","block_context":{"text":"Not\u00edcias de Ribeir\u00e3o Preto-SP e Regi\u00e3o","link":"https:\/\/noticiasribeiraopreto.com.br\/index.php\/category\/noticias-de-ribeirao-preto-sp-e-regiao-ismael-colosi\/"},"img":{"alt_text":"","src":"https:\/\/i0.wp.com\/noticiasribeiraopreto.com.br\/wp-content\/uploads\/2024\/01\/10-1-ivan-rollemberg-e-rod-stewart_divulgacao-scaled.jpg?fit=860%2C645&ssl=1&resize=350%2C200","width":350,"height":200,"srcset":"https:\/\/i0.wp.com\/noticiasribeiraopreto.com.br\/wp-content\/uploads\/2024\/01\/10-1-ivan-rollemberg-e-rod-stewart_divulgacao-scaled.jpg?fit=860%2C645&ssl=1&resize=350%2C200 1x, https:\/\/i0.wp.com\/noticiasribeiraopreto.com.br\/wp-content\/uploads\/2024\/01\/10-1-ivan-rollemberg-e-rod-stewart_divulgacao-scaled.jpg?fit=860%2C645&ssl=1&resize=525%2C300 1.5x, https:\/\/i0.wp.com\/noticiasribeiraopreto.com.br\/wp-content\/uploads\/2024\/01\/10-1-ivan-rollemberg-e-rod-stewart_divulgacao-scaled.jpg?fit=860%2C645&ssl=1&resize=700%2C400 2x"},"classes":[]},{"id":60622,"url":"https:\/\/noticiasribeiraopreto.com.br\/index.php\/2024\/11\/20\/el-principe-negro-conheca-o-musico-de-jazz-internacional-que-fez-historia-em-ribeirao-preto\/","url_meta":{"origin":69905,"position":1},"title":"El Pr\u00edncipe Negro: Conhe\u00e7a o m\u00fasico de jazz internacional que fez hist\u00f3ria em Ribeir\u00e3o Preto","author":"noticiasribeiraopreto.com.br","date":"20 de November de 2024","format":false,"excerpt":"Ribeir\u00e3o Preto abriga a hist\u00f3ria de um importante m\u00fasico: Euclydes de Ara\u00fajo Senna, tamb\u00e9m conhecido como \u201cEl Pr\u00edncipe Negro\u201c. O artista \u00e9 homenageado na rua El Pr\u00edncipe Negro, no bairro Presidente Dutra e sua obra e hist\u00f3ria j\u00e1 foi tema de exposi\u00e7\u00e3o no MIS (Museu da Imagem e Som) de\u2026","rel":"","context":"In &quot;Not\u00edcias de Ribeir\u00e3o Preto-SP e Regi\u00e3o&quot;","block_context":{"text":"Not\u00edcias de Ribeir\u00e3o Preto-SP e Regi\u00e3o","link":"https:\/\/noticiasribeiraopreto.com.br\/index.php\/category\/noticias-de-ribeirao-preto-sp-e-regiao-ismael-colosi\/"},"img":{"alt_text":"","src":"https:\/\/i0.wp.com\/noticiasribeiraopreto.com.br\/wp-content\/uploads\/2024\/11\/mis001_2024-11-19_16-23-39_jpg_2024-11-19_16-23-39.webp.webp?fit=567%2C387&ssl=1&resize=350%2C200","width":350,"height":200,"srcset":"https:\/\/i0.wp.com\/noticiasribeiraopreto.com.br\/wp-content\/uploads\/2024\/11\/mis001_2024-11-19_16-23-39_jpg_2024-11-19_16-23-39.webp.webp?fit=567%2C387&ssl=1&resize=350%2C200 1x, https:\/\/i0.wp.com\/noticiasribeiraopreto.com.br\/wp-content\/uploads\/2024\/11\/mis001_2024-11-19_16-23-39_jpg_2024-11-19_16-23-39.webp.webp?fit=567%2C387&ssl=1&resize=525%2C300 1.5x"},"classes":[]},{"id":71089,"url":"https:\/\/noticiasribeiraopreto.com.br\/index.php\/2025\/06\/02\/venere-vai-venus-e-a-campea-do-concurso-de-bandas-do-joao-rock-2025\/","url_meta":{"origin":69905,"position":2},"title":"Venere Vai Venus \u00e9 a campe\u00e3 do Concurso de Bandas do Jo\u00e3o Rock 2025","author":"noticiasribeiraopreto.com.br","date":"2 de June de 2025","format":false,"excerpt":"A banda Venere Vai Venus, de S\u00e3o Paulo venceu a disputa do Concurso de Bandas do Jo\u00e3o Rock, no \u00faltimo s\u00e1bado (31), na Art House em Ribeir\u00e3o Preto e conquistou uma vaga no line-up oficial do festival, que acontece no dia 14 de junho, no Parque Permanente de Exposi\u00e7\u00f5es de\u2026","rel":"","context":"In &quot;Not\u00edcias de Ribeir\u00e3o Preto-SP e Regi\u00e3o&quot;","block_context":{"text":"Not\u00edcias de Ribeir\u00e3o Preto-SP e Regi\u00e3o","link":"https:\/\/noticiasribeiraopreto.com.br\/index.php\/category\/noticias-de-ribeirao-preto-sp-e-regiao-ismael-colosi\/"},"img":{"alt_text":"","src":"https:\/\/i0.wp.com\/noticiasribeiraopreto.com.br\/wp-content\/uploads\/2025\/06\/64d129edb51ec_2025-06-02_14-44-31.webp.webp?fit=1200%2C800&ssl=1&resize=350%2C200","width":350,"height":200,"srcset":"https:\/\/i0.wp.com\/noticiasribeiraopreto.com.br\/wp-content\/uploads\/2025\/06\/64d129edb51ec_2025-06-02_14-44-31.webp.webp?fit=1200%2C800&ssl=1&resize=350%2C200 1x, https:\/\/i0.wp.com\/noticiasribeiraopreto.com.br\/wp-content\/uploads\/2025\/06\/64d129edb51ec_2025-06-02_14-44-31.webp.webp?fit=1200%2C800&ssl=1&resize=525%2C300 1.5x, https:\/\/i0.wp.com\/noticiasribeiraopreto.com.br\/wp-content\/uploads\/2025\/06\/64d129edb51ec_2025-06-02_14-44-31.webp.webp?fit=1200%2C800&ssl=1&resize=700%2C400 2x, https:\/\/i0.wp.com\/noticiasribeiraopreto.com.br\/wp-content\/uploads\/2025\/06\/64d129edb51ec_2025-06-02_14-44-31.webp.webp?fit=1200%2C800&ssl=1&resize=1050%2C600 3x"},"classes":[]},{"id":65960,"url":"https:\/\/noticiasribeiraopreto.com.br\/index.php\/2025\/03\/26\/festa-maracujah-acontece-no-fim-de-semana-em-ribeirao-preto\/","url_meta":{"origin":69905,"position":3},"title":"Festa Maracujah acontece no fim de semana em Ribeir\u00e3o Preto","author":"noticiasribeiraopreto.com.br","date":"26 de March de 2025","format":false,"excerpt":"A banda Maracujah traz para Ribeir\u00e3o Preto o show \u201cFesta Maracujah \u2013 A Felicidade Em Todos os Tons\u201d, neste domingo (30), a partir das 19h. \u00a0A entrada para o evento \u00e9 gratuita mediante a reserva de ingressos on-line. O show conta com releituras ousadas e inusitadas, em meio a m\u00fasicas\u2026","rel":"","context":"In &quot;Not\u00edcias de Ribeir\u00e3o Preto-SP e Regi\u00e3o&quot;","block_context":{"text":"Not\u00edcias de Ribeir\u00e3o Preto-SP e Regi\u00e3o","link":"https:\/\/noticiasribeiraopreto.com.br\/index.php\/category\/noticias-de-ribeirao-preto-sp-e-regiao-ismael-colosi\/"},"img":{"alt_text":"","src":"https:\/\/i0.wp.com\/noticiasribeiraopreto.com.br\/wp-content\/uploads\/2025\/03\/f4ff713c-a84d-470e-a947-7adbbc6a48e7_2025-03-26_12-22-31_png_2025-03-26_12-22-31.webp.webp?fit=1066%2C600&ssl=1&resize=350%2C200","width":350,"height":200,"srcset":"https:\/\/i0.wp.com\/noticiasribeiraopreto.com.br\/wp-content\/uploads\/2025\/03\/f4ff713c-a84d-470e-a947-7adbbc6a48e7_2025-03-26_12-22-31_png_2025-03-26_12-22-31.webp.webp?fit=1066%2C600&ssl=1&resize=350%2C200 1x, https:\/\/i0.wp.com\/noticiasribeiraopreto.com.br\/wp-content\/uploads\/2025\/03\/f4ff713c-a84d-470e-a947-7adbbc6a48e7_2025-03-26_12-22-31_png_2025-03-26_12-22-31.webp.webp?fit=1066%2C600&ssl=1&resize=525%2C300 1.5x, https:\/\/i0.wp.com\/noticiasribeiraopreto.com.br\/wp-content\/uploads\/2025\/03\/f4ff713c-a84d-470e-a947-7adbbc6a48e7_2025-03-26_12-22-31_png_2025-03-26_12-22-31.webp.webp?fit=1066%2C600&ssl=1&resize=700%2C400 2x, https:\/\/i0.wp.com\/noticiasribeiraopreto.com.br\/wp-content\/uploads\/2025\/03\/f4ff713c-a84d-470e-a947-7adbbc6a48e7_2025-03-26_12-22-31_png_2025-03-26_12-22-31.webp.webp?fit=1066%2C600&ssl=1&resize=1050%2C600 3x"},"classes":[]},{"id":78377,"url":"https:\/\/noticiasribeiraopreto.com.br\/index.php\/2025\/10\/09\/sertaozinho-recebe-banda-da-juventude-com-concerto-especial-de-dia-das-criancas\/","url_meta":{"origin":69905,"position":4},"title":"Sert\u00e3ozinho recebe Banda da Juventude com concerto especial de Dia das Crian\u00e7as","author":"noticiasribeiraopreto.com.br","date":"9 de October de 2025","format":false,"excerpt":"Sert\u00e3ozinho, cidade na regi\u00e3o de Ribeir\u00e3o Preto, recebe no domingo (12), a Banda da Juventude com um concerto especial e gratuito em comemora\u00e7\u00e3o ao Dia das Crian\u00e7as. A apresenta\u00e7\u00e3o acontecer\u00e1 a partir das 10h, na pra\u00e7a 21 de Abril. O espet\u00e1culo conta com a reg\u00eancia do maestro Rodrigo de Jesus\u2026","rel":"","context":"In &quot;Not\u00edcias de Ribeir\u00e3o Preto-SP e Regi\u00e3o&quot;","block_context":{"text":"Not\u00edcias de Ribeir\u00e3o Preto-SP e Regi\u00e3o","link":"https:\/\/noticiasribeiraopreto.com.br\/index.php\/category\/noticias-de-ribeirao-preto-sp-e-regiao-ismael-colosi\/"},"img":{"alt_text":"","src":"https:\/\/i0.wp.com\/noticiasribeiraopreto.com.br\/wp-content\/uploads\/2025\/10\/banda-da-juventude_2025-10-08_11-56-21.webp.webp?fit=1200%2C675&ssl=1&resize=350%2C200","width":350,"height":200,"srcset":"https:\/\/i0.wp.com\/noticiasribeiraopreto.com.br\/wp-content\/uploads\/2025\/10\/banda-da-juventude_2025-10-08_11-56-21.webp.webp?fit=1200%2C675&ssl=1&resize=350%2C200 1x, https:\/\/i0.wp.com\/noticiasribeiraopreto.com.br\/wp-content\/uploads\/2025\/10\/banda-da-juventude_2025-10-08_11-56-21.webp.webp?fit=1200%2C675&ssl=1&resize=525%2C300 1.5x, https:\/\/i0.wp.com\/noticiasribeiraopreto.com.br\/wp-content\/uploads\/2025\/10\/banda-da-juventude_2025-10-08_11-56-21.webp.webp?fit=1200%2C675&ssl=1&resize=700%2C400 2x, https:\/\/i0.wp.com\/noticiasribeiraopreto.com.br\/wp-content\/uploads\/2025\/10\/banda-da-juventude_2025-10-08_11-56-21.webp.webp?fit=1200%2C675&ssl=1&resize=1050%2C600 3x"},"classes":[]},{"id":78480,"url":"https:\/\/noticiasribeiraopreto.com.br\/index.php\/2025\/10\/11\/ribeirao-preto-recebe-3o-festival-de-bandas-e-fanfarras-no-parque-maurilio-biagi\/","url_meta":{"origin":69905,"position":5},"title":"Ribeir\u00e3o Preto recebe 3\u00ba Festival de Bandas e Fanfarras no Parque Maur\u00edlio Biagi","author":"noticiasribeiraopreto.com.br","date":"11 de October de 2025","format":false,"excerpt":"O 3\u00ba Festival de Bandas e Fanfarras de Ribeir\u00e3o Preto acontece neste s\u00e1bado (11), no Parque Maur\u00edlio Biagi, a partir das 17h. O evento contar\u00e1 com apresenta\u00e7\u00f5es de corpora\u00e7\u00f5es musicais locais e de munic\u00edpios pr\u00f3ximos. A entrada \u00e9 gratuita e aberta ao p\u00fablico. Veja as bandas e fanfarras participantes: Fanfarra\u2026","rel":"","context":"In &quot;Not\u00edcias de Ribeir\u00e3o Preto-SP e Regi\u00e3o&quot;","block_context":{"text":"Not\u00edcias de Ribeir\u00e3o Preto-SP e Regi\u00e3o","link":"https:\/\/noticiasribeiraopreto.com.br\/index.php\/category\/noticias-de-ribeirao-preto-sp-e-regiao-ismael-colosi\/"},"img":{"alt_text":"","src":"https:\/\/i0.wp.com\/noticiasribeiraopreto.com.br\/wp-content\/uploads\/2025\/10\/173759335127741367_2025-10-11_17-14-56.webp.webp?fit=1200%2C600&ssl=1&resize=350%2C200","width":350,"height":200,"srcset":"https:\/\/i0.wp.com\/noticiasribeiraopreto.com.br\/wp-content\/uploads\/2025\/10\/173759335127741367_2025-10-11_17-14-56.webp.webp?fit=1200%2C600&ssl=1&resize=350%2C200 1x, https:\/\/i0.wp.com\/noticiasribeiraopreto.com.br\/wp-content\/uploads\/2025\/10\/173759335127741367_2025-10-11_17-14-56.webp.webp?fit=1200%2C600&ssl=1&resize=525%2C300 1.5x, https:\/\/i0.wp.com\/noticiasribeiraopreto.com.br\/wp-content\/uploads\/2025\/10\/173759335127741367_2025-10-11_17-14-56.webp.webp?fit=1200%2C600&ssl=1&resize=700%2C400 2x, https:\/\/i0.wp.com\/noticiasribeiraopreto.com.br\/wp-content\/uploads\/2025\/10\/173759335127741367_2025-10-11_17-14-56.webp.webp?fit=1200%2C600&ssl=1&resize=1050%2C600 3x"},"classes":[]}],"jetpack_sharing_enabled":true,"jetpack_shortlink":"https:\/\/wp.me\/peQAOb-ibv","_links":{"self":[{"href":"https:\/\/noticiasribeiraopreto.com.br\/index.php\/wp-json\/wp\/v2\/posts\/69905","targetHints":{"allow":["GET"]}}],"collection":[{"href":"https:\/\/noticiasribeiraopreto.com.br\/index.php\/wp-json\/wp\/v2\/posts"}],"about":[{"href":"https:\/\/noticiasribeiraopreto.com.br\/index.php\/wp-json\/wp\/v2\/types\/post"}],"author":[{"embeddable":true,"href":"https:\/\/noticiasribeiraopreto.com.br\/index.php\/wp-json\/wp\/v2\/users\/1"}],"replies":[{"embeddable":true,"href":"https:\/\/noticiasribeiraopreto.com.br\/index.php\/wp-json\/wp\/v2\/comments?post=69905"}],"version-history":[{"count":0,"href":"https:\/\/noticiasribeiraopreto.com.br\/index.php\/wp-json\/wp\/v2\/posts\/69905\/revisions"}],"wp:featuredmedia":[{"embeddable":true,"href":"https:\/\/noticiasribeiraopreto.com.br\/index.php\/wp-json\/wp\/v2\/media\/69906"}],"wp:attachment":[{"href":"https:\/\/noticiasribeiraopreto.com.br\/index.php\/wp-json\/wp\/v2\/media?parent=69905"}],"wp:term":[{"taxonomy":"category","embeddable":true,"href":"https:\/\/noticiasribeiraopreto.com.br\/index.php\/wp-json\/wp\/v2\/categories?post=69905"},{"taxonomy":"post_tag","embeddable":true,"href":"https:\/\/noticiasribeiraopreto.com.br\/index.php\/wp-json\/wp\/v2\/tags?post=69905"}],"curies":[{"name":"wp","href":"https:\/\/api.w.org\/{rel}","templated":true}]}}