{"id":69907,"date":"2025-05-10T13:21:22","date_gmt":"2025-05-10T16:21:22","guid":{"rendered":"https:\/\/noticiasribeiraopreto.com.br\/index.php\/2025\/05\/10\/ribeirao-preto-recebe-projeto-que-leva-palestras-cientificas-aos-bares\/"},"modified":"2025-05-10T13:21:22","modified_gmt":"2025-05-10T16:21:22","slug":"ribeirao-preto-recebe-projeto-que-leva-palestras-cientificas-aos-bares","status":"publish","type":"post","link":"https:\/\/noticiasribeiraopreto.com.br\/index.php\/2025\/05\/10\/ribeirao-preto-recebe-projeto-que-leva-palestras-cientificas-aos-bares\/","title":{"rendered":"Ribeir\u00e3o Preto recebe projeto que leva palestras cient\u00edficas aos bares"},"content":{"rendered":"<p> <br \/>\n<\/p>\n<div data-td-block-uid=\"tdi_95\">\n<div class=\"tdb-block-inner td-fix-index\">\n<p>Entre os dias <strong>19 a 21 de maio<\/strong>, sempre \u00e0s <strong>19h<\/strong>, cientistas e pesquisadores do projeto <strong>Pint Of Science<\/strong> ir\u00e3o se apresentar em quatro bares e cervejarias de <strong>Ribeir\u00e3o Preto<\/strong> com palestras e mesas redondas sobre suas descobertas e \u00e1reas de conhecimento. Neste ano, o projeto comemora <strong>10 anos<\/strong> no <strong>Brasil<\/strong>. \u00a0<\/p>\n<p>A participa\u00e7\u00e3o no evento \u00e9 <strong>aberta ao p\u00fablico<\/strong>. N\u00e3o \u00e9 necess\u00e1rio realizar inscri\u00e7\u00f5es, mas a participa\u00e7\u00e3o ser\u00e1 restrita conforme a capacidade de lota\u00e7\u00e3o das casas.<\/p>\n<p>A programa\u00e7\u00e3o do projeto inclui temas ligados \u00e0 Neuroci\u00eancias, Epidemiologia, Cannabis Medicinal, Diversidade, Intelig\u00eancia Artificial, Administra\u00e7\u00e3o, Futebol e Corrida de Rua. <mark style=\"background-color:#ffffff\" class=\"has-inline-color has-black-color\">Confira a agenda de apresenta\u00e7\u00f5es em Ribeir\u00e3o abaixo.<\/mark><\/p>\n<h2 class=\"wp-block-heading\"><strong>Agenda em Ribeir\u00e3o Preto<\/strong><\/h2>\n<ul class=\"wp-block-list\">\n<li><strong><mark style=\"background-color:#fcb900\" class=\"has-inline-color\">Cervejaria Invicta:<\/mark><\/strong><mark style=\"background-color:#fcb900\" class=\"has-inline-color\"><strong> <\/strong>das 19h \u00e0s 22h<\/mark><br \/><strong>19 de maio:<\/strong> Cannabis Medicinal: evid\u00eancias, desafios e perspectivas para a pr\u00e1tica cl\u00ednica \u2013 com Jos\u00e9 Alexandre de Souza Crippa<br \/><strong>20 de maio:<\/strong> Qual a cor da ci\u00eancia no Brasil? \u2013 com Bruno Marcel Silva de Melo, Filipe Rocha Lima, Jeimison Duarte Santos e Viviane Patr\u00edcia da Silva<br \/><strong>21 de maio:<\/strong> Clube empresa no Brasil: sonho ou pesadelo? \u2013 com Daniel Siqueira Pitta Marques<\/li>\n<li><mark style=\"background-color:#fcb900\" class=\"has-inline-color\"><strong>Cervejaria Amarillo:<\/strong> das 19h \u00e0s 22h<\/mark><br \/><strong>19 de maio:<\/strong> N\u00e3o fui eu, foi meu c\u00e9rebro! \u2013 com Doutor Caio Margarido Moreira<br \/><strong>20 de maio:<\/strong> Medicina legal: os olhos da justi\u00e7a \u2013 com Doutor Di\u00f3genes Cardoso e Doutora Larissa Yano Souza Martins<br \/><strong>21 de maio:<\/strong> Harmoniza\u00e7\u00e3o, uma quest\u00e3o de estilo e ci\u00eancia! \u2013 com Carlos Henrique Braghin<\/li>\n<li><mark style=\"background-color:#fcb900\" class=\"has-inline-color\"><strong>SP330 Bonfim Paulista:<\/strong> das 19h \u00e0s 22h<\/mark><br \/><strong>19 de maio:<\/strong> Formar para descobrir: os desafios de ser Pesquisador na era digital \u2013 Nai\u00e1 Sadi C\u00e2mara<br \/><strong>20 de maio:<\/strong> O Exterminador do Curr\u00edculo: Intelig\u00eancia Artificial e o Futuro do Trabalho \u2013 Jo\u00e3o Fl\u00e1vio de Almeida e Ricardo Doneg\u00e1<br \/><strong>21 de maio:<\/strong> O \u201cboom\u201d da Corrida e a Ci\u00eancia \u2013 com Eduardo Visentini e Rodrigo Inouye Gouveia<\/li>\n<li><mark style=\"background-color:#fcb900\" class=\"has-inline-color\"><strong>Cervejaria Maltesa:<\/strong> das 19h \u00e0s 22h<\/mark><br \/><strong>19 de maio:<\/strong> Por Elas: Como podemos combater a viol\u00eancia dom\u00e9stica \u2013 Ana Carolina de S\u00e1 Juzo<br \/><strong>20 de maio:<\/strong> Qual a pr\u00f3xima pandemia viral? \u2013 Ronaldo Bragan\u00e7a Martins J\u00fanior<br \/><strong>21 de maio:<\/strong> UNIVERsalidade e UNIVERsidade \u2013 Paulo de Melo<\/li>\n<\/ul>\n<h2 class=\"wp-block-heading\"><strong>O projeto<\/strong><\/h2>\n<p>O festival nasceu no <strong>Reino Unido<\/strong> e, atualmente, o pa\u00eds mais cidades participando da iniciativa \u00e9 o <strong>Brasil<\/strong>. A primeira edi\u00e7\u00e3o brasileira foi realizada em <strong>2015<\/strong>, em <strong>S\u00e3o Carlos<\/strong>. A proposta dos bate-papos com os cientistas \u00e9 explicar, de um jeito descomplicado e atraente, como surgem as evid\u00eancias cient\u00edficas, para que as pessoas possam diferenci\u00e1-las das opini\u00f5es.<\/p>\n<p>SAIBA MAIS<br \/>Acidente em rodovia na regi\u00e3o de Ribeir\u00e3o deixa quatro mortos<\/p>\n<h4 class=\"wp-block-heading\"><strong>FIQUE ON<\/strong><\/h4>\n<p>Fique ligado em tudo que acontece em Ribeir\u00e3o Preto e regi\u00e3o. Siga os perfis do <strong>acidade on <\/strong>no <a href=\"https:\/\/www.instagram.com\/acidadeonribeirao\" target=\"_blank\" rel=\"noreferrer noopener\">Instagram<\/a> e no <a href=\"https:\/\/www.facebook.com\/acidadeonribeirao\" target=\"_blank\" rel=\"noreferrer noopener\">Facebook<\/a>.<\/p>\n<p>Receba not\u00edcias do<strong> acidade on<\/strong> no WhatsApp. Para entrar no grupo, basta <a href=\"https:\/\/chat.whatsapp.com\/BjKQZ9oJwlz8VVT50NuePq\" target=\"_blank\" rel=\"noreferrer noopener\">clicar aqui<\/a>.<\/p>\n<p>Fa\u00e7a uma den\u00fancia ou sugira uma reportagem sobre Ribeir\u00e3o Preto e regi\u00e3o pelo WhatsApp: 16 99117 7802.<\/p>\n<p>VEJA TAMB\u00c9M<br \/>Qual o valor acumulado da Mega-Sena?<\/p>\n<p><!-- CONTENT END 1 -->\n<\/div>\n<\/div>\n<p><script async src=\"\/\/www.instagram.com\/embed.js\"><\/script><br \/>\n<br \/><br \/>\n<br \/><a href=\"https:\/\/www.acidadeon.com\/ribeiraopreto\/lazer-e-cultura\/ribeirao-preto-recebe-projeto-que-leva-palestras-cientificas-aos-bares\/\">Source link <\/a><\/p>\n","protected":false},"excerpt":{"rendered":"<p>Entre os dias 19 a 21 de maio, sempre \u00e0s 19h, cientistas e pesquisadores do projeto Pint Of Science ir\u00e3o se apresentar em quatro bares&#8230;<\/p>\n","protected":false},"author":1,"featured_media":69908,"comment_status":"open","ping_status":"open","sticky":false,"template":"","format":"standard","meta":{"advanced_seo_description":"","jetpack_seo_html_title":"","jetpack_seo_noindex":false,"jetpack_post_was_ever_published":false,"_jetpack_newsletter_access":"","_jetpack_dont_email_post_to_subs":false,"_jetpack_newsletter_tier_id":0,"_jetpack_memberships_contains_paywalled_content":false,"_jetpack_memberships_contains_paid_content":false,"footnotes":"","jetpack_publicize_message":"","jetpack_publicize_feature_enabled":true,"jetpack_social_post_already_shared":true,"jetpack_social_options":{"image_generator_settings":{"template":"highway","default_image_id":0,"font":"","enabled":false},"version":2}},"categories":[11],"tags":[],"class_list":["post-69907","post","type-post","status-publish","format-standard","has-post-thumbnail","hentry","category-noticias-de-ribeirao-preto-sp-e-regiao-ismael-colosi"],"jetpack_publicize_connections":[],"jetpack_featured_media_url":"https:\/\/i0.wp.com\/noticiasribeiraopreto.com.br\/wp-content\/uploads\/2025\/05\/Pint-Of-Science-158-_2025-05-10_14-18-29.webp.webp?fit=1200%2C675&ssl=1","jetpack-related-posts":[{"id":78662,"url":"https:\/\/noticiasribeiraopreto.com.br\/index.php\/2025\/10\/15\/ribeirao-preto-recebe-acao-de-plantio-de-arvores-aberta-ao-publico-veja-quando\/","url_meta":{"origin":69907,"position":0},"title":"Ribeir\u00e3o Preto recebe a\u00e7\u00e3o de plantio de \u00e1rvores aberta ao p\u00fablico; veja quando","author":"noticiasribeiraopreto.com.br","date":"15 de October de 2025","format":false,"excerpt":"O projeto ArboreSer realiza neste s\u00e1bado (18), a partir das 8h30, uma a\u00e7\u00e3o gratuita de plantio de \u00e1rvores aberta ao p\u00fablico na Pra\u00e7a da Carambola, no Jardim Nova Alian\u00e7a Sul, em Ribeir\u00e3o Preto. A atividade marca o in\u00edcio da temporada 2025\/2026 de reflorestamento urbano e celebra 18 anos de mobiliza\u00e7\u00e3o\u2026","rel":"","context":"In &quot;Not\u00edcias de Ribeir\u00e3o Preto-SP e Regi\u00e3o&quot;","block_context":{"text":"Not\u00edcias de Ribeir\u00e3o Preto-SP e Regi\u00e3o","link":"https:\/\/noticiasribeiraopreto.com.br\/index.php\/category\/noticias-de-ribeirao-preto-sp-e-regiao-ismael-colosi\/"},"img":{"alt_text":"","src":"https:\/\/i0.wp.com\/noticiasribeiraopreto.com.br\/wp-content\/uploads\/2025\/10\/Copia-de-Copia-de-Copia-de-TAMANHO-EXATO-PARA-FOTOS-NO-SISTEMA-NOVO-2025-10-15T150303.352_2025-10-15_18-03-31.webp.webp?fit=1200%2C675&ssl=1&resize=350%2C200","width":350,"height":200,"srcset":"https:\/\/i0.wp.com\/noticiasribeiraopreto.com.br\/wp-content\/uploads\/2025\/10\/Copia-de-Copia-de-Copia-de-TAMANHO-EXATO-PARA-FOTOS-NO-SISTEMA-NOVO-2025-10-15T150303.352_2025-10-15_18-03-31.webp.webp?fit=1200%2C675&ssl=1&resize=350%2C200 1x, https:\/\/i0.wp.com\/noticiasribeiraopreto.com.br\/wp-content\/uploads\/2025\/10\/Copia-de-Copia-de-Copia-de-TAMANHO-EXATO-PARA-FOTOS-NO-SISTEMA-NOVO-2025-10-15T150303.352_2025-10-15_18-03-31.webp.webp?fit=1200%2C675&ssl=1&resize=525%2C300 1.5x, https:\/\/i0.wp.com\/noticiasribeiraopreto.com.br\/wp-content\/uploads\/2025\/10\/Copia-de-Copia-de-Copia-de-TAMANHO-EXATO-PARA-FOTOS-NO-SISTEMA-NOVO-2025-10-15T150303.352_2025-10-15_18-03-31.webp.webp?fit=1200%2C675&ssl=1&resize=700%2C400 2x, https:\/\/i0.wp.com\/noticiasribeiraopreto.com.br\/wp-content\/uploads\/2025\/10\/Copia-de-Copia-de-Copia-de-TAMANHO-EXATO-PARA-FOTOS-NO-SISTEMA-NOVO-2025-10-15T150303.352_2025-10-15_18-03-31.webp.webp?fit=1200%2C675&ssl=1&resize=1050%2C600 3x"},"classes":[]},{"id":20194,"url":"https:\/\/noticiasribeiraopreto.com.br\/index.php\/2023\/12\/24\/camara-na-escola-atrai-mais-de-dois-mil-estudantes\/","url_meta":{"origin":69907,"position":1},"title":"C\u00e2mara na Escola\u00a0atrai mais de dois mil estudantes","author":"noticiasribeiraopreto.com.br","date":"24 de December de 2023","format":false,"excerpt":"24 de dezembro de 2023 | 14:0024 de dezembro de 2023 | 11:00 0Este ano o programa C\u00e2mara na Escola, realizado pelo Legislativo de Ribeir\u00e3o Preto recebeu 33 escolas totalizando 2.392 estudantes nas visitas monitoradas e nas palestras realizadas. Foram 83 visitas guiadas em que os alunos aprenderam sobre a\u2026","rel":"","context":"In &quot;Not\u00edcias de Ribeir\u00e3o Preto-SP e Regi\u00e3o&quot;","block_context":{"text":"Not\u00edcias de Ribeir\u00e3o Preto-SP e Regi\u00e3o","link":"https:\/\/noticiasribeiraopreto.com.br\/index.php\/category\/noticias-de-ribeirao-preto-sp-e-regiao-ismael-colosi\/"},"img":{"alt_text":"","src":"https:\/\/i0.wp.com\/noticiasribeiraopreto.com.br\/wp-content\/uploads\/2023\/12\/1-camara-escola-1_credioSilviaMoaraes-scaled.jpg?fit=933%2C645&ssl=1&resize=350%2C200","width":350,"height":200,"srcset":"https:\/\/i0.wp.com\/noticiasribeiraopreto.com.br\/wp-content\/uploads\/2023\/12\/1-camara-escola-1_credioSilviaMoaraes-scaled.jpg?fit=933%2C645&ssl=1&resize=350%2C200 1x, https:\/\/i0.wp.com\/noticiasribeiraopreto.com.br\/wp-content\/uploads\/2023\/12\/1-camara-escola-1_credioSilviaMoaraes-scaled.jpg?fit=933%2C645&ssl=1&resize=525%2C300 1.5x, https:\/\/i0.wp.com\/noticiasribeiraopreto.com.br\/wp-content\/uploads\/2023\/12\/1-camara-escola-1_credioSilviaMoaraes-scaled.jpg?fit=933%2C645&ssl=1&resize=700%2C400 2x"},"classes":[]},{"id":84142,"url":"https:\/\/noticiasribeiraopreto.com.br\/index.php\/2026\/04\/02\/saiba-como-agendar-sessoes-de-reiki-oferecidas-pela-usp-ribeirao-preto\/","url_meta":{"origin":69907,"position":2},"title":"Saiba como agendar sess\u00f5es de reiki oferecidas pela USP Ribeir\u00e3o Preto","author":"noticiasribeiraopreto.com.br","date":"2 de April de 2026","format":false,"excerpt":"Ler o resumo da not\u00edcia Saiba como agendar sess\u00f5es de reiki oferecidas pela USP Ribeir\u00e3o Preto O projeto de extens\u00e3o Reikilibra USP, desenvolvido pela EERP (Escola de Enfermagem de Ribeir\u00e3o Preto), conta com agendamento dispon\u00edvel para interessados em sess\u00f5es de reiki. Os atendimentos ocorrem ao longo de todo o ano,\u2026","rel":"","context":"In &quot;Not\u00edcias de Ribeir\u00e3o Preto-SP e Regi\u00e3o&quot;","block_context":{"text":"Not\u00edcias de Ribeir\u00e3o Preto-SP e Regi\u00e3o","link":"https:\/\/noticiasribeiraopreto.com.br\/index.php\/category\/noticias-de-ribeirao-preto-sp-e-regiao-ismael-colosi\/"},"img":{"alt_text":"","src":"https:\/\/i0.wp.com\/noticiasribeiraopreto.com.br\/wp-content\/uploads\/2026\/04\/reiki_2026-04-02_17-59-08.webp.webp?fit=1200%2C800&ssl=1&resize=350%2C200","width":350,"height":200,"srcset":"https:\/\/i0.wp.com\/noticiasribeiraopreto.com.br\/wp-content\/uploads\/2026\/04\/reiki_2026-04-02_17-59-08.webp.webp?fit=1200%2C800&ssl=1&resize=350%2C200 1x, https:\/\/i0.wp.com\/noticiasribeiraopreto.com.br\/wp-content\/uploads\/2026\/04\/reiki_2026-04-02_17-59-08.webp.webp?fit=1200%2C800&ssl=1&resize=525%2C300 1.5x, https:\/\/i0.wp.com\/noticiasribeiraopreto.com.br\/wp-content\/uploads\/2026\/04\/reiki_2026-04-02_17-59-08.webp.webp?fit=1200%2C800&ssl=1&resize=700%2C400 2x, https:\/\/i0.wp.com\/noticiasribeiraopreto.com.br\/wp-content\/uploads\/2026\/04\/reiki_2026-04-02_17-59-08.webp.webp?fit=1200%2C800&ssl=1&resize=1050%2C600 3x"},"classes":[]},{"id":40156,"url":"https:\/\/noticiasribeiraopreto.com.br\/index.php\/2024\/03\/01\/kiko-zambianchi-faz-show-beneficente-em-ribeirao-preto-saiba-como-participar\/","url_meta":{"origin":69907,"position":3},"title":"Kiko Zambianchi faz show beneficente em Ribeir\u00e3o Preto; Saiba como participar","author":"noticiasribeiraopreto.com.br","date":"1 de March de 2024","format":false,"excerpt":"O cantor e compositor ribeir\u00e3o-pretano Kiko Zambianchi faz show beneficente com participa\u00e7\u00e3o especial de Rod Hanna e \u00c1lvaro Petersen, no dia 14 de mar\u00e7o, em Ribeir\u00e3o Preto. A apresenta\u00e7\u00e3o musical e a\u00e7\u00e3o de solidariedade faz parte do Projeto \u201cRitmo do Bem\u201d, que tem como objetivo levantar fundos para a entidade\u2026","rel":"","context":"In &quot;Not\u00edcias de Ribeir\u00e3o Preto-SP e Regi\u00e3o&quot;","block_context":{"text":"Not\u00edcias de Ribeir\u00e3o Preto-SP e Regi\u00e3o","link":"https:\/\/noticiasribeiraopreto.com.br\/index.php\/category\/noticias-de-ribeirao-preto-sp-e-regiao-ismael-colosi\/"},"img":{"alt_text":"","src":"https:\/\/i0.wp.com\/noticiasribeiraopreto.com.br\/wp-content\/uploads\/2024\/03\/Copia-de-Copia-de-TAMANHO-EXATO-PARA-FOTOS-NO-SISTEMA-NOVO-18.jpg?fit=1200%2C675&ssl=1&resize=350%2C200","width":350,"height":200,"srcset":"https:\/\/i0.wp.com\/noticiasribeiraopreto.com.br\/wp-content\/uploads\/2024\/03\/Copia-de-Copia-de-TAMANHO-EXATO-PARA-FOTOS-NO-SISTEMA-NOVO-18.jpg?fit=1200%2C675&ssl=1&resize=350%2C200 1x, https:\/\/i0.wp.com\/noticiasribeiraopreto.com.br\/wp-content\/uploads\/2024\/03\/Copia-de-Copia-de-TAMANHO-EXATO-PARA-FOTOS-NO-SISTEMA-NOVO-18.jpg?fit=1200%2C675&ssl=1&resize=525%2C300 1.5x, https:\/\/i0.wp.com\/noticiasribeiraopreto.com.br\/wp-content\/uploads\/2024\/03\/Copia-de-Copia-de-TAMANHO-EXATO-PARA-FOTOS-NO-SISTEMA-NOVO-18.jpg?fit=1200%2C675&ssl=1&resize=700%2C400 2x, https:\/\/i0.wp.com\/noticiasribeiraopreto.com.br\/wp-content\/uploads\/2024\/03\/Copia-de-Copia-de-TAMANHO-EXATO-PARA-FOTOS-NO-SISTEMA-NOVO-18.jpg?fit=1200%2C675&ssl=1&resize=1050%2C600 3x"},"classes":[]},{"id":29194,"url":"https:\/\/noticiasribeiraopreto.com.br\/index.php\/2024\/01\/17\/camara-agenda-visitas-guiadas\/","url_meta":{"origin":69907,"position":4},"title":"C\u00e2mara agenda visitas guiadas\u00a0 &#8211; Jornal Tribuna Ribeir\u00e3o","author":"noticiasribeiraopreto.com.br","date":"17 de January de 2024","format":false,"excerpt":"17 de janeiro de 2024 | 17:0017 de janeiro de 2024 | 10:18 0A C\u00e2mara de Vereadores de Ribeir\u00e3o Preto abriu o per\u00edodo de agendamento para escolas p\u00fablicas e particulares interessadas em participar de visitas guiadas ao Legislativo por meio do Programa C\u00e2mara na Escola, criado h\u00e1 15 anos.\u00a0\u00a0O programa\u2026","rel":"","context":"In &quot;Not\u00edcias de Ribeir\u00e3o Preto-SP e Regi\u00e3o&quot;","block_context":{"text":"Not\u00edcias de Ribeir\u00e3o Preto-SP e Regi\u00e3o","link":"https:\/\/noticiasribeiraopreto.com.br\/index.php\/category\/noticias-de-ribeirao-preto-sp-e-regiao-ismael-colosi\/"},"img":{"alt_text":"","src":"https:\/\/i0.wp.com\/noticiasribeiraopreto.com.br\/wp-content\/uploads\/2024\/01\/Camara-Silvia-Morais-scaled.jpg?fit=1000%2C565&ssl=1&resize=350%2C200","width":350,"height":200,"srcset":"https:\/\/i0.wp.com\/noticiasribeiraopreto.com.br\/wp-content\/uploads\/2024\/01\/Camara-Silvia-Morais-scaled.jpg?fit=1000%2C565&ssl=1&resize=350%2C200 1x, https:\/\/i0.wp.com\/noticiasribeiraopreto.com.br\/wp-content\/uploads\/2024\/01\/Camara-Silvia-Morais-scaled.jpg?fit=1000%2C565&ssl=1&resize=525%2C300 1.5x, https:\/\/i0.wp.com\/noticiasribeiraopreto.com.br\/wp-content\/uploads\/2024\/01\/Camara-Silvia-Morais-scaled.jpg?fit=1000%2C565&ssl=1&resize=700%2C400 2x"},"classes":[]},{"id":73637,"url":"https:\/\/noticiasribeiraopreto.com.br\/index.php\/2025\/07\/06\/camara-de-ribeirao-preto-aprova-ldo-para-orcamento-de-2026-saiba-detalhes-da-proposta\/","url_meta":{"origin":69907,"position":5},"title":"C\u00e2mara de Ribeir\u00e3o Preto aprova LDO para or\u00e7amento de 2026; Saiba detalhes da proposta","author":"noticiasribeiraopreto.com.br","date":"6 de July de 2025","format":false,"excerpt":"A C\u00e2mara Municipal de Ribeir\u00e3o Preto aprovou, na \u00faltima quarta-feira (2), o Projeto de Lei n\u00ba 99\/2025, que estabelece as diretrizes para a elabora\u00e7\u00e3o do or\u00e7amento do munic\u00edpio em 2026. A proposta encaminhada pelo prefeito Ricardo Silva (PSD) prev\u00ea receita de R$ 5.188.791.253 para o pr\u00f3ximo ano. A LDO (Lei\u2026","rel":"","context":"In &quot;Not\u00edcias de Ribeir\u00e3o Preto-SP e Regi\u00e3o&quot;","block_context":{"text":"Not\u00edcias de Ribeir\u00e3o Preto-SP e Regi\u00e3o","link":"https:\/\/noticiasribeiraopreto.com.br\/index.php\/category\/noticias-de-ribeirao-preto-sp-e-regiao-ismael-colosi\/"},"img":{"alt_text":"","src":"https:\/\/i0.wp.com\/noticiasribeiraopreto.com.br\/wp-content\/uploads\/2025\/07\/camara_de_1024x576_02022021150323.jpg?fit=1024%2C576&ssl=1&resize=350%2C200","width":350,"height":200,"srcset":"https:\/\/i0.wp.com\/noticiasribeiraopreto.com.br\/wp-content\/uploads\/2025\/07\/camara_de_1024x576_02022021150323.jpg?fit=1024%2C576&ssl=1&resize=350%2C200 1x, https:\/\/i0.wp.com\/noticiasribeiraopreto.com.br\/wp-content\/uploads\/2025\/07\/camara_de_1024x576_02022021150323.jpg?fit=1024%2C576&ssl=1&resize=525%2C300 1.5x, https:\/\/i0.wp.com\/noticiasribeiraopreto.com.br\/wp-content\/uploads\/2025\/07\/camara_de_1024x576_02022021150323.jpg?fit=1024%2C576&ssl=1&resize=700%2C400 2x"},"classes":[]}],"jetpack_sharing_enabled":true,"jetpack_shortlink":"https:\/\/wp.me\/peQAOb-ibx","_links":{"self":[{"href":"https:\/\/noticiasribeiraopreto.com.br\/index.php\/wp-json\/wp\/v2\/posts\/69907","targetHints":{"allow":["GET"]}}],"collection":[{"href":"https:\/\/noticiasribeiraopreto.com.br\/index.php\/wp-json\/wp\/v2\/posts"}],"about":[{"href":"https:\/\/noticiasribeiraopreto.com.br\/index.php\/wp-json\/wp\/v2\/types\/post"}],"author":[{"embeddable":true,"href":"https:\/\/noticiasribeiraopreto.com.br\/index.php\/wp-json\/wp\/v2\/users\/1"}],"replies":[{"embeddable":true,"href":"https:\/\/noticiasribeiraopreto.com.br\/index.php\/wp-json\/wp\/v2\/comments?post=69907"}],"version-history":[{"count":0,"href":"https:\/\/noticiasribeiraopreto.com.br\/index.php\/wp-json\/wp\/v2\/posts\/69907\/revisions"}],"wp:featuredmedia":[{"embeddable":true,"href":"https:\/\/noticiasribeiraopreto.com.br\/index.php\/wp-json\/wp\/v2\/media\/69908"}],"wp:attachment":[{"href":"https:\/\/noticiasribeiraopreto.com.br\/index.php\/wp-json\/wp\/v2\/media?parent=69907"}],"wp:term":[{"taxonomy":"category","embeddable":true,"href":"https:\/\/noticiasribeiraopreto.com.br\/index.php\/wp-json\/wp\/v2\/categories?post=69907"},{"taxonomy":"post_tag","embeddable":true,"href":"https:\/\/noticiasribeiraopreto.com.br\/index.php\/wp-json\/wp\/v2\/tags?post=69907"}],"curies":[{"name":"wp","href":"https:\/\/api.w.org\/{rel}","templated":true}]}}