{"id":69909,"date":"2025-05-10T13:27:38","date_gmt":"2025-05-10T16:27:38","guid":{"rendered":"https:\/\/noticiasribeiraopreto.com.br\/index.php\/2025\/05\/10\/botafogo-divulga-novo-uniforme-principal-para-disputa-da-temporada-2025\/"},"modified":"2025-05-10T13:27:38","modified_gmt":"2025-05-10T16:27:38","slug":"botafogo-divulga-novo-uniforme-principal-para-disputa-da-temporada-2025","status":"publish","type":"post","link":"https:\/\/noticiasribeiraopreto.com.br\/index.php\/2025\/05\/10\/botafogo-divulga-novo-uniforme-principal-para-disputa-da-temporada-2025\/","title":{"rendered":"Botafogo divulga novo uniforme principal para disputa da temporada 2025"},"content":{"rendered":"<p> <br \/>\n<\/p>\n<div>\n<p>O <strong>Botafogo<\/strong> lan\u00e7ou oficialmente nesta sexta-feira (9) <mark style=\"background-color:#fcb900\" class=\"has-inline-color has-black-color\">o novo uniforme principal para a temporada 2025<\/mark>. O novo manto da equipe de Ribeir\u00e3o Preto ser\u00e1 vendido nas lojas f\u00edsicas oficiais e pela internet por R$ 299,99.<\/p>\n<p>De acordo com a diretoria do Pantera, \u201ca camisa combina inova\u00e7\u00e3o tecnol\u00f3gica com elementos cl\u00e1ssicos que resgatam a ess\u00eancia do Tricolor\u201d.<\/p>\n<p>O novo uniforme apresenta a predomin\u00e2ncia da cor branca e listras horizontais em preto e vermelho no peito. O modelo apresenta escudo em TPU, gola em ribana com recorte frontal e acabamentos em elastano, que oferecem conforto, flexibilidade e mobilidade aos atletas.<\/p>\n<figure class=\"wp-block-gallery has-nested-images columns-default is-cropped wp-block-gallery-1 is-layout-flex wp-block-gallery-is-layout-flex\">\n<figure class=\"wp-block-image size-large\"><img data-recalc-dims=\"1\" fetchpriority=\"high\" decoding=\"async\" width=\"533\" height=\"799\" data-id=\"116111\" src=\"https:\/\/i0.wp.com\/www.acidadeon.com\/ribeiraopreto\/wp-content\/uploads\/sites\/3\/2025\/05\/novo-uniforme-botafogo-4_2025-05-10_14-35-19.webp?resize=533%2C799&#038;ssl=1\" alt=\"\" class=\"wp-image-116111\" srcset=\"https:\/\/www.acidadeon.com\/ribeiraopreto\/wp-content\/uploads\/sites\/3\/2025\/05\/novo-uniforme-botafogo-4_2025-05-10_14-35-19.webp 533w, https:\/\/www.acidadeon.com\/ribeiraopreto\/wp-content\/uploads\/sites\/3\/2025\/05\/novo-uniforme-botafogo-4_2025-05-10_14-35-19-200x300.webp 200w\" sizes=\"(max-width: 533px) 100vw, 533px\"\/><figcaption class=\"wp-element-caption\">Divulga\u00e7\u00e3o\/Volt<\/figcaption><\/figure>\n<figure class=\"wp-block-image size-large\"><img data-recalc-dims=\"1\" loading=\"lazy\" decoding=\"async\" width=\"799\" height=\"533\" data-id=\"116110\" src=\"https:\/\/i0.wp.com\/www.acidadeon.com\/ribeiraopreto\/wp-content\/uploads\/sites\/3\/2025\/05\/novo-uniforme-botafogo-5_2025-05-10_14-35-19.webp?resize=799%2C533&#038;ssl=1\" alt=\"\" class=\"wp-image-116110\" srcset=\"https:\/\/www.acidadeon.com\/ribeiraopreto\/wp-content\/uploads\/sites\/3\/2025\/05\/novo-uniforme-botafogo-5_2025-05-10_14-35-19.webp 799w, https:\/\/www.acidadeon.com\/ribeiraopreto\/wp-content\/uploads\/sites\/3\/2025\/05\/novo-uniforme-botafogo-5_2025-05-10_14-35-19-300x200.webp 300w, https:\/\/www.acidadeon.com\/ribeiraopreto\/wp-content\/uploads\/sites\/3\/2025\/05\/novo-uniforme-botafogo-5_2025-05-10_14-35-19-768x512.webp 768w, https:\/\/www.acidadeon.com\/ribeiraopreto\/wp-content\/uploads\/sites\/3\/2025\/05\/novo-uniforme-botafogo-5_2025-05-10_14-35-19-696x464.webp 696w\" sizes=\"auto, (max-width: 799px) 100vw, 799px\"\/><figcaption class=\"wp-element-caption\">Divulga\u00e7\u00e3o\/Volt<\/figcaption><\/figure>\n<figure class=\"wp-block-image size-large\"><img data-recalc-dims=\"1\" loading=\"lazy\" decoding=\"async\" width=\"533\" height=\"799\" data-id=\"116108\" src=\"https:\/\/i0.wp.com\/www.acidadeon.com\/ribeiraopreto\/wp-content\/uploads\/sites\/3\/2025\/05\/novo-uniforme-botafogo-6_2025-05-10_14-35-19.webp?resize=533%2C799&#038;ssl=1\" alt=\"\" class=\"wp-image-116108\" srcset=\"https:\/\/www.acidadeon.com\/ribeiraopreto\/wp-content\/uploads\/sites\/3\/2025\/05\/novo-uniforme-botafogo-6_2025-05-10_14-35-19.webp 533w, https:\/\/www.acidadeon.com\/ribeiraopreto\/wp-content\/uploads\/sites\/3\/2025\/05\/novo-uniforme-botafogo-6_2025-05-10_14-35-19-200x300.webp 200w\" sizes=\"auto, (max-width: 533px) 100vw, 533px\"\/><figcaption class=\"wp-element-caption\">Divulga\u00e7\u00e3o\/Volt<\/figcaption><\/figure>\n<figure class=\"wp-block-image size-large\"><img data-recalc-dims=\"1\" loading=\"lazy\" decoding=\"async\" width=\"533\" height=\"799\" data-id=\"116109\" src=\"https:\/\/i0.wp.com\/www.acidadeon.com\/ribeiraopreto\/wp-content\/uploads\/sites\/3\/2025\/05\/novo-uniforme-botafogo-7_2025-05-10_14-35-19.webp?resize=533%2C799&#038;ssl=1\" alt=\"\" class=\"wp-image-116109\" srcset=\"https:\/\/www.acidadeon.com\/ribeiraopreto\/wp-content\/uploads\/sites\/3\/2025\/05\/novo-uniforme-botafogo-7_2025-05-10_14-35-19.webp 533w, https:\/\/www.acidadeon.com\/ribeiraopreto\/wp-content\/uploads\/sites\/3\/2025\/05\/novo-uniforme-botafogo-7_2025-05-10_14-35-19-200x300.webp 200w\" sizes=\"auto, (max-width: 533px) 100vw, 533px\"\/><figcaption class=\"wp-element-caption\">Divulga\u00e7\u00e3o\/Volt<\/figcaption><\/figure>\n<\/figure>\n<p>\u201cO projeto da nova camisa do Botafogo foi pensado para unir performance e tradi\u00e7\u00e3o. Mantivemos elementos cl\u00e1ssicos, como as tradicionais faixas horizontais, e adicionamos tecnologia e conforto para jogadores e torcedores. \u00c9 uma pe\u00e7a que carrega a alma do Pantera\u201d, afirma Fernando Kleimmann, da Volt Sport, fornecedora do material.<\/p>\n<p>Para a gerente de marketing da <strong>Botafogo Futebol SA<\/strong>, Laura Louzada, o novo manto simboliza o equil\u00edbrio entre inova\u00e7\u00e3o e hist\u00f3ria. \u201cTemos muito orgulho da nossa trajet\u00f3ria e essa camisa traduz exatamente o que representamos: tradi\u00e7\u00e3o, garra e paix\u00e3o. \u00c9 uma honra poder apresent\u00e1-la \u00e0 nossa torcida\u201d.<\/p>\n<p>O novo uniforme estar\u00e1 dispon\u00edvel nas vers\u00f5es masculina, feminina, plus size e infantil-juvenil.<\/p>\n<p>SAIBA MAIS<br \/>Atleta ol\u00edmpico anuncia instituto em Ribeir\u00e3o Preto para formar novos talentos da nata\u00e7\u00e3o<\/p>\n<h2 class=\"wp-block-heading\"><strong>FIQUE ON<\/strong><\/h2>\n<p>Fique ligado em tudo que acontece em Ribeir\u00e3o Preto e regi\u00e3o. Siga os perfis do<strong> acidade on<\/strong> no <a href=\"https:\/\/www.instagram.com\/acidadeonribeirao\">Instagram <\/a>e no <a href=\"https:\/\/www.facebook.com\/acidadeonribeirao\/\">Facebook<\/a>.<\/p>\n<p>Receba not\u00edcias do <strong>acidade on<\/strong> no WhatsApp. <a href=\"https:\/\/chat.whatsapp.com\/BjKQZ9oJwlz8VVT50NuePq\">Para entrar no grupo, basta clicar aqui.<\/a><\/p>\n<p>Fa\u00e7a uma den\u00fancia ou sugira uma reportagem sobre Ribeir\u00e3o Preto e regi\u00e3o pelo WhatsApp: 16 99117 7802.<\/p>\n<p>VEJA TAMB\u00c9M<br \/>Qual o valor acumulado da Mega-Sena?<\/p>\n<p><!-- CONTENT END 1 -->\n<\/div>\n<p><script async src=\"\/\/www.instagram.com\/embed.js\"><\/script><br \/>\n<br \/><br \/>\n<br \/><a href=\"https:\/\/www.acidadeon.com\/ribeiraopreto\/esportes\/botafogo-divulga-novo-uniforme-principal-para-disputa-da-temporada-2025\/\">Source link <\/a><\/p>\n","protected":false},"excerpt":{"rendered":"<p>O Botafogo lan\u00e7ou oficialmente nesta sexta-feira (9) o novo uniforme principal para a temporada 2025. O novo manto da equipe de Ribeir\u00e3o Preto ser\u00e1 vendido&#8230;<\/p>\n","protected":false},"author":1,"featured_media":69910,"comment_status":"open","ping_status":"open","sticky":false,"template":"","format":"standard","meta":{"advanced_seo_description":"","jetpack_seo_html_title":"","jetpack_seo_noindex":false,"jetpack_post_was_ever_published":false,"_jetpack_newsletter_access":"","_jetpack_dont_email_post_to_subs":false,"_jetpack_newsletter_tier_id":0,"_jetpack_memberships_contains_paywalled_content":false,"_jetpack_memberships_contains_paid_content":false,"footnotes":"","jetpack_publicize_message":"","jetpack_publicize_feature_enabled":true,"jetpack_social_post_already_shared":true,"jetpack_social_options":{"image_generator_settings":{"template":"highway","default_image_id":0,"font":"","enabled":false},"version":2}},"categories":[11],"tags":[],"class_list":["post-69909","post","type-post","status-publish","format-standard","has-post-thumbnail","hentry","category-noticias-de-ribeirao-preto-sp-e-regiao-ismael-colosi"],"jetpack_publicize_connections":[],"jetpack_featured_media_url":"https:\/\/i0.wp.com\/noticiasribeiraopreto.com.br\/wp-content\/uploads\/2025\/05\/nova-camisa-botafogo_2025-05-10_14-21-10.webp.webp?fit=1200%2C799&ssl=1","jetpack-related-posts":[{"id":81566,"url":"https:\/\/noticiasribeiraopreto.com.br\/index.php\/2026\/01\/10\/botafogo-lanca-novo-uniforme-2026-e-resgata-campanha-que-marcou-os-anos-90\/","url_meta":{"origin":69909,"position":0},"title":"Botafogo lan\u00e7a novo uniforme 2026 e resgata campanha que marcou os anos 90","author":"noticiasribeiraopreto.com.br","date":"10 de January de 2026","format":false,"excerpt":"O Botafogo lan\u00e7ou oficialmente nesta sexta-feira (9), seu uniforme principal para a temporada de 2026. O novo modelo j\u00e1 est\u00e1 dispon\u00edvel nas vers\u00f5es masculina e feminina e podem ser adquiridas por pre\u00e7o de R$ 309,99 nas lojas f\u00edsicas oficiais e pela internet. Conforme o clube, a nova camisa presta homenagem\u2026","rel":"","context":"In &quot;Not\u00edcias de Ribeir\u00e3o Preto-SP e Regi\u00e3o&quot;","block_context":{"text":"Not\u00edcias de Ribeir\u00e3o Preto-SP e Regi\u00e3o","link":"https:\/\/noticiasribeiraopreto.com.br\/index.php\/category\/noticias-de-ribeirao-preto-sp-e-regiao-ismael-colosi\/"},"img":{"alt_text":"","src":"https:\/\/i0.wp.com\/noticiasribeiraopreto.com.br\/wp-content\/uploads\/2026\/01\/Creditos_-Igor-Pola_Volt-Sport3_2026-01-09_21-35-17.webp.webp?fit=1200%2C800&ssl=1&resize=350%2C200","width":350,"height":200,"srcset":"https:\/\/i0.wp.com\/noticiasribeiraopreto.com.br\/wp-content\/uploads\/2026\/01\/Creditos_-Igor-Pola_Volt-Sport3_2026-01-09_21-35-17.webp.webp?fit=1200%2C800&ssl=1&resize=350%2C200 1x, https:\/\/i0.wp.com\/noticiasribeiraopreto.com.br\/wp-content\/uploads\/2026\/01\/Creditos_-Igor-Pola_Volt-Sport3_2026-01-09_21-35-17.webp.webp?fit=1200%2C800&ssl=1&resize=525%2C300 1.5x, https:\/\/i0.wp.com\/noticiasribeiraopreto.com.br\/wp-content\/uploads\/2026\/01\/Creditos_-Igor-Pola_Volt-Sport3_2026-01-09_21-35-17.webp.webp?fit=1200%2C800&ssl=1&resize=700%2C400 2x, https:\/\/i0.wp.com\/noticiasribeiraopreto.com.br\/wp-content\/uploads\/2026\/01\/Creditos_-Igor-Pola_Volt-Sport3_2026-01-09_21-35-17.webp.webp?fit=1200%2C800&ssl=1&resize=1050%2C600 3x"},"classes":[]},{"id":75275,"url":"https:\/\/noticiasribeiraopreto.com.br\/index.php\/2025\/08\/06\/botafogo-apresenta-terceiro-uniforme-inspirado-nos-anos-1990\/","url_meta":{"origin":69909,"position":1},"title":"Botafogo apresenta terceiro uniforme inspirado nos anos 1990","author":"noticiasribeiraopreto.com.br","date":"6 de August de 2025","format":false,"excerpt":"O Botafogo apresentou na \u00faltima ter\u00e7a-feira (5) o novo uniforme tr\u00eas para sequ\u00eancia da temporada. O Pantera informou que o novo uniforme \u00e9 uma pe\u00e7a retr\u00f4 inspirada nos anos 1990. Confeccionado pela Volt Sport, a pe\u00e7a combina refer\u00eancias marcantes da trajet\u00f3ria do Botafogo. \u201cO novo uniforme \u00e9 uma homenagem ao\u2026","rel":"","context":"In &quot;Not\u00edcias de Ribeir\u00e3o Preto-SP e Regi\u00e3o&quot;","block_context":{"text":"Not\u00edcias de Ribeir\u00e3o Preto-SP e Regi\u00e3o","link":"https:\/\/noticiasribeiraopreto.com.br\/index.php\/category\/noticias-de-ribeirao-preto-sp-e-regiao-ismael-colosi\/"},"img":{"alt_text":"","src":"https:\/\/i0.wp.com\/noticiasribeiraopreto.com.br\/wp-content\/uploads\/2025\/08\/camisa-nova-botafogo_2025-08-06_14-57-04.webp.webp?fit=956%2C536&ssl=1&resize=350%2C200","width":350,"height":200,"srcset":"https:\/\/i0.wp.com\/noticiasribeiraopreto.com.br\/wp-content\/uploads\/2025\/08\/camisa-nova-botafogo_2025-08-06_14-57-04.webp.webp?fit=956%2C536&ssl=1&resize=350%2C200 1x, https:\/\/i0.wp.com\/noticiasribeiraopreto.com.br\/wp-content\/uploads\/2025\/08\/camisa-nova-botafogo_2025-08-06_14-57-04.webp.webp?fit=956%2C536&ssl=1&resize=525%2C300 1.5x, https:\/\/i0.wp.com\/noticiasribeiraopreto.com.br\/wp-content\/uploads\/2025\/08\/camisa-nova-botafogo_2025-08-06_14-57-04.webp.webp?fit=956%2C536&ssl=1&resize=700%2C400 2x"},"classes":[]},{"id":18993,"url":"https:\/\/noticiasribeiraopreto.com.br\/index.php\/2023\/12\/21\/comercial-de-ribeirao-preto-apresenta-os-uniformes-para-a-temporada-2024\/","url_meta":{"origin":69909,"position":2},"title":"Comercial de Ribeir\u00e3o Preto apresenta os uniformes para a temporada 2024","author":"noticiasribeiraopreto.com.br","date":"21 de December de 2023","format":false,"excerpt":"O Comercial Futebol Clube apresentou os uniformes para a temporada 2024. O evento ocorreu nesta quarta-feira (20), na \u00e1rea da VoePass, localizada no espa\u00e7o Dabi Business Park, na zona Leste de Ribeir\u00e3o Preto. Foram apresentados tr\u00eas uniformes de jogo e uma camiseta estilo \u2018regata\u2019. O material esportivo \u00e9 fornecido pela\u2026","rel":"","context":"In &quot;Not\u00edcias de Ribeir\u00e3o Preto-SP e Regi\u00e3o&quot;","block_context":{"text":"Not\u00edcias de Ribeir\u00e3o Preto-SP e Regi\u00e3o","link":"https:\/\/noticiasribeiraopreto.com.br\/index.php\/category\/noticias-de-ribeirao-preto-sp-e-regiao-ismael-colosi\/"},"img":{"alt_text":"","src":"https:\/\/i0.wp.com\/noticiasribeiraopreto.com.br\/wp-content\/uploads\/2023\/12\/WhatsApp-Image-2023-12-21-at-09.48.32-3-scaled.jpeg?fit=1200%2C800&ssl=1&resize=350%2C200","width":350,"height":200,"srcset":"https:\/\/i0.wp.com\/noticiasribeiraopreto.com.br\/wp-content\/uploads\/2023\/12\/WhatsApp-Image-2023-12-21-at-09.48.32-3-scaled.jpeg?fit=1200%2C800&ssl=1&resize=350%2C200 1x, https:\/\/i0.wp.com\/noticiasribeiraopreto.com.br\/wp-content\/uploads\/2023\/12\/WhatsApp-Image-2023-12-21-at-09.48.32-3-scaled.jpeg?fit=1200%2C800&ssl=1&resize=525%2C300 1.5x, https:\/\/i0.wp.com\/noticiasribeiraopreto.com.br\/wp-content\/uploads\/2023\/12\/WhatsApp-Image-2023-12-21-at-09.48.32-3-scaled.jpeg?fit=1200%2C800&ssl=1&resize=700%2C400 2x, https:\/\/i0.wp.com\/noticiasribeiraopreto.com.br\/wp-content\/uploads\/2023\/12\/WhatsApp-Image-2023-12-21-at-09.48.32-3-scaled.jpeg?fit=1200%2C800&ssl=1&resize=1050%2C600 3x"},"classes":[]},{"id":29821,"url":"https:\/\/noticiasribeiraopreto.com.br\/index.php\/2024\/01\/19\/de-olho-no-jogo-contra-o-santos-botafogo-lanca-novo-uniforme-veja-as-fotos\/","url_meta":{"origin":69909,"position":3},"title":"De olho no jogo contra o Santos, Botafogo lan\u00e7a novo uniforme; Veja as fotos","author":"noticiasribeiraopreto.com.br","date":"19 de January de 2024","format":false,"excerpt":"Antes da partida contra o Santos, na estreia do Campeonato Paulista, o Botafogo lan\u00e7ou o novo uniforme para temporada 2024. A camisa da equipe de Ribeir\u00e3o Preto foi apresentada em evento no Hard Rock Caf\u00e9, na noite da \u00faltima quinta-feira (18). A camisa \u00e9 assinada pela Volt Sport, fornecedora de\u2026","rel":"","context":"In &quot;Not\u00edcias de Ribeir\u00e3o Preto-SP e Regi\u00e3o&quot;","block_context":{"text":"Not\u00edcias de Ribeir\u00e3o Preto-SP e Regi\u00e3o","link":"https:\/\/noticiasribeiraopreto.com.br\/index.php\/category\/noticias-de-ribeirao-preto-sp-e-regiao-ismael-colosi\/"},"img":{"alt_text":"","src":"https:\/\/i0.wp.com\/noticiasribeiraopreto.com.br\/wp-content\/uploads\/2024\/01\/novo-uniforme-botafogo-3-2.jpg?fit=1200%2C800&ssl=1&resize=350%2C200","width":350,"height":200,"srcset":"https:\/\/i0.wp.com\/noticiasribeiraopreto.com.br\/wp-content\/uploads\/2024\/01\/novo-uniforme-botafogo-3-2.jpg?fit=1200%2C800&ssl=1&resize=350%2C200 1x, https:\/\/i0.wp.com\/noticiasribeiraopreto.com.br\/wp-content\/uploads\/2024\/01\/novo-uniforme-botafogo-3-2.jpg?fit=1200%2C800&ssl=1&resize=525%2C300 1.5x, https:\/\/i0.wp.com\/noticiasribeiraopreto.com.br\/wp-content\/uploads\/2024\/01\/novo-uniforme-botafogo-3-2.jpg?fit=1200%2C800&ssl=1&resize=700%2C400 2x, https:\/\/i0.wp.com\/noticiasribeiraopreto.com.br\/wp-content\/uploads\/2024\/01\/novo-uniforme-botafogo-3-2.jpg?fit=1200%2C800&ssl=1&resize=1050%2C600 3x"},"classes":[]},{"id":83584,"url":"https:\/\/noticiasribeiraopreto.com.br\/index.php\/2026\/03\/21\/botafogo-lanca-uniforme-inspirado-nos-anos-1950\/","url_meta":{"origin":69909,"position":4},"title":"Botafogo lan\u00e7a uniforme inspirado nos anos 1950","author":"noticiasribeiraopreto.com.br","date":"21 de March de 2026","format":false,"excerpt":"O Botafogo lan\u00e7ou o novo uniforme 2 para a temporada 2026. A pe\u00e7a traz refer\u00eancias diretas aos anos 1950. O modelo traz refer\u00eancias aos anos 1950 e inclui men\u00e7\u00f5es \u00e0 tradi\u00e7\u00e3o do clube na forma\u00e7\u00e3o de jogadores, com nomes como S\u00f3crates, Ra\u00ed e Cicinho. Refer\u00eancia do Botafogo Conhecido como \u201cCeleiro\u2026","rel":"","context":"In &quot;Not\u00edcias de Ribeir\u00e3o Preto-SP e Regi\u00e3o&quot;","block_context":{"text":"Not\u00edcias de Ribeir\u00e3o Preto-SP e Regi\u00e3o","link":"https:\/\/noticiasribeiraopreto.com.br\/index.php\/category\/noticias-de-ribeirao-preto-sp-e-regiao-ismael-colosi\/"},"img":{"alt_text":"","src":"https:\/\/i0.wp.com\/noticiasribeiraopreto.com.br\/wp-content\/uploads\/2026\/03\/palace-86_2026-03-21_14-21-08.webp.webp?fit=1200%2C675&ssl=1&resize=350%2C200","width":350,"height":200,"srcset":"https:\/\/i0.wp.com\/noticiasribeiraopreto.com.br\/wp-content\/uploads\/2026\/03\/palace-86_2026-03-21_14-21-08.webp.webp?fit=1200%2C675&ssl=1&resize=350%2C200 1x, https:\/\/i0.wp.com\/noticiasribeiraopreto.com.br\/wp-content\/uploads\/2026\/03\/palace-86_2026-03-21_14-21-08.webp.webp?fit=1200%2C675&ssl=1&resize=525%2C300 1.5x, https:\/\/i0.wp.com\/noticiasribeiraopreto.com.br\/wp-content\/uploads\/2026\/03\/palace-86_2026-03-21_14-21-08.webp.webp?fit=1200%2C675&ssl=1&resize=700%2C400 2x, https:\/\/i0.wp.com\/noticiasribeiraopreto.com.br\/wp-content\/uploads\/2026\/03\/palace-86_2026-03-21_14-21-08.webp.webp?fit=1200%2C675&ssl=1&resize=1050%2C600 3x"},"classes":[]},{"id":60641,"url":"https:\/\/noticiasribeiraopreto.com.br\/index.php\/2024\/11\/20\/time-de-ribeirao-lanca-camisa-em-homenagem-ao-dia-da-consciencia-negra\/","url_meta":{"origin":69909,"position":5},"title":"Time de Ribeir\u00e3o lan\u00e7a camisa em homenagem ao Dia da Consci\u00eancia Negra","author":"noticiasribeiraopreto.com.br","date":"20 de November de 2024","format":false,"excerpt":"O Botafogo lan\u00e7ou, nesta quarta-feira (20), seu novo uniforme em homenagem ao Dia da Consci\u00eancia Negra. Esta \u00e9 a terceira vez consecutiva que o clube apresenta uma camisa especial para celebrar a data. O modelo de 2024 traz as cores preta e cinza, com detalhes vermelhos nas mangas e gola.\u2026","rel":"","context":"In &quot;Not\u00edcias de Ribeir\u00e3o Preto-SP e Regi\u00e3o&quot;","block_context":{"text":"Not\u00edcias de Ribeir\u00e3o Preto-SP e Regi\u00e3o","link":"https:\/\/noticiasribeiraopreto.com.br\/index.php\/category\/noticias-de-ribeirao-preto-sp-e-regiao-ismael-colosi\/"},"img":{"alt_text":"","src":"https:\/\/i0.wp.com\/noticiasribeiraopreto.com.br\/wp-content\/uploads\/2024\/11\/Copia-de-Copia-de-Copia-de-TAMANHO-EXATO-PARA-FOTOS-NO-SISTEMA-NOVO-2024-11-20T152021.868_2024-11-20_18-24-45_png_2024-11-20_18-24-45.webp.webp?fit=1200%2C675&ssl=1&resize=350%2C200","width":350,"height":200,"srcset":"https:\/\/i0.wp.com\/noticiasribeiraopreto.com.br\/wp-content\/uploads\/2024\/11\/Copia-de-Copia-de-Copia-de-TAMANHO-EXATO-PARA-FOTOS-NO-SISTEMA-NOVO-2024-11-20T152021.868_2024-11-20_18-24-45_png_2024-11-20_18-24-45.webp.webp?fit=1200%2C675&ssl=1&resize=350%2C200 1x, https:\/\/i0.wp.com\/noticiasribeiraopreto.com.br\/wp-content\/uploads\/2024\/11\/Copia-de-Copia-de-Copia-de-TAMANHO-EXATO-PARA-FOTOS-NO-SISTEMA-NOVO-2024-11-20T152021.868_2024-11-20_18-24-45_png_2024-11-20_18-24-45.webp.webp?fit=1200%2C675&ssl=1&resize=525%2C300 1.5x, https:\/\/i0.wp.com\/noticiasribeiraopreto.com.br\/wp-content\/uploads\/2024\/11\/Copia-de-Copia-de-Copia-de-TAMANHO-EXATO-PARA-FOTOS-NO-SISTEMA-NOVO-2024-11-20T152021.868_2024-11-20_18-24-45_png_2024-11-20_18-24-45.webp.webp?fit=1200%2C675&ssl=1&resize=700%2C400 2x, https:\/\/i0.wp.com\/noticiasribeiraopreto.com.br\/wp-content\/uploads\/2024\/11\/Copia-de-Copia-de-Copia-de-TAMANHO-EXATO-PARA-FOTOS-NO-SISTEMA-NOVO-2024-11-20T152021.868_2024-11-20_18-24-45_png_2024-11-20_18-24-45.webp.webp?fit=1200%2C675&ssl=1&resize=1050%2C600 3x"},"classes":[]}],"jetpack_sharing_enabled":true,"jetpack_shortlink":"https:\/\/wp.me\/peQAOb-ibz","_links":{"self":[{"href":"https:\/\/noticiasribeiraopreto.com.br\/index.php\/wp-json\/wp\/v2\/posts\/69909","targetHints":{"allow":["GET"]}}],"collection":[{"href":"https:\/\/noticiasribeiraopreto.com.br\/index.php\/wp-json\/wp\/v2\/posts"}],"about":[{"href":"https:\/\/noticiasribeiraopreto.com.br\/index.php\/wp-json\/wp\/v2\/types\/post"}],"author":[{"embeddable":true,"href":"https:\/\/noticiasribeiraopreto.com.br\/index.php\/wp-json\/wp\/v2\/users\/1"}],"replies":[{"embeddable":true,"href":"https:\/\/noticiasribeiraopreto.com.br\/index.php\/wp-json\/wp\/v2\/comments?post=69909"}],"version-history":[{"count":0,"href":"https:\/\/noticiasribeiraopreto.com.br\/index.php\/wp-json\/wp\/v2\/posts\/69909\/revisions"}],"wp:featuredmedia":[{"embeddable":true,"href":"https:\/\/noticiasribeiraopreto.com.br\/index.php\/wp-json\/wp\/v2\/media\/69910"}],"wp:attachment":[{"href":"https:\/\/noticiasribeiraopreto.com.br\/index.php\/wp-json\/wp\/v2\/media?parent=69909"}],"wp:term":[{"taxonomy":"category","embeddable":true,"href":"https:\/\/noticiasribeiraopreto.com.br\/index.php\/wp-json\/wp\/v2\/categories?post=69909"},{"taxonomy":"post_tag","embeddable":true,"href":"https:\/\/noticiasribeiraopreto.com.br\/index.php\/wp-json\/wp\/v2\/tags?post=69909"}],"curies":[{"name":"wp","href":"https:\/\/api.w.org\/{rel}","templated":true}]}}