{"id":69911,"date":"2025-05-10T13:34:31","date_gmt":"2025-05-10T16:34:31","guid":{"rendered":"https:\/\/noticiasribeiraopreto.com.br\/index.php\/2025\/05\/10\/acidente-em-rodovia-na-regiao-de-ribeirao-deixa-quatro-mortos\/"},"modified":"2025-05-10T13:34:31","modified_gmt":"2025-05-10T16:34:31","slug":"acidente-em-rodovia-na-regiao-de-ribeirao-deixa-quatro-mortos","status":"publish","type":"post","link":"https:\/\/noticiasribeiraopreto.com.br\/index.php\/2025\/05\/10\/acidente-em-rodovia-na-regiao-de-ribeirao-deixa-quatro-mortos\/","title":{"rendered":"Acidente em rodovia na regi\u00e3o de Ribeir\u00e3o deixa quatro mortos"},"content":{"rendered":"<p> <br \/>\n<\/p>\n<div data-td-block-uid=\"tdi_95\">\n<div class=\"tdb-block-inner td-fix-index\">\n<p>Um acidente entre dois carros deixou<mark style=\"background-color:#fcb900\" class=\"has-inline-color has-black-color\"> quatro pessoas mortas <\/mark>na <strong>rodovia Assis Chateaubriand<\/strong>, em <strong>Barretos<\/strong>, na regi\u00e3o de Ribeir\u00e3o Preto, na manh\u00e3 deste s\u00e1bado (10). Ainda n\u00e3o h\u00e1 informa\u00e7\u00f5es sobre as causas do acidente.<\/p>\n<p>De acordo com a pol\u00edcia, se envolveram na batida um ve\u00edculo <strong>VW\/Gol<\/strong>, que estava retornando para Barretos, e um ve\u00edculo <strong>Toyota\/Yaris<\/strong>, dirigido por um motorista de aplicativo que seguia para Ol\u00edmpia.<\/p>\n<p>O <strong>Corpo de Bombeiros<\/strong> e o <strong>Samu (Servi\u00e7o de Atendimento M\u00f3vel de Urg\u00eancia)<\/strong>, al\u00e9m da <strong>Pol\u00edcia Militar Rodovi\u00e1ria<\/strong>, foram acionados.<\/p>\n<p>SAIBA MAIS<br \/>Atleta ol\u00edmpico anuncia instituto em Ribeir\u00e3o Preto para formar novos talentos da nata\u00e7\u00e3o<\/p>\n<h2 class=\"wp-block-heading\"><strong>FIQUE ON<\/strong><\/h2>\n<p>Fique ligado em tudo que acontece em Ribeir\u00e3o Preto e regi\u00e3o. Siga os perfis do<strong> acidade on<\/strong> no <a href=\"https:\/\/www.instagram.com\/acidadeonribeirao\">Instagram <\/a>e no <a href=\"https:\/\/www.facebook.com\/acidadeonribeirao\/\">Facebook<\/a>.<\/p>\n<p>Receba not\u00edcias do <strong>acidade on<\/strong> no WhatsApp. <a href=\"https:\/\/chat.whatsapp.com\/BjKQZ9oJwlz8VVT50NuePq\">Para entrar no grupo, basta clicar aqui.<\/a><\/p>\n<p>Fa\u00e7a uma den\u00fancia ou sugira uma reportagem sobre Ribeir\u00e3o Preto e regi\u00e3o pelo WhatsApp: 16 99117 7802.<\/p>\n<p>VEJA TAMB\u00c9M<br \/>Qual o valor acumulado da Mega-Sena?<\/p>\n<p><!-- CONTENT END 1 -->\n<\/div>\n<\/div>\n<p><script async src=\"\/\/www.instagram.com\/embed.js\"><\/script><br \/>\n<br \/><br \/>\n<br \/><a href=\"https:\/\/www.acidadeon.com\/ribeiraopreto\/cotidiano\/acidente-em-rodovia-na-regiao-de-ribeirao-deixa-quatro-mortos\/\">Source link <\/a><\/p>\n","protected":false},"excerpt":{"rendered":"<p>Um acidente entre dois carros deixou quatro pessoas mortas na rodovia Assis Chateaubriand, em Barretos, na regi\u00e3o de Ribeir\u00e3o Preto, na manh\u00e3 deste s\u00e1bado (10)&#8230;.<\/p>\n","protected":false},"author":1,"featured_media":69912,"comment_status":"open","ping_status":"open","sticky":false,"template":"","format":"standard","meta":{"advanced_seo_description":"","jetpack_seo_html_title":"","jetpack_seo_noindex":false,"jetpack_post_was_ever_published":false,"_jetpack_newsletter_access":"","_jetpack_dont_email_post_to_subs":false,"_jetpack_newsletter_tier_id":0,"_jetpack_memberships_contains_paywalled_content":false,"_jetpack_memberships_contains_paid_content":false,"footnotes":"","jetpack_publicize_message":"","jetpack_publicize_feature_enabled":true,"jetpack_social_post_already_shared":true,"jetpack_social_options":{"image_generator_settings":{"template":"highway","default_image_id":0,"font":"","enabled":false},"version":2}},"categories":[11],"tags":[],"class_list":["post-69911","post","type-post","status-publish","format-standard","has-post-thumbnail","hentry","category-noticias-de-ribeirao-preto-sp-e-regiao-ismael-colosi"],"jetpack_publicize_connections":[],"jetpack_featured_media_url":"https:\/\/i0.wp.com\/noticiasribeiraopreto.com.br\/wp-content\/uploads\/2025\/05\/acidente-barretos_2025-05-10_13-24-09.webp.webp?fit=1200%2C900&ssl=1","jetpack-related-posts":[{"id":67208,"url":"https:\/\/noticiasribeiraopreto.com.br\/index.php\/2025\/04\/10\/acidente-deixa-quatro-mortos-em-rodovia-da-regiao-de-ribeirao\/","url_meta":{"origin":69911,"position":0},"title":"Acidente deixa quatro mortos em rodovia da regi\u00e3o de Ribeir\u00e3o","author":"noticiasribeiraopreto.com.br","date":"10 de April de 2025","format":false,"excerpt":"Ao menos quatro pessoas morreram ap\u00f3s um acidente de tr\u00e2nsito na rodovia Assis Chateaubriand (SP-425), entre o distrito de Ibitu e Barretos, regi\u00e3o de Ribeir\u00e3o Preto, na noite desta quinta-feira (10). De acordo com as primeiras informa\u00e7\u00f5es, o acidente teria acontecido pr\u00f3ximo ao km 116. A princ\u00edpio, uma carreta, um\u2026","rel":"","context":"In &quot;Not\u00edcias de Ribeir\u00e3o Preto-SP e Regi\u00e3o&quot;","block_context":{"text":"Not\u00edcias de Ribeir\u00e3o Preto-SP e Regi\u00e3o","link":"https:\/\/noticiasribeiraopreto.com.br\/index.php\/category\/noticias-de-ribeirao-preto-sp-e-regiao-ismael-colosi\/"},"img":{"alt_text":"","src":"https:\/\/i0.wp.com\/noticiasribeiraopreto.com.br\/wp-content\/uploads\/2025\/04\/1744334917_sirene_pm_1024x576_04022021085205.jpg?fit=1024%2C576&ssl=1&resize=350%2C200","width":350,"height":200,"srcset":"https:\/\/i0.wp.com\/noticiasribeiraopreto.com.br\/wp-content\/uploads\/2025\/04\/1744334917_sirene_pm_1024x576_04022021085205.jpg?fit=1024%2C576&ssl=1&resize=350%2C200 1x, https:\/\/i0.wp.com\/noticiasribeiraopreto.com.br\/wp-content\/uploads\/2025\/04\/1744334917_sirene_pm_1024x576_04022021085205.jpg?fit=1024%2C576&ssl=1&resize=525%2C300 1.5x, https:\/\/i0.wp.com\/noticiasribeiraopreto.com.br\/wp-content\/uploads\/2025\/04\/1744334917_sirene_pm_1024x576_04022021085205.jpg?fit=1024%2C576&ssl=1&resize=700%2C400 2x"},"classes":[]},{"id":61746,"url":"https:\/\/noticiasribeiraopreto.com.br\/index.php\/2024\/12\/20\/acidente-envolvendo-quatro-veiculos-interdita-rodovia-de-ribeirao-preto\/","url_meta":{"origin":69911,"position":1},"title":"Acidente envolvendo quatro ve\u00edculos interdita rodovia de Ribeir\u00e3o Preto","author":"noticiasribeiraopreto.com.br","date":"20 de December de 2024","format":false,"excerpt":"A Entrevias Concession\u00e1ria de Rodovias informou, na tarde desta sexta-feira (20), que a rodovia Anhanguera, no km 326, em Jardin\u00f3polis, na regi\u00e3o de Ribeir\u00e3o Preto, precisou ser parcialmente interditada devido a um acidente envolvendo quatro ve\u00edculos de passeio. Equipes da concession\u00e1ria, juntamente com a Pol\u00edcia Militar Rodovi\u00e1ria, atenderam a ocorr\u00eancia\u2026","rel":"","context":"In &quot;Not\u00edcias de Ribeir\u00e3o Preto-SP e Regi\u00e3o&quot;","block_context":{"text":"Not\u00edcias de Ribeir\u00e3o Preto-SP e Regi\u00e3o","link":"https:\/\/noticiasribeiraopreto.com.br\/index.php\/category\/noticias-de-ribeirao-preto-sp-e-regiao-ismael-colosi\/"},"img":{"alt_text":"","src":"https:\/\/i0.wp.com\/noticiasribeiraopreto.com.br\/wp-content\/uploads\/2024\/12\/PMR-3.jpg?fit=1200%2C907&ssl=1&resize=350%2C200","width":350,"height":200,"srcset":"https:\/\/i0.wp.com\/noticiasribeiraopreto.com.br\/wp-content\/uploads\/2024\/12\/PMR-3.jpg?fit=1200%2C907&ssl=1&resize=350%2C200 1x, https:\/\/i0.wp.com\/noticiasribeiraopreto.com.br\/wp-content\/uploads\/2024\/12\/PMR-3.jpg?fit=1200%2C907&ssl=1&resize=525%2C300 1.5x, https:\/\/i0.wp.com\/noticiasribeiraopreto.com.br\/wp-content\/uploads\/2024\/12\/PMR-3.jpg?fit=1200%2C907&ssl=1&resize=700%2C400 2x, https:\/\/i0.wp.com\/noticiasribeiraopreto.com.br\/wp-content\/uploads\/2024\/12\/PMR-3.jpg?fit=1200%2C907&ssl=1&resize=1050%2C600 3x"},"classes":[]},{"id":84227,"url":"https:\/\/noticiasribeiraopreto.com.br\/index.php\/2026\/04\/05\/motociclista-morre-apos-acidente-em-rodovia-da-regiao-de-ribeirao-preto\/","url_meta":{"origin":69911,"position":2},"title":"Motociclista morre ap\u00f3s acidente em rodovia da regi\u00e3o de Ribeir\u00e3o Preto","author":"noticiasribeiraopreto.com.br","date":"5 de April de 2026","format":false,"excerpt":"Ler o resumo da not\u00edcia Motociclista morre ap\u00f3s acidente em rodovia da regi\u00e3o de Ribeir\u00e3o Preto Na madrugada deste domingo (5), um acidente foi registrado na Rodovia Brigadeiro Faria Lima (SP-326), em Barretos, na regi\u00e3o de Ribeir\u00e3o Preto. Um motociclista que trafegava no sentido Sul, pela faixa 2, morreu ap\u00f3s\u2026","rel":"","context":"In &quot;Not\u00edcias de Ribeir\u00e3o Preto-SP e Regi\u00e3o&quot;","block_context":{"text":"Not\u00edcias de Ribeir\u00e3o Preto-SP e Regi\u00e3o","link":"https:\/\/noticiasribeiraopreto.com.br\/index.php\/category\/noticias-de-ribeirao-preto-sp-e-regiao-ismael-colosi\/"},"img":{"alt_text":"","src":"https:\/\/i0.wp.com\/noticiasribeiraopreto.com.br\/wp-content\/uploads\/2026\/04\/palace-2026-04-05T102258.415_2026-04-05_13-24-48.webp.webp?fit=1200%2C675&ssl=1&resize=350%2C200","width":350,"height":200,"srcset":"https:\/\/i0.wp.com\/noticiasribeiraopreto.com.br\/wp-content\/uploads\/2026\/04\/palace-2026-04-05T102258.415_2026-04-05_13-24-48.webp.webp?fit=1200%2C675&ssl=1&resize=350%2C200 1x, https:\/\/i0.wp.com\/noticiasribeiraopreto.com.br\/wp-content\/uploads\/2026\/04\/palace-2026-04-05T102258.415_2026-04-05_13-24-48.webp.webp?fit=1200%2C675&ssl=1&resize=525%2C300 1.5x, https:\/\/i0.wp.com\/noticiasribeiraopreto.com.br\/wp-content\/uploads\/2026\/04\/palace-2026-04-05T102258.415_2026-04-05_13-24-48.webp.webp?fit=1200%2C675&ssl=1&resize=700%2C400 2x, https:\/\/i0.wp.com\/noticiasribeiraopreto.com.br\/wp-content\/uploads\/2026\/04\/palace-2026-04-05T102258.415_2026-04-05_13-24-48.webp.webp?fit=1200%2C675&ssl=1&resize=1050%2C600 3x"},"classes":[]},{"id":59432,"url":"https:\/\/noticiasribeiraopreto.com.br\/index.php\/2024\/10\/23\/acidente-com-tres-veiculos-deixa-quatro-pessoas-feridas-em-rodovia-na-regiao-de-ribeirao\/","url_meta":{"origin":69911,"position":3},"title":"Acidente com tr\u00eas ve\u00edculos deixa quatro pessoas feridas em rodovia na regi\u00e3o de Ribeir\u00e3o","author":"noticiasribeiraopreto.com.br","date":"23 de October de 2024","format":false,"excerpt":"Um acidente envolvendo tr\u00eas ve\u00edculos deixou quatro pessoas feridas na tarde desta quarta-feira (23), na rodovia Tancredo Neves que liga Franca a Claraval, na regi\u00e3o de Ribeir\u00e3o Preto. Segundo o Corpo de Bombeiros, o carro que descia a rodovia sentido Claraval invadiu a pista contr\u00e1ria ap\u00f3s o motorista perder o\u2026","rel":"","context":"In &quot;Not\u00edcias de Ribeir\u00e3o Preto-SP e Regi\u00e3o&quot;","block_context":{"text":"Not\u00edcias de Ribeir\u00e3o Preto-SP e Regi\u00e3o","link":"https:\/\/noticiasribeiraopreto.com.br\/index.php\/category\/noticias-de-ribeirao-preto-sp-e-regiao-ismael-colosi\/"},"img":{"alt_text":"","src":"https:\/\/i0.wp.com\/noticiasribeiraopreto.com.br\/wp-content\/uploads\/2024\/10\/Sem-titulo_2024-10-23_21-49-38_png_2024-10-23_21-49-38.webp.webp?fit=1200%2C675&ssl=1&resize=350%2C200","width":350,"height":200,"srcset":"https:\/\/i0.wp.com\/noticiasribeiraopreto.com.br\/wp-content\/uploads\/2024\/10\/Sem-titulo_2024-10-23_21-49-38_png_2024-10-23_21-49-38.webp.webp?fit=1200%2C675&ssl=1&resize=350%2C200 1x, https:\/\/i0.wp.com\/noticiasribeiraopreto.com.br\/wp-content\/uploads\/2024\/10\/Sem-titulo_2024-10-23_21-49-38_png_2024-10-23_21-49-38.webp.webp?fit=1200%2C675&ssl=1&resize=525%2C300 1.5x, https:\/\/i0.wp.com\/noticiasribeiraopreto.com.br\/wp-content\/uploads\/2024\/10\/Sem-titulo_2024-10-23_21-49-38_png_2024-10-23_21-49-38.webp.webp?fit=1200%2C675&ssl=1&resize=700%2C400 2x, https:\/\/i0.wp.com\/noticiasribeiraopreto.com.br\/wp-content\/uploads\/2024\/10\/Sem-titulo_2024-10-23_21-49-38_png_2024-10-23_21-49-38.webp.webp?fit=1200%2C675&ssl=1&resize=1050%2C600 3x"},"classes":[]},{"id":65950,"url":"https:\/\/noticiasribeiraopreto.com.br\/index.php\/2025\/03\/26\/vitima-de-acidente-na-rodovia-candido-portinari-tem-morte-encefalica-em-ribeirao-preto\/","url_meta":{"origin":69911,"position":4},"title":"V\u00edtima de acidente na rodovia C\u00e2ndido Portinari tem morte encef\u00e1lica em Ribeir\u00e3o Preto","author":"noticiasribeiraopreto.com.br","date":"26 de March de 2025","format":false,"excerpt":"Uma das v\u00edtimas de acidente com quatro ve\u00edculos no \u00faltimo s\u00e1bado (22), no km 323 da rodovia C\u00e2ndido Portinari (SP-334), em Jardin\u00f3polis, na regi\u00e3o de Ribeir\u00e3o Preto, teve morte encef\u00e1lica no Hospital das Cl\u00ednicas \u2013 Unidade de Emerg\u00eancia (HC-UE). Segundo o boletim de ocorr\u00eancias (BO), Bruno de Souza Maeira Gomes\u2026","rel":"","context":"In &quot;Not\u00edcias de Ribeir\u00e3o Preto-SP e Regi\u00e3o&quot;","block_context":{"text":"Not\u00edcias de Ribeir\u00e3o Preto-SP e Regi\u00e3o","link":"https:\/\/noticiasribeiraopreto.com.br\/index.php\/category\/noticias-de-ribeirao-preto-sp-e-regiao-ismael-colosi\/"},"img":{"alt_text":"","src":"https:\/\/i0.wp.com\/noticiasribeiraopreto.com.br\/wp-content\/uploads\/2025\/03\/policia_rodoviaria_1200x675_01042022100400_x1x.jpg?fit=1200%2C675&ssl=1&resize=350%2C200","width":350,"height":200,"srcset":"https:\/\/i0.wp.com\/noticiasribeiraopreto.com.br\/wp-content\/uploads\/2025\/03\/policia_rodoviaria_1200x675_01042022100400_x1x.jpg?fit=1200%2C675&ssl=1&resize=350%2C200 1x, https:\/\/i0.wp.com\/noticiasribeiraopreto.com.br\/wp-content\/uploads\/2025\/03\/policia_rodoviaria_1200x675_01042022100400_x1x.jpg?fit=1200%2C675&ssl=1&resize=525%2C300 1.5x, https:\/\/i0.wp.com\/noticiasribeiraopreto.com.br\/wp-content\/uploads\/2025\/03\/policia_rodoviaria_1200x675_01042022100400_x1x.jpg?fit=1200%2C675&ssl=1&resize=700%2C400 2x, https:\/\/i0.wp.com\/noticiasribeiraopreto.com.br\/wp-content\/uploads\/2025\/03\/policia_rodoviaria_1200x675_01042022100400_x1x.jpg?fit=1200%2C675&ssl=1&resize=1050%2C600 3x"},"classes":[]},{"id":63579,"url":"https:\/\/noticiasribeiraopreto.com.br\/index.php\/2025\/02\/17\/carro-pega-fogo-e-motorista-morre-apos-acidente-em-rodovia-da-regiao-de-ribeirao\/","url_meta":{"origin":69911,"position":5},"title":"Carro pega fogo e motorista morre ap\u00f3s acidente em rodovia da regi\u00e3o de Ribeir\u00e3o","author":"noticiasribeiraopreto.com.br","date":"17 de February de 2025","format":false,"excerpt":"Um acidente envolvendo dois ve\u00edculos provocou a morte de uma pessoa na rodovia Conde Francisco Matarazzo J\u00fanior (SP-253), em S\u00e3o Sim\u00e3o, cidade na regi\u00e3o de Ribeir\u00e3o Preto, na noite deste domingo (16). De acordo com as informa\u00e7\u00f5es do DER (Departamento de Estradas de Rodagem do Estado de S\u00e3o Paulo), o\u2026","rel":"","context":"In &quot;Not\u00edcias de Ribeir\u00e3o Preto-SP e Regi\u00e3o&quot;","block_context":{"text":"Not\u00edcias de Ribeir\u00e3o Preto-SP e Regi\u00e3o","link":"https:\/\/noticiasribeiraopreto.com.br\/index.php\/category\/noticias-de-ribeirao-preto-sp-e-regiao-ismael-colosi\/"},"img":{"alt_text":"","src":"https:\/\/i0.wp.com\/noticiasribeiraopreto.com.br\/wp-content\/uploads\/2025\/02\/WhatsApp-Image-2025-02-17-at-07.47.14_2025-02-17_11-14-04_jpeg_2025-02-17_11-14-05.webp.webp?fit=1200%2C675&ssl=1&resize=350%2C200","width":350,"height":200,"srcset":"https:\/\/i0.wp.com\/noticiasribeiraopreto.com.br\/wp-content\/uploads\/2025\/02\/WhatsApp-Image-2025-02-17-at-07.47.14_2025-02-17_11-14-04_jpeg_2025-02-17_11-14-05.webp.webp?fit=1200%2C675&ssl=1&resize=350%2C200 1x, https:\/\/i0.wp.com\/noticiasribeiraopreto.com.br\/wp-content\/uploads\/2025\/02\/WhatsApp-Image-2025-02-17-at-07.47.14_2025-02-17_11-14-04_jpeg_2025-02-17_11-14-05.webp.webp?fit=1200%2C675&ssl=1&resize=525%2C300 1.5x, https:\/\/i0.wp.com\/noticiasribeiraopreto.com.br\/wp-content\/uploads\/2025\/02\/WhatsApp-Image-2025-02-17-at-07.47.14_2025-02-17_11-14-04_jpeg_2025-02-17_11-14-05.webp.webp?fit=1200%2C675&ssl=1&resize=700%2C400 2x, https:\/\/i0.wp.com\/noticiasribeiraopreto.com.br\/wp-content\/uploads\/2025\/02\/WhatsApp-Image-2025-02-17-at-07.47.14_2025-02-17_11-14-04_jpeg_2025-02-17_11-14-05.webp.webp?fit=1200%2C675&ssl=1&resize=1050%2C600 3x"},"classes":[]}],"jetpack_sharing_enabled":true,"jetpack_shortlink":"https:\/\/wp.me\/peQAOb-ibB","_links":{"self":[{"href":"https:\/\/noticiasribeiraopreto.com.br\/index.php\/wp-json\/wp\/v2\/posts\/69911","targetHints":{"allow":["GET"]}}],"collection":[{"href":"https:\/\/noticiasribeiraopreto.com.br\/index.php\/wp-json\/wp\/v2\/posts"}],"about":[{"href":"https:\/\/noticiasribeiraopreto.com.br\/index.php\/wp-json\/wp\/v2\/types\/post"}],"author":[{"embeddable":true,"href":"https:\/\/noticiasribeiraopreto.com.br\/index.php\/wp-json\/wp\/v2\/users\/1"}],"replies":[{"embeddable":true,"href":"https:\/\/noticiasribeiraopreto.com.br\/index.php\/wp-json\/wp\/v2\/comments?post=69911"}],"version-history":[{"count":0,"href":"https:\/\/noticiasribeiraopreto.com.br\/index.php\/wp-json\/wp\/v2\/posts\/69911\/revisions"}],"wp:featuredmedia":[{"embeddable":true,"href":"https:\/\/noticiasribeiraopreto.com.br\/index.php\/wp-json\/wp\/v2\/media\/69912"}],"wp:attachment":[{"href":"https:\/\/noticiasribeiraopreto.com.br\/index.php\/wp-json\/wp\/v2\/media?parent=69911"}],"wp:term":[{"taxonomy":"category","embeddable":true,"href":"https:\/\/noticiasribeiraopreto.com.br\/index.php\/wp-json\/wp\/v2\/categories?post=69911"},{"taxonomy":"post_tag","embeddable":true,"href":"https:\/\/noticiasribeiraopreto.com.br\/index.php\/wp-json\/wp\/v2\/tags?post=69911"}],"curies":[{"name":"wp","href":"https:\/\/api.w.org\/{rel}","templated":true}]}}