{"id":69913,"date":"2025-05-10T13:44:23","date_gmt":"2025-05-10T16:44:23","guid":{"rendered":"https:\/\/noticiasribeiraopreto.com.br\/index.php\/2025\/05\/10\/jornal-da-franca-paixao-felina-veja-9-sinais-de-que-seu-gato-te-ama\/"},"modified":"2025-05-10T13:44:23","modified_gmt":"2025-05-10T16:44:23","slug":"jornal-da-franca-paixao-felina-veja-9-sinais-de-que-seu-gato-te-ama","status":"publish","type":"post","link":"https:\/\/noticiasribeiraopreto.com.br\/index.php\/2025\/05\/10\/jornal-da-franca-paixao-felina-veja-9-sinais-de-que-seu-gato-te-ama\/","title":{"rendered":"Jornal da Franca &#8211; Paix\u00e3o felina: veja 9 sinais de que seu gato te ama!"},"content":{"rendered":"<p> <br \/>\n<\/p>\n<div>\n\t                            <a class=\"mb-1\" href=\"https:\/\/api.whatsapp.com\/send?text=Olha essa Not\u00edcia no Jornal da Franca.%0D%0D*Paix\u00e3o felina: veja 9 sinais de que seu gato te ama!*%0D%0Dclique na url abaixo%0Dhttps:\/\/www.jornaldafranca.com.br\/paixao-felina-veja-9-sinais-de-que-seu-gato-te-ama\/\" target=\"_blank\"><span class=\"text-12 badge badge-pill badge-success\"><i class=\"fa fa-whatsapp\"\/> compartilhar no whatsapp<\/span><\/a><\/p>\n<p>\t                            <a class=\"mb-1\" href=\"https:\/\/telegram.me\/share\/url?url=https:\/\/www.jornaldafranca.com.br\/paixao-felina-veja-9-sinais-de-que-seu-gato-te-ama\/&amp;text=Olha essa Not\u00edcia no Jornal da Franca.\" target=\"_blank\"><span class=\"text-12 badge badge-pill badge-info\"><i class=\"fa fa-telegram\"\/> compartilhar no telegram<\/span><\/a><\/p>\n<p>\t                            <a class=\"mb-1\" href=\"https:\/\/www.facebook.com\/sharer\/sharer.php?u=https:\/\/www.jornaldafranca.com.br\/paixao-felina-veja-9-sinais-de-que-seu-gato-te-ama\/\" target=\"_blank\"><span class=\"text-12 badge badge-pill badge-primary\"><i class=\"fa fa-facebook\"\/> compartilhar no facebook<\/span><\/a><\/p>\n<p>\t                            <a class=\"mb-1\" href=\"https:\/\/www.linkedin.com\/shareArticle?mini=true&amp;url=https:\/\/www.jornaldafranca.com.br\/paixao-felina-veja-9-sinais-de-que-seu-gato-te-ama\/&amp;title=Paix\u00e3o felina: veja 9 sinais de que seu gato te ama!&amp;source=JORNAL DA FRANCA\" target=\"_blank\"><span class=\"text-12 badge badge-pill badge-secondary\"><i class=\"fa fa-linkedin\"\/> compartilhar no linkedin<\/span><\/a><\/p>\n<div class=\"lead text-20\">\n<p>Dif\u00edceis de decifrar, gatos tem maneiras \u00fanicas de demonstrar amor; confira nove delas!<\/p>\n<\/p><\/div>\n<p><img data-recalc-dims=\"1\" decoding=\"async\" src=\"https:\/\/i0.wp.com\/www.jornaldafranca.com.br\/wp-content\/uploads\/2023\/03\/gato-e-dono-freepik-scaled.jpg?ssl=1\" alt=\"gatos\"\/><\/p>\n<h6>Gatos t\u00eam sua pr\u00f3pria maneira de demonstrar carinho aos humanos \u2013 foto Arquivo<\/h6>\n<p>\u00a0<\/p>\n<p>Os felinos t\u00eam sua pr\u00f3pria maneira de demonstrar amor e carinho. Portanto, pode ser dif\u00edcil identificar se os gatos nos amam da mesma maneira que a gente ama eles.<\/p>\n<p>Isso n\u00e3o significa ser imposs\u00edvel, pois existem, na verdade, diversos sinais dos pets que indicam afinidade, amor e confian\u00e7a.<\/p>\n<p><strong>1. Seu gato ronrona perto de voc\u00ea<\/strong><\/p>\n<p>O ronronar dos gatos n\u00e3o \u00e9 um barulho qualquer dos felinos, podendo ter diversos significados \u2013 a depender do contexto e da situa\u00e7\u00e3o. \u201cQuando um gato ronrona perto de seu dono, ele pode estar sinalizando conforto, seguran\u00e7a e um v\u00ednculo positivo\u201d.<\/p>\n<p>\u201cEsse comportamento, geralmente ocorre quando o gato est\u00e1 relaxado e se sente bem\u201d, indica Mariana Agull\u00f3, veterin\u00e1ria graduada pela Universidade Anhembi Morumbi.<\/p>\n<p>Ainda, a m\u00e9dica-veterin\u00e1ria da Petlove, Joana Portin, indica que os felinos tamb\u00e9m podem ronronar quando o tutor volta para casa, sendo uma solicita\u00e7\u00e3o de aten\u00e7\u00e3o e cuidados.<\/p>\n<p>As especialistas, por\u00e9m, chamam a aten\u00e7\u00e3o para o fato de que os gatos tamb\u00e9m t\u00eam o h\u00e1bito de ronronar ao serem expostos a situa\u00e7\u00f5es estressantes ou medo, acompanhado de movimenta\u00e7\u00e3o da cauda, pupilas dilatadas e pelos eri\u00e7ados.<\/p>\n<p>\u201cIsso sugere que o ato de ronronar pode ter m\u00faltiplas fun\u00e7\u00f5es, como autocalmante ou uma maneira de comunicar suas necessidades\u201d, diz Mariana.<\/p>\n<p><strong>2. Lambidas e leves mordidas<\/strong><\/p>\n<p>Voc\u00ea j\u00e1 fez carinho no seu gato e ele retribui com lambidas ou leves mordidas? Esse pode ser outro sinal de seu gato, que quer dizer: eu te amo!<\/p>\n<p>\u201cUma mordida leve e uma lambida carinhosa, acompanhadas de um comportamento relaxado, tendem a ser sinais de afeto, semelhantes \u00e0 forma como eles interagem com outros membros de sua esp\u00e9cie para refor\u00e7ar os la\u00e7os sociais\u201d, indica Mariana.<\/p>\n<p>Joana ainda indica ser necess\u00e1rio se atentar a dois fatores: contexto e intensidade. Caso acompanhada de irrita\u00e7\u00e3o ou nervosismo, a mordida tamb\u00e9m pode ser um sinal de que o felino n\u00e3o est\u00e1 recebendo a aten\u00e7\u00e3o necess\u00e1ria, sendo uma tentativa de chamar a aten\u00e7\u00e3o para suas necessidades.<\/p>\n<p>\u201cCaso voc\u00ea estiver fazendo carinho e o gato morder com muita intensidade, \u00e9 tamb\u00e9m um sinal para parar. Ele pode ter cansado de receber carinho naquela hora ou voc\u00ea est\u00e1 fazendo no lugar errado\u201d, diz a m\u00e9dica-veterin\u00e1ria.<\/p>\n<p>Mas, caso seja em tom leve e de \u201cbrincadeira\u201d, \u00e9 apenas um sinal de divers\u00e3o \u2013 tudo depende do contexto.<\/p>\n<p><strong>3. Ele se esfrega em voc\u00ea<\/strong><\/p>\n<p>Outro comportamento comum entre gatos \u00e9 o ato de esfregar ou dar pequenas batidas com a cabe\u00e7a no dono \u2013 e \u00e9 outro sinal claro de que ele gosta de voc\u00ea.<\/p>\n<p>Isso acontece porque os gatos marcam seu territ\u00f3rio usando gl\u00e2ndulas odor\u00edferas em suas bochechas e sua cabe\u00e7a.<\/p>\n<p><strong>4. De barriga para cima<\/strong><\/p>\n<p>J\u00e1 viu o gato deitado de barriga? A posi\u00e7\u00e3o de \u201cbarriga para cima\u201d, tanto para gatos quanto para cachorros, caracterizam felicidade, conforto e confian\u00e7a, especialmente por ser uma posi\u00e7\u00e3o vulner\u00e1vel para o gato, expondo \u00e1reas sens\u00edveis de seu corpo, que eles tendem a proteger de outros seres.<\/p>\n<p>\u201cSeja quando ele dorme, relaxa, seja quando est\u00e1 brincando. Como o seu tutor se relaciona com seu gato \u00e9 que transmite esse comportamento e qualquer outro de confian\u00e7a\u201d, diz Joana.<\/p>\n<p>Mariana, por\u00e9m, d\u00e1 uma dica: isso n\u00e3o significa que seu gato quer ser acariciado na barriga, podendo estress\u00e1-los. Nesse caso, a veterin\u00e1ria recomenda acariciar regi\u00f5es como o topo da cabe\u00e7a, o queixo, as bochechas e o pesco\u00e7o.<\/p>\n<p><strong>5. Amassar o p\u00e3o<\/strong><\/p>\n<p>Se tem um comportamento que rouba cora\u00e7\u00f5es \u00e9 quando os gatos usam suas patas para \u201camassar\u201d, seja o dono, seja superf\u00edcies, como a cama e os cobertores, parecendo que eles est\u00e3o sovando uma massa de p\u00e3o.<\/p>\n<p>\u201cEsse comportamento \u00e9 algo que os filhotes fazem nas m\u00e3es para estimular a produ\u00e7\u00e3o de leite. J\u00e1 quando um gato adulto amassa voc\u00ea, est\u00e1 expressando carinho e lembran\u00e7as de quando era filhote\u201d, explica Mariana. Esse momento estabelece uma rela\u00e7\u00e3o de conex\u00e3o e aconchego com seu tutor.<\/p>\n<p><strong>6. O gato passeia pelas suas pernas<\/strong><\/p>\n<p>Se o pet costuma dar passeios entre as suas pernas e te enrosca com a cauda, \u00e9 um sinal de amor. Segundo Joana, o ato significa que o gato est\u00e1 contente e confort\u00e1vel com a presen\u00e7a dessa pessoa.<\/p>\n<p>\u201cUma das maneiras do gato socializar e interagir com pessoas \u00e9 se esfregando nas pernas de pessoas que trazem seguran\u00e7a, conforto e felicidade a ele. Ent\u00e3o, se essa pessoa \u00e9 o tutor, podemos interpretar como amor\u201d.<\/p>\n<p><strong>7. Pequenos tremores ou sacudidas da cauda<\/strong><\/p>\n<p>Assim como os outros comportamentos, tremores ou sacudidas da cauda podem ter diversos significados em felinos, sendo importante, antes de tudo, entender o contexto da a\u00e7\u00e3o.<\/p>\n<p>\u201cQuando um gato abana a cauda de forma sutil, ele pode estar mostrando contentamento ou prazer, especialmente, quando est\u00e1 perto de algu\u00e9m de quem gosta\u201d, diz a veterin\u00e1ria Mariana.<\/p>\n<p>Em outros contextos, por\u00e9m, o movimento da cauda tamb\u00e9m pode expressar outras emo\u00e7\u00f5es, como excita\u00e7\u00e3o, irrita\u00e7\u00e3o ou ansiedade.<\/p>\n<p>\u201cO movimento mais acentuado da cauda para ambos os lados demonstra desconforto e a cauda em p\u00e9 tremendo (acompanhado de outros sinais) pode significar raiva e agressividade\u201d, acrescenta a veterin\u00e1ria da Petlove.<\/p>\n<p><strong>8. O gato traz \u201cpresentes\u201d<\/strong><\/p>\n<p>Os gatos t\u00eam como heran\u00e7a o ato da ca\u00e7a, que se tornou dispens\u00e1vel com a domestica\u00e7\u00e3o, mas, ocasionalmente, o felino ainda pode ca\u00e7ar um p\u00e1ssaro ou rato por a\u00ed.<\/p>\n<p>\u201c\u00c9 uma forma de demonstrar afeto e, tamb\u00e9m, de cumprir um instinto. Eles consideram voc\u00ea parte de sua \u2018ninhada\u2019 ou de seu grupo, e esses \u2018presentes\u2019 podem ser uma forma de compartilhar uma ca\u00e7a bem-sucedida ou de ensinar voc\u00ea a ca\u00e7ar, j\u00e1 que eles veem os humanos como companheiros\u201d, aponta Mariana.<\/p>\n<p>Portanto, existem aten\u00e7\u00f5es a tomar na hora de reagir aos presentes. Para n\u00e3o desencorajar o carinho ou confundi-los, evite gritar ou mostrar repulsa, al\u00e9m de n\u00e3o separar ou prender o pet.<\/p>\n<p><strong>9. O gato dorme na sua cama<\/strong><\/p>\n<p>Dormir com o pet \u00e9 uma sensa\u00e7\u00e3o confort\u00e1vel e aconchegante, mas pode existir muito mais por tr\u00e1s. \u201cOs gatos, naturalmente, precisam se sentir seguros para relaxar e descansar\u201d.<\/p>\n<p>\u201cInstintivamente o gato s\u00f3 relaxa e descansa quando ele se sente 100% seguro\u201d, indica Joana. Portanto, se o felino dorme com voc\u00ea, significa que ele tem confian\u00e7a e seguran\u00e7a.<\/p>\n<p>Fonte: <em><strong>Casa e Jardim<\/strong><\/em><\/p>\n<p><!-- CONTENT END 1 --><\/p>\n<hr\/><\/div>\n<p><br \/>\n<br \/><a href=\"https:\/\/www.jornaldafranca.com.br\/paixao-felina-veja-9-sinais-de-que-seu-gato-te-ama\/\">Source link <\/a><\/p>\n","protected":false},"excerpt":{"rendered":"<p>compartilhar no whatsapp compartilhar no telegram compartilhar no facebook compartilhar no linkedin Dif\u00edceis de decifrar, gatos tem maneiras \u00fanicas de demonstrar amor; confira nove delas!&#8230;<\/p>\n","protected":false},"author":1,"featured_media":69914,"comment_status":"open","ping_status":"open","sticky":false,"template":"","format":"standard","meta":{"advanced_seo_description":"","jetpack_seo_html_title":"","jetpack_seo_noindex":false,"jetpack_post_was_ever_published":false,"_jetpack_newsletter_access":"","_jetpack_dont_email_post_to_subs":false,"_jetpack_newsletter_tier_id":0,"_jetpack_memberships_contains_paywalled_content":false,"_jetpack_memberships_contains_paid_content":false,"footnotes":"","jetpack_publicize_message":"","jetpack_publicize_feature_enabled":true,"jetpack_social_post_already_shared":true,"jetpack_social_options":{"image_generator_settings":{"template":"highway","default_image_id":0,"font":"","enabled":false},"version":2}},"categories":[3597],"tags":[],"class_list":["post-69913","post","type-post","status-publish","format-standard","has-post-thumbnail","hentry","category-noticias-franca-sp"],"jetpack_publicize_connections":[],"jetpack_featured_media_url":"https:\/\/i0.wp.com\/noticiasribeiraopreto.com.br\/wp-content\/uploads\/2025\/05\/gato-e-dono-freepik-scaled.jpg?fit=2560%2C1707&ssl=1","jetpack-related-posts":[{"id":73017,"url":"https:\/\/noticiasribeiraopreto.com.br\/index.php\/2025\/06\/24\/jornal-da-franca-clima-sera-de-frio-porem-agradavel-e-fresco-em-franca-nesta-terca-deve-chover\/","url_meta":{"origin":69913,"position":0},"title":"Jornal da Franca &#8211; Clima ser\u00e1 de frio, por\u00e9m agrad\u00e1vel e fresco em Franca nesta ter\u00e7a: deve chover","author":"noticiasribeiraopreto.com.br","date":"24 de June de 2025","format":false,"excerpt":"compartilhar no whatsapp compartilhar no telegram compartilhar no facebook compartilhar no linkedin Cidade tem previs\u00e3o de chuva de at\u00e9 12 mil\u00edmetros A previs\u00e3o do tempo para Franca indica um dia agrad\u00e1vel, com temperatura m\u00ednima de 5\u00b0C e m\u00e1xima de 22\u00b0C. H\u00e1 grande possibilidade de chuva, com volume de at\u00e9 12\u2026","rel":"","context":"In &quot;Not\u00edcias de Franca-SP&quot;","block_context":{"text":"Not\u00edcias de Franca-SP","link":"https:\/\/noticiasribeiraopreto.com.br\/index.php\/category\/noticias-de-ribeirao-preto-sp-e-regiao-ismael-colosi\/noticias-franca-sp\/"},"img":{"alt_text":"","src":"https:\/\/i0.wp.com\/noticiasribeiraopreto.com.br\/wp-content\/uploads\/2025\/06\/1750758766_Franca.jpeg?fit=1200%2C806&ssl=1&resize=350%2C200","width":350,"height":200,"srcset":"https:\/\/i0.wp.com\/noticiasribeiraopreto.com.br\/wp-content\/uploads\/2025\/06\/1750758766_Franca.jpeg?fit=1200%2C806&ssl=1&resize=350%2C200 1x, https:\/\/i0.wp.com\/noticiasribeiraopreto.com.br\/wp-content\/uploads\/2025\/06\/1750758766_Franca.jpeg?fit=1200%2C806&ssl=1&resize=525%2C300 1.5x, https:\/\/i0.wp.com\/noticiasribeiraopreto.com.br\/wp-content\/uploads\/2025\/06\/1750758766_Franca.jpeg?fit=1200%2C806&ssl=1&resize=700%2C400 2x, https:\/\/i0.wp.com\/noticiasribeiraopreto.com.br\/wp-content\/uploads\/2025\/06\/1750758766_Franca.jpeg?fit=1200%2C806&ssl=1&resize=1050%2C600 3x"},"classes":[]},{"id":69340,"url":"https:\/\/noticiasribeiraopreto.com.br\/index.php\/2025\/05\/05\/jornal-da-franca-implantacao-de-escola-civico-militar-em-franca-e-tema-de-debates-na-camara-municipal\/","url_meta":{"origin":69913,"position":1},"title":"Jornal da Franca &#8211; Implanta\u00e7\u00e3o de escola c\u00edvico-militar em Franca \u00e9 tema de debates na C\u00e2mara Municipal","author":"noticiasribeiraopreto.com.br","date":"5 de May de 2025","format":false,"excerpt":"compartilhar no whatsapp compartilhar no telegram compartilhar no facebook compartilhar no linkedin Mun\u00edcipe agradece apoio de vereadores e parlamentares para que Franca fosse contemplada com o modelo educacional A implanta\u00e7\u00e3o do Programa das Escolas C\u00edvico-Militares em Franca, pauta defendida pela direita, foi tema abordado durante a sess\u00e3o ordin\u00e1ria da C\u00e2mara\u2026","rel":"","context":"In &quot;Not\u00edcias de Franca-SP&quot;","block_context":{"text":"Not\u00edcias de Franca-SP","link":"https:\/\/noticiasribeiraopreto.com.br\/index.php\/category\/noticias-de-ribeirao-preto-sp-e-regiao-ismael-colosi\/noticias-franca-sp\/"},"img":{"alt_text":"","src":"https:\/\/i0.wp.com\/noticiasribeiraopreto.com.br\/wp-content\/uploads\/2025\/05\/1746449336_plenariodiagonal_0.jpg?fit=930%2C558&ssl=1&resize=350%2C200","width":350,"height":200,"srcset":"https:\/\/i0.wp.com\/noticiasribeiraopreto.com.br\/wp-content\/uploads\/2025\/05\/1746449336_plenariodiagonal_0.jpg?fit=930%2C558&ssl=1&resize=350%2C200 1x, https:\/\/i0.wp.com\/noticiasribeiraopreto.com.br\/wp-content\/uploads\/2025\/05\/1746449336_plenariodiagonal_0.jpg?fit=930%2C558&ssl=1&resize=525%2C300 1.5x, https:\/\/i0.wp.com\/noticiasribeiraopreto.com.br\/wp-content\/uploads\/2025\/05\/1746449336_plenariodiagonal_0.jpg?fit=930%2C558&ssl=1&resize=700%2C400 2x"},"classes":[]},{"id":69220,"url":"https:\/\/noticiasribeiraopreto.com.br\/index.php\/2025\/05\/03\/jornal-da-franca-socorristas-que-salvaram-crianca-em-franca-recebem-mocao-de-aplausos-da-camara\/","url_meta":{"origin":69913,"position":2},"title":"Jornal da Franca &#8211; Socorristas que salvaram crian\u00e7a em Franca\u00a0recebem Mo\u00e7\u00e3o de Aplausos da C\u00e2mara","author":"noticiasribeiraopreto.com.br","date":"3 de May de 2025","format":false,"excerpt":"compartilhar no whatsapp compartilhar no telegram compartilhar no facebook compartilhar no linkedin Mo\u00e7\u00e3o reconhece trabalho de equipe de sa\u00fade que atuou no salvamento de beb\u00ea A C\u00e2mara aprovou a Mo\u00e7\u00e3o de Aplausos n\u00ba 41 de 2025, de autoria do vereador Walker Bombeiro da Libras, para a equipe de sa\u00fade da\u2026","rel":"","context":"In &quot;Not\u00edcias de Franca-SP&quot;","block_context":{"text":"Not\u00edcias de Franca-SP","link":"https:\/\/noticiasribeiraopreto.com.br\/index.php\/category\/noticias-de-ribeirao-preto-sp-e-regiao-ismael-colosi\/noticias-franca-sp\/"},"img":{"alt_text":"","src":"https:\/\/i0.wp.com\/noticiasribeiraopreto.com.br\/wp-content\/uploads\/2025\/05\/mocaoravi17sessao.jpg?fit=1000%2C562&ssl=1&resize=350%2C200","width":350,"height":200,"srcset":"https:\/\/i0.wp.com\/noticiasribeiraopreto.com.br\/wp-content\/uploads\/2025\/05\/mocaoravi17sessao.jpg?fit=1000%2C562&ssl=1&resize=350%2C200 1x, https:\/\/i0.wp.com\/noticiasribeiraopreto.com.br\/wp-content\/uploads\/2025\/05\/mocaoravi17sessao.jpg?fit=1000%2C562&ssl=1&resize=525%2C300 1.5x, https:\/\/i0.wp.com\/noticiasribeiraopreto.com.br\/wp-content\/uploads\/2025\/05\/mocaoravi17sessao.jpg?fit=1000%2C562&ssl=1&resize=700%2C400 2x"},"classes":[]},{"id":67756,"url":"https:\/\/noticiasribeiraopreto.com.br\/index.php\/2025\/04\/18\/jornal-da-franca-vereadores-aprovam-reconhecimento-a-profissionais-e-entidades-que-atuam-em-franca\/","url_meta":{"origin":69913,"position":3},"title":"Jornal da Franca &#8211; Vereadores aprovam reconhecimento a profissionais e entidades que atuam em Franca\u00a0","author":"noticiasribeiraopreto.com.br","date":"18 de April de 2025","format":false,"excerpt":"compartilhar no whatsapp compartilhar no telegram compartilhar no facebook compartilhar no linkedin Mo\u00e7\u00f5es de aplausos e congratula\u00e7\u00f5es s\u00e3o apresentadas em reconhecimento a servi\u00e7os prestados A C\u00e2mara Municipal de Franca aprovou na sess\u00e3o desta ter\u00e7a-feira mo\u00e7\u00f5es de aplausos e congratula\u00e7\u00f5es em reconhecimento a profissionais, entidades e sindicatos que se destacaram em\u2026","rel":"","context":"In &quot;Not\u00edcias de Franca-SP&quot;","block_context":{"text":"Not\u00edcias de Franca-SP","link":"https:\/\/noticiasribeiraopreto.com.br\/index.php\/category\/noticias-de-ribeirao-preto-sp-e-regiao-ismael-colosi\/noticias-franca-sp\/"},"img":{"alt_text":"","src":"https:\/\/i0.wp.com\/noticiasribeiraopreto.com.br\/wp-content\/uploads\/2025\/04\/reuniaodecomissoes-2.jpg?fit=930%2C558&ssl=1&resize=350%2C200","width":350,"height":200,"srcset":"https:\/\/i0.wp.com\/noticiasribeiraopreto.com.br\/wp-content\/uploads\/2025\/04\/reuniaodecomissoes-2.jpg?fit=930%2C558&ssl=1&resize=350%2C200 1x, https:\/\/i0.wp.com\/noticiasribeiraopreto.com.br\/wp-content\/uploads\/2025\/04\/reuniaodecomissoes-2.jpg?fit=930%2C558&ssl=1&resize=525%2C300 1.5x, https:\/\/i0.wp.com\/noticiasribeiraopreto.com.br\/wp-content\/uploads\/2025\/04\/reuniaodecomissoes-2.jpg?fit=930%2C558&ssl=1&resize=700%2C400 2x"},"classes":[]},{"id":65177,"url":"https:\/\/noticiasribeiraopreto.com.br\/index.php\/2025\/03\/17\/jornal-da-franca-previsao-climatica-para-franca-dia-de-sol-com-poucas-nuvens-nesta-segunda\/","url_meta":{"origin":69913,"position":4},"title":"Jornal da Franca &#8211; Previs\u00e3o clim\u00e1tica para Franca: dia de sol com poucas nuvens nesta segunda","author":"noticiasribeiraopreto.com.br","date":"17 de March de 2025","format":false,"excerpt":"compartilhar no whatsapp compartilhar no telegram compartilhar no facebook compartilhar no linkedin Temperaturas variam entre 19\u00b0C e 31\u00b0C, com 0% de chance de chuva \u00a0 A previs\u00e3o do tempo para a cidade de Franca nesta segunda-feira, indica um dia de sol com algumas nuvens, especialmente \u00e0 tarde. H\u00e1 previs\u00e3o de\u2026","rel":"","context":"In &quot;Not\u00edcias de Franca-SP&quot;","block_context":{"text":"Not\u00edcias de Franca-SP","link":"https:\/\/noticiasribeiraopreto.com.br\/index.php\/category\/noticias-de-ribeirao-preto-sp-e-regiao-ismael-colosi\/noticias-franca-sp\/"},"img":{"alt_text":"","src":"https:\/\/i0.wp.com\/noticiasribeiraopreto.com.br\/wp-content\/uploads\/2025\/03\/nuvens-de-chuva-scaled.jpg?fit=1200%2C800&ssl=1&resize=350%2C200","width":350,"height":200,"srcset":"https:\/\/i0.wp.com\/noticiasribeiraopreto.com.br\/wp-content\/uploads\/2025\/03\/nuvens-de-chuva-scaled.jpg?fit=1200%2C800&ssl=1&resize=350%2C200 1x, https:\/\/i0.wp.com\/noticiasribeiraopreto.com.br\/wp-content\/uploads\/2025\/03\/nuvens-de-chuva-scaled.jpg?fit=1200%2C800&ssl=1&resize=525%2C300 1.5x, https:\/\/i0.wp.com\/noticiasribeiraopreto.com.br\/wp-content\/uploads\/2025\/03\/nuvens-de-chuva-scaled.jpg?fit=1200%2C800&ssl=1&resize=700%2C400 2x, https:\/\/i0.wp.com\/noticiasribeiraopreto.com.br\/wp-content\/uploads\/2025\/03\/nuvens-de-chuva-scaled.jpg?fit=1200%2C800&ssl=1&resize=1050%2C600 3x"},"classes":[]},{"id":64747,"url":"https:\/\/noticiasribeiraopreto.com.br\/index.php\/2025\/03\/12\/jornal-da-franca-autoridades-e-produtores-rurais-de-franca-fazem-abertura-da-16-edicao-do-simcafe\/","url_meta":{"origin":69913,"position":5},"title":"Jornal da Franca &#8211; Autoridades e produtores rurais de Franca fazem abertura da 16\u00b0 edi\u00e7\u00e3o do SimCaf\u00e9","author":"noticiasribeiraopreto.com.br","date":"12 de March de 2025","format":false,"excerpt":"compartilhar no whatsapp compartilhar no telegram compartilhar no facebook compartilhar no linkedin Evento re\u00fane cafeicultores e empresas do setor de agro de Franca e regi\u00e3o O Simcaf\u00e9 \u2013 Simp\u00f3sio do Agroneg\u00f3cio Caf\u00e9 da Alta Mogiana \u2013 teve sua 16\u00b0 edi\u00e7\u00e3o aberta nesta ter\u00e7a-feira com a presen\u00e7a de diversas autoridades pol\u00edticas.\u2026","rel":"","context":"In &quot;Not\u00edcias de Franca-SP&quot;","block_context":{"text":"Not\u00edcias de Franca-SP","link":"https:\/\/noticiasribeiraopreto.com.br\/index.php\/category\/noticias-de-ribeirao-preto-sp-e-regiao-ismael-colosi\/noticias-franca-sp\/"},"img":{"alt_text":"","src":"https:\/\/i0.wp.com\/noticiasribeiraopreto.com.br\/wp-content\/uploads\/2025\/03\/IMG_20250311_180004.jpg?fit=804%2C730&ssl=1&resize=350%2C200","width":350,"height":200,"srcset":"https:\/\/i0.wp.com\/noticiasribeiraopreto.com.br\/wp-content\/uploads\/2025\/03\/IMG_20250311_180004.jpg?fit=804%2C730&ssl=1&resize=350%2C200 1x, https:\/\/i0.wp.com\/noticiasribeiraopreto.com.br\/wp-content\/uploads\/2025\/03\/IMG_20250311_180004.jpg?fit=804%2C730&ssl=1&resize=525%2C300 1.5x, https:\/\/i0.wp.com\/noticiasribeiraopreto.com.br\/wp-content\/uploads\/2025\/03\/IMG_20250311_180004.jpg?fit=804%2C730&ssl=1&resize=700%2C400 2x"},"classes":[]}],"jetpack_sharing_enabled":true,"jetpack_shortlink":"https:\/\/wp.me\/peQAOb-ibD","_links":{"self":[{"href":"https:\/\/noticiasribeiraopreto.com.br\/index.php\/wp-json\/wp\/v2\/posts\/69913","targetHints":{"allow":["GET"]}}],"collection":[{"href":"https:\/\/noticiasribeiraopreto.com.br\/index.php\/wp-json\/wp\/v2\/posts"}],"about":[{"href":"https:\/\/noticiasribeiraopreto.com.br\/index.php\/wp-json\/wp\/v2\/types\/post"}],"author":[{"embeddable":true,"href":"https:\/\/noticiasribeiraopreto.com.br\/index.php\/wp-json\/wp\/v2\/users\/1"}],"replies":[{"embeddable":true,"href":"https:\/\/noticiasribeiraopreto.com.br\/index.php\/wp-json\/wp\/v2\/comments?post=69913"}],"version-history":[{"count":0,"href":"https:\/\/noticiasribeiraopreto.com.br\/index.php\/wp-json\/wp\/v2\/posts\/69913\/revisions"}],"wp:featuredmedia":[{"embeddable":true,"href":"https:\/\/noticiasribeiraopreto.com.br\/index.php\/wp-json\/wp\/v2\/media\/69914"}],"wp:attachment":[{"href":"https:\/\/noticiasribeiraopreto.com.br\/index.php\/wp-json\/wp\/v2\/media?parent=69913"}],"wp:term":[{"taxonomy":"category","embeddable":true,"href":"https:\/\/noticiasribeiraopreto.com.br\/index.php\/wp-json\/wp\/v2\/categories?post=69913"},{"taxonomy":"post_tag","embeddable":true,"href":"https:\/\/noticiasribeiraopreto.com.br\/index.php\/wp-json\/wp\/v2\/tags?post=69913"}],"curies":[{"name":"wp","href":"https:\/\/api.w.org\/{rel}","templated":true}]}}