{"id":69919,"date":"2025-05-10T16:21:16","date_gmt":"2025-05-10T19:21:16","guid":{"rendered":"https:\/\/noticiasribeiraopreto.com.br\/index.php\/2025\/05\/10\/saude-de-ribeirao-preto-alerta-sobre-aumento-de-casos-de-doencas-respiratorias\/"},"modified":"2025-05-10T16:21:16","modified_gmt":"2025-05-10T19:21:16","slug":"saude-de-ribeirao-preto-alerta-sobre-aumento-de-casos-de-doencas-respiratorias","status":"publish","type":"post","link":"https:\/\/noticiasribeiraopreto.com.br\/index.php\/2025\/05\/10\/saude-de-ribeirao-preto-alerta-sobre-aumento-de-casos-de-doencas-respiratorias\/","title":{"rendered":"Sa\u00fade de Ribeir\u00e3o Preto alerta sobre aumento de casos de doen\u00e7as respirat\u00f3rias"},"content":{"rendered":"<p> <br \/>\n<\/p>\n<div>\n<p>A<strong><a href=\"https:\/\/www.ribeiraopreto.sp.gov.br\/portal\/saude\/\"> Secretaria Municipal da Sa\u00fade de Ribeir\u00e3o Preto<\/a> <\/strong>publicou um alerta sobre o aumento de casos de <strong>SRAG (S\u00edndrome Respirat\u00f3ria Aguda Grave)<\/strong>. De acordo com a pasta, j\u00e1 <mark style=\"background-color:#fcb900\" class=\"has-inline-color has-black-color\">foram registradas 242 interna\u00e7\u00f5es por SRAG desde mar\u00e7o<\/mark> \u2013 quando os casos come\u00e7aram a crescer.<\/p>\n<p>No acumulado do ano, o munic\u00edpio j\u00e1 registrou 417 interna\u00e7\u00f5es, seis \u00f3bitos causados por covid-19 e cinco por Influenza.<\/p>\n<p>A secretaria destaca que o aumento na quantidade de atendimentos de doen\u00e7as respirat\u00f3rias \u00e9 comum nesta \u00e9poca do ano. Por isso, existe o impactado na demanda por atendimentos nas UPAs (Unidades de Pronto Atendimento).<\/p>\n<h2 class=\"wp-block-heading\"><strong>O que \u00e9 SRAG?<\/strong><\/h2>\n<p>A SRAG \u00e9 caracterizada por quadros de s\u00edndrome gripal que evoluem com comprometimento da fun\u00e7\u00e3o respirat\u00f3ria. <mark style=\"background-color:#fcb900\" class=\"has-inline-color has-black-color\">Entre as principais causas est\u00e3o os v\u00edrus da Influenza (gripe), covid-19, VSR (V\u00edrus Sincicial Respirat\u00f3rio)<\/mark>, entre outros. Idosos e crian\u00e7as de at\u00e9 9 anos concentram a maior parte das interna\u00e7\u00f5es por SRAG.<\/p>\n<p>\u201cA eleva\u00e7\u00e3o no n\u00famero de casos \u00e9 t\u00edpica deste per\u00edodo do ano, quando as doen\u00e7as respirat\u00f3rias se intensificam por conta das mudan\u00e7as clim\u00e1ticas e da maior circula\u00e7\u00e3o de v\u00edrus\u201d, explica Luzia M\u00e1rcia Romanholi Passos, diretora do Departamento de Vigil\u00e2ncia em Sa\u00fade.<\/p>\n<p>\u201cDiante desse cen\u00e1rio, \u00e9 fundamental refor\u00e7ar a import\u00e2ncia da vacina\u00e7\u00e3o, especialmente contra a Influenza, al\u00e9m de manter medidas preventivas como a higieniza\u00e7\u00e3o frequente das m\u00e3os e o uso de m\u00e1scaras em caso de sintomas gripais\u201d, completa.<\/p>\n<p>A secretaria tamb\u00e9m orienta a popula\u00e7\u00e3o a procurar uma unidade de sa\u00fade ao apresentar sintomas de agravamento, como falta de ar, febre persistente e cansa\u00e7o intenso.<\/p>\n<p>SAIBA MAIS<br \/>Atleta ol\u00edmpico anuncia instituto em Ribeir\u00e3o Preto para formar novos talentos da nata\u00e7\u00e3o<\/p>\n<h2 class=\"wp-block-heading\"><strong>FIQUE ON<\/strong><\/h2>\n<p>Fique ligado em tudo que acontece em Ribeir\u00e3o Preto e regi\u00e3o. Siga os perfis do<strong>\u00a0acidade on<\/strong>\u00a0no\u00a0<a href=\"https:\/\/www.instagram.com\/acidadeonribeirao\">Instagram\u00a0<\/a>e no\u00a0<a href=\"https:\/\/www.facebook.com\/acidadeonribeirao\/\">Facebook<\/a>.<\/p>\n<p>Receba not\u00edcias do\u00a0<strong>acidade on<\/strong>\u00a0no WhatsApp.\u00a0<a href=\"https:\/\/chat.whatsapp.com\/BjKQZ9oJwlz8VVT50NuePq\">Para entrar no grupo, basta clicar aqui.<\/a><\/p>\n<p>Fa\u00e7a uma den\u00fancia ou sugira uma reportagem sobre Ribeir\u00e3o Preto e regi\u00e3o pelo WhatsApp: 16 99117 7802.<\/p>\n<p>VEJA TAMB\u00c9M<br \/>Qual o valor acumulado da Mega-Sena?<\/p>\n<p><!-- CONTENT END 1 -->\n<\/div>\n<p><script async src=\"\/\/www.instagram.com\/embed.js\"><\/script><br \/>\n<br \/><br \/>\n<br \/><a href=\"https:\/\/www.acidadeon.com\/ribeiraopreto\/cotidiano\/saude-de-ribeirao-preto-alerta-sobre-aumento-de-casos-de-doencas-respiratorias\/\">Source link <\/a><\/p>\n","protected":false},"excerpt":{"rendered":"<p>A Secretaria Municipal da Sa\u00fade de Ribeir\u00e3o Preto publicou um alerta sobre o aumento de casos de SRAG (S\u00edndrome Respirat\u00f3ria Aguda Grave). De acordo com&#8230;<\/p>\n","protected":false},"author":1,"featured_media":69920,"comment_status":"open","ping_status":"open","sticky":false,"template":"","format":"standard","meta":{"advanced_seo_description":"","jetpack_seo_html_title":"","jetpack_seo_noindex":false,"jetpack_post_was_ever_published":false,"_jetpack_newsletter_access":"","_jetpack_dont_email_post_to_subs":false,"_jetpack_newsletter_tier_id":0,"_jetpack_memberships_contains_paywalled_content":false,"_jetpack_memberships_contains_paid_content":false,"footnotes":"","jetpack_publicize_message":"","jetpack_publicize_feature_enabled":true,"jetpack_social_post_already_shared":true,"jetpack_social_options":{"image_generator_settings":{"template":"highway","default_image_id":0,"font":"","enabled":false},"version":2}},"categories":[11],"tags":[],"class_list":["post-69919","post","type-post","status-publish","format-standard","has-post-thumbnail","hentry","category-noticias-de-ribeirao-preto-sp-e-regiao-ismael-colosi"],"jetpack_publicize_connections":[],"jetpack_featured_media_url":"https:\/\/i0.wp.com\/noticiasribeiraopreto.com.br\/wp-content\/uploads\/2025\/05\/117593045_3181602151934831_1382602735393869478_n.jpg?fit=952%2C635&ssl=1","jetpack-related-posts":[{"id":69889,"url":"https:\/\/noticiasribeiraopreto.com.br\/index.php\/2025\/05\/10\/sindrome-respiratoria-afeta-upas-da-cidade\/","url_meta":{"origin":69919,"position":0},"title":"S\u00edndrome respirat\u00f3ria\u00a0afeta UPAs da cidade\u00a0","author":"noticiasribeiraopreto.com.br","date":"10 de May de 2025","format":false,"excerpt":"10 de maio de 2025 09:309 de maio de 2025 22:559 Compartilhar0 A prefeitura de Ribeir\u00e3o Preto, por meio da Secretaria Municipal da Sa\u00fade, alerta sobre o aumento dos casos de s\u00edndrome respirat\u00f3ria aguda grave (Srag) na cidade. A eleva\u00e7\u00e3o, comum nesta \u00e9poca do ano, tem impactado diretamente a demanda\u2026","rel":"","context":"In &quot;Not\u00edcias de Ribeir\u00e3o Preto-SP e Regi\u00e3o&quot;","block_context":{"text":"Not\u00edcias de Ribeir\u00e3o Preto-SP e Regi\u00e3o","link":"https:\/\/noticiasribeiraopreto.com.br\/index.php\/category\/noticias-de-ribeirao-preto-sp-e-regiao-ismael-colosi\/"},"img":{"alt_text":"","src":"https:\/\/i0.wp.com\/noticiasribeiraopreto.com.br\/wp-content\/uploads\/2025\/05\/UPA-13-de-Maio.jpg?fit=1200%2C800&ssl=1&resize=350%2C200","width":350,"height":200,"srcset":"https:\/\/i0.wp.com\/noticiasribeiraopreto.com.br\/wp-content\/uploads\/2025\/05\/UPA-13-de-Maio.jpg?fit=1200%2C800&ssl=1&resize=350%2C200 1x, https:\/\/i0.wp.com\/noticiasribeiraopreto.com.br\/wp-content\/uploads\/2025\/05\/UPA-13-de-Maio.jpg?fit=1200%2C800&ssl=1&resize=525%2C300 1.5x, https:\/\/i0.wp.com\/noticiasribeiraopreto.com.br\/wp-content\/uploads\/2025\/05\/UPA-13-de-Maio.jpg?fit=1200%2C800&ssl=1&resize=700%2C400 2x, https:\/\/i0.wp.com\/noticiasribeiraopreto.com.br\/wp-content\/uploads\/2025\/05\/UPA-13-de-Maio.jpg?fit=1200%2C800&ssl=1&resize=1050%2C600 3x"},"classes":[]},{"id":70379,"url":"https:\/\/noticiasribeiraopreto.com.br\/index.php\/2025\/05\/25\/gripe-supera-covid-e-se-torna-principal-causa-de-morte-respiratoria-em-idosos-aponta-fiocruz\/","url_meta":{"origin":69919,"position":1},"title":"Gripe supera Covid e se torna principal causa de morte respirat\u00f3ria em idosos, aponta Fiocruz","author":"noticiasribeiraopreto.com.br","date":"25 de May de 2025","format":false,"excerpt":"A gripe segue em alta e se tornou a principal causa de morte por S\u00edndrome Respirat\u00f3ria Aguda Grave (SRAG) entre idosos no Brasil, superando a Covid-19. A informa\u00e7\u00e3o foi divulgada pela Funda\u00e7\u00e3o Oswaldo Cruz (Fiocruz), por meio do Boletim InfoGripe. De acordo com a Fiocruz, a influenza A \u00e9 atualmente\u2026","rel":"","context":"In &quot;Not\u00edcias de Ribeir\u00e3o Preto-SP e Regi\u00e3o&quot;","block_context":{"text":"Not\u00edcias de Ribeir\u00e3o Preto-SP e Regi\u00e3o","link":"https:\/\/noticiasribeiraopreto.com.br\/index.php\/category\/noticias-de-ribeirao-preto-sp-e-regiao-ismael-colosi\/"},"img":{"alt_text":"","src":"https:\/\/i0.wp.com\/noticiasribeiraopreto.com.br\/wp-content\/uploads\/2025\/05\/Copia-de-Copia-de-Copia-de-TAMANHO-EXATO-PARA-FOTOS-NO-SISTEMA-NOVO-94_2025-05-25_17-14-23.webp.webp?fit=1200%2C675&ssl=1&resize=350%2C200","width":350,"height":200,"srcset":"https:\/\/i0.wp.com\/noticiasribeiraopreto.com.br\/wp-content\/uploads\/2025\/05\/Copia-de-Copia-de-Copia-de-TAMANHO-EXATO-PARA-FOTOS-NO-SISTEMA-NOVO-94_2025-05-25_17-14-23.webp.webp?fit=1200%2C675&ssl=1&resize=350%2C200 1x, https:\/\/i0.wp.com\/noticiasribeiraopreto.com.br\/wp-content\/uploads\/2025\/05\/Copia-de-Copia-de-Copia-de-TAMANHO-EXATO-PARA-FOTOS-NO-SISTEMA-NOVO-94_2025-05-25_17-14-23.webp.webp?fit=1200%2C675&ssl=1&resize=525%2C300 1.5x, https:\/\/i0.wp.com\/noticiasribeiraopreto.com.br\/wp-content\/uploads\/2025\/05\/Copia-de-Copia-de-Copia-de-TAMANHO-EXATO-PARA-FOTOS-NO-SISTEMA-NOVO-94_2025-05-25_17-14-23.webp.webp?fit=1200%2C675&ssl=1&resize=700%2C400 2x, https:\/\/i0.wp.com\/noticiasribeiraopreto.com.br\/wp-content\/uploads\/2025\/05\/Copia-de-Copia-de-Copia-de-TAMANHO-EXATO-PARA-FOTOS-NO-SISTEMA-NOVO-94_2025-05-25_17-14-23.webp.webp?fit=1200%2C675&ssl=1&resize=1050%2C600 3x"},"classes":[]},{"id":72062,"url":"https:\/\/noticiasribeiraopreto.com.br\/index.php\/2025\/06\/12\/ribeirao-preto-registra-aumento-nos-casos-de-doencas-respiratorias\/","url_meta":{"origin":69919,"position":2},"title":"Ribeir\u00e3o Preto registra aumento nos casos de doen\u00e7as respirat\u00f3rias","author":"noticiasribeiraopreto.com.br","date":"12 de June de 2025","format":false,"excerpt":"Ribeir\u00e3o Preto registra aumento expressivo nos atendimentos por s\u00edndromes respirat\u00f3rias. Do total de 686 casos de S\u00edndrome Respirat\u00f3ria Aguda Grave (SRAG) contabilizados em 2025, 46% t\u00eam como causa o v\u00edrus Influenza. Devido ao cen\u00e1rio, as quatro Unidades de Pronto Atendimento (UPAs) est\u00e3o operando com m\u00e9dia de 800 atendimentos di\u00e1rios cada,\u2026","rel":"","context":"In &quot;Not\u00edcias de Ribeir\u00e3o Preto-SP e Regi\u00e3o&quot;","block_context":{"text":"Not\u00edcias de Ribeir\u00e3o Preto-SP e Regi\u00e3o","link":"https:\/\/noticiasribeiraopreto.com.br\/index.php\/category\/noticias-de-ribeirao-preto-sp-e-regiao-ismael-colosi\/"},"img":{"alt_text":"","src":"https:\/\/i0.wp.com\/noticiasribeiraopreto.com.br\/wp-content\/uploads\/2025\/06\/117593045_3181602151934831_1382602735393869478_n.jpg?fit=952%2C635&ssl=1&resize=350%2C200","width":350,"height":200,"srcset":"https:\/\/i0.wp.com\/noticiasribeiraopreto.com.br\/wp-content\/uploads\/2025\/06\/117593045_3181602151934831_1382602735393869478_n.jpg?fit=952%2C635&ssl=1&resize=350%2C200 1x, https:\/\/i0.wp.com\/noticiasribeiraopreto.com.br\/wp-content\/uploads\/2025\/06\/117593045_3181602151934831_1382602735393869478_n.jpg?fit=952%2C635&ssl=1&resize=525%2C300 1.5x, https:\/\/i0.wp.com\/noticiasribeiraopreto.com.br\/wp-content\/uploads\/2025\/06\/117593045_3181602151934831_1382602735393869478_n.jpg?fit=952%2C635&ssl=1&resize=700%2C400 2x"},"classes":[]},{"id":72866,"url":"https:\/\/noticiasribeiraopreto.com.br\/index.php\/2025\/06\/22\/infeccoes-respiratorias-disparam-em-ribeirao-preto\/","url_meta":{"origin":69919,"position":3},"title":"Infec\u00e7\u00f5es respirat\u00f3rias disparam em Ribeir\u00e3o Preto","author":"noticiasribeiraopreto.com.br","date":"22 de June de 2025","format":false,"excerpt":"Adalberto Luque No inverno de 2023, o gr\u00e1fico aposentado Hilson Sobreiro Cavalcante contraiu uma pneumonia e hoje vai ao m\u00e9dico do conv\u00eanio de tempos em tempos para avaliar seu quadro. Tudo come\u00e7ou com uma febre que ia e vinha. \u201cPassava pelo m\u00e9dico, que dava rem\u00e9dio. A febre baixava e voltava.\u2026","rel":"","context":"In &quot;Not\u00edcias de Ribeir\u00e3o Preto-SP e Regi\u00e3o&quot;","block_context":{"text":"Not\u00edcias de Ribeir\u00e3o Preto-SP e Regi\u00e3o","link":"https:\/\/noticiasribeiraopreto.com.br\/index.php\/category\/noticias-de-ribeirao-preto-sp-e-regiao-ismael-colosi\/"},"img":{"alt_text":"","src":"https:\/\/i0.wp.com\/noticiasribeiraopreto.com.br\/wp-content\/uploads\/2025\/06\/FOTO-00-CHAMADA-DE-CAPA-horizontal-Foto-Alfredo-Risk-scaled.jpg?fit=750%2C500&ssl=1&resize=350%2C200","width":350,"height":200,"srcset":"https:\/\/i0.wp.com\/noticiasribeiraopreto.com.br\/wp-content\/uploads\/2025\/06\/FOTO-00-CHAMADA-DE-CAPA-horizontal-Foto-Alfredo-Risk-scaled.jpg?fit=750%2C500&ssl=1&resize=350%2C200 1x, https:\/\/i0.wp.com\/noticiasribeiraopreto.com.br\/wp-content\/uploads\/2025\/06\/FOTO-00-CHAMADA-DE-CAPA-horizontal-Foto-Alfredo-Risk-scaled.jpg?fit=750%2C500&ssl=1&resize=525%2C300 1.5x, https:\/\/i0.wp.com\/noticiasribeiraopreto.com.br\/wp-content\/uploads\/2025\/06\/FOTO-00-CHAMADA-DE-CAPA-horizontal-Foto-Alfredo-Risk-scaled.jpg?fit=750%2C500&ssl=1&resize=700%2C400 2x"},"classes":[]},{"id":44703,"url":"https:\/\/noticiasribeiraopreto.com.br\/index.php\/2024\/03\/29\/casos-de-sindrome-respirartoria-aguda-grave-sobem-no-pais-diz-fiocruz\/","url_meta":{"origin":69919,"position":4},"title":"Casos de s\u00edndrome respirart\u00f3ria aguda grave sobem no pa\u00eds, diz Fiocruz","author":"noticiasribeiraopreto.com.br","date":"29 de March de 2024","format":false,"excerpt":"O boletim InfoGripe da Funda\u00e7\u00e3o Oswaldo Cruz (Fiocruz) divulgado nesta quinta-feira (28) aponta que os casos de S\u00edndrome Respirat\u00f3ria Aguda Grave (SRAG) aumentaram em crian\u00e7as, jovens e adultos em todo o pa\u00eds. O quadro \u00e9 decorrente do crescimento, em diversos estados, de diferentes v\u00edrus respirat\u00f3rios como influenza (gripe), v\u00edrus sincicial\u2026","rel":"","context":"In &quot;Not\u00edcias de Ribeir\u00e3o Preto-SP e Regi\u00e3o&quot;","block_context":{"text":"Not\u00edcias de Ribeir\u00e3o Preto-SP e Regi\u00e3o","link":"https:\/\/noticiasribeiraopreto.com.br\/index.php\/category\/noticias-de-ribeirao-preto-sp-e-regiao-ismael-colosi\/"},"img":{"alt_text":"","src":"https:\/\/i0.wp.com\/noticiasribeiraopreto.com.br\/wp-content\/uploads\/2024\/03\/imagem-8.jpg?fit=1170%2C700&ssl=1&resize=350%2C200","width":350,"height":200,"srcset":"https:\/\/i0.wp.com\/noticiasribeiraopreto.com.br\/wp-content\/uploads\/2024\/03\/imagem-8.jpg?fit=1170%2C700&ssl=1&resize=350%2C200 1x, https:\/\/i0.wp.com\/noticiasribeiraopreto.com.br\/wp-content\/uploads\/2024\/03\/imagem-8.jpg?fit=1170%2C700&ssl=1&resize=525%2C300 1.5x, https:\/\/i0.wp.com\/noticiasribeiraopreto.com.br\/wp-content\/uploads\/2024\/03\/imagem-8.jpg?fit=1170%2C700&ssl=1&resize=700%2C400 2x, https:\/\/i0.wp.com\/noticiasribeiraopreto.com.br\/wp-content\/uploads\/2024\/03\/imagem-8.jpg?fit=1170%2C700&ssl=1&resize=1050%2C600 3x"},"classes":[]},{"id":45273,"url":"https:\/\/noticiasribeiraopreto.com.br\/index.php\/2024\/04\/03\/virus-sincicial-respiratorio-e-influenza-tem-aumento-de-casos-no-pais\/","url_meta":{"origin":69919,"position":5},"title":"V\u00edrus sincicial respirat\u00f3rio e influenza t\u00eam aumento de casos no pa\u00eds","author":"noticiasribeiraopreto.com.br","date":"3 de April de 2024","format":false,"excerpt":"3 de abril de 2024 | 13:002 de abril de 2024 | 20:29 0 O Brasil registrou, nas \u00faltimas semanas, um aumento no predom\u00ednio de casos de v\u00edrus sincicial respirat\u00f3rio (VSR) e de influenza, que corresponderam, respectivamente, a 35% e 21% dos casos de S\u00edndrome Respirat\u00f3ria Aguda Grave (SRAG). Por\u2026","rel":"","context":"In &quot;Not\u00edcias de Ribeir\u00e3o Preto-SP e Regi\u00e3o&quot;","block_context":{"text":"Not\u00edcias de Ribeir\u00e3o Preto-SP e Regi\u00e3o","link":"https:\/\/noticiasribeiraopreto.com.br\/index.php\/category\/noticias-de-ribeirao-preto-sp-e-regiao-ismael-colosi\/"},"img":{"alt_text":"","src":"https:\/\/i0.wp.com\/noticiasribeiraopreto.com.br\/wp-content\/uploads\/2024\/04\/593f0695-6562-470a-90b7-490d2d321825.jpg?fit=800%2C479&ssl=1&resize=350%2C200","width":350,"height":200,"srcset":"https:\/\/i0.wp.com\/noticiasribeiraopreto.com.br\/wp-content\/uploads\/2024\/04\/593f0695-6562-470a-90b7-490d2d321825.jpg?fit=800%2C479&ssl=1&resize=350%2C200 1x, https:\/\/i0.wp.com\/noticiasribeiraopreto.com.br\/wp-content\/uploads\/2024\/04\/593f0695-6562-470a-90b7-490d2d321825.jpg?fit=800%2C479&ssl=1&resize=525%2C300 1.5x, https:\/\/i0.wp.com\/noticiasribeiraopreto.com.br\/wp-content\/uploads\/2024\/04\/593f0695-6562-470a-90b7-490d2d321825.jpg?fit=800%2C479&ssl=1&resize=700%2C400 2x"},"classes":[]}],"jetpack_sharing_enabled":true,"jetpack_shortlink":"https:\/\/wp.me\/peQAOb-ibJ","_links":{"self":[{"href":"https:\/\/noticiasribeiraopreto.com.br\/index.php\/wp-json\/wp\/v2\/posts\/69919","targetHints":{"allow":["GET"]}}],"collection":[{"href":"https:\/\/noticiasribeiraopreto.com.br\/index.php\/wp-json\/wp\/v2\/posts"}],"about":[{"href":"https:\/\/noticiasribeiraopreto.com.br\/index.php\/wp-json\/wp\/v2\/types\/post"}],"author":[{"embeddable":true,"href":"https:\/\/noticiasribeiraopreto.com.br\/index.php\/wp-json\/wp\/v2\/users\/1"}],"replies":[{"embeddable":true,"href":"https:\/\/noticiasribeiraopreto.com.br\/index.php\/wp-json\/wp\/v2\/comments?post=69919"}],"version-history":[{"count":0,"href":"https:\/\/noticiasribeiraopreto.com.br\/index.php\/wp-json\/wp\/v2\/posts\/69919\/revisions"}],"wp:featuredmedia":[{"embeddable":true,"href":"https:\/\/noticiasribeiraopreto.com.br\/index.php\/wp-json\/wp\/v2\/media\/69920"}],"wp:attachment":[{"href":"https:\/\/noticiasribeiraopreto.com.br\/index.php\/wp-json\/wp\/v2\/media?parent=69919"}],"wp:term":[{"taxonomy":"category","embeddable":true,"href":"https:\/\/noticiasribeiraopreto.com.br\/index.php\/wp-json\/wp\/v2\/categories?post=69919"},{"taxonomy":"post_tag","embeddable":true,"href":"https:\/\/noticiasribeiraopreto.com.br\/index.php\/wp-json\/wp\/v2\/tags?post=69919"}],"curies":[{"name":"wp","href":"https:\/\/api.w.org\/{rel}","templated":true}]}}