{"id":69921,"date":"2025-05-10T16:28:24","date_gmt":"2025-05-10T19:28:24","guid":{"rendered":"https:\/\/noticiasribeiraopreto.com.br\/index.php\/2025\/05\/10\/descubra-quantos-minutos-de-vida-saudavel-as-bolachas-recheadas-podem-custar-a-voce\/"},"modified":"2025-05-10T16:28:24","modified_gmt":"2025-05-10T19:28:24","slug":"descubra-quantos-minutos-de-vida-saudavel-as-bolachas-recheadas-podem-custar-a-voce","status":"publish","type":"post","link":"https:\/\/noticiasribeiraopreto.com.br\/index.php\/2025\/05\/10\/descubra-quantos-minutos-de-vida-saudavel-as-bolachas-recheadas-podem-custar-a-voce\/","title":{"rendered":"Descubra quantos minutos de vida saud\u00e1vel as bolachas recheadas podem custar a voc\u00ea"},"content":{"rendered":"<p> <br \/>\n<\/p>\n<div>\n<p>Um estudo da<a href=\"https:\/\/www5.usp.br\/\"> <strong>USP (Universidade de S\u00e3o Paulo)<\/strong><\/a><strong> <\/strong>aponta os impactos da alimenta\u00e7\u00e3o na sa\u00fade em anos de vida saud\u00e1vel das pessoas sem incapacidades. A pesquisa foi publicada na \u00faltima sexta-feira (9) na revista cient\u00edfica <em>International Journal of Environmental Research and Public Health<\/em>.<\/p>\n<p>O levantamento aponta que o consumo cont\u00ednuo de cerca de 115 gramas de bolachas recheadas \u2013 menos de um pacote \u2013 est\u00e1 associado \u00e0 <mark style=\"background-color:#fcb900\" class=\"has-inline-color has-black-color\">perda m\u00e9dia de 39 minutos de vida saud\u00e1vel<\/mark>, por exemplo. <a href=\"https:\/\/www.mdpi.com\/1660-4601\/22\/5\/745\">Veja o artigo completo clicando aqui<\/a>.<\/p>\n<p>O estudo se ancora no<strong> Heni (\u00cdndice Nutricional de Sa\u00fade)<\/strong>, um sistema de pontua\u00e7\u00e3o sobre o impacto da alimenta\u00e7\u00e3o \u00e0 sa\u00fade em anos de vida saud\u00e1vel (sem incapacidades). O \u00edndice utiliza dados epidemiol\u00f3gicos para classificar e avaliar alimentos e dietas conforme as caracter\u00edsticas nutricionais dos itens.<\/p>\n<h2 class=\"wp-block-heading\"><strong>O que \u00e9?<\/strong><\/h2>\n<p>A pesquisa analisou os 33 alimentos que mais contribuem para a ingest\u00e3o energ\u00e9tica dos brasileiros usando o \u00edndice. Al\u00e9m disso, os cientistas calcularam o impacto ambiental das por\u00e7\u00f5es em emiss\u00e3o de gases de efeito estufa (CO\u2082 equivalente) e volume de \u00e1gua utilizado.<\/p>\n<p>O trabalho \u00e9 assinado por pesquisadores da <strong>USP<\/strong>, da <strong>UERJ (Universidade do Estado do Rio de Janeiro)<\/strong> e da <strong>Universidade T\u00e9cnica da Dinamarca<\/strong>.<\/p>\n<h2 class=\"wp-block-heading\"><strong>Origem animal<\/strong><\/h2>\n<p>No geral, produtos derivados de animais, particularmente carne vermelha, tiveram os maiores custos ambientais. J\u00e1 alimentos de origem vegetal, como feij\u00e3o e frutas, tiveram melhores pontua\u00e7\u00f5es no Heni e menores impactos ambientais.<\/p>\n<p>Ao Jornal da USP, a professora Aline Martins de Carvalho, da Faculdade de Sa\u00fade P\u00fablica da USP, explica que a quantidade de minutos de vida perdidos est\u00e1 associada aos h\u00e1bitos de consumo.<\/p>\n<p>\u201cN\u00e3o se trata do consumo de uma \u00fanica bolacha, nem de uma \u00fanica vez na vida, mas sim um consumo cont\u00ednuo dessa por\u00e7\u00e3o de bolachas. Se a pessoa consome por muitos anos e de forma di\u00e1ria, esse h\u00e1bito ir\u00e1 reduzir o tempo de vida saud\u00e1vel dela\u201d, diz Aline Martins de Carvalho.<\/p>\n<h2 class=\"wp-block-heading\"><strong>\u00cdndice m\u00e9dio<\/strong><\/h2>\n<p>De acordo com a pesquisa, o \u00cdndice Nutricional de Sa\u00fade m\u00e9dio no Brasil foi de -5,89 minutos, variando de -39,69 minutos para bolachas recheadas a +17,22 minutos para o consumo de peixes de \u00e1gua doce.<\/p>\n<p>Entre os piores colocados tamb\u00e9m est\u00e3o a<strong> carne su\u00edna (-36,09 minutos)<\/strong>,<strong> margarina com ou sem sal (-24,76 minutos)<\/strong>, <strong>carne bovina (-21,86 minutos)<\/strong> e <strong>biscoitos salgados (-19,48 minutos)<\/strong>.<\/p>\n<p>Por outro lado, alimentos in natura como <strong>peixes de \u00e1gua doce (+17,22 minutos)<\/strong>, <strong>banana (+8,08 minutos)<\/strong>, <strong>feij\u00e3o (+6,53 minutos)<\/strong> e<strong> arroz com feij\u00e3o (+2,11 minutos)<\/strong> <mark style=\"background-color:#fcb900\" class=\"has-inline-color has-black-color\">mostraram bom desempenho tanto para a sa\u00fade humana quanto para a sustentabilidade do planeta.<\/mark><\/p>\n<h2 class=\"wp-block-heading\"><strong>Pizza de mussarela<\/strong><\/h2>\n<p>A <strong>pizza de mussarela<\/strong> se destacou negativamente com o uso de mais de 306 litros de \u00e1gua para uma por\u00e7\u00e3o m\u00e9dia de 280 gramas. <\/p>\n<p>\u201cNossas descobertas fornecem entendimentos valiosos sobre as consequ\u00eancias reais das escolhas alimentares individuais e institucionais, demonstrando seus impactos mensur\u00e1veis na sa\u00fade e no meio ambiente\u201d, informam os pesquisadores no artigo.<\/p>\n<p>(com informa\u00e7\u00f5es <strong>Ag\u00eancia SP <\/strong>e<strong> Jornal da USP<\/strong>).<\/p>\n<p>SAIBA MAIS<br \/>Atleta ol\u00edmpico anuncia instituto em Ribeir\u00e3o Preto para formar novos talentos da nata\u00e7\u00e3o<\/p>\n<h2 class=\"wp-block-heading\"><strong>FIQUE ON<\/strong><\/h2>\n<p>Fique ligado em tudo que acontece em Ribeir\u00e3o Preto e regi\u00e3o. Siga os perfis do<strong>\u00a0acidade on<\/strong>\u00a0no\u00a0<a href=\"https:\/\/www.instagram.com\/acidadeonribeirao\">Instagram\u00a0<\/a>e no\u00a0<a href=\"https:\/\/www.facebook.com\/acidadeonribeirao\/\">Facebook<\/a>.<\/p>\n<p>Receba not\u00edcias do\u00a0<strong>acidade on<\/strong>\u00a0no WhatsApp.\u00a0<a href=\"https:\/\/chat.whatsapp.com\/BjKQZ9oJwlz8VVT50NuePq\">Para entrar no grupo, basta clicar aqui.<\/a><\/p>\n<p>Fa\u00e7a uma den\u00fancia ou sugira uma reportagem sobre Ribeir\u00e3o Preto e regi\u00e3o pelo WhatsApp: 16 99117 7802.<\/p>\n<p>VEJA TAMB\u00c9M<br \/>Qual o valor acumulado da Mega-Sena?<\/p>\n<p><!-- CONTENT END 1 -->\n<\/div>\n<p><script async src=\"\/\/www.instagram.com\/embed.js\"><\/script><br \/>\n<br \/><br \/>\n<br \/><a href=\"https:\/\/www.acidadeon.com\/ribeiraopreto\/cotidiano\/descubra-quantos-minutos-de-vida-saudavel-as-bolachas-recheadas-podem-custar-a-voce\/\">Source link <\/a><\/p>\n","protected":false},"excerpt":{"rendered":"<p>Um estudo da USP (Universidade de S\u00e3o Paulo) aponta os impactos da alimenta\u00e7\u00e3o na sa\u00fade em anos de vida saud\u00e1vel das pessoas sem incapacidades. A&#8230;<\/p>\n","protected":false},"author":1,"featured_media":69922,"comment_status":"open","ping_status":"open","sticky":false,"template":"","format":"standard","meta":{"advanced_seo_description":"","jetpack_seo_html_title":"","jetpack_seo_noindex":false,"jetpack_post_was_ever_published":false,"_jetpack_newsletter_access":"","_jetpack_dont_email_post_to_subs":false,"_jetpack_newsletter_tier_id":0,"_jetpack_memberships_contains_paywalled_content":false,"_jetpack_memberships_contains_paid_content":false,"footnotes":"","jetpack_publicize_message":"","jetpack_publicize_feature_enabled":true,"jetpack_social_post_already_shared":true,"jetpack_social_options":{"image_generator_settings":{"template":"highway","default_image_id":0,"font":"","enabled":false},"version":2}},"categories":[11],"tags":[],"class_list":["post-69921","post","type-post","status-publish","format-standard","has-post-thumbnail","hentry","category-noticias-de-ribeirao-preto-sp-e-regiao-ismael-colosi"],"jetpack_publicize_connections":[],"jetpack_featured_media_url":"https:\/\/i0.wp.com\/noticiasribeiraopreto.com.br\/wp-content\/uploads\/2025\/05\/bolacha-recheada_2025-05-10_17-14-47.webp.webp?fit=1199%2C817&ssl=1","jetpack-related-posts":[{"id":70689,"url":"https:\/\/noticiasribeiraopreto.com.br\/index.php\/2025\/05\/28\/jornal-da-franca-perder-peso-na-meia-idade-pode-reduzir-riscos-de-doencas-no-futuro\/","url_meta":{"origin":69921,"position":0},"title":"Jornal da Franca &#8211; Perder peso na meia-idade pode reduzir riscos de doen\u00e7as no futuro","author":"noticiasribeiraopreto.com.br","date":"28 de May de 2025","format":false,"excerpt":"compartilhar no whatsapp compartilhar no telegram compartilhar no facebook compartilhar no linkedin Estudo revela que redu\u00e7\u00e3o sustentada de 6,5% do peso corporal est\u00e1 ligada a menor risco de doen\u00e7as cr\u00f4nicas e mortalidade em geral Perda de peso e mudan\u00e7as nos h\u00e1bitos di\u00e1rios podem garantir um futuro livre de doen\u00e7as \u2013\u2026","rel":"","context":"In &quot;Not\u00edcias de Franca-SP&quot;","block_context":{"text":"Not\u00edcias de Franca-SP","link":"https:\/\/noticiasribeiraopreto.com.br\/index.php\/category\/noticias-de-ribeirao-preto-sp-e-regiao-ismael-colosi\/noticias-franca-sp\/"},"img":{"alt_text":"","src":"https:\/\/i0.wp.com\/noticiasribeiraopreto.com.br\/wp-content\/uploads\/2025\/05\/idosa-exercicios-freepik-scaled.jpg?fit=1200%2C800&ssl=1&resize=350%2C200","width":350,"height":200,"srcset":"https:\/\/i0.wp.com\/noticiasribeiraopreto.com.br\/wp-content\/uploads\/2025\/05\/idosa-exercicios-freepik-scaled.jpg?fit=1200%2C800&ssl=1&resize=350%2C200 1x, https:\/\/i0.wp.com\/noticiasribeiraopreto.com.br\/wp-content\/uploads\/2025\/05\/idosa-exercicios-freepik-scaled.jpg?fit=1200%2C800&ssl=1&resize=525%2C300 1.5x, https:\/\/i0.wp.com\/noticiasribeiraopreto.com.br\/wp-content\/uploads\/2025\/05\/idosa-exercicios-freepik-scaled.jpg?fit=1200%2C800&ssl=1&resize=700%2C400 2x, https:\/\/i0.wp.com\/noticiasribeiraopreto.com.br\/wp-content\/uploads\/2025\/05\/idosa-exercicios-freepik-scaled.jpg?fit=1200%2C800&ssl=1&resize=1050%2C600 3x"},"classes":[]},{"id":69242,"url":"https:\/\/noticiasribeiraopreto.com.br\/index.php\/2025\/05\/03\/jornal-da-franca-fumar-beber-e-sedentarismo-danos-a-saude-surgem-antes-dos-40-diz-estudo\/","url_meta":{"origin":69921,"position":1},"title":"Jornal da Franca &#8211; Fumar, beber e sedentarismo: danos \u00e0 sa\u00fade surgem antes dos 40, diz estudo","author":"noticiasribeiraopreto.com.br","date":"3 de May de 2025","format":false,"excerpt":"compartilhar no whatsapp compartilhar no telegram compartilhar no facebook compartilhar no linkedin Estudo refor\u00e7a que maus h\u00e1bitos de sa\u00fade devem ser combatidos o mais cedo poss\u00edvel para ter um envelhecimento saud\u00e1vel \u00c1lcool, tabagismo e falta de exerc\u00edcios \u00e9 uma combina\u00e7\u00e3o bomb\u00e1stica contra a sa\u00fade \u2013 foto Freepik \u00a0 Os efeitos\u2026","rel":"","context":"In &quot;Not\u00edcias de Franca-SP&quot;","block_context":{"text":"Not\u00edcias de Franca-SP","link":"https:\/\/noticiasribeiraopreto.com.br\/index.php\/category\/noticias-de-ribeirao-preto-sp-e-regiao-ismael-colosi\/noticias-franca-sp\/"},"img":{"alt_text":"","src":"https:\/\/i0.wp.com\/noticiasribeiraopreto.com.br\/wp-content\/uploads\/2025\/05\/feche-mao-de-um-homem-arabe-bonito-e-bem-vestido-com-copo-de-uisque-e-charuto-posado-no-pub-scaled.jpg?fit=1200%2C798&ssl=1&resize=350%2C200","width":350,"height":200,"srcset":"https:\/\/i0.wp.com\/noticiasribeiraopreto.com.br\/wp-content\/uploads\/2025\/05\/feche-mao-de-um-homem-arabe-bonito-e-bem-vestido-com-copo-de-uisque-e-charuto-posado-no-pub-scaled.jpg?fit=1200%2C798&ssl=1&resize=350%2C200 1x, https:\/\/i0.wp.com\/noticiasribeiraopreto.com.br\/wp-content\/uploads\/2025\/05\/feche-mao-de-um-homem-arabe-bonito-e-bem-vestido-com-copo-de-uisque-e-charuto-posado-no-pub-scaled.jpg?fit=1200%2C798&ssl=1&resize=525%2C300 1.5x, https:\/\/i0.wp.com\/noticiasribeiraopreto.com.br\/wp-content\/uploads\/2025\/05\/feche-mao-de-um-homem-arabe-bonito-e-bem-vestido-com-copo-de-uisque-e-charuto-posado-no-pub-scaled.jpg?fit=1200%2C798&ssl=1&resize=700%2C400 2x, https:\/\/i0.wp.com\/noticiasribeiraopreto.com.br\/wp-content\/uploads\/2025\/05\/feche-mao-de-um-homem-arabe-bonito-e-bem-vestido-com-copo-de-uisque-e-charuto-posado-no-pub-scaled.jpg?fit=1200%2C798&ssl=1&resize=1050%2C600 3x"},"classes":[]},{"id":68811,"url":"https:\/\/noticiasribeiraopreto.com.br\/index.php\/2025\/04\/29\/jornal-da-franca-projeto-sabores-da-saude-incentiva-alimentacao-saudavel-nas-ubss-de-franca\/","url_meta":{"origin":69921,"position":2},"title":"Jornal da Franca &#8211; Projeto \u2018Sabores da Sa\u00fade\u2019 incentiva alimenta\u00e7\u00e3o saud\u00e1vel nas UBSs de Franca","author":"noticiasribeiraopreto.com.br","date":"29 de April de 2025","format":false,"excerpt":"compartilhar no whatsapp compartilhar no telegram compartilhar no facebook compartilhar no linkedin A\u00e7\u00e3o promove educa\u00e7\u00e3o nutricional e mudan\u00e7a de h\u00e1bitos em pacientes da rede municipal A iniciativa \u00e9 voltada para pacientes que buscam perder peso, melhorar a sa\u00fade e adotar uma alimenta\u00e7\u00e3o mais equilibrada \u00a0 A Prefeitura de Franca, por\u2026","rel":"","context":"In &quot;Not\u00edcias de Franca-SP&quot;","block_context":{"text":"Not\u00edcias de Franca-SP","link":"https:\/\/noticiasribeiraopreto.com.br\/index.php\/category\/noticias-de-ribeirao-preto-sp-e-regiao-ismael-colosi\/noticias-franca-sp\/"},"img":{"alt_text":"","src":"https:\/\/i0.wp.com\/noticiasribeiraopreto.com.br\/wp-content\/uploads\/2025\/04\/Sabores-da-Saude.jpeg?fit=1200%2C794&ssl=1&resize=350%2C200","width":350,"height":200,"srcset":"https:\/\/i0.wp.com\/noticiasribeiraopreto.com.br\/wp-content\/uploads\/2025\/04\/Sabores-da-Saude.jpeg?fit=1200%2C794&ssl=1&resize=350%2C200 1x, https:\/\/i0.wp.com\/noticiasribeiraopreto.com.br\/wp-content\/uploads\/2025\/04\/Sabores-da-Saude.jpeg?fit=1200%2C794&ssl=1&resize=525%2C300 1.5x, https:\/\/i0.wp.com\/noticiasribeiraopreto.com.br\/wp-content\/uploads\/2025\/04\/Sabores-da-Saude.jpeg?fit=1200%2C794&ssl=1&resize=700%2C400 2x, https:\/\/i0.wp.com\/noticiasribeiraopreto.com.br\/wp-content\/uploads\/2025\/04\/Sabores-da-Saude.jpeg?fit=1200%2C794&ssl=1&resize=1050%2C600 3x"},"classes":[]},{"id":65593,"url":"https:\/\/noticiasribeiraopreto.com.br\/index.php\/2025\/03\/21\/jornal-da-franca-homens-casados-tem-3-vezes-mais-risco-de-obesidade-saiba-os-motivos\/","url_meta":{"origin":69921,"position":3},"title":"Jornal da Franca &#8211; Homens casados t\u00eam 3 vezes mais risco de obesidade; saiba os motivos!","author":"noticiasribeiraopreto.com.br","date":"21 de March de 2025","format":false,"excerpt":"compartilhar no whatsapp compartilhar no telegram compartilhar no facebook compartilhar no linkedin Casamento pode triplicar as chances de homens desenvolverem obesidade, segundo novo estudo; casamento impacta menos as mulheres Homens casados t\u00eam risco triplicado de obesidade \u2013 foto Arquivo \u00a0 O casamento \u00e9 um marco importante na constru\u00e7\u00e3o de uma\u2026","rel":"","context":"In &quot;Not\u00edcias de Franca-SP&quot;","block_context":{"text":"Not\u00edcias de Franca-SP","link":"https:\/\/noticiasribeiraopreto.com.br\/index.php\/category\/noticias-de-ribeirao-preto-sp-e-regiao-ismael-colosi\/noticias-franca-sp\/"},"img":{"alt_text":"","src":"https:\/\/i0.wp.com\/noticiasribeiraopreto.com.br\/wp-content\/uploads\/2025\/03\/barriga-obesidade-scaled.jpg?fit=1200%2C801&ssl=1&resize=350%2C200","width":350,"height":200,"srcset":"https:\/\/i0.wp.com\/noticiasribeiraopreto.com.br\/wp-content\/uploads\/2025\/03\/barriga-obesidade-scaled.jpg?fit=1200%2C801&ssl=1&resize=350%2C200 1x, https:\/\/i0.wp.com\/noticiasribeiraopreto.com.br\/wp-content\/uploads\/2025\/03\/barriga-obesidade-scaled.jpg?fit=1200%2C801&ssl=1&resize=525%2C300 1.5x, https:\/\/i0.wp.com\/noticiasribeiraopreto.com.br\/wp-content\/uploads\/2025\/03\/barriga-obesidade-scaled.jpg?fit=1200%2C801&ssl=1&resize=700%2C400 2x, https:\/\/i0.wp.com\/noticiasribeiraopreto.com.br\/wp-content\/uploads\/2025\/03\/barriga-obesidade-scaled.jpg?fit=1200%2C801&ssl=1&resize=1050%2C600 3x"},"classes":[]},{"id":72594,"url":"https:\/\/noticiasribeiraopreto.com.br\/index.php\/2025\/06\/18\/jornal-da-franca-procurando-alivio-para-dor-nas-costas-caminhada-pode-te-ajudar\/","url_meta":{"origin":69921,"position":4},"title":"Jornal da Franca &#8211; Procurando al\u00edvio para dor nas costas? Caminhada pode te ajudar!","author":"noticiasribeiraopreto.com.br","date":"18 de June de 2025","format":false,"excerpt":"compartilhar no whatsapp compartilhar no telegram compartilhar no facebook compartilhar no linkedin Os resultados mostraram que caminhar entre tr\u00eas a cinco dias por semana reduziu epis\u00f3dios recorrentes de dor nas costas em quase 50% Caminhada traz diversos benef\u00edcios para a sa\u00fade, inclusive al\u00edvio da dor nas costas \u2013 foto Arquivo\u2026","rel":"","context":"In &quot;Not\u00edcias de Franca-SP&quot;","block_context":{"text":"Not\u00edcias de Franca-SP","link":"https:\/\/noticiasribeiraopreto.com.br\/index.php\/category\/noticias-de-ribeirao-preto-sp-e-regiao-ismael-colosi\/noticias-franca-sp\/"},"img":{"alt_text":"","src":"https:\/\/i0.wp.com\/noticiasribeiraopreto.com.br\/wp-content\/uploads\/2025\/06\/dor-na-coluna.jpg?fit=1200%2C675&ssl=1&resize=350%2C200","width":350,"height":200,"srcset":"https:\/\/i0.wp.com\/noticiasribeiraopreto.com.br\/wp-content\/uploads\/2025\/06\/dor-na-coluna.jpg?fit=1200%2C675&ssl=1&resize=350%2C200 1x, https:\/\/i0.wp.com\/noticiasribeiraopreto.com.br\/wp-content\/uploads\/2025\/06\/dor-na-coluna.jpg?fit=1200%2C675&ssl=1&resize=525%2C300 1.5x, https:\/\/i0.wp.com\/noticiasribeiraopreto.com.br\/wp-content\/uploads\/2025\/06\/dor-na-coluna.jpg?fit=1200%2C675&ssl=1&resize=700%2C400 2x, https:\/\/i0.wp.com\/noticiasribeiraopreto.com.br\/wp-content\/uploads\/2025\/06\/dor-na-coluna.jpg?fit=1200%2C675&ssl=1&resize=1050%2C600 3x"},"classes":[]},{"id":65586,"url":"https:\/\/noticiasribeiraopreto.com.br\/index.php\/2025\/03\/21\/jornal-da-franca-abacate-e-um-verdadeiro-amigo-do-peito-faz-bem-para-o-seu-coracao-e-e-muito-gostoso\/","url_meta":{"origin":69921,"position":5},"title":"Jornal da Franca &#8211; Abacate \u00e9 um verdadeiro amigo do peito; faz bem para o seu cora\u00e7\u00e3o e \u00e9 muito gostoso","author":"noticiasribeiraopreto.com.br","date":"21 de March de 2025","format":false,"excerpt":"compartilhar no whatsapp compartilhar no telegram compartilhar no facebook compartilhar no linkedin Estudo realizado nos Estados Unidos acompanhou mais de 68 mil mulheres e 41 mil homens Estudo realizado nos Estados Unidos acompanhou mais de 68 mil mulheres e 41 mil homens Comer abacates reduz o risco de ataques card\u00edacos\u2026","rel":"","context":"In &quot;Not\u00edcias de Franca-SP&quot;","block_context":{"text":"Not\u00edcias de Franca-SP","link":"https:\/\/noticiasribeiraopreto.com.br\/index.php\/category\/noticias-de-ribeirao-preto-sp-e-regiao-ismael-colosi\/noticias-franca-sp\/"},"img":{"alt_text":"","src":"https:\/\/i0.wp.com\/noticiasribeiraopreto.com.br\/wp-content\/uploads\/2025\/03\/IMG-20230503-WA0035.jpg?fit=1200%2C900&ssl=1&resize=350%2C200","width":350,"height":200,"srcset":"https:\/\/i0.wp.com\/noticiasribeiraopreto.com.br\/wp-content\/uploads\/2025\/03\/IMG-20230503-WA0035.jpg?fit=1200%2C900&ssl=1&resize=350%2C200 1x, https:\/\/i0.wp.com\/noticiasribeiraopreto.com.br\/wp-content\/uploads\/2025\/03\/IMG-20230503-WA0035.jpg?fit=1200%2C900&ssl=1&resize=525%2C300 1.5x, https:\/\/i0.wp.com\/noticiasribeiraopreto.com.br\/wp-content\/uploads\/2025\/03\/IMG-20230503-WA0035.jpg?fit=1200%2C900&ssl=1&resize=700%2C400 2x, https:\/\/i0.wp.com\/noticiasribeiraopreto.com.br\/wp-content\/uploads\/2025\/03\/IMG-20230503-WA0035.jpg?fit=1200%2C900&ssl=1&resize=1050%2C600 3x"},"classes":[]}],"jetpack_sharing_enabled":true,"jetpack_shortlink":"https:\/\/wp.me\/peQAOb-ibL","_links":{"self":[{"href":"https:\/\/noticiasribeiraopreto.com.br\/index.php\/wp-json\/wp\/v2\/posts\/69921","targetHints":{"allow":["GET"]}}],"collection":[{"href":"https:\/\/noticiasribeiraopreto.com.br\/index.php\/wp-json\/wp\/v2\/posts"}],"about":[{"href":"https:\/\/noticiasribeiraopreto.com.br\/index.php\/wp-json\/wp\/v2\/types\/post"}],"author":[{"embeddable":true,"href":"https:\/\/noticiasribeiraopreto.com.br\/index.php\/wp-json\/wp\/v2\/users\/1"}],"replies":[{"embeddable":true,"href":"https:\/\/noticiasribeiraopreto.com.br\/index.php\/wp-json\/wp\/v2\/comments?post=69921"}],"version-history":[{"count":0,"href":"https:\/\/noticiasribeiraopreto.com.br\/index.php\/wp-json\/wp\/v2\/posts\/69921\/revisions"}],"wp:featuredmedia":[{"embeddable":true,"href":"https:\/\/noticiasribeiraopreto.com.br\/index.php\/wp-json\/wp\/v2\/media\/69922"}],"wp:attachment":[{"href":"https:\/\/noticiasribeiraopreto.com.br\/index.php\/wp-json\/wp\/v2\/media?parent=69921"}],"wp:term":[{"taxonomy":"category","embeddable":true,"href":"https:\/\/noticiasribeiraopreto.com.br\/index.php\/wp-json\/wp\/v2\/categories?post=69921"},{"taxonomy":"post_tag","embeddable":true,"href":"https:\/\/noticiasribeiraopreto.com.br\/index.php\/wp-json\/wp\/v2\/tags?post=69921"}],"curies":[{"name":"wp","href":"https:\/\/api.w.org\/{rel}","templated":true}]}}