{"id":69923,"date":"2025-05-10T16:35:21","date_gmt":"2025-05-10T19:35:21","guid":{"rendered":"https:\/\/noticiasribeiraopreto.com.br\/index.php\/2025\/05\/10\/fotografo-de-ribeirao-preto-recebe-mencao-honrosa-em-festival-internacional\/"},"modified":"2025-05-10T16:35:21","modified_gmt":"2025-05-10T19:35:21","slug":"fotografo-de-ribeirao-preto-recebe-mencao-honrosa-em-festival-internacional","status":"publish","type":"post","link":"https:\/\/noticiasribeiraopreto.com.br\/index.php\/2025\/05\/10\/fotografo-de-ribeirao-preto-recebe-mencao-honrosa-em-festival-internacional\/","title":{"rendered":"Fot\u00f3grafo de Ribeir\u00e3o Preto recebe men\u00e7\u00e3o honrosa em festival internacional"},"content":{"rendered":"<p> <br \/>\n<\/p>\n<div data-td-block-uid=\"tdi_95\">\n<div class=\"tdb-block-inner td-fix-index\">\n<p>O fot\u00f3grafo <strong>Max Cardoso<\/strong>, de <strong>Ribeir\u00e3o Preto<\/strong>, conquistou men\u00e7\u00e3o honrosa no <strong>Festival Internacional de Fotografia Bras\u00edlia Photo Show 2024<\/strong> com a obra \u201c<strong>Voar<\/strong>\u201d, na \u00faltima <strong>quinta-feira (8)<\/strong>. A imagem agora integra a exposi\u00e7\u00e3o do <strong>MAB (Museu de Arte de Bras\u00edlia)<\/strong>.<\/p>\n<p>A fotografia foi feita de forma espont\u00e2nea, no quintal da casa de <strong>Max<\/strong>, enquanto ele observava o c\u00e9u. \u201cO p\u00e1ssaro n\u00e3o foi programado, mas estava no lugar certo e na hora certa\u201d, contou.<\/p>\n<p>No registro, um avi\u00e3o corta o c\u00e9u no exato momento em que uma ave aparece em voo. Esta \u00e9 a segunda vez que<strong> o fot\u00f3grafo <\/strong>participa do concurso.<\/p>\n<div class=\"wp-block-image\">\n<figure class=\"aligncenter size-large is-resized\"><img data-recalc-dims=\"1\" fetchpriority=\"high\" decoding=\"async\" width=\"1024\" height=\"731\" src=\"https:\/\/i0.wp.com\/www.acidadeon.com\/ribeiraopreto\/wp-content\/uploads\/sites\/3\/2025\/05\/WhatsApp-Image-2025-05-08-at-09.11.29_2025-05-10_17-39-25-1024x731.webp?resize=1024%2C731&#038;ssl=1\" alt=\"\" class=\"wp-image-116131\" style=\"width:583px;height:auto\" srcset=\"https:\/\/www.acidadeon.com\/ribeiraopreto\/wp-content\/uploads\/sites\/3\/2025\/05\/WhatsApp-Image-2025-05-08-at-09.11.29_2025-05-10_17-39-25-1024x731.webp 1024w, https:\/\/www.acidadeon.com\/ribeiraopreto\/wp-content\/uploads\/sites\/3\/2025\/05\/WhatsApp-Image-2025-05-08-at-09.11.29_2025-05-10_17-39-25-300x214.webp 300w, https:\/\/www.acidadeon.com\/ribeiraopreto\/wp-content\/uploads\/sites\/3\/2025\/05\/WhatsApp-Image-2025-05-08-at-09.11.29_2025-05-10_17-39-25-768x548.webp 768w, https:\/\/www.acidadeon.com\/ribeiraopreto\/wp-content\/uploads\/sites\/3\/2025\/05\/WhatsApp-Image-2025-05-08-at-09.11.29_2025-05-10_17-39-25-696x497.webp 696w, https:\/\/www.acidadeon.com\/ribeiraopreto\/wp-content\/uploads\/sites\/3\/2025\/05\/WhatsApp-Image-2025-05-08-at-09.11.29_2025-05-10_17-39-25-1068x763.webp 1068w, https:\/\/www.acidadeon.com\/ribeiraopreto\/wp-content\/uploads\/sites\/3\/2025\/05\/WhatsApp-Image-2025-05-08-at-09.11.29_2025-05-10_17-39-25.webp 1200w\" sizes=\"(max-width: 1024px) 100vw, 1024px\"\/><\/figure>\n<\/div>\n<figure class=\"wp-block-pullquote\">\n<blockquote>\n<p>Realizar o sonho de ter uma obra exposta em um museu de arte \u00e9 algo que vou guardar para sempre no cora\u00e7\u00e3o. Estou muito grato por tudo isso e feliz por ter compartilhado esse momento com pessoas especiais.<\/p>\n<p><cite>Max Cardoso, em entrevista ao acidade on Ribeir\u00e3o Preto<\/cite><\/p><\/blockquote>\n<\/figure>\n<p>SAIBA MAIS<br \/>Descubra quantos minutos de vida saud\u00e1vel as bolachas recheadas podem custar a voc\u00ea<\/p>\n<h4 class=\"wp-block-heading\"><strong>FIQUE ON<\/strong><\/h4>\n<p>Fique ligado em tudo que acontece em Ribeir\u00e3o Preto e regi\u00e3o. Siga os perfis do <strong>acidade on <\/strong>no <a href=\"https:\/\/www.instagram.com\/acidadeonribeirao\" target=\"_blank\" rel=\"noreferrer noopener\">Instagram<\/a> e no <a href=\"https:\/\/www.facebook.com\/acidadeonribeirao\" target=\"_blank\" rel=\"noreferrer noopener\">Facebook<\/a>.<\/p>\n<p>Receba not\u00edcias do<strong> acidade on<\/strong> no WhatsApp. Para entrar no grupo, basta <a href=\"https:\/\/chat.whatsapp.com\/BjKQZ9oJwlz8VVT50NuePq\" target=\"_blank\" rel=\"noreferrer noopener\">clicar aqui<\/a>.<\/p>\n<p>Fa\u00e7a uma den\u00fancia ou sugira uma reportagem sobre Ribeir\u00e3o Preto e regi\u00e3o pelo WhatsApp: 16 99117 7802.<\/p>\n<p>VEJA TAMB\u00c9M<br \/>O que Giovanna Roque falou sobre MC Ryan?<\/p>\n<p><!-- CONTENT END 1 -->\n<\/div>\n<\/div>\n<p><script async src=\"\/\/www.instagram.com\/embed.js\"><\/script><br \/>\n<br \/><br \/>\n<br \/><a href=\"https:\/\/www.acidadeon.com\/ribeiraopreto\/lazer-e-cultura\/fotografo-de-ribeirao-preto-recebe-mencao-honrosa-em-festival-internacional\/\">Source link <\/a><\/p>\n","protected":false},"excerpt":{"rendered":"<p>O fot\u00f3grafo Max Cardoso, de Ribeir\u00e3o Preto, conquistou men\u00e7\u00e3o honrosa no Festival Internacional de Fotografia Bras\u00edlia Photo Show 2024 com a obra \u201cVoar\u201d, na \u00faltima&#8230;<\/p>\n","protected":false},"author":1,"featured_media":69924,"comment_status":"open","ping_status":"open","sticky":false,"template":"","format":"standard","meta":{"advanced_seo_description":"","jetpack_seo_html_title":"","jetpack_seo_noindex":false,"jetpack_post_was_ever_published":false,"_jetpack_newsletter_access":"","_jetpack_dont_email_post_to_subs":false,"_jetpack_newsletter_tier_id":0,"_jetpack_memberships_contains_paywalled_content":false,"_jetpack_memberships_contains_paid_content":false,"footnotes":"","jetpack_publicize_message":"","jetpack_publicize_feature_enabled":true,"jetpack_social_post_already_shared":true,"jetpack_social_options":{"image_generator_settings":{"template":"highway","default_image_id":0,"font":"","enabled":false},"version":2}},"categories":[11],"tags":[],"class_list":["post-69923","post","type-post","status-publish","format-standard","has-post-thumbnail","hentry","category-noticias-de-ribeirao-preto-sp-e-regiao-ismael-colosi"],"jetpack_publicize_connections":[],"jetpack_featured_media_url":"https:\/\/i0.wp.com\/noticiasribeiraopreto.com.br\/wp-content\/uploads\/2025\/05\/Copia-de-Copia-de-Copia-de-TAMANHO-EXATO-PARA-FOTOS-NO-SISTEMA-NOVO-66_2025-05-10_17-35-59.webp.webp?fit=1200%2C675&ssl=1","jetpack-related-posts":[{"id":45719,"url":"https:\/\/noticiasribeiraopreto.com.br\/index.php\/2024\/04\/05\/inscricoes-para-o-2o-circuito-internacional-brasileiro-de-fotografia-termina-dia-8-de-abril\/","url_meta":{"origin":69923,"position":0},"title":"Inscri\u00e7\u00f5es para o Circuito Internacional Brasileiro de Fotografia termina dia 8","author":"noticiasribeiraopreto.com.br","date":"5 de April de 2024","format":false,"excerpt":"Os Amigos da Fotografia de Ribeir\u00e3o Preto informam que as inscri\u00e7\u00f5es para a participa\u00e7\u00e3o de fot\u00f3grafos no 2\u00ba Circuito Internacional Fotogr\u00e1fico Brasileiro est\u00e3o abertas at\u00e9 o dia 8 de abril.\u00a0 A iniciativa tem apoio da Confedera\u00e7\u00e3o Brasileira de Fotografia (CONFOTO), da International Association of Art Photographers (IAAP), da Federa\u00e7\u00e3o Internacional\u2026","rel":"","context":"In &quot;Not\u00edcias de Ribeir\u00e3o Preto-SP e Regi\u00e3o&quot;","block_context":{"text":"Not\u00edcias de Ribeir\u00e3o Preto-SP e Regi\u00e3o","link":"https:\/\/noticiasribeiraopreto.com.br\/index.php\/category\/noticias-de-ribeirao-preto-sp-e-regiao-ismael-colosi\/"},"img":{"alt_text":"","src":"","width":0,"height":0},"classes":[]},{"id":70189,"url":"https:\/\/noticiasribeiraopreto.com.br\/index.php\/2025\/05\/23\/morre-sebastiao-salgado-um-dos-maiores-fotografos-do-mundo-aos-81-anos\/","url_meta":{"origin":69923,"position":1},"title":"Morre Sebasti\u00e3o Salgado, um dos maiores fot\u00f3grafos do mundo, aos 81 anos","author":"noticiasribeiraopreto.com.br","date":"23 de May de 2025","format":false,"excerpt":"Sebasti\u00e3o Salgado, um dos maiores nomes da fotografia mundial, morreu na Fran\u00e7a, aos 81 anos. A informa\u00e7\u00e3o foi confirmada pelo Instituto Terra, fundado pelo fot\u00f3grafo e sua esposa, L\u00e9lia Wanick. Reconhecido internacionalmente por seu trabalho, Salgado ficou marcado pelo registro de seres humanos vivendo em condi\u00e7\u00f5es sub-humanas. Seu trabalho denunciou\u2026","rel":"","context":"In &quot;Not\u00edcias de Ribeir\u00e3o Preto-SP e Regi\u00e3o&quot;","block_context":{"text":"Not\u00edcias de Ribeir\u00e3o Preto-SP e Regi\u00e3o","link":"https:\/\/noticiasribeiraopreto.com.br\/index.php\/category\/noticias-de-ribeirao-preto-sp-e-regiao-ismael-colosi\/"},"img":{"alt_text":"","src":"https:\/\/i0.wp.com\/noticiasribeiraopreto.com.br\/wp-content\/uploads\/2025\/05\/sebastiao-salgado-em-cena-do-documentario-o-sal-da-terra-de-wim-wenders-e-juliano-ribeiro-salgado-1560875436225_v2_900x506.jpg?fit=900%2C506&ssl=1&resize=350%2C200","width":350,"height":200,"srcset":"https:\/\/i0.wp.com\/noticiasribeiraopreto.com.br\/wp-content\/uploads\/2025\/05\/sebastiao-salgado-em-cena-do-documentario-o-sal-da-terra-de-wim-wenders-e-juliano-ribeiro-salgado-1560875436225_v2_900x506.jpg?fit=900%2C506&ssl=1&resize=350%2C200 1x, https:\/\/i0.wp.com\/noticiasribeiraopreto.com.br\/wp-content\/uploads\/2025\/05\/sebastiao-salgado-em-cena-do-documentario-o-sal-da-terra-de-wim-wenders-e-juliano-ribeiro-salgado-1560875436225_v2_900x506.jpg?fit=900%2C506&ssl=1&resize=525%2C300 1.5x, https:\/\/i0.wp.com\/noticiasribeiraopreto.com.br\/wp-content\/uploads\/2025\/05\/sebastiao-salgado-em-cena-do-documentario-o-sal-da-terra-de-wim-wenders-e-juliano-ribeiro-salgado-1560875436225_v2_900x506.jpg?fit=900%2C506&ssl=1&resize=700%2C400 2x"},"classes":[]},{"id":72485,"url":"https:\/\/noticiasribeiraopreto.com.br\/index.php\/2025\/06\/17\/morre-o-fotografo-osmar-cardes\/","url_meta":{"origin":69923,"position":2},"title":"Morre o fot\u00f3grafo Osmar Cardes","author":"noticiasribeiraopreto.com.br","date":"17 de June de 2025","format":false,"excerpt":"Profissional recebeu pr\u00eamio Vladmir Herzog por cobertura do Levante de Guariba, em 1984 17 de junho de 2025 17:583 Compartilhar1 Por: Adalberto Luque Morreu no final da tarde desta ter\u00e7a-feira o fot\u00f3grafo Osmar Cardes. Nascido em Pontal, ele passou pelos principais jornais de Ribeir\u00e3o Preto nas d\u00e9cadas de 1970 e\u2026","rel":"","context":"In &quot;Not\u00edcias de Ribeir\u00e3o Preto-SP e Regi\u00e3o&quot;","block_context":{"text":"Not\u00edcias de Ribeir\u00e3o Preto-SP e Regi\u00e3o","link":"https:\/\/noticiasribeiraopreto.com.br\/index.php\/category\/noticias-de-ribeirao-preto-sp-e-regiao-ismael-colosi\/"},"img":{"alt_text":"","src":"https:\/\/i0.wp.com\/noticiasribeiraopreto.com.br\/wp-content\/uploads\/2025\/06\/FOTO-02-Osmar-Cardes-Foto-Redes-Sociais-Facebook-scaled.jpg?fit=500%2C500&ssl=1&resize=350%2C200","width":350,"height":200},"classes":[]},{"id":69124,"url":"https:\/\/noticiasribeiraopreto.com.br\/index.php\/2025\/05\/02\/jornal-da-franca-goret-chagas-recebe-mencao-honrosa-em-salao-de-belas-artes-no-clube-naval-do-rio\/","url_meta":{"origin":69923,"position":3},"title":"Jornal da Franca &#8211; Goret Chagas recebe Men\u00e7\u00e3o Honrosa em Sal\u00e3o de Belas Artes no Clube Naval do Rio","author":"noticiasribeiraopreto.com.br","date":"2 de May de 2025","format":false,"excerpt":"compartilhar no whatsapp compartilhar no telegram compartilhar no facebook compartilhar no linkedin Goret Chagas recebeu, dentre 124 obras bel\u00edssimas , a premia\u00e7\u00e3o: Men\u00e7\u00e3o Honrosa no 53\u00b0 Sal\u00e3o de Belas Artes do Clube Naval do Rio de Janeiro A artista pl\u00e1stica Maria Goret Chagas continua acumulando premia\u00e7\u00f5es e reconhecimentos em todas\u2026","rel":"","context":"In &quot;Not\u00edcias de Franca-SP&quot;","block_context":{"text":"Not\u00edcias de Franca-SP","link":"https:\/\/noticiasribeiraopreto.com.br\/index.php\/category\/noticias-de-ribeirao-preto-sp-e-regiao-ismael-colosi\/noticias-franca-sp\/"},"img":{"alt_text":"","src":"https:\/\/i0.wp.com\/noticiasribeiraopreto.com.br\/wp-content\/uploads\/2025\/05\/fb6bf113-77fc-4a4a-8fea-a5fe44a07361.jpg?fit=1170%2C780&ssl=1&resize=350%2C200","width":350,"height":200,"srcset":"https:\/\/i0.wp.com\/noticiasribeiraopreto.com.br\/wp-content\/uploads\/2025\/05\/fb6bf113-77fc-4a4a-8fea-a5fe44a07361.jpg?fit=1170%2C780&ssl=1&resize=350%2C200 1x, https:\/\/i0.wp.com\/noticiasribeiraopreto.com.br\/wp-content\/uploads\/2025\/05\/fb6bf113-77fc-4a4a-8fea-a5fe44a07361.jpg?fit=1170%2C780&ssl=1&resize=525%2C300 1.5x, https:\/\/i0.wp.com\/noticiasribeiraopreto.com.br\/wp-content\/uploads\/2025\/05\/fb6bf113-77fc-4a4a-8fea-a5fe44a07361.jpg?fit=1170%2C780&ssl=1&resize=700%2C400 2x, https:\/\/i0.wp.com\/noticiasribeiraopreto.com.br\/wp-content\/uploads\/2025\/05\/fb6bf113-77fc-4a4a-8fea-a5fe44a07361.jpg?fit=1170%2C780&ssl=1&resize=1050%2C600 3x"},"classes":[]},{"id":72513,"url":"https:\/\/noticiasribeiraopreto.com.br\/index.php\/2025\/06\/17\/morre-fotografo-osmar-cardes-aos-88-anos\/","url_meta":{"origin":69923,"position":4},"title":"Morre fot\u00f3grafo Osmar Cardes, aos 88 anos","author":"noticiasribeiraopreto.com.br","date":"17 de June de 2025","format":false,"excerpt":"O fot\u00f3grafo Osmar Cardes morreu no final da tarde desta ter\u00e7a-feira (17), aos 88 anos. Nascido em Pontal, Cardes atuou nos principais jornais de Ribeir\u00e3o Preto nas d\u00e9cadas de 1970 e 1980. Em 1984, Cardes recebeu o Pr\u00eamio Vladimir Herzog de Fotojornalismo, por uma imagem feita durante a cobertura do\u2026","rel":"","context":"In &quot;Not\u00edcias de Ribeir\u00e3o Preto-SP e Regi\u00e3o&quot;","block_context":{"text":"Not\u00edcias de Ribeir\u00e3o Preto-SP e Regi\u00e3o","link":"https:\/\/noticiasribeiraopreto.com.br\/index.php\/category\/noticias-de-ribeirao-preto-sp-e-regiao-ismael-colosi\/"},"img":{"alt_text":"","src":"https:\/\/i0.wp.com\/noticiasribeiraopreto.com.br\/wp-content\/uploads\/2025\/06\/Copia-de-Copia-de-Copia-de-TAMANHO-EXATO-PARA-FOTOS-NO-SISTEMA-NOVO-2025-06-17T194821.462_2025-06-17_22-48-34.webp.webp?fit=1200%2C675&ssl=1&resize=350%2C200","width":350,"height":200,"srcset":"https:\/\/i0.wp.com\/noticiasribeiraopreto.com.br\/wp-content\/uploads\/2025\/06\/Copia-de-Copia-de-Copia-de-TAMANHO-EXATO-PARA-FOTOS-NO-SISTEMA-NOVO-2025-06-17T194821.462_2025-06-17_22-48-34.webp.webp?fit=1200%2C675&ssl=1&resize=350%2C200 1x, https:\/\/i0.wp.com\/noticiasribeiraopreto.com.br\/wp-content\/uploads\/2025\/06\/Copia-de-Copia-de-Copia-de-TAMANHO-EXATO-PARA-FOTOS-NO-SISTEMA-NOVO-2025-06-17T194821.462_2025-06-17_22-48-34.webp.webp?fit=1200%2C675&ssl=1&resize=525%2C300 1.5x, https:\/\/i0.wp.com\/noticiasribeiraopreto.com.br\/wp-content\/uploads\/2025\/06\/Copia-de-Copia-de-Copia-de-TAMANHO-EXATO-PARA-FOTOS-NO-SISTEMA-NOVO-2025-06-17T194821.462_2025-06-17_22-48-34.webp.webp?fit=1200%2C675&ssl=1&resize=700%2C400 2x, https:\/\/i0.wp.com\/noticiasribeiraopreto.com.br\/wp-content\/uploads\/2025\/06\/Copia-de-Copia-de-Copia-de-TAMANHO-EXATO-PARA-FOTOS-NO-SISTEMA-NOVO-2025-06-17T194821.462_2025-06-17_22-48-34.webp.webp?fit=1200%2C675&ssl=1&resize=1050%2C600 3x"},"classes":[]},{"id":76581,"url":"https:\/\/noticiasribeiraopreto.com.br\/index.php\/2025\/09\/01\/ribeirao-preto-recebe-exposicao-fotografica-que-retrata-a-historia-da-cidade\/","url_meta":{"origin":69923,"position":5},"title":"Ribeir\u00e3o Preto recebe exposi\u00e7\u00e3o fotogr\u00e1fica que retrata a hist\u00f3ria da cidade","author":"noticiasribeiraopreto.com.br","date":"1 de September de 2025","format":false,"excerpt":"O Ribeir\u00e3o Shopping, na zona Sul de Ribeir\u00e3o Preto, recebe a partir desta ter\u00e7a-feira (2) uma exposi\u00e7\u00e3o que abre espa\u00e7o para a mem\u00f3ria e a cultura local. A mostra \u201cO Passado Manda Lembran\u00e7a\u201d, revela as transforma\u00e7\u00f5es de Ribeir\u00e3o Preto ao longo de quase um s\u00e9culo. Os visitantes podem acompanhar a\u2026","rel":"","context":"In &quot;Not\u00edcias de Ribeir\u00e3o Preto-SP e Regi\u00e3o&quot;","block_context":{"text":"Not\u00edcias de Ribeir\u00e3o Preto-SP e Regi\u00e3o","link":"https:\/\/noticiasribeiraopreto.com.br\/index.php\/category\/noticias-de-ribeirao-preto-sp-e-regiao-ismael-colosi\/"},"img":{"alt_text":"","src":"https:\/\/i0.wp.com\/noticiasribeiraopreto.com.br\/wp-content\/uploads\/2025\/09\/exposicao-theatro-pedro-ii_2025-09-01_16-03-30.webp.webp?fit=1200%2C791&ssl=1&resize=350%2C200","width":350,"height":200,"srcset":"https:\/\/i0.wp.com\/noticiasribeiraopreto.com.br\/wp-content\/uploads\/2025\/09\/exposicao-theatro-pedro-ii_2025-09-01_16-03-30.webp.webp?fit=1200%2C791&ssl=1&resize=350%2C200 1x, https:\/\/i0.wp.com\/noticiasribeiraopreto.com.br\/wp-content\/uploads\/2025\/09\/exposicao-theatro-pedro-ii_2025-09-01_16-03-30.webp.webp?fit=1200%2C791&ssl=1&resize=525%2C300 1.5x, https:\/\/i0.wp.com\/noticiasribeiraopreto.com.br\/wp-content\/uploads\/2025\/09\/exposicao-theatro-pedro-ii_2025-09-01_16-03-30.webp.webp?fit=1200%2C791&ssl=1&resize=700%2C400 2x, https:\/\/i0.wp.com\/noticiasribeiraopreto.com.br\/wp-content\/uploads\/2025\/09\/exposicao-theatro-pedro-ii_2025-09-01_16-03-30.webp.webp?fit=1200%2C791&ssl=1&resize=1050%2C600 3x"},"classes":[]}],"jetpack_sharing_enabled":true,"jetpack_shortlink":"https:\/\/wp.me\/peQAOb-ibN","_links":{"self":[{"href":"https:\/\/noticiasribeiraopreto.com.br\/index.php\/wp-json\/wp\/v2\/posts\/69923","targetHints":{"allow":["GET"]}}],"collection":[{"href":"https:\/\/noticiasribeiraopreto.com.br\/index.php\/wp-json\/wp\/v2\/posts"}],"about":[{"href":"https:\/\/noticiasribeiraopreto.com.br\/index.php\/wp-json\/wp\/v2\/types\/post"}],"author":[{"embeddable":true,"href":"https:\/\/noticiasribeiraopreto.com.br\/index.php\/wp-json\/wp\/v2\/users\/1"}],"replies":[{"embeddable":true,"href":"https:\/\/noticiasribeiraopreto.com.br\/index.php\/wp-json\/wp\/v2\/comments?post=69923"}],"version-history":[{"count":0,"href":"https:\/\/noticiasribeiraopreto.com.br\/index.php\/wp-json\/wp\/v2\/posts\/69923\/revisions"}],"wp:featuredmedia":[{"embeddable":true,"href":"https:\/\/noticiasribeiraopreto.com.br\/index.php\/wp-json\/wp\/v2\/media\/69924"}],"wp:attachment":[{"href":"https:\/\/noticiasribeiraopreto.com.br\/index.php\/wp-json\/wp\/v2\/media?parent=69923"}],"wp:term":[{"taxonomy":"category","embeddable":true,"href":"https:\/\/noticiasribeiraopreto.com.br\/index.php\/wp-json\/wp\/v2\/categories?post=69923"},{"taxonomy":"post_tag","embeddable":true,"href":"https:\/\/noticiasribeiraopreto.com.br\/index.php\/wp-json\/wp\/v2\/tags?post=69923"}],"curies":[{"name":"wp","href":"https:\/\/api.w.org\/{rel}","templated":true}]}}