{"id":69931,"date":"2025-05-21T14:14:02","date_gmt":"2025-05-21T17:14:02","guid":{"rendered":"https:\/\/noticiasribeiraopreto.com.br\/index.php\/2025\/05\/21\/operacao-no-aeroporto-iii-encontra-carro-suspeito-e-prensa-usada-no-trafico-de-drogas\/"},"modified":"2025-05-21T14:14:02","modified_gmt":"2025-05-21T17:14:02","slug":"operacao-no-aeroporto-iii-encontra-carro-suspeito-e-prensa-usada-no-trafico-de-drogas","status":"publish","type":"post","link":"https:\/\/noticiasribeiraopreto.com.br\/index.php\/2025\/05\/21\/operacao-no-aeroporto-iii-encontra-carro-suspeito-e-prensa-usada-no-trafico-de-drogas\/","title":{"rendered":"Opera\u00e7\u00e3o no Aeroporto III encontra carro suspeito e prensa usada no tr\u00e1fico de drogas"},"content":{"rendered":"<p> <br \/>\n<\/p>\n<div>\n<p>Opera\u00e7\u00e3o da Dise de Franca (Delegacia de Investiga\u00e7\u00f5es sobre Entorpecentes), com apoio da DIG de Franca (Delegacia de Investiga\u00e7\u00f5es Gerais), realizada no Aeroporto III apreendeu uma prensa hidr\u00e1ulica suspeita de ser utilizada para o tr\u00e1fico de drogas e um ve\u00edculo Nivus, que pertencia a um homem que faleceu em abril e teria sido dado em \u201cpagamento\u201d para um investigado da Pol\u00edcia Civil.<\/p>\n<p>As a\u00e7\u00f5es foram para cumprir mandados de busca e apreens\u00e3o em dois endere\u00e7os do Aeroporto III ap\u00f3s investiga\u00e7\u00f5es anteriores para identificar local de esconderijo de drogas. A prensa estava no segundo endere\u00e7o vistoriado , bem como o carro. Essa casa aparentava estar fazia. O Nivus, um modelo novo, est\u00e1 com atrasado de IPVA e um financiamento em aberto.<\/p>\n<p>O suposto propriet\u00e1rio do carro sofria de asma grave e era usu\u00e1rio de drogas e faleceu ap\u00f3s complica\u00e7\u00f5es da doen\u00e7a, no final de abril.<\/p>\n<p>Aos investigadores, um homem de 35 anos que tem liga\u00e7\u00e3o com os endere\u00e7os afirmou que o carro teria sido dado a ele para pagamento de uma d\u00edvida. Esse caso ainda vai ser apurado.<\/p>\n<p>Como a prensa encontrada \u00e9 um equipamento que pode ser utilizado para fabrica\u00e7\u00e3o de blocos de drogas, o investigado acabou preso em flagrante. Inqu\u00e9rito vai ser conduzido para aprofundar o caso. O homem de 35 anos tem passagens policiais por tr\u00e1fico de drogas.<\/p>\n<p><!-- CONTENT END 1 --><\/p><\/div>\n<p><br \/>\n<br \/><a href=\"https:\/\/www.f3noticias.com.br\/operacao-no-aeroporto-iii-encontra-carro-suspeito-e-prensa-usada-no-trafico-de-drogas\/\">Source link <\/a><\/p>\n","protected":false},"excerpt":{"rendered":"<p>Opera\u00e7\u00e3o da Dise de Franca (Delegacia de Investiga\u00e7\u00f5es sobre Entorpecentes), com apoio da DIG de Franca (Delegacia de Investiga\u00e7\u00f5es Gerais), realizada no Aeroporto III apreendeu&#8230;<\/p>\n","protected":false},"author":1,"featured_media":69932,"comment_status":"open","ping_status":"open","sticky":false,"template":"","format":"standard","meta":{"advanced_seo_description":"","jetpack_seo_html_title":"","jetpack_seo_noindex":false,"jetpack_post_was_ever_published":false,"_jetpack_newsletter_access":"","_jetpack_dont_email_post_to_subs":false,"_jetpack_newsletter_tier_id":0,"_jetpack_memberships_contains_paywalled_content":false,"_jetpack_memberships_contains_paid_content":false,"footnotes":"","jetpack_publicize_message":"","jetpack_publicize_feature_enabled":true,"jetpack_social_post_already_shared":true,"jetpack_social_options":{"image_generator_settings":{"template":"highway","default_image_id":0,"font":"","enabled":false},"version":2}},"categories":[3597],"tags":[],"class_list":["post-69931","post","type-post","status-publish","format-standard","has-post-thumbnail","hentry","category-noticias-franca-sp"],"jetpack_publicize_connections":[],"jetpack_featured_media_url":"https:\/\/i0.wp.com\/noticiasribeiraopreto.com.br\/wp-content\/uploads\/2025\/05\/operacao-dise-franca.png?fit=700%2C514&ssl=1","jetpack-related-posts":[{"id":69033,"url":"https:\/\/noticiasribeiraopreto.com.br\/index.php\/2025\/05\/01\/dono-de-adega-em-franca-e-preso-em-operacao-da-policia-civil-no-leporace\/","url_meta":{"origin":69931,"position":0},"title":"Dono de adega em Franca \u00e9 preso em opera\u00e7\u00e3o da Pol\u00edcia Civil no Leporace","author":"noticiasribeiraopreto.com.br","date":"1 de May de 2025","format":false,"excerpt":"A Dise de Franca (Delegacia de Investiga\u00e7\u00f5es sobre Entorpecentes) realizou opera\u00e7\u00e3o com apoio da DIG de Franca (Delegacia de Investiga\u00e7\u00f5es Gerais) e apreendeu 45 tijolos de maconha no Leporace. Um homem de 33 anos foi preso nessa opera\u00e7\u00e3o depois de uma persegui\u00e7\u00e3o policial pela avenida Abrah\u00e3o Brickmann. O investigado seria\u2026","rel":"","context":"In &quot;Not\u00edcias de Franca-SP&quot;","block_context":{"text":"Not\u00edcias de Franca-SP","link":"https:\/\/noticiasribeiraopreto.com.br\/index.php\/category\/noticias-de-ribeirao-preto-sp-e-regiao-ismael-colosi\/noticias-franca-sp\/"},"img":{"alt_text":"","src":"https:\/\/i0.wp.com\/noticiasribeiraopreto.com.br\/wp-content\/uploads\/2025\/05\/3de00f4d89b6d93d99b7231950a83fce.webp.webp?fit=1200%2C800&ssl=1&resize=350%2C200","width":350,"height":200,"srcset":"https:\/\/i0.wp.com\/noticiasribeiraopreto.com.br\/wp-content\/uploads\/2025\/05\/3de00f4d89b6d93d99b7231950a83fce.webp.webp?fit=1200%2C800&ssl=1&resize=350%2C200 1x, https:\/\/i0.wp.com\/noticiasribeiraopreto.com.br\/wp-content\/uploads\/2025\/05\/3de00f4d89b6d93d99b7231950a83fce.webp.webp?fit=1200%2C800&ssl=1&resize=525%2C300 1.5x, https:\/\/i0.wp.com\/noticiasribeiraopreto.com.br\/wp-content\/uploads\/2025\/05\/3de00f4d89b6d93d99b7231950a83fce.webp.webp?fit=1200%2C800&ssl=1&resize=700%2C400 2x, https:\/\/i0.wp.com\/noticiasribeiraopreto.com.br\/wp-content\/uploads\/2025\/05\/3de00f4d89b6d93d99b7231950a83fce.webp.webp?fit=1200%2C800&ssl=1&resize=1050%2C600 3x"},"classes":[]},{"id":69594,"url":"https:\/\/noticiasribeiraopreto.com.br\/index.php\/2025\/05\/07\/os-11-bairros-de-franca-apontados-como-mais-problematicos-e-com-maior-sensacao-de-inseguranca\/","url_meta":{"origin":69931,"position":1},"title":"Os 11 bairros de Franca apontados como mais problem\u00e1ticos e com maior sensa\u00e7\u00e3o de inseguran\u00e7a","author":"noticiasribeiraopreto.com.br","date":"7 de May de 2025","format":false,"excerpt":"O F3 Not\u00edcias lan\u00e7ou uma enquete no canal Por Dentro da Not\u00edcia para ajudar a dar voz aos moradores de Franca sobre os medos e inseguran\u00e7as que est\u00e3o tendo na cidade. Al\u00e9m disso, as pessoas puderam indicar qual a lista de bairros que talvez apresentem mais problemas com a seguran\u00e7a\u2026","rel":"","context":"In &quot;Not\u00edcias de Franca-SP&quot;","block_context":{"text":"Not\u00edcias de Franca-SP","link":"https:\/\/noticiasribeiraopreto.com.br\/index.php\/category\/noticias-de-ribeirao-preto-sp-e-regiao-ismael-colosi\/noticias-franca-sp\/"},"img":{"alt_text":"","src":"https:\/\/i0.wp.com\/noticiasribeiraopreto.com.br\/wp-content\/uploads\/2025\/05\/Screenshot_20250507_110452_Instagram-1.jpg?fit=952%2C590&ssl=1&resize=350%2C200","width":350,"height":200,"srcset":"https:\/\/i0.wp.com\/noticiasribeiraopreto.com.br\/wp-content\/uploads\/2025\/05\/Screenshot_20250507_110452_Instagram-1.jpg?fit=952%2C590&ssl=1&resize=350%2C200 1x, https:\/\/i0.wp.com\/noticiasribeiraopreto.com.br\/wp-content\/uploads\/2025\/05\/Screenshot_20250507_110452_Instagram-1.jpg?fit=952%2C590&ssl=1&resize=525%2C300 1.5x, https:\/\/i0.wp.com\/noticiasribeiraopreto.com.br\/wp-content\/uploads\/2025\/05\/Screenshot_20250507_110452_Instagram-1.jpg?fit=952%2C590&ssl=1&resize=700%2C400 2x"},"classes":[]},{"id":42402,"url":"https:\/\/noticiasribeiraopreto.com.br\/index.php\/2024\/03\/14\/policia-prende-grupo-que-recrutava-menores-para-trafico-na-regiao\/","url_meta":{"origin":69931,"position":2},"title":"Pol\u00edcia prende grupo que recrutava menores para tr\u00e1fico na regi\u00e3o","author":"noticiasribeiraopreto.com.br","date":"14 de March de 2024","format":false,"excerpt":"Opera\u00e7\u00e3o envolveu Pol\u00edcia Civil, Militar e o Canil da Guarda Civil Metropolitana de Ribeir\u00e3o Preto 14 de mar\u00e7o de 2024 | 12:50 0Por: Adalberto LuqueUma for\u00e7a-tarefa resultou na pris\u00e3o de quatro pessoas suspeitas de recrutarem menores de idade para trabalhar no tr\u00e1fico de drogas. A opera\u00e7\u00e3o foi realizada nesta quarta-feira\u2026","rel":"","context":"In &quot;Not\u00edcias de Ribeir\u00e3o Preto-SP e Regi\u00e3o&quot;","block_context":{"text":"Not\u00edcias de Ribeir\u00e3o Preto-SP e Regi\u00e3o","link":"https:\/\/noticiasribeiraopreto.com.br\/index.php\/category\/noticias-de-ribeirao-preto-sp-e-regiao-ismael-colosi\/"},"img":{"alt_text":"","src":"https:\/\/i0.wp.com\/noticiasribeiraopreto.com.br\/wp-content\/uploads\/2024\/03\/00-14-mar-2024-operacao-serrana-01-foto-divulgacao-gcm-scaled.jpg?fit=861%2C645&ssl=1&resize=350%2C200","width":350,"height":200,"srcset":"https:\/\/i0.wp.com\/noticiasribeiraopreto.com.br\/wp-content\/uploads\/2024\/03\/00-14-mar-2024-operacao-serrana-01-foto-divulgacao-gcm-scaled.jpg?fit=861%2C645&ssl=1&resize=350%2C200 1x, https:\/\/i0.wp.com\/noticiasribeiraopreto.com.br\/wp-content\/uploads\/2024\/03\/00-14-mar-2024-operacao-serrana-01-foto-divulgacao-gcm-scaled.jpg?fit=861%2C645&ssl=1&resize=525%2C300 1.5x, https:\/\/i0.wp.com\/noticiasribeiraopreto.com.br\/wp-content\/uploads\/2024\/03\/00-14-mar-2024-operacao-serrana-01-foto-divulgacao-gcm-scaled.jpg?fit=861%2C645&ssl=1&resize=700%2C400 2x"},"classes":[]},{"id":66547,"url":"https:\/\/noticiasribeiraopreto.com.br\/index.php\/2025\/04\/02\/pf-descobre-grupo-criminoso-que-usa-enderecos-em-franca-para-importar-quimicos-usados-para-produzir-cocaina\/","url_meta":{"origin":69931,"position":3},"title":"PF descobre grupo criminoso que usa endere\u00e7os em Franca para importar qu\u00edmicos usados para produzir coca\u00edna","author":"noticiasribeiraopreto.com.br","date":"2 de April de 2025","format":false,"excerpt":"A Pol\u00edcia Federal (PF) deflagrou na manh\u00e3 de hoje (2\/4) a Opera\u00e7\u00e3o Outside, que tem por objetivo desarticular grupo criminoso organizado e estruturado para o tr\u00e1fico de drogas e desvio de produtos qu\u00edmicos utilizados na prepara\u00e7\u00e3o de drogas. Foram cumpridos 3 mandados de pris\u00e3o preventiva e 6 mandados de busca\u2026","rel":"","context":"In &quot;Not\u00edcias de Franca-SP&quot;","block_context":{"text":"Not\u00edcias de Franca-SP","link":"https:\/\/noticiasribeiraopreto.com.br\/index.php\/category\/noticias-de-ribeirao-preto-sp-e-regiao-ismael-colosi\/noticias-franca-sp\/"},"img":{"alt_text":"","src":"https:\/\/i0.wp.com\/noticiasribeiraopreto.com.br\/wp-content\/uploads\/2025\/04\/policia-federal-operacao-outside.jpeg?fit=768%2C576&ssl=1&resize=350%2C200","width":350,"height":200,"srcset":"https:\/\/i0.wp.com\/noticiasribeiraopreto.com.br\/wp-content\/uploads\/2025\/04\/policia-federal-operacao-outside.jpeg?fit=768%2C576&ssl=1&resize=350%2C200 1x, https:\/\/i0.wp.com\/noticiasribeiraopreto.com.br\/wp-content\/uploads\/2025\/04\/policia-federal-operacao-outside.jpeg?fit=768%2C576&ssl=1&resize=525%2C300 1.5x, https:\/\/i0.wp.com\/noticiasribeiraopreto.com.br\/wp-content\/uploads\/2025\/04\/policia-federal-operacao-outside.jpeg?fit=768%2C576&ssl=1&resize=700%2C400 2x"},"classes":[]},{"id":77145,"url":"https:\/\/noticiasribeiraopreto.com.br\/index.php\/2025\/09\/12\/fim-dos-tempos-e-preso-na-zona-norte\/","url_meta":{"origin":69931,"position":4},"title":"\u201cFim dos Tempos\u201d \u00e9 preso na zona Norte","author":"noticiasribeiraopreto.com.br","date":"12 de September de 2025","format":false,"excerpt":"Homem era investigado por suspeita de ser l\u00edder de fac\u00e7\u00e3o criminosa e comercializar grande quantidade de drogas 12 de setembro de 2025 10:515 Compartilhar1 Por: Adalberto Luque Dois homens foram presos, nesta quinta-feira (11), por envolvimento com o tr\u00e1fico de drogas. As pris\u00f5es ocorreram no Jardim Aeroporto, zona Norte de\u2026","rel":"","context":"In &quot;Not\u00edcias de Ribeir\u00e3o Preto-SP e Regi\u00e3o&quot;","block_context":{"text":"Not\u00edcias de Ribeir\u00e3o Preto-SP e Regi\u00e3o","link":"https:\/\/noticiasribeiraopreto.com.br\/index.php\/category\/noticias-de-ribeirao-preto-sp-e-regiao-ismael-colosi\/"},"img":{"alt_text":"","src":"https:\/\/i0.wp.com\/noticiasribeiraopreto.com.br\/wp-content\/uploads\/2025\/09\/12-set-2025-drogasjdaeroporto3.jpg?fit=862%2C491&ssl=1&resize=350%2C200","width":350,"height":200,"srcset":"https:\/\/i0.wp.com\/noticiasribeiraopreto.com.br\/wp-content\/uploads\/2025\/09\/12-set-2025-drogasjdaeroporto3.jpg?fit=862%2C491&ssl=1&resize=350%2C200 1x, https:\/\/i0.wp.com\/noticiasribeiraopreto.com.br\/wp-content\/uploads\/2025\/09\/12-set-2025-drogasjdaeroporto3.jpg?fit=862%2C491&ssl=1&resize=525%2C300 1.5x, https:\/\/i0.wp.com\/noticiasribeiraopreto.com.br\/wp-content\/uploads\/2025\/09\/12-set-2025-drogasjdaeroporto3.jpg?fit=862%2C491&ssl=1&resize=700%2C400 2x"},"classes":[]},{"id":32047,"url":"https:\/\/noticiasribeiraopreto.com.br\/index.php\/2024\/01\/24\/policia-prende-um-dos-grandes-do-trafico-em-rp\/","url_meta":{"origin":69931,"position":5},"title":"Pol\u00edcia prende um dos grandes do tr\u00e1fico em RP","author":"noticiasribeiraopreto.com.br","date":"24 de January de 2024","format":false,"excerpt":"Homem foi detido com comparsa durante a\u00e7\u00e3o onde centenas de pinos de coca\u00edna e tijolos de maconha foram apreendidos 23 de janeiro de 2024 | 15:4823 de janeiro de 2024 | 17:24 2Por: Adalberto LuqueDois homens foram presos, na manh\u00e3 desta ter\u00e7a-feira (23), ap\u00f3s uma opera\u00e7\u00e3o realizada pela Delegacia de\u2026","rel":"","context":"In &quot;Not\u00edcias de Ribeir\u00e3o Preto-SP e Regi\u00e3o&quot;","block_context":{"text":"Not\u00edcias de Ribeir\u00e3o Preto-SP e Regi\u00e3o","link":"https:\/\/noticiasribeiraopreto.com.br\/index.php\/category\/noticias-de-ribeirao-preto-sp-e-regiao-ismael-colosi\/"},"img":{"alt_text":"","src":"https:\/\/i0.wp.com\/noticiasribeiraopreto.com.br\/wp-content\/uploads\/2024\/01\/00-23-jan-2024-prisao-dise-01-foto-divulgacao.jpg?fit=756%2C422&ssl=1&resize=350%2C200","width":350,"height":200,"srcset":"https:\/\/i0.wp.com\/noticiasribeiraopreto.com.br\/wp-content\/uploads\/2024\/01\/00-23-jan-2024-prisao-dise-01-foto-divulgacao.jpg?fit=756%2C422&ssl=1&resize=350%2C200 1x, https:\/\/i0.wp.com\/noticiasribeiraopreto.com.br\/wp-content\/uploads\/2024\/01\/00-23-jan-2024-prisao-dise-01-foto-divulgacao.jpg?fit=756%2C422&ssl=1&resize=525%2C300 1.5x, https:\/\/i0.wp.com\/noticiasribeiraopreto.com.br\/wp-content\/uploads\/2024\/01\/00-23-jan-2024-prisao-dise-01-foto-divulgacao.jpg?fit=756%2C422&ssl=1&resize=700%2C400 2x"},"classes":[]}],"jetpack_sharing_enabled":true,"jetpack_shortlink":"https:\/\/wp.me\/peQAOb-ibV","_links":{"self":[{"href":"https:\/\/noticiasribeiraopreto.com.br\/index.php\/wp-json\/wp\/v2\/posts\/69931","targetHints":{"allow":["GET"]}}],"collection":[{"href":"https:\/\/noticiasribeiraopreto.com.br\/index.php\/wp-json\/wp\/v2\/posts"}],"about":[{"href":"https:\/\/noticiasribeiraopreto.com.br\/index.php\/wp-json\/wp\/v2\/types\/post"}],"author":[{"embeddable":true,"href":"https:\/\/noticiasribeiraopreto.com.br\/index.php\/wp-json\/wp\/v2\/users\/1"}],"replies":[{"embeddable":true,"href":"https:\/\/noticiasribeiraopreto.com.br\/index.php\/wp-json\/wp\/v2\/comments?post=69931"}],"version-history":[{"count":0,"href":"https:\/\/noticiasribeiraopreto.com.br\/index.php\/wp-json\/wp\/v2\/posts\/69931\/revisions"}],"wp:featuredmedia":[{"embeddable":true,"href":"https:\/\/noticiasribeiraopreto.com.br\/index.php\/wp-json\/wp\/v2\/media\/69932"}],"wp:attachment":[{"href":"https:\/\/noticiasribeiraopreto.com.br\/index.php\/wp-json\/wp\/v2\/media?parent=69931"}],"wp:term":[{"taxonomy":"category","embeddable":true,"href":"https:\/\/noticiasribeiraopreto.com.br\/index.php\/wp-json\/wp\/v2\/categories?post=69931"},{"taxonomy":"post_tag","embeddable":true,"href":"https:\/\/noticiasribeiraopreto.com.br\/index.php\/wp-json\/wp\/v2\/tags?post=69931"}],"curies":[{"name":"wp","href":"https:\/\/api.w.org\/{rel}","templated":true}]}}