{"id":69937,"date":"2025-05-21T14:27:12","date_gmt":"2025-05-21T17:27:12","guid":{"rendered":"https:\/\/noticiasribeiraopreto.com.br\/index.php\/2025\/05\/21\/motociclista-morto-em-acidente-na-zona-norte-de-ribeirao-preto-e-identificado\/"},"modified":"2025-05-21T14:27:12","modified_gmt":"2025-05-21T17:27:12","slug":"motociclista-morto-em-acidente-na-zona-norte-de-ribeirao-preto-e-identificado","status":"publish","type":"post","link":"https:\/\/noticiasribeiraopreto.com.br\/index.php\/2025\/05\/21\/motociclista-morto-em-acidente-na-zona-norte-de-ribeirao-preto-e-identificado\/","title":{"rendered":"Motociclista morto em acidente na zona Norte de Ribeir\u00e3o Preto \u00e9 identificado"},"content":{"rendered":"<p> <br \/>\n<\/p>\n<div data-td-block-uid=\"tdi_95\">\n<div class=\"tdb-block-inner td-fix-index\">\n<p><strong>A Pol\u00edcia Civil identificou o motociclista que morreu no in\u00edcio da noite desta ter\u00e7a-feira (20), ap\u00f3s bater em um poste no Jardim Heitor Rigon, zona Norte de Ribeir\u00e3o Preto.<\/strong><\/p>\n<p>Segundo o <strong>boletim de ocorr\u00eancia (BO)<\/strong>, <strong>Evanildo Batista da Cunha<\/strong> foi <strong>socorrido <\/strong>e encaminhado para a <strong>UPA Norte<\/strong>, mas n\u00e3o resistiu.<\/p>\n<p>Consta no registro que ele perdeu o controle da dire\u00e7\u00e3o moto na rua rua Carlos C\u00e9sar Tonelo, enquanto fazia a ultrapassagem de um carro Jeep Compass pela direita, o que \u00e9 proibido pelo C\u00f3digo de Tr\u00e2nsito Brasileiro (CTB). Pela legisla\u00e7\u00e3o, a \u00fanica exce\u00e7\u00e3o \u00e9 quando o ve\u00edculo da frente sinaliza a inten\u00e7\u00e3o de virar \u00e0 esquerda e est\u00e1 na faixa apropriada para essa manobra.<\/p>\n<p>O carro era conduzido por um comerciante de 65 anos. Ainda de acordo com o BO, n\u00e3o foram encontrados danos no autom\u00f3vel que indicassem uma eventual colis\u00e3o entre os ve\u00edculos.<\/p>\n<p>As causas, contudo, dever\u00e3o ser investigadas pela Pol\u00edcia Civil.<\/p>\n<p>O caso foi registrado na CPJ (Central de Pol\u00edcia Judici\u00e1ria) Permanente como homic\u00eddio culposo (sem inten\u00e7\u00e3o) na dire\u00e7\u00e3o de ve\u00edculo automotor.<\/p>\n<p>SAIBA MAIS<\/p>\n<p>Caminhonete de luxo furtada na zona Sul de Ribeir\u00e3o Preto \u00e9 achada em canavial<\/p>\n<h2 class=\"wp-block-heading\"><strong>FIQUE ON<\/strong><\/h2>\n<p>Fique ligado em tudo que acontece em Ribeir\u00e3o Preto e regi\u00e3o. Siga os perfis do\u00a0<strong>acidade on<\/strong>\u00a0no\u00a0<a href=\"https:\/\/www.instagram.com\/acidadeonribeirao\">Instagram<\/a>\u00a0e no\u00a0<a href=\"https:\/\/www.facebook.com\/acidadeonribeirao\/\">Facebook<\/a>.<\/p>\n<p>Receba not\u00edcias do\u00a0<strong>acidade on<\/strong>\u00a0no WhatsApp.\u00a0<a href=\"https:\/\/chat.whatsapp.com\/BjKQZ9oJwlz8VVT50NuePq\">Para entrar no grupo, basta clicar aqui.<\/a><\/p>\n<p>Fa\u00e7a uma den\u00fancia ou sugira uma reportagem sobre Ribeir\u00e3o Preto e regi\u00e3o pelo WhatsApp: 16 99117 7802.<\/p>\n<p>VEJA TAMB\u00c9M<\/p>\n<p>Quais os nomes mais escolhidos pelos brasileiros em 2024?<\/p>\n<p><!-- CONTENT END 1 -->\n<\/div>\n<\/div>\n<p><script async src=\"\/\/www.instagram.com\/embed.js\"><\/script><br \/>\n<br \/><br \/>\n<br \/><a href=\"https:\/\/www.acidadeon.com\/ribeiraopreto\/cotidiano\/motociclista-morto-em-acidente-na-zona-norte-de-ribeirao-preto-e-identificado\/\">Source link <\/a><\/p>\n","protected":false},"excerpt":{"rendered":"<p>A Pol\u00edcia Civil identificou o motociclista que morreu no in\u00edcio da noite desta ter\u00e7a-feira (20), ap\u00f3s bater em um poste no Jardim Heitor Rigon, zona&#8230;<\/p>\n","protected":false},"author":1,"featured_media":69938,"comment_status":"open","ping_status":"open","sticky":false,"template":"","format":"standard","meta":{"advanced_seo_description":"","jetpack_seo_html_title":"","jetpack_seo_noindex":false,"jetpack_post_was_ever_published":false,"_jetpack_newsletter_access":"","_jetpack_dont_email_post_to_subs":false,"_jetpack_newsletter_tier_id":0,"_jetpack_memberships_contains_paywalled_content":false,"_jetpack_memberships_contains_paid_content":false,"footnotes":"","jetpack_publicize_message":"","jetpack_publicize_feature_enabled":true,"jetpack_social_post_already_shared":true,"jetpack_social_options":{"image_generator_settings":{"template":"highway","default_image_id":0,"font":"","enabled":false},"version":2}},"categories":[11],"tags":[],"class_list":["post-69937","post","type-post","status-publish","format-standard","has-post-thumbnail","hentry","category-noticias-de-ribeirao-preto-sp-e-regiao-ismael-colosi"],"jetpack_publicize_connections":[],"jetpack_featured_media_url":"https:\/\/i0.wp.com\/noticiasribeiraopreto.com.br\/wp-content\/uploads\/2025\/05\/re_2025-05-20_22-04-22.webp.webp?fit=1192%2C476&ssl=1","jetpack-related-posts":[{"id":60358,"url":"https:\/\/noticiasribeiraopreto.com.br\/index.php\/2024\/11\/12\/policia-civil-investiga-novo-caso-de-briga-e-tiro-no-transito-de-ribeirao-preto\/","url_meta":{"origin":69937,"position":0},"title":"Pol\u00edcia Civil investiga novo caso de briga e tiro no tr\u00e2nsito de Ribeir\u00e3o Preto","author":"noticiasribeiraopreto.com.br","date":"12 de November de 2024","format":false,"excerpt":"A Pol\u00edcia Civil investiga um segundo caso de briga no tr\u00e2nsito com disparo de arma de fogo ocorrido nesta segunda-feira (11), em Ribeir\u00e3o Preto. Este novo caso ocorreu por volta das 15h30, na regi\u00e3o central da cidade, e envolve um carro de entregas blindado. Na primeira ocorr\u00eancia, na zona Norte,\u2026","rel":"","context":"In &quot;Not\u00edcias de Ribeir\u00e3o Preto-SP e Regi\u00e3o&quot;","block_context":{"text":"Not\u00edcias de Ribeir\u00e3o Preto-SP e Regi\u00e3o","link":"https:\/\/noticiasribeiraopreto.com.br\/index.php\/category\/noticias-de-ribeirao-preto-sp-e-regiao-ismael-colosi\/"},"img":{"alt_text":"","src":"https:\/\/i0.wp.com\/noticiasribeiraopreto.com.br\/wp-content\/uploads\/2024\/11\/1731417134_cpj_policia_1200x675_30012022162443.jpg?fit=1200%2C675&ssl=1&resize=350%2C200","width":350,"height":200,"srcset":"https:\/\/i0.wp.com\/noticiasribeiraopreto.com.br\/wp-content\/uploads\/2024\/11\/1731417134_cpj_policia_1200x675_30012022162443.jpg?fit=1200%2C675&ssl=1&resize=350%2C200 1x, https:\/\/i0.wp.com\/noticiasribeiraopreto.com.br\/wp-content\/uploads\/2024\/11\/1731417134_cpj_policia_1200x675_30012022162443.jpg?fit=1200%2C675&ssl=1&resize=525%2C300 1.5x, https:\/\/i0.wp.com\/noticiasribeiraopreto.com.br\/wp-content\/uploads\/2024\/11\/1731417134_cpj_policia_1200x675_30012022162443.jpg?fit=1200%2C675&ssl=1&resize=700%2C400 2x, https:\/\/i0.wp.com\/noticiasribeiraopreto.com.br\/wp-content\/uploads\/2024\/11\/1731417134_cpj_policia_1200x675_30012022162443.jpg?fit=1200%2C675&ssl=1&resize=1050%2C600 3x"},"classes":[]},{"id":59709,"url":"https:\/\/noticiasribeiraopreto.com.br\/index.php\/2024\/10\/29\/motociclista-fica-ferido-apos-batida-entre-moto-e-carro-na-zona-norte-de-ribeirao\/","url_meta":{"origin":69937,"position":1},"title":"Motociclista fica ferido ap\u00f3s batida entre moto e carro na zona Norte de Ribeir\u00e3o","author":"noticiasribeiraopreto.com.br","date":"29 de October de 2024","format":false,"excerpt":"Um motociclista foi socorrido na manh\u00e3 desta ter\u00e7a-feira (29), depois de se envolver em uma batida entre moto e carro no bairro Ipiranga, zona Norte de Ribeir\u00e3o Preto. A colis\u00e3o ocorreu no cruzamento das ruas General C\u00e2mara e Rio Verde. Com o impacto, a moto foi parar na cal\u00e7ada de\u2026","rel":"","context":"In &quot;Not\u00edcias de Ribeir\u00e3o Preto-SP e Regi\u00e3o&quot;","block_context":{"text":"Not\u00edcias de Ribeir\u00e3o Preto-SP e Regi\u00e3o","link":"https:\/\/noticiasribeiraopreto.com.br\/index.php\/category\/noticias-de-ribeirao-preto-sp-e-regiao-ismael-colosi\/"},"img":{"alt_text":"","src":"https:\/\/i0.wp.com\/noticiasribeiraopreto.com.br\/wp-content\/uploads\/2024\/10\/MOTO_2024-10-29_11-46-00_jpg_2024-10-29_11-46-00.webp.webp?fit=1200%2C670&ssl=1&resize=350%2C200","width":350,"height":200,"srcset":"https:\/\/i0.wp.com\/noticiasribeiraopreto.com.br\/wp-content\/uploads\/2024\/10\/MOTO_2024-10-29_11-46-00_jpg_2024-10-29_11-46-00.webp.webp?fit=1200%2C670&ssl=1&resize=350%2C200 1x, https:\/\/i0.wp.com\/noticiasribeiraopreto.com.br\/wp-content\/uploads\/2024\/10\/MOTO_2024-10-29_11-46-00_jpg_2024-10-29_11-46-00.webp.webp?fit=1200%2C670&ssl=1&resize=525%2C300 1.5x, https:\/\/i0.wp.com\/noticiasribeiraopreto.com.br\/wp-content\/uploads\/2024\/10\/MOTO_2024-10-29_11-46-00_jpg_2024-10-29_11-46-00.webp.webp?fit=1200%2C670&ssl=1&resize=700%2C400 2x, https:\/\/i0.wp.com\/noticiasribeiraopreto.com.br\/wp-content\/uploads\/2024\/10\/MOTO_2024-10-29_11-46-00_jpg_2024-10-29_11-46-00.webp.webp?fit=1200%2C670&ssl=1&resize=1050%2C600 3x"},"classes":[]},{"id":78110,"url":"https:\/\/noticiasribeiraopreto.com.br\/index.php\/2025\/10\/02\/motociclista-de-30-anos-morre-em-acidente-na-zona-norte-de-ribeirao-preto\/","url_meta":{"origin":69937,"position":2},"title":"Motociclista de 30 anos morre em acidente na zona Norte de Ribeir\u00e3o Preto","author":"noticiasribeiraopreto.com.br","date":"2 de October de 2025","format":false,"excerpt":"Um motociclista de 30 anos morreu na madrugada desta quinta (2), ao sofrer um acidente na rua Javari, no bairro Ipiranga, zona Norte de Ribeir\u00e3o Preto. Segundo o boletim de ocorr\u00eancia (BO), Afonso Oliveira Fernandes da Silva atingiu o port\u00e3o de uma casa com a moto e morreu ainda no\u2026","rel":"","context":"In &quot;Not\u00edcias de Ribeir\u00e3o Preto-SP e Regi\u00e3o&quot;","block_context":{"text":"Not\u00edcias de Ribeir\u00e3o Preto-SP e Regi\u00e3o","link":"https:\/\/noticiasribeiraopreto.com.br\/index.php\/category\/noticias-de-ribeirao-preto-sp-e-regiao-ismael-colosi\/"},"img":{"alt_text":"","src":"https:\/\/i0.wp.com\/noticiasribeiraopreto.com.br\/wp-content\/uploads\/2025\/10\/WhatsApp-Image-2025-10-02-at-07.59.19_2025-10-02_10-59-45.webp.webp?fit=1200%2C847&ssl=1&resize=350%2C200","width":350,"height":200,"srcset":"https:\/\/i0.wp.com\/noticiasribeiraopreto.com.br\/wp-content\/uploads\/2025\/10\/WhatsApp-Image-2025-10-02-at-07.59.19_2025-10-02_10-59-45.webp.webp?fit=1200%2C847&ssl=1&resize=350%2C200 1x, https:\/\/i0.wp.com\/noticiasribeiraopreto.com.br\/wp-content\/uploads\/2025\/10\/WhatsApp-Image-2025-10-02-at-07.59.19_2025-10-02_10-59-45.webp.webp?fit=1200%2C847&ssl=1&resize=525%2C300 1.5x, https:\/\/i0.wp.com\/noticiasribeiraopreto.com.br\/wp-content\/uploads\/2025\/10\/WhatsApp-Image-2025-10-02-at-07.59.19_2025-10-02_10-59-45.webp.webp?fit=1200%2C847&ssl=1&resize=700%2C400 2x, https:\/\/i0.wp.com\/noticiasribeiraopreto.com.br\/wp-content\/uploads\/2025\/10\/WhatsApp-Image-2025-10-02-at-07.59.19_2025-10-02_10-59-45.webp.webp?fit=1200%2C847&ssl=1&resize=1050%2C600 3x"},"classes":[]},{"id":69956,"url":"https:\/\/noticiasribeiraopreto.com.br\/index.php\/2025\/05\/21\/videos-motociclista-morre-apos-bater-em-poste-na-zona-norte\/","url_meta":{"origin":69937,"position":3},"title":"V\u00cdDEOS &#8211; Motociclista morre ap\u00f3s bater em poste na zona Norte","author":"noticiasribeiraopreto.com.br","date":"21 de May de 2025","format":false,"excerpt":"V\u00edtima chegou a ser socorrida, mas morreu enquanto era atendida 21 de maio de 2025 08:3021 de maio de 2025 08:4228 Compartilhar2 Por: Adalberto Luque Um moto-boy de 35 anos morreu, no in\u00edcio da noite desta ter\u00e7a-feira (20), ap\u00f3s sofrer um acidente de tr\u00e2nsito. Evanildo Batista da Cunha colidiu com\u2026","rel":"","context":"In &quot;Not\u00edcias de Ribeir\u00e3o Preto-SP e Regi\u00e3o&quot;","block_context":{"text":"Not\u00edcias de Ribeir\u00e3o Preto-SP e Regi\u00e3o","link":"https:\/\/noticiasribeiraopreto.com.br\/index.php\/category\/noticias-de-ribeirao-preto-sp-e-regiao-ismael-colosi\/"},"img":{"alt_text":"","src":"https:\/\/i0.wp.com\/noticiasribeiraopreto.com.br\/wp-content\/uploads\/2025\/05\/21-mai-2025-acidenterigon-scaled.jpg?fit=800%2C449&ssl=1&resize=350%2C200","width":350,"height":200,"srcset":"https:\/\/i0.wp.com\/noticiasribeiraopreto.com.br\/wp-content\/uploads\/2025\/05\/21-mai-2025-acidenterigon-scaled.jpg?fit=800%2C449&ssl=1&resize=350%2C200 1x, https:\/\/i0.wp.com\/noticiasribeiraopreto.com.br\/wp-content\/uploads\/2025\/05\/21-mai-2025-acidenterigon-scaled.jpg?fit=800%2C449&ssl=1&resize=525%2C300 1.5x, https:\/\/i0.wp.com\/noticiasribeiraopreto.com.br\/wp-content\/uploads\/2025\/05\/21-mai-2025-acidenterigon-scaled.jpg?fit=800%2C449&ssl=1&resize=700%2C400 2x"},"classes":[]},{"id":67639,"url":"https:\/\/noticiasribeiraopreto.com.br\/index.php\/2025\/04\/16\/dona-de-carro-atingido-por-motociclista-que-empinava-moto-estima-prejuizo-de-r-6-mil-em-ribeirao-preto\/","url_meta":{"origin":69937,"position":4},"title":"Dona de carro atingido por motociclista que empinava moto estima preju\u00edzo de R$ 6 mil em Ribeir\u00e3o Preto","author":"noticiasribeiraopreto.com.br","date":"16 de April de 2025","format":false,"excerpt":"A dona do carro atingido por uma moto que estava sendo empinada por um motociclista, em Ribeir\u00e3o Preto, calcula preju\u00edzo de aproximadamente R$ 6 mil. Assista ao v\u00eddeo abaixo. Ela disse que n\u00e3o tem seguro do ve\u00edculo, que estava estacionado nesta ter\u00e7a-feira (15), na rua Coronel Jos\u00e9 Pedro de Faria,\u2026","rel":"","context":"In &quot;Not\u00edcias de Ribeir\u00e3o Preto-SP e Regi\u00e3o&quot;","block_context":{"text":"Not\u00edcias de Ribeir\u00e3o Preto-SP e Regi\u00e3o","link":"https:\/\/noticiasribeiraopreto.com.br\/index.php\/category\/noticias-de-ribeirao-preto-sp-e-regiao-ismael-colosi\/"},"img":{"alt_text":"","src":"https:\/\/i0.wp.com\/noticiasribeiraopreto.com.br\/wp-content\/uploads\/2025\/04\/Copia-de-Copia-de-Copia-de-TAMANHO-EXATO-PARA-FOTOS-NO-SISTEMA-NOVO-2025-04-16T082850.473_2025-04-16_11-29-00_png_2025-04-16_11-29-00.webp.webp?fit=1200%2C675&ssl=1&resize=350%2C200","width":350,"height":200,"srcset":"https:\/\/i0.wp.com\/noticiasribeiraopreto.com.br\/wp-content\/uploads\/2025\/04\/Copia-de-Copia-de-Copia-de-TAMANHO-EXATO-PARA-FOTOS-NO-SISTEMA-NOVO-2025-04-16T082850.473_2025-04-16_11-29-00_png_2025-04-16_11-29-00.webp.webp?fit=1200%2C675&ssl=1&resize=350%2C200 1x, https:\/\/i0.wp.com\/noticiasribeiraopreto.com.br\/wp-content\/uploads\/2025\/04\/Copia-de-Copia-de-Copia-de-TAMANHO-EXATO-PARA-FOTOS-NO-SISTEMA-NOVO-2025-04-16T082850.473_2025-04-16_11-29-00_png_2025-04-16_11-29-00.webp.webp?fit=1200%2C675&ssl=1&resize=525%2C300 1.5x, https:\/\/i0.wp.com\/noticiasribeiraopreto.com.br\/wp-content\/uploads\/2025\/04\/Copia-de-Copia-de-Copia-de-TAMANHO-EXATO-PARA-FOTOS-NO-SISTEMA-NOVO-2025-04-16T082850.473_2025-04-16_11-29-00_png_2025-04-16_11-29-00.webp.webp?fit=1200%2C675&ssl=1&resize=700%2C400 2x, https:\/\/i0.wp.com\/noticiasribeiraopreto.com.br\/wp-content\/uploads\/2025\/04\/Copia-de-Copia-de-Copia-de-TAMANHO-EXATO-PARA-FOTOS-NO-SISTEMA-NOVO-2025-04-16T082850.473_2025-04-16_11-29-00_png_2025-04-16_11-29-00.webp.webp?fit=1200%2C675&ssl=1&resize=1050%2C600 3x"},"classes":[]},{"id":78101,"url":"https:\/\/noticiasribeiraopreto.com.br\/index.php\/2025\/10\/02\/video-motociclista-morre-na-zona-norte\/","url_meta":{"origin":69937,"position":5},"title":"V\u00cdDEO &#8211; Motociclista morre na zona Norte","author":"noticiasribeiraopreto.com.br","date":"2 de October de 2025","format":false,"excerpt":"Condutor seguiu direto contra poste e muro e corpo ficou preso pela cabe\u00e7a em port\u00e3o de resid\u00eancia 2 de outubro de 2025 10:172 de outubro de 2025 10:172 Compartilhar0 Por: Adalberto Luque Um motociclista morreu, na madrugada desta quinta-feira (2), ap\u00f3s colidir com sua moto contra um poste e um\u2026","rel":"","context":"In &quot;Not\u00edcias de Ribeir\u00e3o Preto-SP e Regi\u00e3o&quot;","block_context":{"text":"Not\u00edcias de Ribeir\u00e3o Preto-SP e Regi\u00e3o","link":"https:\/\/noticiasribeiraopreto.com.br\/index.php\/category\/noticias-de-ribeirao-preto-sp-e-regiao-ismael-colosi\/"},"img":{"alt_text":"","src":"https:\/\/i0.wp.com\/noticiasribeiraopreto.com.br\/wp-content\/uploads\/2025\/10\/02-out-2025-acidentejavari-scaled.jpg?fit=1200%2C683&ssl=1&resize=350%2C200","width":350,"height":200,"srcset":"https:\/\/i0.wp.com\/noticiasribeiraopreto.com.br\/wp-content\/uploads\/2025\/10\/02-out-2025-acidentejavari-scaled.jpg?fit=1200%2C683&ssl=1&resize=350%2C200 1x, https:\/\/i0.wp.com\/noticiasribeiraopreto.com.br\/wp-content\/uploads\/2025\/10\/02-out-2025-acidentejavari-scaled.jpg?fit=1200%2C683&ssl=1&resize=525%2C300 1.5x, https:\/\/i0.wp.com\/noticiasribeiraopreto.com.br\/wp-content\/uploads\/2025\/10\/02-out-2025-acidentejavari-scaled.jpg?fit=1200%2C683&ssl=1&resize=700%2C400 2x, https:\/\/i0.wp.com\/noticiasribeiraopreto.com.br\/wp-content\/uploads\/2025\/10\/02-out-2025-acidentejavari-scaled.jpg?fit=1200%2C683&ssl=1&resize=1050%2C600 3x"},"classes":[]}],"jetpack_sharing_enabled":true,"jetpack_shortlink":"https:\/\/wp.me\/peQAOb-ic1","_links":{"self":[{"href":"https:\/\/noticiasribeiraopreto.com.br\/index.php\/wp-json\/wp\/v2\/posts\/69937","targetHints":{"allow":["GET"]}}],"collection":[{"href":"https:\/\/noticiasribeiraopreto.com.br\/index.php\/wp-json\/wp\/v2\/posts"}],"about":[{"href":"https:\/\/noticiasribeiraopreto.com.br\/index.php\/wp-json\/wp\/v2\/types\/post"}],"author":[{"embeddable":true,"href":"https:\/\/noticiasribeiraopreto.com.br\/index.php\/wp-json\/wp\/v2\/users\/1"}],"replies":[{"embeddable":true,"href":"https:\/\/noticiasribeiraopreto.com.br\/index.php\/wp-json\/wp\/v2\/comments?post=69937"}],"version-history":[{"count":0,"href":"https:\/\/noticiasribeiraopreto.com.br\/index.php\/wp-json\/wp\/v2\/posts\/69937\/revisions"}],"wp:featuredmedia":[{"embeddable":true,"href":"https:\/\/noticiasribeiraopreto.com.br\/index.php\/wp-json\/wp\/v2\/media\/69938"}],"wp:attachment":[{"href":"https:\/\/noticiasribeiraopreto.com.br\/index.php\/wp-json\/wp\/v2\/media?parent=69937"}],"wp:term":[{"taxonomy":"category","embeddable":true,"href":"https:\/\/noticiasribeiraopreto.com.br\/index.php\/wp-json\/wp\/v2\/categories?post=69937"},{"taxonomy":"post_tag","embeddable":true,"href":"https:\/\/noticiasribeiraopreto.com.br\/index.php\/wp-json\/wp\/v2\/tags?post=69937"}],"curies":[{"name":"wp","href":"https:\/\/api.w.org\/{rel}","templated":true}]}}