{"id":69939,"date":"2025-05-21T14:35:31","date_gmt":"2025-05-21T17:35:31","guid":{"rendered":"https:\/\/noticiasribeiraopreto.com.br\/index.php\/2025\/05\/21\/reboque-se-solta-de-caminhao-e-desce-ladeira-na-regiao\/"},"modified":"2025-05-21T14:35:31","modified_gmt":"2025-05-21T17:35:31","slug":"reboque-se-solta-de-caminhao-e-desce-ladeira-na-regiao","status":"publish","type":"post","link":"https:\/\/noticiasribeiraopreto.com.br\/index.php\/2025\/05\/21\/reboque-se-solta-de-caminhao-e-desce-ladeira-na-regiao\/","title":{"rendered":"Reboque se solta de caminh\u00e3o e desce ladeira na regi\u00e3o"},"content":{"rendered":"<div class='code-block code-block-1' style='margin: 8px 0 8px auto; text-align: right; display: block; clear: both;'>\n<p><a href=\"https:\/\/wa.link\/vpicfd\"><img data-recalc-dims=\"1\" class=\"wp-image-4922\" style=\"aspect-ratio: 2.0253164556962027; width: 561px; height: auto;\" src=\"https:\/\/i0.wp.com\/ismaelcolosi.com.br\/wp-content\/uploads\/2023\/11\/grupo-de-empregos-whatsapp-e-facebook-ismael-colosi-vagas.jpg?ssl=1\" alt=\"\" \/><\/a><\/p>\n<!-- \/wp:image -->\n<\/div>\n<p> <br \/>\n<\/p>\n<div id=\"post-426410\">\n<header class=\"entry-header penci-entry-header penci-title-center\">\n<h2 class=\"penci-post-subtitle\">Apesar do grande susto, a parte que se soltou da carreta n\u00e3o atingiu nenhum ve\u00edculo<\/h2>\n<p>\n\t\t\t\t\t\t\t\t\t<span class=\"entry-meta-item penci-posted-on\"><i class=\"fa fa-clock-o\"\/><time class=\"entry-date published\" datetime=\"2025-05-21T12:07:08-03:00\">21 de maio de 2025 12:07<\/time><time class=\"updated\" datetime=\"2025-05-21T12:07:29-03:00\">21 de maio de 2025 12:07<\/time><\/span><span class=\"entry-meta-item penci-post-countview\"><span class=\"entry-meta-item penci-post-countview penci_post-meta_item\"><i class=\"fa fa-eye\"\/><span class=\"penci-post-countview-number penci-post-countview-p426410\">34<\/span><\/span><\/span>\t\t\t\t\t\t\t\t<\/p>\n<p><!-- .entry-meta --><br \/>\n\t\t\t\t\t\t\t\t<span class=\"penci-social-buttons penci-social-share-footer\"><span class=\"penci-social-share-text\">Compartilhar<\/span><a href=\"#\" class=\"penci-post-like penci_post-meta_item  single-like-button penci-social-item like\" data-post_id=\"426410\" title=\"Like\" data-like=\"Like\" data-unlike=\"Unlike\"><i class=\"fa fa-thumbs-o-up\"\/><span class=\"penci-share-number\">4<\/span><\/a><i class=\"fa fa-facebook\"\/><a class=\"penci-social-item twitter\" target=\"_blank\" rel=\"noopener\" title=\"\" href=\"https:\/\/twitter.com\/intent\/tweet?text=Reboque%20se%20solta%20de%20caminh\u00e3o%20e%20desce%20ladeira%20na%20regi\u00e3o%20-%20https:\/\/www.tribunaribeirao.com.br\/reboque-se-solta-de-caminhao-e-desce-ladeira-na-regiao\/\"><i class=\"fa fa-twitter\"\/><\/a><i class=\"fa fa-linkedin\"\/><i class=\"fa fa-whatsapp\"\/><i class=\"fa fa-telegram\"\/><i class=\"fa fa-envelope\"\/><\/span>\t\t\t\t\t\t\t<\/header>\n<p><!-- .entry-header --><\/p>\n<div class=\"entry-media penci-entry-media\">\n<p><iframe loading=\"lazy\" title=\"carreta reboque 1\" width=\"500\" height=\"281\" src=\"https:\/\/www.youtube.com\/embed\/ZlYVBGPZisI?feature=oembed\" frameborder=\"0\" allow=\"accelerometer; autoplay; clipboard-write; encrypted-media; gyroscope; picture-in-picture; web-share\" referrerpolicy=\"strict-origin-when-cross-origin\" allowfullscreen><\/iframe><\/p>\n<\/p><\/div>\n<div class=\"penci-entry-content entry-content\">\n<p>Por: Adalberto Luque<\/p>\n<p>Um reboque de uma carreta bitrem se soltou, na segunda-feira (19), enquanto o ve\u00edculo subia uma ladeira. O caso ocorreu na avenida Jos\u00e9 de Paulo Eduardo, Monte Alto, regi\u00e3o metropolitana de Ribeir\u00e3o Preto.<\/p>\n<p><iframe loading=\"lazy\" title=\"carreta reboque 2\" width=\"500\" height=\"375\" src=\"https:\/\/www.youtube.com\/embed\/u6FWJABcBoU?feature=oembed\" frameborder=\"0\" allow=\"accelerometer; autoplay; clipboard-write; encrypted-media; gyroscope; picture-in-picture; web-share\" referrerpolicy=\"strict-origin-when-cross-origin\" allowfullscreen><\/iframe><\/p>\n<p>C\u00e2meras de seguran\u00e7a registraram as imagens daquilo que poderia ter sido uma trag\u00e9dia. Uma carreta bitrem desce a avenida, acessa uma rotat\u00f3ria e volta pela mesma via, uma pequena subida.<\/p>\n<p>Ao passar por uma lombada, a parte de tr\u00e1s do reboque se solta da carreta. O motorista percebeu e parou o caminh\u00e3o, mas n\u00e3o conseguiu evitar que o ve\u00edculo suplementar da carreta continuasse descendo ladeira abaixo.<\/p>\n<figure id=\"attachment_426412\" aria-describedby=\"caption-attachment-426412\" style=\"width: 716px\" class=\"wp-caption alignnone\"><img data-recalc-dims=\"1\" loading=\"lazy\" decoding=\"async\" class=\" wp-image-426412\" src=\"https:\/\/i0.wp.com\/www.tribunaribeirao.com.br\/wp-content\/uploads\/2025\/05\/21-mai-2025-reboquecarreta2-scaled.jpg?resize=716%2C567&#038;ssl=1\" alt=\"\" width=\"716\" height=\"567\" srcset=\"https:\/\/www.tribunaribeirao.com.br\/wp-content\/uploads\/2025\/05\/21-mai-2025-reboquecarreta2-scaled.jpg 631w, https:\/\/www.tribunaribeirao.com.br\/wp-content\/uploads\/2025\/05\/21-mai-2025-reboquecarreta2-300x238.jpg 300w, https:\/\/www.tribunaribeirao.com.br\/wp-content\/uploads\/2025\/05\/21-mai-2025-reboquecarreta2-1024x811.jpg 1024w, https:\/\/www.tribunaribeirao.com.br\/wp-content\/uploads\/2025\/05\/21-mai-2025-reboquecarreta2-768x609.jpg 768w, https:\/\/www.tribunaribeirao.com.br\/wp-content\/uploads\/2025\/05\/21-mai-2025-reboquecarreta2-960x761.jpg 960w, https:\/\/www.tribunaribeirao.com.br\/wp-content\/uploads\/2025\/05\/21-mai-2025-reboquecarreta2-505x400.jpg 505w, https:\/\/www.tribunaribeirao.com.br\/wp-content\/uploads\/2025\/05\/21-mai-2025-reboquecarreta2-585x464.jpg 585w\" sizes=\"auto, (max-width: 716px) 100vw, 716px\"\/><figcaption id=\"caption-attachment-426412\" class=\"wp-caption-text\">Por pouco reboque n\u00e3o atingiu carro (Foto e v\u00eddeos: Not\u00edcias Ribeir\u00e3o Preto\/Facebook)<\/figcaption><\/figure>\n<p>Sem perceber, v\u00e1rios motoristas cruzaram a rua. O reboque acabou n\u00e3o atingindo nenhum ve\u00edculo. N\u00e3o houve danos materiais, nem feridos. Foi registrado um Boletim de Ocorr\u00eancia (B.O.) para apurar as responsabilidades do acidente.<\/p>\n<p>__________<\/p>\n<p>Jornal Tribuna Ribeir\u00e3o<br \/>Um Jornal com a cara de Ribeir\u00e3o!<\/p>\n<p>Impresso | WEB | Redes sociais<br \/>Tribuna Ribeir\u00e3o \u2013 Fone: (16) 3632-2200 \u2013 Whatsapp: (16) 98161-8743<br \/>Av. Bar\u00e3o do Bananal, 880 \u2013 Jardim Anhanguera, Ribeir\u00e3o Preto<\/p>\n<p>@tribunaribeirao<br \/>@meiaderibeirao<br \/>@dinoderibeirao<br \/>#TribunaRibeir\u00e3o<br \/>#News<br \/>#Not\u00edcia<br \/>#Ribeir\u00e3oPreto #Not\u00edciasDeRibeir\u00e3oPreto<br \/>#ClassificadosTribunaRibeir\u00e3o<br \/>#Jornalismo<br \/>#ClassificadosRibeir\u00e3o<\/p>\n<\/div>\n<p><!-- .entry-content --><\/p>\n<footer class=\"penci-entry-footer\">\n\t\t\t\t\t\t\t\t<span class=\"penci-social-buttons penci-social-share-footer\"><span class=\"penci-social-share-text\">Compartilhar<\/span><a href=\"#\" class=\"penci-post-like penci_post-meta_item  single-like-button penci-social-item like\" data-post_id=\"426410\" title=\"Like\" data-like=\"Like\" data-unlike=\"Unlike\"><i class=\"fa fa-thumbs-o-up\"\/><span class=\"penci-share-number\">4<\/span><\/a><i class=\"fa fa-facebook\"\/><a class=\"penci-social-item twitter\" target=\"_blank\" rel=\"noopener\" title=\"\" href=\"https:\/\/twitter.com\/intent\/tweet?text=Reboque%20se%20solta%20de%20caminh\u00e3o%20e%20desce%20ladeira%20na%20regi\u00e3o%20-%20https:\/\/www.tribunaribeirao.com.br\/reboque-se-solta-de-caminhao-e-desce-ladeira-na-regiao\/\"><i class=\"fa fa-twitter\"\/><\/a><i class=\"fa fa-linkedin\"\/><i class=\"fa fa-whatsapp\"\/><i class=\"fa fa-telegram\"\/><i class=\"fa fa-envelope\"\/><\/span>\t\t\t\t\t\t\t<\/footer>\n<p><!-- .entry-footer -->\n\t\t\t\t\t\t<\/div>\n<p><script async src=\"\/\/platform.twitter.com\/widgets.js\" charset=\"utf-8\"><\/script><br \/>\n<br \/><br \/>\n<br \/><a href=\"https:\/\/www.tribunaribeirao.com.br\/reboque-se-solta-de-caminhao-e-desce-ladeira-na-regiao\/\">Source link <\/a><\/p>\n<!-- CONTENT END 1 -->\n","protected":false},"excerpt":{"rendered":"<p>Apesar do grande susto, a parte que se soltou da carreta n\u00e3o atingiu nenhum ve\u00edculo 21 de maio de 2025 12:0721 de maio de 2025&#8230;<\/p>\n","protected":false},"author":1,"featured_media":69941,"comment_status":"open","ping_status":"open","sticky":false,"template":"","format":"standard","meta":{"advanced_seo_description":"","jetpack_seo_html_title":"","jetpack_seo_noindex":false,"jetpack_post_was_ever_published":false,"_jetpack_newsletter_access":"","_jetpack_dont_email_post_to_subs":false,"_jetpack_newsletter_tier_id":0,"_jetpack_memberships_contains_paywalled_content":false,"_jetpack_memberships_contains_paid_content":false,"footnotes":"","jetpack_publicize_message":"","jetpack_publicize_feature_enabled":true,"jetpack_social_post_already_shared":true,"jetpack_social_options":{"image_generator_settings":{"template":"highway","default_image_id":0,"font":"","enabled":false},"version":2}},"categories":[11],"tags":[],"class_list":["post-69939","post","type-post","status-publish","format-standard","has-post-thumbnail","hentry","category-noticias-de-ribeirao-preto-sp-e-regiao-ismael-colosi"],"jetpack_publicize_connections":[],"jetpack_featured_media_url":"https:\/\/i0.wp.com\/noticiasribeiraopreto.com.br\/wp-content\/uploads\/2025\/05\/21-mai-2025-reboquecarreta-scaled.jpg?fit=800%2C454&ssl=1","jetpack-related-posts":[{"id":82804,"url":"https:\/\/noticiasribeiraopreto.com.br\/index.php\/2026\/02\/27\/quer-se-qualificar-ribeirao-preto-abre-600-vagas-em-cursos-gratuitos\/","url_meta":{"origin":69939,"position":0},"title":"Quer se qualificar? Ribeir\u00e3o Preto abre 600 vagas em cursos gratuitos","author":"noticiasribeiraopreto.com.br","date":"27 de February de 2026","format":false,"excerpt":"Ribeir\u00e3o Preto passa a contar com 600 vagas em cursos gratuitos de qualifica\u00e7\u00e3o profissional promovidos pelo iBEE (Instituto Brasileiro do Emprego e Empreendedorismo), em parceria com o Governo do Estado de S\u00e3o Paulo e a Etec Jos\u00e9 Martimiano da Silva. Ao final das aulas, os alunos recebem certificado e podem\u2026","rel":"","context":"In &quot;Not\u00edcias de Ribeir\u00e3o Preto-SP e Regi\u00e3o&quot;","block_context":{"text":"Not\u00edcias de Ribeir\u00e3o Preto-SP e Regi\u00e3o","link":"https:\/\/noticiasribeiraopreto.com.br\/index.php\/category\/noticias-de-ribeirao-preto-sp-e-regiao-ismael-colosi\/"},"img":{"alt_text":"","src":"https:\/\/i0.wp.com\/noticiasribeiraopreto.com.br\/wp-content\/uploads\/2026\/02\/curso-programacao_2026-02-09_14-25-03.webp.webp?fit=1200%2C800&ssl=1&resize=350%2C200","width":350,"height":200,"srcset":"https:\/\/i0.wp.com\/noticiasribeiraopreto.com.br\/wp-content\/uploads\/2026\/02\/curso-programacao_2026-02-09_14-25-03.webp.webp?fit=1200%2C800&ssl=1&resize=350%2C200 1x, https:\/\/i0.wp.com\/noticiasribeiraopreto.com.br\/wp-content\/uploads\/2026\/02\/curso-programacao_2026-02-09_14-25-03.webp.webp?fit=1200%2C800&ssl=1&resize=525%2C300 1.5x, https:\/\/i0.wp.com\/noticiasribeiraopreto.com.br\/wp-content\/uploads\/2026\/02\/curso-programacao_2026-02-09_14-25-03.webp.webp?fit=1200%2C800&ssl=1&resize=700%2C400 2x, https:\/\/i0.wp.com\/noticiasribeiraopreto.com.br\/wp-content\/uploads\/2026\/02\/curso-programacao_2026-02-09_14-25-03.webp.webp?fit=1200%2C800&ssl=1&resize=1050%2C600 3x"},"classes":[]},{"id":67740,"url":"https:\/\/noticiasribeiraopreto.com.br\/index.php\/2025\/04\/17\/hc-de-ribeirao-abre-inscricoes-para-curso-gratuito-de-cuidador-de-idosos-saiba-como-se-inscrever\/","url_meta":{"origin":69939,"position":1},"title":"HC de Ribeir\u00e3o abre inscri\u00e7\u00f5es para curso gratuito de cuidador de idosos; Saiba como se inscrever","author":"noticiasribeiraopreto.com.br","date":"17 de April de 2025","format":false,"excerpt":"Est\u00e1 em busca de qualifica\u00e7\u00e3o profissional? O HC (Hospital das Cl\u00ednicas) de Ribeir\u00e3o Preto publicou o comunicado de abertura de inscri\u00e7\u00e3o para o curso gratuito de cuidador da pessoa idosa. >>>FIQUE POR DENTRO: Feriad\u00e3o tem alerta da Defesa Civil para temporais, raios e ventos fortes O processo seletivo tem como\u2026","rel":"","context":"In &quot;Not\u00edcias de Ribeir\u00e3o Preto-SP e Regi\u00e3o&quot;","block_context":{"text":"Not\u00edcias de Ribeir\u00e3o Preto-SP e Regi\u00e3o","link":"https:\/\/noticiasribeiraopreto.com.br\/index.php\/category\/noticias-de-ribeirao-preto-sp-e-regiao-ismael-colosi\/"},"img":{"alt_text":"","src":"https:\/\/i0.wp.com\/noticiasribeiraopreto.com.br\/wp-content\/uploads\/2024\/09\/hc-ribeirao-preto_2024-09-19_13-13-53_jpg_2024-09-19_13-13-53.webp.webp?fit=1200%2C863&ssl=1&resize=350%2C200","width":350,"height":200,"srcset":"https:\/\/i0.wp.com\/noticiasribeiraopreto.com.br\/wp-content\/uploads\/2024\/09\/hc-ribeirao-preto_2024-09-19_13-13-53_jpg_2024-09-19_13-13-53.webp.webp?fit=1200%2C863&ssl=1&resize=350%2C200 1x, https:\/\/i0.wp.com\/noticiasribeiraopreto.com.br\/wp-content\/uploads\/2024\/09\/hc-ribeirao-preto_2024-09-19_13-13-53_jpg_2024-09-19_13-13-53.webp.webp?fit=1200%2C863&ssl=1&resize=525%2C300 1.5x, https:\/\/i0.wp.com\/noticiasribeiraopreto.com.br\/wp-content\/uploads\/2024\/09\/hc-ribeirao-preto_2024-09-19_13-13-53_jpg_2024-09-19_13-13-53.webp.webp?fit=1200%2C863&ssl=1&resize=700%2C400 2x, https:\/\/i0.wp.com\/noticiasribeiraopreto.com.br\/wp-content\/uploads\/2024\/09\/hc-ribeirao-preto_2024-09-19_13-13-53_jpg_2024-09-19_13-13-53.webp.webp?fit=1200%2C863&ssl=1&resize=1050%2C600 3x"},"classes":[]},{"id":68932,"url":"https:\/\/noticiasribeiraopreto.com.br\/index.php\/2025\/04\/30\/frente-fria-e-queda-da-temperatura-em-maio-veja-previsao-para-o-mes-no-estado-de-sp\/","url_meta":{"origin":69939,"position":2},"title":"Frente fria e queda da temperatura em maio? Veja previs\u00e3o para o m\u00eas no estado de SP","author":"noticiasribeiraopreto.com.br","date":"30 de April de 2025","format":false,"excerpt":"O m\u00eas de maio come\u00e7a nesta quinta-feira (1), feriado do Dia do Trabalho, e a meteorologia divulgou a previs\u00e3o clim\u00e1tica para o per\u00edodo. A Climatempo diz que em maio de 2025 n\u00e3o haver\u00e1 a influ\u00eancia de fen\u00f4menos como El Ni\u00f1o e La Ni\u00f1a, pois ser\u00e1 de neutralidade t\u00e9rmica no Oceano\u2026","rel":"","context":"In &quot;Not\u00edcias de Ribeir\u00e3o Preto-SP e Regi\u00e3o&quot;","block_context":{"text":"Not\u00edcias de Ribeir\u00e3o Preto-SP e Regi\u00e3o","link":"https:\/\/noticiasribeiraopreto.com.br\/index.php\/category\/noticias-de-ribeirao-preto-sp-e-regiao-ismael-colosi\/"},"img":{"alt_text":"","src":"https:\/\/i0.wp.com\/noticiasribeiraopreto.com.br\/wp-content\/uploads\/2025\/04\/ceu_nublado_e_tempo_frio_em_campinas_cxdigo_19_166036-scaled.jpg?fit=1200%2C800&ssl=1&resize=350%2C200","width":350,"height":200,"srcset":"https:\/\/i0.wp.com\/noticiasribeiraopreto.com.br\/wp-content\/uploads\/2025\/04\/ceu_nublado_e_tempo_frio_em_campinas_cxdigo_19_166036-scaled.jpg?fit=1200%2C800&ssl=1&resize=350%2C200 1x, https:\/\/i0.wp.com\/noticiasribeiraopreto.com.br\/wp-content\/uploads\/2025\/04\/ceu_nublado_e_tempo_frio_em_campinas_cxdigo_19_166036-scaled.jpg?fit=1200%2C800&ssl=1&resize=525%2C300 1.5x, https:\/\/i0.wp.com\/noticiasribeiraopreto.com.br\/wp-content\/uploads\/2025\/04\/ceu_nublado_e_tempo_frio_em_campinas_cxdigo_19_166036-scaled.jpg?fit=1200%2C800&ssl=1&resize=700%2C400 2x, https:\/\/i0.wp.com\/noticiasribeiraopreto.com.br\/wp-content\/uploads\/2025\/04\/ceu_nublado_e_tempo_frio_em_campinas_cxdigo_19_166036-scaled.jpg?fit=1200%2C800&ssl=1&resize=1050%2C600 3x"},"classes":[]},{"id":50715,"url":"https:\/\/noticiasribeiraopreto.com.br\/index.php\/2024\/05\/18\/hemocentro-de-ribeirao-abre-processo-seletivo-com-salarios-de-ate-r-37-mil\/","url_meta":{"origin":69939,"position":3},"title":"Hemocentro de Ribeir\u00e3o abre processo seletivo com sal\u00e1rios de at\u00e9 R$ 3,7 mil","author":"noticiasribeiraopreto.com.br","date":"18 de May de 2024","format":false,"excerpt":"O Hemocentro de Ribeir\u00e3o Preto abriu novo processo seletivo com quatro vagas de n\u00edvel m\u00e9dio, t\u00e9cnico e superior. Os sal\u00e1rios para os cargos dispon\u00edveis variam entre R$ 1,7 mil e R$ 3,7 mil. Veja as vagas \u00a0 Edital 13\/2024 1 vaga para assistente social Jr-IA. Requisitos: ensino superior completo em\u2026","rel":"","context":"In &quot;Not\u00edcias de Ribeir\u00e3o Preto-SP e Regi\u00e3o&quot;","block_context":{"text":"Not\u00edcias de Ribeir\u00e3o Preto-SP e Regi\u00e3o","link":"https:\/\/noticiasribeiraopreto.com.br\/index.php\/category\/noticias-de-ribeirao-preto-sp-e-regiao-ismael-colosi\/"},"img":{"alt_text":"","src":"https:\/\/i0.wp.com\/noticiasribeiraopreto.com.br\/wp-content\/uploads\/2024\/05\/1716047315_Capturar-1.jpg?fit=950%2C628&ssl=1&resize=350%2C200","width":350,"height":200,"srcset":"https:\/\/i0.wp.com\/noticiasribeiraopreto.com.br\/wp-content\/uploads\/2024\/05\/1716047315_Capturar-1.jpg?fit=950%2C628&ssl=1&resize=350%2C200 1x, https:\/\/i0.wp.com\/noticiasribeiraopreto.com.br\/wp-content\/uploads\/2024\/05\/1716047315_Capturar-1.jpg?fit=950%2C628&ssl=1&resize=525%2C300 1.5x, https:\/\/i0.wp.com\/noticiasribeiraopreto.com.br\/wp-content\/uploads\/2024\/05\/1716047315_Capturar-1.jpg?fit=950%2C628&ssl=1&resize=700%2C400 2x"},"classes":[]},{"id":59041,"url":"https:\/\/noticiasribeiraopreto.com.br\/index.php\/2024\/10\/12\/saiba-quando-comecam-as-multas-em-novos-corredores-de-onibus-de-ribeirao-preto\/","url_meta":{"origin":69939,"position":4},"title":"Saiba quando come\u00e7am as multas em novos corredores de \u00f4nibus de Ribeir\u00e3o Preto","author":"noticiasribeiraopreto.com.br","date":"12 de October de 2024","format":false,"excerpt":"Os novos corredores de \u00f4nibus das avenidas Castelo Branco e Treze de Maio, em Ribeir\u00e3o Preto, foram inaugurados na \u00faltima quinta-feira (10). Segundo a RP Mobi, as faixas dos corredores de \u00f4nibus s\u00e3o preferenciais, com proibi\u00e7\u00e3o para estacionamento ao longo do percurso. Segundo a empresa respons\u00e1vel pelo gerenciamento do tr\u00e2nsito,\u2026","rel":"","context":"In &quot;Not\u00edcias de Ribeir\u00e3o Preto-SP e Regi\u00e3o&quot;","block_context":{"text":"Not\u00edcias de Ribeir\u00e3o Preto-SP e Regi\u00e3o","link":"https:\/\/noticiasribeiraopreto.com.br\/index.php\/category\/noticias-de-ribeirao-preto-sp-e-regiao-ismael-colosi\/"},"img":{"alt_text":"","src":"https:\/\/i0.wp.com\/noticiasribeiraopreto.com.br\/wp-content\/uploads\/2024\/10\/corredor-de-onibus-2_2024-10-12_16-43-31_jpg_2024-10-12_16-43-32.webp.webp?fit=901%2C697&ssl=1&resize=350%2C200","width":350,"height":200,"srcset":"https:\/\/i0.wp.com\/noticiasribeiraopreto.com.br\/wp-content\/uploads\/2024\/10\/corredor-de-onibus-2_2024-10-12_16-43-31_jpg_2024-10-12_16-43-32.webp.webp?fit=901%2C697&ssl=1&resize=350%2C200 1x, https:\/\/i0.wp.com\/noticiasribeiraopreto.com.br\/wp-content\/uploads\/2024\/10\/corredor-de-onibus-2_2024-10-12_16-43-31_jpg_2024-10-12_16-43-32.webp.webp?fit=901%2C697&ssl=1&resize=525%2C300 1.5x, https:\/\/i0.wp.com\/noticiasribeiraopreto.com.br\/wp-content\/uploads\/2024\/10\/corredor-de-onibus-2_2024-10-12_16-43-31_jpg_2024-10-12_16-43-32.webp.webp?fit=901%2C697&ssl=1&resize=700%2C400 2x"},"classes":[]},{"id":69381,"url":"https:\/\/noticiasribeiraopreto.com.br\/index.php\/2025\/05\/05\/cia-minaz-apresenta-opera-do-malandro-no-theatro-pedro-ii\/","url_meta":{"origin":69939,"position":5},"title":"Cia. Minaz apresenta &#8216;\u00d3pera do Malandro&#8217; no Theatro Pedro II","author":"noticiasribeiraopreto.com.br","date":"5 de May de 2025","format":false,"excerpt":"A Cia. Minaz apresenta nos dias 17 e 18 de maio, no Theatro Pedro II, em Ribeir\u00e3o Preto, a \u201c\u00d3pera do Malandro\u201d, de Chico Buarque. A apresenta\u00e7\u00e3o integra a programa\u00e7\u00e3o de comemora\u00e7\u00e3o aos 35 anos da Cia. O enredo conta com um malandro sedutor, cafet\u00e3o, que vive de golpes, uma\u2026","rel":"","context":"In &quot;Not\u00edcias de Ribeir\u00e3o Preto-SP e Regi\u00e3o&quot;","block_context":{"text":"Not\u00edcias de Ribeir\u00e3o Preto-SP e Regi\u00e3o","link":"https:\/\/noticiasribeiraopreto.com.br\/index.php\/category\/noticias-de-ribeirao-preto-sp-e-regiao-ismael-colosi\/"},"img":{"alt_text":"","src":"https:\/\/i0.wp.com\/noticiasribeiraopreto.com.br\/wp-content\/uploads\/2025\/05\/Opera-do-Malandro_divulgacao_2025-05-05_15-34-09.webp.webp?fit=1200%2C800&ssl=1&resize=350%2C200","width":350,"height":200,"srcset":"https:\/\/i0.wp.com\/noticiasribeiraopreto.com.br\/wp-content\/uploads\/2025\/05\/Opera-do-Malandro_divulgacao_2025-05-05_15-34-09.webp.webp?fit=1200%2C800&ssl=1&resize=350%2C200 1x, https:\/\/i0.wp.com\/noticiasribeiraopreto.com.br\/wp-content\/uploads\/2025\/05\/Opera-do-Malandro_divulgacao_2025-05-05_15-34-09.webp.webp?fit=1200%2C800&ssl=1&resize=525%2C300 1.5x, https:\/\/i0.wp.com\/noticiasribeiraopreto.com.br\/wp-content\/uploads\/2025\/05\/Opera-do-Malandro_divulgacao_2025-05-05_15-34-09.webp.webp?fit=1200%2C800&ssl=1&resize=700%2C400 2x, https:\/\/i0.wp.com\/noticiasribeiraopreto.com.br\/wp-content\/uploads\/2025\/05\/Opera-do-Malandro_divulgacao_2025-05-05_15-34-09.webp.webp?fit=1200%2C800&ssl=1&resize=1050%2C600 3x"},"classes":[]}],"jetpack_sharing_enabled":true,"jetpack_shortlink":"https:\/\/wp.me\/peQAOb-ic3","_links":{"self":[{"href":"https:\/\/noticiasribeiraopreto.com.br\/index.php\/wp-json\/wp\/v2\/posts\/69939","targetHints":{"allow":["GET"]}}],"collection":[{"href":"https:\/\/noticiasribeiraopreto.com.br\/index.php\/wp-json\/wp\/v2\/posts"}],"about":[{"href":"https:\/\/noticiasribeiraopreto.com.br\/index.php\/wp-json\/wp\/v2\/types\/post"}],"author":[{"embeddable":true,"href":"https:\/\/noticiasribeiraopreto.com.br\/index.php\/wp-json\/wp\/v2\/users\/1"}],"replies":[{"embeddable":true,"href":"https:\/\/noticiasribeiraopreto.com.br\/index.php\/wp-json\/wp\/v2\/comments?post=69939"}],"version-history":[{"count":0,"href":"https:\/\/noticiasribeiraopreto.com.br\/index.php\/wp-json\/wp\/v2\/posts\/69939\/revisions"}],"wp:featuredmedia":[{"embeddable":true,"href":"https:\/\/noticiasribeiraopreto.com.br\/index.php\/wp-json\/wp\/v2\/media\/69941"}],"wp:attachment":[{"href":"https:\/\/noticiasribeiraopreto.com.br\/index.php\/wp-json\/wp\/v2\/media?parent=69939"}],"wp:term":[{"taxonomy":"category","embeddable":true,"href":"https:\/\/noticiasribeiraopreto.com.br\/index.php\/wp-json\/wp\/v2\/categories?post=69939"},{"taxonomy":"post_tag","embeddable":true,"href":"https:\/\/noticiasribeiraopreto.com.br\/index.php\/wp-json\/wp\/v2\/tags?post=69939"}],"curies":[{"name":"wp","href":"https:\/\/api.w.org\/{rel}","templated":true}]}}