{"id":69944,"date":"2025-05-21T14:41:57","date_gmt":"2025-05-21T17:41:57","guid":{"rendered":"https:\/\/noticiasribeiraopreto.com.br\/index.php\/2025\/05\/21\/saiba-como-regularizar-o-titulo-eleitoral-cancelado\/"},"modified":"2025-05-21T14:41:57","modified_gmt":"2025-05-21T17:41:57","slug":"saiba-como-regularizar-o-titulo-eleitoral-cancelado","status":"publish","type":"post","link":"https:\/\/noticiasribeiraopreto.com.br\/index.php\/2025\/05\/21\/saiba-como-regularizar-o-titulo-eleitoral-cancelado\/","title":{"rendered":"Saiba como regularizar o t\u00edtulo eleitoral cancelado"},"content":{"rendered":"<p> <br \/>\n<\/p>\n<div>\n<p><strong>O eleitor que teve o t\u00edtulo cancelado pela Justi\u00e7a Eleitoral ainda pode requerer a regulariza\u00e7\u00e3o do documento<\/strong>.<img data-recalc-dims=\"1\" decoding=\"async\" src=\"https:\/\/i0.wp.com\/agenciabrasil.ebc.com.br\/ebc.png?ssl=1\"\/><img data-recalc-dims=\"1\" decoding=\"async\" src=\"https:\/\/i0.wp.com\/agenciabrasil.ebc.com.br\/ebc.gif?ssl=1\"\/><\/p>\n<p>Na segunda-feira (19), o\u00a0<strong><a href=\"https:\/\/www.tse.jus.br\/\">Tribunal Superior Eleitoral (TSE)<\/a> informou que mais de\u00a05 milh\u00f5es de t\u00edtulos foram cancelados<\/strong>,<strong>\u00a0<\/strong>pois, seus detentores faltaram \u00e0s tr\u00eas \u00faltimas elei\u00e7\u00f5es de vota\u00e7\u00e3o obrigat\u00f3ria e n\u00e3o justificaram a aus\u00eancia ou pagaram a multa estipulada pela legisla\u00e7\u00e3o.<\/p>\n<p>Al\u00e9m de n\u00e3o poder participar do pleito, seja votando ou sendo votado, o\u00a0cidad\u00e3o com t\u00edtulo cancelado fica sujeito a uma s\u00e9rie de impedimentos, n\u00e3o podendo tomar posse em concursos p\u00fablicos, renovar matr\u00edcula em institui\u00e7\u00f5es de ensino p\u00fablica ou tirar passaporte.<\/p>\n<h2 class=\"wp-block-heading\"><strong>O que fazer?<\/strong><\/h2>\n<p>Para regularizar, o eleitor deve primeiro checar a situa\u00e7\u00e3o de seu t\u00edtulo, presencialmente no cart\u00f3rio eleitoral de seu domic\u00edlio eleitoral ou no autoatendimento pela internet (<a href=\"https:\/\/www.tse.jus.br\/servicos-eleitorais\/autoatendimento-eleitoral#\/\">clique aqui<\/a>).\u00a0Se for confirmado o cancelamento, o cidad\u00e3o pode protocolar um requerimento para que o documento seja regularizado fora do prazo.<\/p>\n<p>\u00c9 necess\u00e1rio justificar, de prefer\u00eancia com provas documentais,\u00a0a aus\u00eancia nos pleitos de comparecimento obrigat\u00f3rio, ou pagar as multas correspondentes.\u00a0Tamb\u00e9m n\u00e3o adianta somente cumprir as exig\u00eancias, sendo imprevis\u00edvel tamb\u00e9m preencher o requerimento espec\u00edfico, seja no pr\u00f3prio cart\u00f3rio ou no autoatendimento\u00a0online,\u00a0clicando na op\u00e7\u00e3o T\u00edtulo Eleitoral e, depois, em op\u00e7\u00e3o 6.\u00a0<\/p>\n<p>A verifica\u00e7\u00e3o e o cancelamento de t\u00edtulos irregulares ocorrem sempre em anos n\u00e3o eleitorais, como forma de manter atualizado o cadastro nacional de eleitores e conforme determina a legisla\u00e7\u00e3o eleitoral.<\/p>\n<p>SAIBA MAIS<\/p>\n<p>Fim da reelei\u00e7\u00e3o para prefeitos, governadores e presidente \u00e9 aprovado em CCJ do Senado<\/p>\n<h2 class=\"wp-block-heading\"><strong>FIQUE ON<\/strong><\/h2>\n<p>Fique ligado em tudo que acontece em Ribeir\u00e3o Preto e regi\u00e3o. Siga os perfis do\u00a0<strong>acidade on<\/strong>\u00a0no\u00a0<a href=\"https:\/\/www.instagram.com\/acidadeonribeirao\">Instagram\u00a0<\/a>e no\u00a0<a href=\"https:\/\/www.facebook.com\/acidadeonribeirao\/\">Facebook.<\/a><\/p>\n<p>Receba not\u00edcias do\u00a0<strong>acidade on<\/strong>\u00a0no WhatsApp.\u00a0<a href=\"https:\/\/chat.whatsapp.com\/BjKQZ9oJwlz8VVT50NuePq\">Para entrar no grupo, basta clicar aqui.<\/a><\/p>\n<p>Fa\u00e7a uma den\u00fancia ou sugira uma reportagem sobre Ribeir\u00e3o Preto e regi\u00e3o pelo WhatsApp: 16 99117 7802. (Com Ag\u00eancia Brasil)<\/p>\n<p>VEJA TAMB\u00c9M<\/p>\n<p>Quais marcas de azeite tiveram a venda proibida?<\/p>\n<p><!-- CONTENT END 1 -->\n<\/div>\n<p><script async src=\"\/\/www.instagram.com\/embed.js\"><\/script><br \/>\n<br \/><br \/>\n<br \/><a href=\"https:\/\/www.acidadeon.com\/ribeiraopreto\/politica\/saiba-como-regularizar-o-titulo-eleitoral-cancelado\/\">Source link <\/a><\/p>\n","protected":false},"excerpt":{"rendered":"<p>O eleitor que teve o t\u00edtulo cancelado pela Justi\u00e7a Eleitoral ainda pode requerer a regulariza\u00e7\u00e3o do documento. Na segunda-feira (19), o\u00a0Tribunal Superior Eleitoral (TSE) informou&#8230;<\/p>\n","protected":false},"author":1,"featured_media":69945,"comment_status":"open","ping_status":"open","sticky":false,"template":"","format":"standard","meta":{"advanced_seo_description":"","jetpack_seo_html_title":"","jetpack_seo_noindex":false,"jetpack_post_was_ever_published":false,"_jetpack_newsletter_access":"","_jetpack_dont_email_post_to_subs":false,"_jetpack_newsletter_tier_id":0,"_jetpack_memberships_contains_paywalled_content":false,"_jetpack_memberships_contains_paid_content":false,"footnotes":"","jetpack_publicize_message":"","jetpack_publicize_feature_enabled":true,"jetpack_social_post_already_shared":true,"jetpack_social_options":{"image_generator_settings":{"template":"highway","default_image_id":0,"font":"","enabled":false},"version":2}},"categories":[11],"tags":[],"class_list":["post-69944","post","type-post","status-publish","format-standard","has-post-thumbnail","hentry","category-noticias-de-ribeirao-preto-sp-e-regiao-ismael-colosi"],"jetpack_publicize_connections":[],"jetpack_featured_media_url":"https:\/\/i0.wp.com\/noticiasribeiraopreto.com.br\/wp-content\/uploads\/2025\/05\/etitulo-2711203365.jpg?fit=1170%2C700&ssl=1","jetpack-related-posts":[{"id":71183,"url":"https:\/\/noticiasribeiraopreto.com.br\/index.php\/2025\/06\/03\/apenas-1-290-eleitores-de-rp-regularizaram-titulo-de-eleitor\/","url_meta":{"origin":69944,"position":0},"title":"Apenas 1.290 eleitores de RP regularizaram T\u00edtulo de Eleitor","author":"noticiasribeiraopreto.com.br","date":"3 de June de 2025","format":false,"excerpt":"3 de junho de 2025 14:131 Compartilhar0 Dados disponibilizados pelo Portal do Tribunal Superior Eleitoral (TE) e atualizados at\u00e9 esta ter\u00e7a-feira, 3 de junho, mostram que dos 28.1459 eleitores de Ribeir\u00e3o Preto que poderiam ter seu T\u00edtulo de Eleitor cancelado por n\u00e3o terem votado nas tr\u00eas \u00faltimas elei\u00e7\u00f5es, apenas 1.290\u2026","rel":"","context":"In &quot;Not\u00edcias de Ribeir\u00e3o Preto-SP e Regi\u00e3o&quot;","block_context":{"text":"Not\u00edcias de Ribeir\u00e3o Preto-SP e Regi\u00e3o","link":"https:\/\/noticiasribeiraopreto.com.br\/index.php\/category\/noticias-de-ribeirao-preto-sp-e-regiao-ismael-colosi\/"},"img":{"alt_text":"","src":"https:\/\/i0.wp.com\/noticiasribeiraopreto.com.br\/wp-content\/uploads\/2025\/06\/3-titulocancelado-divulgacao.jpeg?fit=759%2C409&ssl=1&resize=350%2C200","width":350,"height":200,"srcset":"https:\/\/i0.wp.com\/noticiasribeiraopreto.com.br\/wp-content\/uploads\/2025\/06\/3-titulocancelado-divulgacao.jpeg?fit=759%2C409&ssl=1&resize=350%2C200 1x, https:\/\/i0.wp.com\/noticiasribeiraopreto.com.br\/wp-content\/uploads\/2025\/06\/3-titulocancelado-divulgacao.jpeg?fit=759%2C409&ssl=1&resize=525%2C300 1.5x, https:\/\/i0.wp.com\/noticiasribeiraopreto.com.br\/wp-content\/uploads\/2025\/06\/3-titulocancelado-divulgacao.jpeg?fit=759%2C409&ssl=1&resize=700%2C400 2x"},"classes":[]},{"id":70030,"url":"https:\/\/noticiasribeiraopreto.com.br\/index.php\/2025\/05\/22\/jornal-da-franca-perdeu-o-prazo-para-regularizar-seu-titulo-eleitoral-veja-como-ficar-em-dia\/","url_meta":{"origin":69944,"position":1},"title":"Jornal da Franca &#8211; Perdeu o prazo para regularizar seu t\u00edtulo eleitoral? Veja como ficar em dia","author":"noticiasribeiraopreto.com.br","date":"22 de May de 2025","format":false,"excerpt":"compartilhar no whatsapp compartilhar no telegram compartilhar no facebook compartilhar no linkedin Em Franca, 14 mil pessoas ter\u00e3o o t\u00edtulo cancelado; quem perdeu o prazo deve quitar as multas e pedir revis\u00e3o de dados ou transfer\u00eancia de domic\u00edlio Mais de 1,3 milh\u00e3o de eleitoras e eleitores que n\u00e3o votaram, n\u00e3o\u2026","rel":"","context":"In &quot;Not\u00edcias de Franca-SP&quot;","block_context":{"text":"Not\u00edcias de Franca-SP","link":"https:\/\/noticiasribeiraopreto.com.br\/index.php\/category\/noticias-de-ribeirao-preto-sp-e-regiao-ismael-colosi\/noticias-franca-sp\/"},"img":{"alt_text":"","src":"https:\/\/i0.wp.com\/noticiasribeiraopreto.com.br\/wp-content\/uploads\/2025\/05\/essa-00-1.jpg?fit=1049%2C620&ssl=1&resize=350%2C200","width":350,"height":200,"srcset":"https:\/\/i0.wp.com\/noticiasribeiraopreto.com.br\/wp-content\/uploads\/2025\/05\/essa-00-1.jpg?fit=1049%2C620&ssl=1&resize=350%2C200 1x, https:\/\/i0.wp.com\/noticiasribeiraopreto.com.br\/wp-content\/uploads\/2025\/05\/essa-00-1.jpg?fit=1049%2C620&ssl=1&resize=525%2C300 1.5x, https:\/\/i0.wp.com\/noticiasribeiraopreto.com.br\/wp-content\/uploads\/2025\/05\/essa-00-1.jpg?fit=1049%2C620&ssl=1&resize=700%2C400 2x"},"classes":[]},{"id":48164,"url":"https:\/\/noticiasribeiraopreto.com.br\/index.php\/2024\/05\/01\/titulo-cancelado-cartorios-eleitorais-de-sp-abrem-neste-feriado\/","url_meta":{"origin":69944,"position":2},"title":"T\u00edtulo cancelado? Cart\u00f3rios eleitorais de SP abrem neste feriado","author":"noticiasribeiraopreto.com.br","date":"1 de May de 2024","format":false,"excerpt":"Os cart\u00f3rios e postos eleitorais de S\u00e3o Paulo v\u00e3o abrir neste feriado do Dia do Trabalhador (1\u00ba de maio) para atender quem precisa tirar ou regularizar o t\u00edtulo para votar nas Elei\u00e7\u00f5es Municipais de 2024. O hor\u00e1rio de funcionamento ser\u00e1 das 11h \u00e0s 17h. O atendimento ser\u00e1 realizado por ordem\u2026","rel":"","context":"In &quot;Not\u00edcias de Ribeir\u00e3o Preto-SP e Regi\u00e3o&quot;","block_context":{"text":"Not\u00edcias de Ribeir\u00e3o Preto-SP e Regi\u00e3o","link":"https:\/\/noticiasribeiraopreto.com.br\/index.php\/category\/noticias-de-ribeirao-preto-sp-e-regiao-ismael-colosi\/"},"img":{"alt_text":"","src":"https:\/\/i0.wp.com\/noticiasribeiraopreto.com.br\/wp-content\/uploads\/2024\/04\/AnyConv.com__cartorio-eleitoral-ribeirao-preto.webp.webp?fit=867%2C485&ssl=1&resize=350%2C200","width":350,"height":200,"srcset":"https:\/\/i0.wp.com\/noticiasribeiraopreto.com.br\/wp-content\/uploads\/2024\/04\/AnyConv.com__cartorio-eleitoral-ribeirao-preto.webp.webp?fit=867%2C485&ssl=1&resize=350%2C200 1x, https:\/\/i0.wp.com\/noticiasribeiraopreto.com.br\/wp-content\/uploads\/2024\/04\/AnyConv.com__cartorio-eleitoral-ribeirao-preto.webp.webp?fit=867%2C485&ssl=1&resize=525%2C300 1.5x, https:\/\/i0.wp.com\/noticiasribeiraopreto.com.br\/wp-content\/uploads\/2024\/04\/AnyConv.com__cartorio-eleitoral-ribeirao-preto.webp.webp?fit=867%2C485&ssl=1&resize=700%2C400 2x"},"classes":[]},{"id":68464,"url":"https:\/\/noticiasribeiraopreto.com.br\/index.php\/2025\/04\/25\/regularizacao-de-titulo-vai-ate-dia-19-de-maio\/","url_meta":{"origin":69944,"position":3},"title":"Regulariza\u00e7\u00e3o de t\u00edtulo\u00a0vai at\u00e9 dia 19 de maio \u00a0","author":"noticiasribeiraopreto.com.br","date":"25 de April de 2025","format":false,"excerpt":"25 de abril de 2025 15:3025 de abril de 2025 09:456 Compartilhar0 O prazo para eleitoras e eleitores que deixaram de votar em tr\u00eas turnos consecutivos regularizar o t\u00edtulo se encerra em menos de um m\u00eas. A regulariza\u00e7\u00e3o do documento deve ser feita at\u00e9 19 de maio, ou a pessoa\u2026","rel":"","context":"In &quot;Not\u00edcias de Ribeir\u00e3o Preto-SP e Regi\u00e3o&quot;","block_context":{"text":"Not\u00edcias de Ribeir\u00e3o Preto-SP e Regi\u00e3o","link":"https:\/\/noticiasribeiraopreto.com.br\/index.php\/category\/noticias-de-ribeirao-preto-sp-e-regiao-ismael-colosi\/"},"img":{"alt_text":"","src":"https:\/\/i0.wp.com\/noticiasribeiraopreto.com.br\/wp-content\/uploads\/2025\/04\/Titulo-Marcello-Casal-Jr.-Ag.Br_.-1-scaled.jpg?fit=800%2C479&ssl=1&resize=350%2C200","width":350,"height":200,"srcset":"https:\/\/i0.wp.com\/noticiasribeiraopreto.com.br\/wp-content\/uploads\/2025\/04\/Titulo-Marcello-Casal-Jr.-Ag.Br_.-1-scaled.jpg?fit=800%2C479&ssl=1&resize=350%2C200 1x, https:\/\/i0.wp.com\/noticiasribeiraopreto.com.br\/wp-content\/uploads\/2025\/04\/Titulo-Marcello-Casal-Jr.-Ag.Br_.-1-scaled.jpg?fit=800%2C479&ssl=1&resize=525%2C300 1.5x, https:\/\/i0.wp.com\/noticiasribeiraopreto.com.br\/wp-content\/uploads\/2025\/04\/Titulo-Marcello-Casal-Jr.-Ag.Br_.-1-scaled.jpg?fit=800%2C479&ssl=1&resize=700%2C400 2x"},"classes":[]},{"id":45912,"url":"https:\/\/noticiasribeiraopreto.com.br\/index.php\/2024\/04\/08\/saiba-como-regularizar-a-situacao-eleitoral-em-ribeirao-preto\/","url_meta":{"origin":69944,"position":4},"title":"Saiba como regularizar a situa\u00e7\u00e3o eleitoral em Ribeir\u00e3o Preto","author":"noticiasribeiraopreto.com.br","date":"8 de April de 2024","format":false,"excerpt":"Nesta segunda-feira (8), termina o prazo para que eleitores sem biometria cadastrada regularizem a situa\u00e7\u00e3o eleitoral pela internet. Ap\u00f3s essa data, o atendimento ser\u00e1 apenas de forma presencial nos cart\u00f3rios eleitorais. Ribeir\u00e3o Preto tem 474.634 eleitores registrados, sendo que 164.803 ainda precisam registrar a biometria \u2013 consulte aqui a sua\u2026","rel":"","context":"In &quot;Not\u00edcias de Ribeir\u00e3o Preto-SP e Regi\u00e3o&quot;","block_context":{"text":"Not\u00edcias de Ribeir\u00e3o Preto-SP e Regi\u00e3o","link":"https:\/\/noticiasribeiraopreto.com.br\/index.php\/category\/noticias-de-ribeirao-preto-sp-e-regiao-ismael-colosi\/"},"img":{"alt_text":"","src":"https:\/\/i0.wp.com\/noticiasribeiraopreto.com.br\/wp-content\/uploads\/2024\/04\/AnyConv.com__cartorio-eleitoral-ribeirao-preto.webp.webp?fit=867%2C485&ssl=1&resize=350%2C200","width":350,"height":200,"srcset":"https:\/\/i0.wp.com\/noticiasribeiraopreto.com.br\/wp-content\/uploads\/2024\/04\/AnyConv.com__cartorio-eleitoral-ribeirao-preto.webp.webp?fit=867%2C485&ssl=1&resize=350%2C200 1x, https:\/\/i0.wp.com\/noticiasribeiraopreto.com.br\/wp-content\/uploads\/2024\/04\/AnyConv.com__cartorio-eleitoral-ribeirao-preto.webp.webp?fit=867%2C485&ssl=1&resize=525%2C300 1.5x, https:\/\/i0.wp.com\/noticiasribeiraopreto.com.br\/wp-content\/uploads\/2024\/04\/AnyConv.com__cartorio-eleitoral-ribeirao-preto.webp.webp?fit=867%2C485&ssl=1&resize=700%2C400 2x"},"classes":[]},{"id":27210,"url":"https:\/\/noticiasribeiraopreto.com.br\/index.php\/2024\/01\/11\/eleitor-tem-quatro-meses-para-regularizar-titulo-e-votar-em-outubro\/","url_meta":{"origin":69944,"position":5},"title":"Eleitor tem quatro meses para regularizar t\u00edtulo e votar em outubro","author":"noticiasribeiraopreto.com.br","date":"11 de January de 2024","format":false,"excerpt":"11 de janeiro de 2024 | 18:0011 de janeiro de 2024 | 9:24 0Os cidad\u00e3os que pretendem votar nas elei\u00e7\u00f5es municipais de outubro t\u00eam menos de quatro meses para tirar o primeiro t\u00edtulo de eleitor ou regularizar o documento. A partir de 8 de maio, o cadastro eleitoral ser\u00e1 fechado\u2026","rel":"","context":"In &quot;Not\u00edcias de Ribeir\u00e3o Preto-SP e Regi\u00e3o&quot;","block_context":{"text":"Not\u00edcias de Ribeir\u00e3o Preto-SP e Regi\u00e3o","link":"https:\/\/noticiasribeiraopreto.com.br\/index.php\/category\/noticias-de-ribeirao-preto-sp-e-regiao-ismael-colosi\/"},"img":{"alt_text":"","src":"https:\/\/i0.wp.com\/noticiasribeiraopreto.com.br\/wp-content\/uploads\/2024\/01\/1e94da9c-69b2-46ed-b952-a2dcb7b08cfa-scaled.jpg?fit=1000%2C598&ssl=1&resize=350%2C200","width":350,"height":200,"srcset":"https:\/\/i0.wp.com\/noticiasribeiraopreto.com.br\/wp-content\/uploads\/2024\/01\/1e94da9c-69b2-46ed-b952-a2dcb7b08cfa-scaled.jpg?fit=1000%2C598&ssl=1&resize=350%2C200 1x, https:\/\/i0.wp.com\/noticiasribeiraopreto.com.br\/wp-content\/uploads\/2024\/01\/1e94da9c-69b2-46ed-b952-a2dcb7b08cfa-scaled.jpg?fit=1000%2C598&ssl=1&resize=525%2C300 1.5x, https:\/\/i0.wp.com\/noticiasribeiraopreto.com.br\/wp-content\/uploads\/2024\/01\/1e94da9c-69b2-46ed-b952-a2dcb7b08cfa-scaled.jpg?fit=1000%2C598&ssl=1&resize=700%2C400 2x"},"classes":[]}],"jetpack_sharing_enabled":true,"jetpack_shortlink":"https:\/\/wp.me\/peQAOb-ic8","_links":{"self":[{"href":"https:\/\/noticiasribeiraopreto.com.br\/index.php\/wp-json\/wp\/v2\/posts\/69944","targetHints":{"allow":["GET"]}}],"collection":[{"href":"https:\/\/noticiasribeiraopreto.com.br\/index.php\/wp-json\/wp\/v2\/posts"}],"about":[{"href":"https:\/\/noticiasribeiraopreto.com.br\/index.php\/wp-json\/wp\/v2\/types\/post"}],"author":[{"embeddable":true,"href":"https:\/\/noticiasribeiraopreto.com.br\/index.php\/wp-json\/wp\/v2\/users\/1"}],"replies":[{"embeddable":true,"href":"https:\/\/noticiasribeiraopreto.com.br\/index.php\/wp-json\/wp\/v2\/comments?post=69944"}],"version-history":[{"count":0,"href":"https:\/\/noticiasribeiraopreto.com.br\/index.php\/wp-json\/wp\/v2\/posts\/69944\/revisions"}],"wp:featuredmedia":[{"embeddable":true,"href":"https:\/\/noticiasribeiraopreto.com.br\/index.php\/wp-json\/wp\/v2\/media\/69945"}],"wp:attachment":[{"href":"https:\/\/noticiasribeiraopreto.com.br\/index.php\/wp-json\/wp\/v2\/media?parent=69944"}],"wp:term":[{"taxonomy":"category","embeddable":true,"href":"https:\/\/noticiasribeiraopreto.com.br\/index.php\/wp-json\/wp\/v2\/categories?post=69944"},{"taxonomy":"post_tag","embeddable":true,"href":"https:\/\/noticiasribeiraopreto.com.br\/index.php\/wp-json\/wp\/v2\/tags?post=69944"}],"curies":[{"name":"wp","href":"https:\/\/api.w.org\/{rel}","templated":true}]}}