{"id":69946,"date":"2025-05-21T14:50:10","date_gmt":"2025-05-21T17:50:10","guid":{"rendered":"https:\/\/noticiasribeiraopreto.com.br\/index.php\/2025\/05\/21\/incendiario-e-condenado-a-oito-anos-de-prisao\/"},"modified":"2025-05-21T14:50:10","modified_gmt":"2025-05-21T17:50:10","slug":"incendiario-e-condenado-a-oito-anos-de-prisao","status":"publish","type":"post","link":"https:\/\/noticiasribeiraopreto.com.br\/index.php\/2025\/05\/21\/incendiario-e-condenado-a-oito-anos-de-prisao\/","title":{"rendered":"Incendi\u00e1rio \u00e9 condenado a oito anos de pris\u00e3o"},"content":{"rendered":"<div class='code-block code-block-1' style='margin: 8px 0 8px auto; text-align: right; display: block; clear: both;'>\n<p><a href=\"https:\/\/wa.link\/vpicfd\"><img data-recalc-dims=\"1\" class=\"wp-image-4922\" style=\"aspect-ratio: 2.0253164556962027; width: 561px; height: auto;\" src=\"https:\/\/i0.wp.com\/ismaelcolosi.com.br\/wp-content\/uploads\/2023\/11\/grupo-de-empregos-whatsapp-e-facebook-ismael-colosi-vagas.jpg?ssl=1\" alt=\"\" \/><\/a><\/p>\n<!-- \/wp:image -->\n<\/div>\n<p> <br \/>\n<\/p>\n<div>\n<p>O homem que provocou inc\u00eandios na zona rural dos munic\u00edpios de Patroc\u00ednio Paulista e Itirapu\u00e3, na regi\u00e3o de Franca, em setembro do ano passado, durante um dos mais severos per\u00edodos de estiagem em todo o Brasil, foi condenado a pena de oito anos e quatro meses de pris\u00e3o, em regime inicial fechado.<\/p>\n<p>Alessandro dos Reis Batista J\u00fanior, morador de Itirapu\u00e3, dever\u00e1 ainda pagar indeniza\u00e7\u00e3o de R$ 3 milh\u00f5es, valor reputado pelo autor da a\u00e7\u00e3o penal, promotor de Justi\u00e7a T\u00falio Vinicius Rosa, como compat\u00edvel com a extens\u00e3o do dano causado. O r\u00e9u est\u00e1 preso e n\u00e3o poder\u00e1 recorrer em liberdade.<\/p>\n<p>A senten\u00e7a subscrita pelo juiz Daniel Carrijo, de Patroc\u00ednio Paulista, \u00e9 do dia 15 de maio. Segundo o Minist\u00e9rio P\u00fablico de S\u00e3o Paulo (MPSP), ele tem hist\u00f3rico de crimes graves, incluindo associa\u00e7\u00e3o criminosa para roubo de maquin\u00e1rio agr\u00edcola. A defesa de Batista J\u00fanior na foi localizada, mas pode recorrer ao Tribunal de Justi\u00e7a (TJSP)<\/p>\n<p>Em 12 de setembro do ano passado, o condenado e outras tr\u00eas pessoas ainda n\u00e3o identificadas se dividiram em grupos para atear fogo em propriedades rurais \u00e0s margens da Rodovia Ronan Rocha (SP-345). S\u00f3 numa delas, o fogo destruiu nove hectares de mata localizada em \u00e1rea de preserva\u00e7\u00e3o permanente, gerando inestim\u00e1vel impacto ambiental.<\/p>\n<p>Na Fazenda Pedrinhas e no chamado Pico do Man\u00e9, a conduta criminosa provocou preju\u00edzo financeiro de aproximadamente R$ 1,2 milh\u00e3o, destruindo 2.500 hectares de pastagem, lavouras de caf\u00e9, canaviais, \u00e1reas de preserva\u00e7\u00e3o permanente e reservas florestais.<\/p>\n<p>O avan\u00e7o da queimada exigiu a mobiliza\u00e7\u00e3o caminh\u00f5es-pipa e avi\u00f5es do Poder P\u00fablico e de uma empresa, al\u00e9m de equipamentos e maquin\u00e1rios dos propriet\u00e1rios e vizinhos das \u00e1reas atingidas.<\/p>\n<p>Para a Justi\u00e7a , ficou comprovado que o homem exp\u00f4s a perigo a vida, a integridade f\u00edsica e o patrim\u00f4nio de in\u00fameras pessoas em situa\u00e7\u00e3o de calamidade p\u00fablica causado pela seca que assolava o Estado de S\u00e3o Paulo \u00e0 \u00e9poca dos fatos.<\/p>\n<p>A pris\u00e3o e a condena\u00e7\u00e3o forma pedidas pelo Minist\u00e9rio P\u00fablico de S\u00e3o Paulo devido \u00e0 \u201cgravidade dos atos, que ocorrem de forma sistem\u00e1tica e em intervalos curtos, comprometendo a seguran\u00e7a e a sa\u00fade p\u00fablica\u201d. Segundo nota divulgada pelo MP, \u201capesar de ser considerado tecnicamente prim\u00e1rio, o investigado possui um hist\u00f3rico de crimes graves, incluindo associa\u00e7\u00e3o criminosa para roubo de m\u00e1quin\u00e1rio\u201d.<\/p>\n<p>Na decis\u00e3o que determinou a pris\u00e3o, o juiz afirmou que outras medidas seriam insuficientes para impedir novos delitos e garantir a ordem p\u00fablica, dada a natureza dos crimes e suas consequ\u00eancias. Conforme o MP, o magistrado ressaltou que os inc\u00eandios, al\u00e9m de serem ilegais, ocorrem em um contexto de calamidade, amplificando os riscos para a popula\u00e7\u00e3o.<\/p>\n<p>Segundo a promotoria, no m\u00eas de setembro, o investigado se juntou a tr\u00eas homens que ainda est\u00e3o sendo investigados e se dividiram em dois grupos para causar inc\u00eandios em \u00e1reas rurais de Patroc\u00ednio Paulista e Itirapu\u00e3. Em uma das a\u00e7\u00f5es, o homem chegou de carro em uma fazenda e usou l\u00edquido inflam\u00e1vel e um isqueiro para iniciar uma queimada que atingiu grandes propor\u00e7\u00f5es.<\/p>\n<p>Al\u00e9m de destruir nove hectares de uma \u00e1rea de preserva\u00e7\u00e3o ambiental, o fogo avan\u00e7ou nas pastagens. Ainda segundo a den\u00fancia, o homem seguiu ateando fogo a propriedades vizinhas, causando um preju\u00edzo de R$ 1,2 milh\u00e3o em lavouras de caf\u00e9 e cana-de-a\u00e7\u00facar, al\u00e9m de matas preservadas.<\/p>\n<p>CNA \u2013 Os inc\u00eandios ocorridos de junho a agosto do ano passado geraram preju\u00edzos de R$ 14,7 bilh\u00f5es \u00e0 agropecu\u00e1ria brasileira, estima a Confedera\u00e7\u00e3o da Agricultura e Pecu\u00e1ria do Brasil (CNA). O c\u00e1lculo considera perdas \u00e0 produ\u00e7\u00e3o de bovinos de corte, cana-de-a\u00e7\u00facar e qualidade do solo. De acordo com levantamento feito pela entidade, 2,8 milh\u00f5es de hectares de propriedades rurais no Brasil foram atingidos pelos inc\u00eandios.<\/p>\n<p>S\u00e3o Paulo (R$ 2,8 bilh\u00f5es), Mato Grosso (R$ 2,3 bilh\u00f5es), Par\u00e1 (R$ 2 bilh\u00f5es) e Mato Grosso do Sul (R$ 1,4 bilh\u00e3o) foram os Estados com maiores preju\u00edzos nessas cadeias. Os maiores impactos econ\u00f4micos foram em pecu\u00e1ria e pastagem (R$ 8,1 bilh\u00f5es), cercas (R$ 2,8 bilh\u00f5es), perdas com a produ\u00e7\u00e3o de cana-de-a\u00e7\u00facar (R$ 2,7 bilh\u00f5es), e outras culturas tempor\u00e1rias e permanentes (R$ 1,068 bilh\u00e3o), estima a CNA.<\/p>\n<p>Pena \u2013 O Minist\u00e9rio da Justi\u00e7a e Seguran\u00e7a P\u00fablica submeteu \u00e0 Casa Civil, em 25 de setembro do ano passado, uma minuta de projeto de lei para aumentar a pena de pessoas que provoquem inc\u00eandios florestais. A proposta \u00e9 de que a pena m\u00e1xima para esses casos possa chegar a 18 anos de reclus\u00e3o caso a pessoa que cometeu o crime tenha praticado os quatro agravantes previstos no projeto, acumulando metade da pena m\u00e1xima para cada um deles.<\/p>\n<p>Atualmente, a lei prev\u00ea pena de dois a quatro anos de pris\u00e3o para quem pratica inc\u00eandio em florestas. Com a proposta do governo, a pena para esse crime poderia variar de tr\u00eas a seis anos, e ainda haveria um acr\u00e9scimo de at\u00e9 um ter\u00e7o at\u00e9 a metade em alguns casos.<\/p>\n<p>A lista traz expor a perigo a vida coletiva ou a sa\u00fade p\u00fablica; atingir \u00e1reas de unidades de conserva\u00e7\u00e3o ou \u00e1reas sujeitas, por ato do Poder P\u00fablico, a regime especial de uso; quando praticada por duas ou mais pessoas; com a finalidade de obter vantagem financeira para si ou para outra pessoa.<\/p>\n<p>A proposta estabelece ainda que ser\u00e1 sujeito \u00e0s mesmas penas as pessoas que explorarem economicamente terras p\u00fablicas que tenham sido incendiadas. A pena pode ser reduzida \u00e0 metade em casos onde n\u00e3o haja inten\u00e7\u00e3o de provocar o inc\u00eandio, ou seja, atos culposos.<\/p>\n<\/div>\n<p><br \/>\n<br \/><a href=\"https:\/\/www.tribunaribeirao.com.br\/incendiario-e-condenado-a-8-anos\/\">Source link <\/a><\/p>\n<!-- CONTENT END 1 -->\n","protected":false},"excerpt":{"rendered":"<p>O homem que provocou inc\u00eandios na zona rural dos munic\u00edpios de Patroc\u00ednio Paulista e Itirapu\u00e3, na regi\u00e3o de Franca, em setembro do ano passado, durante&#8230;<\/p>\n","protected":false},"author":1,"featured_media":69947,"comment_status":"open","ping_status":"open","sticky":false,"template":"","format":"standard","meta":{"advanced_seo_description":"","jetpack_seo_html_title":"","jetpack_seo_noindex":false,"jetpack_post_was_ever_published":false,"_jetpack_newsletter_access":"","_jetpack_dont_email_post_to_subs":false,"_jetpack_newsletter_tier_id":0,"_jetpack_memberships_contains_paywalled_content":false,"_jetpack_memberships_contains_paid_content":false,"footnotes":"","jetpack_publicize_message":"","jetpack_publicize_feature_enabled":true,"jetpack_social_post_already_shared":true,"jetpack_social_options":{"image_generator_settings":{"template":"highway","default_image_id":0,"font":"","enabled":false},"version":2}},"categories":[11],"tags":[],"class_list":["post-69946","post","type-post","status-publish","format-standard","has-post-thumbnail","hentry","category-noticias-de-ribeirao-preto-sp-e-regiao-ismael-colosi"],"jetpack_publicize_connections":[],"jetpack_featured_media_url":"https:\/\/i0.wp.com\/noticiasribeiraopreto.com.br\/wp-content\/uploads\/2025\/05\/FOGO-scaled.jpeg?fit=772%2C500&ssl=1","jetpack-related-posts":[{"id":70081,"url":"https:\/\/noticiasribeiraopreto.com.br\/index.php\/2025\/05\/22\/homem-e-condenado-a-8-anos-de-prisao-por-provocar-queimadas-no-interior-de-sp\/","url_meta":{"origin":69946,"position":0},"title":"Homem \u00e9 condenado a 8 anos de pris\u00e3o por provocar queimadas no interior de SP","author":"noticiasribeiraopreto.com.br","date":"22 de May de 2025","format":false,"excerpt":"A Justi\u00e7a condenou um homem a oito anos e quatro meses de pris\u00e3o por provocar inc\u00eandios na zona rural dos munic\u00edpios de Patroc\u00ednio Paulista e Itirapu\u00e3, no interior de S\u00e3o Paulo. A senten\u00e7a do juiz Daniel Carrijo \u00e9 do dia 15 de maio. A pena, a pedido o Minist\u00e9rio P\u00fablico\u2026","rel":"","context":"In &quot;Not\u00edcias de Ribeir\u00e3o Preto-SP e Regi\u00e3o&quot;","block_context":{"text":"Not\u00edcias de Ribeir\u00e3o Preto-SP e Regi\u00e3o","link":"https:\/\/noticiasribeiraopreto.com.br\/index.php\/category\/noticias-de-ribeirao-preto-sp-e-regiao-ismael-colosi\/"},"img":{"alt_text":"","src":"https:\/\/i0.wp.com\/noticiasribeiraopreto.com.br\/wp-content\/uploads\/2024\/08\/interdicao-antonio-machado-santana_2024-08-23_21-32-23_jpg_2024-08-23_21-32-23.webp.webp?fit=1200%2C921&ssl=1&resize=350%2C200","width":350,"height":200,"srcset":"https:\/\/i0.wp.com\/noticiasribeiraopreto.com.br\/wp-content\/uploads\/2024\/08\/interdicao-antonio-machado-santana_2024-08-23_21-32-23_jpg_2024-08-23_21-32-23.webp.webp?fit=1200%2C921&ssl=1&resize=350%2C200 1x, https:\/\/i0.wp.com\/noticiasribeiraopreto.com.br\/wp-content\/uploads\/2024\/08\/interdicao-antonio-machado-santana_2024-08-23_21-32-23_jpg_2024-08-23_21-32-23.webp.webp?fit=1200%2C921&ssl=1&resize=525%2C300 1.5x, https:\/\/i0.wp.com\/noticiasribeiraopreto.com.br\/wp-content\/uploads\/2024\/08\/interdicao-antonio-machado-santana_2024-08-23_21-32-23_jpg_2024-08-23_21-32-23.webp.webp?fit=1200%2C921&ssl=1&resize=700%2C400 2x, https:\/\/i0.wp.com\/noticiasribeiraopreto.com.br\/wp-content\/uploads\/2024\/08\/interdicao-antonio-machado-santana_2024-08-23_21-32-23_jpg_2024-08-23_21-32-23.webp.webp?fit=1200%2C921&ssl=1&resize=1050%2C600 3x"},"classes":[]},{"id":68385,"url":"https:\/\/noticiasribeiraopreto.com.br\/index.php\/2025\/04\/24\/investigado-por-tentar-matar-jovens-de-12-e-13-anos-em-itirapua-esta-foragido-veja-como-ajudar-nas-buscas\/","url_meta":{"origin":69946,"position":1},"title":"Investigado por tentar matar jovens de 12 e 13 anos em Itirapu\u00e3 est\u00e1 foragido, veja como ajudar nas buscas","author":"noticiasribeiraopreto.com.br","date":"24 de April de 2025","format":false,"excerpt":"As Pol\u00edcias Civil e Militar est\u00e3o h\u00e1 mais de 5 dias buscando o investigado Marcos Ant\u00f4nio de Paula, conhecido como Marc\u00e3o, na regi\u00e3o de Itirapu\u00e3. Ele vem sendo investigado por ter tentado matar dois adolescentes na zona rural de Itirapu\u00e3, no s\u00e1bado (19\/4). Conforme as informa\u00e7\u00f5es averiguadas pelas autoridades, o\u2026","rel":"","context":"In &quot;Not\u00edcias de Franca-SP&quot;","block_context":{"text":"Not\u00edcias de Franca-SP","link":"https:\/\/noticiasribeiraopreto.com.br\/index.php\/category\/noticias-de-ribeirao-preto-sp-e-regiao-ismael-colosi\/noticias-franca-sp\/"},"img":{"alt_text":"","src":"https:\/\/i0.wp.com\/noticiasribeiraopreto.com.br\/wp-content\/uploads\/2025\/04\/vitima-itirapua.png?fit=700%2C466&ssl=1&resize=350%2C200","width":350,"height":200,"srcset":"https:\/\/i0.wp.com\/noticiasribeiraopreto.com.br\/wp-content\/uploads\/2025\/04\/vitima-itirapua.png?fit=700%2C466&ssl=1&resize=350%2C200 1x, https:\/\/i0.wp.com\/noticiasribeiraopreto.com.br\/wp-content\/uploads\/2025\/04\/vitima-itirapua.png?fit=700%2C466&ssl=1&resize=525%2C300 1.5x, https:\/\/i0.wp.com\/noticiasribeiraopreto.com.br\/wp-content\/uploads\/2025\/04\/vitima-itirapua.png?fit=700%2C466&ssl=1&resize=700%2C400 2x"},"classes":[]},{"id":85132,"url":"https:\/\/noticiasribeiraopreto.com.br\/index.php\/2026\/04\/22\/foragido-de-saidinha-condenado-a-182-anos-de-prisao-e-capturado-pelo-baep\/","url_meta":{"origin":69946,"position":2},"title":"Foragido de &#8220;saidinha&#8221; condenado a 182 anos de pris\u00e3o \u00e9 capturado pelo BAEP","author":"noticiasribeiraopreto.com.br","date":"22 de April de 2026","format":false,"excerpt":"\r Homem que fugiu na \u201csaidinha\u201d de P\u00e1scoa entrou em luta corporal com policiais militares, mas foi capturado\r \r 22 de abril de 2026 08:4422 de abril de 2026 08:44 \r Compartilhar2 | Por: Adalberto Luque | Um homem considerado de alta periculosidade foi capturado, na tarde desta ter\u00e7a-feira (21).\u2026","rel":"","context":"In &quot;Not\u00edcias de Ribeir\u00e3o Preto-SP e Regi\u00e3o&quot;","block_context":{"text":"Not\u00edcias de Ribeir\u00e3o Preto-SP e Regi\u00e3o","link":"https:\/\/noticiasribeiraopreto.com.br\/index.php\/category\/noticias-de-ribeirao-preto-sp-e-regiao-ismael-colosi\/"},"img":{"alt_text":"","src":"https:\/\/i0.wp.com\/noticiasribeiraopreto.com.br\/wp-content\/uploads\/2026\/04\/22-abr-2026-presobaep.jpg?fit=595%2C556&ssl=1&resize=350%2C200","width":350,"height":200,"srcset":"https:\/\/i0.wp.com\/noticiasribeiraopreto.com.br\/wp-content\/uploads\/2026\/04\/22-abr-2026-presobaep.jpg?fit=595%2C556&ssl=1&resize=350%2C200 1x, https:\/\/i0.wp.com\/noticiasribeiraopreto.com.br\/wp-content\/uploads\/2026\/04\/22-abr-2026-presobaep.jpg?fit=595%2C556&ssl=1&resize=525%2C300 1.5x"},"classes":[]},{"id":69771,"url":"https:\/\/noticiasribeiraopreto.com.br\/index.php\/2025\/05\/09\/tres-medicas-sao-denunciadas-por-formar-organizacao-criminosa-para-desviar-recursos-em-patrocinio-paulista\/","url_meta":{"origin":69946,"position":3},"title":"Tr\u00eas m\u00e9dicas s\u00e3o denunciadas por formar organiza\u00e7\u00e3o criminosa para desviar recursos em Patroc\u00ednio Paulista","author":"noticiasribeiraopreto.com.br","date":"9 de May de 2025","format":false,"excerpt":"Cinco pessoas, entre elas tr\u00eas m\u00e9dicas, tornaram-se r\u00e9s em a\u00e7\u00e3o penal proposta pelo promotor Tulio Vinicius Rosa envolvendo o desvio de verbas da Santa Casa de Patroc\u00ednio Paulista. Ao determinar que os acusados responder\u00e3o por organiza\u00e7\u00e3o criminosa e peculato, o juiz Afonso Marinho Catisti de Andrade ainda concedeu medida cautelar\u2026","rel":"","context":"In &quot;Not\u00edcias de Franca-SP&quot;","block_context":{"text":"Not\u00edcias de Franca-SP","link":"https:\/\/noticiasribeiraopreto.com.br\/index.php\/category\/noticias-de-ribeirao-preto-sp-e-regiao-ismael-colosi\/noticias-franca-sp\/"},"img":{"alt_text":"","src":"https:\/\/i0.wp.com\/noticiasribeiraopreto.com.br\/wp-content\/uploads\/2025\/05\/santa-casa-patrocinio-paulista.jpg?fit=750%2C406&ssl=1&resize=350%2C200","width":350,"height":200,"srcset":"https:\/\/i0.wp.com\/noticiasribeiraopreto.com.br\/wp-content\/uploads\/2025\/05\/santa-casa-patrocinio-paulista.jpg?fit=750%2C406&ssl=1&resize=350%2C200 1x, https:\/\/i0.wp.com\/noticiasribeiraopreto.com.br\/wp-content\/uploads\/2025\/05\/santa-casa-patrocinio-paulista.jpg?fit=750%2C406&ssl=1&resize=525%2C300 1.5x, https:\/\/i0.wp.com\/noticiasribeiraopreto.com.br\/wp-content\/uploads\/2025\/05\/santa-casa-patrocinio-paulista.jpg?fit=750%2C406&ssl=1&resize=700%2C400 2x"},"classes":[]},{"id":17918,"url":"https:\/\/noticiasribeiraopreto.com.br\/index.php\/2023\/12\/19\/utm_sourcerssutm_mediumrssutm_campaignbandido-que-esfaqueou-e-roubou-taxista-em-julho-e-condenado-a-mais-de-20-anos-de-cadeia-em-ribeirao-preto\/","url_meta":{"origin":69946,"position":4},"title":"Bandido que esfaqueou e roubou taxista em julho \u00e9 condenado a mais de 20 anos de CADEIA em Ribeir\u00e3o Preto \u2013 X Tudo Ribeir\u00e3o","author":"noticiasribeiraopreto.com.br","date":"19 de December de 2023","format":false,"excerpt":"A Justi\u00e7a condenou na \u00faltima sexta-feira (15\/12), a mais de 20 anos de CADEIA o bandido que roubou e esfaqueou um taxista de 76 anos, no m\u00eas de julho, pr\u00f3ximo da mini-rodovi\u00e1ria no Jardim Paulista, em Ribeir\u00e3o Preto.\u00a0 Segundo informa\u00e7\u00f5es apuradas pela reportagem do X Tudo Ribeir\u00e3o, o bandido identificado\u2026","rel":"","context":"In &quot;Not\u00edcias de Ribeir\u00e3o Preto-SP e Regi\u00e3o&quot;","block_context":{"text":"Not\u00edcias de Ribeir\u00e3o Preto-SP e Regi\u00e3o","link":"https:\/\/noticiasribeiraopreto.com.br\/index.php\/category\/noticias-de-ribeirao-preto-sp-e-regiao-ismael-colosi\/"},"img":{"alt_text":"","src":"https:\/\/i0.wp.com\/noticiasribeiraopreto.com.br\/wp-content\/uploads\/2023\/12\/WhatsApp-Image-2023-12-19-at-10.42.54.jpeg?fit=1200%2C918&ssl=1&resize=350%2C200","width":350,"height":200,"srcset":"https:\/\/i0.wp.com\/noticiasribeiraopreto.com.br\/wp-content\/uploads\/2023\/12\/WhatsApp-Image-2023-12-19-at-10.42.54.jpeg?fit=1200%2C918&ssl=1&resize=350%2C200 1x, https:\/\/i0.wp.com\/noticiasribeiraopreto.com.br\/wp-content\/uploads\/2023\/12\/WhatsApp-Image-2023-12-19-at-10.42.54.jpeg?fit=1200%2C918&ssl=1&resize=525%2C300 1.5x, https:\/\/i0.wp.com\/noticiasribeiraopreto.com.br\/wp-content\/uploads\/2023\/12\/WhatsApp-Image-2023-12-19-at-10.42.54.jpeg?fit=1200%2C918&ssl=1&resize=700%2C400 2x, https:\/\/i0.wp.com\/noticiasribeiraopreto.com.br\/wp-content\/uploads\/2023\/12\/WhatsApp-Image-2023-12-19-at-10.42.54.jpeg?fit=1200%2C918&ssl=1&resize=1050%2C600 3x"},"classes":[]},{"id":57096,"url":"https:\/\/noticiasribeiraopreto.com.br\/index.php\/2024\/08\/22\/dentista-que-matou-auditor-fiscal-na-regiao-de-ribeirao-preto-e-condenado-a-14-anos-de-prisao\/","url_meta":{"origin":69946,"position":5},"title":"Dentista que matou auditor fiscal na regi\u00e3o de Ribeir\u00e3o Preto \u00e9 condenado a 14 anos de pris\u00e3o","author":"noticiasribeiraopreto.com.br","date":"22 de August de 2024","format":false,"excerpt":"O dentista Samir Moussa foi condenado a 14 anos de pris\u00e3o em regime fechado pela morte de Adriano Willian de Oliveira, de 52 anos. O caso aconteceu em 2022, no munic\u00edpio de Franca, regi\u00e3o de Ribeir\u00e3o Preto. O Tribunal do J\u00fari foi realizado nesta quinta-feira (22), no F\u00f3rum de Franca,\u2026","rel":"","context":"In &quot;Not\u00edcias de Ribeir\u00e3o Preto-SP e Regi\u00e3o&quot;","block_context":{"text":"Not\u00edcias de Ribeir\u00e3o Preto-SP e Regi\u00e3o","link":"https:\/\/noticiasribeiraopreto.com.br\/index.php\/category\/noticias-de-ribeirao-preto-sp-e-regiao-ismael-colosi\/"},"img":{"alt_text":"","src":"https:\/\/i0.wp.com\/noticiasribeiraopreto.com.br\/wp-content\/uploads\/2024\/08\/dentista_1200x675_15032022155939.jpg?fit=1200%2C675&ssl=1&resize=350%2C200","width":350,"height":200,"srcset":"https:\/\/i0.wp.com\/noticiasribeiraopreto.com.br\/wp-content\/uploads\/2024\/08\/dentista_1200x675_15032022155939.jpg?fit=1200%2C675&ssl=1&resize=350%2C200 1x, https:\/\/i0.wp.com\/noticiasribeiraopreto.com.br\/wp-content\/uploads\/2024\/08\/dentista_1200x675_15032022155939.jpg?fit=1200%2C675&ssl=1&resize=525%2C300 1.5x, https:\/\/i0.wp.com\/noticiasribeiraopreto.com.br\/wp-content\/uploads\/2024\/08\/dentista_1200x675_15032022155939.jpg?fit=1200%2C675&ssl=1&resize=700%2C400 2x, https:\/\/i0.wp.com\/noticiasribeiraopreto.com.br\/wp-content\/uploads\/2024\/08\/dentista_1200x675_15032022155939.jpg?fit=1200%2C675&ssl=1&resize=1050%2C600 3x"},"classes":[]}],"jetpack_sharing_enabled":true,"jetpack_shortlink":"https:\/\/wp.me\/peQAOb-ica","_links":{"self":[{"href":"https:\/\/noticiasribeiraopreto.com.br\/index.php\/wp-json\/wp\/v2\/posts\/69946","targetHints":{"allow":["GET"]}}],"collection":[{"href":"https:\/\/noticiasribeiraopreto.com.br\/index.php\/wp-json\/wp\/v2\/posts"}],"about":[{"href":"https:\/\/noticiasribeiraopreto.com.br\/index.php\/wp-json\/wp\/v2\/types\/post"}],"author":[{"embeddable":true,"href":"https:\/\/noticiasribeiraopreto.com.br\/index.php\/wp-json\/wp\/v2\/users\/1"}],"replies":[{"embeddable":true,"href":"https:\/\/noticiasribeiraopreto.com.br\/index.php\/wp-json\/wp\/v2\/comments?post=69946"}],"version-history":[{"count":0,"href":"https:\/\/noticiasribeiraopreto.com.br\/index.php\/wp-json\/wp\/v2\/posts\/69946\/revisions"}],"wp:featuredmedia":[{"embeddable":true,"href":"https:\/\/noticiasribeiraopreto.com.br\/index.php\/wp-json\/wp\/v2\/media\/69947"}],"wp:attachment":[{"href":"https:\/\/noticiasribeiraopreto.com.br\/index.php\/wp-json\/wp\/v2\/media?parent=69946"}],"wp:term":[{"taxonomy":"category","embeddable":true,"href":"https:\/\/noticiasribeiraopreto.com.br\/index.php\/wp-json\/wp\/v2\/categories?post=69946"},{"taxonomy":"post_tag","embeddable":true,"href":"https:\/\/noticiasribeiraopreto.com.br\/index.php\/wp-json\/wp\/v2\/tags?post=69946"}],"curies":[{"name":"wp","href":"https:\/\/api.w.org\/{rel}","templated":true}]}}