{"id":69948,"date":"2025-05-21T14:54:44","date_gmt":"2025-05-21T17:54:44","guid":{"rendered":"https:\/\/noticiasribeiraopreto.com.br\/index.php\/2025\/05\/21\/prefeitura-de-ribeirao-aprova-novo-bairro-para-45-mil-moradores-na-zona-leste\/"},"modified":"2025-05-21T14:54:44","modified_gmt":"2025-05-21T17:54:44","slug":"prefeitura-de-ribeirao-aprova-novo-bairro-para-45-mil-moradores-na-zona-leste","status":"publish","type":"post","link":"https:\/\/noticiasribeiraopreto.com.br\/index.php\/2025\/05\/21\/prefeitura-de-ribeirao-aprova-novo-bairro-para-45-mil-moradores-na-zona-leste\/","title":{"rendered":"Prefeitura de Ribeir\u00e3o aprova novo bairro para 4,5 mil moradores na zona Leste"},"content":{"rendered":"<p> <br \/>\n<\/p>\n<div data-td-block-uid=\"tdi_95\">\n<div class=\"tdb-block-inner td-fix-index\">\n<p>A<strong><a href=\"https:\/\/www.ribeiraopreto.sp.gov.br\/portal\/\"> Prefeitura de Ribeir\u00e3o Preto<\/a> <\/strong>publicou decreto que autoriza um novo bairro para 4,5 mil moradores na zona Leste. O decreto foi publicado no<strong> DOM (Di\u00e1rio Oficial do Munic\u00edpio) <\/strong>da \u00faltima ter\u00e7a-feira (21).<\/p>\n<p>Segundo o documento, o novo bairro vai se chamar <strong>Jardim Solare <\/strong>tem frente para rua Heron Domingues e fica pr\u00f3ximo do Clube dos Comerci\u00e1rios.<\/p>\n<p>VEJA TAMB\u00c9M<br \/>Prefeitura de Ribeir\u00e3o Preto aprova novo bairro; Veja o local<\/p>\n<p><mark style=\"background-color:#fcb900\" class=\"has-inline-color has-black-color\">O novo bairro ser\u00e1 composto p\u00f3 1.333 lotes de uso residencial e misto<\/mark>, 34 \u00e1reas p\u00fablicas, oito \u00e1reas institucionais, 25 sistemas de lazer e uma \u00e1rea verde, totalizando 38 quadras.<\/p>\n<p>Os lotes ficar\u00e3o distribu\u00eddos em uma \u00e1rea de 660,9 mil metros quadrados, sendo que 435,6 mil metros quadrados s\u00e3o destinados \u00e0s \u00e1reas p\u00fablicas.<\/p>\n<p>O decreto ainda informa que o prazo total previsto para conclus\u00e3o da infraestrutura \u00e9 de 48 meses (quatro anos) \u2013 a obra deve ser realizada pela dona do terreno.<\/p>\n<p>SAIBA MAIS<br \/>Evento re\u00fane brech\u00f3s e oferece mais de 10 mil pe\u00e7as em Ribeir\u00e3o Preto; Veja quando<\/p>\n<h2 class=\"wp-block-heading\"><strong>FIQUE ON<\/strong><\/h2>\n<p>Fique ligado em tudo que acontece em Ribeir\u00e3o Preto e regi\u00e3o. Siga os perfis do\u00a0<strong>acidade on<\/strong>\u00a0no\u00a0<a href=\"https:\/\/www.instagram.com\/acidadeonribeirao\">Instagram\u00a0<\/a>e no\u00a0<a href=\"https:\/\/www.facebook.com\/acidadeonribeirao\/\">Facebook.<\/a><\/p>\n<p>Receba not\u00edcias do\u00a0<strong>acidade on<\/strong>\u00a0no WhatsApp.\u00a0<a href=\"https:\/\/chat.whatsapp.com\/BjKQZ9oJwlz8VVT50NuePq\">Para entrar no grupo, basta clicar aqui.<\/a><\/p>\n<p>Fa\u00e7a uma den\u00fancia ou sugira uma reportagem sobre Ribeir\u00e3o Preto e regi\u00e3o pelo WhatsApp: 16 99117 7802.<\/p>\n<p>VEJA TAMB\u00c9M<br \/>Quais marcas de azeite tiveram a venda proibida?<\/p>\n<p><!-- CONTENT END 1 -->\n<\/div>\n<\/div>\n<p><script async src=\"\/\/www.instagram.com\/embed.js\"><\/script><br \/>\n<br \/><br \/>\n<br \/><a href=\"https:\/\/www.acidadeon.com\/ribeiraopreto\/economia\/prefeitura-de-ribeirao-aprova-novo-bairro-para-45-mil-moradores-na-zona-leste\/\">Source link <\/a><\/p>\n","protected":false},"excerpt":{"rendered":"<p>A Prefeitura de Ribeir\u00e3o Preto publicou decreto que autoriza um novo bairro para 4,5 mil moradores na zona Leste. O decreto foi publicado no DOM&#8230;<\/p>\n","protected":false},"author":1,"featured_media":69949,"comment_status":"open","ping_status":"open","sticky":false,"template":"","format":"standard","meta":{"advanced_seo_description":"","jetpack_seo_html_title":"","jetpack_seo_noindex":false,"jetpack_post_was_ever_published":false,"_jetpack_newsletter_access":"","_jetpack_dont_email_post_to_subs":false,"_jetpack_newsletter_tier_id":0,"_jetpack_memberships_contains_paywalled_content":false,"_jetpack_memberships_contains_paid_content":false,"footnotes":"","jetpack_publicize_message":"","jetpack_publicize_feature_enabled":true,"jetpack_social_post_already_shared":true,"jetpack_social_options":{"image_generator_settings":{"template":"highway","default_image_id":0,"font":"","enabled":false},"version":2}},"categories":[11],"tags":[],"class_list":["post-69948","post","type-post","status-publish","format-standard","has-post-thumbnail","hentry","category-noticias-de-ribeirao-preto-sp-e-regiao-ismael-colosi"],"jetpack_publicize_connections":[],"jetpack_featured_media_url":"https:\/\/i0.wp.com\/noticiasribeiraopreto.com.br\/wp-content\/uploads\/2025\/05\/jardim-solare_2025-05-21_17-00-32.webp.webp?fit=1065%2C708&ssl=1","jetpack-related-posts":[{"id":57854,"url":"https:\/\/noticiasribeiraopreto.com.br\/index.php\/2024\/09\/12\/prefeitura-aprova-novo-bairro-em-ribeirao-preto-veja-o-local\/","url_meta":{"origin":69948,"position":0},"title":"Prefeitura aprova novo bairro em Ribeir\u00e3o Preto; Veja o local","author":"noticiasribeiraopreto.com.br","date":"12 de September de 2024","format":false,"excerpt":"A Prefeitura de Ribeir\u00e3o Preto publicou na edi\u00e7\u00e3o de quarta-feira (11) do Di\u00e1rio Oficial do Munic\u00edpio decreto que aprova o loteamento Jardim Tropical, pr\u00f3ximo ao Parque das Oliveiras. De acordo com o documento, o novo bairro ter\u00e1 popula\u00e7\u00e3o estimada de 2.435 moradores. O decreto informa que o novo bairro ser\u00e1\u2026","rel":"","context":"In &quot;Not\u00edcias de Ribeir\u00e3o Preto-SP e Regi\u00e3o&quot;","block_context":{"text":"Not\u00edcias de Ribeir\u00e3o Preto-SP e Regi\u00e3o","link":"https:\/\/noticiasribeiraopreto.com.br\/index.php\/category\/noticias-de-ribeirao-preto-sp-e-regiao-ismael-colosi\/"},"img":{"alt_text":"","src":"https:\/\/i0.wp.com\/noticiasribeiraopreto.com.br\/wp-content\/uploads\/2024\/09\/satelite-ribeirao-preto_2024-09-12_12-55-40_jpg_2024-09-12_12-55-41.webp.webp?fit=818%2C625&ssl=1&resize=350%2C200","width":350,"height":200,"srcset":"https:\/\/i0.wp.com\/noticiasribeiraopreto.com.br\/wp-content\/uploads\/2024\/09\/satelite-ribeirao-preto_2024-09-12_12-55-40_jpg_2024-09-12_12-55-41.webp.webp?fit=818%2C625&ssl=1&resize=350%2C200 1x, https:\/\/i0.wp.com\/noticiasribeiraopreto.com.br\/wp-content\/uploads\/2024\/09\/satelite-ribeirao-preto_2024-09-12_12-55-40_jpg_2024-09-12_12-55-41.webp.webp?fit=818%2C625&ssl=1&resize=525%2C300 1.5x, https:\/\/i0.wp.com\/noticiasribeiraopreto.com.br\/wp-content\/uploads\/2024\/09\/satelite-ribeirao-preto_2024-09-12_12-55-40_jpg_2024-09-12_12-55-41.webp.webp?fit=818%2C625&ssl=1&resize=700%2C400 2x"},"classes":[]},{"id":2783,"url":"https:\/\/noticiasribeiraopreto.com.br\/index.php\/2023\/11\/16\/vazio-urbano-em-ribeirao-preto-vai-virar-bairro-com-8-mil-moradores-veja-o-local\/","url_meta":{"origin":69948,"position":1},"title":"Vazio urbano em Ribeir\u00e3o Preto vai virar bairro com 8 mil moradores; Veja o local","author":"noticiasribeiraopreto.com.br","date":"16 de November de 2023","format":false,"excerpt":"A Prefeitura de Ribeir\u00e3o Preto aprovou o loteamento Parque Adria, que ser\u00e1 constru\u00eddo em um terreno na zona Leste da cidade. De acordo com o decreto que libera a constru\u00e7\u00e3o do novo bairro, a popula\u00e7\u00e3o estimada para o empreendimento \u00e9 de 8.157 moradores. O loteamento ocupa uma \u00e1rea na avenida\u2026","rel":"","context":"In &quot;Not\u00edcias de Ribeir\u00e3o Preto-SP e Regi\u00e3o&quot;","block_context":{"text":"Not\u00edcias de Ribeir\u00e3o Preto-SP e Regi\u00e3o","link":"https:\/\/noticiasribeiraopreto.com.br\/index.php\/category\/noticias-de-ribeirao-preto-sp-e-regiao-ismael-colosi\/"},"img":{"alt_text":"","src":"https:\/\/i0.wp.com\/noticiasribeiraopreto.com.br\/wp-content\/uploads\/2023\/11\/avenida-henry-nestle-ribeirao-preto.jpg?fit=1028%2C574&ssl=1&resize=350%2C200","width":350,"height":200,"srcset":"https:\/\/i0.wp.com\/noticiasribeiraopreto.com.br\/wp-content\/uploads\/2023\/11\/avenida-henry-nestle-ribeirao-preto.jpg?fit=1028%2C574&ssl=1&resize=350%2C200 1x, https:\/\/i0.wp.com\/noticiasribeiraopreto.com.br\/wp-content\/uploads\/2023\/11\/avenida-henry-nestle-ribeirao-preto.jpg?fit=1028%2C574&ssl=1&resize=525%2C300 1.5x, https:\/\/i0.wp.com\/noticiasribeiraopreto.com.br\/wp-content\/uploads\/2023\/11\/avenida-henry-nestle-ribeirao-preto.jpg?fit=1028%2C574&ssl=1&resize=700%2C400 2x"},"classes":[]},{"id":40134,"url":"https:\/\/noticiasribeiraopreto.com.br\/index.php\/2024\/03\/01\/prefeitura-aprova-novo-bairro-em-vazio-urbano-de-ribeirao-preto-veja-o-local\/","url_meta":{"origin":69948,"position":2},"title":"Prefeitura aprova novo bairro em vazio urbano de Ribeir\u00e3o Preto; Veja o local","author":"noticiasribeiraopreto.com.br","date":"1 de March de 2024","format":false,"excerpt":"A Prefeitura de Ribeir\u00e3o Preto aprovou a constru\u00e7\u00e3o de um novo bairro em um vazio urbano na regi\u00e3o do Ribeir\u00e3o Verde, na zona Leste. A aprova\u00e7\u00e3o do loteamento Jardim Morada do Verde, foi publicada na edi\u00e7\u00e3o de quinta-feira (29) do Di\u00e1rio Oficial do Munic\u00edpio. De acordo com o documento, o\u2026","rel":"","context":"In &quot;Not\u00edcias de Ribeir\u00e3o Preto-SP e Regi\u00e3o&quot;","block_context":{"text":"Not\u00edcias de Ribeir\u00e3o Preto-SP e Regi\u00e3o","link":"https:\/\/noticiasribeiraopreto.com.br\/index.php\/category\/noticias-de-ribeirao-preto-sp-e-regiao-ismael-colosi\/"},"img":{"alt_text":"","src":"https:\/\/i0.wp.com\/noticiasribeiraopreto.com.br\/wp-content\/uploads\/2024\/03\/AnyConv.com__ribeirao-preto.webp.webp?fit=870%2C704&ssl=1&resize=350%2C200","width":350,"height":200,"srcset":"https:\/\/i0.wp.com\/noticiasribeiraopreto.com.br\/wp-content\/uploads\/2024\/03\/AnyConv.com__ribeirao-preto.webp.webp?fit=870%2C704&ssl=1&resize=350%2C200 1x, https:\/\/i0.wp.com\/noticiasribeiraopreto.com.br\/wp-content\/uploads\/2024\/03\/AnyConv.com__ribeirao-preto.webp.webp?fit=870%2C704&ssl=1&resize=525%2C300 1.5x, https:\/\/i0.wp.com\/noticiasribeiraopreto.com.br\/wp-content\/uploads\/2024\/03\/AnyConv.com__ribeirao-preto.webp.webp?fit=870%2C704&ssl=1&resize=700%2C400 2x"},"classes":[]},{"id":71482,"url":"https:\/\/noticiasribeiraopreto.com.br\/index.php\/2025\/06\/06\/novo-bairro-e-aprovado-em-ribeirao-preto-projeto-preve-duplicacao-de-avenida\/","url_meta":{"origin":69948,"position":3},"title":"Novo bairro \u00e9 aprovado em Ribeir\u00e3o Preto; projeto prev\u00ea duplica\u00e7\u00e3o de avenida","author":"noticiasribeiraopreto.com.br","date":"6 de June de 2025","format":false,"excerpt":"O prefeito de Ribeir\u00e3o Preto, Ricardo Silva (PSD), aprovou um novo bairro na zona Leste, com estimativa de receber at\u00e9 2.540 moradores. O loteamento Nova It\u00e1lia ficar\u00e1 em frente \u00e0 avenida Alfredo Ravanelli, no subsetor Leste 11. De acordo com o decreto publicado no Di\u00e1rio Oficial do Munic\u00edpio na \u00faltima\u2026","rel":"","context":"In &quot;Not\u00edcias de Ribeir\u00e3o Preto-SP e Regi\u00e3o&quot;","block_context":{"text":"Not\u00edcias de Ribeir\u00e3o Preto-SP e Regi\u00e3o","link":"https:\/\/noticiasribeiraopreto.com.br\/index.php\/category\/noticias-de-ribeirao-preto-sp-e-regiao-ismael-colosi\/"},"img":{"alt_text":"","src":"https:\/\/i0.wp.com\/noticiasribeiraopreto.com.br\/wp-content\/uploads\/2025\/06\/alfredo-ravanelli_2025-06-06_13-31-18.webp.webp?fit=1097%2C605&ssl=1&resize=350%2C200","width":350,"height":200,"srcset":"https:\/\/i0.wp.com\/noticiasribeiraopreto.com.br\/wp-content\/uploads\/2025\/06\/alfredo-ravanelli_2025-06-06_13-31-18.webp.webp?fit=1097%2C605&ssl=1&resize=350%2C200 1x, https:\/\/i0.wp.com\/noticiasribeiraopreto.com.br\/wp-content\/uploads\/2025\/06\/alfredo-ravanelli_2025-06-06_13-31-18.webp.webp?fit=1097%2C605&ssl=1&resize=525%2C300 1.5x, https:\/\/i0.wp.com\/noticiasribeiraopreto.com.br\/wp-content\/uploads\/2025\/06\/alfredo-ravanelli_2025-06-06_13-31-18.webp.webp?fit=1097%2C605&ssl=1&resize=700%2C400 2x, https:\/\/i0.wp.com\/noticiasribeiraopreto.com.br\/wp-content\/uploads\/2025\/06\/alfredo-ravanelli_2025-06-06_13-31-18.webp.webp?fit=1097%2C605&ssl=1&resize=1050%2C600 3x"},"classes":[]},{"id":48217,"url":"https:\/\/noticiasribeiraopreto.com.br\/index.php\/2024\/05\/01\/prefeitura-de-ribeirao-preto-aprova-loteamento-no-distrito-de-bonfim-paulista\/","url_meta":{"origin":69948,"position":4},"title":"Prefeitura de Ribeir\u00e3o Preto aprova loteamento no distrito de Bonfim Paulista","author":"noticiasribeiraopreto.com.br","date":"1 de May de 2024","format":false,"excerpt":"A Prefeitura de Ribeir\u00e3o Preto aprovou a constru\u00e7\u00e3o do loteamento Reserva Romana, no distrito de Bonfim Paulista. O empreendimento ter\u00e1 122,6 mil metros quadrados, dividido em 13 lotes de uso misto, com popula\u00e7\u00e3o estimada de 7.480 moradores. O novo bairro vai ficar na rua Lilian Silvana Perilli de P\u00e1dua, pr\u00f3ximo\u2026","rel":"","context":"In &quot;Not\u00edcias de Ribeir\u00e3o Preto-SP e Regi\u00e3o&quot;","block_context":{"text":"Not\u00edcias de Ribeir\u00e3o Preto-SP e Regi\u00e3o","link":"https:\/\/noticiasribeiraopreto.com.br\/index.php\/category\/noticias-de-ribeirao-preto-sp-e-regiao-ismael-colosi\/"},"img":{"alt_text":"","src":"https:\/\/i0.wp.com\/noticiasribeiraopreto.com.br\/wp-content\/uploads\/2024\/05\/AnyConv.com__loteamento-ribeirao-preto.webp.webp?fit=794%2C678&ssl=1&resize=350%2C200","width":350,"height":200,"srcset":"https:\/\/i0.wp.com\/noticiasribeiraopreto.com.br\/wp-content\/uploads\/2024\/05\/AnyConv.com__loteamento-ribeirao-preto.webp.webp?fit=794%2C678&ssl=1&resize=350%2C200 1x, https:\/\/i0.wp.com\/noticiasribeiraopreto.com.br\/wp-content\/uploads\/2024\/05\/AnyConv.com__loteamento-ribeirao-preto.webp.webp?fit=794%2C678&ssl=1&resize=525%2C300 1.5x, https:\/\/i0.wp.com\/noticiasribeiraopreto.com.br\/wp-content\/uploads\/2024\/05\/AnyConv.com__loteamento-ribeirao-preto.webp.webp?fit=794%2C678&ssl=1&resize=700%2C400 2x"},"classes":[]},{"id":70084,"url":"https:\/\/noticiasribeiraopreto.com.br\/index.php\/2025\/05\/22\/cidade-a-150-km-de-ribeirao-preto-anuncia-resort-com-investimento-bilionario\/","url_meta":{"origin":69948,"position":5},"title":"Cidade a 150 km de Ribeir\u00e3o Preto anuncia resort com investimento bilion\u00e1rio","author":"noticiasribeiraopreto.com.br","date":"22 de May de 2025","format":false,"excerpt":"A cidade de C\u00e1ssia-MG, localizada a 150 quil\u00f4metros de Ribeir\u00e3o Preto, anunciou a constru\u00e7\u00e3o de um resort com investimento de R$ 1,2 bilh\u00e3o. A primeira fase do Canastra Eko Resort, na regi\u00e3o da Serra da Canastra, deve ficar pronta em 2028. O complexo ecol\u00f3gico tur\u00edstico ficar\u00e1 \u00e0s margens do Rio\u2026","rel":"","context":"In &quot;Not\u00edcias de Ribeir\u00e3o Preto-SP e Regi\u00e3o&quot;","block_context":{"text":"Not\u00edcias de Ribeir\u00e3o Preto-SP e Regi\u00e3o","link":"https:\/\/noticiasribeiraopreto.com.br\/index.php\/category\/noticias-de-ribeirao-preto-sp-e-regiao-ismael-colosi\/"},"img":{"alt_text":"","src":"https:\/\/i0.wp.com\/noticiasribeiraopreto.com.br\/wp-content\/uploads\/2025\/05\/cassia_2025-05-22_15-39-21.webp.webp?fit=1200%2C759&ssl=1&resize=350%2C200","width":350,"height":200,"srcset":"https:\/\/i0.wp.com\/noticiasribeiraopreto.com.br\/wp-content\/uploads\/2025\/05\/cassia_2025-05-22_15-39-21.webp.webp?fit=1200%2C759&ssl=1&resize=350%2C200 1x, https:\/\/i0.wp.com\/noticiasribeiraopreto.com.br\/wp-content\/uploads\/2025\/05\/cassia_2025-05-22_15-39-21.webp.webp?fit=1200%2C759&ssl=1&resize=525%2C300 1.5x, https:\/\/i0.wp.com\/noticiasribeiraopreto.com.br\/wp-content\/uploads\/2025\/05\/cassia_2025-05-22_15-39-21.webp.webp?fit=1200%2C759&ssl=1&resize=700%2C400 2x, https:\/\/i0.wp.com\/noticiasribeiraopreto.com.br\/wp-content\/uploads\/2025\/05\/cassia_2025-05-22_15-39-21.webp.webp?fit=1200%2C759&ssl=1&resize=1050%2C600 3x"},"classes":[]}],"jetpack_sharing_enabled":true,"jetpack_shortlink":"https:\/\/wp.me\/peQAOb-icc","_links":{"self":[{"href":"https:\/\/noticiasribeiraopreto.com.br\/index.php\/wp-json\/wp\/v2\/posts\/69948","targetHints":{"allow":["GET"]}}],"collection":[{"href":"https:\/\/noticiasribeiraopreto.com.br\/index.php\/wp-json\/wp\/v2\/posts"}],"about":[{"href":"https:\/\/noticiasribeiraopreto.com.br\/index.php\/wp-json\/wp\/v2\/types\/post"}],"author":[{"embeddable":true,"href":"https:\/\/noticiasribeiraopreto.com.br\/index.php\/wp-json\/wp\/v2\/users\/1"}],"replies":[{"embeddable":true,"href":"https:\/\/noticiasribeiraopreto.com.br\/index.php\/wp-json\/wp\/v2\/comments?post=69948"}],"version-history":[{"count":0,"href":"https:\/\/noticiasribeiraopreto.com.br\/index.php\/wp-json\/wp\/v2\/posts\/69948\/revisions"}],"wp:featuredmedia":[{"embeddable":true,"href":"https:\/\/noticiasribeiraopreto.com.br\/index.php\/wp-json\/wp\/v2\/media\/69949"}],"wp:attachment":[{"href":"https:\/\/noticiasribeiraopreto.com.br\/index.php\/wp-json\/wp\/v2\/media?parent=69948"}],"wp:term":[{"taxonomy":"category","embeddable":true,"href":"https:\/\/noticiasribeiraopreto.com.br\/index.php\/wp-json\/wp\/v2\/categories?post=69948"},{"taxonomy":"post_tag","embeddable":true,"href":"https:\/\/noticiasribeiraopreto.com.br\/index.php\/wp-json\/wp\/v2\/tags?post=69948"}],"curies":[{"name":"wp","href":"https:\/\/api.w.org\/{rel}","templated":true}]}}